{"id":24156,"date":"2024-01-17T09:05:49","date_gmt":"2024-01-17T08:05:49","guid":{"rendered":"https:\/\/www.caudete.org\/ayuntamiento\/?p=24156"},"modified":"2024-01-17T09:05:49","modified_gmt":"2024-01-17T08:05:49","slug":"ayuntamiento-y-diputacion-invierten-15-000e-para-eliminar-humedades-y-sellar-grietas-en-la-torre-de-santa-catalina","status":"publish","type":"post","link":"https:\/\/www.caudete.org\/ayuntamiento\/ayuntamiento-y-diputacion-invierten-15-000e-para-eliminar-humedades-y-sellar-grietas-en-la-torre-de-santa-catalina\/","title":{"rendered":"Ayuntamiento y Diputaci\u00f3n invierten 15.000\u20ac para eliminar humedades y sellar grietas en la Torre de Santa Catalina"},"content":{"rendered":"<p style=\"text-align: justify;\">El Concejal de Patrimonio Hist\u00f3rico Diego Cuenca informaba de la finalizaci\u00f3n de los trabajos proyectados en la Torre de Santa Catalina, que con una inversi\u00f3n de 15.000\u20ac, y cofinanciados al 50% entre el Ayuntamiento y la Diputaci\u00f3n se han llevado a cabo dentro del programa de Ayudas a la Rehabilitaci\u00f3n del Patrimonio Hist\u00f3rico.<\/p>\n<p style=\"text-align: justify;\">La actuaci\u00f3n, llevada a cabo por la empresa Signia Soluciones, S.L. y dirigidas por Joaqu\u00edn F. Garc\u00eda S\u00e1ez, se centr\u00f3 en la supresi\u00f3n de las humedades por filtraci\u00f3n de agua de lluvia localizadas principalmente en las g\u00e1rgolas ubicadas en cada una de las caras de la torre, as\u00ed como en el alero de la misma, en el tramo de coronaci\u00f3n de dicha Torre. Completaba la intervenci\u00f3n el sellado de grietas y fisuras localizadas en las nervaduras de la sala del reloj y acceso a sala de campanas, y que suponen el apoyo de dicho recept\u00e1culo. Todo ello, contando con las autorizaciones pertinentes de la autoridad competente en materia de patrimonio de la JCCM.<\/p>\n<p style=\"text-align: justify;\">Destacaba el Edil el compromiso del Gobierno Municipal con el patrimonio local, materializado en la actuaci\u00f3n expuesta, as\u00ed como en las realizadas a\u00f1os anteriores con diferentes l\u00edneas de ayudas, como son la rehabilitaci\u00f3n de cubierta y filtraciones en el Santuario de Nuestra Se\u00f1ora de Gracia (2022-2023), la consolidaci\u00f3n de restos en la Torre de Bogarra (2022-2023), la rehabilitaci\u00f3n del entrevigado en el Claustro del Convento de San Jos\u00e9 (2022), la recuperaci\u00f3n y puesta en valor del Molino de San Ant\u00f3n (2019-2023), entre otros muchos espacios (Casa Rodes, Plaza de Toros, Lavadero de San Ant\u00f3n, etc) las actuaciones arqueol\u00f3gicas en el Castillo (2022, 2021, 2020, 2019), en El Real (2021), en Santa Ana (2020), en Capuchinos (2019), etc.<\/p>\n<p style=\"text-align: justify;\">Adem\u00e1s, la actuaci\u00f3n ahora realizada matizaba que era un compromiso adquirido en 2020, plasmado en programa electoral y de urgente necesidad para evitar da\u00f1os mayores en un elemento constructivo, hist\u00f3rico y patrimonial que adem\u00e1s es se\u00f1a de identidad de nuestro municipio.<\/p>\n","protected":false},"excerpt":{"rendered":"<p>El Concejal de Patrimonio Hist\u00f3rico Diego Cuenca informaba de la finalizaci\u00f3n de los trabajos proyectados en la Torre de Santa Catalina, que con una inversi\u00f3n de 15.000\u20ac, y cofinanciados al 50% entre el Ayuntamiento y la Diputaci\u00f3n se han llevado a cabo dentro del programa de Ayudas a la Rehabilitaci\u00f3n del Patrimonio Hist\u00f3rico. La actuaci\u00f3n, &hellip;<\/p>\n","protected":false},"author":3,"featured_media":17680,"comment_status":"closed","ping_status":"open","sticky":false,"template":"","format":"standard","meta":{"ngg_post_thumbnail":0,"footnotes":""},"categories":[45],"tags":[],"class_list":["post-24156","post","type-post","status-publish","format-standard","has-post-thumbnail","hentry","category-patrimonio"],"yoast_head":"<!-- This site is optimized with the Yoast SEO plugin v27.5 - https:\/\/yoast.com\/product\/yoast-seo-wordpress\/ -->\n<title>Ayuntamiento y Diputaci\u00f3n invierten 15.000\u20ac para eliminar humedades y sellar grietas en la Torre de Santa Catalina - MI Ayuntamiento de Caudete<\/title>\n<meta name=\"description\" content=\"P\u00e1gina Oficial del Ayuntamiento de Caudete (Albacete)\" \/>\n<meta name=\"robots\" content=\"index, follow, max-snippet:-1, max-image-preview:large, max-video-preview:-1\" \/>\n<link rel=\"canonical\" href=\"https:\/\/www.caudete.org\/ayuntamiento\/ayuntamiento-y-diputacion-invierten-15-000e-para-eliminar-humedades-y-sellar-grietas-en-la-torre-de-santa-catalina\/\" \/>\n<meta property=\"og:locale\" content=\"es_ES\" \/>\n<meta property=\"og:type\" content=\"article\" \/>\n<meta property=\"og:title\" content=\"Ayuntamiento y Diputaci\u00f3n invierten 15.000\u20ac para eliminar humedades y sellar grietas en la Torre de Santa Catalina - MI Ayuntamiento de Caudete\" \/>\n<meta property=\"og:description\" content=\"P\u00e1gina Oficial del Ayuntamiento de Caudete (Albacete)\" \/>\n<meta property=\"og:url\" content=\"https:\/\/www.caudete.org\/ayuntamiento\/ayuntamiento-y-diputacion-invierten-15-000e-para-eliminar-humedades-y-sellar-grietas-en-la-torre-de-santa-catalina\/\" \/>\n<meta property=\"og:site_name\" content=\"MI Ayuntamiento de Caudete\" \/>\n<meta property=\"article:publisher\" content=\"https:\/\/www.facebook.com\/ayuntamientocaudete\/\" \/>\n<meta property=\"article:published_time\" content=\"2024-01-17T08:05:49+00:00\" \/>\n<meta property=\"og:image\" content=\"https:\/\/www.caudete.org\/ayuntamiento\/wp-content\/uploads\/2021\/12\/torre-reloj.png\" \/>\n\t<meta property=\"og:image:width\" content=\"1309\" \/>\n\t<meta property=\"og:image:height\" content=\"720\" \/>\n\t<meta property=\"og:image:type\" content=\"image\/png\" \/>\n<meta name=\"author\" content=\"alcalde\" \/>\n<meta name=\"twitter:card\" content=\"summary_large_image\" \/>\n<meta name=\"twitter:label1\" content=\"Escrito por\" \/>\n\t<meta name=\"twitter:data1\" content=\"alcalde\" \/>\n\t<meta name=\"twitter:label2\" content=\"Tiempo de lectura\" \/>\n\t<meta name=\"twitter:data2\" content=\"2 minutos\" \/>\n<script type=\"application\/ld+json\" class=\"yoast-schema-graph\">{\"@context\":\"https:\\\/\\\/schema.org\",\"@graph\":[{\"@type\":\"Article\",\"@id\":\"https:\\\/\\\/www.caudete.org\\\/ayuntamiento\\\/ayuntamiento-y-diputacion-invierten-15-000e-para-eliminar-humedades-y-sellar-grietas-en-la-torre-de-santa-catalina\\\/#article\",\"isPartOf\":{\"@id\":\"https:\\\/\\\/www.caudete.org\\\/ayuntamiento\\\/ayuntamiento-y-diputacion-invierten-15-000e-para-eliminar-humedades-y-sellar-grietas-en-la-torre-de-santa-catalina\\\/\"},\"author\":{\"name\":\"alcalde\",\"@id\":\"https:\\\/\\\/www.caudete.org\\\/ayuntamiento\\\/#\\\/schema\\\/person\\\/cc646da9133078ee4d8dd47457947253\"},\"headline\":\"Ayuntamiento y Diputaci\u00f3n invierten 15.000\u20ac para eliminar humedades y sellar grietas en la Torre de Santa Catalina\",\"datePublished\":\"2024-01-17T08:05:49+00:00\",\"mainEntityOfPage\":{\"@id\":\"https:\\\/\\\/www.caudete.org\\\/ayuntamiento\\\/ayuntamiento-y-diputacion-invierten-15-000e-para-eliminar-humedades-y-sellar-grietas-en-la-torre-de-santa-catalina\\\/\"},\"wordCount\":364,\"image\":{\"@id\":\"https:\\\/\\\/www.caudete.org\\\/ayuntamiento\\\/ayuntamiento-y-diputacion-invierten-15-000e-para-eliminar-humedades-y-sellar-grietas-en-la-torre-de-santa-catalina\\\/#primaryimage\"},\"thumbnailUrl\":\"https:\\\/\\\/www.caudete.org\\\/ayuntamiento\\\/wp-content\\\/uploads\\\/2021\\\/12\\\/torre-reloj.png\",\"articleSection\":[\"Patrimonio\"],\"inLanguage\":\"es\"},{\"@type\":\"WebPage\",\"@id\":\"https:\\\/\\\/www.caudete.org\\\/ayuntamiento\\\/ayuntamiento-y-diputacion-invierten-15-000e-para-eliminar-humedades-y-sellar-grietas-en-la-torre-de-santa-catalina\\\/\",\"url\":\"https:\\\/\\\/www.caudete.org\\\/ayuntamiento\\\/ayuntamiento-y-diputacion-invierten-15-000e-para-eliminar-humedades-y-sellar-grietas-en-la-torre-de-santa-catalina\\\/\",\"name\":\"Ayuntamiento y Diputaci\u00f3n invierten 15.000\u20ac para eliminar humedades y sellar grietas en la Torre de Santa Catalina - MI Ayuntamiento de Caudete\",\"isPartOf\":{\"@id\":\"https:\\\/\\\/www.caudete.org\\\/ayuntamiento\\\/#website\"},\"primaryImageOfPage\":{\"@id\":\"https:\\\/\\\/www.caudete.org\\\/ayuntamiento\\\/ayuntamiento-y-diputacion-invierten-15-000e-para-eliminar-humedades-y-sellar-grietas-en-la-torre-de-santa-catalina\\\/#primaryimage\"},\"image\":{\"@id\":\"https:\\\/\\\/www.caudete.org\\\/ayuntamiento\\\/ayuntamiento-y-diputacion-invierten-15-000e-para-eliminar-humedades-y-sellar-grietas-en-la-torre-de-santa-catalina\\\/#primaryimage\"},\"thumbnailUrl\":\"https:\\\/\\\/www.caudete.org\\\/ayuntamiento\\\/wp-content\\\/uploads\\\/2021\\\/12\\\/torre-reloj.png\",\"datePublished\":\"2024-01-17T08:05:49+00:00\",\"author\":{\"@id\":\"https:\\\/\\\/www.caudete.org\\\/ayuntamiento\\\/#\\\/schema\\\/person\\\/cc646da9133078ee4d8dd47457947253\"},\"description\":\"P\u00e1gina Oficial del Ayuntamiento de Caudete (Albacete)\",\"breadcrumb\":{\"@id\":\"https:\\\/\\\/www.caudete.org\\\/ayuntamiento\\\/ayuntamiento-y-diputacion-invierten-15-000e-para-eliminar-humedades-y-sellar-grietas-en-la-torre-de-santa-catalina\\\/#breadcrumb\"},\"inLanguage\":\"es\",\"potentialAction\":[{\"@type\":\"ReadAction\",\"target\":[\"https:\\\/\\\/www.caudete.org\\\/ayuntamiento\\\/ayuntamiento-y-diputacion-invierten-15-000e-para-eliminar-humedades-y-sellar-grietas-en-la-torre-de-santa-catalina\\\/\"]}]},{\"@type\":\"ImageObject\",\"inLanguage\":\"es\",\"@id\":\"https:\\\/\\\/www.caudete.org\\\/ayuntamiento\\\/ayuntamiento-y-diputacion-invierten-15-000e-para-eliminar-humedades-y-sellar-grietas-en-la-torre-de-santa-catalina\\\/#primaryimage\",\"url\":\"https:\\\/\\\/www.caudete.org\\\/ayuntamiento\\\/wp-content\\\/uploads\\\/2021\\\/12\\\/torre-reloj.png\",\"contentUrl\":\"https:\\\/\\\/www.caudete.org\\\/ayuntamiento\\\/wp-content\\\/uploads\\\/2021\\\/12\\\/torre-reloj.png\",\"width\":1309,\"height\":720},{\"@type\":\"BreadcrumbList\",\"@id\":\"https:\\\/\\\/www.caudete.org\\\/ayuntamiento\\\/ayuntamiento-y-diputacion-invierten-15-000e-para-eliminar-humedades-y-sellar-grietas-en-la-torre-de-santa-catalina\\\/#breadcrumb\",\"itemListElement\":[{\"@type\":\"ListItem\",\"position\":1,\"name\":\"Inicio\",\"item\":\"https:\\\/\\\/www.caudete.org\\\/ayuntamiento\\\/\"},{\"@type\":\"ListItem\",\"position\":2,\"name\":\"Ayuntamiento y Diputaci\u00f3n invierten 15.000\u20ac para eliminar humedades y sellar grietas en la Torre de Santa Catalina\"}]},{\"@type\":\"WebSite\",\"@id\":\"https:\\\/\\\/www.caudete.org\\\/ayuntamiento\\\/#website\",\"url\":\"https:\\\/\\\/www.caudete.org\\\/ayuntamiento\\\/\",\"name\":\"MI Ayuntamiento de Caudete\",\"description\":\"P\u00e1gina Oficial del MI Ayuntamiento de Caudete\",\"potentialAction\":[{\"@type\":\"SearchAction\",\"target\":{\"@type\":\"EntryPoint\",\"urlTemplate\":\"https:\\\/\\\/www.caudete.org\\\/ayuntamiento\\\/?s={search_term_string}\"},\"query-input\":{\"@type\":\"PropertyValueSpecification\",\"valueRequired\":true,\"valueName\":\"search_term_string\"}}],\"inLanguage\":\"es\"},{\"@type\":\"Person\",\"@id\":\"https:\\\/\\\/www.caudete.org\\\/ayuntamiento\\\/#\\\/schema\\\/person\\\/cc646da9133078ee4d8dd47457947253\",\"name\":\"alcalde\",\"image\":{\"@type\":\"ImageObject\",\"inLanguage\":\"es\",\"@id\":\"https:\\\/\\\/secure.gravatar.com\\\/avatar\\\/84a817ba065b29ff08d666b215a215f5c79186a645ccb25b14a663d48a130f77?s=96&d=mm&r=g\",\"url\":\"https:\\\/\\\/secure.gravatar.com\\\/avatar\\\/84a817ba065b29ff08d666b215a215f5c79186a645ccb25b14a663d48a130f77?s=96&d=mm&r=g\",\"contentUrl\":\"https:\\\/\\\/secure.gravatar.com\\\/avatar\\\/84a817ba065b29ff08d666b215a215f5c79186a645ccb25b14a663d48a130f77?s=96&d=mm&r=g\",\"caption\":\"alcalde\"},\"url\":\"https:\\\/\\\/www.caudete.org\\\/ayuntamiento\\\/author\\\/alcalde\\\/\"}]}<\/script>\n<!-- \/ Yoast SEO plugin. -->","yoast_head_json":{"title":"Ayuntamiento y Diputaci\u00f3n invierten 15.000\u20ac para eliminar humedades y sellar grietas en la Torre de Santa Catalina - MI Ayuntamiento de Caudete","description":"P\u00e1gina Oficial del Ayuntamiento de Caudete (Albacete)","robots":{"index":"index","follow":"follow","max-snippet":"max-snippet:-1","max-image-preview":"max-image-preview:large","max-video-preview":"max-video-preview:-1"},"canonical":"https:\/\/www.caudete.org\/ayuntamiento\/ayuntamiento-y-diputacion-invierten-15-000e-para-eliminar-humedades-y-sellar-grietas-en-la-torre-de-santa-catalina\/","og_locale":"es_ES","og_type":"article","og_title":"Ayuntamiento y Diputaci\u00f3n invierten 15.000\u20ac para eliminar humedades y sellar grietas en la Torre de Santa Catalina - MI Ayuntamiento de Caudete","og_description":"P\u00e1gina Oficial del Ayuntamiento de Caudete (Albacete)","og_url":"https:\/\/www.caudete.org\/ayuntamiento\/ayuntamiento-y-diputacion-invierten-15-000e-para-eliminar-humedades-y-sellar-grietas-en-la-torre-de-santa-catalina\/","og_site_name":"MI Ayuntamiento de Caudete","article_publisher":"https:\/\/www.facebook.com\/ayuntamientocaudete\/","article_published_time":"2024-01-17T08:05:49+00:00","og_image":[{"width":1309,"height":720,"url":"https:\/\/www.caudete.org\/ayuntamiento\/wp-content\/uploads\/2021\/12\/torre-reloj.png","type":"image\/png"}],"author":"alcalde","twitter_card":"summary_large_image","twitter_misc":{"Escrito por":"alcalde","Tiempo de lectura":"2 minutos"},"schema":{"@context":"https:\/\/schema.org","@graph":[{"@type":"Article","@id":"https:\/\/www.caudete.org\/ayuntamiento\/ayuntamiento-y-diputacion-invierten-15-000e-para-eliminar-humedades-y-sellar-grietas-en-la-torre-de-santa-catalina\/#article","isPartOf":{"@id":"https:\/\/www.caudete.org\/ayuntamiento\/ayuntamiento-y-diputacion-invierten-15-000e-para-eliminar-humedades-y-sellar-grietas-en-la-torre-de-santa-catalina\/"},"author":{"name":"alcalde","@id":"https:\/\/www.caudete.org\/ayuntamiento\/#\/schema\/person\/cc646da9133078ee4d8dd47457947253"},"headline":"Ayuntamiento y Diputaci\u00f3n invierten 15.000\u20ac para eliminar humedades y sellar grietas en la Torre de Santa Catalina","datePublished":"2024-01-17T08:05:49+00:00","mainEntityOfPage":{"@id":"https:\/\/www.caudete.org\/ayuntamiento\/ayuntamiento-y-diputacion-invierten-15-000e-para-eliminar-humedades-y-sellar-grietas-en-la-torre-de-santa-catalina\/"},"wordCount":364,"image":{"@id":"https:\/\/www.caudete.org\/ayuntamiento\/ayuntamiento-y-diputacion-invierten-15-000e-para-eliminar-humedades-y-sellar-grietas-en-la-torre-de-santa-catalina\/#primaryimage"},"thumbnailUrl":"https:\/\/www.caudete.org\/ayuntamiento\/wp-content\/uploads\/2021\/12\/torre-reloj.png","articleSection":["Patrimonio"],"inLanguage":"es"},{"@type":"WebPage","@id":"https:\/\/www.caudete.org\/ayuntamiento\/ayuntamiento-y-diputacion-invierten-15-000e-para-eliminar-humedades-y-sellar-grietas-en-la-torre-de-santa-catalina\/","url":"https:\/\/www.caudete.org\/ayuntamiento\/ayuntamiento-y-diputacion-invierten-15-000e-para-eliminar-humedades-y-sellar-grietas-en-la-torre-de-santa-catalina\/","name":"Ayuntamiento y Diputaci\u00f3n invierten 15.000\u20ac para eliminar humedades y sellar grietas en la Torre de Santa Catalina - MI Ayuntamiento de Caudete","isPartOf":{"@id":"https:\/\/www.caudete.org\/ayuntamiento\/#website"},"primaryImageOfPage":{"@id":"https:\/\/www.caudete.org\/ayuntamiento\/ayuntamiento-y-diputacion-invierten-15-000e-para-eliminar-humedades-y-sellar-grietas-en-la-torre-de-santa-catalina\/#primaryimage"},"image":{"@id":"https:\/\/www.caudete.org\/ayuntamiento\/ayuntamiento-y-diputacion-invierten-15-000e-para-eliminar-humedades-y-sellar-grietas-en-la-torre-de-santa-catalina\/#primaryimage"},"thumbnailUrl":"https:\/\/www.caudete.org\/ayuntamiento\/wp-content\/uploads\/2021\/12\/torre-reloj.png","datePublished":"2024-01-17T08:05:49+00:00","author":{"@id":"https:\/\/www.caudete.org\/ayuntamiento\/#\/schema\/person\/cc646da9133078ee4d8dd47457947253"},"description":"P\u00e1gina Oficial del Ayuntamiento de Caudete (Albacete)","breadcrumb":{"@id":"https:\/\/www.caudete.org\/ayuntamiento\/ayuntamiento-y-diputacion-invierten-15-000e-para-eliminar-humedades-y-sellar-grietas-en-la-torre-de-santa-catalina\/#breadcrumb"},"inLanguage":"es","potentialAction":[{"@type":"ReadAction","target":["https:\/\/www.caudete.org\/ayuntamiento\/ayuntamiento-y-diputacion-invierten-15-000e-para-eliminar-humedades-y-sellar-grietas-en-la-torre-de-santa-catalina\/"]}]},{"@type":"ImageObject","inLanguage":"es","@id":"https:\/\/www.caudete.org\/ayuntamiento\/ayuntamiento-y-diputacion-invierten-15-000e-para-eliminar-humedades-y-sellar-grietas-en-la-torre-de-santa-catalina\/#primaryimage","url":"https:\/\/www.caudete.org\/ayuntamiento\/wp-content\/uploads\/2021\/12\/torre-reloj.png","contentUrl":"https:\/\/www.caudete.org\/ayuntamiento\/wp-content\/uploads\/2021\/12\/torre-reloj.png","width":1309,"height":720},{"@type":"BreadcrumbList","@id":"https:\/\/www.caudete.org\/ayuntamiento\/ayuntamiento-y-diputacion-invierten-15-000e-para-eliminar-humedades-y-sellar-grietas-en-la-torre-de-santa-catalina\/#breadcrumb","itemListElement":[{"@type":"ListItem","position":1,"name":"Inicio","item":"https:\/\/www.caudete.org\/ayuntamiento\/"},{"@type":"ListItem","position":2,"name":"Ayuntamiento y Diputaci\u00f3n invierten 15.000\u20ac para eliminar humedades y sellar grietas en la Torre de Santa Catalina"}]},{"@type":"WebSite","@id":"https:\/\/www.caudete.org\/ayuntamiento\/#website","url":"https:\/\/www.caudete.org\/ayuntamiento\/","name":"MI Ayuntamiento de Caudete","description":"P\u00e1gina Oficial del MI Ayuntamiento de Caudete","potentialAction":[{"@type":"SearchAction","target":{"@type":"EntryPoint","urlTemplate":"https:\/\/www.caudete.org\/ayuntamiento\/?s={search_term_string}"},"query-input":{"@type":"PropertyValueSpecification","valueRequired":true,"valueName":"search_term_string"}}],"inLanguage":"es"},{"@type":"Person","@id":"https:\/\/www.caudete.org\/ayuntamiento\/#\/schema\/person\/cc646da9133078ee4d8dd47457947253","name":"alcalde","image":{"@type":"ImageObject","inLanguage":"es","@id":"https:\/\/secure.gravatar.com\/avatar\/84a817ba065b29ff08d666b215a215f5c79186a645ccb25b14a663d48a130f77?s=96&d=mm&r=g","url":"https:\/\/secure.gravatar.com\/avatar\/84a817ba065b29ff08d666b215a215f5c79186a645ccb25b14a663d48a130f77?s=96&d=mm&r=g","contentUrl":"https:\/\/secure.gravatar.com\/avatar\/84a817ba065b29ff08d666b215a215f5c79186a645ccb25b14a663d48a130f77?s=96&d=mm&r=g","caption":"alcalde"},"url":"https:\/\/www.caudete.org\/ayuntamiento\/author\/alcalde\/"}]}},"_links":{"self":[{"href":"https:\/\/www.caudete.org\/ayuntamiento\/wp-json\/wp\/v2\/posts\/24156","targetHints":{"allow":["GET"]}}],"collection":[{"href":"https:\/\/www.caudete.org\/ayuntamiento\/wp-json\/wp\/v2\/posts"}],"about":[{"href":"https:\/\/www.caudete.org\/ayuntamiento\/wp-json\/wp\/v2\/types\/post"}],"author":[{"embeddable":true,"href":"https:\/\/www.caudete.org\/ayuntamiento\/wp-json\/wp\/v2\/users\/3"}],"replies":[{"embeddable":true,"href":"https:\/\/www.caudete.org\/ayuntamiento\/wp-json\/wp\/v2\/comments?post=24156"}],"version-history":[{"count":1,"href":"https:\/\/www.caudete.org\/ayuntamiento\/wp-json\/wp\/v2\/posts\/24156\/revisions"}],"predecessor-version":[{"id":24157,"href":"https:\/\/www.caudete.org\/ayuntamiento\/wp-json\/wp\/v2\/posts\/24156\/revisions\/24157"}],"wp:featuredmedia":[{"embeddable":true,"href":"https:\/\/www.caudete.org\/ayuntamiento\/wp-json\/wp\/v2\/media\/17680"}],"wp:attachment":[{"href":"https:\/\/www.caudete.org\/ayuntamiento\/wp-json\/wp\/v2\/media?parent=24156"}],"wp:term":[{"taxonomy":"category","embeddable":true,"href":"https:\/\/www.caudete.org\/ayuntamiento\/wp-json\/wp\/v2\/categories?post=24156"},{"taxonomy":"post_tag","embeddable":true,"href":"https:\/\/www.caudete.org\/ayuntamiento\/wp-json\/wp\/v2\/tags?post=24156"}],"curies":[{"name":"wp","href":"https:\/\/api.w.org\/{rel}","templated":true}]}}