{"id":24158,"date":"2024-01-17T09:21:42","date_gmt":"2024-01-17T08:21:42","guid":{"rendered":"https:\/\/www.caudete.org\/ayuntamiento\/?p=24158"},"modified":"2024-01-17T10:14:13","modified_gmt":"2024-01-17T09:14:13","slug":"24158-2","status":"publish","type":"post","link":"https:\/\/www.caudete.org\/ayuntamiento\/24158-2\/","title":{"rendered":"Nuevo proyecto de formaci\u00f3n y empleo durante 15 meses para j\u00f3venes de 16 a 29 a\u00f1os"},"content":{"rendered":"<p><a href=\"https:\/\/www.caudete.org\/ayuntamiento\/wp-content\/uploads\/2024\/01\/WhatsApp-Image-2024-01-11-at-19.56.02-1.jpeg\" rel='prettyPhoto'><img fetchpriority=\"high\" decoding=\"async\" class=\"alignnone wp-image-24147 size-full\" src=\"https:\/\/www.caudete.org\/ayuntamiento\/wp-content\/uploads\/2024\/01\/WhatsApp-Image-2024-01-11-at-19.56.02-1.jpeg\" alt=\"\" width=\"1080\" height=\"1080\" srcset=\"https:\/\/www.caudete.org\/ayuntamiento\/wp-content\/uploads\/2024\/01\/WhatsApp-Image-2024-01-11-at-19.56.02-1.jpeg 1080w, https:\/\/www.caudete.org\/ayuntamiento\/wp-content\/uploads\/2024\/01\/WhatsApp-Image-2024-01-11-at-19.56.02-1-300x300.jpeg 300w, https:\/\/www.caudete.org\/ayuntamiento\/wp-content\/uploads\/2024\/01\/WhatsApp-Image-2024-01-11-at-19.56.02-1-1024x1024.jpeg 1024w, https:\/\/www.caudete.org\/ayuntamiento\/wp-content\/uploads\/2024\/01\/WhatsApp-Image-2024-01-11-at-19.56.02-1-150x150.jpeg 150w, https:\/\/www.caudete.org\/ayuntamiento\/wp-content\/uploads\/2024\/01\/WhatsApp-Image-2024-01-11-at-19.56.02-1-768x768.jpeg 768w, https:\/\/www.caudete.org\/ayuntamiento\/wp-content\/uploads\/2024\/01\/WhatsApp-Image-2024-01-11-at-19.56.02-1-60x60.jpeg 60w\" sizes=\"(max-width: 1080px) 100vw, 1080px\" \/><\/a><\/p>\n<p style=\"text-align: justify;\">Desde la Concejal\u00eda de Promoci\u00f3n y Desarrollo Econ\u00f3mico, su responsable Mar\u00eda Dolores Requena Azor\u00edn ha informado\u00a0 de la inmediata puesta en marcha de un proyecto lanzado desde ZINCAMAN (Asociaci\u00f3n de Zonas Industriales de Castilla La Mancha), asociaci\u00f3n de la cual Caudete forma parte activa desde sus inicios.<\/p>\n<p style=\"text-align: justify;\">Este proyecto, financiado por el SEPE a trav\u00e9s de fondos Next Generation, se denomina AMAI (auxiliares de mantenimiento de \u00e1reas industriales) y tiene como finalidad la formaci\u00f3n alternada con el empleo para j\u00f3venes de edades comprendidas entre los 16 y 29 a\u00f1os. Tiene un gran inter\u00e9s publico en cuanto al buen mantenimiento de las zonas industriales en las que se llevar\u00e1 a cabo el proyecto :ya sea de limpieza de sus viales como en la gesti\u00f3n de las zonas verdes de dichas zonas.<\/p>\n<p style=\"text-align: justify;\">El proyecto para la formaci\u00f3n y empleo de Auxiliares de Mantenimiento de \u00c1reas Industriales se llevar\u00e1 a cabo durante 15 meses comenzando la primera fase del proyecto con la formaci\u00f3n de alumnos este 22 de enero. Le seguir\u00e1n una segunda y una tercera fase en la que se compaginar\u00e1 la formaci\u00f3n presencial y online con el contrato de trabajo. \u00c9sta se llevar\u00e1 a cabo en 8 \u00e1reas industriales de toda Castilla La Mancha, en los que habr\u00e1 8 alumnos por \u00e1rea, haciendo un total de 64 j\u00f3venes.<\/p>\n<p style=\"text-align: justify;\">La selecci\u00f3n de los alumnos se realizar\u00e1 directamente por el SEPE, de entre los j\u00f3venes inscritos en \u00e9l y que re\u00fanan los requisitos para formar parte del proyecto.<\/p>\n<p style=\"text-align: justify;\">Las \u00e1reas industriales que se van a beneficiar de este proyecto son: P.I. Montearag\u00f3n (de Chinchilla), P.I. El Mugr\u00f3n (de Almansa), P.I. de Manzanares (en Ciudad Real), P.I. La Veredilla (de Illescas, en Toledo), P.I. El Salvador (de La Roda) y el P.I.\u00a0 Los Villares y el Parque Tecnol\u00f3gico de Caudete.<\/p>\n<p style=\"text-align: justify;\">Las actividades que van a desarrollar los alumnos ser\u00e1n las siguientes:<\/p>\n<ul style=\"text-align: justify;\">\n<li>limpieza de viales<\/li>\n<li>limpieza de aceras y carril bici<\/li>\n<li>limpieza de calles comunes<\/li>\n<li>mantenimiento y mejora de zonas verdes<\/li>\n<li>peque\u00f1os arreglos de bordillos y eliminaci\u00f3n de malas hierbas<\/li>\n<li>limpieza de solares municipales<\/li>\n<li>pintura de mobiliario y elementos comunes<\/li>\n<\/ul>\n<p style=\"text-align: justify;\">Con este tipo de iniciativas se pretende la mejora, revitalizaci\u00f3n y gesti\u00f3n de las zonas industriales con la finalidad de iniciar un camino de colaboraci\u00f3n entre entes p\u00fablicos y privados para que los pol\u00edgonos industriales se reafirmen como una verdadera infraestructura econ\u00f3mica b\u00e1sica y de inter\u00e9s general, para lo cual es necesario formar a t\u00e9cnicos especialistas en estas materias.<\/p>\n<p><a href=\"https:\/\/www.caudete.org\/ayuntamiento\/wp-content\/uploads\/2024\/01\/WhatsApp-Image-2024-01-11-at-19.56.02.jpeg\" rel='prettyPhoto'><img decoding=\"async\" class=\"alignnone wp-image-24148 size-full\" src=\"https:\/\/www.caudete.org\/ayuntamiento\/wp-content\/uploads\/2024\/01\/WhatsApp-Image-2024-01-11-at-19.56.02.jpeg\" alt=\"\" width=\"1080\" height=\"1080\" srcset=\"https:\/\/www.caudete.org\/ayuntamiento\/wp-content\/uploads\/2024\/01\/WhatsApp-Image-2024-01-11-at-19.56.02.jpeg 1080w, https:\/\/www.caudete.org\/ayuntamiento\/wp-content\/uploads\/2024\/01\/WhatsApp-Image-2024-01-11-at-19.56.02-300x300.jpeg 300w, https:\/\/www.caudete.org\/ayuntamiento\/wp-content\/uploads\/2024\/01\/WhatsApp-Image-2024-01-11-at-19.56.02-1024x1024.jpeg 1024w, https:\/\/www.caudete.org\/ayuntamiento\/wp-content\/uploads\/2024\/01\/WhatsApp-Image-2024-01-11-at-19.56.02-150x150.jpeg 150w, https:\/\/www.caudete.org\/ayuntamiento\/wp-content\/uploads\/2024\/01\/WhatsApp-Image-2024-01-11-at-19.56.02-768x768.jpeg 768w, https:\/\/www.caudete.org\/ayuntamiento\/wp-content\/uploads\/2024\/01\/WhatsApp-Image-2024-01-11-at-19.56.02-60x60.jpeg 60w\" sizes=\"(max-width: 1080px) 100vw, 1080px\" \/><\/a><\/p>\n<p style=\"text-align: justify;\">\n","protected":false},"excerpt":{"rendered":"<p>Desde la Concejal\u00eda de Promoci\u00f3n y Desarrollo Econ\u00f3mico, su responsable Mar\u00eda Dolores Requena Azor\u00edn ha informado\u00a0 de la inmediata puesta en marcha de un proyecto lanzado desde ZINCAMAN (Asociaci\u00f3n de Zonas Industriales de Castilla La Mancha), asociaci\u00f3n de la cual Caudete forma parte activa desde sus inicios. Este proyecto, financiado por el SEPE a trav\u00e9s &hellip;<\/p>\n","protected":false},"author":3,"featured_media":24159,"comment_status":"closed","ping_status":"open","sticky":false,"template":"","format":"standard","meta":{"ngg_post_thumbnail":0,"footnotes":""},"categories":[851],"tags":[],"class_list":["post-24158","post","type-post","status-publish","format-standard","has-post-thumbnail","hentry","category-promocion-y-desarrollo-economico"],"yoast_head":"<!-- This site is optimized with the Yoast SEO plugin v27.4 - https:\/\/yoast.com\/product\/yoast-seo-wordpress\/ -->\n<title>Nuevo proyecto de formaci\u00f3n y empleo durante 15 meses para j\u00f3venes de 16 a 29 a\u00f1os - MI Ayuntamiento de Caudete<\/title>\n<meta name=\"description\" content=\"P\u00e1gina Oficial del Ayuntamiento de Caudete (Albacete)\" \/>\n<meta name=\"robots\" content=\"index, follow, max-snippet:-1, max-image-preview:large, max-video-preview:-1\" \/>\n<link rel=\"canonical\" href=\"https:\/\/www.caudete.org\/ayuntamiento\/24158-2\/\" \/>\n<meta property=\"og:locale\" content=\"es_ES\" \/>\n<meta property=\"og:type\" content=\"article\" \/>\n<meta property=\"og:title\" content=\"Nuevo proyecto de formaci\u00f3n y empleo durante 15 meses para j\u00f3venes de 16 a 29 a\u00f1os - MI Ayuntamiento de Caudete\" \/>\n<meta property=\"og:description\" content=\"P\u00e1gina Oficial del Ayuntamiento de Caudete (Albacete)\" \/>\n<meta property=\"og:url\" content=\"https:\/\/www.caudete.org\/ayuntamiento\/24158-2\/\" \/>\n<meta property=\"og:site_name\" content=\"MI Ayuntamiento de Caudete\" \/>\n<meta property=\"article:publisher\" content=\"https:\/\/www.facebook.com\/ayuntamientocaudete\/\" \/>\n<meta property=\"article:published_time\" content=\"2024-01-17T08:21:42+00:00\" \/>\n<meta property=\"article:modified_time\" content=\"2024-01-17T09:14:13+00:00\" \/>\n<meta property=\"og:image\" content=\"https:\/\/www.caudete.org\/ayuntamiento\/wp-content\/uploads\/2024\/01\/PROYECTO-TANDEM.jpg\" \/>\n\t<meta property=\"og:image:width\" content=\"1052\" \/>\n\t<meta property=\"og:image:height\" content=\"725\" \/>\n\t<meta property=\"og:image:type\" content=\"image\/jpeg\" \/>\n<meta name=\"author\" content=\"alcalde\" \/>\n<meta name=\"twitter:card\" content=\"summary_large_image\" \/>\n<meta name=\"twitter:label1\" content=\"Escrito por\" \/>\n\t<meta name=\"twitter:data1\" content=\"alcalde\" \/>\n\t<meta name=\"twitter:label2\" content=\"Tiempo de lectura\" \/>\n\t<meta name=\"twitter:data2\" content=\"3 minutos\" \/>\n<script type=\"application\/ld+json\" class=\"yoast-schema-graph\">{\"@context\":\"https:\\\/\\\/schema.org\",\"@graph\":[{\"@type\":\"Article\",\"@id\":\"https:\\\/\\\/www.caudete.org\\\/ayuntamiento\\\/24158-2\\\/#article\",\"isPartOf\":{\"@id\":\"https:\\\/\\\/www.caudete.org\\\/ayuntamiento\\\/24158-2\\\/\"},\"author\":{\"name\":\"alcalde\",\"@id\":\"https:\\\/\\\/www.caudete.org\\\/ayuntamiento\\\/#\\\/schema\\\/person\\\/cc646da9133078ee4d8dd47457947253\"},\"headline\":\"Nuevo proyecto de formaci\u00f3n y empleo durante 15 meses para j\u00f3venes de 16 a 29 a\u00f1os\",\"datePublished\":\"2024-01-17T08:21:42+00:00\",\"dateModified\":\"2024-01-17T09:14:13+00:00\",\"mainEntityOfPage\":{\"@id\":\"https:\\\/\\\/www.caudete.org\\\/ayuntamiento\\\/24158-2\\\/\"},\"wordCount\":455,\"publisher\":{\"@id\":\"https:\\\/\\\/www.caudete.org\\\/ayuntamiento\\\/#organization\"},\"image\":{\"@id\":\"https:\\\/\\\/www.caudete.org\\\/ayuntamiento\\\/24158-2\\\/#primaryimage\"},\"thumbnailUrl\":\"https:\\\/\\\/www.caudete.org\\\/ayuntamiento\\\/wp-content\\\/uploads\\\/2024\\\/01\\\/PROYECTO-TANDEM.jpg\",\"articleSection\":[\"Promoci\u00f3n y Desarrollo Econ\u00f3mico\"],\"inLanguage\":\"es\"},{\"@type\":\"WebPage\",\"@id\":\"https:\\\/\\\/www.caudete.org\\\/ayuntamiento\\\/24158-2\\\/\",\"url\":\"https:\\\/\\\/www.caudete.org\\\/ayuntamiento\\\/24158-2\\\/\",\"name\":\"Nuevo proyecto de formaci\u00f3n y empleo durante 15 meses para j\u00f3venes de 16 a 29 a\u00f1os - MI Ayuntamiento de Caudete\",\"isPartOf\":{\"@id\":\"https:\\\/\\\/www.caudete.org\\\/ayuntamiento\\\/#website\"},\"primaryImageOfPage\":{\"@id\":\"https:\\\/\\\/www.caudete.org\\\/ayuntamiento\\\/24158-2\\\/#primaryimage\"},\"image\":{\"@id\":\"https:\\\/\\\/www.caudete.org\\\/ayuntamiento\\\/24158-2\\\/#primaryimage\"},\"thumbnailUrl\":\"https:\\\/\\\/www.caudete.org\\\/ayuntamiento\\\/wp-content\\\/uploads\\\/2024\\\/01\\\/PROYECTO-TANDEM.jpg\",\"datePublished\":\"2024-01-17T08:21:42+00:00\",\"dateModified\":\"2024-01-17T09:14:13+00:00\",\"description\":\"P\u00e1gina Oficial del Ayuntamiento de Caudete (Albacete)\",\"breadcrumb\":{\"@id\":\"https:\\\/\\\/www.caudete.org\\\/ayuntamiento\\\/24158-2\\\/#breadcrumb\"},\"inLanguage\":\"es\",\"potentialAction\":[{\"@type\":\"ReadAction\",\"target\":[\"https:\\\/\\\/www.caudete.org\\\/ayuntamiento\\\/24158-2\\\/\"]}]},{\"@type\":\"ImageObject\",\"inLanguage\":\"es\",\"@id\":\"https:\\\/\\\/www.caudete.org\\\/ayuntamiento\\\/24158-2\\\/#primaryimage\",\"url\":\"https:\\\/\\\/www.caudete.org\\\/ayuntamiento\\\/wp-content\\\/uploads\\\/2024\\\/01\\\/PROYECTO-TANDEM.jpg\",\"contentUrl\":\"https:\\\/\\\/www.caudete.org\\\/ayuntamiento\\\/wp-content\\\/uploads\\\/2024\\\/01\\\/PROYECTO-TANDEM.jpg\",\"width\":1052,\"height\":725},{\"@type\":\"BreadcrumbList\",\"@id\":\"https:\\\/\\\/www.caudete.org\\\/ayuntamiento\\\/24158-2\\\/#breadcrumb\",\"itemListElement\":[{\"@type\":\"ListItem\",\"position\":1,\"name\":\"Inicio\",\"item\":\"https:\\\/\\\/www.caudete.org\\\/ayuntamiento\\\/\"},{\"@type\":\"ListItem\",\"position\":2,\"name\":\"Nuevo proyecto de formaci\u00f3n y empleo durante 15 meses para j\u00f3venes de 16 a 29 a\u00f1os\"}]},{\"@type\":\"WebSite\",\"@id\":\"https:\\\/\\\/www.caudete.org\\\/ayuntamiento\\\/#website\",\"url\":\"https:\\\/\\\/www.caudete.org\\\/ayuntamiento\\\/\",\"name\":\"MI Ayuntamiento de Caudete\",\"description\":\"P\u00e1gina Oficial del MI Ayuntamiento de Caudete\",\"publisher\":{\"@id\":\"https:\\\/\\\/www.caudete.org\\\/ayuntamiento\\\/#organization\"},\"potentialAction\":[{\"@type\":\"SearchAction\",\"target\":{\"@type\":\"EntryPoint\",\"urlTemplate\":\"https:\\\/\\\/www.caudete.org\\\/ayuntamiento\\\/?s={search_term_string}\"},\"query-input\":{\"@type\":\"PropertyValueSpecification\",\"valueRequired\":true,\"valueName\":\"search_term_string\"}}],\"inLanguage\":\"es\"},{\"@type\":\"Organization\",\"@id\":\"https:\\\/\\\/www.caudete.org\\\/ayuntamiento\\\/#organization\",\"name\":\"Ayuntamiento de Caudete\",\"url\":\"https:\\\/\\\/www.caudete.org\\\/ayuntamiento\\\/\",\"logo\":{\"@type\":\"ImageObject\",\"inLanguage\":\"es\",\"@id\":\"https:\\\/\\\/www.caudete.org\\\/ayuntamiento\\\/#\\\/schema\\\/logo\\\/image\\\/\",\"url\":\"https:\\\/\\\/www.caudete.org\\\/ayuntamiento\\\/wp-content\\\/uploads\\\/2020\\\/11\\\/logo_ayuntamiento_caudete.jpg\",\"contentUrl\":\"https:\\\/\\\/www.caudete.org\\\/ayuntamiento\\\/wp-content\\\/uploads\\\/2020\\\/11\\\/logo_ayuntamiento_caudete.jpg\",\"width\":600,\"height\":150,\"caption\":\"Ayuntamiento de Caudete\"},\"image\":{\"@id\":\"https:\\\/\\\/www.caudete.org\\\/ayuntamiento\\\/#\\\/schema\\\/logo\\\/image\\\/\"},\"sameAs\":[\"https:\\\/\\\/www.facebook.com\\\/ayuntamientocaudete\\\/\",\"https:\\\/\\\/www.youtube.com\\\/channel\\\/UC6VztHaooNsGpw-tNoBEFnQ\"]},{\"@type\":\"Person\",\"@id\":\"https:\\\/\\\/www.caudete.org\\\/ayuntamiento\\\/#\\\/schema\\\/person\\\/cc646da9133078ee4d8dd47457947253\",\"name\":\"alcalde\",\"image\":{\"@type\":\"ImageObject\",\"inLanguage\":\"es\",\"@id\":\"https:\\\/\\\/secure.gravatar.com\\\/avatar\\\/84a817ba065b29ff08d666b215a215f5c79186a645ccb25b14a663d48a130f77?s=96&d=mm&r=g\",\"url\":\"https:\\\/\\\/secure.gravatar.com\\\/avatar\\\/84a817ba065b29ff08d666b215a215f5c79186a645ccb25b14a663d48a130f77?s=96&d=mm&r=g\",\"contentUrl\":\"https:\\\/\\\/secure.gravatar.com\\\/avatar\\\/84a817ba065b29ff08d666b215a215f5c79186a645ccb25b14a663d48a130f77?s=96&d=mm&r=g\",\"caption\":\"alcalde\"},\"url\":\"https:\\\/\\\/www.caudete.org\\\/ayuntamiento\\\/author\\\/alcalde\\\/\"}]}<\/script>\n<!-- \/ Yoast SEO plugin. -->","yoast_head_json":{"title":"Nuevo proyecto de formaci\u00f3n y empleo durante 15 meses para j\u00f3venes de 16 a 29 a\u00f1os - MI Ayuntamiento de Caudete","description":"P\u00e1gina Oficial del Ayuntamiento de Caudete (Albacete)","robots":{"index":"index","follow":"follow","max-snippet":"max-snippet:-1","max-image-preview":"max-image-preview:large","max-video-preview":"max-video-preview:-1"},"canonical":"https:\/\/www.caudete.org\/ayuntamiento\/24158-2\/","og_locale":"es_ES","og_type":"article","og_title":"Nuevo proyecto de formaci\u00f3n y empleo durante 15 meses para j\u00f3venes de 16 a 29 a\u00f1os - MI Ayuntamiento de Caudete","og_description":"P\u00e1gina Oficial del Ayuntamiento de Caudete (Albacete)","og_url":"https:\/\/www.caudete.org\/ayuntamiento\/24158-2\/","og_site_name":"MI Ayuntamiento de Caudete","article_publisher":"https:\/\/www.facebook.com\/ayuntamientocaudete\/","article_published_time":"2024-01-17T08:21:42+00:00","article_modified_time":"2024-01-17T09:14:13+00:00","og_image":[{"width":1052,"height":725,"url":"https:\/\/www.caudete.org\/ayuntamiento\/wp-content\/uploads\/2024\/01\/PROYECTO-TANDEM.jpg","type":"image\/jpeg"}],"author":"alcalde","twitter_card":"summary_large_image","twitter_misc":{"Escrito por":"alcalde","Tiempo de lectura":"3 minutos"},"schema":{"@context":"https:\/\/schema.org","@graph":[{"@type":"Article","@id":"https:\/\/www.caudete.org\/ayuntamiento\/24158-2\/#article","isPartOf":{"@id":"https:\/\/www.caudete.org\/ayuntamiento\/24158-2\/"},"author":{"name":"alcalde","@id":"https:\/\/www.caudete.org\/ayuntamiento\/#\/schema\/person\/cc646da9133078ee4d8dd47457947253"},"headline":"Nuevo proyecto de formaci\u00f3n y empleo durante 15 meses para j\u00f3venes de 16 a 29 a\u00f1os","datePublished":"2024-01-17T08:21:42+00:00","dateModified":"2024-01-17T09:14:13+00:00","mainEntityOfPage":{"@id":"https:\/\/www.caudete.org\/ayuntamiento\/24158-2\/"},"wordCount":455,"publisher":{"@id":"https:\/\/www.caudete.org\/ayuntamiento\/#organization"},"image":{"@id":"https:\/\/www.caudete.org\/ayuntamiento\/24158-2\/#primaryimage"},"thumbnailUrl":"https:\/\/www.caudete.org\/ayuntamiento\/wp-content\/uploads\/2024\/01\/PROYECTO-TANDEM.jpg","articleSection":["Promoci\u00f3n y Desarrollo Econ\u00f3mico"],"inLanguage":"es"},{"@type":"WebPage","@id":"https:\/\/www.caudete.org\/ayuntamiento\/24158-2\/","url":"https:\/\/www.caudete.org\/ayuntamiento\/24158-2\/","name":"Nuevo proyecto de formaci\u00f3n y empleo durante 15 meses para j\u00f3venes de 16 a 29 a\u00f1os - MI Ayuntamiento de Caudete","isPartOf":{"@id":"https:\/\/www.caudete.org\/ayuntamiento\/#website"},"primaryImageOfPage":{"@id":"https:\/\/www.caudete.org\/ayuntamiento\/24158-2\/#primaryimage"},"image":{"@id":"https:\/\/www.caudete.org\/ayuntamiento\/24158-2\/#primaryimage"},"thumbnailUrl":"https:\/\/www.caudete.org\/ayuntamiento\/wp-content\/uploads\/2024\/01\/PROYECTO-TANDEM.jpg","datePublished":"2024-01-17T08:21:42+00:00","dateModified":"2024-01-17T09:14:13+00:00","description":"P\u00e1gina Oficial del Ayuntamiento de Caudete (Albacete)","breadcrumb":{"@id":"https:\/\/www.caudete.org\/ayuntamiento\/24158-2\/#breadcrumb"},"inLanguage":"es","potentialAction":[{"@type":"ReadAction","target":["https:\/\/www.caudete.org\/ayuntamiento\/24158-2\/"]}]},{"@type":"ImageObject","inLanguage":"es","@id":"https:\/\/www.caudete.org\/ayuntamiento\/24158-2\/#primaryimage","url":"https:\/\/www.caudete.org\/ayuntamiento\/wp-content\/uploads\/2024\/01\/PROYECTO-TANDEM.jpg","contentUrl":"https:\/\/www.caudete.org\/ayuntamiento\/wp-content\/uploads\/2024\/01\/PROYECTO-TANDEM.jpg","width":1052,"height":725},{"@type":"BreadcrumbList","@id":"https:\/\/www.caudete.org\/ayuntamiento\/24158-2\/#breadcrumb","itemListElement":[{"@type":"ListItem","position":1,"name":"Inicio","item":"https:\/\/www.caudete.org\/ayuntamiento\/"},{"@type":"ListItem","position":2,"name":"Nuevo proyecto de formaci\u00f3n y empleo durante 15 meses para j\u00f3venes de 16 a 29 a\u00f1os"}]},{"@type":"WebSite","@id":"https:\/\/www.caudete.org\/ayuntamiento\/#website","url":"https:\/\/www.caudete.org\/ayuntamiento\/","name":"MI Ayuntamiento de Caudete","description":"P\u00e1gina Oficial del MI Ayuntamiento de Caudete","publisher":{"@id":"https:\/\/www.caudete.org\/ayuntamiento\/#organization"},"potentialAction":[{"@type":"SearchAction","target":{"@type":"EntryPoint","urlTemplate":"https:\/\/www.caudete.org\/ayuntamiento\/?s={search_term_string}"},"query-input":{"@type":"PropertyValueSpecification","valueRequired":true,"valueName":"search_term_string"}}],"inLanguage":"es"},{"@type":"Organization","@id":"https:\/\/www.caudete.org\/ayuntamiento\/#organization","name":"Ayuntamiento de Caudete","url":"https:\/\/www.caudete.org\/ayuntamiento\/","logo":{"@type":"ImageObject","inLanguage":"es","@id":"https:\/\/www.caudete.org\/ayuntamiento\/#\/schema\/logo\/image\/","url":"https:\/\/www.caudete.org\/ayuntamiento\/wp-content\/uploads\/2020\/11\/logo_ayuntamiento_caudete.jpg","contentUrl":"https:\/\/www.caudete.org\/ayuntamiento\/wp-content\/uploads\/2020\/11\/logo_ayuntamiento_caudete.jpg","width":600,"height":150,"caption":"Ayuntamiento de Caudete"},"image":{"@id":"https:\/\/www.caudete.org\/ayuntamiento\/#\/schema\/logo\/image\/"},"sameAs":["https:\/\/www.facebook.com\/ayuntamientocaudete\/","https:\/\/www.youtube.com\/channel\/UC6VztHaooNsGpw-tNoBEFnQ"]},{"@type":"Person","@id":"https:\/\/www.caudete.org\/ayuntamiento\/#\/schema\/person\/cc646da9133078ee4d8dd47457947253","name":"alcalde","image":{"@type":"ImageObject","inLanguage":"es","@id":"https:\/\/secure.gravatar.com\/avatar\/84a817ba065b29ff08d666b215a215f5c79186a645ccb25b14a663d48a130f77?s=96&d=mm&r=g","url":"https:\/\/secure.gravatar.com\/avatar\/84a817ba065b29ff08d666b215a215f5c79186a645ccb25b14a663d48a130f77?s=96&d=mm&r=g","contentUrl":"https:\/\/secure.gravatar.com\/avatar\/84a817ba065b29ff08d666b215a215f5c79186a645ccb25b14a663d48a130f77?s=96&d=mm&r=g","caption":"alcalde"},"url":"https:\/\/www.caudete.org\/ayuntamiento\/author\/alcalde\/"}]}},"_links":{"self":[{"href":"https:\/\/www.caudete.org\/ayuntamiento\/wp-json\/wp\/v2\/posts\/24158","targetHints":{"allow":["GET"]}}],"collection":[{"href":"https:\/\/www.caudete.org\/ayuntamiento\/wp-json\/wp\/v2\/posts"}],"about":[{"href":"https:\/\/www.caudete.org\/ayuntamiento\/wp-json\/wp\/v2\/types\/post"}],"author":[{"embeddable":true,"href":"https:\/\/www.caudete.org\/ayuntamiento\/wp-json\/wp\/v2\/users\/3"}],"replies":[{"embeddable":true,"href":"https:\/\/www.caudete.org\/ayuntamiento\/wp-json\/wp\/v2\/comments?post=24158"}],"version-history":[{"count":2,"href":"https:\/\/www.caudete.org\/ayuntamiento\/wp-json\/wp\/v2\/posts\/24158\/revisions"}],"predecessor-version":[{"id":24161,"href":"https:\/\/www.caudete.org\/ayuntamiento\/wp-json\/wp\/v2\/posts\/24158\/revisions\/24161"}],"wp:featuredmedia":[{"embeddable":true,"href":"https:\/\/www.caudete.org\/ayuntamiento\/wp-json\/wp\/v2\/media\/24159"}],"wp:attachment":[{"href":"https:\/\/www.caudete.org\/ayuntamiento\/wp-json\/wp\/v2\/media?parent=24158"}],"wp:term":[{"taxonomy":"category","embeddable":true,"href":"https:\/\/www.caudete.org\/ayuntamiento\/wp-json\/wp\/v2\/categories?post=24158"},{"taxonomy":"post_tag","embeddable":true,"href":"https:\/\/www.caudete.org\/ayuntamiento\/wp-json\/wp\/v2\/tags?post=24158"}],"curies":[{"name":"wp","href":"https:\/\/api.w.org\/{rel}","templated":true}]}}