{"id":24178,"date":"2024-01-19T14:29:32","date_gmt":"2024-01-19T13:29:32","guid":{"rendered":"https:\/\/www.caudete.org\/ayuntamiento\/?p=24178"},"modified":"2024-01-19T14:29:32","modified_gmt":"2024-01-19T13:29:32","slug":"campana-de-concienciacion-sobre-la-suciedad-generada-por-los-canidos-en-la-via-publica","status":"publish","type":"post","link":"https:\/\/www.caudete.org\/ayuntamiento\/campana-de-concienciacion-sobre-la-suciedad-generada-por-los-canidos-en-la-via-publica\/","title":{"rendered":"Campa\u00f1a de concienciaci\u00f3n sobre la suciedad generada por los c\u00e1nidos en la v\u00eda p\u00fablica"},"content":{"rendered":"<p>La Concejal\u00eda de Medio Ambiente junto con la Concejal\u00eda de Seguridad ciudadana, ha iniciado una campa\u00f1a bajo el lema \u201cPRESUME DE CALLES LIMPIAS, PRESUME DE CAUDETE\u201d, con el fin de informar y concienciar a los propietarios de perros, de las obligaciones que asumen al tener mascotas.<\/p>\n<p>Para iniciar esta campa\u00f1a, la Concejal\u00eda de Medio Ambiente, aprovechando la bendici\u00f3n de animales en la festividad de Sant\u00f3n, obsequiara a los propietarios, con una botella para limpieza de orines y un huesito portador de bolsas para recogida de excrementos, junto con un folleto informativo.<\/p>\n<p>En este folleto, se hace hincapi\u00e9 en tres pasos b\u00e1sicos:<\/p>\n<p>1. Recoge los excrementos de tu mascota con una bolsa.<br \/>\n2. Depos\u00edtala en papeleras o contenedores destinados a ese uso.<br \/>\n3. Limpia el pis de tu mascota con una botella de agua.<\/p>\n<p>Es responsabilidad de los due\u00f1os de las mascotas mantener la ciudad limpia, por lo tanto, realizando estos tres sencillos pasos, generas un gran beneficio en las calles de nuestro municipio.<\/p>\n<p><img fetchpriority=\"high\" decoding=\"async\" class=\"alignnone size-full wp-image-24179 aligncenter\" src=\"https:\/\/www.caudete.org\/ayuntamiento\/wp-content\/uploads\/2024\/01\/FOTO.jpg\" alt=\"\" width=\"800\" height=\"450\" srcset=\"https:\/\/www.caudete.org\/ayuntamiento\/wp-content\/uploads\/2024\/01\/FOTO.jpg 800w, https:\/\/www.caudete.org\/ayuntamiento\/wp-content\/uploads\/2024\/01\/FOTO-300x169.jpg 300w, https:\/\/www.caudete.org\/ayuntamiento\/wp-content\/uploads\/2024\/01\/FOTO-768x432.jpg 768w\" sizes=\"(max-width: 800px) 100vw, 800px\" \/><\/p>\n<p style=\"text-align: center;\"><iframe src=\"\/\/www.youtube.com\/embed\/UzJkqN10EAY\" width=\"650\" height=\"364\" allowfullscreen=\"allowfullscreen\"><\/iframe><\/p>\n<p>&nbsp;<\/p>\n","protected":false},"excerpt":{"rendered":"<p>La Concejal\u00eda de Medio Ambiente junto con la Concejal\u00eda de Seguridad ciudadana, ha iniciado una campa\u00f1a bajo el lema \u201cPRESUME DE CALLES LIMPIAS, PRESUME DE CAUDETE\u201d, con el fin de informar y concienciar a los propietarios de perros, de las obligaciones que asumen al tener mascotas. Para iniciar esta campa\u00f1a, la Concejal\u00eda de Medio Ambiente, &hellip;<\/p>\n","protected":false},"author":5,"featured_media":24181,"comment_status":"closed","ping_status":"open","sticky":false,"template":"","format":"standard","meta":{"ngg_post_thumbnail":0,"footnotes":""},"categories":[29],"tags":[],"class_list":["post-24178","post","type-post","status-publish","format-standard","has-post-thumbnail","hentry","category-medio-ambiente"],"yoast_head":"<!-- This site is optimized with the Yoast SEO plugin v27.5 - https:\/\/yoast.com\/product\/yoast-seo-wordpress\/ -->\n<title>Campa\u00f1a de concienciaci\u00f3n sobre la suciedad generada por los c\u00e1nidos en la v\u00eda p\u00fablica - MI Ayuntamiento de Caudete<\/title>\n<meta name=\"description\" content=\"P\u00e1gina Oficial del Ayuntamiento de Caudete (Albacete)\" \/>\n<meta name=\"robots\" content=\"index, follow, max-snippet:-1, max-image-preview:large, max-video-preview:-1\" \/>\n<link rel=\"canonical\" href=\"https:\/\/www.caudete.org\/ayuntamiento\/campana-de-concienciacion-sobre-la-suciedad-generada-por-los-canidos-en-la-via-publica\/\" \/>\n<meta property=\"og:locale\" content=\"es_ES\" \/>\n<meta property=\"og:type\" content=\"article\" \/>\n<meta property=\"og:title\" content=\"Campa\u00f1a de concienciaci\u00f3n sobre la suciedad generada por los c\u00e1nidos en la v\u00eda p\u00fablica - MI Ayuntamiento de Caudete\" \/>\n<meta property=\"og:description\" content=\"P\u00e1gina Oficial del Ayuntamiento de Caudete (Albacete)\" \/>\n<meta property=\"og:url\" content=\"https:\/\/www.caudete.org\/ayuntamiento\/campana-de-concienciacion-sobre-la-suciedad-generada-por-los-canidos-en-la-via-publica\/\" \/>\n<meta property=\"og:site_name\" content=\"MI Ayuntamiento de Caudete\" \/>\n<meta property=\"article:publisher\" content=\"https:\/\/www.facebook.com\/ayuntamientocaudete\/\" \/>\n<meta property=\"article:published_time\" content=\"2024-01-19T13:29:32+00:00\" \/>\n<meta property=\"og:image\" content=\"https:\/\/www.caudete.org\/ayuntamiento\/wp-content\/uploads\/2024\/01\/foto-botella.jpg\" \/>\n\t<meta property=\"og:image:width\" content=\"800\" \/>\n\t<meta property=\"og:image:height\" content=\"450\" \/>\n\t<meta property=\"og:image:type\" content=\"image\/jpeg\" \/>\n<meta name=\"author\" content=\"Dpto Informatica MI Ayuntamiento de Caudete\" \/>\n<meta name=\"twitter:card\" content=\"summary_large_image\" \/>\n<meta name=\"twitter:label1\" content=\"Escrito por\" \/>\n\t<meta name=\"twitter:data1\" content=\"Dpto Informatica MI Ayuntamiento de Caudete\" \/>\n\t<meta name=\"twitter:label2\" content=\"Tiempo de lectura\" \/>\n\t<meta name=\"twitter:data2\" content=\"2 minutos\" \/>\n<script type=\"application\/ld+json\" class=\"yoast-schema-graph\">{\"@context\":\"https:\\\/\\\/schema.org\",\"@graph\":[{\"@type\":\"Article\",\"@id\":\"https:\\\/\\\/www.caudete.org\\\/ayuntamiento\\\/campana-de-concienciacion-sobre-la-suciedad-generada-por-los-canidos-en-la-via-publica\\\/#article\",\"isPartOf\":{\"@id\":\"https:\\\/\\\/www.caudete.org\\\/ayuntamiento\\\/campana-de-concienciacion-sobre-la-suciedad-generada-por-los-canidos-en-la-via-publica\\\/\"},\"author\":{\"name\":\"Dpto Informatica MI Ayuntamiento de Caudete\",\"@id\":\"https:\\\/\\\/www.caudete.org\\\/ayuntamiento\\\/#\\\/schema\\\/person\\\/4b9eab41761957db9b1bf9c418d1ef46\"},\"headline\":\"Campa\u00f1a de concienciaci\u00f3n sobre la suciedad generada por los c\u00e1nidos en la v\u00eda p\u00fablica\",\"datePublished\":\"2024-01-19T13:29:32+00:00\",\"mainEntityOfPage\":{\"@id\":\"https:\\\/\\\/www.caudete.org\\\/ayuntamiento\\\/campana-de-concienciacion-sobre-la-suciedad-generada-por-los-canidos-en-la-via-publica\\\/\"},\"wordCount\":190,\"image\":{\"@id\":\"https:\\\/\\\/www.caudete.org\\\/ayuntamiento\\\/campana-de-concienciacion-sobre-la-suciedad-generada-por-los-canidos-en-la-via-publica\\\/#primaryimage\"},\"thumbnailUrl\":\"https:\\\/\\\/www.caudete.org\\\/ayuntamiento\\\/wp-content\\\/uploads\\\/2024\\\/01\\\/foto-botella.jpg\",\"articleSection\":[\"Medio Ambiente\"],\"inLanguage\":\"es\"},{\"@type\":\"WebPage\",\"@id\":\"https:\\\/\\\/www.caudete.org\\\/ayuntamiento\\\/campana-de-concienciacion-sobre-la-suciedad-generada-por-los-canidos-en-la-via-publica\\\/\",\"url\":\"https:\\\/\\\/www.caudete.org\\\/ayuntamiento\\\/campana-de-concienciacion-sobre-la-suciedad-generada-por-los-canidos-en-la-via-publica\\\/\",\"name\":\"Campa\u00f1a de concienciaci\u00f3n sobre la suciedad generada por los c\u00e1nidos en la v\u00eda p\u00fablica - MI Ayuntamiento de Caudete\",\"isPartOf\":{\"@id\":\"https:\\\/\\\/www.caudete.org\\\/ayuntamiento\\\/#website\"},\"primaryImageOfPage\":{\"@id\":\"https:\\\/\\\/www.caudete.org\\\/ayuntamiento\\\/campana-de-concienciacion-sobre-la-suciedad-generada-por-los-canidos-en-la-via-publica\\\/#primaryimage\"},\"image\":{\"@id\":\"https:\\\/\\\/www.caudete.org\\\/ayuntamiento\\\/campana-de-concienciacion-sobre-la-suciedad-generada-por-los-canidos-en-la-via-publica\\\/#primaryimage\"},\"thumbnailUrl\":\"https:\\\/\\\/www.caudete.org\\\/ayuntamiento\\\/wp-content\\\/uploads\\\/2024\\\/01\\\/foto-botella.jpg\",\"datePublished\":\"2024-01-19T13:29:32+00:00\",\"author\":{\"@id\":\"https:\\\/\\\/www.caudete.org\\\/ayuntamiento\\\/#\\\/schema\\\/person\\\/4b9eab41761957db9b1bf9c418d1ef46\"},\"description\":\"P\u00e1gina Oficial del Ayuntamiento de Caudete (Albacete)\",\"breadcrumb\":{\"@id\":\"https:\\\/\\\/www.caudete.org\\\/ayuntamiento\\\/campana-de-concienciacion-sobre-la-suciedad-generada-por-los-canidos-en-la-via-publica\\\/#breadcrumb\"},\"inLanguage\":\"es\",\"potentialAction\":[{\"@type\":\"ReadAction\",\"target\":[\"https:\\\/\\\/www.caudete.org\\\/ayuntamiento\\\/campana-de-concienciacion-sobre-la-suciedad-generada-por-los-canidos-en-la-via-publica\\\/\"]}]},{\"@type\":\"ImageObject\",\"inLanguage\":\"es\",\"@id\":\"https:\\\/\\\/www.caudete.org\\\/ayuntamiento\\\/campana-de-concienciacion-sobre-la-suciedad-generada-por-los-canidos-en-la-via-publica\\\/#primaryimage\",\"url\":\"https:\\\/\\\/www.caudete.org\\\/ayuntamiento\\\/wp-content\\\/uploads\\\/2024\\\/01\\\/foto-botella.jpg\",\"contentUrl\":\"https:\\\/\\\/www.caudete.org\\\/ayuntamiento\\\/wp-content\\\/uploads\\\/2024\\\/01\\\/foto-botella.jpg\",\"width\":800,\"height\":450},{\"@type\":\"BreadcrumbList\",\"@id\":\"https:\\\/\\\/www.caudete.org\\\/ayuntamiento\\\/campana-de-concienciacion-sobre-la-suciedad-generada-por-los-canidos-en-la-via-publica\\\/#breadcrumb\",\"itemListElement\":[{\"@type\":\"ListItem\",\"position\":1,\"name\":\"Inicio\",\"item\":\"https:\\\/\\\/www.caudete.org\\\/ayuntamiento\\\/\"},{\"@type\":\"ListItem\",\"position\":2,\"name\":\"Campa\u00f1a de concienciaci\u00f3n sobre la suciedad generada por los c\u00e1nidos en la v\u00eda p\u00fablica\"}]},{\"@type\":\"WebSite\",\"@id\":\"https:\\\/\\\/www.caudete.org\\\/ayuntamiento\\\/#website\",\"url\":\"https:\\\/\\\/www.caudete.org\\\/ayuntamiento\\\/\",\"name\":\"MI Ayuntamiento de Caudete\",\"description\":\"P\u00e1gina Oficial del MI Ayuntamiento de Caudete\",\"potentialAction\":[{\"@type\":\"SearchAction\",\"target\":{\"@type\":\"EntryPoint\",\"urlTemplate\":\"https:\\\/\\\/www.caudete.org\\\/ayuntamiento\\\/?s={search_term_string}\"},\"query-input\":{\"@type\":\"PropertyValueSpecification\",\"valueRequired\":true,\"valueName\":\"search_term_string\"}}],\"inLanguage\":\"es\"},{\"@type\":\"Person\",\"@id\":\"https:\\\/\\\/www.caudete.org\\\/ayuntamiento\\\/#\\\/schema\\\/person\\\/4b9eab41761957db9b1bf9c418d1ef46\",\"name\":\"Dpto Informatica MI Ayuntamiento de Caudete\",\"image\":{\"@type\":\"ImageObject\",\"inLanguage\":\"es\",\"@id\":\"https:\\\/\\\/secure.gravatar.com\\\/avatar\\\/ac0321ee4a0a83e82a253e7b2d348ef539e2c8fe16d06b600bde04de1b364fa7?s=96&d=mm&r=g\",\"url\":\"https:\\\/\\\/secure.gravatar.com\\\/avatar\\\/ac0321ee4a0a83e82a253e7b2d348ef539e2c8fe16d06b600bde04de1b364fa7?s=96&d=mm&r=g\",\"contentUrl\":\"https:\\\/\\\/secure.gravatar.com\\\/avatar\\\/ac0321ee4a0a83e82a253e7b2d348ef539e2c8fe16d06b600bde04de1b364fa7?s=96&d=mm&r=g\",\"caption\":\"Dpto Informatica MI Ayuntamiento de Caudete\"},\"url\":\"https:\\\/\\\/www.caudete.org\\\/ayuntamiento\\\/author\\\/informatica\\\/\"}]}<\/script>\n<!-- \/ Yoast SEO plugin. -->","yoast_head_json":{"title":"Campa\u00f1a de concienciaci\u00f3n sobre la suciedad generada por los c\u00e1nidos en la v\u00eda p\u00fablica - MI Ayuntamiento de Caudete","description":"P\u00e1gina Oficial del Ayuntamiento de Caudete (Albacete)","robots":{"index":"index","follow":"follow","max-snippet":"max-snippet:-1","max-image-preview":"max-image-preview:large","max-video-preview":"max-video-preview:-1"},"canonical":"https:\/\/www.caudete.org\/ayuntamiento\/campana-de-concienciacion-sobre-la-suciedad-generada-por-los-canidos-en-la-via-publica\/","og_locale":"es_ES","og_type":"article","og_title":"Campa\u00f1a de concienciaci\u00f3n sobre la suciedad generada por los c\u00e1nidos en la v\u00eda p\u00fablica - MI Ayuntamiento de Caudete","og_description":"P\u00e1gina Oficial del Ayuntamiento de Caudete (Albacete)","og_url":"https:\/\/www.caudete.org\/ayuntamiento\/campana-de-concienciacion-sobre-la-suciedad-generada-por-los-canidos-en-la-via-publica\/","og_site_name":"MI Ayuntamiento de Caudete","article_publisher":"https:\/\/www.facebook.com\/ayuntamientocaudete\/","article_published_time":"2024-01-19T13:29:32+00:00","og_image":[{"width":800,"height":450,"url":"https:\/\/www.caudete.org\/ayuntamiento\/wp-content\/uploads\/2024\/01\/foto-botella.jpg","type":"image\/jpeg"}],"author":"Dpto Informatica MI Ayuntamiento de Caudete","twitter_card":"summary_large_image","twitter_misc":{"Escrito por":"Dpto Informatica MI Ayuntamiento de Caudete","Tiempo de lectura":"2 minutos"},"schema":{"@context":"https:\/\/schema.org","@graph":[{"@type":"Article","@id":"https:\/\/www.caudete.org\/ayuntamiento\/campana-de-concienciacion-sobre-la-suciedad-generada-por-los-canidos-en-la-via-publica\/#article","isPartOf":{"@id":"https:\/\/www.caudete.org\/ayuntamiento\/campana-de-concienciacion-sobre-la-suciedad-generada-por-los-canidos-en-la-via-publica\/"},"author":{"name":"Dpto Informatica MI Ayuntamiento de Caudete","@id":"https:\/\/www.caudete.org\/ayuntamiento\/#\/schema\/person\/4b9eab41761957db9b1bf9c418d1ef46"},"headline":"Campa\u00f1a de concienciaci\u00f3n sobre la suciedad generada por los c\u00e1nidos en la v\u00eda p\u00fablica","datePublished":"2024-01-19T13:29:32+00:00","mainEntityOfPage":{"@id":"https:\/\/www.caudete.org\/ayuntamiento\/campana-de-concienciacion-sobre-la-suciedad-generada-por-los-canidos-en-la-via-publica\/"},"wordCount":190,"image":{"@id":"https:\/\/www.caudete.org\/ayuntamiento\/campana-de-concienciacion-sobre-la-suciedad-generada-por-los-canidos-en-la-via-publica\/#primaryimage"},"thumbnailUrl":"https:\/\/www.caudete.org\/ayuntamiento\/wp-content\/uploads\/2024\/01\/foto-botella.jpg","articleSection":["Medio Ambiente"],"inLanguage":"es"},{"@type":"WebPage","@id":"https:\/\/www.caudete.org\/ayuntamiento\/campana-de-concienciacion-sobre-la-suciedad-generada-por-los-canidos-en-la-via-publica\/","url":"https:\/\/www.caudete.org\/ayuntamiento\/campana-de-concienciacion-sobre-la-suciedad-generada-por-los-canidos-en-la-via-publica\/","name":"Campa\u00f1a de concienciaci\u00f3n sobre la suciedad generada por los c\u00e1nidos en la v\u00eda p\u00fablica - MI Ayuntamiento de Caudete","isPartOf":{"@id":"https:\/\/www.caudete.org\/ayuntamiento\/#website"},"primaryImageOfPage":{"@id":"https:\/\/www.caudete.org\/ayuntamiento\/campana-de-concienciacion-sobre-la-suciedad-generada-por-los-canidos-en-la-via-publica\/#primaryimage"},"image":{"@id":"https:\/\/www.caudete.org\/ayuntamiento\/campana-de-concienciacion-sobre-la-suciedad-generada-por-los-canidos-en-la-via-publica\/#primaryimage"},"thumbnailUrl":"https:\/\/www.caudete.org\/ayuntamiento\/wp-content\/uploads\/2024\/01\/foto-botella.jpg","datePublished":"2024-01-19T13:29:32+00:00","author":{"@id":"https:\/\/www.caudete.org\/ayuntamiento\/#\/schema\/person\/4b9eab41761957db9b1bf9c418d1ef46"},"description":"P\u00e1gina Oficial del Ayuntamiento de Caudete (Albacete)","breadcrumb":{"@id":"https:\/\/www.caudete.org\/ayuntamiento\/campana-de-concienciacion-sobre-la-suciedad-generada-por-los-canidos-en-la-via-publica\/#breadcrumb"},"inLanguage":"es","potentialAction":[{"@type":"ReadAction","target":["https:\/\/www.caudete.org\/ayuntamiento\/campana-de-concienciacion-sobre-la-suciedad-generada-por-los-canidos-en-la-via-publica\/"]}]},{"@type":"ImageObject","inLanguage":"es","@id":"https:\/\/www.caudete.org\/ayuntamiento\/campana-de-concienciacion-sobre-la-suciedad-generada-por-los-canidos-en-la-via-publica\/#primaryimage","url":"https:\/\/www.caudete.org\/ayuntamiento\/wp-content\/uploads\/2024\/01\/foto-botella.jpg","contentUrl":"https:\/\/www.caudete.org\/ayuntamiento\/wp-content\/uploads\/2024\/01\/foto-botella.jpg","width":800,"height":450},{"@type":"BreadcrumbList","@id":"https:\/\/www.caudete.org\/ayuntamiento\/campana-de-concienciacion-sobre-la-suciedad-generada-por-los-canidos-en-la-via-publica\/#breadcrumb","itemListElement":[{"@type":"ListItem","position":1,"name":"Inicio","item":"https:\/\/www.caudete.org\/ayuntamiento\/"},{"@type":"ListItem","position":2,"name":"Campa\u00f1a de concienciaci\u00f3n sobre la suciedad generada por los c\u00e1nidos en la v\u00eda p\u00fablica"}]},{"@type":"WebSite","@id":"https:\/\/www.caudete.org\/ayuntamiento\/#website","url":"https:\/\/www.caudete.org\/ayuntamiento\/","name":"MI Ayuntamiento de Caudete","description":"P\u00e1gina Oficial del MI Ayuntamiento de Caudete","potentialAction":[{"@type":"SearchAction","target":{"@type":"EntryPoint","urlTemplate":"https:\/\/www.caudete.org\/ayuntamiento\/?s={search_term_string}"},"query-input":{"@type":"PropertyValueSpecification","valueRequired":true,"valueName":"search_term_string"}}],"inLanguage":"es"},{"@type":"Person","@id":"https:\/\/www.caudete.org\/ayuntamiento\/#\/schema\/person\/4b9eab41761957db9b1bf9c418d1ef46","name":"Dpto Informatica MI Ayuntamiento de Caudete","image":{"@type":"ImageObject","inLanguage":"es","@id":"https:\/\/secure.gravatar.com\/avatar\/ac0321ee4a0a83e82a253e7b2d348ef539e2c8fe16d06b600bde04de1b364fa7?s=96&d=mm&r=g","url":"https:\/\/secure.gravatar.com\/avatar\/ac0321ee4a0a83e82a253e7b2d348ef539e2c8fe16d06b600bde04de1b364fa7?s=96&d=mm&r=g","contentUrl":"https:\/\/secure.gravatar.com\/avatar\/ac0321ee4a0a83e82a253e7b2d348ef539e2c8fe16d06b600bde04de1b364fa7?s=96&d=mm&r=g","caption":"Dpto Informatica MI Ayuntamiento de Caudete"},"url":"https:\/\/www.caudete.org\/ayuntamiento\/author\/informatica\/"}]}},"_links":{"self":[{"href":"https:\/\/www.caudete.org\/ayuntamiento\/wp-json\/wp\/v2\/posts\/24178","targetHints":{"allow":["GET"]}}],"collection":[{"href":"https:\/\/www.caudete.org\/ayuntamiento\/wp-json\/wp\/v2\/posts"}],"about":[{"href":"https:\/\/www.caudete.org\/ayuntamiento\/wp-json\/wp\/v2\/types\/post"}],"author":[{"embeddable":true,"href":"https:\/\/www.caudete.org\/ayuntamiento\/wp-json\/wp\/v2\/users\/5"}],"replies":[{"embeddable":true,"href":"https:\/\/www.caudete.org\/ayuntamiento\/wp-json\/wp\/v2\/comments?post=24178"}],"version-history":[{"count":4,"href":"https:\/\/www.caudete.org\/ayuntamiento\/wp-json\/wp\/v2\/posts\/24178\/revisions"}],"predecessor-version":[{"id":24185,"href":"https:\/\/www.caudete.org\/ayuntamiento\/wp-json\/wp\/v2\/posts\/24178\/revisions\/24185"}],"wp:featuredmedia":[{"embeddable":true,"href":"https:\/\/www.caudete.org\/ayuntamiento\/wp-json\/wp\/v2\/media\/24181"}],"wp:attachment":[{"href":"https:\/\/www.caudete.org\/ayuntamiento\/wp-json\/wp\/v2\/media?parent=24178"}],"wp:term":[{"taxonomy":"category","embeddable":true,"href":"https:\/\/www.caudete.org\/ayuntamiento\/wp-json\/wp\/v2\/categories?post=24178"},{"taxonomy":"post_tag","embeddable":true,"href":"https:\/\/www.caudete.org\/ayuntamiento\/wp-json\/wp\/v2\/tags?post=24178"}],"curies":[{"name":"wp","href":"https:\/\/api.w.org\/{rel}","templated":true}]}}