{"id":24193,"date":"2024-01-22T08:32:41","date_gmt":"2024-01-22T07:32:41","guid":{"rendered":"https:\/\/www.caudete.org\/ayuntamiento\/?p=24193"},"modified":"2024-01-23T14:24:32","modified_gmt":"2024-01-23T13:24:32","slug":"aula-sobre-ruedas-actividad-dirigida-a-jovenes-de-4oeso","status":"publish","type":"post","link":"https:\/\/www.caudete.org\/ayuntamiento\/aula-sobre-ruedas-actividad-dirigida-a-jovenes-de-4oeso\/","title":{"rendered":"AULA SOBRE RUEDAS, actividad dirigida a j\u00f3venes de 4\u00baESO"},"content":{"rendered":"<p style=\"text-align: justify;\">M\u00aaDolores Requena, Concejal de Juventud y Desarrollo Econ\u00f3mico, y representante municipal en el Grupo de Desarrollo Rural Monte Ib\u00e9rico-Corredor de Almansa, ha presentado el proyecto que dicha entidad ha puesto en marcha \u00abAula sobre Ruedas\u00bb, que pretende ser una\u00a0experiencia de cicloturismo\u00a0fascinante y \u00fanica para los j\u00f3venes del territorio.<\/p>\n<p style=\"text-align: justify;\">\u00abAula sobre Ruedas\u00bb\u00a0es una propuesta de actividad orientada a j\u00f3venes de\u00a04\u00ba de la ESO, donde\u00a0se va a preparar\u00a0un viaje cicloturista, para despu\u00e9s hacer ese viaje en bicicleta en grupo y por cuenta de los participantes. Despu\u00e9s, se explicar\u00e1 el viaje en los institutos para que otras compa\u00f1eras y compa\u00f1eros conozcan su experiencia.<\/p>\n<p style=\"text-align: justify;\">En la primera fase se preparar\u00e1 el viaje. Para ello, los organizadores pasar\u00e1n una tarde y una noche en el municipio de los alumnos para realizar\u00a0un taller para compartir conceptos clave de la preparaci\u00f3n de un viaje cicloturista: c\u00e1lculo de gastos, planificaci\u00f3n de la ruta y las paradas, dormir y cocinar, opciones para dormir y comer durante la ruta, higiene personal, del grupo y del medio ambiente, y cuidado y reparaci\u00f3n de la bicicleta.<\/p>\n<p style=\"text-align: justify;\">En la segunda fase se realizar\u00e1 el\u00a0viaje cicloturista\u00a0para descubrir los secretos de la comarca. Se realizar\u00e1 durante la\u00a0Semana Santa 2024, entre los d\u00edas 23 y 31 de marzo. Se recorrer\u00e1 toda la comarca en bicicleta, cocinando en grupo, durmiendo donde se decida\u00a0y sin veh\u00edculos de apoyo.<\/p>\n<p style=\"text-align: justify;\">En la iniciativa podr\u00e1 participar el alumnado de 4\u00ba de la ESO de los institutos IES\u00a0Escultor Jos\u00e9 Luis S\u00e1nchez\u00a0de Almansa, I.E.S.O.\u00a0Pascual Serrano\u00a0de Alpera,\u00a0IES\u00a0Pintor Rafael Requena\u00a0de Caudete, IES\u00a0Cinxella\u00a0de Chinchilla de Montearag\u00f3n y IESO\u00a0Alfonso Iniesta\u00a0de Pozo Ca\u00f1ada.<\/p>\n<p style=\"text-align: justify;\">El proyecto\u00a0\u00abAula sobre Ruedas\u00bb\u00a0est\u00e1 financiado al 100% por el\u00a0Programa LEADER 2014-2022.<\/p>\n<p><a href=\"https:\/\/docs.google.com\/forms\/d\/e\/1FAIpQLSfXTt_KZEps3jUh7sZO_dXwM_7M2yormFRgmyGb91YSssbkdQ\/viewform\" target=\"_blank\" rel=\"nofollow\">Pulsa aqu\u00ed para acceder al <strong>Formulario de Inscripci\u00f3n<\/strong>.<\/a><\/p>\n","protected":false},"excerpt":{"rendered":"<p>M\u00aaDolores Requena, Concejal de Juventud y Desarrollo Econ\u00f3mico, y representante municipal en el Grupo de Desarrollo Rural Monte Ib\u00e9rico-Corredor de Almansa, ha presentado el proyecto que dicha entidad ha puesto en marcha \u00abAula sobre Ruedas\u00bb, que pretende ser una\u00a0experiencia de cicloturismo\u00a0fascinante y \u00fanica para los j\u00f3venes del territorio. \u00abAula sobre Ruedas\u00bb\u00a0es una propuesta de actividad &hellip;<\/p>\n","protected":false},"author":3,"featured_media":24194,"comment_status":"closed","ping_status":"open","sticky":false,"template":"","format":"standard","meta":{"ngg_post_thumbnail":0,"footnotes":""},"categories":[121],"tags":[],"class_list":["post-24193","post","type-post","status-publish","format-standard","has-post-thumbnail","hentry","category-juventud-2"],"yoast_head":"<!-- This site is optimized with the Yoast SEO plugin v27.5 - https:\/\/yoast.com\/product\/yoast-seo-wordpress\/ -->\n<title>AULA SOBRE RUEDAS, actividad dirigida a j\u00f3venes de 4\u00baESO - MI Ayuntamiento de Caudete<\/title>\n<meta name=\"description\" content=\"P\u00e1gina Oficial del Ayuntamiento de Caudete (Albacete)\" \/>\n<meta name=\"robots\" content=\"index, follow, max-snippet:-1, max-image-preview:large, max-video-preview:-1\" \/>\n<link rel=\"canonical\" href=\"https:\/\/www.caudete.org\/ayuntamiento\/aula-sobre-ruedas-actividad-dirigida-a-jovenes-de-4oeso\/\" \/>\n<meta property=\"og:locale\" content=\"es_ES\" \/>\n<meta property=\"og:type\" content=\"article\" \/>\n<meta property=\"og:title\" content=\"AULA SOBRE RUEDAS, actividad dirigida a j\u00f3venes de 4\u00baESO - MI Ayuntamiento de Caudete\" \/>\n<meta property=\"og:description\" content=\"P\u00e1gina Oficial del Ayuntamiento de Caudete (Albacete)\" \/>\n<meta property=\"og:url\" content=\"https:\/\/www.caudete.org\/ayuntamiento\/aula-sobre-ruedas-actividad-dirigida-a-jovenes-de-4oeso\/\" \/>\n<meta property=\"og:site_name\" content=\"MI Ayuntamiento de Caudete\" \/>\n<meta property=\"article:publisher\" content=\"https:\/\/www.facebook.com\/ayuntamientocaudete\/\" \/>\n<meta property=\"article:published_time\" content=\"2024-01-22T07:32:41+00:00\" \/>\n<meta property=\"article:modified_time\" content=\"2024-01-23T13:24:32+00:00\" \/>\n<meta property=\"og:image\" content=\"https:\/\/www.caudete.org\/ayuntamiento\/wp-content\/uploads\/2024\/01\/1-21.jpg\" \/>\n\t<meta property=\"og:image:width\" content=\"1200\" \/>\n\t<meta property=\"og:image:height\" content=\"650\" \/>\n\t<meta property=\"og:image:type\" content=\"image\/jpeg\" \/>\n<meta name=\"author\" content=\"alcalde\" \/>\n<meta name=\"twitter:card\" content=\"summary_large_image\" \/>\n<meta name=\"twitter:label1\" content=\"Escrito por\" \/>\n\t<meta name=\"twitter:data1\" content=\"alcalde\" \/>\n\t<meta name=\"twitter:label2\" content=\"Tiempo de lectura\" \/>\n\t<meta name=\"twitter:data2\" content=\"2 minutos\" \/>\n<script type=\"application\/ld+json\" class=\"yoast-schema-graph\">{\"@context\":\"https:\\\/\\\/schema.org\",\"@graph\":[{\"@type\":\"Article\",\"@id\":\"https:\\\/\\\/www.caudete.org\\\/ayuntamiento\\\/aula-sobre-ruedas-actividad-dirigida-a-jovenes-de-4oeso\\\/#article\",\"isPartOf\":{\"@id\":\"https:\\\/\\\/www.caudete.org\\\/ayuntamiento\\\/aula-sobre-ruedas-actividad-dirigida-a-jovenes-de-4oeso\\\/\"},\"author\":{\"name\":\"alcalde\",\"@id\":\"https:\\\/\\\/www.caudete.org\\\/ayuntamiento\\\/#\\\/schema\\\/person\\\/cc646da9133078ee4d8dd47457947253\"},\"headline\":\"AULA SOBRE RUEDAS, actividad dirigida a j\u00f3venes de 4\u00baESO\",\"datePublished\":\"2024-01-22T07:32:41+00:00\",\"dateModified\":\"2024-01-23T13:24:32+00:00\",\"mainEntityOfPage\":{\"@id\":\"https:\\\/\\\/www.caudete.org\\\/ayuntamiento\\\/aula-sobre-ruedas-actividad-dirigida-a-jovenes-de-4oeso\\\/\"},\"wordCount\":326,\"publisher\":{\"@id\":\"https:\\\/\\\/www.caudete.org\\\/ayuntamiento\\\/#organization\"},\"image\":{\"@id\":\"https:\\\/\\\/www.caudete.org\\\/ayuntamiento\\\/aula-sobre-ruedas-actividad-dirigida-a-jovenes-de-4oeso\\\/#primaryimage\"},\"thumbnailUrl\":\"https:\\\/\\\/www.caudete.org\\\/ayuntamiento\\\/wp-content\\\/uploads\\\/2024\\\/01\\\/1-21.jpg\",\"articleSection\":[\"Juventud\"],\"inLanguage\":\"es\"},{\"@type\":\"WebPage\",\"@id\":\"https:\\\/\\\/www.caudete.org\\\/ayuntamiento\\\/aula-sobre-ruedas-actividad-dirigida-a-jovenes-de-4oeso\\\/\",\"url\":\"https:\\\/\\\/www.caudete.org\\\/ayuntamiento\\\/aula-sobre-ruedas-actividad-dirigida-a-jovenes-de-4oeso\\\/\",\"name\":\"AULA SOBRE RUEDAS, actividad dirigida a j\u00f3venes de 4\u00baESO - MI Ayuntamiento de Caudete\",\"isPartOf\":{\"@id\":\"https:\\\/\\\/www.caudete.org\\\/ayuntamiento\\\/#website\"},\"primaryImageOfPage\":{\"@id\":\"https:\\\/\\\/www.caudete.org\\\/ayuntamiento\\\/aula-sobre-ruedas-actividad-dirigida-a-jovenes-de-4oeso\\\/#primaryimage\"},\"image\":{\"@id\":\"https:\\\/\\\/www.caudete.org\\\/ayuntamiento\\\/aula-sobre-ruedas-actividad-dirigida-a-jovenes-de-4oeso\\\/#primaryimage\"},\"thumbnailUrl\":\"https:\\\/\\\/www.caudete.org\\\/ayuntamiento\\\/wp-content\\\/uploads\\\/2024\\\/01\\\/1-21.jpg\",\"datePublished\":\"2024-01-22T07:32:41+00:00\",\"dateModified\":\"2024-01-23T13:24:32+00:00\",\"description\":\"P\u00e1gina Oficial del Ayuntamiento de Caudete (Albacete)\",\"breadcrumb\":{\"@id\":\"https:\\\/\\\/www.caudete.org\\\/ayuntamiento\\\/aula-sobre-ruedas-actividad-dirigida-a-jovenes-de-4oeso\\\/#breadcrumb\"},\"inLanguage\":\"es\",\"potentialAction\":[{\"@type\":\"ReadAction\",\"target\":[\"https:\\\/\\\/www.caudete.org\\\/ayuntamiento\\\/aula-sobre-ruedas-actividad-dirigida-a-jovenes-de-4oeso\\\/\"]}]},{\"@type\":\"ImageObject\",\"inLanguage\":\"es\",\"@id\":\"https:\\\/\\\/www.caudete.org\\\/ayuntamiento\\\/aula-sobre-ruedas-actividad-dirigida-a-jovenes-de-4oeso\\\/#primaryimage\",\"url\":\"https:\\\/\\\/www.caudete.org\\\/ayuntamiento\\\/wp-content\\\/uploads\\\/2024\\\/01\\\/1-21.jpg\",\"contentUrl\":\"https:\\\/\\\/www.caudete.org\\\/ayuntamiento\\\/wp-content\\\/uploads\\\/2024\\\/01\\\/1-21.jpg\",\"width\":1200,\"height\":650},{\"@type\":\"BreadcrumbList\",\"@id\":\"https:\\\/\\\/www.caudete.org\\\/ayuntamiento\\\/aula-sobre-ruedas-actividad-dirigida-a-jovenes-de-4oeso\\\/#breadcrumb\",\"itemListElement\":[{\"@type\":\"ListItem\",\"position\":1,\"name\":\"Inicio\",\"item\":\"https:\\\/\\\/www.caudete.org\\\/ayuntamiento\\\/\"},{\"@type\":\"ListItem\",\"position\":2,\"name\":\"AULA SOBRE RUEDAS, actividad dirigida a j\u00f3venes de 4\u00baESO\"}]},{\"@type\":\"WebSite\",\"@id\":\"https:\\\/\\\/www.caudete.org\\\/ayuntamiento\\\/#website\",\"url\":\"https:\\\/\\\/www.caudete.org\\\/ayuntamiento\\\/\",\"name\":\"MI Ayuntamiento de Caudete\",\"description\":\"P\u00e1gina Oficial del MI Ayuntamiento de Caudete\",\"publisher\":{\"@id\":\"https:\\\/\\\/www.caudete.org\\\/ayuntamiento\\\/#organization\"},\"potentialAction\":[{\"@type\":\"SearchAction\",\"target\":{\"@type\":\"EntryPoint\",\"urlTemplate\":\"https:\\\/\\\/www.caudete.org\\\/ayuntamiento\\\/?s={search_term_string}\"},\"query-input\":{\"@type\":\"PropertyValueSpecification\",\"valueRequired\":true,\"valueName\":\"search_term_string\"}}],\"inLanguage\":\"es\"},{\"@type\":\"Organization\",\"@id\":\"https:\\\/\\\/www.caudete.org\\\/ayuntamiento\\\/#organization\",\"name\":\"Ayuntamiento de Caudete\",\"url\":\"https:\\\/\\\/www.caudete.org\\\/ayuntamiento\\\/\",\"logo\":{\"@type\":\"ImageObject\",\"inLanguage\":\"es\",\"@id\":\"https:\\\/\\\/www.caudete.org\\\/ayuntamiento\\\/#\\\/schema\\\/logo\\\/image\\\/\",\"url\":\"https:\\\/\\\/www.caudete.org\\\/ayuntamiento\\\/wp-content\\\/uploads\\\/2020\\\/11\\\/logo_ayuntamiento_caudete.jpg\",\"contentUrl\":\"https:\\\/\\\/www.caudete.org\\\/ayuntamiento\\\/wp-content\\\/uploads\\\/2020\\\/11\\\/logo_ayuntamiento_caudete.jpg\",\"width\":600,\"height\":150,\"caption\":\"Ayuntamiento de Caudete\"},\"image\":{\"@id\":\"https:\\\/\\\/www.caudete.org\\\/ayuntamiento\\\/#\\\/schema\\\/logo\\\/image\\\/\"},\"sameAs\":[\"https:\\\/\\\/www.facebook.com\\\/ayuntamientocaudete\\\/\",\"https:\\\/\\\/www.youtube.com\\\/channel\\\/UC6VztHaooNsGpw-tNoBEFnQ\"]},{\"@type\":\"Person\",\"@id\":\"https:\\\/\\\/www.caudete.org\\\/ayuntamiento\\\/#\\\/schema\\\/person\\\/cc646da9133078ee4d8dd47457947253\",\"name\":\"alcalde\",\"image\":{\"@type\":\"ImageObject\",\"inLanguage\":\"es\",\"@id\":\"https:\\\/\\\/secure.gravatar.com\\\/avatar\\\/84a817ba065b29ff08d666b215a215f5c79186a645ccb25b14a663d48a130f77?s=96&d=mm&r=g\",\"url\":\"https:\\\/\\\/secure.gravatar.com\\\/avatar\\\/84a817ba065b29ff08d666b215a215f5c79186a645ccb25b14a663d48a130f77?s=96&d=mm&r=g\",\"contentUrl\":\"https:\\\/\\\/secure.gravatar.com\\\/avatar\\\/84a817ba065b29ff08d666b215a215f5c79186a645ccb25b14a663d48a130f77?s=96&d=mm&r=g\",\"caption\":\"alcalde\"},\"url\":\"https:\\\/\\\/www.caudete.org\\\/ayuntamiento\\\/author\\\/alcalde\\\/\"}]}<\/script>\n<!-- \/ Yoast SEO plugin. -->","yoast_head_json":{"title":"AULA SOBRE RUEDAS, actividad dirigida a j\u00f3venes de 4\u00baESO - MI Ayuntamiento de Caudete","description":"P\u00e1gina Oficial del Ayuntamiento de Caudete (Albacete)","robots":{"index":"index","follow":"follow","max-snippet":"max-snippet:-1","max-image-preview":"max-image-preview:large","max-video-preview":"max-video-preview:-1"},"canonical":"https:\/\/www.caudete.org\/ayuntamiento\/aula-sobre-ruedas-actividad-dirigida-a-jovenes-de-4oeso\/","og_locale":"es_ES","og_type":"article","og_title":"AULA SOBRE RUEDAS, actividad dirigida a j\u00f3venes de 4\u00baESO - MI Ayuntamiento de Caudete","og_description":"P\u00e1gina Oficial del Ayuntamiento de Caudete (Albacete)","og_url":"https:\/\/www.caudete.org\/ayuntamiento\/aula-sobre-ruedas-actividad-dirigida-a-jovenes-de-4oeso\/","og_site_name":"MI Ayuntamiento de Caudete","article_publisher":"https:\/\/www.facebook.com\/ayuntamientocaudete\/","article_published_time":"2024-01-22T07:32:41+00:00","article_modified_time":"2024-01-23T13:24:32+00:00","og_image":[{"width":1200,"height":650,"url":"https:\/\/www.caudete.org\/ayuntamiento\/wp-content\/uploads\/2024\/01\/1-21.jpg","type":"image\/jpeg"}],"author":"alcalde","twitter_card":"summary_large_image","twitter_misc":{"Escrito por":"alcalde","Tiempo de lectura":"2 minutos"},"schema":{"@context":"https:\/\/schema.org","@graph":[{"@type":"Article","@id":"https:\/\/www.caudete.org\/ayuntamiento\/aula-sobre-ruedas-actividad-dirigida-a-jovenes-de-4oeso\/#article","isPartOf":{"@id":"https:\/\/www.caudete.org\/ayuntamiento\/aula-sobre-ruedas-actividad-dirigida-a-jovenes-de-4oeso\/"},"author":{"name":"alcalde","@id":"https:\/\/www.caudete.org\/ayuntamiento\/#\/schema\/person\/cc646da9133078ee4d8dd47457947253"},"headline":"AULA SOBRE RUEDAS, actividad dirigida a j\u00f3venes de 4\u00baESO","datePublished":"2024-01-22T07:32:41+00:00","dateModified":"2024-01-23T13:24:32+00:00","mainEntityOfPage":{"@id":"https:\/\/www.caudete.org\/ayuntamiento\/aula-sobre-ruedas-actividad-dirigida-a-jovenes-de-4oeso\/"},"wordCount":326,"publisher":{"@id":"https:\/\/www.caudete.org\/ayuntamiento\/#organization"},"image":{"@id":"https:\/\/www.caudete.org\/ayuntamiento\/aula-sobre-ruedas-actividad-dirigida-a-jovenes-de-4oeso\/#primaryimage"},"thumbnailUrl":"https:\/\/www.caudete.org\/ayuntamiento\/wp-content\/uploads\/2024\/01\/1-21.jpg","articleSection":["Juventud"],"inLanguage":"es"},{"@type":"WebPage","@id":"https:\/\/www.caudete.org\/ayuntamiento\/aula-sobre-ruedas-actividad-dirigida-a-jovenes-de-4oeso\/","url":"https:\/\/www.caudete.org\/ayuntamiento\/aula-sobre-ruedas-actividad-dirigida-a-jovenes-de-4oeso\/","name":"AULA SOBRE RUEDAS, actividad dirigida a j\u00f3venes de 4\u00baESO - MI Ayuntamiento de Caudete","isPartOf":{"@id":"https:\/\/www.caudete.org\/ayuntamiento\/#website"},"primaryImageOfPage":{"@id":"https:\/\/www.caudete.org\/ayuntamiento\/aula-sobre-ruedas-actividad-dirigida-a-jovenes-de-4oeso\/#primaryimage"},"image":{"@id":"https:\/\/www.caudete.org\/ayuntamiento\/aula-sobre-ruedas-actividad-dirigida-a-jovenes-de-4oeso\/#primaryimage"},"thumbnailUrl":"https:\/\/www.caudete.org\/ayuntamiento\/wp-content\/uploads\/2024\/01\/1-21.jpg","datePublished":"2024-01-22T07:32:41+00:00","dateModified":"2024-01-23T13:24:32+00:00","description":"P\u00e1gina Oficial del Ayuntamiento de Caudete (Albacete)","breadcrumb":{"@id":"https:\/\/www.caudete.org\/ayuntamiento\/aula-sobre-ruedas-actividad-dirigida-a-jovenes-de-4oeso\/#breadcrumb"},"inLanguage":"es","potentialAction":[{"@type":"ReadAction","target":["https:\/\/www.caudete.org\/ayuntamiento\/aula-sobre-ruedas-actividad-dirigida-a-jovenes-de-4oeso\/"]}]},{"@type":"ImageObject","inLanguage":"es","@id":"https:\/\/www.caudete.org\/ayuntamiento\/aula-sobre-ruedas-actividad-dirigida-a-jovenes-de-4oeso\/#primaryimage","url":"https:\/\/www.caudete.org\/ayuntamiento\/wp-content\/uploads\/2024\/01\/1-21.jpg","contentUrl":"https:\/\/www.caudete.org\/ayuntamiento\/wp-content\/uploads\/2024\/01\/1-21.jpg","width":1200,"height":650},{"@type":"BreadcrumbList","@id":"https:\/\/www.caudete.org\/ayuntamiento\/aula-sobre-ruedas-actividad-dirigida-a-jovenes-de-4oeso\/#breadcrumb","itemListElement":[{"@type":"ListItem","position":1,"name":"Inicio","item":"https:\/\/www.caudete.org\/ayuntamiento\/"},{"@type":"ListItem","position":2,"name":"AULA SOBRE RUEDAS, actividad dirigida a j\u00f3venes de 4\u00baESO"}]},{"@type":"WebSite","@id":"https:\/\/www.caudete.org\/ayuntamiento\/#website","url":"https:\/\/www.caudete.org\/ayuntamiento\/","name":"MI Ayuntamiento de Caudete","description":"P\u00e1gina Oficial del MI Ayuntamiento de Caudete","publisher":{"@id":"https:\/\/www.caudete.org\/ayuntamiento\/#organization"},"potentialAction":[{"@type":"SearchAction","target":{"@type":"EntryPoint","urlTemplate":"https:\/\/www.caudete.org\/ayuntamiento\/?s={search_term_string}"},"query-input":{"@type":"PropertyValueSpecification","valueRequired":true,"valueName":"search_term_string"}}],"inLanguage":"es"},{"@type":"Organization","@id":"https:\/\/www.caudete.org\/ayuntamiento\/#organization","name":"Ayuntamiento de Caudete","url":"https:\/\/www.caudete.org\/ayuntamiento\/","logo":{"@type":"ImageObject","inLanguage":"es","@id":"https:\/\/www.caudete.org\/ayuntamiento\/#\/schema\/logo\/image\/","url":"https:\/\/www.caudete.org\/ayuntamiento\/wp-content\/uploads\/2020\/11\/logo_ayuntamiento_caudete.jpg","contentUrl":"https:\/\/www.caudete.org\/ayuntamiento\/wp-content\/uploads\/2020\/11\/logo_ayuntamiento_caudete.jpg","width":600,"height":150,"caption":"Ayuntamiento de Caudete"},"image":{"@id":"https:\/\/www.caudete.org\/ayuntamiento\/#\/schema\/logo\/image\/"},"sameAs":["https:\/\/www.facebook.com\/ayuntamientocaudete\/","https:\/\/www.youtube.com\/channel\/UC6VztHaooNsGpw-tNoBEFnQ"]},{"@type":"Person","@id":"https:\/\/www.caudete.org\/ayuntamiento\/#\/schema\/person\/cc646da9133078ee4d8dd47457947253","name":"alcalde","image":{"@type":"ImageObject","inLanguage":"es","@id":"https:\/\/secure.gravatar.com\/avatar\/84a817ba065b29ff08d666b215a215f5c79186a645ccb25b14a663d48a130f77?s=96&d=mm&r=g","url":"https:\/\/secure.gravatar.com\/avatar\/84a817ba065b29ff08d666b215a215f5c79186a645ccb25b14a663d48a130f77?s=96&d=mm&r=g","contentUrl":"https:\/\/secure.gravatar.com\/avatar\/84a817ba065b29ff08d666b215a215f5c79186a645ccb25b14a663d48a130f77?s=96&d=mm&r=g","caption":"alcalde"},"url":"https:\/\/www.caudete.org\/ayuntamiento\/author\/alcalde\/"}]}},"_links":{"self":[{"href":"https:\/\/www.caudete.org\/ayuntamiento\/wp-json\/wp\/v2\/posts\/24193","targetHints":{"allow":["GET"]}}],"collection":[{"href":"https:\/\/www.caudete.org\/ayuntamiento\/wp-json\/wp\/v2\/posts"}],"about":[{"href":"https:\/\/www.caudete.org\/ayuntamiento\/wp-json\/wp\/v2\/types\/post"}],"author":[{"embeddable":true,"href":"https:\/\/www.caudete.org\/ayuntamiento\/wp-json\/wp\/v2\/users\/3"}],"replies":[{"embeddable":true,"href":"https:\/\/www.caudete.org\/ayuntamiento\/wp-json\/wp\/v2\/comments?post=24193"}],"version-history":[{"count":4,"href":"https:\/\/www.caudete.org\/ayuntamiento\/wp-json\/wp\/v2\/posts\/24193\/revisions"}],"predecessor-version":[{"id":24210,"href":"https:\/\/www.caudete.org\/ayuntamiento\/wp-json\/wp\/v2\/posts\/24193\/revisions\/24210"}],"wp:featuredmedia":[{"embeddable":true,"href":"https:\/\/www.caudete.org\/ayuntamiento\/wp-json\/wp\/v2\/media\/24194"}],"wp:attachment":[{"href":"https:\/\/www.caudete.org\/ayuntamiento\/wp-json\/wp\/v2\/media?parent=24193"}],"wp:term":[{"taxonomy":"category","embeddable":true,"href":"https:\/\/www.caudete.org\/ayuntamiento\/wp-json\/wp\/v2\/categories?post=24193"},{"taxonomy":"post_tag","embeddable":true,"href":"https:\/\/www.caudete.org\/ayuntamiento\/wp-json\/wp\/v2\/tags?post=24193"}],"curies":[{"name":"wp","href":"https:\/\/api.w.org\/{rel}","templated":true}]}}