{"id":24230,"date":"2024-01-24T12:57:09","date_gmt":"2024-01-24T11:57:09","guid":{"rendered":"https:\/\/www.caudete.org\/ayuntamiento\/?p=24230"},"modified":"2024-01-24T16:00:46","modified_gmt":"2024-01-24T15:00:46","slug":"convocada-una-bolsa-de-trabajo-de-tag-tecnico-de-administracion-general","status":"publish","type":"post","link":"https:\/\/www.caudete.org\/ayuntamiento\/convocada-una-bolsa-de-trabajo-de-tag-tecnico-de-administracion-general\/","title":{"rendered":"Convocada una Bolsa de Trabajo de TAG (T\u00e9cnico de Administraci\u00f3n General)"},"content":{"rendered":"<p style=\"text-align: justify;\">La Junta de Gobierno Local del pasado viernes daba tambi\u00e9n el visto bueno a la convocatoria de empleo que permitir\u00e1 configurar una nueva Bolsa de Trabajo, complementaria a la actual, para la cobertura del puesto de T\u00e9cnico de Administraci\u00f3n General.<\/p>\n<p style=\"text-align: justify;\">Tal y como ha informado la Concejal de Recursos Humanos, Mar\u00eda del Pilar Egea Serrano, una vez sean publicadas en el Tabl\u00f3n de Anuncios las convocatorias y bases, se abre el plazo por 10 d\u00edas h\u00e1biles, concluyendo el pr\u00f3ximo 7 de Febrero (inclusive), para que los interesados presentes sus solicitudes siguiendo el procedimiento establecido en las Bases, las cuales pueden consultarse en los enlaces adjuntos.<\/p>\n<p style=\"text-align: center;\"><a href=\"https:\/\/caudete.sedipualba.es\/tablondeanuncios\/anuncio.aspx?id=51878\" target=\"_blank\" rel=\"nofollow\">(Enlace Base y Convocatoria)<\/a><\/p>\n<p><a href=\"https:\/\/www.caudete.org\/ayuntamiento\/wp-content\/uploads\/2024\/01\/ANUNCIO_PUBLICACION_BASES_PARA_LA_CONSTITUCION_DE_BOLSA_DE_EMPLEO_COMPLEMENTARIA_DE_TAG_-_SEFYCU_469.pdf\" class=\"mtli_attachment mtli_pdf\">ANUNCIO_PUBLICACION_BASES_PARA_LA_CONSTITUCION_DE_BOLSA_DE_EMPLEO_COMPLEMENTARIA_DE_TAG_-_SEFYCU_469<\/a><\/p>\n<p><a href=\"https:\/\/www.caudete.org\/ayuntamiento\/wp-content\/uploads\/2024\/01\/ANEXO-I-TAG.doc\" class=\"mtli_attachment mtli_doc\">ANEXO I SOLICITUD DE PARTICIPACI\u00d3N EN EL PROCESO SELECTIVO DE UNA BOLSA DE TRABAJO DE TAG <\/a><\/p>\n","protected":false},"excerpt":{"rendered":"<p>La Junta de Gobierno Local del pasado viernes daba tambi\u00e9n el visto bueno a la convocatoria de empleo que permitir\u00e1 configurar una nueva Bolsa de Trabajo, complementaria a la actual, para la cobertura del puesto de T\u00e9cnico de Administraci\u00f3n General. Tal y como ha informado la Concejal de Recursos Humanos, Mar\u00eda del Pilar Egea Serrano, &hellip;<\/p>\n","protected":false},"author":3,"featured_media":24231,"comment_status":"closed","ping_status":"open","sticky":false,"template":"","format":"standard","meta":{"ngg_post_thumbnail":0,"footnotes":""},"categories":[33],"tags":[],"class_list":["post-24230","post","type-post","status-publish","format-standard","has-post-thumbnail","hentry","category-recursos-humanos"],"yoast_head":"<!-- This site is optimized with the Yoast SEO plugin v27.5 - https:\/\/yoast.com\/product\/yoast-seo-wordpress\/ -->\n<title>Convocada una Bolsa de Trabajo de TAG (T\u00e9cnico de Administraci\u00f3n General) - MI Ayuntamiento de Caudete<\/title>\n<meta name=\"description\" content=\"P\u00e1gina Oficial del Ayuntamiento de Caudete (Albacete)\" \/>\n<meta name=\"robots\" content=\"index, follow, max-snippet:-1, max-image-preview:large, max-video-preview:-1\" \/>\n<link rel=\"canonical\" href=\"https:\/\/www.caudete.org\/ayuntamiento\/convocada-una-bolsa-de-trabajo-de-tag-tecnico-de-administracion-general\/\" \/>\n<meta property=\"og:locale\" content=\"es_ES\" \/>\n<meta property=\"og:type\" content=\"article\" \/>\n<meta property=\"og:title\" content=\"Convocada una Bolsa de Trabajo de TAG (T\u00e9cnico de Administraci\u00f3n General) - MI Ayuntamiento de Caudete\" \/>\n<meta property=\"og:description\" content=\"P\u00e1gina Oficial del Ayuntamiento de Caudete (Albacete)\" \/>\n<meta property=\"og:url\" content=\"https:\/\/www.caudete.org\/ayuntamiento\/convocada-una-bolsa-de-trabajo-de-tag-tecnico-de-administracion-general\/\" \/>\n<meta property=\"og:site_name\" content=\"MI Ayuntamiento de Caudete\" \/>\n<meta property=\"article:publisher\" content=\"https:\/\/www.facebook.com\/ayuntamientocaudete\/\" \/>\n<meta property=\"article:published_time\" content=\"2024-01-24T11:57:09+00:00\" \/>\n<meta property=\"article:modified_time\" content=\"2024-01-24T15:00:46+00:00\" \/>\n<meta property=\"og:image\" content=\"https:\/\/www.caudete.org\/ayuntamiento\/wp-content\/uploads\/2024\/01\/Bolsa-Empleo-TAG.jpg\" \/>\n\t<meta property=\"og:image:width\" content=\"982\" \/>\n\t<meta property=\"og:image:height\" content=\"727\" \/>\n\t<meta property=\"og:image:type\" content=\"image\/jpeg\" \/>\n<meta name=\"author\" content=\"alcalde\" \/>\n<meta name=\"twitter:card\" content=\"summary_large_image\" \/>\n<meta name=\"twitter:label1\" content=\"Escrito por\" \/>\n\t<meta name=\"twitter:data1\" content=\"alcalde\" \/>\n\t<meta name=\"twitter:label2\" content=\"Tiempo de lectura\" \/>\n\t<meta name=\"twitter:data2\" content=\"1 minuto\" \/>\n<script type=\"application\/ld+json\" class=\"yoast-schema-graph\">{\"@context\":\"https:\\\/\\\/schema.org\",\"@graph\":[{\"@type\":\"Article\",\"@id\":\"https:\\\/\\\/www.caudete.org\\\/ayuntamiento\\\/convocada-una-bolsa-de-trabajo-de-tag-tecnico-de-administracion-general\\\/#article\",\"isPartOf\":{\"@id\":\"https:\\\/\\\/www.caudete.org\\\/ayuntamiento\\\/convocada-una-bolsa-de-trabajo-de-tag-tecnico-de-administracion-general\\\/\"},\"author\":{\"name\":\"alcalde\",\"@id\":\"https:\\\/\\\/www.caudete.org\\\/ayuntamiento\\\/#\\\/schema\\\/person\\\/cc646da9133078ee4d8dd47457947253\"},\"headline\":\"Convocada una Bolsa de Trabajo de TAG (T\u00e9cnico de Administraci\u00f3n General)\",\"datePublished\":\"2024-01-24T11:57:09+00:00\",\"dateModified\":\"2024-01-24T15:00:46+00:00\",\"mainEntityOfPage\":{\"@id\":\"https:\\\/\\\/www.caudete.org\\\/ayuntamiento\\\/convocada-una-bolsa-de-trabajo-de-tag-tecnico-de-administracion-general\\\/\"},\"wordCount\":160,\"image\":{\"@id\":\"https:\\\/\\\/www.caudete.org\\\/ayuntamiento\\\/convocada-una-bolsa-de-trabajo-de-tag-tecnico-de-administracion-general\\\/#primaryimage\"},\"thumbnailUrl\":\"https:\\\/\\\/www.caudete.org\\\/ayuntamiento\\\/wp-content\\\/uploads\\\/2024\\\/01\\\/Bolsa-Empleo-TAG.jpg\",\"articleSection\":[\"Recursos Humanos\"],\"inLanguage\":\"es\"},{\"@type\":\"WebPage\",\"@id\":\"https:\\\/\\\/www.caudete.org\\\/ayuntamiento\\\/convocada-una-bolsa-de-trabajo-de-tag-tecnico-de-administracion-general\\\/\",\"url\":\"https:\\\/\\\/www.caudete.org\\\/ayuntamiento\\\/convocada-una-bolsa-de-trabajo-de-tag-tecnico-de-administracion-general\\\/\",\"name\":\"Convocada una Bolsa de Trabajo de TAG (T\u00e9cnico de Administraci\u00f3n General) - MI Ayuntamiento de Caudete\",\"isPartOf\":{\"@id\":\"https:\\\/\\\/www.caudete.org\\\/ayuntamiento\\\/#website\"},\"primaryImageOfPage\":{\"@id\":\"https:\\\/\\\/www.caudete.org\\\/ayuntamiento\\\/convocada-una-bolsa-de-trabajo-de-tag-tecnico-de-administracion-general\\\/#primaryimage\"},\"image\":{\"@id\":\"https:\\\/\\\/www.caudete.org\\\/ayuntamiento\\\/convocada-una-bolsa-de-trabajo-de-tag-tecnico-de-administracion-general\\\/#primaryimage\"},\"thumbnailUrl\":\"https:\\\/\\\/www.caudete.org\\\/ayuntamiento\\\/wp-content\\\/uploads\\\/2024\\\/01\\\/Bolsa-Empleo-TAG.jpg\",\"datePublished\":\"2024-01-24T11:57:09+00:00\",\"dateModified\":\"2024-01-24T15:00:46+00:00\",\"author\":{\"@id\":\"https:\\\/\\\/www.caudete.org\\\/ayuntamiento\\\/#\\\/schema\\\/person\\\/cc646da9133078ee4d8dd47457947253\"},\"description\":\"P\u00e1gina Oficial del Ayuntamiento de Caudete (Albacete)\",\"breadcrumb\":{\"@id\":\"https:\\\/\\\/www.caudete.org\\\/ayuntamiento\\\/convocada-una-bolsa-de-trabajo-de-tag-tecnico-de-administracion-general\\\/#breadcrumb\"},\"inLanguage\":\"es\",\"potentialAction\":[{\"@type\":\"ReadAction\",\"target\":[\"https:\\\/\\\/www.caudete.org\\\/ayuntamiento\\\/convocada-una-bolsa-de-trabajo-de-tag-tecnico-de-administracion-general\\\/\"]}]},{\"@type\":\"ImageObject\",\"inLanguage\":\"es\",\"@id\":\"https:\\\/\\\/www.caudete.org\\\/ayuntamiento\\\/convocada-una-bolsa-de-trabajo-de-tag-tecnico-de-administracion-general\\\/#primaryimage\",\"url\":\"https:\\\/\\\/www.caudete.org\\\/ayuntamiento\\\/wp-content\\\/uploads\\\/2024\\\/01\\\/Bolsa-Empleo-TAG.jpg\",\"contentUrl\":\"https:\\\/\\\/www.caudete.org\\\/ayuntamiento\\\/wp-content\\\/uploads\\\/2024\\\/01\\\/Bolsa-Empleo-TAG.jpg\",\"width\":982,\"height\":727},{\"@type\":\"BreadcrumbList\",\"@id\":\"https:\\\/\\\/www.caudete.org\\\/ayuntamiento\\\/convocada-una-bolsa-de-trabajo-de-tag-tecnico-de-administracion-general\\\/#breadcrumb\",\"itemListElement\":[{\"@type\":\"ListItem\",\"position\":1,\"name\":\"Inicio\",\"item\":\"https:\\\/\\\/www.caudete.org\\\/ayuntamiento\\\/\"},{\"@type\":\"ListItem\",\"position\":2,\"name\":\"Convocada una Bolsa de Trabajo de TAG (T\u00e9cnico de Administraci\u00f3n General)\"}]},{\"@type\":\"WebSite\",\"@id\":\"https:\\\/\\\/www.caudete.org\\\/ayuntamiento\\\/#website\",\"url\":\"https:\\\/\\\/www.caudete.org\\\/ayuntamiento\\\/\",\"name\":\"MI Ayuntamiento de Caudete\",\"description\":\"P\u00e1gina Oficial del MI Ayuntamiento de Caudete\",\"potentialAction\":[{\"@type\":\"SearchAction\",\"target\":{\"@type\":\"EntryPoint\",\"urlTemplate\":\"https:\\\/\\\/www.caudete.org\\\/ayuntamiento\\\/?s={search_term_string}\"},\"query-input\":{\"@type\":\"PropertyValueSpecification\",\"valueRequired\":true,\"valueName\":\"search_term_string\"}}],\"inLanguage\":\"es\"},{\"@type\":\"Person\",\"@id\":\"https:\\\/\\\/www.caudete.org\\\/ayuntamiento\\\/#\\\/schema\\\/person\\\/cc646da9133078ee4d8dd47457947253\",\"name\":\"alcalde\",\"image\":{\"@type\":\"ImageObject\",\"inLanguage\":\"es\",\"@id\":\"https:\\\/\\\/secure.gravatar.com\\\/avatar\\\/84a817ba065b29ff08d666b215a215f5c79186a645ccb25b14a663d48a130f77?s=96&d=mm&r=g\",\"url\":\"https:\\\/\\\/secure.gravatar.com\\\/avatar\\\/84a817ba065b29ff08d666b215a215f5c79186a645ccb25b14a663d48a130f77?s=96&d=mm&r=g\",\"contentUrl\":\"https:\\\/\\\/secure.gravatar.com\\\/avatar\\\/84a817ba065b29ff08d666b215a215f5c79186a645ccb25b14a663d48a130f77?s=96&d=mm&r=g\",\"caption\":\"alcalde\"},\"url\":\"https:\\\/\\\/www.caudete.org\\\/ayuntamiento\\\/author\\\/alcalde\\\/\"}]}<\/script>\n<!-- \/ Yoast SEO plugin. -->","yoast_head_json":{"title":"Convocada una Bolsa de Trabajo de TAG (T\u00e9cnico de Administraci\u00f3n General) - MI Ayuntamiento de Caudete","description":"P\u00e1gina Oficial del Ayuntamiento de Caudete (Albacete)","robots":{"index":"index","follow":"follow","max-snippet":"max-snippet:-1","max-image-preview":"max-image-preview:large","max-video-preview":"max-video-preview:-1"},"canonical":"https:\/\/www.caudete.org\/ayuntamiento\/convocada-una-bolsa-de-trabajo-de-tag-tecnico-de-administracion-general\/","og_locale":"es_ES","og_type":"article","og_title":"Convocada una Bolsa de Trabajo de TAG (T\u00e9cnico de Administraci\u00f3n General) - MI Ayuntamiento de Caudete","og_description":"P\u00e1gina Oficial del Ayuntamiento de Caudete (Albacete)","og_url":"https:\/\/www.caudete.org\/ayuntamiento\/convocada-una-bolsa-de-trabajo-de-tag-tecnico-de-administracion-general\/","og_site_name":"MI Ayuntamiento de Caudete","article_publisher":"https:\/\/www.facebook.com\/ayuntamientocaudete\/","article_published_time":"2024-01-24T11:57:09+00:00","article_modified_time":"2024-01-24T15:00:46+00:00","og_image":[{"width":982,"height":727,"url":"https:\/\/www.caudete.org\/ayuntamiento\/wp-content\/uploads\/2024\/01\/Bolsa-Empleo-TAG.jpg","type":"image\/jpeg"}],"author":"alcalde","twitter_card":"summary_large_image","twitter_misc":{"Escrito por":"alcalde","Tiempo de lectura":"1 minuto"},"schema":{"@context":"https:\/\/schema.org","@graph":[{"@type":"Article","@id":"https:\/\/www.caudete.org\/ayuntamiento\/convocada-una-bolsa-de-trabajo-de-tag-tecnico-de-administracion-general\/#article","isPartOf":{"@id":"https:\/\/www.caudete.org\/ayuntamiento\/convocada-una-bolsa-de-trabajo-de-tag-tecnico-de-administracion-general\/"},"author":{"name":"alcalde","@id":"https:\/\/www.caudete.org\/ayuntamiento\/#\/schema\/person\/cc646da9133078ee4d8dd47457947253"},"headline":"Convocada una Bolsa de Trabajo de TAG (T\u00e9cnico de Administraci\u00f3n General)","datePublished":"2024-01-24T11:57:09+00:00","dateModified":"2024-01-24T15:00:46+00:00","mainEntityOfPage":{"@id":"https:\/\/www.caudete.org\/ayuntamiento\/convocada-una-bolsa-de-trabajo-de-tag-tecnico-de-administracion-general\/"},"wordCount":160,"image":{"@id":"https:\/\/www.caudete.org\/ayuntamiento\/convocada-una-bolsa-de-trabajo-de-tag-tecnico-de-administracion-general\/#primaryimage"},"thumbnailUrl":"https:\/\/www.caudete.org\/ayuntamiento\/wp-content\/uploads\/2024\/01\/Bolsa-Empleo-TAG.jpg","articleSection":["Recursos Humanos"],"inLanguage":"es"},{"@type":"WebPage","@id":"https:\/\/www.caudete.org\/ayuntamiento\/convocada-una-bolsa-de-trabajo-de-tag-tecnico-de-administracion-general\/","url":"https:\/\/www.caudete.org\/ayuntamiento\/convocada-una-bolsa-de-trabajo-de-tag-tecnico-de-administracion-general\/","name":"Convocada una Bolsa de Trabajo de TAG (T\u00e9cnico de Administraci\u00f3n General) - MI Ayuntamiento de Caudete","isPartOf":{"@id":"https:\/\/www.caudete.org\/ayuntamiento\/#website"},"primaryImageOfPage":{"@id":"https:\/\/www.caudete.org\/ayuntamiento\/convocada-una-bolsa-de-trabajo-de-tag-tecnico-de-administracion-general\/#primaryimage"},"image":{"@id":"https:\/\/www.caudete.org\/ayuntamiento\/convocada-una-bolsa-de-trabajo-de-tag-tecnico-de-administracion-general\/#primaryimage"},"thumbnailUrl":"https:\/\/www.caudete.org\/ayuntamiento\/wp-content\/uploads\/2024\/01\/Bolsa-Empleo-TAG.jpg","datePublished":"2024-01-24T11:57:09+00:00","dateModified":"2024-01-24T15:00:46+00:00","author":{"@id":"https:\/\/www.caudete.org\/ayuntamiento\/#\/schema\/person\/cc646da9133078ee4d8dd47457947253"},"description":"P\u00e1gina Oficial del Ayuntamiento de Caudete (Albacete)","breadcrumb":{"@id":"https:\/\/www.caudete.org\/ayuntamiento\/convocada-una-bolsa-de-trabajo-de-tag-tecnico-de-administracion-general\/#breadcrumb"},"inLanguage":"es","potentialAction":[{"@type":"ReadAction","target":["https:\/\/www.caudete.org\/ayuntamiento\/convocada-una-bolsa-de-trabajo-de-tag-tecnico-de-administracion-general\/"]}]},{"@type":"ImageObject","inLanguage":"es","@id":"https:\/\/www.caudete.org\/ayuntamiento\/convocada-una-bolsa-de-trabajo-de-tag-tecnico-de-administracion-general\/#primaryimage","url":"https:\/\/www.caudete.org\/ayuntamiento\/wp-content\/uploads\/2024\/01\/Bolsa-Empleo-TAG.jpg","contentUrl":"https:\/\/www.caudete.org\/ayuntamiento\/wp-content\/uploads\/2024\/01\/Bolsa-Empleo-TAG.jpg","width":982,"height":727},{"@type":"BreadcrumbList","@id":"https:\/\/www.caudete.org\/ayuntamiento\/convocada-una-bolsa-de-trabajo-de-tag-tecnico-de-administracion-general\/#breadcrumb","itemListElement":[{"@type":"ListItem","position":1,"name":"Inicio","item":"https:\/\/www.caudete.org\/ayuntamiento\/"},{"@type":"ListItem","position":2,"name":"Convocada una Bolsa de Trabajo de TAG (T\u00e9cnico de Administraci\u00f3n General)"}]},{"@type":"WebSite","@id":"https:\/\/www.caudete.org\/ayuntamiento\/#website","url":"https:\/\/www.caudete.org\/ayuntamiento\/","name":"MI Ayuntamiento de Caudete","description":"P\u00e1gina Oficial del MI Ayuntamiento de Caudete","potentialAction":[{"@type":"SearchAction","target":{"@type":"EntryPoint","urlTemplate":"https:\/\/www.caudete.org\/ayuntamiento\/?s={search_term_string}"},"query-input":{"@type":"PropertyValueSpecification","valueRequired":true,"valueName":"search_term_string"}}],"inLanguage":"es"},{"@type":"Person","@id":"https:\/\/www.caudete.org\/ayuntamiento\/#\/schema\/person\/cc646da9133078ee4d8dd47457947253","name":"alcalde","image":{"@type":"ImageObject","inLanguage":"es","@id":"https:\/\/secure.gravatar.com\/avatar\/84a817ba065b29ff08d666b215a215f5c79186a645ccb25b14a663d48a130f77?s=96&d=mm&r=g","url":"https:\/\/secure.gravatar.com\/avatar\/84a817ba065b29ff08d666b215a215f5c79186a645ccb25b14a663d48a130f77?s=96&d=mm&r=g","contentUrl":"https:\/\/secure.gravatar.com\/avatar\/84a817ba065b29ff08d666b215a215f5c79186a645ccb25b14a663d48a130f77?s=96&d=mm&r=g","caption":"alcalde"},"url":"https:\/\/www.caudete.org\/ayuntamiento\/author\/alcalde\/"}]}},"_links":{"self":[{"href":"https:\/\/www.caudete.org\/ayuntamiento\/wp-json\/wp\/v2\/posts\/24230","targetHints":{"allow":["GET"]}}],"collection":[{"href":"https:\/\/www.caudete.org\/ayuntamiento\/wp-json\/wp\/v2\/posts"}],"about":[{"href":"https:\/\/www.caudete.org\/ayuntamiento\/wp-json\/wp\/v2\/types\/post"}],"author":[{"embeddable":true,"href":"https:\/\/www.caudete.org\/ayuntamiento\/wp-json\/wp\/v2\/users\/3"}],"replies":[{"embeddable":true,"href":"https:\/\/www.caudete.org\/ayuntamiento\/wp-json\/wp\/v2\/comments?post=24230"}],"version-history":[{"count":5,"href":"https:\/\/www.caudete.org\/ayuntamiento\/wp-json\/wp\/v2\/posts\/24230\/revisions"}],"predecessor-version":[{"id":24246,"href":"https:\/\/www.caudete.org\/ayuntamiento\/wp-json\/wp\/v2\/posts\/24230\/revisions\/24246"}],"wp:featuredmedia":[{"embeddable":true,"href":"https:\/\/www.caudete.org\/ayuntamiento\/wp-json\/wp\/v2\/media\/24231"}],"wp:attachment":[{"href":"https:\/\/www.caudete.org\/ayuntamiento\/wp-json\/wp\/v2\/media?parent=24230"}],"wp:term":[{"taxonomy":"category","embeddable":true,"href":"https:\/\/www.caudete.org\/ayuntamiento\/wp-json\/wp\/v2\/categories?post=24230"},{"taxonomy":"post_tag","embeddable":true,"href":"https:\/\/www.caudete.org\/ayuntamiento\/wp-json\/wp\/v2\/tags?post=24230"}],"curies":[{"name":"wp","href":"https:\/\/api.w.org\/{rel}","templated":true}]}}