{"id":24278,"date":"2024-01-30T10:05:13","date_gmt":"2024-01-30T09:05:13","guid":{"rendered":"https:\/\/www.caudete.org\/ayuntamiento\/?p=24278"},"modified":"2024-01-30T10:08:44","modified_gmt":"2024-01-30T09:08:44","slug":"medidas-tomadas-para-intentar-mejorar-la-recogida-de-aguas-pluviales","status":"publish","type":"post","link":"https:\/\/www.caudete.org\/ayuntamiento\/medidas-tomadas-para-intentar-mejorar-la-recogida-de-aguas-pluviales\/","title":{"rendered":"Medidas tomadas para intentar mejorar la recogida de aguas pluviales"},"content":{"rendered":"<p style=\"text-align: center;\"><em>Comunicado de Jos\u00e9 Miguel Moll\u00e1 Nieto,<br \/>\n<\/em><strong><em><u>concejal del Ciclo Integral del Agua<\/u><\/em><\/strong><\/p>\n<p>El pasado martes d\u00eda 23 de enero han terminado las obras realizadas para intentar mejorar el sistema de recogida de las aguas pluviales (las de lluvia) en nuestra localidad.<br \/>\nTodos sabemos que la zona m\u00e1s baja de nuestra localidad se encuentra en la rambla de San Ant\u00f3n y es all\u00ed donde van a \u201cmorir\u201d la mayor\u00eda estas escorrent\u00edas de agua de lluvia.<\/p>\n<p>Cuando hemos sufrido episodios de lluvias torrenciales, los colectores de recogida de esas aguas no soportan la presi\u00f3n y terminan por saltar las tapas de las alcantarillas, inundando los bajos de algunas viviendas, en definitiva, por una causa u otra, causando importantes molestias a los vecinos no solo, como he dicho, de viviendas, sino tambi\u00e9n de fincas cultivadas adyacentes, etc.<\/p>\n<p>A modo de mayor informaci\u00f3n, aprovecho para informaros que a lo largo del Camino de Biar y desde la depuradora vieja y hasta la nueva, por el margen derecho, baja un colector de la depuradora vieja que se encuentra en muy mal estado, y por la izquierda baja el colector de la depuradora nueva, ambos se juntan en las inmediaciones de la depuradora nueva. Cuando las lluvias son muy importantes ambos colectores bajan con agua a desembocar a un solo colector que es el encargado de transportarla al punto de vertido en el Azarbe del Rey (Villena) este colector es incapaz de absorber toda el agua que le llega, por lo que entra en carga y, como he dicho anteriormente, va haciendo saltar todas las tapas de alcantarillado e inunda bajos de viviendas en muchas ocasiones, etc. El colector viejo de la margen derecha, el que est\u00e1 muy deteriorado, cuando entra en carga revienta por donde peor est\u00e1 e inunda fincas causando da\u00f1os importantes. En fin, que tenemos un problema importante al que debemos hacer frente. Es por ello que, hace unos meses tom\u00e9 la decisi\u00f3n de acometer una obra encaminada a paliar (la soluci\u00f3n definitiva se llevar\u00e1 a cabo m\u00e1s adelante) estos da\u00f1os y molestias, consistente en realizar dos aliviaderos que descarguen toda el agua posible a la rambla antes de meterla al colector bueno, el de la margen izquierda. Por cierto, el colector viejo, el de la margen derecha, lo hemos anulado para que no reciba agua y no de m\u00e1s problemas.<\/p>\n<p>Estos aliviaderos est\u00e1n ubicados el primero, donde termina el Parque de los Ni\u00f1os y el segundo en las cercan\u00edas de la esquina de la depuradora vieja (junto al ecoparque). Con las recientes aguas ca\u00eddas el pasado 19 del presente mes de enero, cuando cayeron 15 litros en una hora ya se ha comprobado que, sin ser la soluci\u00f3n definitiva, si van a suponer una mejora importante del problema.<\/p>\n<p>En esta obra hemos invertido inicialmente 10.722\u20ac a los que habr\u00e1 que a\u00f1adir un tubo mas para dar mayor capacidad de drenaje y una modificaci\u00f3n de un tubo de aguas de Sierra Oliva que nos molestaba para colocar nuestro colector. Por ahora, se desconoce el coste de estas modificaciones.<\/p>\n<p>Como siempre digo, para mejorar el servicio del agua necesitamos que cuando surja un problema de cualquier \u00edndole, os pong\u00e1is en contacto con nosotros llamando al siguiente tel\u00e9fono:<strong> 96 582 58 69<\/strong> y con la mayor brevedad posible se os atender\u00e1.<\/p>\n<p style=\"text-align: center;\">\u00a1\u00a1En la concejal\u00eda del Ciclo Integral del Agua nos esforzamos en dar un buen servicio y gestionar bien tu dinero!!<\/p>\n<p><img fetchpriority=\"high\" decoding=\"async\" class=\"alignnone size-full wp-image-24281\" src=\"https:\/\/www.caudete.org\/ayuntamiento\/wp-content\/uploads\/2024\/01\/AguasPluviales.jpg\" alt=\"\" width=\"800\" height=\"799\" srcset=\"https:\/\/www.caudete.org\/ayuntamiento\/wp-content\/uploads\/2024\/01\/AguasPluviales.jpg 800w, https:\/\/www.caudete.org\/ayuntamiento\/wp-content\/uploads\/2024\/01\/AguasPluviales-300x300.jpg 300w, https:\/\/www.caudete.org\/ayuntamiento\/wp-content\/uploads\/2024\/01\/AguasPluviales-150x150.jpg 150w, https:\/\/www.caudete.org\/ayuntamiento\/wp-content\/uploads\/2024\/01\/AguasPluviales-768x767.jpg 768w, https:\/\/www.caudete.org\/ayuntamiento\/wp-content\/uploads\/2024\/01\/AguasPluviales-60x60.jpg 60w\" sizes=\"(max-width: 800px) 100vw, 800px\" \/><\/p>\n","protected":false},"excerpt":{"rendered":"<p>Comunicado de Jos\u00e9 Miguel Moll\u00e1 Nieto, concejal del Ciclo Integral del Agua El pasado martes d\u00eda 23 de enero han terminado las obras realizadas para intentar mejorar el sistema de recogida de las aguas pluviales (las de lluvia) en nuestra localidad. Todos sabemos que la zona m\u00e1s baja de nuestra localidad se encuentra en la &hellip;<\/p>\n","protected":false},"author":5,"featured_media":24285,"comment_status":"closed","ping_status":"open","sticky":false,"template":"","format":"standard","meta":{"ngg_post_thumbnail":0,"footnotes":""},"categories":[49],"tags":[],"class_list":["post-24278","post","type-post","status-publish","format-standard","has-post-thumbnail","hentry","category-ciclo-integral-del-agua"],"yoast_head":"<!-- This site is optimized with the Yoast SEO plugin v27.5 - https:\/\/yoast.com\/product\/yoast-seo-wordpress\/ -->\n<title>Medidas tomadas para intentar mejorar la recogida de aguas pluviales - MI Ayuntamiento de Caudete<\/title>\n<meta name=\"description\" content=\"P\u00e1gina Oficial del Ayuntamiento de Caudete (Albacete)\" \/>\n<meta name=\"robots\" content=\"index, follow, max-snippet:-1, max-image-preview:large, max-video-preview:-1\" \/>\n<link rel=\"canonical\" href=\"https:\/\/www.caudete.org\/ayuntamiento\/medidas-tomadas-para-intentar-mejorar-la-recogida-de-aguas-pluviales\/\" \/>\n<meta property=\"og:locale\" content=\"es_ES\" \/>\n<meta property=\"og:type\" content=\"article\" \/>\n<meta property=\"og:title\" content=\"Medidas tomadas para intentar mejorar la recogida de aguas pluviales - MI Ayuntamiento de Caudete\" \/>\n<meta property=\"og:description\" content=\"P\u00e1gina Oficial del Ayuntamiento de Caudete (Albacete)\" \/>\n<meta property=\"og:url\" content=\"https:\/\/www.caudete.org\/ayuntamiento\/medidas-tomadas-para-intentar-mejorar-la-recogida-de-aguas-pluviales\/\" \/>\n<meta property=\"og:site_name\" content=\"MI Ayuntamiento de Caudete\" \/>\n<meta property=\"article:publisher\" content=\"https:\/\/www.facebook.com\/ayuntamientocaudete\/\" \/>\n<meta property=\"article:published_time\" content=\"2024-01-30T09:05:13+00:00\" \/>\n<meta property=\"article:modified_time\" content=\"2024-01-30T09:08:44+00:00\" \/>\n<meta property=\"og:image\" content=\"https:\/\/www.caudete.org\/ayuntamiento\/wp-content\/uploads\/2024\/01\/AguasPluviales2-1.jpg\" \/>\n\t<meta property=\"og:image:width\" content=\"800\" \/>\n\t<meta property=\"og:image:height\" content=\"516\" \/>\n\t<meta property=\"og:image:type\" content=\"image\/jpeg\" \/>\n<meta name=\"author\" content=\"Dpto Informatica MI Ayuntamiento de Caudete\" \/>\n<meta name=\"twitter:card\" content=\"summary_large_image\" \/>\n<meta name=\"twitter:label1\" content=\"Escrito por\" \/>\n\t<meta name=\"twitter:data1\" content=\"Dpto Informatica MI Ayuntamiento de Caudete\" \/>\n\t<meta name=\"twitter:label2\" content=\"Tiempo de lectura\" \/>\n\t<meta name=\"twitter:data2\" content=\"3 minutos\" \/>\n<script type=\"application\/ld+json\" class=\"yoast-schema-graph\">{\"@context\":\"https:\\\/\\\/schema.org\",\"@graph\":[{\"@type\":\"Article\",\"@id\":\"https:\\\/\\\/www.caudete.org\\\/ayuntamiento\\\/medidas-tomadas-para-intentar-mejorar-la-recogida-de-aguas-pluviales\\\/#article\",\"isPartOf\":{\"@id\":\"https:\\\/\\\/www.caudete.org\\\/ayuntamiento\\\/medidas-tomadas-para-intentar-mejorar-la-recogida-de-aguas-pluviales\\\/\"},\"author\":{\"name\":\"Dpto Informatica MI Ayuntamiento de Caudete\",\"@id\":\"https:\\\/\\\/www.caudete.org\\\/ayuntamiento\\\/#\\\/schema\\\/person\\\/4b9eab41761957db9b1bf9c418d1ef46\"},\"headline\":\"Medidas tomadas para intentar mejorar la recogida de aguas pluviales\",\"datePublished\":\"2024-01-30T09:05:13+00:00\",\"dateModified\":\"2024-01-30T09:08:44+00:00\",\"mainEntityOfPage\":{\"@id\":\"https:\\\/\\\/www.caudete.org\\\/ayuntamiento\\\/medidas-tomadas-para-intentar-mejorar-la-recogida-de-aguas-pluviales\\\/\"},\"wordCount\":592,\"image\":{\"@id\":\"https:\\\/\\\/www.caudete.org\\\/ayuntamiento\\\/medidas-tomadas-para-intentar-mejorar-la-recogida-de-aguas-pluviales\\\/#primaryimage\"},\"thumbnailUrl\":\"https:\\\/\\\/www.caudete.org\\\/ayuntamiento\\\/wp-content\\\/uploads\\\/2024\\\/01\\\/AguasPluviales2-1.jpg\",\"articleSection\":[\"Ciclo Integral del Agua\"],\"inLanguage\":\"es\"},{\"@type\":\"WebPage\",\"@id\":\"https:\\\/\\\/www.caudete.org\\\/ayuntamiento\\\/medidas-tomadas-para-intentar-mejorar-la-recogida-de-aguas-pluviales\\\/\",\"url\":\"https:\\\/\\\/www.caudete.org\\\/ayuntamiento\\\/medidas-tomadas-para-intentar-mejorar-la-recogida-de-aguas-pluviales\\\/\",\"name\":\"Medidas tomadas para intentar mejorar la recogida de aguas pluviales - MI Ayuntamiento de Caudete\",\"isPartOf\":{\"@id\":\"https:\\\/\\\/www.caudete.org\\\/ayuntamiento\\\/#website\"},\"primaryImageOfPage\":{\"@id\":\"https:\\\/\\\/www.caudete.org\\\/ayuntamiento\\\/medidas-tomadas-para-intentar-mejorar-la-recogida-de-aguas-pluviales\\\/#primaryimage\"},\"image\":{\"@id\":\"https:\\\/\\\/www.caudete.org\\\/ayuntamiento\\\/medidas-tomadas-para-intentar-mejorar-la-recogida-de-aguas-pluviales\\\/#primaryimage\"},\"thumbnailUrl\":\"https:\\\/\\\/www.caudete.org\\\/ayuntamiento\\\/wp-content\\\/uploads\\\/2024\\\/01\\\/AguasPluviales2-1.jpg\",\"datePublished\":\"2024-01-30T09:05:13+00:00\",\"dateModified\":\"2024-01-30T09:08:44+00:00\",\"author\":{\"@id\":\"https:\\\/\\\/www.caudete.org\\\/ayuntamiento\\\/#\\\/schema\\\/person\\\/4b9eab41761957db9b1bf9c418d1ef46\"},\"description\":\"P\u00e1gina Oficial del Ayuntamiento de Caudete (Albacete)\",\"breadcrumb\":{\"@id\":\"https:\\\/\\\/www.caudete.org\\\/ayuntamiento\\\/medidas-tomadas-para-intentar-mejorar-la-recogida-de-aguas-pluviales\\\/#breadcrumb\"},\"inLanguage\":\"es\",\"potentialAction\":[{\"@type\":\"ReadAction\",\"target\":[\"https:\\\/\\\/www.caudete.org\\\/ayuntamiento\\\/medidas-tomadas-para-intentar-mejorar-la-recogida-de-aguas-pluviales\\\/\"]}]},{\"@type\":\"ImageObject\",\"inLanguage\":\"es\",\"@id\":\"https:\\\/\\\/www.caudete.org\\\/ayuntamiento\\\/medidas-tomadas-para-intentar-mejorar-la-recogida-de-aguas-pluviales\\\/#primaryimage\",\"url\":\"https:\\\/\\\/www.caudete.org\\\/ayuntamiento\\\/wp-content\\\/uploads\\\/2024\\\/01\\\/AguasPluviales2-1.jpg\",\"contentUrl\":\"https:\\\/\\\/www.caudete.org\\\/ayuntamiento\\\/wp-content\\\/uploads\\\/2024\\\/01\\\/AguasPluviales2-1.jpg\",\"width\":800,\"height\":516},{\"@type\":\"BreadcrumbList\",\"@id\":\"https:\\\/\\\/www.caudete.org\\\/ayuntamiento\\\/medidas-tomadas-para-intentar-mejorar-la-recogida-de-aguas-pluviales\\\/#breadcrumb\",\"itemListElement\":[{\"@type\":\"ListItem\",\"position\":1,\"name\":\"Inicio\",\"item\":\"https:\\\/\\\/www.caudete.org\\\/ayuntamiento\\\/\"},{\"@type\":\"ListItem\",\"position\":2,\"name\":\"Medidas tomadas para intentar mejorar la recogida de aguas pluviales\"}]},{\"@type\":\"WebSite\",\"@id\":\"https:\\\/\\\/www.caudete.org\\\/ayuntamiento\\\/#website\",\"url\":\"https:\\\/\\\/www.caudete.org\\\/ayuntamiento\\\/\",\"name\":\"MI Ayuntamiento de Caudete\",\"description\":\"P\u00e1gina Oficial del MI Ayuntamiento de Caudete\",\"potentialAction\":[{\"@type\":\"SearchAction\",\"target\":{\"@type\":\"EntryPoint\",\"urlTemplate\":\"https:\\\/\\\/www.caudete.org\\\/ayuntamiento\\\/?s={search_term_string}\"},\"query-input\":{\"@type\":\"PropertyValueSpecification\",\"valueRequired\":true,\"valueName\":\"search_term_string\"}}],\"inLanguage\":\"es\"},{\"@type\":\"Person\",\"@id\":\"https:\\\/\\\/www.caudete.org\\\/ayuntamiento\\\/#\\\/schema\\\/person\\\/4b9eab41761957db9b1bf9c418d1ef46\",\"name\":\"Dpto Informatica MI Ayuntamiento de Caudete\",\"image\":{\"@type\":\"ImageObject\",\"inLanguage\":\"es\",\"@id\":\"https:\\\/\\\/secure.gravatar.com\\\/avatar\\\/ac0321ee4a0a83e82a253e7b2d348ef539e2c8fe16d06b600bde04de1b364fa7?s=96&d=mm&r=g\",\"url\":\"https:\\\/\\\/secure.gravatar.com\\\/avatar\\\/ac0321ee4a0a83e82a253e7b2d348ef539e2c8fe16d06b600bde04de1b364fa7?s=96&d=mm&r=g\",\"contentUrl\":\"https:\\\/\\\/secure.gravatar.com\\\/avatar\\\/ac0321ee4a0a83e82a253e7b2d348ef539e2c8fe16d06b600bde04de1b364fa7?s=96&d=mm&r=g\",\"caption\":\"Dpto Informatica MI Ayuntamiento de Caudete\"},\"url\":\"https:\\\/\\\/www.caudete.org\\\/ayuntamiento\\\/author\\\/informatica\\\/\"}]}<\/script>\n<!-- \/ Yoast SEO plugin. -->","yoast_head_json":{"title":"Medidas tomadas para intentar mejorar la recogida de aguas pluviales - MI Ayuntamiento de Caudete","description":"P\u00e1gina Oficial del Ayuntamiento de Caudete (Albacete)","robots":{"index":"index","follow":"follow","max-snippet":"max-snippet:-1","max-image-preview":"max-image-preview:large","max-video-preview":"max-video-preview:-1"},"canonical":"https:\/\/www.caudete.org\/ayuntamiento\/medidas-tomadas-para-intentar-mejorar-la-recogida-de-aguas-pluviales\/","og_locale":"es_ES","og_type":"article","og_title":"Medidas tomadas para intentar mejorar la recogida de aguas pluviales - MI Ayuntamiento de Caudete","og_description":"P\u00e1gina Oficial del Ayuntamiento de Caudete (Albacete)","og_url":"https:\/\/www.caudete.org\/ayuntamiento\/medidas-tomadas-para-intentar-mejorar-la-recogida-de-aguas-pluviales\/","og_site_name":"MI Ayuntamiento de Caudete","article_publisher":"https:\/\/www.facebook.com\/ayuntamientocaudete\/","article_published_time":"2024-01-30T09:05:13+00:00","article_modified_time":"2024-01-30T09:08:44+00:00","og_image":[{"width":800,"height":516,"url":"https:\/\/www.caudete.org\/ayuntamiento\/wp-content\/uploads\/2024\/01\/AguasPluviales2-1.jpg","type":"image\/jpeg"}],"author":"Dpto Informatica MI Ayuntamiento de Caudete","twitter_card":"summary_large_image","twitter_misc":{"Escrito por":"Dpto Informatica MI Ayuntamiento de Caudete","Tiempo de lectura":"3 minutos"},"schema":{"@context":"https:\/\/schema.org","@graph":[{"@type":"Article","@id":"https:\/\/www.caudete.org\/ayuntamiento\/medidas-tomadas-para-intentar-mejorar-la-recogida-de-aguas-pluviales\/#article","isPartOf":{"@id":"https:\/\/www.caudete.org\/ayuntamiento\/medidas-tomadas-para-intentar-mejorar-la-recogida-de-aguas-pluviales\/"},"author":{"name":"Dpto Informatica MI Ayuntamiento de Caudete","@id":"https:\/\/www.caudete.org\/ayuntamiento\/#\/schema\/person\/4b9eab41761957db9b1bf9c418d1ef46"},"headline":"Medidas tomadas para intentar mejorar la recogida de aguas pluviales","datePublished":"2024-01-30T09:05:13+00:00","dateModified":"2024-01-30T09:08:44+00:00","mainEntityOfPage":{"@id":"https:\/\/www.caudete.org\/ayuntamiento\/medidas-tomadas-para-intentar-mejorar-la-recogida-de-aguas-pluviales\/"},"wordCount":592,"image":{"@id":"https:\/\/www.caudete.org\/ayuntamiento\/medidas-tomadas-para-intentar-mejorar-la-recogida-de-aguas-pluviales\/#primaryimage"},"thumbnailUrl":"https:\/\/www.caudete.org\/ayuntamiento\/wp-content\/uploads\/2024\/01\/AguasPluviales2-1.jpg","articleSection":["Ciclo Integral del Agua"],"inLanguage":"es"},{"@type":"WebPage","@id":"https:\/\/www.caudete.org\/ayuntamiento\/medidas-tomadas-para-intentar-mejorar-la-recogida-de-aguas-pluviales\/","url":"https:\/\/www.caudete.org\/ayuntamiento\/medidas-tomadas-para-intentar-mejorar-la-recogida-de-aguas-pluviales\/","name":"Medidas tomadas para intentar mejorar la recogida de aguas pluviales - MI Ayuntamiento de Caudete","isPartOf":{"@id":"https:\/\/www.caudete.org\/ayuntamiento\/#website"},"primaryImageOfPage":{"@id":"https:\/\/www.caudete.org\/ayuntamiento\/medidas-tomadas-para-intentar-mejorar-la-recogida-de-aguas-pluviales\/#primaryimage"},"image":{"@id":"https:\/\/www.caudete.org\/ayuntamiento\/medidas-tomadas-para-intentar-mejorar-la-recogida-de-aguas-pluviales\/#primaryimage"},"thumbnailUrl":"https:\/\/www.caudete.org\/ayuntamiento\/wp-content\/uploads\/2024\/01\/AguasPluviales2-1.jpg","datePublished":"2024-01-30T09:05:13+00:00","dateModified":"2024-01-30T09:08:44+00:00","author":{"@id":"https:\/\/www.caudete.org\/ayuntamiento\/#\/schema\/person\/4b9eab41761957db9b1bf9c418d1ef46"},"description":"P\u00e1gina Oficial del Ayuntamiento de Caudete (Albacete)","breadcrumb":{"@id":"https:\/\/www.caudete.org\/ayuntamiento\/medidas-tomadas-para-intentar-mejorar-la-recogida-de-aguas-pluviales\/#breadcrumb"},"inLanguage":"es","potentialAction":[{"@type":"ReadAction","target":["https:\/\/www.caudete.org\/ayuntamiento\/medidas-tomadas-para-intentar-mejorar-la-recogida-de-aguas-pluviales\/"]}]},{"@type":"ImageObject","inLanguage":"es","@id":"https:\/\/www.caudete.org\/ayuntamiento\/medidas-tomadas-para-intentar-mejorar-la-recogida-de-aguas-pluviales\/#primaryimage","url":"https:\/\/www.caudete.org\/ayuntamiento\/wp-content\/uploads\/2024\/01\/AguasPluviales2-1.jpg","contentUrl":"https:\/\/www.caudete.org\/ayuntamiento\/wp-content\/uploads\/2024\/01\/AguasPluviales2-1.jpg","width":800,"height":516},{"@type":"BreadcrumbList","@id":"https:\/\/www.caudete.org\/ayuntamiento\/medidas-tomadas-para-intentar-mejorar-la-recogida-de-aguas-pluviales\/#breadcrumb","itemListElement":[{"@type":"ListItem","position":1,"name":"Inicio","item":"https:\/\/www.caudete.org\/ayuntamiento\/"},{"@type":"ListItem","position":2,"name":"Medidas tomadas para intentar mejorar la recogida de aguas pluviales"}]},{"@type":"WebSite","@id":"https:\/\/www.caudete.org\/ayuntamiento\/#website","url":"https:\/\/www.caudete.org\/ayuntamiento\/","name":"MI Ayuntamiento de Caudete","description":"P\u00e1gina Oficial del MI Ayuntamiento de Caudete","potentialAction":[{"@type":"SearchAction","target":{"@type":"EntryPoint","urlTemplate":"https:\/\/www.caudete.org\/ayuntamiento\/?s={search_term_string}"},"query-input":{"@type":"PropertyValueSpecification","valueRequired":true,"valueName":"search_term_string"}}],"inLanguage":"es"},{"@type":"Person","@id":"https:\/\/www.caudete.org\/ayuntamiento\/#\/schema\/person\/4b9eab41761957db9b1bf9c418d1ef46","name":"Dpto Informatica MI Ayuntamiento de Caudete","image":{"@type":"ImageObject","inLanguage":"es","@id":"https:\/\/secure.gravatar.com\/avatar\/ac0321ee4a0a83e82a253e7b2d348ef539e2c8fe16d06b600bde04de1b364fa7?s=96&d=mm&r=g","url":"https:\/\/secure.gravatar.com\/avatar\/ac0321ee4a0a83e82a253e7b2d348ef539e2c8fe16d06b600bde04de1b364fa7?s=96&d=mm&r=g","contentUrl":"https:\/\/secure.gravatar.com\/avatar\/ac0321ee4a0a83e82a253e7b2d348ef539e2c8fe16d06b600bde04de1b364fa7?s=96&d=mm&r=g","caption":"Dpto Informatica MI Ayuntamiento de Caudete"},"url":"https:\/\/www.caudete.org\/ayuntamiento\/author\/informatica\/"}]}},"_links":{"self":[{"href":"https:\/\/www.caudete.org\/ayuntamiento\/wp-json\/wp\/v2\/posts\/24278","targetHints":{"allow":["GET"]}}],"collection":[{"href":"https:\/\/www.caudete.org\/ayuntamiento\/wp-json\/wp\/v2\/posts"}],"about":[{"href":"https:\/\/www.caudete.org\/ayuntamiento\/wp-json\/wp\/v2\/types\/post"}],"author":[{"embeddable":true,"href":"https:\/\/www.caudete.org\/ayuntamiento\/wp-json\/wp\/v2\/users\/5"}],"replies":[{"embeddable":true,"href":"https:\/\/www.caudete.org\/ayuntamiento\/wp-json\/wp\/v2\/comments?post=24278"}],"version-history":[{"count":4,"href":"https:\/\/www.caudete.org\/ayuntamiento\/wp-json\/wp\/v2\/posts\/24278\/revisions"}],"predecessor-version":[{"id":24284,"href":"https:\/\/www.caudete.org\/ayuntamiento\/wp-json\/wp\/v2\/posts\/24278\/revisions\/24284"}],"wp:featuredmedia":[{"embeddable":true,"href":"https:\/\/www.caudete.org\/ayuntamiento\/wp-json\/wp\/v2\/media\/24285"}],"wp:attachment":[{"href":"https:\/\/www.caudete.org\/ayuntamiento\/wp-json\/wp\/v2\/media?parent=24278"}],"wp:term":[{"taxonomy":"category","embeddable":true,"href":"https:\/\/www.caudete.org\/ayuntamiento\/wp-json\/wp\/v2\/categories?post=24278"},{"taxonomy":"post_tag","embeddable":true,"href":"https:\/\/www.caudete.org\/ayuntamiento\/wp-json\/wp\/v2\/tags?post=24278"}],"curies":[{"name":"wp","href":"https:\/\/api.w.org\/{rel}","templated":true}]}}