{"id":24350,"date":"2024-02-12T11:11:58","date_gmt":"2024-02-12T10:11:58","guid":{"rendered":"https:\/\/www.caudete.org\/ayuntamiento\/?p=24350"},"modified":"2024-02-12T11:11:58","modified_gmt":"2024-02-12T10:11:58","slug":"para-participar-en-el-plan-de-empleo-se-podran-realizar-inscripciones-hasta-26-de-febrero","status":"publish","type":"post","link":"https:\/\/www.caudete.org\/ayuntamiento\/para-participar-en-el-plan-de-empleo-se-podran-realizar-inscripciones-hasta-26-de-febrero\/","title":{"rendered":"Para participar en el PLAN DE EMPLEO se podr\u00e1n realizar inscripciones hasta 26 de Febrero"},"content":{"rendered":"<p style=\"text-align: justify;\">La Concejal de Promoci\u00f3n y Desarrollo Econ\u00f3mico, M\u00aa Dolores Requena, quien gestiona dentro de sus competencias el Empleo y la Formaci\u00f3n (entre otras) ha informado que en la Junta de Gobierno Local celebrada el pasado viernes 09 de Febrero, se aprobaron las Bases Reguladoras del Plan de Empleo 2023-2024.<\/p>\n<p style=\"text-align: justify;\">Las mismas, recogen toda la documentaci\u00f3n necesaria a aportar por los interesados, as\u00ed como los requisitos para poder acceder al plan, y el baremo de puntuaciones, as\u00ed como informaci\u00f3n complementaria de inter\u00e9s. Pueden consultarse \u00edntegramente las bases haciendo click\u00a0<a href=\"https:\/\/caudete.sedipualba.es\/tablondeanuncios\/anuncio.aspx?id=52268\" target=\"_blank\" rel=\"nofollow\">aqu\u00ed<\/a><\/p>\n<p style=\"text-align: justify;\">La Edil incid\u00eda en que el plazo de solicitudes estar\u00e1 abierto hasta el pr\u00f3ximo viernes 26 de Febrero (inclusive), pudiendo presentarse de forma presencial o telem\u00e1tica.<\/p>\n<p style=\"text-align: justify;\">Para esta edici\u00f3n, al Ayuntamiento de Caudete se le han otorgado un total de 41 contratos, con una duraci\u00f3n temporal cada uno de ellos de 6 meses, a jornada completa y que estar\u00e1n repartidos en diferentes \u00e1reas municipales:<\/p>\n<p>&nbsp;<\/p>\n<p style=\"text-align: justify; padding-left: 40px;\">9 contratos para APOYO TAREAS CONTROL ACCESO EDIFICIOS P\u00daBLICOS.<\/p>\n<p style=\"text-align: justify; padding-left: 40px;\">7 contratos para OBRAS Y REPRACI\u00d3N V\u00cdAS E INSTALACIONES P\u00daBLICAS.<\/p>\n<p style=\"padding-left: 40px;\">4 contratos para APOYO MEJORA PINTURA VIAS E INSTALACIONES P\u00daBLICAS.<\/p>\n<p style=\"text-align: justify; padding-left: 40px;\">8 contratos para APOYO \u00c1REA MEDIOAMBIENTAL.<\/p>\n<p style=\"text-align: justify; padding-left: 40px;\">7 contratos para APOYO SERVICIOS ADMINISTRATIVOS MUNICIPALES.<\/p>\n<p style=\"text-align: justify; padding-left: 40px;\">6 contratos para\u00a0 APOYO LIMPIEZA INSTALACIONES P\u00daBLICAS.<\/p>\n","protected":false},"excerpt":{"rendered":"<p>La Concejal de Promoci\u00f3n y Desarrollo Econ\u00f3mico, M\u00aa Dolores Requena, quien gestiona dentro de sus competencias el Empleo y la Formaci\u00f3n (entre otras) ha informado que en la Junta de Gobierno Local celebrada el pasado viernes 09 de Febrero, se aprobaron las Bases Reguladoras del Plan de Empleo 2023-2024. Las mismas, recogen toda la documentaci\u00f3n &hellip;<\/p>\n","protected":false},"author":3,"featured_media":23917,"comment_status":"closed","ping_status":"open","sticky":false,"template":"","format":"standard","meta":{"ngg_post_thumbnail":0,"footnotes":""},"categories":[851],"tags":[],"class_list":["post-24350","post","type-post","status-publish","format-standard","has-post-thumbnail","hentry","category-promocion-y-desarrollo-economico"],"yoast_head":"<!-- This site is optimized with the Yoast SEO plugin v27.4 - https:\/\/yoast.com\/product\/yoast-seo-wordpress\/ -->\n<title>Para participar en el PLAN DE EMPLEO se podr\u00e1n realizar inscripciones hasta 26 de Febrero - MI Ayuntamiento de Caudete<\/title>\n<meta name=\"description\" content=\"P\u00e1gina Oficial del Ayuntamiento de Caudete (Albacete)\" \/>\n<meta name=\"robots\" content=\"index, follow, max-snippet:-1, max-image-preview:large, max-video-preview:-1\" \/>\n<link rel=\"canonical\" href=\"https:\/\/www.caudete.org\/ayuntamiento\/para-participar-en-el-plan-de-empleo-se-podran-realizar-inscripciones-hasta-26-de-febrero\/\" \/>\n<meta property=\"og:locale\" content=\"es_ES\" \/>\n<meta property=\"og:type\" content=\"article\" \/>\n<meta property=\"og:title\" content=\"Para participar en el PLAN DE EMPLEO se podr\u00e1n realizar inscripciones hasta 26 de Febrero - MI Ayuntamiento de Caudete\" \/>\n<meta property=\"og:description\" content=\"P\u00e1gina Oficial del Ayuntamiento de Caudete (Albacete)\" \/>\n<meta property=\"og:url\" content=\"https:\/\/www.caudete.org\/ayuntamiento\/para-participar-en-el-plan-de-empleo-se-podran-realizar-inscripciones-hasta-26-de-febrero\/\" \/>\n<meta property=\"og:site_name\" content=\"MI Ayuntamiento de Caudete\" \/>\n<meta property=\"article:publisher\" content=\"https:\/\/www.facebook.com\/ayuntamientocaudete\/\" \/>\n<meta property=\"article:published_time\" content=\"2024-02-12T10:11:58+00:00\" \/>\n<meta property=\"og:image\" content=\"https:\/\/www.caudete.org\/ayuntamiento\/wp-content\/uploads\/2023\/12\/PLAN-DE-EMPLEO-2023.jpg\" \/>\n\t<meta property=\"og:image:width\" content=\"955\" \/>\n\t<meta property=\"og:image:height\" content=\"632\" \/>\n\t<meta property=\"og:image:type\" content=\"image\/jpeg\" \/>\n<meta name=\"author\" content=\"alcalde\" \/>\n<meta name=\"twitter:card\" content=\"summary_large_image\" \/>\n<meta name=\"twitter:label1\" content=\"Escrito por\" \/>\n\t<meta name=\"twitter:data1\" content=\"alcalde\" \/>\n\t<meta name=\"twitter:label2\" content=\"Tiempo de lectura\" \/>\n\t<meta name=\"twitter:data2\" content=\"2 minutos\" \/>\n<script type=\"application\/ld+json\" class=\"yoast-schema-graph\">{\"@context\":\"https:\\\/\\\/schema.org\",\"@graph\":[{\"@type\":\"Article\",\"@id\":\"https:\\\/\\\/www.caudete.org\\\/ayuntamiento\\\/para-participar-en-el-plan-de-empleo-se-podran-realizar-inscripciones-hasta-26-de-febrero\\\/#article\",\"isPartOf\":{\"@id\":\"https:\\\/\\\/www.caudete.org\\\/ayuntamiento\\\/para-participar-en-el-plan-de-empleo-se-podran-realizar-inscripciones-hasta-26-de-febrero\\\/\"},\"author\":{\"name\":\"alcalde\",\"@id\":\"https:\\\/\\\/www.caudete.org\\\/ayuntamiento\\\/#\\\/schema\\\/person\\\/cc646da9133078ee4d8dd47457947253\"},\"headline\":\"Para participar en el PLAN DE EMPLEO se podr\u00e1n realizar inscripciones hasta 26 de Febrero\",\"datePublished\":\"2024-02-12T10:11:58+00:00\",\"mainEntityOfPage\":{\"@id\":\"https:\\\/\\\/www.caudete.org\\\/ayuntamiento\\\/para-participar-en-el-plan-de-empleo-se-podran-realizar-inscripciones-hasta-26-de-febrero\\\/\"},\"wordCount\":226,\"publisher\":{\"@id\":\"https:\\\/\\\/www.caudete.org\\\/ayuntamiento\\\/#organization\"},\"image\":{\"@id\":\"https:\\\/\\\/www.caudete.org\\\/ayuntamiento\\\/para-participar-en-el-plan-de-empleo-se-podran-realizar-inscripciones-hasta-26-de-febrero\\\/#primaryimage\"},\"thumbnailUrl\":\"https:\\\/\\\/www.caudete.org\\\/ayuntamiento\\\/wp-content\\\/uploads\\\/2023\\\/12\\\/PLAN-DE-EMPLEO-2023.jpg\",\"articleSection\":[\"Promoci\u00f3n y Desarrollo Econ\u00f3mico\"],\"inLanguage\":\"es\"},{\"@type\":\"WebPage\",\"@id\":\"https:\\\/\\\/www.caudete.org\\\/ayuntamiento\\\/para-participar-en-el-plan-de-empleo-se-podran-realizar-inscripciones-hasta-26-de-febrero\\\/\",\"url\":\"https:\\\/\\\/www.caudete.org\\\/ayuntamiento\\\/para-participar-en-el-plan-de-empleo-se-podran-realizar-inscripciones-hasta-26-de-febrero\\\/\",\"name\":\"Para participar en el PLAN DE EMPLEO se podr\u00e1n realizar inscripciones hasta 26 de Febrero - MI Ayuntamiento de Caudete\",\"isPartOf\":{\"@id\":\"https:\\\/\\\/www.caudete.org\\\/ayuntamiento\\\/#website\"},\"primaryImageOfPage\":{\"@id\":\"https:\\\/\\\/www.caudete.org\\\/ayuntamiento\\\/para-participar-en-el-plan-de-empleo-se-podran-realizar-inscripciones-hasta-26-de-febrero\\\/#primaryimage\"},\"image\":{\"@id\":\"https:\\\/\\\/www.caudete.org\\\/ayuntamiento\\\/para-participar-en-el-plan-de-empleo-se-podran-realizar-inscripciones-hasta-26-de-febrero\\\/#primaryimage\"},\"thumbnailUrl\":\"https:\\\/\\\/www.caudete.org\\\/ayuntamiento\\\/wp-content\\\/uploads\\\/2023\\\/12\\\/PLAN-DE-EMPLEO-2023.jpg\",\"datePublished\":\"2024-02-12T10:11:58+00:00\",\"description\":\"P\u00e1gina Oficial del Ayuntamiento de Caudete (Albacete)\",\"breadcrumb\":{\"@id\":\"https:\\\/\\\/www.caudete.org\\\/ayuntamiento\\\/para-participar-en-el-plan-de-empleo-se-podran-realizar-inscripciones-hasta-26-de-febrero\\\/#breadcrumb\"},\"inLanguage\":\"es\",\"potentialAction\":[{\"@type\":\"ReadAction\",\"target\":[\"https:\\\/\\\/www.caudete.org\\\/ayuntamiento\\\/para-participar-en-el-plan-de-empleo-se-podran-realizar-inscripciones-hasta-26-de-febrero\\\/\"]}]},{\"@type\":\"ImageObject\",\"inLanguage\":\"es\",\"@id\":\"https:\\\/\\\/www.caudete.org\\\/ayuntamiento\\\/para-participar-en-el-plan-de-empleo-se-podran-realizar-inscripciones-hasta-26-de-febrero\\\/#primaryimage\",\"url\":\"https:\\\/\\\/www.caudete.org\\\/ayuntamiento\\\/wp-content\\\/uploads\\\/2023\\\/12\\\/PLAN-DE-EMPLEO-2023.jpg\",\"contentUrl\":\"https:\\\/\\\/www.caudete.org\\\/ayuntamiento\\\/wp-content\\\/uploads\\\/2023\\\/12\\\/PLAN-DE-EMPLEO-2023.jpg\",\"width\":955,\"height\":632},{\"@type\":\"BreadcrumbList\",\"@id\":\"https:\\\/\\\/www.caudete.org\\\/ayuntamiento\\\/para-participar-en-el-plan-de-empleo-se-podran-realizar-inscripciones-hasta-26-de-febrero\\\/#breadcrumb\",\"itemListElement\":[{\"@type\":\"ListItem\",\"position\":1,\"name\":\"Inicio\",\"item\":\"https:\\\/\\\/www.caudete.org\\\/ayuntamiento\\\/\"},{\"@type\":\"ListItem\",\"position\":2,\"name\":\"Para participar en el PLAN DE EMPLEO se podr\u00e1n realizar inscripciones hasta 26 de Febrero\"}]},{\"@type\":\"WebSite\",\"@id\":\"https:\\\/\\\/www.caudete.org\\\/ayuntamiento\\\/#website\",\"url\":\"https:\\\/\\\/www.caudete.org\\\/ayuntamiento\\\/\",\"name\":\"MI Ayuntamiento de Caudete\",\"description\":\"P\u00e1gina Oficial del MI Ayuntamiento de Caudete\",\"publisher\":{\"@id\":\"https:\\\/\\\/www.caudete.org\\\/ayuntamiento\\\/#organization\"},\"potentialAction\":[{\"@type\":\"SearchAction\",\"target\":{\"@type\":\"EntryPoint\",\"urlTemplate\":\"https:\\\/\\\/www.caudete.org\\\/ayuntamiento\\\/?s={search_term_string}\"},\"query-input\":{\"@type\":\"PropertyValueSpecification\",\"valueRequired\":true,\"valueName\":\"search_term_string\"}}],\"inLanguage\":\"es\"},{\"@type\":\"Organization\",\"@id\":\"https:\\\/\\\/www.caudete.org\\\/ayuntamiento\\\/#organization\",\"name\":\"Ayuntamiento de Caudete\",\"url\":\"https:\\\/\\\/www.caudete.org\\\/ayuntamiento\\\/\",\"logo\":{\"@type\":\"ImageObject\",\"inLanguage\":\"es\",\"@id\":\"https:\\\/\\\/www.caudete.org\\\/ayuntamiento\\\/#\\\/schema\\\/logo\\\/image\\\/\",\"url\":\"https:\\\/\\\/www.caudete.org\\\/ayuntamiento\\\/wp-content\\\/uploads\\\/2020\\\/11\\\/logo_ayuntamiento_caudete.jpg\",\"contentUrl\":\"https:\\\/\\\/www.caudete.org\\\/ayuntamiento\\\/wp-content\\\/uploads\\\/2020\\\/11\\\/logo_ayuntamiento_caudete.jpg\",\"width\":600,\"height\":150,\"caption\":\"Ayuntamiento de Caudete\"},\"image\":{\"@id\":\"https:\\\/\\\/www.caudete.org\\\/ayuntamiento\\\/#\\\/schema\\\/logo\\\/image\\\/\"},\"sameAs\":[\"https:\\\/\\\/www.facebook.com\\\/ayuntamientocaudete\\\/\",\"https:\\\/\\\/www.youtube.com\\\/channel\\\/UC6VztHaooNsGpw-tNoBEFnQ\"]},{\"@type\":\"Person\",\"@id\":\"https:\\\/\\\/www.caudete.org\\\/ayuntamiento\\\/#\\\/schema\\\/person\\\/cc646da9133078ee4d8dd47457947253\",\"name\":\"alcalde\",\"image\":{\"@type\":\"ImageObject\",\"inLanguage\":\"es\",\"@id\":\"https:\\\/\\\/secure.gravatar.com\\\/avatar\\\/84a817ba065b29ff08d666b215a215f5c79186a645ccb25b14a663d48a130f77?s=96&d=mm&r=g\",\"url\":\"https:\\\/\\\/secure.gravatar.com\\\/avatar\\\/84a817ba065b29ff08d666b215a215f5c79186a645ccb25b14a663d48a130f77?s=96&d=mm&r=g\",\"contentUrl\":\"https:\\\/\\\/secure.gravatar.com\\\/avatar\\\/84a817ba065b29ff08d666b215a215f5c79186a645ccb25b14a663d48a130f77?s=96&d=mm&r=g\",\"caption\":\"alcalde\"},\"url\":\"https:\\\/\\\/www.caudete.org\\\/ayuntamiento\\\/author\\\/alcalde\\\/\"}]}<\/script>\n<!-- \/ Yoast SEO plugin. -->","yoast_head_json":{"title":"Para participar en el PLAN DE EMPLEO se podr\u00e1n realizar inscripciones hasta 26 de Febrero - MI Ayuntamiento de Caudete","description":"P\u00e1gina Oficial del Ayuntamiento de Caudete (Albacete)","robots":{"index":"index","follow":"follow","max-snippet":"max-snippet:-1","max-image-preview":"max-image-preview:large","max-video-preview":"max-video-preview:-1"},"canonical":"https:\/\/www.caudete.org\/ayuntamiento\/para-participar-en-el-plan-de-empleo-se-podran-realizar-inscripciones-hasta-26-de-febrero\/","og_locale":"es_ES","og_type":"article","og_title":"Para participar en el PLAN DE EMPLEO se podr\u00e1n realizar inscripciones hasta 26 de Febrero - MI Ayuntamiento de Caudete","og_description":"P\u00e1gina Oficial del Ayuntamiento de Caudete (Albacete)","og_url":"https:\/\/www.caudete.org\/ayuntamiento\/para-participar-en-el-plan-de-empleo-se-podran-realizar-inscripciones-hasta-26-de-febrero\/","og_site_name":"MI Ayuntamiento de Caudete","article_publisher":"https:\/\/www.facebook.com\/ayuntamientocaudete\/","article_published_time":"2024-02-12T10:11:58+00:00","og_image":[{"width":955,"height":632,"url":"https:\/\/www.caudete.org\/ayuntamiento\/wp-content\/uploads\/2023\/12\/PLAN-DE-EMPLEO-2023.jpg","type":"image\/jpeg"}],"author":"alcalde","twitter_card":"summary_large_image","twitter_misc":{"Escrito por":"alcalde","Tiempo de lectura":"2 minutos"},"schema":{"@context":"https:\/\/schema.org","@graph":[{"@type":"Article","@id":"https:\/\/www.caudete.org\/ayuntamiento\/para-participar-en-el-plan-de-empleo-se-podran-realizar-inscripciones-hasta-26-de-febrero\/#article","isPartOf":{"@id":"https:\/\/www.caudete.org\/ayuntamiento\/para-participar-en-el-plan-de-empleo-se-podran-realizar-inscripciones-hasta-26-de-febrero\/"},"author":{"name":"alcalde","@id":"https:\/\/www.caudete.org\/ayuntamiento\/#\/schema\/person\/cc646da9133078ee4d8dd47457947253"},"headline":"Para participar en el PLAN DE EMPLEO se podr\u00e1n realizar inscripciones hasta 26 de Febrero","datePublished":"2024-02-12T10:11:58+00:00","mainEntityOfPage":{"@id":"https:\/\/www.caudete.org\/ayuntamiento\/para-participar-en-el-plan-de-empleo-se-podran-realizar-inscripciones-hasta-26-de-febrero\/"},"wordCount":226,"publisher":{"@id":"https:\/\/www.caudete.org\/ayuntamiento\/#organization"},"image":{"@id":"https:\/\/www.caudete.org\/ayuntamiento\/para-participar-en-el-plan-de-empleo-se-podran-realizar-inscripciones-hasta-26-de-febrero\/#primaryimage"},"thumbnailUrl":"https:\/\/www.caudete.org\/ayuntamiento\/wp-content\/uploads\/2023\/12\/PLAN-DE-EMPLEO-2023.jpg","articleSection":["Promoci\u00f3n y Desarrollo Econ\u00f3mico"],"inLanguage":"es"},{"@type":"WebPage","@id":"https:\/\/www.caudete.org\/ayuntamiento\/para-participar-en-el-plan-de-empleo-se-podran-realizar-inscripciones-hasta-26-de-febrero\/","url":"https:\/\/www.caudete.org\/ayuntamiento\/para-participar-en-el-plan-de-empleo-se-podran-realizar-inscripciones-hasta-26-de-febrero\/","name":"Para participar en el PLAN DE EMPLEO se podr\u00e1n realizar inscripciones hasta 26 de Febrero - MI Ayuntamiento de Caudete","isPartOf":{"@id":"https:\/\/www.caudete.org\/ayuntamiento\/#website"},"primaryImageOfPage":{"@id":"https:\/\/www.caudete.org\/ayuntamiento\/para-participar-en-el-plan-de-empleo-se-podran-realizar-inscripciones-hasta-26-de-febrero\/#primaryimage"},"image":{"@id":"https:\/\/www.caudete.org\/ayuntamiento\/para-participar-en-el-plan-de-empleo-se-podran-realizar-inscripciones-hasta-26-de-febrero\/#primaryimage"},"thumbnailUrl":"https:\/\/www.caudete.org\/ayuntamiento\/wp-content\/uploads\/2023\/12\/PLAN-DE-EMPLEO-2023.jpg","datePublished":"2024-02-12T10:11:58+00:00","description":"P\u00e1gina Oficial del Ayuntamiento de Caudete (Albacete)","breadcrumb":{"@id":"https:\/\/www.caudete.org\/ayuntamiento\/para-participar-en-el-plan-de-empleo-se-podran-realizar-inscripciones-hasta-26-de-febrero\/#breadcrumb"},"inLanguage":"es","potentialAction":[{"@type":"ReadAction","target":["https:\/\/www.caudete.org\/ayuntamiento\/para-participar-en-el-plan-de-empleo-se-podran-realizar-inscripciones-hasta-26-de-febrero\/"]}]},{"@type":"ImageObject","inLanguage":"es","@id":"https:\/\/www.caudete.org\/ayuntamiento\/para-participar-en-el-plan-de-empleo-se-podran-realizar-inscripciones-hasta-26-de-febrero\/#primaryimage","url":"https:\/\/www.caudete.org\/ayuntamiento\/wp-content\/uploads\/2023\/12\/PLAN-DE-EMPLEO-2023.jpg","contentUrl":"https:\/\/www.caudete.org\/ayuntamiento\/wp-content\/uploads\/2023\/12\/PLAN-DE-EMPLEO-2023.jpg","width":955,"height":632},{"@type":"BreadcrumbList","@id":"https:\/\/www.caudete.org\/ayuntamiento\/para-participar-en-el-plan-de-empleo-se-podran-realizar-inscripciones-hasta-26-de-febrero\/#breadcrumb","itemListElement":[{"@type":"ListItem","position":1,"name":"Inicio","item":"https:\/\/www.caudete.org\/ayuntamiento\/"},{"@type":"ListItem","position":2,"name":"Para participar en el PLAN DE EMPLEO se podr\u00e1n realizar inscripciones hasta 26 de Febrero"}]},{"@type":"WebSite","@id":"https:\/\/www.caudete.org\/ayuntamiento\/#website","url":"https:\/\/www.caudete.org\/ayuntamiento\/","name":"MI Ayuntamiento de Caudete","description":"P\u00e1gina Oficial del MI Ayuntamiento de Caudete","publisher":{"@id":"https:\/\/www.caudete.org\/ayuntamiento\/#organization"},"potentialAction":[{"@type":"SearchAction","target":{"@type":"EntryPoint","urlTemplate":"https:\/\/www.caudete.org\/ayuntamiento\/?s={search_term_string}"},"query-input":{"@type":"PropertyValueSpecification","valueRequired":true,"valueName":"search_term_string"}}],"inLanguage":"es"},{"@type":"Organization","@id":"https:\/\/www.caudete.org\/ayuntamiento\/#organization","name":"Ayuntamiento de Caudete","url":"https:\/\/www.caudete.org\/ayuntamiento\/","logo":{"@type":"ImageObject","inLanguage":"es","@id":"https:\/\/www.caudete.org\/ayuntamiento\/#\/schema\/logo\/image\/","url":"https:\/\/www.caudete.org\/ayuntamiento\/wp-content\/uploads\/2020\/11\/logo_ayuntamiento_caudete.jpg","contentUrl":"https:\/\/www.caudete.org\/ayuntamiento\/wp-content\/uploads\/2020\/11\/logo_ayuntamiento_caudete.jpg","width":600,"height":150,"caption":"Ayuntamiento de Caudete"},"image":{"@id":"https:\/\/www.caudete.org\/ayuntamiento\/#\/schema\/logo\/image\/"},"sameAs":["https:\/\/www.facebook.com\/ayuntamientocaudete\/","https:\/\/www.youtube.com\/channel\/UC6VztHaooNsGpw-tNoBEFnQ"]},{"@type":"Person","@id":"https:\/\/www.caudete.org\/ayuntamiento\/#\/schema\/person\/cc646da9133078ee4d8dd47457947253","name":"alcalde","image":{"@type":"ImageObject","inLanguage":"es","@id":"https:\/\/secure.gravatar.com\/avatar\/84a817ba065b29ff08d666b215a215f5c79186a645ccb25b14a663d48a130f77?s=96&d=mm&r=g","url":"https:\/\/secure.gravatar.com\/avatar\/84a817ba065b29ff08d666b215a215f5c79186a645ccb25b14a663d48a130f77?s=96&d=mm&r=g","contentUrl":"https:\/\/secure.gravatar.com\/avatar\/84a817ba065b29ff08d666b215a215f5c79186a645ccb25b14a663d48a130f77?s=96&d=mm&r=g","caption":"alcalde"},"url":"https:\/\/www.caudete.org\/ayuntamiento\/author\/alcalde\/"}]}},"_links":{"self":[{"href":"https:\/\/www.caudete.org\/ayuntamiento\/wp-json\/wp\/v2\/posts\/24350","targetHints":{"allow":["GET"]}}],"collection":[{"href":"https:\/\/www.caudete.org\/ayuntamiento\/wp-json\/wp\/v2\/posts"}],"about":[{"href":"https:\/\/www.caudete.org\/ayuntamiento\/wp-json\/wp\/v2\/types\/post"}],"author":[{"embeddable":true,"href":"https:\/\/www.caudete.org\/ayuntamiento\/wp-json\/wp\/v2\/users\/3"}],"replies":[{"embeddable":true,"href":"https:\/\/www.caudete.org\/ayuntamiento\/wp-json\/wp\/v2\/comments?post=24350"}],"version-history":[{"count":1,"href":"https:\/\/www.caudete.org\/ayuntamiento\/wp-json\/wp\/v2\/posts\/24350\/revisions"}],"predecessor-version":[{"id":24351,"href":"https:\/\/www.caudete.org\/ayuntamiento\/wp-json\/wp\/v2\/posts\/24350\/revisions\/24351"}],"wp:featuredmedia":[{"embeddable":true,"href":"https:\/\/www.caudete.org\/ayuntamiento\/wp-json\/wp\/v2\/media\/23917"}],"wp:attachment":[{"href":"https:\/\/www.caudete.org\/ayuntamiento\/wp-json\/wp\/v2\/media?parent=24350"}],"wp:term":[{"taxonomy":"category","embeddable":true,"href":"https:\/\/www.caudete.org\/ayuntamiento\/wp-json\/wp\/v2\/categories?post=24350"},{"taxonomy":"post_tag","embeddable":true,"href":"https:\/\/www.caudete.org\/ayuntamiento\/wp-json\/wp\/v2\/tags?post=24350"}],"curies":[{"name":"wp","href":"https:\/\/api.w.org\/{rel}","templated":true}]}}