{"id":24367,"date":"2024-02-14T13:00:18","date_gmt":"2024-02-14T12:00:18","guid":{"rendered":"https:\/\/www.caudete.org\/ayuntamiento\/?p=24367"},"modified":"2024-02-14T09:56:16","modified_gmt":"2024-02-14T08:56:16","slug":"primera-reunion-para-la-mejora-del-ciclo-integral-del-agua","status":"publish","type":"post","link":"https:\/\/www.caudete.org\/ayuntamiento\/primera-reunion-para-la-mejora-del-ciclo-integral-del-agua\/","title":{"rendered":"Primera reuni\u00f3n para la mejora del Ciclo Integral del Agua"},"content":{"rendered":"<p>Tal como adelant\u00e9 en el transcurso del pasado pleno del ocho de febrero, al d\u00eda siguiente viernes d\u00eda nueve, curs\u00e9 invitaci\u00f3n a los portavoces de todos los grupos pol\u00edticos representados en el Ayuntamiento, para reunirnos y comenzar a valorar el estudio que una empresa especializada ha realizado sobre las necesidades que tiene nuestra red de agua, as\u00ed como, las inversiones que aconsejan realizar para mejorarla y poder prestar a los caudetanos un servicio lo m\u00e1s cercano posible a la excelencia.<\/p>\n<p>Todos conoc\u00e9is las continuas roturas, p\u00e9rdidas de presi\u00f3n por emboces, agua coloreada, am\u00e9n de las excesivas p\u00e9rdidas del l\u00edquido elemento en el proceso que va desde su extracci\u00f3n hasta su depuraci\u00f3n, sin olvidar que, finalmente, tras ser depurada, la vertemos sin que nadie se aproveche de ella (m\u00e1s de 600.000 m\u00b3 al a\u00f1o, es decir, m\u00e1s de 600 millones de litros anuales desperdiciamos tras ser depurada).<\/p>\n<p>Seg\u00fan los datos de que dispongo, actualmente se pierde (no controlamos) el 61% del agua que extraemos (en 2023 extrajimos de nuestro subsuelo 1.225.000 m<sup>3<\/sup> es decir, 1.225 millones de litros) sin entrar en valorar otras cuestiones, esto quiere decir que con el agua que extraemos en un a\u00f1o, podr\u00edamos pasar m\u00e1s de dos, y conforme esta el tema de la escasez de lluvia, etc. no podemos permitirnos ese lujo, debemos hacer algo y eso es lo que vamos a hacer, tomar medidas correctoras que nos permitan atajar este problema y aprovechar hasta la \u00faltima gota de agua. Como referencia para que valoremos adecuadamente la situaci\u00f3n, por favor, analizar los siguientes datos. Como he dicho m\u00e1s arriba en 2023 extrajimos 1.225 millones de litros de agua, si lo dividimos entre los 10.135 habitantes que tiene Caudete salimos a 120.868L por habitante y a\u00f1o.<\/p>\n<p>Si tenemos en cuenta que de esos 1.225 millones de litros que extraemos anualmente tan solo controlamos el 39% es decir, 478 millones de litros y el 61% del agua que perdemos equivale a 747 millones de litros \u00bfos hab\u00e9is parado a pensar la cantidad de dinero que malgastamos en electricidad para extraerla, clorarla, almacenarla, etc? Adem\u00e1s, tambi\u00e9n debemos valorar que estamos derrochando a manos llenas un l\u00edquido que es esencial para la vida.<\/p>\n<p>Como tantas veces digo, este asunto no va a ser ni r\u00e1pido de arreglar (vamos a tener que poner el pueblo \u201cpatas arriba\u201d para realizar las obras pertinentes) ni barato, pero si important\u00edsimo para el futuro de Caudete y los caudetanos, por eso quiero que sea una obra pactada con el m\u00e1ximo n\u00famero de grupos pol\u00edticos. Si es posible, no quiero que se haga pol\u00edtica con el agua, ni que sea\u00a0 una obra impuesta por el Equipo de Gobierno. Por eso apelo a la responsabilidad de todos para conseguirlo, por mi parte os aseguro que no va a quedar.<\/p>\n<p>La primera reuni\u00f3n para analizar el estudio que nos ha realizado una empresa especializada la vamos a celebrar <span style=\"text-decoration: underline;\">el martes d\u00eda 13 de febrero<\/span>.<\/p>\n<p>Desde estas l\u00edneas me comprometo a manteneros puntualmente informados de los acuerdos que vayamos adoptando.<\/p>\n<p>Como siempre digo, para mejorar el servicio del agua necesitamos vuestra colaboraci\u00f3n, que cuando surja un problema, de cualquier \u00edndole, os pong\u00e1is en contacto con nosotros llamando al siguiente tel\u00e9fono: <strong>96 582 58 69<\/strong><strong> y con la mayor brevedad posible se os atender\u00e1.<\/strong><\/p>\n<p><strong><em>\u00a0<\/em><\/strong><strong><em>\u00a1\u00a1En la concejal\u00eda del Ciclo Integral del Agua nos esforzamos en dar un buen servicio y gestionar bien tu dinero!!<\/em><\/strong><\/p>\n<p style=\"text-align: center;\"><em>Comunicado de Jos\u00e9 Miguel Moll\u00e1 Nieto,<br \/>\n<\/em><strong><em><u>concejal del Ciclo Integral del Agua<\/u><\/em><\/strong><\/p>\n<p>&nbsp;<\/p>\n<p>&nbsp;<\/p>\n<p>&nbsp;<\/p>\n<p><strong><u>\u00a0<\/u><\/strong><\/p>\n","protected":false},"excerpt":{"rendered":"<p>Tal como adelant\u00e9 en el transcurso del pasado pleno del ocho de febrero, al d\u00eda siguiente viernes d\u00eda nueve, curs\u00e9 invitaci\u00f3n a los portavoces de todos los grupos pol\u00edticos representados en el Ayuntamiento, para reunirnos y comenzar a valorar el estudio que una empresa especializada ha realizado sobre las necesidades que tiene nuestra red de &hellip;<\/p>\n","protected":false},"author":5,"featured_media":16555,"comment_status":"closed","ping_status":"open","sticky":false,"template":"","format":"standard","meta":{"ngg_post_thumbnail":0,"footnotes":""},"categories":[49],"tags":[],"class_list":["post-24367","post","type-post","status-publish","format-standard","has-post-thumbnail","hentry","category-ciclo-integral-del-agua"],"yoast_head":"<!-- This site is optimized with the Yoast SEO plugin v27.5 - https:\/\/yoast.com\/product\/yoast-seo-wordpress\/ -->\n<title>Primera reuni\u00f3n para la mejora del Ciclo Integral del Agua - MI Ayuntamiento de Caudete<\/title>\n<meta name=\"description\" content=\"P\u00e1gina Oficial del Ayuntamiento de Caudete (Albacete)\" \/>\n<meta name=\"robots\" content=\"index, follow, max-snippet:-1, max-image-preview:large, max-video-preview:-1\" \/>\n<link rel=\"canonical\" href=\"https:\/\/www.caudete.org\/ayuntamiento\/primera-reunion-para-la-mejora-del-ciclo-integral-del-agua\/\" \/>\n<meta property=\"og:locale\" content=\"es_ES\" \/>\n<meta property=\"og:type\" content=\"article\" \/>\n<meta property=\"og:title\" content=\"Primera reuni\u00f3n para la mejora del Ciclo Integral del Agua - MI Ayuntamiento de Caudete\" \/>\n<meta property=\"og:description\" content=\"P\u00e1gina Oficial del Ayuntamiento de Caudete (Albacete)\" \/>\n<meta property=\"og:url\" content=\"https:\/\/www.caudete.org\/ayuntamiento\/primera-reunion-para-la-mejora-del-ciclo-integral-del-agua\/\" \/>\n<meta property=\"og:site_name\" content=\"MI Ayuntamiento de Caudete\" \/>\n<meta property=\"article:publisher\" content=\"https:\/\/www.facebook.com\/ayuntamientocaudete\/\" \/>\n<meta property=\"article:published_time\" content=\"2024-02-14T12:00:18+00:00\" \/>\n<meta property=\"og:image\" content=\"https:\/\/www.caudete.org\/ayuntamiento\/wp-content\/uploads\/2021\/10\/agua.jpg\" \/>\n\t<meta property=\"og:image:width\" content=\"800\" \/>\n\t<meta property=\"og:image:height\" content=\"397\" \/>\n\t<meta property=\"og:image:type\" content=\"image\/jpeg\" \/>\n<meta name=\"author\" content=\"Dpto Informatica MI Ayuntamiento de Caudete\" \/>\n<meta name=\"twitter:card\" content=\"summary_large_image\" \/>\n<meta name=\"twitter:label1\" content=\"Escrito por\" \/>\n\t<meta name=\"twitter:data1\" content=\"Dpto Informatica MI Ayuntamiento de Caudete\" \/>\n\t<meta name=\"twitter:label2\" content=\"Tiempo de lectura\" \/>\n\t<meta name=\"twitter:data2\" content=\"3 minutos\" \/>\n<script type=\"application\/ld+json\" class=\"yoast-schema-graph\">{\"@context\":\"https:\\\/\\\/schema.org\",\"@graph\":[{\"@type\":\"Article\",\"@id\":\"https:\\\/\\\/www.caudete.org\\\/ayuntamiento\\\/primera-reunion-para-la-mejora-del-ciclo-integral-del-agua\\\/#article\",\"isPartOf\":{\"@id\":\"https:\\\/\\\/www.caudete.org\\\/ayuntamiento\\\/primera-reunion-para-la-mejora-del-ciclo-integral-del-agua\\\/\"},\"author\":{\"name\":\"Dpto Informatica MI Ayuntamiento de Caudete\",\"@id\":\"https:\\\/\\\/www.caudete.org\\\/ayuntamiento\\\/#\\\/schema\\\/person\\\/4b9eab41761957db9b1bf9c418d1ef46\"},\"headline\":\"Primera reuni\u00f3n para la mejora del Ciclo Integral del Agua\",\"datePublished\":\"2024-02-14T12:00:18+00:00\",\"mainEntityOfPage\":{\"@id\":\"https:\\\/\\\/www.caudete.org\\\/ayuntamiento\\\/primera-reunion-para-la-mejora-del-ciclo-integral-del-agua\\\/\"},\"wordCount\":611,\"image\":{\"@id\":\"https:\\\/\\\/www.caudete.org\\\/ayuntamiento\\\/primera-reunion-para-la-mejora-del-ciclo-integral-del-agua\\\/#primaryimage\"},\"thumbnailUrl\":\"https:\\\/\\\/www.caudete.org\\\/ayuntamiento\\\/wp-content\\\/uploads\\\/2021\\\/10\\\/agua.jpg\",\"articleSection\":[\"Ciclo Integral del Agua\"],\"inLanguage\":\"es\"},{\"@type\":\"WebPage\",\"@id\":\"https:\\\/\\\/www.caudete.org\\\/ayuntamiento\\\/primera-reunion-para-la-mejora-del-ciclo-integral-del-agua\\\/\",\"url\":\"https:\\\/\\\/www.caudete.org\\\/ayuntamiento\\\/primera-reunion-para-la-mejora-del-ciclo-integral-del-agua\\\/\",\"name\":\"Primera reuni\u00f3n para la mejora del Ciclo Integral del Agua - MI Ayuntamiento de Caudete\",\"isPartOf\":{\"@id\":\"https:\\\/\\\/www.caudete.org\\\/ayuntamiento\\\/#website\"},\"primaryImageOfPage\":{\"@id\":\"https:\\\/\\\/www.caudete.org\\\/ayuntamiento\\\/primera-reunion-para-la-mejora-del-ciclo-integral-del-agua\\\/#primaryimage\"},\"image\":{\"@id\":\"https:\\\/\\\/www.caudete.org\\\/ayuntamiento\\\/primera-reunion-para-la-mejora-del-ciclo-integral-del-agua\\\/#primaryimage\"},\"thumbnailUrl\":\"https:\\\/\\\/www.caudete.org\\\/ayuntamiento\\\/wp-content\\\/uploads\\\/2021\\\/10\\\/agua.jpg\",\"datePublished\":\"2024-02-14T12:00:18+00:00\",\"author\":{\"@id\":\"https:\\\/\\\/www.caudete.org\\\/ayuntamiento\\\/#\\\/schema\\\/person\\\/4b9eab41761957db9b1bf9c418d1ef46\"},\"description\":\"P\u00e1gina Oficial del Ayuntamiento de Caudete (Albacete)\",\"breadcrumb\":{\"@id\":\"https:\\\/\\\/www.caudete.org\\\/ayuntamiento\\\/primera-reunion-para-la-mejora-del-ciclo-integral-del-agua\\\/#breadcrumb\"},\"inLanguage\":\"es\",\"potentialAction\":[{\"@type\":\"ReadAction\",\"target\":[\"https:\\\/\\\/www.caudete.org\\\/ayuntamiento\\\/primera-reunion-para-la-mejora-del-ciclo-integral-del-agua\\\/\"]}]},{\"@type\":\"ImageObject\",\"inLanguage\":\"es\",\"@id\":\"https:\\\/\\\/www.caudete.org\\\/ayuntamiento\\\/primera-reunion-para-la-mejora-del-ciclo-integral-del-agua\\\/#primaryimage\",\"url\":\"https:\\\/\\\/www.caudete.org\\\/ayuntamiento\\\/wp-content\\\/uploads\\\/2021\\\/10\\\/agua.jpg\",\"contentUrl\":\"https:\\\/\\\/www.caudete.org\\\/ayuntamiento\\\/wp-content\\\/uploads\\\/2021\\\/10\\\/agua.jpg\",\"width\":800,\"height\":397,\"caption\":\"Corte agua\"},{\"@type\":\"BreadcrumbList\",\"@id\":\"https:\\\/\\\/www.caudete.org\\\/ayuntamiento\\\/primera-reunion-para-la-mejora-del-ciclo-integral-del-agua\\\/#breadcrumb\",\"itemListElement\":[{\"@type\":\"ListItem\",\"position\":1,\"name\":\"Inicio\",\"item\":\"https:\\\/\\\/www.caudete.org\\\/ayuntamiento\\\/\"},{\"@type\":\"ListItem\",\"position\":2,\"name\":\"Primera reuni\u00f3n para la mejora del Ciclo Integral del Agua\"}]},{\"@type\":\"WebSite\",\"@id\":\"https:\\\/\\\/www.caudete.org\\\/ayuntamiento\\\/#website\",\"url\":\"https:\\\/\\\/www.caudete.org\\\/ayuntamiento\\\/\",\"name\":\"MI Ayuntamiento de Caudete\",\"description\":\"P\u00e1gina Oficial del MI Ayuntamiento de Caudete\",\"potentialAction\":[{\"@type\":\"SearchAction\",\"target\":{\"@type\":\"EntryPoint\",\"urlTemplate\":\"https:\\\/\\\/www.caudete.org\\\/ayuntamiento\\\/?s={search_term_string}\"},\"query-input\":{\"@type\":\"PropertyValueSpecification\",\"valueRequired\":true,\"valueName\":\"search_term_string\"}}],\"inLanguage\":\"es\"},{\"@type\":\"Person\",\"@id\":\"https:\\\/\\\/www.caudete.org\\\/ayuntamiento\\\/#\\\/schema\\\/person\\\/4b9eab41761957db9b1bf9c418d1ef46\",\"name\":\"Dpto Informatica MI Ayuntamiento de Caudete\",\"image\":{\"@type\":\"ImageObject\",\"inLanguage\":\"es\",\"@id\":\"https:\\\/\\\/secure.gravatar.com\\\/avatar\\\/ac0321ee4a0a83e82a253e7b2d348ef539e2c8fe16d06b600bde04de1b364fa7?s=96&d=mm&r=g\",\"url\":\"https:\\\/\\\/secure.gravatar.com\\\/avatar\\\/ac0321ee4a0a83e82a253e7b2d348ef539e2c8fe16d06b600bde04de1b364fa7?s=96&d=mm&r=g\",\"contentUrl\":\"https:\\\/\\\/secure.gravatar.com\\\/avatar\\\/ac0321ee4a0a83e82a253e7b2d348ef539e2c8fe16d06b600bde04de1b364fa7?s=96&d=mm&r=g\",\"caption\":\"Dpto Informatica MI Ayuntamiento de Caudete\"},\"url\":\"https:\\\/\\\/www.caudete.org\\\/ayuntamiento\\\/author\\\/informatica\\\/\"}]}<\/script>\n<!-- \/ Yoast SEO plugin. -->","yoast_head_json":{"title":"Primera reuni\u00f3n para la mejora del Ciclo Integral del Agua - MI Ayuntamiento de Caudete","description":"P\u00e1gina Oficial del Ayuntamiento de Caudete (Albacete)","robots":{"index":"index","follow":"follow","max-snippet":"max-snippet:-1","max-image-preview":"max-image-preview:large","max-video-preview":"max-video-preview:-1"},"canonical":"https:\/\/www.caudete.org\/ayuntamiento\/primera-reunion-para-la-mejora-del-ciclo-integral-del-agua\/","og_locale":"es_ES","og_type":"article","og_title":"Primera reuni\u00f3n para la mejora del Ciclo Integral del Agua - MI Ayuntamiento de Caudete","og_description":"P\u00e1gina Oficial del Ayuntamiento de Caudete (Albacete)","og_url":"https:\/\/www.caudete.org\/ayuntamiento\/primera-reunion-para-la-mejora-del-ciclo-integral-del-agua\/","og_site_name":"MI Ayuntamiento de Caudete","article_publisher":"https:\/\/www.facebook.com\/ayuntamientocaudete\/","article_published_time":"2024-02-14T12:00:18+00:00","og_image":[{"width":800,"height":397,"url":"https:\/\/www.caudete.org\/ayuntamiento\/wp-content\/uploads\/2021\/10\/agua.jpg","type":"image\/jpeg"}],"author":"Dpto Informatica MI Ayuntamiento de Caudete","twitter_card":"summary_large_image","twitter_misc":{"Escrito por":"Dpto Informatica MI Ayuntamiento de Caudete","Tiempo de lectura":"3 minutos"},"schema":{"@context":"https:\/\/schema.org","@graph":[{"@type":"Article","@id":"https:\/\/www.caudete.org\/ayuntamiento\/primera-reunion-para-la-mejora-del-ciclo-integral-del-agua\/#article","isPartOf":{"@id":"https:\/\/www.caudete.org\/ayuntamiento\/primera-reunion-para-la-mejora-del-ciclo-integral-del-agua\/"},"author":{"name":"Dpto Informatica MI Ayuntamiento de Caudete","@id":"https:\/\/www.caudete.org\/ayuntamiento\/#\/schema\/person\/4b9eab41761957db9b1bf9c418d1ef46"},"headline":"Primera reuni\u00f3n para la mejora del Ciclo Integral del Agua","datePublished":"2024-02-14T12:00:18+00:00","mainEntityOfPage":{"@id":"https:\/\/www.caudete.org\/ayuntamiento\/primera-reunion-para-la-mejora-del-ciclo-integral-del-agua\/"},"wordCount":611,"image":{"@id":"https:\/\/www.caudete.org\/ayuntamiento\/primera-reunion-para-la-mejora-del-ciclo-integral-del-agua\/#primaryimage"},"thumbnailUrl":"https:\/\/www.caudete.org\/ayuntamiento\/wp-content\/uploads\/2021\/10\/agua.jpg","articleSection":["Ciclo Integral del Agua"],"inLanguage":"es"},{"@type":"WebPage","@id":"https:\/\/www.caudete.org\/ayuntamiento\/primera-reunion-para-la-mejora-del-ciclo-integral-del-agua\/","url":"https:\/\/www.caudete.org\/ayuntamiento\/primera-reunion-para-la-mejora-del-ciclo-integral-del-agua\/","name":"Primera reuni\u00f3n para la mejora del Ciclo Integral del Agua - MI Ayuntamiento de Caudete","isPartOf":{"@id":"https:\/\/www.caudete.org\/ayuntamiento\/#website"},"primaryImageOfPage":{"@id":"https:\/\/www.caudete.org\/ayuntamiento\/primera-reunion-para-la-mejora-del-ciclo-integral-del-agua\/#primaryimage"},"image":{"@id":"https:\/\/www.caudete.org\/ayuntamiento\/primera-reunion-para-la-mejora-del-ciclo-integral-del-agua\/#primaryimage"},"thumbnailUrl":"https:\/\/www.caudete.org\/ayuntamiento\/wp-content\/uploads\/2021\/10\/agua.jpg","datePublished":"2024-02-14T12:00:18+00:00","author":{"@id":"https:\/\/www.caudete.org\/ayuntamiento\/#\/schema\/person\/4b9eab41761957db9b1bf9c418d1ef46"},"description":"P\u00e1gina Oficial del Ayuntamiento de Caudete (Albacete)","breadcrumb":{"@id":"https:\/\/www.caudete.org\/ayuntamiento\/primera-reunion-para-la-mejora-del-ciclo-integral-del-agua\/#breadcrumb"},"inLanguage":"es","potentialAction":[{"@type":"ReadAction","target":["https:\/\/www.caudete.org\/ayuntamiento\/primera-reunion-para-la-mejora-del-ciclo-integral-del-agua\/"]}]},{"@type":"ImageObject","inLanguage":"es","@id":"https:\/\/www.caudete.org\/ayuntamiento\/primera-reunion-para-la-mejora-del-ciclo-integral-del-agua\/#primaryimage","url":"https:\/\/www.caudete.org\/ayuntamiento\/wp-content\/uploads\/2021\/10\/agua.jpg","contentUrl":"https:\/\/www.caudete.org\/ayuntamiento\/wp-content\/uploads\/2021\/10\/agua.jpg","width":800,"height":397,"caption":"Corte agua"},{"@type":"BreadcrumbList","@id":"https:\/\/www.caudete.org\/ayuntamiento\/primera-reunion-para-la-mejora-del-ciclo-integral-del-agua\/#breadcrumb","itemListElement":[{"@type":"ListItem","position":1,"name":"Inicio","item":"https:\/\/www.caudete.org\/ayuntamiento\/"},{"@type":"ListItem","position":2,"name":"Primera reuni\u00f3n para la mejora del Ciclo Integral del Agua"}]},{"@type":"WebSite","@id":"https:\/\/www.caudete.org\/ayuntamiento\/#website","url":"https:\/\/www.caudete.org\/ayuntamiento\/","name":"MI Ayuntamiento de Caudete","description":"P\u00e1gina Oficial del MI Ayuntamiento de Caudete","potentialAction":[{"@type":"SearchAction","target":{"@type":"EntryPoint","urlTemplate":"https:\/\/www.caudete.org\/ayuntamiento\/?s={search_term_string}"},"query-input":{"@type":"PropertyValueSpecification","valueRequired":true,"valueName":"search_term_string"}}],"inLanguage":"es"},{"@type":"Person","@id":"https:\/\/www.caudete.org\/ayuntamiento\/#\/schema\/person\/4b9eab41761957db9b1bf9c418d1ef46","name":"Dpto Informatica MI Ayuntamiento de Caudete","image":{"@type":"ImageObject","inLanguage":"es","@id":"https:\/\/secure.gravatar.com\/avatar\/ac0321ee4a0a83e82a253e7b2d348ef539e2c8fe16d06b600bde04de1b364fa7?s=96&d=mm&r=g","url":"https:\/\/secure.gravatar.com\/avatar\/ac0321ee4a0a83e82a253e7b2d348ef539e2c8fe16d06b600bde04de1b364fa7?s=96&d=mm&r=g","contentUrl":"https:\/\/secure.gravatar.com\/avatar\/ac0321ee4a0a83e82a253e7b2d348ef539e2c8fe16d06b600bde04de1b364fa7?s=96&d=mm&r=g","caption":"Dpto Informatica MI Ayuntamiento de Caudete"},"url":"https:\/\/www.caudete.org\/ayuntamiento\/author\/informatica\/"}]}},"_links":{"self":[{"href":"https:\/\/www.caudete.org\/ayuntamiento\/wp-json\/wp\/v2\/posts\/24367","targetHints":{"allow":["GET"]}}],"collection":[{"href":"https:\/\/www.caudete.org\/ayuntamiento\/wp-json\/wp\/v2\/posts"}],"about":[{"href":"https:\/\/www.caudete.org\/ayuntamiento\/wp-json\/wp\/v2\/types\/post"}],"author":[{"embeddable":true,"href":"https:\/\/www.caudete.org\/ayuntamiento\/wp-json\/wp\/v2\/users\/5"}],"replies":[{"embeddable":true,"href":"https:\/\/www.caudete.org\/ayuntamiento\/wp-json\/wp\/v2\/comments?post=24367"}],"version-history":[{"count":2,"href":"https:\/\/www.caudete.org\/ayuntamiento\/wp-json\/wp\/v2\/posts\/24367\/revisions"}],"predecessor-version":[{"id":24586,"href":"https:\/\/www.caudete.org\/ayuntamiento\/wp-json\/wp\/v2\/posts\/24367\/revisions\/24586"}],"wp:featuredmedia":[{"embeddable":true,"href":"https:\/\/www.caudete.org\/ayuntamiento\/wp-json\/wp\/v2\/media\/16555"}],"wp:attachment":[{"href":"https:\/\/www.caudete.org\/ayuntamiento\/wp-json\/wp\/v2\/media?parent=24367"}],"wp:term":[{"taxonomy":"category","embeddable":true,"href":"https:\/\/www.caudete.org\/ayuntamiento\/wp-json\/wp\/v2\/categories?post=24367"},{"taxonomy":"post_tag","embeddable":true,"href":"https:\/\/www.caudete.org\/ayuntamiento\/wp-json\/wp\/v2\/tags?post=24367"}],"curies":[{"name":"wp","href":"https:\/\/api.w.org\/{rel}","templated":true}]}}