{"id":24408,"date":"2024-02-20T21:33:34","date_gmt":"2024-02-20T20:33:34","guid":{"rendered":"https:\/\/www.caudete.org\/ayuntamiento\/?p=24408"},"modified":"2024-02-20T21:33:34","modified_gmt":"2024-02-20T20:33:34","slug":"publicado-el-calendario-de-disponibilidad-2024-de-los-albergues","status":"publish","type":"post","link":"https:\/\/www.caudete.org\/ayuntamiento\/publicado-el-calendario-de-disponibilidad-2024-de-los-albergues\/","title":{"rendered":"Publicado el Calendario de Disponibilidad 2024 de los Albergues"},"content":{"rendered":"<p style=\"text-align: center;\"><a href=\"https:\/\/www.caudete.org\/ayuntamiento\/wp-content\/uploads\/2023\/02\/FB_IMG_1675850692350.jpg\" rel='prettyPhoto'><img fetchpriority=\"high\" decoding=\"async\" class=\"alignnone wp-image-21348 size-full\" src=\"https:\/\/www.caudete.org\/ayuntamiento\/wp-content\/uploads\/2023\/02\/FB_IMG_1675850692350.jpg\" alt=\"\" width=\"720\" height=\"720\" srcset=\"https:\/\/www.caudete.org\/ayuntamiento\/wp-content\/uploads\/2023\/02\/FB_IMG_1675850692350.jpg 720w, https:\/\/www.caudete.org\/ayuntamiento\/wp-content\/uploads\/2023\/02\/FB_IMG_1675850692350-300x300.jpg 300w, https:\/\/www.caudete.org\/ayuntamiento\/wp-content\/uploads\/2023\/02\/FB_IMG_1675850692350-150x150.jpg 150w, https:\/\/www.caudete.org\/ayuntamiento\/wp-content\/uploads\/2023\/02\/FB_IMG_1675850692350-60x60.jpg 60w\" sizes=\"(max-width: 720px) 100vw, 720px\" \/><\/a><\/p>\n<p style=\"text-align: justify;\">Diego Cuenca como Concejal de Turismo y encargado de la gesti\u00f3n y promoci\u00f3n de los Albergues Rurales ha dado a conocer el reci\u00e9n calendario de disponibilidad de los mismos.<\/p>\n<p style=\"text-align: justify;\">Accesible en el Tabl\u00f3n de Anuncios Municipal,\u00a0<a href=\"https:\/\/caudete.sedipualba.es\/tablondeanuncios\/anuncio.aspx?id=50912\" target=\"_blank\" rel=\"nofollow\">clicando aqu\u00ed, <\/a>el Edil ha remarcado que dicho calendario contempla la disponibilidad del Albergue de \u201cLa Toconera\u201d y el del \u201cEl Granillo\u201d para todo el tiempo que resta del presente a\u00f1o 2024, aunque con particularidades diferentes en funci\u00f3n del cual se elija.<\/p>\n<p>&nbsp;<\/p>\n<p style=\"text-align: justify;\"><span style=\"text-decoration: underline;\"><strong>Fechas bloqueadas.<\/strong><\/span><\/p>\n<p style=\"text-align: justify;\">Marzo (29, 30 y 31).<\/p>\n<p style=\"text-align: justify;\">Abril (5, 6 y 7).<\/p>\n<p style=\"text-align: justify;\">Septiembre (6, 7 y 8).<\/p>\n<p style=\"text-align: justify;\">Diciembre (27, 28 y 29).<\/p>\n<p style=\"text-align: justify;\"><span style=\"text-decoration: underline;\"><strong>\u00bfPuede sufrir cambios el calendario?<\/strong><\/span><\/p>\n<p style=\"text-align: justify;\">Si, puesto que \u201cel Ayuntamiento se reserva la acci\u00f3n de poder hacer las reservas necesarias para la realizaci\u00f3n de eventos o actividades que planifique, as\u00ed como por cuestiones de seguridad o salud anular periodos o parte de \u00e9stos que se consideran\u201d (art.5 de la Ordenanza Reguladora).<\/p>\n<p style=\"text-align: justify;\"><span style=\"text-decoration: underline;\"><strong>Plazo m\u00ednimo de la solicitud.<\/strong><\/span><\/p>\n<p style=\"text-align: justify;\">15 d\u00edas h\u00e1biles (no cuentan festivos ni fines de semana).<\/p>\n<p style=\"text-align: justify;\"><span style=\"text-decoration: underline;\"><strong>Plazo m\u00e1ximo de la solicitud.<\/strong><\/span><\/p>\n<p style=\"text-align: justify;\">3 meses<\/p>\n<p style=\"text-align: justify;\"><span style=\"text-decoration: underline;\"><strong>Modo de presentaci\u00f3n de la solicitud.<\/strong><\/span><\/p>\n<p style=\"text-align: justify;\">Para el Albergue del Granillo, mediante registro de entrada.<\/p>\n<p style=\"text-align: justify;\">Para el Albergue de La Toconera, las reservas se deben de realizar siguiendo la aplicaci\u00f3n desarrollada para ello, pudiendo acceder desde el siguiente enlace, <a href=\"https:\/\/turismo.caudete.org\/reservas-albergue-la-toconera\/\" target=\"_blank\" rel=\"nofollow\">https:\/\/turismo.caudete.org\/reservas-albergue-la-toconera\/<\/a><\/p>\n<p style=\"text-align: justify;\"><span style=\"text-decoration: underline;\"><b>\u00bfCu\u00e1ndo puedo saber si tengo autorizado el uso del Albergue?<\/b><\/span><\/p>\n<p style=\"text-align: justify;\">Recibida la solicitud en el Ayuntamiento se proceder\u00e1 a comprobar si existe disponibilidad para la fecha elegida, lo que se comunicar\u00e1 al interesado. \u00c9ste, tendr\u00e1 3 d\u00edas h\u00e1biles para realizar el ingreso de la fianza y de las tasas establecidas.<\/p>\n<p style=\"text-align: justify;\">Recibido el ingreso, el Ayuntamiento proceder\u00e1 a emitir la autorizaci\u00f3n pertinente de uso del Albergue.<\/p>\n<p style=\"text-align: justify;\"><span style=\"text-decoration: underline;\"><b>\u00bfCu\u00e1l es la fianza y las Tasas fijadas por el uso de los Albergues?<\/b><\/span><\/p>\n<p style=\"text-align: justify;\">El importe de la fianza es de 50\u20ac por solicitud, que se devolver\u00e1 si las instalaciones no han sufrido desperfectos tras el uso autorizado.<\/p>\n<p style=\"text-align: justify;\">Las tasas son de 15\u20ac\/d\u00eda para el Albergue de \u201cEl Granillo\u201d y de 30\u20ac\/d\u00eda para el Albergue de \u201cLa Toconera\u201d.<\/p>\n<p style=\"text-align: justify;\"><span style=\"text-decoration: underline;\"><strong>\u00bfMe entregan la llave o alguien abre y cierra?<\/strong><\/span><\/p>\n<p style=\"text-align: justify;\">Una vez autorizado el uso del Albergue, el Departamento encargado se pondr\u00e1 en contacto con el solicitante para acordar fecha de entrega y devoluci\u00f3n de las llaves, para lo cual firmar\u00e1n un acta de entrega y recepci\u00f3n de las mismas en su momento.<\/p>\n<p style=\"text-align: justify;\"><span style=\"text-decoration: underline;\"><b>\u00bfQu\u00e9 utensilios hay que llevar consigo?<\/b><\/span><\/p>\n<p style=\"text-align: justify;\">Adem\u00e1s de los consumibles, en ambos Albergues el usuario ha de ir provisto de le\u00f1a, as\u00ed como de cuberter\u00eda, vajilla y cristaler\u00eda.<\/p>\n<p style=\"text-align: justify;\">En el de \u201cLa Toconera\u201d, que cuenta con literas, se deber\u00e1 aportar la ropa de cama y abrigo que se considere, y para la cocina los \u00fatiles que le sean necesarios.<\/p>\n","protected":false},"excerpt":{"rendered":"<p>Diego Cuenca como Concejal de Turismo y encargado de la gesti\u00f3n y promoci\u00f3n de los Albergues Rurales ha dado a conocer el reci\u00e9n calendario de disponibilidad de los mismos. Accesible en el Tabl\u00f3n de Anuncios Municipal,\u00a0clicando aqu\u00ed, el Edil ha remarcado que dicho calendario contempla la disponibilidad del Albergue de \u201cLa Toconera\u201d y el del &hellip;<\/p>\n","protected":false},"author":3,"featured_media":21349,"comment_status":"closed","ping_status":"open","sticky":false,"template":"","format":"standard","meta":{"ngg_post_thumbnail":0,"footnotes":""},"categories":[43],"tags":[],"class_list":["post-24408","post","type-post","status-publish","format-standard","has-post-thumbnail","hentry","category-turismo"],"yoast_head":"<!-- This site is optimized with the Yoast SEO plugin v27.5 - https:\/\/yoast.com\/product\/yoast-seo-wordpress\/ -->\n<title>Publicado el Calendario de Disponibilidad 2024 de los Albergues - MI Ayuntamiento de Caudete<\/title>\n<meta name=\"description\" content=\"P\u00e1gina Oficial del Ayuntamiento de Caudete (Albacete)\" \/>\n<meta name=\"robots\" content=\"index, follow, max-snippet:-1, max-image-preview:large, max-video-preview:-1\" \/>\n<link rel=\"canonical\" href=\"https:\/\/www.caudete.org\/ayuntamiento\/publicado-el-calendario-de-disponibilidad-2024-de-los-albergues\/\" \/>\n<meta property=\"og:locale\" content=\"es_ES\" \/>\n<meta property=\"og:type\" content=\"article\" \/>\n<meta property=\"og:title\" content=\"Publicado el Calendario de Disponibilidad 2024 de los Albergues - MI Ayuntamiento de Caudete\" \/>\n<meta property=\"og:description\" content=\"P\u00e1gina Oficial del Ayuntamiento de Caudete (Albacete)\" \/>\n<meta property=\"og:url\" content=\"https:\/\/www.caudete.org\/ayuntamiento\/publicado-el-calendario-de-disponibilidad-2024-de-los-albergues\/\" \/>\n<meta property=\"og:site_name\" content=\"MI Ayuntamiento de Caudete\" \/>\n<meta property=\"article:publisher\" content=\"https:\/\/www.facebook.com\/ayuntamientocaudete\/\" \/>\n<meta property=\"article:published_time\" content=\"2024-02-20T20:33:34+00:00\" \/>\n<meta property=\"og:image\" content=\"https:\/\/www.caudete.org\/ayuntamiento\/wp-content\/uploads\/2023\/02\/FB_IMG_1675850698051.jpg\" \/>\n\t<meta property=\"og:image:width\" content=\"720\" \/>\n\t<meta property=\"og:image:height\" content=\"720\" \/>\n\t<meta property=\"og:image:type\" content=\"image\/jpeg\" \/>\n<meta name=\"author\" content=\"alcalde\" \/>\n<meta name=\"twitter:card\" content=\"summary_large_image\" \/>\n<meta name=\"twitter:label1\" content=\"Escrito por\" \/>\n\t<meta name=\"twitter:data1\" content=\"alcalde\" \/>\n\t<meta name=\"twitter:label2\" content=\"Tiempo de lectura\" \/>\n\t<meta name=\"twitter:data2\" content=\"3 minutos\" \/>\n<script type=\"application\/ld+json\" class=\"yoast-schema-graph\">{\"@context\":\"https:\\\/\\\/schema.org\",\"@graph\":[{\"@type\":\"Article\",\"@id\":\"https:\\\/\\\/www.caudete.org\\\/ayuntamiento\\\/publicado-el-calendario-de-disponibilidad-2024-de-los-albergues\\\/#article\",\"isPartOf\":{\"@id\":\"https:\\\/\\\/www.caudete.org\\\/ayuntamiento\\\/publicado-el-calendario-de-disponibilidad-2024-de-los-albergues\\\/\"},\"author\":{\"name\":\"alcalde\",\"@id\":\"https:\\\/\\\/www.caudete.org\\\/ayuntamiento\\\/#\\\/schema\\\/person\\\/cc646da9133078ee4d8dd47457947253\"},\"headline\":\"Publicado el Calendario de Disponibilidad 2024 de los Albergues\",\"datePublished\":\"2024-02-20T20:33:34+00:00\",\"mainEntityOfPage\":{\"@id\":\"https:\\\/\\\/www.caudete.org\\\/ayuntamiento\\\/publicado-el-calendario-de-disponibilidad-2024-de-los-albergues\\\/\"},\"wordCount\":471,\"image\":{\"@id\":\"https:\\\/\\\/www.caudete.org\\\/ayuntamiento\\\/publicado-el-calendario-de-disponibilidad-2024-de-los-albergues\\\/#primaryimage\"},\"thumbnailUrl\":\"https:\\\/\\\/www.caudete.org\\\/ayuntamiento\\\/wp-content\\\/uploads\\\/2023\\\/02\\\/FB_IMG_1675850698051.jpg\",\"articleSection\":[\"Turismo\"],\"inLanguage\":\"es\"},{\"@type\":\"WebPage\",\"@id\":\"https:\\\/\\\/www.caudete.org\\\/ayuntamiento\\\/publicado-el-calendario-de-disponibilidad-2024-de-los-albergues\\\/\",\"url\":\"https:\\\/\\\/www.caudete.org\\\/ayuntamiento\\\/publicado-el-calendario-de-disponibilidad-2024-de-los-albergues\\\/\",\"name\":\"Publicado el Calendario de Disponibilidad 2024 de los Albergues - MI Ayuntamiento de Caudete\",\"isPartOf\":{\"@id\":\"https:\\\/\\\/www.caudete.org\\\/ayuntamiento\\\/#website\"},\"primaryImageOfPage\":{\"@id\":\"https:\\\/\\\/www.caudete.org\\\/ayuntamiento\\\/publicado-el-calendario-de-disponibilidad-2024-de-los-albergues\\\/#primaryimage\"},\"image\":{\"@id\":\"https:\\\/\\\/www.caudete.org\\\/ayuntamiento\\\/publicado-el-calendario-de-disponibilidad-2024-de-los-albergues\\\/#primaryimage\"},\"thumbnailUrl\":\"https:\\\/\\\/www.caudete.org\\\/ayuntamiento\\\/wp-content\\\/uploads\\\/2023\\\/02\\\/FB_IMG_1675850698051.jpg\",\"datePublished\":\"2024-02-20T20:33:34+00:00\",\"author\":{\"@id\":\"https:\\\/\\\/www.caudete.org\\\/ayuntamiento\\\/#\\\/schema\\\/person\\\/cc646da9133078ee4d8dd47457947253\"},\"description\":\"P\u00e1gina Oficial del Ayuntamiento de Caudete (Albacete)\",\"breadcrumb\":{\"@id\":\"https:\\\/\\\/www.caudete.org\\\/ayuntamiento\\\/publicado-el-calendario-de-disponibilidad-2024-de-los-albergues\\\/#breadcrumb\"},\"inLanguage\":\"es\",\"potentialAction\":[{\"@type\":\"ReadAction\",\"target\":[\"https:\\\/\\\/www.caudete.org\\\/ayuntamiento\\\/publicado-el-calendario-de-disponibilidad-2024-de-los-albergues\\\/\"]}]},{\"@type\":\"ImageObject\",\"inLanguage\":\"es\",\"@id\":\"https:\\\/\\\/www.caudete.org\\\/ayuntamiento\\\/publicado-el-calendario-de-disponibilidad-2024-de-los-albergues\\\/#primaryimage\",\"url\":\"https:\\\/\\\/www.caudete.org\\\/ayuntamiento\\\/wp-content\\\/uploads\\\/2023\\\/02\\\/FB_IMG_1675850698051.jpg\",\"contentUrl\":\"https:\\\/\\\/www.caudete.org\\\/ayuntamiento\\\/wp-content\\\/uploads\\\/2023\\\/02\\\/FB_IMG_1675850698051.jpg\",\"width\":720,\"height\":720},{\"@type\":\"BreadcrumbList\",\"@id\":\"https:\\\/\\\/www.caudete.org\\\/ayuntamiento\\\/publicado-el-calendario-de-disponibilidad-2024-de-los-albergues\\\/#breadcrumb\",\"itemListElement\":[{\"@type\":\"ListItem\",\"position\":1,\"name\":\"Inicio\",\"item\":\"https:\\\/\\\/www.caudete.org\\\/ayuntamiento\\\/\"},{\"@type\":\"ListItem\",\"position\":2,\"name\":\"Publicado el Calendario de Disponibilidad 2024 de los Albergues\"}]},{\"@type\":\"WebSite\",\"@id\":\"https:\\\/\\\/www.caudete.org\\\/ayuntamiento\\\/#website\",\"url\":\"https:\\\/\\\/www.caudete.org\\\/ayuntamiento\\\/\",\"name\":\"MI Ayuntamiento de Caudete\",\"description\":\"P\u00e1gina Oficial del MI Ayuntamiento de Caudete\",\"potentialAction\":[{\"@type\":\"SearchAction\",\"target\":{\"@type\":\"EntryPoint\",\"urlTemplate\":\"https:\\\/\\\/www.caudete.org\\\/ayuntamiento\\\/?s={search_term_string}\"},\"query-input\":{\"@type\":\"PropertyValueSpecification\",\"valueRequired\":true,\"valueName\":\"search_term_string\"}}],\"inLanguage\":\"es\"},{\"@type\":\"Person\",\"@id\":\"https:\\\/\\\/www.caudete.org\\\/ayuntamiento\\\/#\\\/schema\\\/person\\\/cc646da9133078ee4d8dd47457947253\",\"name\":\"alcalde\",\"image\":{\"@type\":\"ImageObject\",\"inLanguage\":\"es\",\"@id\":\"https:\\\/\\\/secure.gravatar.com\\\/avatar\\\/84a817ba065b29ff08d666b215a215f5c79186a645ccb25b14a663d48a130f77?s=96&d=mm&r=g\",\"url\":\"https:\\\/\\\/secure.gravatar.com\\\/avatar\\\/84a817ba065b29ff08d666b215a215f5c79186a645ccb25b14a663d48a130f77?s=96&d=mm&r=g\",\"contentUrl\":\"https:\\\/\\\/secure.gravatar.com\\\/avatar\\\/84a817ba065b29ff08d666b215a215f5c79186a645ccb25b14a663d48a130f77?s=96&d=mm&r=g\",\"caption\":\"alcalde\"},\"url\":\"https:\\\/\\\/www.caudete.org\\\/ayuntamiento\\\/author\\\/alcalde\\\/\"}]}<\/script>\n<!-- \/ Yoast SEO plugin. -->","yoast_head_json":{"title":"Publicado el Calendario de Disponibilidad 2024 de los Albergues - MI Ayuntamiento de Caudete","description":"P\u00e1gina Oficial del Ayuntamiento de Caudete (Albacete)","robots":{"index":"index","follow":"follow","max-snippet":"max-snippet:-1","max-image-preview":"max-image-preview:large","max-video-preview":"max-video-preview:-1"},"canonical":"https:\/\/www.caudete.org\/ayuntamiento\/publicado-el-calendario-de-disponibilidad-2024-de-los-albergues\/","og_locale":"es_ES","og_type":"article","og_title":"Publicado el Calendario de Disponibilidad 2024 de los Albergues - MI Ayuntamiento de Caudete","og_description":"P\u00e1gina Oficial del Ayuntamiento de Caudete (Albacete)","og_url":"https:\/\/www.caudete.org\/ayuntamiento\/publicado-el-calendario-de-disponibilidad-2024-de-los-albergues\/","og_site_name":"MI Ayuntamiento de Caudete","article_publisher":"https:\/\/www.facebook.com\/ayuntamientocaudete\/","article_published_time":"2024-02-20T20:33:34+00:00","og_image":[{"width":720,"height":720,"url":"https:\/\/www.caudete.org\/ayuntamiento\/wp-content\/uploads\/2023\/02\/FB_IMG_1675850698051.jpg","type":"image\/jpeg"}],"author":"alcalde","twitter_card":"summary_large_image","twitter_misc":{"Escrito por":"alcalde","Tiempo de lectura":"3 minutos"},"schema":{"@context":"https:\/\/schema.org","@graph":[{"@type":"Article","@id":"https:\/\/www.caudete.org\/ayuntamiento\/publicado-el-calendario-de-disponibilidad-2024-de-los-albergues\/#article","isPartOf":{"@id":"https:\/\/www.caudete.org\/ayuntamiento\/publicado-el-calendario-de-disponibilidad-2024-de-los-albergues\/"},"author":{"name":"alcalde","@id":"https:\/\/www.caudete.org\/ayuntamiento\/#\/schema\/person\/cc646da9133078ee4d8dd47457947253"},"headline":"Publicado el Calendario de Disponibilidad 2024 de los Albergues","datePublished":"2024-02-20T20:33:34+00:00","mainEntityOfPage":{"@id":"https:\/\/www.caudete.org\/ayuntamiento\/publicado-el-calendario-de-disponibilidad-2024-de-los-albergues\/"},"wordCount":471,"image":{"@id":"https:\/\/www.caudete.org\/ayuntamiento\/publicado-el-calendario-de-disponibilidad-2024-de-los-albergues\/#primaryimage"},"thumbnailUrl":"https:\/\/www.caudete.org\/ayuntamiento\/wp-content\/uploads\/2023\/02\/FB_IMG_1675850698051.jpg","articleSection":["Turismo"],"inLanguage":"es"},{"@type":"WebPage","@id":"https:\/\/www.caudete.org\/ayuntamiento\/publicado-el-calendario-de-disponibilidad-2024-de-los-albergues\/","url":"https:\/\/www.caudete.org\/ayuntamiento\/publicado-el-calendario-de-disponibilidad-2024-de-los-albergues\/","name":"Publicado el Calendario de Disponibilidad 2024 de los Albergues - MI Ayuntamiento de Caudete","isPartOf":{"@id":"https:\/\/www.caudete.org\/ayuntamiento\/#website"},"primaryImageOfPage":{"@id":"https:\/\/www.caudete.org\/ayuntamiento\/publicado-el-calendario-de-disponibilidad-2024-de-los-albergues\/#primaryimage"},"image":{"@id":"https:\/\/www.caudete.org\/ayuntamiento\/publicado-el-calendario-de-disponibilidad-2024-de-los-albergues\/#primaryimage"},"thumbnailUrl":"https:\/\/www.caudete.org\/ayuntamiento\/wp-content\/uploads\/2023\/02\/FB_IMG_1675850698051.jpg","datePublished":"2024-02-20T20:33:34+00:00","author":{"@id":"https:\/\/www.caudete.org\/ayuntamiento\/#\/schema\/person\/cc646da9133078ee4d8dd47457947253"},"description":"P\u00e1gina Oficial del Ayuntamiento de Caudete (Albacete)","breadcrumb":{"@id":"https:\/\/www.caudete.org\/ayuntamiento\/publicado-el-calendario-de-disponibilidad-2024-de-los-albergues\/#breadcrumb"},"inLanguage":"es","potentialAction":[{"@type":"ReadAction","target":["https:\/\/www.caudete.org\/ayuntamiento\/publicado-el-calendario-de-disponibilidad-2024-de-los-albergues\/"]}]},{"@type":"ImageObject","inLanguage":"es","@id":"https:\/\/www.caudete.org\/ayuntamiento\/publicado-el-calendario-de-disponibilidad-2024-de-los-albergues\/#primaryimage","url":"https:\/\/www.caudete.org\/ayuntamiento\/wp-content\/uploads\/2023\/02\/FB_IMG_1675850698051.jpg","contentUrl":"https:\/\/www.caudete.org\/ayuntamiento\/wp-content\/uploads\/2023\/02\/FB_IMG_1675850698051.jpg","width":720,"height":720},{"@type":"BreadcrumbList","@id":"https:\/\/www.caudete.org\/ayuntamiento\/publicado-el-calendario-de-disponibilidad-2024-de-los-albergues\/#breadcrumb","itemListElement":[{"@type":"ListItem","position":1,"name":"Inicio","item":"https:\/\/www.caudete.org\/ayuntamiento\/"},{"@type":"ListItem","position":2,"name":"Publicado el Calendario de Disponibilidad 2024 de los Albergues"}]},{"@type":"WebSite","@id":"https:\/\/www.caudete.org\/ayuntamiento\/#website","url":"https:\/\/www.caudete.org\/ayuntamiento\/","name":"MI Ayuntamiento de Caudete","description":"P\u00e1gina Oficial del MI Ayuntamiento de Caudete","potentialAction":[{"@type":"SearchAction","target":{"@type":"EntryPoint","urlTemplate":"https:\/\/www.caudete.org\/ayuntamiento\/?s={search_term_string}"},"query-input":{"@type":"PropertyValueSpecification","valueRequired":true,"valueName":"search_term_string"}}],"inLanguage":"es"},{"@type":"Person","@id":"https:\/\/www.caudete.org\/ayuntamiento\/#\/schema\/person\/cc646da9133078ee4d8dd47457947253","name":"alcalde","image":{"@type":"ImageObject","inLanguage":"es","@id":"https:\/\/secure.gravatar.com\/avatar\/84a817ba065b29ff08d666b215a215f5c79186a645ccb25b14a663d48a130f77?s=96&d=mm&r=g","url":"https:\/\/secure.gravatar.com\/avatar\/84a817ba065b29ff08d666b215a215f5c79186a645ccb25b14a663d48a130f77?s=96&d=mm&r=g","contentUrl":"https:\/\/secure.gravatar.com\/avatar\/84a817ba065b29ff08d666b215a215f5c79186a645ccb25b14a663d48a130f77?s=96&d=mm&r=g","caption":"alcalde"},"url":"https:\/\/www.caudete.org\/ayuntamiento\/author\/alcalde\/"}]}},"_links":{"self":[{"href":"https:\/\/www.caudete.org\/ayuntamiento\/wp-json\/wp\/v2\/posts\/24408","targetHints":{"allow":["GET"]}}],"collection":[{"href":"https:\/\/www.caudete.org\/ayuntamiento\/wp-json\/wp\/v2\/posts"}],"about":[{"href":"https:\/\/www.caudete.org\/ayuntamiento\/wp-json\/wp\/v2\/types\/post"}],"author":[{"embeddable":true,"href":"https:\/\/www.caudete.org\/ayuntamiento\/wp-json\/wp\/v2\/users\/3"}],"replies":[{"embeddable":true,"href":"https:\/\/www.caudete.org\/ayuntamiento\/wp-json\/wp\/v2\/comments?post=24408"}],"version-history":[{"count":1,"href":"https:\/\/www.caudete.org\/ayuntamiento\/wp-json\/wp\/v2\/posts\/24408\/revisions"}],"predecessor-version":[{"id":24409,"href":"https:\/\/www.caudete.org\/ayuntamiento\/wp-json\/wp\/v2\/posts\/24408\/revisions\/24409"}],"wp:featuredmedia":[{"embeddable":true,"href":"https:\/\/www.caudete.org\/ayuntamiento\/wp-json\/wp\/v2\/media\/21349"}],"wp:attachment":[{"href":"https:\/\/www.caudete.org\/ayuntamiento\/wp-json\/wp\/v2\/media?parent=24408"}],"wp:term":[{"taxonomy":"category","embeddable":true,"href":"https:\/\/www.caudete.org\/ayuntamiento\/wp-json\/wp\/v2\/categories?post=24408"},{"taxonomy":"post_tag","embeddable":true,"href":"https:\/\/www.caudete.org\/ayuntamiento\/wp-json\/wp\/v2\/tags?post=24408"}],"curies":[{"name":"wp","href":"https:\/\/api.w.org\/{rel}","templated":true}]}}