{"id":24415,"date":"2024-02-21T15:49:51","date_gmt":"2024-02-21T14:49:51","guid":{"rendered":"https:\/\/www.caudete.org\/ayuntamiento\/?p=24415"},"modified":"2024-02-21T15:49:51","modified_gmt":"2024-02-21T14:49:51","slug":"coordinan-acciones-para-la-acampada-en-la-toconera-por-pascuas-de-resurreccion","status":"publish","type":"post","link":"https:\/\/www.caudete.org\/ayuntamiento\/coordinan-acciones-para-la-acampada-en-la-toconera-por-pascuas-de-resurreccion\/","title":{"rendered":"Coordinan acciones para la Acampada en LA TOCONERA por Pascuas de Resurrecci\u00f3n"},"content":{"rendered":"<p style=\"text-align: justify;\">Este mediod\u00eda ten\u00eda lugar la reuni\u00f3n de Coordinaci\u00f3n entre los diferentes agentes intervinientes para que caudetanos de todas las edades puedan disfrutar de la acampada y paseo por el paraje La Toconera durante las Pascuas de Resurrecci\u00f3n.<\/p>\n<p style=\"text-align: justify;\">Organizada por el Ayuntamiento, entre las Concejal\u00edas de Seguridad, Emergencias y Medio Ambiente, se han dado cita a Polic\u00eda Local, Protecci\u00f3n Civil, Guardia Civil, Cruz Roja y los T\u00e9cnicos del \u00e1rea para analizar resultados de la pasada edici\u00f3n, y planificar la de este a\u00f1o 2024.<\/p>\n<p style=\"text-align: justify;\">Tras la cita de hoy, se elaborar\u00e1 la propuesta y Bando Municipal que dar\u00e1 alcance al Acuerdo que la Junta de Gobierno Local adopte al respecto en la pr\u00f3xima sesi\u00f3n del viernes 1 Marzo, momento en el que se informar\u00e1 p\u00fablicamente de las condiciones establecidas, plazos y horarios.<\/p>\n<p style=\"text-align: justify;\">No obstante, ha trascendido de la misma por parte de los Ediles presentes que el periodo de acampada ser\u00e1 de Jueves Santo a Lunes de Pascua de Resurrecci\u00f3n, que ser\u00e1 necesaria inscripcion (como en a\u00f1os anteriores) y que la realizaci\u00f3n de uso de fuego queda a expensas de la autorizaci\u00f3n de la administraci\u00f3n competente, sobre la cual se espera pronta respuesta. No obstante, a partir del 1 de Marzo se dar\u00e1n todos los detalles.<\/p>\n<p><a href=\"https:\/\/www.caudete.org\/ayuntamiento\/wp-content\/uploads\/2024\/02\/IMG-20240221-WA0021.jpg\" rel='prettyPhoto'><img fetchpriority=\"high\" decoding=\"async\" class=\"aligncenter wp-image-24416 size-full\" src=\"https:\/\/www.caudete.org\/ayuntamiento\/wp-content\/uploads\/2024\/02\/IMG-20240221-WA0021.jpg\" alt=\"\" width=\"1600\" height=\"1064\" srcset=\"https:\/\/www.caudete.org\/ayuntamiento\/wp-content\/uploads\/2024\/02\/IMG-20240221-WA0021.jpg 1600w, https:\/\/www.caudete.org\/ayuntamiento\/wp-content\/uploads\/2024\/02\/IMG-20240221-WA0021-300x200.jpg 300w, https:\/\/www.caudete.org\/ayuntamiento\/wp-content\/uploads\/2024\/02\/IMG-20240221-WA0021-1024x681.jpg 1024w, https:\/\/www.caudete.org\/ayuntamiento\/wp-content\/uploads\/2024\/02\/IMG-20240221-WA0021-768x511.jpg 768w, https:\/\/www.caudete.org\/ayuntamiento\/wp-content\/uploads\/2024\/02\/IMG-20240221-WA0021-1536x1021.jpg 1536w\" sizes=\"(max-width: 1600px) 100vw, 1600px\" \/><\/a><\/p>\n<p>&nbsp;<\/p>\n","protected":false},"excerpt":{"rendered":"<p>Este mediod\u00eda ten\u00eda lugar la reuni\u00f3n de Coordinaci\u00f3n entre los diferentes agentes intervinientes para que caudetanos de todas las edades puedan disfrutar de la acampada y paseo por el paraje La Toconera durante las Pascuas de Resurrecci\u00f3n. Organizada por el Ayuntamiento, entre las Concejal\u00edas de Seguridad, Emergencias y Medio Ambiente, se han dado cita a &hellip;<\/p>\n","protected":false},"author":3,"featured_media":24416,"comment_status":"closed","ping_status":"open","sticky":false,"template":"","format":"standard","meta":{"ngg_post_thumbnail":0,"footnotes":""},"categories":[29],"tags":[],"class_list":["post-24415","post","type-post","status-publish","format-standard","has-post-thumbnail","hentry","category-medio-ambiente"],"yoast_head":"<!-- This site is optimized with the Yoast SEO plugin v27.5 - https:\/\/yoast.com\/product\/yoast-seo-wordpress\/ -->\n<title>Coordinan acciones para la Acampada en LA TOCONERA por Pascuas de Resurrecci\u00f3n - MI Ayuntamiento de Caudete<\/title>\n<meta name=\"description\" content=\"P\u00e1gina Oficial del Ayuntamiento de Caudete (Albacete)\" \/>\n<meta name=\"robots\" content=\"index, follow, max-snippet:-1, max-image-preview:large, max-video-preview:-1\" \/>\n<link rel=\"canonical\" href=\"https:\/\/www.caudete.org\/ayuntamiento\/coordinan-acciones-para-la-acampada-en-la-toconera-por-pascuas-de-resurreccion\/\" \/>\n<meta property=\"og:locale\" content=\"es_ES\" \/>\n<meta property=\"og:type\" content=\"article\" \/>\n<meta property=\"og:title\" content=\"Coordinan acciones para la Acampada en LA TOCONERA por Pascuas de Resurrecci\u00f3n - MI Ayuntamiento de Caudete\" \/>\n<meta property=\"og:description\" content=\"P\u00e1gina Oficial del Ayuntamiento de Caudete (Albacete)\" \/>\n<meta property=\"og:url\" content=\"https:\/\/www.caudete.org\/ayuntamiento\/coordinan-acciones-para-la-acampada-en-la-toconera-por-pascuas-de-resurreccion\/\" \/>\n<meta property=\"og:site_name\" content=\"MI Ayuntamiento de Caudete\" \/>\n<meta property=\"article:publisher\" content=\"https:\/\/www.facebook.com\/ayuntamientocaudete\/\" \/>\n<meta property=\"article:published_time\" content=\"2024-02-21T14:49:51+00:00\" \/>\n<meta property=\"og:image\" content=\"https:\/\/www.caudete.org\/ayuntamiento\/wp-content\/uploads\/2024\/02\/IMG-20240221-WA0021.jpg\" \/>\n\t<meta property=\"og:image:width\" content=\"1600\" \/>\n\t<meta property=\"og:image:height\" content=\"1064\" \/>\n\t<meta property=\"og:image:type\" content=\"image\/jpeg\" \/>\n<meta name=\"author\" content=\"alcalde\" \/>\n<meta name=\"twitter:card\" content=\"summary_large_image\" \/>\n<meta name=\"twitter:label1\" content=\"Escrito por\" \/>\n\t<meta name=\"twitter:data1\" content=\"alcalde\" \/>\n\t<meta name=\"twitter:label2\" content=\"Tiempo de lectura\" \/>\n\t<meta name=\"twitter:data2\" content=\"2 minutos\" \/>\n<script type=\"application\/ld+json\" class=\"yoast-schema-graph\">{\"@context\":\"https:\\\/\\\/schema.org\",\"@graph\":[{\"@type\":\"Article\",\"@id\":\"https:\\\/\\\/www.caudete.org\\\/ayuntamiento\\\/coordinan-acciones-para-la-acampada-en-la-toconera-por-pascuas-de-resurreccion\\\/#article\",\"isPartOf\":{\"@id\":\"https:\\\/\\\/www.caudete.org\\\/ayuntamiento\\\/coordinan-acciones-para-la-acampada-en-la-toconera-por-pascuas-de-resurreccion\\\/\"},\"author\":{\"name\":\"alcalde\",\"@id\":\"https:\\\/\\\/www.caudete.org\\\/ayuntamiento\\\/#\\\/schema\\\/person\\\/cc646da9133078ee4d8dd47457947253\"},\"headline\":\"Coordinan acciones para la Acampada en LA TOCONERA por Pascuas de Resurrecci\u00f3n\",\"datePublished\":\"2024-02-21T14:49:51+00:00\",\"mainEntityOfPage\":{\"@id\":\"https:\\\/\\\/www.caudete.org\\\/ayuntamiento\\\/coordinan-acciones-para-la-acampada-en-la-toconera-por-pascuas-de-resurreccion\\\/\"},\"wordCount\":235,\"image\":{\"@id\":\"https:\\\/\\\/www.caudete.org\\\/ayuntamiento\\\/coordinan-acciones-para-la-acampada-en-la-toconera-por-pascuas-de-resurreccion\\\/#primaryimage\"},\"thumbnailUrl\":\"https:\\\/\\\/www.caudete.org\\\/ayuntamiento\\\/wp-content\\\/uploads\\\/2024\\\/02\\\/IMG-20240221-WA0021.jpg\",\"articleSection\":[\"Medio Ambiente\"],\"inLanguage\":\"es\"},{\"@type\":\"WebPage\",\"@id\":\"https:\\\/\\\/www.caudete.org\\\/ayuntamiento\\\/coordinan-acciones-para-la-acampada-en-la-toconera-por-pascuas-de-resurreccion\\\/\",\"url\":\"https:\\\/\\\/www.caudete.org\\\/ayuntamiento\\\/coordinan-acciones-para-la-acampada-en-la-toconera-por-pascuas-de-resurreccion\\\/\",\"name\":\"Coordinan acciones para la Acampada en LA TOCONERA por Pascuas de Resurrecci\u00f3n - MI Ayuntamiento de Caudete\",\"isPartOf\":{\"@id\":\"https:\\\/\\\/www.caudete.org\\\/ayuntamiento\\\/#website\"},\"primaryImageOfPage\":{\"@id\":\"https:\\\/\\\/www.caudete.org\\\/ayuntamiento\\\/coordinan-acciones-para-la-acampada-en-la-toconera-por-pascuas-de-resurreccion\\\/#primaryimage\"},\"image\":{\"@id\":\"https:\\\/\\\/www.caudete.org\\\/ayuntamiento\\\/coordinan-acciones-para-la-acampada-en-la-toconera-por-pascuas-de-resurreccion\\\/#primaryimage\"},\"thumbnailUrl\":\"https:\\\/\\\/www.caudete.org\\\/ayuntamiento\\\/wp-content\\\/uploads\\\/2024\\\/02\\\/IMG-20240221-WA0021.jpg\",\"datePublished\":\"2024-02-21T14:49:51+00:00\",\"author\":{\"@id\":\"https:\\\/\\\/www.caudete.org\\\/ayuntamiento\\\/#\\\/schema\\\/person\\\/cc646da9133078ee4d8dd47457947253\"},\"description\":\"P\u00e1gina Oficial del Ayuntamiento de Caudete (Albacete)\",\"breadcrumb\":{\"@id\":\"https:\\\/\\\/www.caudete.org\\\/ayuntamiento\\\/coordinan-acciones-para-la-acampada-en-la-toconera-por-pascuas-de-resurreccion\\\/#breadcrumb\"},\"inLanguage\":\"es\",\"potentialAction\":[{\"@type\":\"ReadAction\",\"target\":[\"https:\\\/\\\/www.caudete.org\\\/ayuntamiento\\\/coordinan-acciones-para-la-acampada-en-la-toconera-por-pascuas-de-resurreccion\\\/\"]}]},{\"@type\":\"ImageObject\",\"inLanguage\":\"es\",\"@id\":\"https:\\\/\\\/www.caudete.org\\\/ayuntamiento\\\/coordinan-acciones-para-la-acampada-en-la-toconera-por-pascuas-de-resurreccion\\\/#primaryimage\",\"url\":\"https:\\\/\\\/www.caudete.org\\\/ayuntamiento\\\/wp-content\\\/uploads\\\/2024\\\/02\\\/IMG-20240221-WA0021.jpg\",\"contentUrl\":\"https:\\\/\\\/www.caudete.org\\\/ayuntamiento\\\/wp-content\\\/uploads\\\/2024\\\/02\\\/IMG-20240221-WA0021.jpg\",\"width\":1600,\"height\":1064},{\"@type\":\"BreadcrumbList\",\"@id\":\"https:\\\/\\\/www.caudete.org\\\/ayuntamiento\\\/coordinan-acciones-para-la-acampada-en-la-toconera-por-pascuas-de-resurreccion\\\/#breadcrumb\",\"itemListElement\":[{\"@type\":\"ListItem\",\"position\":1,\"name\":\"Inicio\",\"item\":\"https:\\\/\\\/www.caudete.org\\\/ayuntamiento\\\/\"},{\"@type\":\"ListItem\",\"position\":2,\"name\":\"Coordinan acciones para la Acampada en LA TOCONERA por Pascuas de Resurrecci\u00f3n\"}]},{\"@type\":\"WebSite\",\"@id\":\"https:\\\/\\\/www.caudete.org\\\/ayuntamiento\\\/#website\",\"url\":\"https:\\\/\\\/www.caudete.org\\\/ayuntamiento\\\/\",\"name\":\"MI Ayuntamiento de Caudete\",\"description\":\"P\u00e1gina Oficial del MI Ayuntamiento de Caudete\",\"potentialAction\":[{\"@type\":\"SearchAction\",\"target\":{\"@type\":\"EntryPoint\",\"urlTemplate\":\"https:\\\/\\\/www.caudete.org\\\/ayuntamiento\\\/?s={search_term_string}\"},\"query-input\":{\"@type\":\"PropertyValueSpecification\",\"valueRequired\":true,\"valueName\":\"search_term_string\"}}],\"inLanguage\":\"es\"},{\"@type\":\"Person\",\"@id\":\"https:\\\/\\\/www.caudete.org\\\/ayuntamiento\\\/#\\\/schema\\\/person\\\/cc646da9133078ee4d8dd47457947253\",\"name\":\"alcalde\",\"image\":{\"@type\":\"ImageObject\",\"inLanguage\":\"es\",\"@id\":\"https:\\\/\\\/secure.gravatar.com\\\/avatar\\\/84a817ba065b29ff08d666b215a215f5c79186a645ccb25b14a663d48a130f77?s=96&d=mm&r=g\",\"url\":\"https:\\\/\\\/secure.gravatar.com\\\/avatar\\\/84a817ba065b29ff08d666b215a215f5c79186a645ccb25b14a663d48a130f77?s=96&d=mm&r=g\",\"contentUrl\":\"https:\\\/\\\/secure.gravatar.com\\\/avatar\\\/84a817ba065b29ff08d666b215a215f5c79186a645ccb25b14a663d48a130f77?s=96&d=mm&r=g\",\"caption\":\"alcalde\"},\"url\":\"https:\\\/\\\/www.caudete.org\\\/ayuntamiento\\\/author\\\/alcalde\\\/\"}]}<\/script>\n<!-- \/ Yoast SEO plugin. -->","yoast_head_json":{"title":"Coordinan acciones para la Acampada en LA TOCONERA por Pascuas de Resurrecci\u00f3n - MI Ayuntamiento de Caudete","description":"P\u00e1gina Oficial del Ayuntamiento de Caudete (Albacete)","robots":{"index":"index","follow":"follow","max-snippet":"max-snippet:-1","max-image-preview":"max-image-preview:large","max-video-preview":"max-video-preview:-1"},"canonical":"https:\/\/www.caudete.org\/ayuntamiento\/coordinan-acciones-para-la-acampada-en-la-toconera-por-pascuas-de-resurreccion\/","og_locale":"es_ES","og_type":"article","og_title":"Coordinan acciones para la Acampada en LA TOCONERA por Pascuas de Resurrecci\u00f3n - MI Ayuntamiento de Caudete","og_description":"P\u00e1gina Oficial del Ayuntamiento de Caudete (Albacete)","og_url":"https:\/\/www.caudete.org\/ayuntamiento\/coordinan-acciones-para-la-acampada-en-la-toconera-por-pascuas-de-resurreccion\/","og_site_name":"MI Ayuntamiento de Caudete","article_publisher":"https:\/\/www.facebook.com\/ayuntamientocaudete\/","article_published_time":"2024-02-21T14:49:51+00:00","og_image":[{"width":1600,"height":1064,"url":"https:\/\/www.caudete.org\/ayuntamiento\/wp-content\/uploads\/2024\/02\/IMG-20240221-WA0021.jpg","type":"image\/jpeg"}],"author":"alcalde","twitter_card":"summary_large_image","twitter_misc":{"Escrito por":"alcalde","Tiempo de lectura":"2 minutos"},"schema":{"@context":"https:\/\/schema.org","@graph":[{"@type":"Article","@id":"https:\/\/www.caudete.org\/ayuntamiento\/coordinan-acciones-para-la-acampada-en-la-toconera-por-pascuas-de-resurreccion\/#article","isPartOf":{"@id":"https:\/\/www.caudete.org\/ayuntamiento\/coordinan-acciones-para-la-acampada-en-la-toconera-por-pascuas-de-resurreccion\/"},"author":{"name":"alcalde","@id":"https:\/\/www.caudete.org\/ayuntamiento\/#\/schema\/person\/cc646da9133078ee4d8dd47457947253"},"headline":"Coordinan acciones para la Acampada en LA TOCONERA por Pascuas de Resurrecci\u00f3n","datePublished":"2024-02-21T14:49:51+00:00","mainEntityOfPage":{"@id":"https:\/\/www.caudete.org\/ayuntamiento\/coordinan-acciones-para-la-acampada-en-la-toconera-por-pascuas-de-resurreccion\/"},"wordCount":235,"image":{"@id":"https:\/\/www.caudete.org\/ayuntamiento\/coordinan-acciones-para-la-acampada-en-la-toconera-por-pascuas-de-resurreccion\/#primaryimage"},"thumbnailUrl":"https:\/\/www.caudete.org\/ayuntamiento\/wp-content\/uploads\/2024\/02\/IMG-20240221-WA0021.jpg","articleSection":["Medio Ambiente"],"inLanguage":"es"},{"@type":"WebPage","@id":"https:\/\/www.caudete.org\/ayuntamiento\/coordinan-acciones-para-la-acampada-en-la-toconera-por-pascuas-de-resurreccion\/","url":"https:\/\/www.caudete.org\/ayuntamiento\/coordinan-acciones-para-la-acampada-en-la-toconera-por-pascuas-de-resurreccion\/","name":"Coordinan acciones para la Acampada en LA TOCONERA por Pascuas de Resurrecci\u00f3n - MI Ayuntamiento de Caudete","isPartOf":{"@id":"https:\/\/www.caudete.org\/ayuntamiento\/#website"},"primaryImageOfPage":{"@id":"https:\/\/www.caudete.org\/ayuntamiento\/coordinan-acciones-para-la-acampada-en-la-toconera-por-pascuas-de-resurreccion\/#primaryimage"},"image":{"@id":"https:\/\/www.caudete.org\/ayuntamiento\/coordinan-acciones-para-la-acampada-en-la-toconera-por-pascuas-de-resurreccion\/#primaryimage"},"thumbnailUrl":"https:\/\/www.caudete.org\/ayuntamiento\/wp-content\/uploads\/2024\/02\/IMG-20240221-WA0021.jpg","datePublished":"2024-02-21T14:49:51+00:00","author":{"@id":"https:\/\/www.caudete.org\/ayuntamiento\/#\/schema\/person\/cc646da9133078ee4d8dd47457947253"},"description":"P\u00e1gina Oficial del Ayuntamiento de Caudete (Albacete)","breadcrumb":{"@id":"https:\/\/www.caudete.org\/ayuntamiento\/coordinan-acciones-para-la-acampada-en-la-toconera-por-pascuas-de-resurreccion\/#breadcrumb"},"inLanguage":"es","potentialAction":[{"@type":"ReadAction","target":["https:\/\/www.caudete.org\/ayuntamiento\/coordinan-acciones-para-la-acampada-en-la-toconera-por-pascuas-de-resurreccion\/"]}]},{"@type":"ImageObject","inLanguage":"es","@id":"https:\/\/www.caudete.org\/ayuntamiento\/coordinan-acciones-para-la-acampada-en-la-toconera-por-pascuas-de-resurreccion\/#primaryimage","url":"https:\/\/www.caudete.org\/ayuntamiento\/wp-content\/uploads\/2024\/02\/IMG-20240221-WA0021.jpg","contentUrl":"https:\/\/www.caudete.org\/ayuntamiento\/wp-content\/uploads\/2024\/02\/IMG-20240221-WA0021.jpg","width":1600,"height":1064},{"@type":"BreadcrumbList","@id":"https:\/\/www.caudete.org\/ayuntamiento\/coordinan-acciones-para-la-acampada-en-la-toconera-por-pascuas-de-resurreccion\/#breadcrumb","itemListElement":[{"@type":"ListItem","position":1,"name":"Inicio","item":"https:\/\/www.caudete.org\/ayuntamiento\/"},{"@type":"ListItem","position":2,"name":"Coordinan acciones para la Acampada en LA TOCONERA por Pascuas de Resurrecci\u00f3n"}]},{"@type":"WebSite","@id":"https:\/\/www.caudete.org\/ayuntamiento\/#website","url":"https:\/\/www.caudete.org\/ayuntamiento\/","name":"MI Ayuntamiento de Caudete","description":"P\u00e1gina Oficial del MI Ayuntamiento de Caudete","potentialAction":[{"@type":"SearchAction","target":{"@type":"EntryPoint","urlTemplate":"https:\/\/www.caudete.org\/ayuntamiento\/?s={search_term_string}"},"query-input":{"@type":"PropertyValueSpecification","valueRequired":true,"valueName":"search_term_string"}}],"inLanguage":"es"},{"@type":"Person","@id":"https:\/\/www.caudete.org\/ayuntamiento\/#\/schema\/person\/cc646da9133078ee4d8dd47457947253","name":"alcalde","image":{"@type":"ImageObject","inLanguage":"es","@id":"https:\/\/secure.gravatar.com\/avatar\/84a817ba065b29ff08d666b215a215f5c79186a645ccb25b14a663d48a130f77?s=96&d=mm&r=g","url":"https:\/\/secure.gravatar.com\/avatar\/84a817ba065b29ff08d666b215a215f5c79186a645ccb25b14a663d48a130f77?s=96&d=mm&r=g","contentUrl":"https:\/\/secure.gravatar.com\/avatar\/84a817ba065b29ff08d666b215a215f5c79186a645ccb25b14a663d48a130f77?s=96&d=mm&r=g","caption":"alcalde"},"url":"https:\/\/www.caudete.org\/ayuntamiento\/author\/alcalde\/"}]}},"_links":{"self":[{"href":"https:\/\/www.caudete.org\/ayuntamiento\/wp-json\/wp\/v2\/posts\/24415","targetHints":{"allow":["GET"]}}],"collection":[{"href":"https:\/\/www.caudete.org\/ayuntamiento\/wp-json\/wp\/v2\/posts"}],"about":[{"href":"https:\/\/www.caudete.org\/ayuntamiento\/wp-json\/wp\/v2\/types\/post"}],"author":[{"embeddable":true,"href":"https:\/\/www.caudete.org\/ayuntamiento\/wp-json\/wp\/v2\/users\/3"}],"replies":[{"embeddable":true,"href":"https:\/\/www.caudete.org\/ayuntamiento\/wp-json\/wp\/v2\/comments?post=24415"}],"version-history":[{"count":1,"href":"https:\/\/www.caudete.org\/ayuntamiento\/wp-json\/wp\/v2\/posts\/24415\/revisions"}],"predecessor-version":[{"id":24417,"href":"https:\/\/www.caudete.org\/ayuntamiento\/wp-json\/wp\/v2\/posts\/24415\/revisions\/24417"}],"wp:featuredmedia":[{"embeddable":true,"href":"https:\/\/www.caudete.org\/ayuntamiento\/wp-json\/wp\/v2\/media\/24416"}],"wp:attachment":[{"href":"https:\/\/www.caudete.org\/ayuntamiento\/wp-json\/wp\/v2\/media?parent=24415"}],"wp:term":[{"taxonomy":"category","embeddable":true,"href":"https:\/\/www.caudete.org\/ayuntamiento\/wp-json\/wp\/v2\/categories?post=24415"},{"taxonomy":"post_tag","embeddable":true,"href":"https:\/\/www.caudete.org\/ayuntamiento\/wp-json\/wp\/v2\/tags?post=24415"}],"curies":[{"name":"wp","href":"https:\/\/api.w.org\/{rel}","templated":true}]}}