{"id":24420,"date":"2024-02-21T16:18:53","date_gmt":"2024-02-21T15:18:53","guid":{"rendered":"https:\/\/www.caudete.org\/ayuntamiento\/?p=24420"},"modified":"2024-02-21T18:13:27","modified_gmt":"2024-02-21T17:13:27","slug":"finaliza-la-instalacion-del-rocodromo-gracias-a-fondos-europeos-y-aportacion-municipal","status":"publish","type":"post","link":"https:\/\/www.caudete.org\/ayuntamiento\/finaliza-la-instalacion-del-rocodromo-gracias-a-fondos-europeos-y-aportacion-municipal\/","title":{"rendered":"Finaliza la instalaci\u00f3n del ROC\u00d3DROMO gracias a Fondos Europeos y aportaci\u00f3n municipal"},"content":{"rendered":"<p style=\"text-align: justify;\">El Ayuntamiento construye un nuevo Roc\u00f3dromo-Boulder en las instalaciones de la Ciudad Deportiva &#8220;Antonio Amor\u00f3s&#8221;. As\u00ed lo han anunciado el Alcalde Mois\u00e9s L\u00f3pez y la Concejal de Deportes Pilar Egea.<\/p>\n<p style=\"text-align: justify;\">Las obras de la nueva instalaci\u00f3n, que han finalizado recientemente, estar\u00e1n abiertas a todos los p\u00fablicos, si bien los menores de 15 a\u00f1os deber\u00e1n hacerlo con la presencia de un adulto, y ofrecer\u00e1 una amplia variedad de rutas para escaladores de todos los niveles.<\/p>\n<p style=\"text-align: justify;\">El roc\u00f3dromo tiene actualmente una superficie total escalable de aproximadamente 43 m2, ampliable en fases posteriores.<\/p>\n<p style=\"text-align: justify;\">La instalaci\u00f3n se define dentro de la modalidad de boulder dado que cuenta con una altura m\u00e1xima de 2,4 m, por lo que el formato de escalada es m\u00e1s en sentido horizontal y sobre estructuras con desplome sobre la vertical.<\/p>\n<p style=\"text-align: justify;\">El coste de construcci\u00f3n asciende a un total de 21.000\u20ac, de los cuales el Ayuntamiento ha aportado un total de 5.880 \u20ac, siendo el resto cubierto a trav\u00e9s del programa LEADER (Fondos Europeos) que gestiona mediante subvenci\u00f3n el Grupo de Acci\u00f3n Local de la\u00a0 Mancomunidad Monte Ib\u00e9rico.<\/p>\n<p style=\"text-align: justify;\">Los Ediles han manifestado estar &#8220;<em>muy contentos de poder ofrecer a los ciudadanos de Caudete este nuevo roc\u00f3dromo-boulder. La escalada es un deporte muy arraigado en nuestra localidad, con un gran n\u00famero de v\u00edas de escalada a lo largo de todo nuestro entorno natural, por lo que esta nueva instalaci\u00f3n se presenta como una alternativa ideal para el fomento y pr\u00e1ctica de esta modalidad deportiva<\/em>&#8220;.<\/p>\n<p style=\"text-align: justify;\">Igualmente, adelantaban que se est\u00e1 coordinando la inauguraci\u00f3n de la instalaci\u00f3n, con una demostraci\u00f3n de su potencial por deportistas experimentados, cuesti\u00f3n sobre la que se dar\u00e1n m\u00e1s detalles en fechas pr\u00f3ximas.<a href=\"https:\/\/www.caudete.org\/ayuntamiento\/wp-content\/uploads\/2024\/02\/IMG-20240220-WA0021.jpg\" rel='prettyPhoto'><img fetchpriority=\"high\" decoding=\"async\" class=\"alignnone wp-image-24421 size-full\" src=\"https:\/\/www.caudete.org\/ayuntamiento\/wp-content\/uploads\/2024\/02\/IMG-20240220-WA0021.jpg\" alt=\"\" width=\"2048\" height=\"1537\" srcset=\"https:\/\/www.caudete.org\/ayuntamiento\/wp-content\/uploads\/2024\/02\/IMG-20240220-WA0021.jpg 2048w, https:\/\/www.caudete.org\/ayuntamiento\/wp-content\/uploads\/2024\/02\/IMG-20240220-WA0021-300x225.jpg 300w, https:\/\/www.caudete.org\/ayuntamiento\/wp-content\/uploads\/2024\/02\/IMG-20240220-WA0021-1024x769.jpg 1024w, https:\/\/www.caudete.org\/ayuntamiento\/wp-content\/uploads\/2024\/02\/IMG-20240220-WA0021-768x576.jpg 768w, https:\/\/www.caudete.org\/ayuntamiento\/wp-content\/uploads\/2024\/02\/IMG-20240220-WA0021-1536x1153.jpg 1536w\" sizes=\"(max-width: 2048px) 100vw, 2048px\" \/><\/a><\/p>\n<p style=\"text-align: justify;\">El nuevo roc\u00f3dromo-boulder esta ubicado en la zona de pre-cancha del Pabell\u00f3n Principal de la Ciudad Deportiva Antonio Amor\u00f3s, por tanto se trata de una ubicaci\u00f3n indoor que presenta una gran potencial para en un futuro poder seguir con la ampliaci\u00f3n de esta infraestructura, seg\u00fan demanda y uso correcto.<\/p>\n","protected":false},"excerpt":{"rendered":"<p>El Ayuntamiento construye un nuevo Roc\u00f3dromo-Boulder en las instalaciones de la Ciudad Deportiva &#8220;Antonio Amor\u00f3s&#8221;. As\u00ed lo han anunciado el Alcalde Mois\u00e9s L\u00f3pez y la Concejal de Deportes Pilar Egea. Las obras de la nueva instalaci\u00f3n, que han finalizado recientemente, estar\u00e1n abiertas a todos los p\u00fablicos, si bien los menores de 15 a\u00f1os deber\u00e1n hacerlo &hellip;<\/p>\n","protected":false},"author":3,"featured_media":24421,"comment_status":"closed","ping_status":"open","sticky":false,"template":"","format":"standard","meta":{"ngg_post_thumbnail":0,"footnotes":""},"categories":[23],"tags":[],"class_list":["post-24420","post","type-post","status-publish","format-standard","has-post-thumbnail","hentry","category-deportes"],"yoast_head":"<!-- This site is optimized with the Yoast SEO plugin v27.5 - https:\/\/yoast.com\/product\/yoast-seo-wordpress\/ -->\n<title>Finaliza la instalaci\u00f3n del ROC\u00d3DROMO gracias a Fondos Europeos y aportaci\u00f3n municipal - MI Ayuntamiento de Caudete<\/title>\n<meta name=\"description\" content=\"P\u00e1gina Oficial del Ayuntamiento de Caudete (Albacete)\" \/>\n<meta name=\"robots\" content=\"index, follow, max-snippet:-1, max-image-preview:large, max-video-preview:-1\" \/>\n<link rel=\"canonical\" href=\"https:\/\/www.caudete.org\/ayuntamiento\/finaliza-la-instalacion-del-rocodromo-gracias-a-fondos-europeos-y-aportacion-municipal\/\" \/>\n<meta property=\"og:locale\" content=\"es_ES\" \/>\n<meta property=\"og:type\" content=\"article\" \/>\n<meta property=\"og:title\" content=\"Finaliza la instalaci\u00f3n del ROC\u00d3DROMO gracias a Fondos Europeos y aportaci\u00f3n municipal - MI Ayuntamiento de Caudete\" \/>\n<meta property=\"og:description\" content=\"P\u00e1gina Oficial del Ayuntamiento de Caudete (Albacete)\" \/>\n<meta property=\"og:url\" content=\"https:\/\/www.caudete.org\/ayuntamiento\/finaliza-la-instalacion-del-rocodromo-gracias-a-fondos-europeos-y-aportacion-municipal\/\" \/>\n<meta property=\"og:site_name\" content=\"MI Ayuntamiento de Caudete\" \/>\n<meta property=\"article:publisher\" content=\"https:\/\/www.facebook.com\/ayuntamientocaudete\/\" \/>\n<meta property=\"article:published_time\" content=\"2024-02-21T15:18:53+00:00\" \/>\n<meta property=\"article:modified_time\" content=\"2024-02-21T17:13:27+00:00\" \/>\n<meta property=\"og:image\" content=\"https:\/\/www.caudete.org\/ayuntamiento\/wp-content\/uploads\/2024\/02\/IMG-20240220-WA0021.jpg\" \/>\n\t<meta property=\"og:image:width\" content=\"2048\" \/>\n\t<meta property=\"og:image:height\" content=\"1537\" \/>\n\t<meta property=\"og:image:type\" content=\"image\/jpeg\" \/>\n<meta name=\"author\" content=\"alcalde\" \/>\n<meta name=\"twitter:card\" content=\"summary_large_image\" \/>\n<meta name=\"twitter:label1\" content=\"Escrito por\" \/>\n\t<meta name=\"twitter:data1\" content=\"alcalde\" \/>\n\t<meta name=\"twitter:label2\" content=\"Tiempo de lectura\" \/>\n\t<meta name=\"twitter:data2\" content=\"2 minutos\" \/>\n<script type=\"application\/ld+json\" class=\"yoast-schema-graph\">{\"@context\":\"https:\\\/\\\/schema.org\",\"@graph\":[{\"@type\":\"Article\",\"@id\":\"https:\\\/\\\/www.caudete.org\\\/ayuntamiento\\\/finaliza-la-instalacion-del-rocodromo-gracias-a-fondos-europeos-y-aportacion-municipal\\\/#article\",\"isPartOf\":{\"@id\":\"https:\\\/\\\/www.caudete.org\\\/ayuntamiento\\\/finaliza-la-instalacion-del-rocodromo-gracias-a-fondos-europeos-y-aportacion-municipal\\\/\"},\"author\":{\"name\":\"alcalde\",\"@id\":\"https:\\\/\\\/www.caudete.org\\\/ayuntamiento\\\/#\\\/schema\\\/person\\\/cc646da9133078ee4d8dd47457947253\"},\"headline\":\"Finaliza la instalaci\u00f3n del ROC\u00d3DROMO gracias a Fondos Europeos y aportaci\u00f3n municipal\",\"datePublished\":\"2024-02-21T15:18:53+00:00\",\"dateModified\":\"2024-02-21T17:13:27+00:00\",\"mainEntityOfPage\":{\"@id\":\"https:\\\/\\\/www.caudete.org\\\/ayuntamiento\\\/finaliza-la-instalacion-del-rocodromo-gracias-a-fondos-europeos-y-aportacion-municipal\\\/\"},\"wordCount\":367,\"image\":{\"@id\":\"https:\\\/\\\/www.caudete.org\\\/ayuntamiento\\\/finaliza-la-instalacion-del-rocodromo-gracias-a-fondos-europeos-y-aportacion-municipal\\\/#primaryimage\"},\"thumbnailUrl\":\"https:\\\/\\\/www.caudete.org\\\/ayuntamiento\\\/wp-content\\\/uploads\\\/2024\\\/02\\\/IMG-20240220-WA0021.jpg\",\"articleSection\":[\"Deportes\"],\"inLanguage\":\"es\"},{\"@type\":\"WebPage\",\"@id\":\"https:\\\/\\\/www.caudete.org\\\/ayuntamiento\\\/finaliza-la-instalacion-del-rocodromo-gracias-a-fondos-europeos-y-aportacion-municipal\\\/\",\"url\":\"https:\\\/\\\/www.caudete.org\\\/ayuntamiento\\\/finaliza-la-instalacion-del-rocodromo-gracias-a-fondos-europeos-y-aportacion-municipal\\\/\",\"name\":\"Finaliza la instalaci\u00f3n del ROC\u00d3DROMO gracias a Fondos Europeos y aportaci\u00f3n municipal - MI Ayuntamiento de Caudete\",\"isPartOf\":{\"@id\":\"https:\\\/\\\/www.caudete.org\\\/ayuntamiento\\\/#website\"},\"primaryImageOfPage\":{\"@id\":\"https:\\\/\\\/www.caudete.org\\\/ayuntamiento\\\/finaliza-la-instalacion-del-rocodromo-gracias-a-fondos-europeos-y-aportacion-municipal\\\/#primaryimage\"},\"image\":{\"@id\":\"https:\\\/\\\/www.caudete.org\\\/ayuntamiento\\\/finaliza-la-instalacion-del-rocodromo-gracias-a-fondos-europeos-y-aportacion-municipal\\\/#primaryimage\"},\"thumbnailUrl\":\"https:\\\/\\\/www.caudete.org\\\/ayuntamiento\\\/wp-content\\\/uploads\\\/2024\\\/02\\\/IMG-20240220-WA0021.jpg\",\"datePublished\":\"2024-02-21T15:18:53+00:00\",\"dateModified\":\"2024-02-21T17:13:27+00:00\",\"author\":{\"@id\":\"https:\\\/\\\/www.caudete.org\\\/ayuntamiento\\\/#\\\/schema\\\/person\\\/cc646da9133078ee4d8dd47457947253\"},\"description\":\"P\u00e1gina Oficial del Ayuntamiento de Caudete (Albacete)\",\"breadcrumb\":{\"@id\":\"https:\\\/\\\/www.caudete.org\\\/ayuntamiento\\\/finaliza-la-instalacion-del-rocodromo-gracias-a-fondos-europeos-y-aportacion-municipal\\\/#breadcrumb\"},\"inLanguage\":\"es\",\"potentialAction\":[{\"@type\":\"ReadAction\",\"target\":[\"https:\\\/\\\/www.caudete.org\\\/ayuntamiento\\\/finaliza-la-instalacion-del-rocodromo-gracias-a-fondos-europeos-y-aportacion-municipal\\\/\"]}]},{\"@type\":\"ImageObject\",\"inLanguage\":\"es\",\"@id\":\"https:\\\/\\\/www.caudete.org\\\/ayuntamiento\\\/finaliza-la-instalacion-del-rocodromo-gracias-a-fondos-europeos-y-aportacion-municipal\\\/#primaryimage\",\"url\":\"https:\\\/\\\/www.caudete.org\\\/ayuntamiento\\\/wp-content\\\/uploads\\\/2024\\\/02\\\/IMG-20240220-WA0021.jpg\",\"contentUrl\":\"https:\\\/\\\/www.caudete.org\\\/ayuntamiento\\\/wp-content\\\/uploads\\\/2024\\\/02\\\/IMG-20240220-WA0021.jpg\",\"width\":2048,\"height\":1537},{\"@type\":\"BreadcrumbList\",\"@id\":\"https:\\\/\\\/www.caudete.org\\\/ayuntamiento\\\/finaliza-la-instalacion-del-rocodromo-gracias-a-fondos-europeos-y-aportacion-municipal\\\/#breadcrumb\",\"itemListElement\":[{\"@type\":\"ListItem\",\"position\":1,\"name\":\"Inicio\",\"item\":\"https:\\\/\\\/www.caudete.org\\\/ayuntamiento\\\/\"},{\"@type\":\"ListItem\",\"position\":2,\"name\":\"Finaliza la instalaci\u00f3n del ROC\u00d3DROMO gracias a Fondos Europeos y aportaci\u00f3n municipal\"}]},{\"@type\":\"WebSite\",\"@id\":\"https:\\\/\\\/www.caudete.org\\\/ayuntamiento\\\/#website\",\"url\":\"https:\\\/\\\/www.caudete.org\\\/ayuntamiento\\\/\",\"name\":\"MI Ayuntamiento de Caudete\",\"description\":\"P\u00e1gina Oficial del MI Ayuntamiento de Caudete\",\"potentialAction\":[{\"@type\":\"SearchAction\",\"target\":{\"@type\":\"EntryPoint\",\"urlTemplate\":\"https:\\\/\\\/www.caudete.org\\\/ayuntamiento\\\/?s={search_term_string}\"},\"query-input\":{\"@type\":\"PropertyValueSpecification\",\"valueRequired\":true,\"valueName\":\"search_term_string\"}}],\"inLanguage\":\"es\"},{\"@type\":\"Person\",\"@id\":\"https:\\\/\\\/www.caudete.org\\\/ayuntamiento\\\/#\\\/schema\\\/person\\\/cc646da9133078ee4d8dd47457947253\",\"name\":\"alcalde\",\"image\":{\"@type\":\"ImageObject\",\"inLanguage\":\"es\",\"@id\":\"https:\\\/\\\/secure.gravatar.com\\\/avatar\\\/84a817ba065b29ff08d666b215a215f5c79186a645ccb25b14a663d48a130f77?s=96&d=mm&r=g\",\"url\":\"https:\\\/\\\/secure.gravatar.com\\\/avatar\\\/84a817ba065b29ff08d666b215a215f5c79186a645ccb25b14a663d48a130f77?s=96&d=mm&r=g\",\"contentUrl\":\"https:\\\/\\\/secure.gravatar.com\\\/avatar\\\/84a817ba065b29ff08d666b215a215f5c79186a645ccb25b14a663d48a130f77?s=96&d=mm&r=g\",\"caption\":\"alcalde\"},\"url\":\"https:\\\/\\\/www.caudete.org\\\/ayuntamiento\\\/author\\\/alcalde\\\/\"}]}<\/script>\n<!-- \/ Yoast SEO plugin. -->","yoast_head_json":{"title":"Finaliza la instalaci\u00f3n del ROC\u00d3DROMO gracias a Fondos Europeos y aportaci\u00f3n municipal - MI Ayuntamiento de Caudete","description":"P\u00e1gina Oficial del Ayuntamiento de Caudete (Albacete)","robots":{"index":"index","follow":"follow","max-snippet":"max-snippet:-1","max-image-preview":"max-image-preview:large","max-video-preview":"max-video-preview:-1"},"canonical":"https:\/\/www.caudete.org\/ayuntamiento\/finaliza-la-instalacion-del-rocodromo-gracias-a-fondos-europeos-y-aportacion-municipal\/","og_locale":"es_ES","og_type":"article","og_title":"Finaliza la instalaci\u00f3n del ROC\u00d3DROMO gracias a Fondos Europeos y aportaci\u00f3n municipal - MI Ayuntamiento de Caudete","og_description":"P\u00e1gina Oficial del Ayuntamiento de Caudete (Albacete)","og_url":"https:\/\/www.caudete.org\/ayuntamiento\/finaliza-la-instalacion-del-rocodromo-gracias-a-fondos-europeos-y-aportacion-municipal\/","og_site_name":"MI Ayuntamiento de Caudete","article_publisher":"https:\/\/www.facebook.com\/ayuntamientocaudete\/","article_published_time":"2024-02-21T15:18:53+00:00","article_modified_time":"2024-02-21T17:13:27+00:00","og_image":[{"width":2048,"height":1537,"url":"https:\/\/www.caudete.org\/ayuntamiento\/wp-content\/uploads\/2024\/02\/IMG-20240220-WA0021.jpg","type":"image\/jpeg"}],"author":"alcalde","twitter_card":"summary_large_image","twitter_misc":{"Escrito por":"alcalde","Tiempo de lectura":"2 minutos"},"schema":{"@context":"https:\/\/schema.org","@graph":[{"@type":"Article","@id":"https:\/\/www.caudete.org\/ayuntamiento\/finaliza-la-instalacion-del-rocodromo-gracias-a-fondos-europeos-y-aportacion-municipal\/#article","isPartOf":{"@id":"https:\/\/www.caudete.org\/ayuntamiento\/finaliza-la-instalacion-del-rocodromo-gracias-a-fondos-europeos-y-aportacion-municipal\/"},"author":{"name":"alcalde","@id":"https:\/\/www.caudete.org\/ayuntamiento\/#\/schema\/person\/cc646da9133078ee4d8dd47457947253"},"headline":"Finaliza la instalaci\u00f3n del ROC\u00d3DROMO gracias a Fondos Europeos y aportaci\u00f3n municipal","datePublished":"2024-02-21T15:18:53+00:00","dateModified":"2024-02-21T17:13:27+00:00","mainEntityOfPage":{"@id":"https:\/\/www.caudete.org\/ayuntamiento\/finaliza-la-instalacion-del-rocodromo-gracias-a-fondos-europeos-y-aportacion-municipal\/"},"wordCount":367,"image":{"@id":"https:\/\/www.caudete.org\/ayuntamiento\/finaliza-la-instalacion-del-rocodromo-gracias-a-fondos-europeos-y-aportacion-municipal\/#primaryimage"},"thumbnailUrl":"https:\/\/www.caudete.org\/ayuntamiento\/wp-content\/uploads\/2024\/02\/IMG-20240220-WA0021.jpg","articleSection":["Deportes"],"inLanguage":"es"},{"@type":"WebPage","@id":"https:\/\/www.caudete.org\/ayuntamiento\/finaliza-la-instalacion-del-rocodromo-gracias-a-fondos-europeos-y-aportacion-municipal\/","url":"https:\/\/www.caudete.org\/ayuntamiento\/finaliza-la-instalacion-del-rocodromo-gracias-a-fondos-europeos-y-aportacion-municipal\/","name":"Finaliza la instalaci\u00f3n del ROC\u00d3DROMO gracias a Fondos Europeos y aportaci\u00f3n municipal - MI Ayuntamiento de Caudete","isPartOf":{"@id":"https:\/\/www.caudete.org\/ayuntamiento\/#website"},"primaryImageOfPage":{"@id":"https:\/\/www.caudete.org\/ayuntamiento\/finaliza-la-instalacion-del-rocodromo-gracias-a-fondos-europeos-y-aportacion-municipal\/#primaryimage"},"image":{"@id":"https:\/\/www.caudete.org\/ayuntamiento\/finaliza-la-instalacion-del-rocodromo-gracias-a-fondos-europeos-y-aportacion-municipal\/#primaryimage"},"thumbnailUrl":"https:\/\/www.caudete.org\/ayuntamiento\/wp-content\/uploads\/2024\/02\/IMG-20240220-WA0021.jpg","datePublished":"2024-02-21T15:18:53+00:00","dateModified":"2024-02-21T17:13:27+00:00","author":{"@id":"https:\/\/www.caudete.org\/ayuntamiento\/#\/schema\/person\/cc646da9133078ee4d8dd47457947253"},"description":"P\u00e1gina Oficial del Ayuntamiento de Caudete (Albacete)","breadcrumb":{"@id":"https:\/\/www.caudete.org\/ayuntamiento\/finaliza-la-instalacion-del-rocodromo-gracias-a-fondos-europeos-y-aportacion-municipal\/#breadcrumb"},"inLanguage":"es","potentialAction":[{"@type":"ReadAction","target":["https:\/\/www.caudete.org\/ayuntamiento\/finaliza-la-instalacion-del-rocodromo-gracias-a-fondos-europeos-y-aportacion-municipal\/"]}]},{"@type":"ImageObject","inLanguage":"es","@id":"https:\/\/www.caudete.org\/ayuntamiento\/finaliza-la-instalacion-del-rocodromo-gracias-a-fondos-europeos-y-aportacion-municipal\/#primaryimage","url":"https:\/\/www.caudete.org\/ayuntamiento\/wp-content\/uploads\/2024\/02\/IMG-20240220-WA0021.jpg","contentUrl":"https:\/\/www.caudete.org\/ayuntamiento\/wp-content\/uploads\/2024\/02\/IMG-20240220-WA0021.jpg","width":2048,"height":1537},{"@type":"BreadcrumbList","@id":"https:\/\/www.caudete.org\/ayuntamiento\/finaliza-la-instalacion-del-rocodromo-gracias-a-fondos-europeos-y-aportacion-municipal\/#breadcrumb","itemListElement":[{"@type":"ListItem","position":1,"name":"Inicio","item":"https:\/\/www.caudete.org\/ayuntamiento\/"},{"@type":"ListItem","position":2,"name":"Finaliza la instalaci\u00f3n del ROC\u00d3DROMO gracias a Fondos Europeos y aportaci\u00f3n municipal"}]},{"@type":"WebSite","@id":"https:\/\/www.caudete.org\/ayuntamiento\/#website","url":"https:\/\/www.caudete.org\/ayuntamiento\/","name":"MI Ayuntamiento de Caudete","description":"P\u00e1gina Oficial del MI Ayuntamiento de Caudete","potentialAction":[{"@type":"SearchAction","target":{"@type":"EntryPoint","urlTemplate":"https:\/\/www.caudete.org\/ayuntamiento\/?s={search_term_string}"},"query-input":{"@type":"PropertyValueSpecification","valueRequired":true,"valueName":"search_term_string"}}],"inLanguage":"es"},{"@type":"Person","@id":"https:\/\/www.caudete.org\/ayuntamiento\/#\/schema\/person\/cc646da9133078ee4d8dd47457947253","name":"alcalde","image":{"@type":"ImageObject","inLanguage":"es","@id":"https:\/\/secure.gravatar.com\/avatar\/84a817ba065b29ff08d666b215a215f5c79186a645ccb25b14a663d48a130f77?s=96&d=mm&r=g","url":"https:\/\/secure.gravatar.com\/avatar\/84a817ba065b29ff08d666b215a215f5c79186a645ccb25b14a663d48a130f77?s=96&d=mm&r=g","contentUrl":"https:\/\/secure.gravatar.com\/avatar\/84a817ba065b29ff08d666b215a215f5c79186a645ccb25b14a663d48a130f77?s=96&d=mm&r=g","caption":"alcalde"},"url":"https:\/\/www.caudete.org\/ayuntamiento\/author\/alcalde\/"}]}},"_links":{"self":[{"href":"https:\/\/www.caudete.org\/ayuntamiento\/wp-json\/wp\/v2\/posts\/24420","targetHints":{"allow":["GET"]}}],"collection":[{"href":"https:\/\/www.caudete.org\/ayuntamiento\/wp-json\/wp\/v2\/posts"}],"about":[{"href":"https:\/\/www.caudete.org\/ayuntamiento\/wp-json\/wp\/v2\/types\/post"}],"author":[{"embeddable":true,"href":"https:\/\/www.caudete.org\/ayuntamiento\/wp-json\/wp\/v2\/users\/3"}],"replies":[{"embeddable":true,"href":"https:\/\/www.caudete.org\/ayuntamiento\/wp-json\/wp\/v2\/comments?post=24420"}],"version-history":[{"count":3,"href":"https:\/\/www.caudete.org\/ayuntamiento\/wp-json\/wp\/v2\/posts\/24420\/revisions"}],"predecessor-version":[{"id":24424,"href":"https:\/\/www.caudete.org\/ayuntamiento\/wp-json\/wp\/v2\/posts\/24420\/revisions\/24424"}],"wp:featuredmedia":[{"embeddable":true,"href":"https:\/\/www.caudete.org\/ayuntamiento\/wp-json\/wp\/v2\/media\/24421"}],"wp:attachment":[{"href":"https:\/\/www.caudete.org\/ayuntamiento\/wp-json\/wp\/v2\/media?parent=24420"}],"wp:term":[{"taxonomy":"category","embeddable":true,"href":"https:\/\/www.caudete.org\/ayuntamiento\/wp-json\/wp\/v2\/categories?post=24420"},{"taxonomy":"post_tag","embeddable":true,"href":"https:\/\/www.caudete.org\/ayuntamiento\/wp-json\/wp\/v2\/tags?post=24420"}],"curies":[{"name":"wp","href":"https:\/\/api.w.org\/{rel}","templated":true}]}}