{"id":24430,"date":"2024-02-22T09:00:03","date_gmt":"2024-02-22T08:00:03","guid":{"rendered":"https:\/\/www.caudete.org\/ayuntamiento\/?p=24430"},"modified":"2024-02-21T22:08:01","modified_gmt":"2024-02-21T21:08:01","slug":"adif-expropiara-las-fincas-para-eliminar-el-paso-a-nivel-entre-crisnova-y-la-venta-del-gitano","status":"publish","type":"post","link":"https:\/\/www.caudete.org\/ayuntamiento\/adif-expropiara-las-fincas-para-eliminar-el-paso-a-nivel-entre-crisnova-y-la-venta-del-gitano\/","title":{"rendered":"Adif expropiar\u00e1 las fincas para eliminar el paso a nivel entre Crisnova y la Venta del Gitano"},"content":{"rendered":"<p style=\"text-align: justify;\">El Alcalde, en calidad de Concejal de Movilidad ha informado de la supresi\u00f3n del paso a nivel sobre la l\u00ednea de tren convencional ubicado l\u00ednea abajo de la fabril <em>Crisnova<\/em> sobre el camino que da acceso a la zona del antiguo Corral de Guillem y Venta del Gitano, tras ser comunicada por Adif tanto el proyecto como las citaciones para el procedimiento de expropiaciones forzosas con arreglo a la Ley\u00a0 de 16 de Diciembre de 1954. Concretamente, se trata de la supresi\u00f3n del paso a nivel del P.K. 385\/067 de la l\u00ednea Rfig La Encina a Alacant-Terminal (n1 de l\u00ednea 330).<\/p>\n<p style=\"text-align: justify;\">El proyecto, aprobado por dicha entidad en 23 de mayo del 2022, contempla la ejecuci\u00f3n de una obra p\u00fablica de envergadura que solventar\u00e1 la hist\u00f3rica reclamaci\u00f3n del municipio en aras a la seguridad de los usuarios de la zona, y que a lo largo de la existencia de dicho paso a nivel ha tenido consecuencias lamentables.<\/p>\n<p style=\"text-align: justify;\">Dicha obra conllevar\u00e1 un movimiento de tierras ye ejecuci\u00f3n de nuevas plataformas con firme elevado sobre la v\u00eda convencional que generar\u00e1 los elementos propios de dicha infraestructura, y que para ello resulta necesario la expropiaci\u00f3n forzosa de las parcelas necesarias para hacer realidad la obra, sobre la cual no se ha anunciado el resultado de la licitaci\u00f3n.<\/p>\n<p style=\"text-align: justify;\">En concreto, se expropiar\u00e1n el pr\u00f3ximo 6 de Marzo de 2024 un total de 28.687m2 repartidos en 11 parcelas catastrales, de las cuales 4 son de titularidad municipal, sumando un total de 11.143m2, lo que representa un 38&#8217;84% de la superficie.<\/p>\n<p style=\"text-align: justify;\">Desde el Gobierno Municipal se agradece p\u00fablicamente a Adif el inter\u00e9s puesto en solucionar un problema real de seguridad vial en el municipio sobre un camino rural de titularidad municipal frecuentado sobre una l\u00ednea convencional f\u00e9rrea que supera el siglo de antig\u00fcedad.<\/p>\n<p><a href=\"https:\/\/www.caudete.org\/ayuntamiento\/wp-content\/uploads\/2024\/02\/paso-a-nivel-adif.jpg\" rel='prettyPhoto'><img fetchpriority=\"high\" decoding=\"async\" class=\"alignnone wp-image-24431 size-full\" src=\"https:\/\/www.caudete.org\/ayuntamiento\/wp-content\/uploads\/2024\/02\/paso-a-nivel-adif.jpg\" alt=\"\" width=\"1005\" height=\"717\" srcset=\"https:\/\/www.caudete.org\/ayuntamiento\/wp-content\/uploads\/2024\/02\/paso-a-nivel-adif.jpg 1005w, https:\/\/www.caudete.org\/ayuntamiento\/wp-content\/uploads\/2024\/02\/paso-a-nivel-adif-300x214.jpg 300w, https:\/\/www.caudete.org\/ayuntamiento\/wp-content\/uploads\/2024\/02\/paso-a-nivel-adif-768x548.jpg 768w\" sizes=\"(max-width: 1005px) 100vw, 1005px\" \/><\/a><\/p>\n","protected":false},"excerpt":{"rendered":"<p>El Alcalde, en calidad de Concejal de Movilidad ha informado de la supresi\u00f3n del paso a nivel sobre la l\u00ednea de tren convencional ubicado l\u00ednea abajo de la fabril Crisnova sobre el camino que da acceso a la zona del antiguo Corral de Guillem y Venta del Gitano, tras ser comunicada por Adif tanto el &hellip;<\/p>\n","protected":false},"author":3,"featured_media":24431,"comment_status":"closed","ping_status":"open","sticky":false,"template":"","format":"standard","meta":{"ngg_post_thumbnail":0,"footnotes":""},"categories":[46],"tags":[],"class_list":["post-24430","post","type-post","status-publish","format-standard","has-post-thumbnail","hentry","category-movilidad-urbana"],"yoast_head":"<!-- This site is optimized with the Yoast SEO plugin v27.5 - https:\/\/yoast.com\/product\/yoast-seo-wordpress\/ -->\n<title>Adif expropiar\u00e1 las fincas para eliminar el paso a nivel entre Crisnova y la Venta del Gitano - MI Ayuntamiento de Caudete<\/title>\n<meta name=\"description\" content=\"P\u00e1gina Oficial del Ayuntamiento de Caudete (Albacete)\" \/>\n<meta name=\"robots\" content=\"index, follow, max-snippet:-1, max-image-preview:large, max-video-preview:-1\" \/>\n<link rel=\"canonical\" href=\"https:\/\/www.caudete.org\/ayuntamiento\/adif-expropiara-las-fincas-para-eliminar-el-paso-a-nivel-entre-crisnova-y-la-venta-del-gitano\/\" \/>\n<meta property=\"og:locale\" content=\"es_ES\" \/>\n<meta property=\"og:type\" content=\"article\" \/>\n<meta property=\"og:title\" content=\"Adif expropiar\u00e1 las fincas para eliminar el paso a nivel entre Crisnova y la Venta del Gitano - MI Ayuntamiento de Caudete\" \/>\n<meta property=\"og:description\" content=\"P\u00e1gina Oficial del Ayuntamiento de Caudete (Albacete)\" \/>\n<meta property=\"og:url\" content=\"https:\/\/www.caudete.org\/ayuntamiento\/adif-expropiara-las-fincas-para-eliminar-el-paso-a-nivel-entre-crisnova-y-la-venta-del-gitano\/\" \/>\n<meta property=\"og:site_name\" content=\"MI Ayuntamiento de Caudete\" \/>\n<meta property=\"article:publisher\" content=\"https:\/\/www.facebook.com\/ayuntamientocaudete\/\" \/>\n<meta property=\"article:published_time\" content=\"2024-02-22T08:00:03+00:00\" \/>\n<meta property=\"og:image\" content=\"https:\/\/www.caudete.org\/ayuntamiento\/wp-content\/uploads\/2024\/02\/paso-a-nivel-adif.jpg\" \/>\n\t<meta property=\"og:image:width\" content=\"1005\" \/>\n\t<meta property=\"og:image:height\" content=\"717\" \/>\n\t<meta property=\"og:image:type\" content=\"image\/jpeg\" \/>\n<meta name=\"author\" content=\"alcalde\" \/>\n<meta name=\"twitter:card\" content=\"summary_large_image\" \/>\n<meta name=\"twitter:label1\" content=\"Escrito por\" \/>\n\t<meta name=\"twitter:data1\" content=\"alcalde\" \/>\n\t<meta name=\"twitter:label2\" content=\"Tiempo de lectura\" \/>\n\t<meta name=\"twitter:data2\" content=\"2 minutos\" \/>\n<script type=\"application\/ld+json\" class=\"yoast-schema-graph\">{\"@context\":\"https:\\\/\\\/schema.org\",\"@graph\":[{\"@type\":\"Article\",\"@id\":\"https:\\\/\\\/www.caudete.org\\\/ayuntamiento\\\/adif-expropiara-las-fincas-para-eliminar-el-paso-a-nivel-entre-crisnova-y-la-venta-del-gitano\\\/#article\",\"isPartOf\":{\"@id\":\"https:\\\/\\\/www.caudete.org\\\/ayuntamiento\\\/adif-expropiara-las-fincas-para-eliminar-el-paso-a-nivel-entre-crisnova-y-la-venta-del-gitano\\\/\"},\"author\":{\"name\":\"alcalde\",\"@id\":\"https:\\\/\\\/www.caudete.org\\\/ayuntamiento\\\/#\\\/schema\\\/person\\\/cc646da9133078ee4d8dd47457947253\"},\"headline\":\"Adif expropiar\u00e1 las fincas para eliminar el paso a nivel entre Crisnova y la Venta del Gitano\",\"datePublished\":\"2024-02-22T08:00:03+00:00\",\"mainEntityOfPage\":{\"@id\":\"https:\\\/\\\/www.caudete.org\\\/ayuntamiento\\\/adif-expropiara-las-fincas-para-eliminar-el-paso-a-nivel-entre-crisnova-y-la-venta-del-gitano\\\/\"},\"wordCount\":325,\"image\":{\"@id\":\"https:\\\/\\\/www.caudete.org\\\/ayuntamiento\\\/adif-expropiara-las-fincas-para-eliminar-el-paso-a-nivel-entre-crisnova-y-la-venta-del-gitano\\\/#primaryimage\"},\"thumbnailUrl\":\"https:\\\/\\\/www.caudete.org\\\/ayuntamiento\\\/wp-content\\\/uploads\\\/2024\\\/02\\\/paso-a-nivel-adif.jpg\",\"articleSection\":[\"Movilidad Urbana\"],\"inLanguage\":\"es\"},{\"@type\":\"WebPage\",\"@id\":\"https:\\\/\\\/www.caudete.org\\\/ayuntamiento\\\/adif-expropiara-las-fincas-para-eliminar-el-paso-a-nivel-entre-crisnova-y-la-venta-del-gitano\\\/\",\"url\":\"https:\\\/\\\/www.caudete.org\\\/ayuntamiento\\\/adif-expropiara-las-fincas-para-eliminar-el-paso-a-nivel-entre-crisnova-y-la-venta-del-gitano\\\/\",\"name\":\"Adif expropiar\u00e1 las fincas para eliminar el paso a nivel entre Crisnova y la Venta del Gitano - MI Ayuntamiento de Caudete\",\"isPartOf\":{\"@id\":\"https:\\\/\\\/www.caudete.org\\\/ayuntamiento\\\/#website\"},\"primaryImageOfPage\":{\"@id\":\"https:\\\/\\\/www.caudete.org\\\/ayuntamiento\\\/adif-expropiara-las-fincas-para-eliminar-el-paso-a-nivel-entre-crisnova-y-la-venta-del-gitano\\\/#primaryimage\"},\"image\":{\"@id\":\"https:\\\/\\\/www.caudete.org\\\/ayuntamiento\\\/adif-expropiara-las-fincas-para-eliminar-el-paso-a-nivel-entre-crisnova-y-la-venta-del-gitano\\\/#primaryimage\"},\"thumbnailUrl\":\"https:\\\/\\\/www.caudete.org\\\/ayuntamiento\\\/wp-content\\\/uploads\\\/2024\\\/02\\\/paso-a-nivel-adif.jpg\",\"datePublished\":\"2024-02-22T08:00:03+00:00\",\"author\":{\"@id\":\"https:\\\/\\\/www.caudete.org\\\/ayuntamiento\\\/#\\\/schema\\\/person\\\/cc646da9133078ee4d8dd47457947253\"},\"description\":\"P\u00e1gina Oficial del Ayuntamiento de Caudete (Albacete)\",\"breadcrumb\":{\"@id\":\"https:\\\/\\\/www.caudete.org\\\/ayuntamiento\\\/adif-expropiara-las-fincas-para-eliminar-el-paso-a-nivel-entre-crisnova-y-la-venta-del-gitano\\\/#breadcrumb\"},\"inLanguage\":\"es\",\"potentialAction\":[{\"@type\":\"ReadAction\",\"target\":[\"https:\\\/\\\/www.caudete.org\\\/ayuntamiento\\\/adif-expropiara-las-fincas-para-eliminar-el-paso-a-nivel-entre-crisnova-y-la-venta-del-gitano\\\/\"]}]},{\"@type\":\"ImageObject\",\"inLanguage\":\"es\",\"@id\":\"https:\\\/\\\/www.caudete.org\\\/ayuntamiento\\\/adif-expropiara-las-fincas-para-eliminar-el-paso-a-nivel-entre-crisnova-y-la-venta-del-gitano\\\/#primaryimage\",\"url\":\"https:\\\/\\\/www.caudete.org\\\/ayuntamiento\\\/wp-content\\\/uploads\\\/2024\\\/02\\\/paso-a-nivel-adif.jpg\",\"contentUrl\":\"https:\\\/\\\/www.caudete.org\\\/ayuntamiento\\\/wp-content\\\/uploads\\\/2024\\\/02\\\/paso-a-nivel-adif.jpg\",\"width\":1005,\"height\":717},{\"@type\":\"BreadcrumbList\",\"@id\":\"https:\\\/\\\/www.caudete.org\\\/ayuntamiento\\\/adif-expropiara-las-fincas-para-eliminar-el-paso-a-nivel-entre-crisnova-y-la-venta-del-gitano\\\/#breadcrumb\",\"itemListElement\":[{\"@type\":\"ListItem\",\"position\":1,\"name\":\"Inicio\",\"item\":\"https:\\\/\\\/www.caudete.org\\\/ayuntamiento\\\/\"},{\"@type\":\"ListItem\",\"position\":2,\"name\":\"Adif expropiar\u00e1 las fincas para eliminar el paso a nivel entre Crisnova y la Venta del Gitano\"}]},{\"@type\":\"WebSite\",\"@id\":\"https:\\\/\\\/www.caudete.org\\\/ayuntamiento\\\/#website\",\"url\":\"https:\\\/\\\/www.caudete.org\\\/ayuntamiento\\\/\",\"name\":\"MI Ayuntamiento de Caudete\",\"description\":\"P\u00e1gina Oficial del MI Ayuntamiento de Caudete\",\"potentialAction\":[{\"@type\":\"SearchAction\",\"target\":{\"@type\":\"EntryPoint\",\"urlTemplate\":\"https:\\\/\\\/www.caudete.org\\\/ayuntamiento\\\/?s={search_term_string}\"},\"query-input\":{\"@type\":\"PropertyValueSpecification\",\"valueRequired\":true,\"valueName\":\"search_term_string\"}}],\"inLanguage\":\"es\"},{\"@type\":\"Person\",\"@id\":\"https:\\\/\\\/www.caudete.org\\\/ayuntamiento\\\/#\\\/schema\\\/person\\\/cc646da9133078ee4d8dd47457947253\",\"name\":\"alcalde\",\"image\":{\"@type\":\"ImageObject\",\"inLanguage\":\"es\",\"@id\":\"https:\\\/\\\/secure.gravatar.com\\\/avatar\\\/84a817ba065b29ff08d666b215a215f5c79186a645ccb25b14a663d48a130f77?s=96&d=mm&r=g\",\"url\":\"https:\\\/\\\/secure.gravatar.com\\\/avatar\\\/84a817ba065b29ff08d666b215a215f5c79186a645ccb25b14a663d48a130f77?s=96&d=mm&r=g\",\"contentUrl\":\"https:\\\/\\\/secure.gravatar.com\\\/avatar\\\/84a817ba065b29ff08d666b215a215f5c79186a645ccb25b14a663d48a130f77?s=96&d=mm&r=g\",\"caption\":\"alcalde\"},\"url\":\"https:\\\/\\\/www.caudete.org\\\/ayuntamiento\\\/author\\\/alcalde\\\/\"}]}<\/script>\n<!-- \/ Yoast SEO plugin. -->","yoast_head_json":{"title":"Adif expropiar\u00e1 las fincas para eliminar el paso a nivel entre Crisnova y la Venta del Gitano - MI Ayuntamiento de Caudete","description":"P\u00e1gina Oficial del Ayuntamiento de Caudete (Albacete)","robots":{"index":"index","follow":"follow","max-snippet":"max-snippet:-1","max-image-preview":"max-image-preview:large","max-video-preview":"max-video-preview:-1"},"canonical":"https:\/\/www.caudete.org\/ayuntamiento\/adif-expropiara-las-fincas-para-eliminar-el-paso-a-nivel-entre-crisnova-y-la-venta-del-gitano\/","og_locale":"es_ES","og_type":"article","og_title":"Adif expropiar\u00e1 las fincas para eliminar el paso a nivel entre Crisnova y la Venta del Gitano - MI Ayuntamiento de Caudete","og_description":"P\u00e1gina Oficial del Ayuntamiento de Caudete (Albacete)","og_url":"https:\/\/www.caudete.org\/ayuntamiento\/adif-expropiara-las-fincas-para-eliminar-el-paso-a-nivel-entre-crisnova-y-la-venta-del-gitano\/","og_site_name":"MI Ayuntamiento de Caudete","article_publisher":"https:\/\/www.facebook.com\/ayuntamientocaudete\/","article_published_time":"2024-02-22T08:00:03+00:00","og_image":[{"width":1005,"height":717,"url":"https:\/\/www.caudete.org\/ayuntamiento\/wp-content\/uploads\/2024\/02\/paso-a-nivel-adif.jpg","type":"image\/jpeg"}],"author":"alcalde","twitter_card":"summary_large_image","twitter_misc":{"Escrito por":"alcalde","Tiempo de lectura":"2 minutos"},"schema":{"@context":"https:\/\/schema.org","@graph":[{"@type":"Article","@id":"https:\/\/www.caudete.org\/ayuntamiento\/adif-expropiara-las-fincas-para-eliminar-el-paso-a-nivel-entre-crisnova-y-la-venta-del-gitano\/#article","isPartOf":{"@id":"https:\/\/www.caudete.org\/ayuntamiento\/adif-expropiara-las-fincas-para-eliminar-el-paso-a-nivel-entre-crisnova-y-la-venta-del-gitano\/"},"author":{"name":"alcalde","@id":"https:\/\/www.caudete.org\/ayuntamiento\/#\/schema\/person\/cc646da9133078ee4d8dd47457947253"},"headline":"Adif expropiar\u00e1 las fincas para eliminar el paso a nivel entre Crisnova y la Venta del Gitano","datePublished":"2024-02-22T08:00:03+00:00","mainEntityOfPage":{"@id":"https:\/\/www.caudete.org\/ayuntamiento\/adif-expropiara-las-fincas-para-eliminar-el-paso-a-nivel-entre-crisnova-y-la-venta-del-gitano\/"},"wordCount":325,"image":{"@id":"https:\/\/www.caudete.org\/ayuntamiento\/adif-expropiara-las-fincas-para-eliminar-el-paso-a-nivel-entre-crisnova-y-la-venta-del-gitano\/#primaryimage"},"thumbnailUrl":"https:\/\/www.caudete.org\/ayuntamiento\/wp-content\/uploads\/2024\/02\/paso-a-nivel-adif.jpg","articleSection":["Movilidad Urbana"],"inLanguage":"es"},{"@type":"WebPage","@id":"https:\/\/www.caudete.org\/ayuntamiento\/adif-expropiara-las-fincas-para-eliminar-el-paso-a-nivel-entre-crisnova-y-la-venta-del-gitano\/","url":"https:\/\/www.caudete.org\/ayuntamiento\/adif-expropiara-las-fincas-para-eliminar-el-paso-a-nivel-entre-crisnova-y-la-venta-del-gitano\/","name":"Adif expropiar\u00e1 las fincas para eliminar el paso a nivel entre Crisnova y la Venta del Gitano - MI Ayuntamiento de Caudete","isPartOf":{"@id":"https:\/\/www.caudete.org\/ayuntamiento\/#website"},"primaryImageOfPage":{"@id":"https:\/\/www.caudete.org\/ayuntamiento\/adif-expropiara-las-fincas-para-eliminar-el-paso-a-nivel-entre-crisnova-y-la-venta-del-gitano\/#primaryimage"},"image":{"@id":"https:\/\/www.caudete.org\/ayuntamiento\/adif-expropiara-las-fincas-para-eliminar-el-paso-a-nivel-entre-crisnova-y-la-venta-del-gitano\/#primaryimage"},"thumbnailUrl":"https:\/\/www.caudete.org\/ayuntamiento\/wp-content\/uploads\/2024\/02\/paso-a-nivel-adif.jpg","datePublished":"2024-02-22T08:00:03+00:00","author":{"@id":"https:\/\/www.caudete.org\/ayuntamiento\/#\/schema\/person\/cc646da9133078ee4d8dd47457947253"},"description":"P\u00e1gina Oficial del Ayuntamiento de Caudete (Albacete)","breadcrumb":{"@id":"https:\/\/www.caudete.org\/ayuntamiento\/adif-expropiara-las-fincas-para-eliminar-el-paso-a-nivel-entre-crisnova-y-la-venta-del-gitano\/#breadcrumb"},"inLanguage":"es","potentialAction":[{"@type":"ReadAction","target":["https:\/\/www.caudete.org\/ayuntamiento\/adif-expropiara-las-fincas-para-eliminar-el-paso-a-nivel-entre-crisnova-y-la-venta-del-gitano\/"]}]},{"@type":"ImageObject","inLanguage":"es","@id":"https:\/\/www.caudete.org\/ayuntamiento\/adif-expropiara-las-fincas-para-eliminar-el-paso-a-nivel-entre-crisnova-y-la-venta-del-gitano\/#primaryimage","url":"https:\/\/www.caudete.org\/ayuntamiento\/wp-content\/uploads\/2024\/02\/paso-a-nivel-adif.jpg","contentUrl":"https:\/\/www.caudete.org\/ayuntamiento\/wp-content\/uploads\/2024\/02\/paso-a-nivel-adif.jpg","width":1005,"height":717},{"@type":"BreadcrumbList","@id":"https:\/\/www.caudete.org\/ayuntamiento\/adif-expropiara-las-fincas-para-eliminar-el-paso-a-nivel-entre-crisnova-y-la-venta-del-gitano\/#breadcrumb","itemListElement":[{"@type":"ListItem","position":1,"name":"Inicio","item":"https:\/\/www.caudete.org\/ayuntamiento\/"},{"@type":"ListItem","position":2,"name":"Adif expropiar\u00e1 las fincas para eliminar el paso a nivel entre Crisnova y la Venta del Gitano"}]},{"@type":"WebSite","@id":"https:\/\/www.caudete.org\/ayuntamiento\/#website","url":"https:\/\/www.caudete.org\/ayuntamiento\/","name":"MI Ayuntamiento de Caudete","description":"P\u00e1gina Oficial del MI Ayuntamiento de Caudete","potentialAction":[{"@type":"SearchAction","target":{"@type":"EntryPoint","urlTemplate":"https:\/\/www.caudete.org\/ayuntamiento\/?s={search_term_string}"},"query-input":{"@type":"PropertyValueSpecification","valueRequired":true,"valueName":"search_term_string"}}],"inLanguage":"es"},{"@type":"Person","@id":"https:\/\/www.caudete.org\/ayuntamiento\/#\/schema\/person\/cc646da9133078ee4d8dd47457947253","name":"alcalde","image":{"@type":"ImageObject","inLanguage":"es","@id":"https:\/\/secure.gravatar.com\/avatar\/84a817ba065b29ff08d666b215a215f5c79186a645ccb25b14a663d48a130f77?s=96&d=mm&r=g","url":"https:\/\/secure.gravatar.com\/avatar\/84a817ba065b29ff08d666b215a215f5c79186a645ccb25b14a663d48a130f77?s=96&d=mm&r=g","contentUrl":"https:\/\/secure.gravatar.com\/avatar\/84a817ba065b29ff08d666b215a215f5c79186a645ccb25b14a663d48a130f77?s=96&d=mm&r=g","caption":"alcalde"},"url":"https:\/\/www.caudete.org\/ayuntamiento\/author\/alcalde\/"}]}},"_links":{"self":[{"href":"https:\/\/www.caudete.org\/ayuntamiento\/wp-json\/wp\/v2\/posts\/24430","targetHints":{"allow":["GET"]}}],"collection":[{"href":"https:\/\/www.caudete.org\/ayuntamiento\/wp-json\/wp\/v2\/posts"}],"about":[{"href":"https:\/\/www.caudete.org\/ayuntamiento\/wp-json\/wp\/v2\/types\/post"}],"author":[{"embeddable":true,"href":"https:\/\/www.caudete.org\/ayuntamiento\/wp-json\/wp\/v2\/users\/3"}],"replies":[{"embeddable":true,"href":"https:\/\/www.caudete.org\/ayuntamiento\/wp-json\/wp\/v2\/comments?post=24430"}],"version-history":[{"count":1,"href":"https:\/\/www.caudete.org\/ayuntamiento\/wp-json\/wp\/v2\/posts\/24430\/revisions"}],"predecessor-version":[{"id":24432,"href":"https:\/\/www.caudete.org\/ayuntamiento\/wp-json\/wp\/v2\/posts\/24430\/revisions\/24432"}],"wp:featuredmedia":[{"embeddable":true,"href":"https:\/\/www.caudete.org\/ayuntamiento\/wp-json\/wp\/v2\/media\/24431"}],"wp:attachment":[{"href":"https:\/\/www.caudete.org\/ayuntamiento\/wp-json\/wp\/v2\/media?parent=24430"}],"wp:term":[{"taxonomy":"category","embeddable":true,"href":"https:\/\/www.caudete.org\/ayuntamiento\/wp-json\/wp\/v2\/categories?post=24430"},{"taxonomy":"post_tag","embeddable":true,"href":"https:\/\/www.caudete.org\/ayuntamiento\/wp-json\/wp\/v2\/tags?post=24430"}],"curies":[{"name":"wp","href":"https:\/\/api.w.org\/{rel}","templated":true}]}}