{"id":24437,"date":"2024-02-22T09:01:38","date_gmt":"2024-02-22T08:01:38","guid":{"rendered":"https:\/\/www.caudete.org\/ayuntamiento\/?p=24437"},"modified":"2024-02-21T22:45:08","modified_gmt":"2024-02-21T21:45:08","slug":"avanza-el-proceso-de-estabilizacion-del-empleo-temporal","status":"publish","type":"post","link":"https:\/\/www.caudete.org\/ayuntamiento\/avanza-el-proceso-de-estabilizacion-del-empleo-temporal\/","title":{"rendered":"Avanza el proceso de Estabilizaci\u00f3n del Empleo Temporal"},"content":{"rendered":"<p style=\"text-align: justify;\">M\u00aa Pilar Egea Serrano, Concejal de Recursos Humanos, ha informado del avance generado en el proceso extraordinario de estabilizaci\u00f3n del Empleo Temporal que el Consistorio est\u00e1 realizando en aplicaci\u00f3n de la Ley 20\/2021 de 28 de Diciembre.<\/p>\n<p style=\"text-align: justify;\">Dicha Ley, de aplicaci\u00f3n en todo el Estado Espa\u00f1ol, busca reducir la elevada tasa de temporalidad que las administraciones p\u00fablicas arrastran, y que obligan en aplicaci\u00f3n de un calendario tasado a completar el proceso sobre todas aquellas plazas ocupadas en la administraci\u00f3n no funcionariados, es decir, sobre los empleados laborales, como tradicionalmente se conoce.<\/p>\n<p style=\"text-align: justify;\">De esta forma, el expediente arranc\u00f3 en el mandato anterior, sobre el que se dieron los primeros pasos, realizando las diferentes convocatorias que el Consistorio ha de llevar a cabo, y que suponen un total de 35 procedimientos para los tribunales encargados de baremar con arreglo a las bases publicadas en el Bolet\u00edn Oficial de la Provincia, que ha permitido acceder al proceso a un n\u00famero elevado de empleados p\u00fablicos.<\/p>\n<p style=\"text-align: justify;\">Cabe destacar que en este proceso, en cualquier lugar del territorio nacional, se pueden presentar los empleados que actualmente ocupan sus puestos y que cumplen los requisitos para optar a dicha estabilizaci\u00f3n, como aquellos de otras administraciones que tambi\u00e9n los cumplen.<\/p>\n<p style=\"text-align: justify;\">Tal y como expresaba la Edil, la proyecci\u00f3n de baremaci\u00f3n en dicho proceso por parte de los Tribunales, se espera quede finalizada como m\u00e1ximo durante el presente verano, y el proceso en su conjunto antes de finalizar el a\u00f1o, fecha marcada por la Ley para su cumplimiento.<\/p>\n<p style=\"text-align: justify;\">As\u00ed pues, los listados definitivos de aspirantes a cada una de las plazas, as\u00ed como la designaci\u00f3n de Tribunal y la celebraci\u00f3n del mismo quedan publicados previamente en el Tabl\u00f3n de Anuncios Municipal as\u00ed como en el BOP.<\/p>\n<p><a href=\"https:\/\/www.caudete.org\/ayuntamiento\/wp-content\/uploads\/2024\/02\/estabilizacion-empleo-temporal.jpg\" rel='prettyPhoto'><img fetchpriority=\"high\" decoding=\"async\" class=\"alignnone wp-image-24438 size-full\" src=\"https:\/\/www.caudete.org\/ayuntamiento\/wp-content\/uploads\/2024\/02\/estabilizacion-empleo-temporal.jpg\" alt=\"\" width=\"1013\" height=\"692\" srcset=\"https:\/\/www.caudete.org\/ayuntamiento\/wp-content\/uploads\/2024\/02\/estabilizacion-empleo-temporal.jpg 1013w, https:\/\/www.caudete.org\/ayuntamiento\/wp-content\/uploads\/2024\/02\/estabilizacion-empleo-temporal-300x205.jpg 300w, https:\/\/www.caudete.org\/ayuntamiento\/wp-content\/uploads\/2024\/02\/estabilizacion-empleo-temporal-768x525.jpg 768w\" sizes=\"(max-width: 1013px) 100vw, 1013px\" \/><\/a><\/p>\n","protected":false},"excerpt":{"rendered":"<p>M\u00aa Pilar Egea Serrano, Concejal de Recursos Humanos, ha informado del avance generado en el proceso extraordinario de estabilizaci\u00f3n del Empleo Temporal que el Consistorio est\u00e1 realizando en aplicaci\u00f3n de la Ley 20\/2021 de 28 de Diciembre. Dicha Ley, de aplicaci\u00f3n en todo el Estado Espa\u00f1ol, busca reducir la elevada tasa de temporalidad que las &hellip;<\/p>\n","protected":false},"author":3,"featured_media":24438,"comment_status":"closed","ping_status":"open","sticky":false,"template":"","format":"standard","meta":{"ngg_post_thumbnail":0,"footnotes":""},"categories":[33],"tags":[],"class_list":["post-24437","post","type-post","status-publish","format-standard","has-post-thumbnail","hentry","category-recursos-humanos"],"yoast_head":"<!-- This site is optimized with the Yoast SEO plugin v27.5 - https:\/\/yoast.com\/product\/yoast-seo-wordpress\/ -->\n<title>Avanza el proceso de Estabilizaci\u00f3n del Empleo Temporal - MI Ayuntamiento de Caudete<\/title>\n<meta name=\"description\" content=\"P\u00e1gina Oficial del Ayuntamiento de Caudete (Albacete)\" \/>\n<meta name=\"robots\" content=\"index, follow, max-snippet:-1, max-image-preview:large, max-video-preview:-1\" \/>\n<link rel=\"canonical\" href=\"https:\/\/www.caudete.org\/ayuntamiento\/avanza-el-proceso-de-estabilizacion-del-empleo-temporal\/\" \/>\n<meta property=\"og:locale\" content=\"es_ES\" \/>\n<meta property=\"og:type\" content=\"article\" \/>\n<meta property=\"og:title\" content=\"Avanza el proceso de Estabilizaci\u00f3n del Empleo Temporal - MI Ayuntamiento de Caudete\" \/>\n<meta property=\"og:description\" content=\"P\u00e1gina Oficial del Ayuntamiento de Caudete (Albacete)\" \/>\n<meta property=\"og:url\" content=\"https:\/\/www.caudete.org\/ayuntamiento\/avanza-el-proceso-de-estabilizacion-del-empleo-temporal\/\" \/>\n<meta property=\"og:site_name\" content=\"MI Ayuntamiento de Caudete\" \/>\n<meta property=\"article:publisher\" content=\"https:\/\/www.facebook.com\/ayuntamientocaudete\/\" \/>\n<meta property=\"article:published_time\" content=\"2024-02-22T08:01:38+00:00\" \/>\n<meta property=\"og:image\" content=\"https:\/\/www.caudete.org\/ayuntamiento\/wp-content\/uploads\/2024\/02\/estabilizacion-empleo-temporal.jpg\" \/>\n\t<meta property=\"og:image:width\" content=\"1013\" \/>\n\t<meta property=\"og:image:height\" content=\"692\" \/>\n\t<meta property=\"og:image:type\" content=\"image\/jpeg\" \/>\n<meta name=\"author\" content=\"alcalde\" \/>\n<meta name=\"twitter:card\" content=\"summary_large_image\" \/>\n<meta name=\"twitter:label1\" content=\"Escrito por\" \/>\n\t<meta name=\"twitter:data1\" content=\"alcalde\" \/>\n\t<meta name=\"twitter:label2\" content=\"Tiempo de lectura\" \/>\n\t<meta name=\"twitter:data2\" content=\"2 minutos\" \/>\n<script type=\"application\/ld+json\" class=\"yoast-schema-graph\">{\"@context\":\"https:\\\/\\\/schema.org\",\"@graph\":[{\"@type\":\"Article\",\"@id\":\"https:\\\/\\\/www.caudete.org\\\/ayuntamiento\\\/avanza-el-proceso-de-estabilizacion-del-empleo-temporal\\\/#article\",\"isPartOf\":{\"@id\":\"https:\\\/\\\/www.caudete.org\\\/ayuntamiento\\\/avanza-el-proceso-de-estabilizacion-del-empleo-temporal\\\/\"},\"author\":{\"name\":\"alcalde\",\"@id\":\"https:\\\/\\\/www.caudete.org\\\/ayuntamiento\\\/#\\\/schema\\\/person\\\/cc646da9133078ee4d8dd47457947253\"},\"headline\":\"Avanza el proceso de Estabilizaci\u00f3n del Empleo Temporal\",\"datePublished\":\"2024-02-22T08:01:38+00:00\",\"mainEntityOfPage\":{\"@id\":\"https:\\\/\\\/www.caudete.org\\\/ayuntamiento\\\/avanza-el-proceso-de-estabilizacion-del-empleo-temporal\\\/\"},\"wordCount\":312,\"image\":{\"@id\":\"https:\\\/\\\/www.caudete.org\\\/ayuntamiento\\\/avanza-el-proceso-de-estabilizacion-del-empleo-temporal\\\/#primaryimage\"},\"thumbnailUrl\":\"https:\\\/\\\/www.caudete.org\\\/ayuntamiento\\\/wp-content\\\/uploads\\\/2024\\\/02\\\/estabilizacion-empleo-temporal.jpg\",\"articleSection\":[\"Recursos Humanos\"],\"inLanguage\":\"es\"},{\"@type\":\"WebPage\",\"@id\":\"https:\\\/\\\/www.caudete.org\\\/ayuntamiento\\\/avanza-el-proceso-de-estabilizacion-del-empleo-temporal\\\/\",\"url\":\"https:\\\/\\\/www.caudete.org\\\/ayuntamiento\\\/avanza-el-proceso-de-estabilizacion-del-empleo-temporal\\\/\",\"name\":\"Avanza el proceso de Estabilizaci\u00f3n del Empleo Temporal - MI Ayuntamiento de Caudete\",\"isPartOf\":{\"@id\":\"https:\\\/\\\/www.caudete.org\\\/ayuntamiento\\\/#website\"},\"primaryImageOfPage\":{\"@id\":\"https:\\\/\\\/www.caudete.org\\\/ayuntamiento\\\/avanza-el-proceso-de-estabilizacion-del-empleo-temporal\\\/#primaryimage\"},\"image\":{\"@id\":\"https:\\\/\\\/www.caudete.org\\\/ayuntamiento\\\/avanza-el-proceso-de-estabilizacion-del-empleo-temporal\\\/#primaryimage\"},\"thumbnailUrl\":\"https:\\\/\\\/www.caudete.org\\\/ayuntamiento\\\/wp-content\\\/uploads\\\/2024\\\/02\\\/estabilizacion-empleo-temporal.jpg\",\"datePublished\":\"2024-02-22T08:01:38+00:00\",\"author\":{\"@id\":\"https:\\\/\\\/www.caudete.org\\\/ayuntamiento\\\/#\\\/schema\\\/person\\\/cc646da9133078ee4d8dd47457947253\"},\"description\":\"P\u00e1gina Oficial del Ayuntamiento de Caudete (Albacete)\",\"breadcrumb\":{\"@id\":\"https:\\\/\\\/www.caudete.org\\\/ayuntamiento\\\/avanza-el-proceso-de-estabilizacion-del-empleo-temporal\\\/#breadcrumb\"},\"inLanguage\":\"es\",\"potentialAction\":[{\"@type\":\"ReadAction\",\"target\":[\"https:\\\/\\\/www.caudete.org\\\/ayuntamiento\\\/avanza-el-proceso-de-estabilizacion-del-empleo-temporal\\\/\"]}]},{\"@type\":\"ImageObject\",\"inLanguage\":\"es\",\"@id\":\"https:\\\/\\\/www.caudete.org\\\/ayuntamiento\\\/avanza-el-proceso-de-estabilizacion-del-empleo-temporal\\\/#primaryimage\",\"url\":\"https:\\\/\\\/www.caudete.org\\\/ayuntamiento\\\/wp-content\\\/uploads\\\/2024\\\/02\\\/estabilizacion-empleo-temporal.jpg\",\"contentUrl\":\"https:\\\/\\\/www.caudete.org\\\/ayuntamiento\\\/wp-content\\\/uploads\\\/2024\\\/02\\\/estabilizacion-empleo-temporal.jpg\",\"width\":1013,\"height\":692},{\"@type\":\"BreadcrumbList\",\"@id\":\"https:\\\/\\\/www.caudete.org\\\/ayuntamiento\\\/avanza-el-proceso-de-estabilizacion-del-empleo-temporal\\\/#breadcrumb\",\"itemListElement\":[{\"@type\":\"ListItem\",\"position\":1,\"name\":\"Inicio\",\"item\":\"https:\\\/\\\/www.caudete.org\\\/ayuntamiento\\\/\"},{\"@type\":\"ListItem\",\"position\":2,\"name\":\"Avanza el proceso de Estabilizaci\u00f3n del Empleo Temporal\"}]},{\"@type\":\"WebSite\",\"@id\":\"https:\\\/\\\/www.caudete.org\\\/ayuntamiento\\\/#website\",\"url\":\"https:\\\/\\\/www.caudete.org\\\/ayuntamiento\\\/\",\"name\":\"MI Ayuntamiento de Caudete\",\"description\":\"P\u00e1gina Oficial del MI Ayuntamiento de Caudete\",\"potentialAction\":[{\"@type\":\"SearchAction\",\"target\":{\"@type\":\"EntryPoint\",\"urlTemplate\":\"https:\\\/\\\/www.caudete.org\\\/ayuntamiento\\\/?s={search_term_string}\"},\"query-input\":{\"@type\":\"PropertyValueSpecification\",\"valueRequired\":true,\"valueName\":\"search_term_string\"}}],\"inLanguage\":\"es\"},{\"@type\":\"Person\",\"@id\":\"https:\\\/\\\/www.caudete.org\\\/ayuntamiento\\\/#\\\/schema\\\/person\\\/cc646da9133078ee4d8dd47457947253\",\"name\":\"alcalde\",\"image\":{\"@type\":\"ImageObject\",\"inLanguage\":\"es\",\"@id\":\"https:\\\/\\\/secure.gravatar.com\\\/avatar\\\/84a817ba065b29ff08d666b215a215f5c79186a645ccb25b14a663d48a130f77?s=96&d=mm&r=g\",\"url\":\"https:\\\/\\\/secure.gravatar.com\\\/avatar\\\/84a817ba065b29ff08d666b215a215f5c79186a645ccb25b14a663d48a130f77?s=96&d=mm&r=g\",\"contentUrl\":\"https:\\\/\\\/secure.gravatar.com\\\/avatar\\\/84a817ba065b29ff08d666b215a215f5c79186a645ccb25b14a663d48a130f77?s=96&d=mm&r=g\",\"caption\":\"alcalde\"},\"url\":\"https:\\\/\\\/www.caudete.org\\\/ayuntamiento\\\/author\\\/alcalde\\\/\"}]}<\/script>\n<!-- \/ Yoast SEO plugin. -->","yoast_head_json":{"title":"Avanza el proceso de Estabilizaci\u00f3n del Empleo Temporal - MI Ayuntamiento de Caudete","description":"P\u00e1gina Oficial del Ayuntamiento de Caudete (Albacete)","robots":{"index":"index","follow":"follow","max-snippet":"max-snippet:-1","max-image-preview":"max-image-preview:large","max-video-preview":"max-video-preview:-1"},"canonical":"https:\/\/www.caudete.org\/ayuntamiento\/avanza-el-proceso-de-estabilizacion-del-empleo-temporal\/","og_locale":"es_ES","og_type":"article","og_title":"Avanza el proceso de Estabilizaci\u00f3n del Empleo Temporal - MI Ayuntamiento de Caudete","og_description":"P\u00e1gina Oficial del Ayuntamiento de Caudete (Albacete)","og_url":"https:\/\/www.caudete.org\/ayuntamiento\/avanza-el-proceso-de-estabilizacion-del-empleo-temporal\/","og_site_name":"MI Ayuntamiento de Caudete","article_publisher":"https:\/\/www.facebook.com\/ayuntamientocaudete\/","article_published_time":"2024-02-22T08:01:38+00:00","og_image":[{"width":1013,"height":692,"url":"https:\/\/www.caudete.org\/ayuntamiento\/wp-content\/uploads\/2024\/02\/estabilizacion-empleo-temporal.jpg","type":"image\/jpeg"}],"author":"alcalde","twitter_card":"summary_large_image","twitter_misc":{"Escrito por":"alcalde","Tiempo de lectura":"2 minutos"},"schema":{"@context":"https:\/\/schema.org","@graph":[{"@type":"Article","@id":"https:\/\/www.caudete.org\/ayuntamiento\/avanza-el-proceso-de-estabilizacion-del-empleo-temporal\/#article","isPartOf":{"@id":"https:\/\/www.caudete.org\/ayuntamiento\/avanza-el-proceso-de-estabilizacion-del-empleo-temporal\/"},"author":{"name":"alcalde","@id":"https:\/\/www.caudete.org\/ayuntamiento\/#\/schema\/person\/cc646da9133078ee4d8dd47457947253"},"headline":"Avanza el proceso de Estabilizaci\u00f3n del Empleo Temporal","datePublished":"2024-02-22T08:01:38+00:00","mainEntityOfPage":{"@id":"https:\/\/www.caudete.org\/ayuntamiento\/avanza-el-proceso-de-estabilizacion-del-empleo-temporal\/"},"wordCount":312,"image":{"@id":"https:\/\/www.caudete.org\/ayuntamiento\/avanza-el-proceso-de-estabilizacion-del-empleo-temporal\/#primaryimage"},"thumbnailUrl":"https:\/\/www.caudete.org\/ayuntamiento\/wp-content\/uploads\/2024\/02\/estabilizacion-empleo-temporal.jpg","articleSection":["Recursos Humanos"],"inLanguage":"es"},{"@type":"WebPage","@id":"https:\/\/www.caudete.org\/ayuntamiento\/avanza-el-proceso-de-estabilizacion-del-empleo-temporal\/","url":"https:\/\/www.caudete.org\/ayuntamiento\/avanza-el-proceso-de-estabilizacion-del-empleo-temporal\/","name":"Avanza el proceso de Estabilizaci\u00f3n del Empleo Temporal - MI Ayuntamiento de Caudete","isPartOf":{"@id":"https:\/\/www.caudete.org\/ayuntamiento\/#website"},"primaryImageOfPage":{"@id":"https:\/\/www.caudete.org\/ayuntamiento\/avanza-el-proceso-de-estabilizacion-del-empleo-temporal\/#primaryimage"},"image":{"@id":"https:\/\/www.caudete.org\/ayuntamiento\/avanza-el-proceso-de-estabilizacion-del-empleo-temporal\/#primaryimage"},"thumbnailUrl":"https:\/\/www.caudete.org\/ayuntamiento\/wp-content\/uploads\/2024\/02\/estabilizacion-empleo-temporal.jpg","datePublished":"2024-02-22T08:01:38+00:00","author":{"@id":"https:\/\/www.caudete.org\/ayuntamiento\/#\/schema\/person\/cc646da9133078ee4d8dd47457947253"},"description":"P\u00e1gina Oficial del Ayuntamiento de Caudete (Albacete)","breadcrumb":{"@id":"https:\/\/www.caudete.org\/ayuntamiento\/avanza-el-proceso-de-estabilizacion-del-empleo-temporal\/#breadcrumb"},"inLanguage":"es","potentialAction":[{"@type":"ReadAction","target":["https:\/\/www.caudete.org\/ayuntamiento\/avanza-el-proceso-de-estabilizacion-del-empleo-temporal\/"]}]},{"@type":"ImageObject","inLanguage":"es","@id":"https:\/\/www.caudete.org\/ayuntamiento\/avanza-el-proceso-de-estabilizacion-del-empleo-temporal\/#primaryimage","url":"https:\/\/www.caudete.org\/ayuntamiento\/wp-content\/uploads\/2024\/02\/estabilizacion-empleo-temporal.jpg","contentUrl":"https:\/\/www.caudete.org\/ayuntamiento\/wp-content\/uploads\/2024\/02\/estabilizacion-empleo-temporal.jpg","width":1013,"height":692},{"@type":"BreadcrumbList","@id":"https:\/\/www.caudete.org\/ayuntamiento\/avanza-el-proceso-de-estabilizacion-del-empleo-temporal\/#breadcrumb","itemListElement":[{"@type":"ListItem","position":1,"name":"Inicio","item":"https:\/\/www.caudete.org\/ayuntamiento\/"},{"@type":"ListItem","position":2,"name":"Avanza el proceso de Estabilizaci\u00f3n del Empleo Temporal"}]},{"@type":"WebSite","@id":"https:\/\/www.caudete.org\/ayuntamiento\/#website","url":"https:\/\/www.caudete.org\/ayuntamiento\/","name":"MI Ayuntamiento de Caudete","description":"P\u00e1gina Oficial del MI Ayuntamiento de Caudete","potentialAction":[{"@type":"SearchAction","target":{"@type":"EntryPoint","urlTemplate":"https:\/\/www.caudete.org\/ayuntamiento\/?s={search_term_string}"},"query-input":{"@type":"PropertyValueSpecification","valueRequired":true,"valueName":"search_term_string"}}],"inLanguage":"es"},{"@type":"Person","@id":"https:\/\/www.caudete.org\/ayuntamiento\/#\/schema\/person\/cc646da9133078ee4d8dd47457947253","name":"alcalde","image":{"@type":"ImageObject","inLanguage":"es","@id":"https:\/\/secure.gravatar.com\/avatar\/84a817ba065b29ff08d666b215a215f5c79186a645ccb25b14a663d48a130f77?s=96&d=mm&r=g","url":"https:\/\/secure.gravatar.com\/avatar\/84a817ba065b29ff08d666b215a215f5c79186a645ccb25b14a663d48a130f77?s=96&d=mm&r=g","contentUrl":"https:\/\/secure.gravatar.com\/avatar\/84a817ba065b29ff08d666b215a215f5c79186a645ccb25b14a663d48a130f77?s=96&d=mm&r=g","caption":"alcalde"},"url":"https:\/\/www.caudete.org\/ayuntamiento\/author\/alcalde\/"}]}},"_links":{"self":[{"href":"https:\/\/www.caudete.org\/ayuntamiento\/wp-json\/wp\/v2\/posts\/24437","targetHints":{"allow":["GET"]}}],"collection":[{"href":"https:\/\/www.caudete.org\/ayuntamiento\/wp-json\/wp\/v2\/posts"}],"about":[{"href":"https:\/\/www.caudete.org\/ayuntamiento\/wp-json\/wp\/v2\/types\/post"}],"author":[{"embeddable":true,"href":"https:\/\/www.caudete.org\/ayuntamiento\/wp-json\/wp\/v2\/users\/3"}],"replies":[{"embeddable":true,"href":"https:\/\/www.caudete.org\/ayuntamiento\/wp-json\/wp\/v2\/comments?post=24437"}],"version-history":[{"count":1,"href":"https:\/\/www.caudete.org\/ayuntamiento\/wp-json\/wp\/v2\/posts\/24437\/revisions"}],"predecessor-version":[{"id":24439,"href":"https:\/\/www.caudete.org\/ayuntamiento\/wp-json\/wp\/v2\/posts\/24437\/revisions\/24439"}],"wp:featuredmedia":[{"embeddable":true,"href":"https:\/\/www.caudete.org\/ayuntamiento\/wp-json\/wp\/v2\/media\/24438"}],"wp:attachment":[{"href":"https:\/\/www.caudete.org\/ayuntamiento\/wp-json\/wp\/v2\/media?parent=24437"}],"wp:term":[{"taxonomy":"category","embeddable":true,"href":"https:\/\/www.caudete.org\/ayuntamiento\/wp-json\/wp\/v2\/categories?post=24437"},{"taxonomy":"post_tag","embeddable":true,"href":"https:\/\/www.caudete.org\/ayuntamiento\/wp-json\/wp\/v2\/tags?post=24437"}],"curies":[{"name":"wp","href":"https:\/\/api.w.org\/{rel}","templated":true}]}}