{"id":24442,"date":"2024-02-23T10:12:26","date_gmt":"2024-02-23T09:12:26","guid":{"rendered":"https:\/\/www.caudete.org\/ayuntamiento\/?p=24442"},"modified":"2024-02-23T10:12:26","modified_gmt":"2024-02-23T09:12:26","slug":"la-policia-local-actua-contra-conductores-de-ciclomotores-sin-licencia","status":"publish","type":"post","link":"https:\/\/www.caudete.org\/ayuntamiento\/la-policia-local-actua-contra-conductores-de-ciclomotores-sin-licencia\/","title":{"rendered":"La Polic\u00eda Local act\u00faa contra conductores de ciclomotores sin licencia"},"content":{"rendered":"<p style=\"text-align: justify;\">M\u00aa Dolores Requena, Concejal de Seguridad Ciudadana, informa que la Polic\u00eda Local de Caudete instruye diligencias a dos conductores por conducir ciclomotores careciendo de permiso o licencia<\/p>\n<p>Por parte de agentes de la Polic\u00eda Local de Caudete y dentro de las campa\u00f1as de vigilancia del tr\u00e1fico y la seguridad vial, se han denunciado judicialmente a dos conductores por conducir sus veh\u00edculos sin permiso de conducir por no haberlo obtenido nunca.<\/p>\n<p>La primera de las actuaciones se produjo sobre las 16:50 horas del\u00a0 pasado d\u00eda 08 de Febrero en la Avda de Valencia, cuando agentes de esta polic\u00eda mientras realizaban servicio ordinario de vigilancia del tr\u00e1fico, observaron como el conductor de un ciclomotor, al percatarse de la presencia de la patrulla, realiz\u00f3 una extra\u00f1a maniobra evasiva tratando de evitar a los agentes. En ese momento los agentes iniciaron su seguimiento, logrando detener el veh\u00edculo unos metros despu\u00e9s, pudiendo comprobar que su conductor carec\u00eda de permiso de conducir de la clase AM por no haberlo obtenido nunca.\u00a0 Por este motivo,\u00a0 se comunic\u00f3 a su conductor de la instrucci\u00f3n de diligencias penales por un presunto Delito contra la Seguridad Vial por conducir\u00a0 un ciclomotor careciendo de la correspondiente autorizaci\u00f3n administrativa por no haberla obtenido nunca,\u00a0 procediendo tambi\u00e9n a la inmovilizaci\u00f3n del veh\u00edculo.<\/p>\n<p>La segunda de las actuaciones se llev\u00f3 a cabo sobre las 10:30 horas del d\u00eda 10 de Febrero, cuando los agentes detectaron la presencia de un ciclomotor circulando por C\/ La Zafra, tras introducir la matricula en la base de datos de la Direcci\u00f3n General de Tr\u00e1fico pudieron comprobar que su titular carec\u00eda de permiso de conducir, procediendo a ordenar la detenci\u00f3n del veh\u00edculo. Al identificar a su conductor y titular, se comprob\u00f3 que no dispon\u00eda de permiso de conducir por no haberlo obtenido nunca, motivo por el cual se le inform\u00f3\u00a0 su presunta participaci\u00f3n en la comisi\u00f3n de un delito contra la seguridad vial por conducir un ciclomotor sin el correspondiente permiso o licencia. Tambi\u00e9n se comprob\u00f3 que el ciclomotor carec\u00eda del seguro obligatorio en vigor. Por ambos motivos se procedi\u00f3 a la inmovilizaci\u00f3n del veh\u00edculo.<\/p>\n<div class=\"moz-signature\" style=\"text-align: justify;\">Ambas diligencias fueron enviadas al Juzgado de Guardia de Almansa, donde ser\u00e1n juzgadas mediante juicio r\u00e1pido.<\/p>\n<p>Conducir sin carnet es delito.<\/p><\/div>\n","protected":false},"excerpt":{"rendered":"<p>M\u00aa Dolores Requena, Concejal de Seguridad Ciudadana, informa que la Polic\u00eda Local de Caudete instruye diligencias a dos conductores por conducir ciclomotores careciendo de permiso o licencia Por parte de agentes de la Polic\u00eda Local de Caudete y dentro de las campa\u00f1as de vigilancia del tr\u00e1fico y la seguridad vial, se han denunciado judicialmente a &hellip;<\/p>\n","protected":false},"author":3,"featured_media":24443,"comment_status":"closed","ping_status":"open","sticky":false,"template":"","format":"standard","meta":{"ngg_post_thumbnail":0,"footnotes":""},"categories":[35],"tags":[],"class_list":["post-24442","post","type-post","status-publish","format-standard","has-post-thumbnail","hentry","category-policia-local"],"yoast_head":"<!-- This site is optimized with the Yoast SEO plugin v27.5 - https:\/\/yoast.com\/product\/yoast-seo-wordpress\/ -->\n<title>La Polic\u00eda Local act\u00faa contra conductores de ciclomotores sin licencia - MI Ayuntamiento de Caudete<\/title>\n<meta name=\"description\" content=\"P\u00e1gina Oficial del Ayuntamiento de Caudete (Albacete)\" \/>\n<meta name=\"robots\" content=\"index, follow, max-snippet:-1, max-image-preview:large, max-video-preview:-1\" \/>\n<link rel=\"canonical\" href=\"https:\/\/www.caudete.org\/ayuntamiento\/la-policia-local-actua-contra-conductores-de-ciclomotores-sin-licencia\/\" \/>\n<meta property=\"og:locale\" content=\"es_ES\" \/>\n<meta property=\"og:type\" content=\"article\" \/>\n<meta property=\"og:title\" content=\"La Polic\u00eda Local act\u00faa contra conductores de ciclomotores sin licencia - MI Ayuntamiento de Caudete\" \/>\n<meta property=\"og:description\" content=\"P\u00e1gina Oficial del Ayuntamiento de Caudete (Albacete)\" \/>\n<meta property=\"og:url\" content=\"https:\/\/www.caudete.org\/ayuntamiento\/la-policia-local-actua-contra-conductores-de-ciclomotores-sin-licencia\/\" \/>\n<meta property=\"og:site_name\" content=\"MI Ayuntamiento de Caudete\" \/>\n<meta property=\"article:publisher\" content=\"https:\/\/www.facebook.com\/ayuntamientocaudete\/\" \/>\n<meta property=\"article:published_time\" content=\"2024-02-23T09:12:26+00:00\" \/>\n<meta property=\"og:image\" content=\"https:\/\/www.caudete.org\/ayuntamiento\/wp-content\/uploads\/2024\/02\/ciclomotores-policia.jpg\" \/>\n\t<meta property=\"og:image:width\" content=\"1016\" \/>\n\t<meta property=\"og:image:height\" content=\"655\" \/>\n\t<meta property=\"og:image:type\" content=\"image\/jpeg\" \/>\n<meta name=\"author\" content=\"alcalde\" \/>\n<meta name=\"twitter:card\" content=\"summary_large_image\" \/>\n<meta name=\"twitter:label1\" content=\"Escrito por\" \/>\n\t<meta name=\"twitter:data1\" content=\"alcalde\" \/>\n\t<meta name=\"twitter:label2\" content=\"Tiempo de lectura\" \/>\n\t<meta name=\"twitter:data2\" content=\"2 minutos\" \/>\n<script type=\"application\/ld+json\" class=\"yoast-schema-graph\">{\"@context\":\"https:\\\/\\\/schema.org\",\"@graph\":[{\"@type\":\"Article\",\"@id\":\"https:\\\/\\\/www.caudete.org\\\/ayuntamiento\\\/la-policia-local-actua-contra-conductores-de-ciclomotores-sin-licencia\\\/#article\",\"isPartOf\":{\"@id\":\"https:\\\/\\\/www.caudete.org\\\/ayuntamiento\\\/la-policia-local-actua-contra-conductores-de-ciclomotores-sin-licencia\\\/\"},\"author\":{\"name\":\"alcalde\",\"@id\":\"https:\\\/\\\/www.caudete.org\\\/ayuntamiento\\\/#\\\/schema\\\/person\\\/cc646da9133078ee4d8dd47457947253\"},\"headline\":\"La Polic\u00eda Local act\u00faa contra conductores de ciclomotores sin licencia\",\"datePublished\":\"2024-02-23T09:12:26+00:00\",\"mainEntityOfPage\":{\"@id\":\"https:\\\/\\\/www.caudete.org\\\/ayuntamiento\\\/la-policia-local-actua-contra-conductores-de-ciclomotores-sin-licencia\\\/\"},\"wordCount\":407,\"image\":{\"@id\":\"https:\\\/\\\/www.caudete.org\\\/ayuntamiento\\\/la-policia-local-actua-contra-conductores-de-ciclomotores-sin-licencia\\\/#primaryimage\"},\"thumbnailUrl\":\"https:\\\/\\\/www.caudete.org\\\/ayuntamiento\\\/wp-content\\\/uploads\\\/2024\\\/02\\\/ciclomotores-policia.jpg\",\"articleSection\":[\"Polic\u00eda Local\"],\"inLanguage\":\"es\"},{\"@type\":\"WebPage\",\"@id\":\"https:\\\/\\\/www.caudete.org\\\/ayuntamiento\\\/la-policia-local-actua-contra-conductores-de-ciclomotores-sin-licencia\\\/\",\"url\":\"https:\\\/\\\/www.caudete.org\\\/ayuntamiento\\\/la-policia-local-actua-contra-conductores-de-ciclomotores-sin-licencia\\\/\",\"name\":\"La Polic\u00eda Local act\u00faa contra conductores de ciclomotores sin licencia - MI Ayuntamiento de Caudete\",\"isPartOf\":{\"@id\":\"https:\\\/\\\/www.caudete.org\\\/ayuntamiento\\\/#website\"},\"primaryImageOfPage\":{\"@id\":\"https:\\\/\\\/www.caudete.org\\\/ayuntamiento\\\/la-policia-local-actua-contra-conductores-de-ciclomotores-sin-licencia\\\/#primaryimage\"},\"image\":{\"@id\":\"https:\\\/\\\/www.caudete.org\\\/ayuntamiento\\\/la-policia-local-actua-contra-conductores-de-ciclomotores-sin-licencia\\\/#primaryimage\"},\"thumbnailUrl\":\"https:\\\/\\\/www.caudete.org\\\/ayuntamiento\\\/wp-content\\\/uploads\\\/2024\\\/02\\\/ciclomotores-policia.jpg\",\"datePublished\":\"2024-02-23T09:12:26+00:00\",\"author\":{\"@id\":\"https:\\\/\\\/www.caudete.org\\\/ayuntamiento\\\/#\\\/schema\\\/person\\\/cc646da9133078ee4d8dd47457947253\"},\"description\":\"P\u00e1gina Oficial del Ayuntamiento de Caudete (Albacete)\",\"breadcrumb\":{\"@id\":\"https:\\\/\\\/www.caudete.org\\\/ayuntamiento\\\/la-policia-local-actua-contra-conductores-de-ciclomotores-sin-licencia\\\/#breadcrumb\"},\"inLanguage\":\"es\",\"potentialAction\":[{\"@type\":\"ReadAction\",\"target\":[\"https:\\\/\\\/www.caudete.org\\\/ayuntamiento\\\/la-policia-local-actua-contra-conductores-de-ciclomotores-sin-licencia\\\/\"]}]},{\"@type\":\"ImageObject\",\"inLanguage\":\"es\",\"@id\":\"https:\\\/\\\/www.caudete.org\\\/ayuntamiento\\\/la-policia-local-actua-contra-conductores-de-ciclomotores-sin-licencia\\\/#primaryimage\",\"url\":\"https:\\\/\\\/www.caudete.org\\\/ayuntamiento\\\/wp-content\\\/uploads\\\/2024\\\/02\\\/ciclomotores-policia.jpg\",\"contentUrl\":\"https:\\\/\\\/www.caudete.org\\\/ayuntamiento\\\/wp-content\\\/uploads\\\/2024\\\/02\\\/ciclomotores-policia.jpg\",\"width\":1016,\"height\":655},{\"@type\":\"BreadcrumbList\",\"@id\":\"https:\\\/\\\/www.caudete.org\\\/ayuntamiento\\\/la-policia-local-actua-contra-conductores-de-ciclomotores-sin-licencia\\\/#breadcrumb\",\"itemListElement\":[{\"@type\":\"ListItem\",\"position\":1,\"name\":\"Inicio\",\"item\":\"https:\\\/\\\/www.caudete.org\\\/ayuntamiento\\\/\"},{\"@type\":\"ListItem\",\"position\":2,\"name\":\"La Polic\u00eda Local act\u00faa contra conductores de ciclomotores sin licencia\"}]},{\"@type\":\"WebSite\",\"@id\":\"https:\\\/\\\/www.caudete.org\\\/ayuntamiento\\\/#website\",\"url\":\"https:\\\/\\\/www.caudete.org\\\/ayuntamiento\\\/\",\"name\":\"MI Ayuntamiento de Caudete\",\"description\":\"P\u00e1gina Oficial del MI Ayuntamiento de Caudete\",\"potentialAction\":[{\"@type\":\"SearchAction\",\"target\":{\"@type\":\"EntryPoint\",\"urlTemplate\":\"https:\\\/\\\/www.caudete.org\\\/ayuntamiento\\\/?s={search_term_string}\"},\"query-input\":{\"@type\":\"PropertyValueSpecification\",\"valueRequired\":true,\"valueName\":\"search_term_string\"}}],\"inLanguage\":\"es\"},{\"@type\":\"Person\",\"@id\":\"https:\\\/\\\/www.caudete.org\\\/ayuntamiento\\\/#\\\/schema\\\/person\\\/cc646da9133078ee4d8dd47457947253\",\"name\":\"alcalde\",\"image\":{\"@type\":\"ImageObject\",\"inLanguage\":\"es\",\"@id\":\"https:\\\/\\\/secure.gravatar.com\\\/avatar\\\/84a817ba065b29ff08d666b215a215f5c79186a645ccb25b14a663d48a130f77?s=96&d=mm&r=g\",\"url\":\"https:\\\/\\\/secure.gravatar.com\\\/avatar\\\/84a817ba065b29ff08d666b215a215f5c79186a645ccb25b14a663d48a130f77?s=96&d=mm&r=g\",\"contentUrl\":\"https:\\\/\\\/secure.gravatar.com\\\/avatar\\\/84a817ba065b29ff08d666b215a215f5c79186a645ccb25b14a663d48a130f77?s=96&d=mm&r=g\",\"caption\":\"alcalde\"},\"url\":\"https:\\\/\\\/www.caudete.org\\\/ayuntamiento\\\/author\\\/alcalde\\\/\"}]}<\/script>\n<!-- \/ Yoast SEO plugin. -->","yoast_head_json":{"title":"La Polic\u00eda Local act\u00faa contra conductores de ciclomotores sin licencia - MI Ayuntamiento de Caudete","description":"P\u00e1gina Oficial del Ayuntamiento de Caudete (Albacete)","robots":{"index":"index","follow":"follow","max-snippet":"max-snippet:-1","max-image-preview":"max-image-preview:large","max-video-preview":"max-video-preview:-1"},"canonical":"https:\/\/www.caudete.org\/ayuntamiento\/la-policia-local-actua-contra-conductores-de-ciclomotores-sin-licencia\/","og_locale":"es_ES","og_type":"article","og_title":"La Polic\u00eda Local act\u00faa contra conductores de ciclomotores sin licencia - MI Ayuntamiento de Caudete","og_description":"P\u00e1gina Oficial del Ayuntamiento de Caudete (Albacete)","og_url":"https:\/\/www.caudete.org\/ayuntamiento\/la-policia-local-actua-contra-conductores-de-ciclomotores-sin-licencia\/","og_site_name":"MI Ayuntamiento de Caudete","article_publisher":"https:\/\/www.facebook.com\/ayuntamientocaudete\/","article_published_time":"2024-02-23T09:12:26+00:00","og_image":[{"width":1016,"height":655,"url":"https:\/\/www.caudete.org\/ayuntamiento\/wp-content\/uploads\/2024\/02\/ciclomotores-policia.jpg","type":"image\/jpeg"}],"author":"alcalde","twitter_card":"summary_large_image","twitter_misc":{"Escrito por":"alcalde","Tiempo de lectura":"2 minutos"},"schema":{"@context":"https:\/\/schema.org","@graph":[{"@type":"Article","@id":"https:\/\/www.caudete.org\/ayuntamiento\/la-policia-local-actua-contra-conductores-de-ciclomotores-sin-licencia\/#article","isPartOf":{"@id":"https:\/\/www.caudete.org\/ayuntamiento\/la-policia-local-actua-contra-conductores-de-ciclomotores-sin-licencia\/"},"author":{"name":"alcalde","@id":"https:\/\/www.caudete.org\/ayuntamiento\/#\/schema\/person\/cc646da9133078ee4d8dd47457947253"},"headline":"La Polic\u00eda Local act\u00faa contra conductores de ciclomotores sin licencia","datePublished":"2024-02-23T09:12:26+00:00","mainEntityOfPage":{"@id":"https:\/\/www.caudete.org\/ayuntamiento\/la-policia-local-actua-contra-conductores-de-ciclomotores-sin-licencia\/"},"wordCount":407,"image":{"@id":"https:\/\/www.caudete.org\/ayuntamiento\/la-policia-local-actua-contra-conductores-de-ciclomotores-sin-licencia\/#primaryimage"},"thumbnailUrl":"https:\/\/www.caudete.org\/ayuntamiento\/wp-content\/uploads\/2024\/02\/ciclomotores-policia.jpg","articleSection":["Polic\u00eda Local"],"inLanguage":"es"},{"@type":"WebPage","@id":"https:\/\/www.caudete.org\/ayuntamiento\/la-policia-local-actua-contra-conductores-de-ciclomotores-sin-licencia\/","url":"https:\/\/www.caudete.org\/ayuntamiento\/la-policia-local-actua-contra-conductores-de-ciclomotores-sin-licencia\/","name":"La Polic\u00eda Local act\u00faa contra conductores de ciclomotores sin licencia - MI Ayuntamiento de Caudete","isPartOf":{"@id":"https:\/\/www.caudete.org\/ayuntamiento\/#website"},"primaryImageOfPage":{"@id":"https:\/\/www.caudete.org\/ayuntamiento\/la-policia-local-actua-contra-conductores-de-ciclomotores-sin-licencia\/#primaryimage"},"image":{"@id":"https:\/\/www.caudete.org\/ayuntamiento\/la-policia-local-actua-contra-conductores-de-ciclomotores-sin-licencia\/#primaryimage"},"thumbnailUrl":"https:\/\/www.caudete.org\/ayuntamiento\/wp-content\/uploads\/2024\/02\/ciclomotores-policia.jpg","datePublished":"2024-02-23T09:12:26+00:00","author":{"@id":"https:\/\/www.caudete.org\/ayuntamiento\/#\/schema\/person\/cc646da9133078ee4d8dd47457947253"},"description":"P\u00e1gina Oficial del Ayuntamiento de Caudete (Albacete)","breadcrumb":{"@id":"https:\/\/www.caudete.org\/ayuntamiento\/la-policia-local-actua-contra-conductores-de-ciclomotores-sin-licencia\/#breadcrumb"},"inLanguage":"es","potentialAction":[{"@type":"ReadAction","target":["https:\/\/www.caudete.org\/ayuntamiento\/la-policia-local-actua-contra-conductores-de-ciclomotores-sin-licencia\/"]}]},{"@type":"ImageObject","inLanguage":"es","@id":"https:\/\/www.caudete.org\/ayuntamiento\/la-policia-local-actua-contra-conductores-de-ciclomotores-sin-licencia\/#primaryimage","url":"https:\/\/www.caudete.org\/ayuntamiento\/wp-content\/uploads\/2024\/02\/ciclomotores-policia.jpg","contentUrl":"https:\/\/www.caudete.org\/ayuntamiento\/wp-content\/uploads\/2024\/02\/ciclomotores-policia.jpg","width":1016,"height":655},{"@type":"BreadcrumbList","@id":"https:\/\/www.caudete.org\/ayuntamiento\/la-policia-local-actua-contra-conductores-de-ciclomotores-sin-licencia\/#breadcrumb","itemListElement":[{"@type":"ListItem","position":1,"name":"Inicio","item":"https:\/\/www.caudete.org\/ayuntamiento\/"},{"@type":"ListItem","position":2,"name":"La Polic\u00eda Local act\u00faa contra conductores de ciclomotores sin licencia"}]},{"@type":"WebSite","@id":"https:\/\/www.caudete.org\/ayuntamiento\/#website","url":"https:\/\/www.caudete.org\/ayuntamiento\/","name":"MI Ayuntamiento de Caudete","description":"P\u00e1gina Oficial del MI Ayuntamiento de Caudete","potentialAction":[{"@type":"SearchAction","target":{"@type":"EntryPoint","urlTemplate":"https:\/\/www.caudete.org\/ayuntamiento\/?s={search_term_string}"},"query-input":{"@type":"PropertyValueSpecification","valueRequired":true,"valueName":"search_term_string"}}],"inLanguage":"es"},{"@type":"Person","@id":"https:\/\/www.caudete.org\/ayuntamiento\/#\/schema\/person\/cc646da9133078ee4d8dd47457947253","name":"alcalde","image":{"@type":"ImageObject","inLanguage":"es","@id":"https:\/\/secure.gravatar.com\/avatar\/84a817ba065b29ff08d666b215a215f5c79186a645ccb25b14a663d48a130f77?s=96&d=mm&r=g","url":"https:\/\/secure.gravatar.com\/avatar\/84a817ba065b29ff08d666b215a215f5c79186a645ccb25b14a663d48a130f77?s=96&d=mm&r=g","contentUrl":"https:\/\/secure.gravatar.com\/avatar\/84a817ba065b29ff08d666b215a215f5c79186a645ccb25b14a663d48a130f77?s=96&d=mm&r=g","caption":"alcalde"},"url":"https:\/\/www.caudete.org\/ayuntamiento\/author\/alcalde\/"}]}},"_links":{"self":[{"href":"https:\/\/www.caudete.org\/ayuntamiento\/wp-json\/wp\/v2\/posts\/24442","targetHints":{"allow":["GET"]}}],"collection":[{"href":"https:\/\/www.caudete.org\/ayuntamiento\/wp-json\/wp\/v2\/posts"}],"about":[{"href":"https:\/\/www.caudete.org\/ayuntamiento\/wp-json\/wp\/v2\/types\/post"}],"author":[{"embeddable":true,"href":"https:\/\/www.caudete.org\/ayuntamiento\/wp-json\/wp\/v2\/users\/3"}],"replies":[{"embeddable":true,"href":"https:\/\/www.caudete.org\/ayuntamiento\/wp-json\/wp\/v2\/comments?post=24442"}],"version-history":[{"count":1,"href":"https:\/\/www.caudete.org\/ayuntamiento\/wp-json\/wp\/v2\/posts\/24442\/revisions"}],"predecessor-version":[{"id":24444,"href":"https:\/\/www.caudete.org\/ayuntamiento\/wp-json\/wp\/v2\/posts\/24442\/revisions\/24444"}],"wp:featuredmedia":[{"embeddable":true,"href":"https:\/\/www.caudete.org\/ayuntamiento\/wp-json\/wp\/v2\/media\/24443"}],"wp:attachment":[{"href":"https:\/\/www.caudete.org\/ayuntamiento\/wp-json\/wp\/v2\/media?parent=24442"}],"wp:term":[{"taxonomy":"category","embeddable":true,"href":"https:\/\/www.caudete.org\/ayuntamiento\/wp-json\/wp\/v2\/categories?post=24442"},{"taxonomy":"post_tag","embeddable":true,"href":"https:\/\/www.caudete.org\/ayuntamiento\/wp-json\/wp\/v2\/tags?post=24442"}],"curies":[{"name":"wp","href":"https:\/\/api.w.org\/{rel}","templated":true}]}}