{"id":24527,"date":"2024-03-06T12:00:22","date_gmt":"2024-03-06T11:00:22","guid":{"rendered":"https:\/\/www.caudete.org\/ayuntamiento\/?p=24527"},"modified":"2024-03-06T09:30:52","modified_gmt":"2024-03-06T08:30:52","slug":"manifiesto-del-m-i-ayuntamiento-de-caudete-con-motivo-del-dia-internacional-de-las-mujeres-8-de-marzo-2024","status":"publish","type":"post","link":"https:\/\/www.caudete.org\/ayuntamiento\/manifiesto-del-m-i-ayuntamiento-de-caudete-con-motivo-del-dia-internacional-de-las-mujeres-8-de-marzo-2024\/","title":{"rendered":"Manifiesto del M.I. Ayuntamiento de Caudete con motivo del d\u00eda internacional de las mujeres 8 de marzo 2024"},"content":{"rendered":"<p>El Ayuntamiento de Caudete se suma a la conmemoraci\u00f3n de este d\u00eda y reafirma su compromiso con la \u201cIgualdad de oportunidades entre hombre y mujeres\u201d.<\/p>\n<p>Reconocemos y agradecemos la labor de todas las mujeres que han contribuido al desarrollo social, econ\u00f3mico, cultural y pol\u00edtico de nuestro municipio Caudete.<br \/>\nResaltar por poner alg\u00fan ejemplo a Florencia Caerols Mart\u00ednez, nacida el 20 de febrero 1890. Trabajadora que destac\u00f3 como l\u00edder dentro de la f\u00e1brica textil donde realiz\u00f3 una formaci\u00f3n social, humana y religiosa a todas sus compa\u00f1eras, fue nombrada presidenta del sindicato femenino cat\u00f3lico, cargo que desempe\u00f1\u00f3 hasta su muerte y reconocida Beata Caudetana, El 11 de marzo de 2001, Juan Pablo II la beatific\u00f3 junto a otros 232 m\u00e1rtires de la persecuci\u00f3n religiosa espa\u00f1ola de los a\u00f1os 30.<\/p>\n<p>Igualmente el M.I Ayuntamiento de Caudete este d\u00eda 8 de marzo del 2024 va a nombra en un acto institucional, una v\u00eda p\u00fablica con el nombre de una mujer \u201cMar\u00eda Cervantes\u201d, la primera presidenta de la Fundaci\u00f3n Diagrama, fallecida en el a\u00f1o 2004, una fiel trabajadora en la atenci\u00f3n de las necesidades de personas vulnerable, defensa y promoci\u00f3n de los Derechos Humanos.<\/p>\n<p>Asimismo, queremos expresar nuestra solidaridad con las mujeres que sufren situaciones de vulnerabilidad, exclusi\u00f3n y violencia de cualquier tipo y en cualquier parte del mundo, reiterar nuestro apoyo a las organizaciones y movimientos que luchan por la defensa real de los derechos humanos sin distinci\u00f3n de su g\u00e9nero, destacar en el \u00e1mbito local de nuestro pueblo la labor constante y eficaz que desarrollan las personas que trabajan en Centro de Bienestar e Igualdad Social Madre El\u00edsea que junto con el Centro de la mujer, realizan una labor que se ve poco, pero que se nota mucho, apoyando d\u00eda a d\u00eda a personas y familias que as\u00ed lo requieren.<\/p>\n<p>Para ello, y junto con su ayuda reiteramos nuestro compromiso de impulsar pol\u00edticas p\u00fablicas que promuevan la igualdad efectiva entre mujeres y hombres, la corresponsabilidad familiar y social, la conciliaci\u00f3n laboral y personal, la educaci\u00f3n en valores igualitarios de respeto entre el hombre y la mujer.<\/p>\n<p>Creemos en la igualdad como principio fundamental de los derechos humanos y c\u00f3mo condici\u00f3n indispensable para el desarrollo sostenible de nuestra sociedad.<br \/>\nPor eso, desde el Ayuntamiento de Caudete, con la reciente aprobaci\u00f3n del I Plan Estrat\u00e9gico de Igualdad de oportunidades entre Hombres y Mujeres dejamos de manifiesto nuestro compromiso social de impulsar acciones que favorezcan la eliminaci\u00f3n de las brechas de g\u00e9nero, pol\u00edticas, econ\u00f3micas, educativas, culturales, familiares etc.<\/p>\n<p>Este plan es una herramienta para avanzar en una igualdad real y efectiva entre hombres y mujeres, que requiere del esfuerzo y la implicaci\u00f3n de todos los colectivos, \u00e1reas de trabajo y asociaciones del municipio.<\/p>\n<p>Desde la concejal\u00eda de Bienestar, Igualdad Social y Familia, El Ayuntamiento de Caudete aprovecha esta fecha \u201cD\u00eda internacional de la mujer 8 de marzo del 2024\u201d para presentar y dar a conocer este primer plan de igualdad del municipio, pedimos que os sum\u00e9is a este manifiesto ya que todos los grupos pol\u00edticos que componen la corporaci\u00f3n municipal as\u00ed lo aprobaron de manera un\u00e1nime en el \u00faltimo pleno, lo que supone su puesta en marcha como documento vivo para mejorar la vida de las personas en materia de igualdad.<\/p>\n<p><img fetchpriority=\"high\" decoding=\"async\" class=\"size-full wp-image-24532 aligncenter\" src=\"https:\/\/www.caudete.org\/ayuntamiento\/wp-content\/uploads\/2024\/03\/8demarzo2.jpg\" alt=\"\" width=\"473\" height=\"247\" srcset=\"https:\/\/www.caudete.org\/ayuntamiento\/wp-content\/uploads\/2024\/03\/8demarzo2.jpg 473w, https:\/\/www.caudete.org\/ayuntamiento\/wp-content\/uploads\/2024\/03\/8demarzo2-300x157.jpg 300w\" sizes=\"(max-width: 473px) 100vw, 473px\" \/><\/p>\n","protected":false},"excerpt":{"rendered":"<p>El Ayuntamiento de Caudete se suma a la conmemoraci\u00f3n de este d\u00eda y reafirma su compromiso con la \u201cIgualdad de oportunidades entre hombre y mujeres\u201d. Reconocemos y agradecemos la labor de todas las mujeres que han contribuido al desarrollo social, econ\u00f3mico, cultural y pol\u00edtico de nuestro municipio Caudete. Resaltar por poner alg\u00fan ejemplo a Florencia &hellip;<\/p>\n","protected":false},"author":5,"featured_media":24528,"comment_status":"closed","ping_status":"open","sticky":false,"template":"","format":"standard","meta":{"ngg_post_thumbnail":0,"footnotes":""},"categories":[51],"tags":[],"class_list":["post-24527","post","type-post","status-publish","format-standard","has-post-thumbnail","hentry","category-bienestar-social"],"yoast_head":"<!-- This site is optimized with the Yoast SEO plugin v27.5 - https:\/\/yoast.com\/product\/yoast-seo-wordpress\/ -->\n<title>Manifiesto del M.I. Ayuntamiento de Caudete con motivo del d\u00eda internacional de las mujeres 8 de marzo 2024 - MI Ayuntamiento de Caudete<\/title>\n<meta name=\"description\" content=\"P\u00e1gina Oficial del Ayuntamiento de Caudete (Albacete)\" \/>\n<meta name=\"robots\" content=\"index, follow, max-snippet:-1, max-image-preview:large, max-video-preview:-1\" \/>\n<link rel=\"canonical\" href=\"https:\/\/www.caudete.org\/ayuntamiento\/manifiesto-del-m-i-ayuntamiento-de-caudete-con-motivo-del-dia-internacional-de-las-mujeres-8-de-marzo-2024\/\" \/>\n<meta property=\"og:locale\" content=\"es_ES\" \/>\n<meta property=\"og:type\" content=\"article\" \/>\n<meta property=\"og:title\" content=\"Manifiesto del M.I. Ayuntamiento de Caudete con motivo del d\u00eda internacional de las mujeres 8 de marzo 2024 - MI Ayuntamiento de Caudete\" \/>\n<meta property=\"og:description\" content=\"P\u00e1gina Oficial del Ayuntamiento de Caudete (Albacete)\" \/>\n<meta property=\"og:url\" content=\"https:\/\/www.caudete.org\/ayuntamiento\/manifiesto-del-m-i-ayuntamiento-de-caudete-con-motivo-del-dia-internacional-de-las-mujeres-8-de-marzo-2024\/\" \/>\n<meta property=\"og:site_name\" content=\"MI Ayuntamiento de Caudete\" \/>\n<meta property=\"article:publisher\" content=\"https:\/\/www.facebook.com\/ayuntamientocaudete\/\" \/>\n<meta property=\"article:published_time\" content=\"2024-03-06T11:00:22+00:00\" \/>\n<meta property=\"og:image\" content=\"https:\/\/www.caudete.org\/ayuntamiento\/wp-content\/uploads\/2024\/03\/8demarzo.jpg\" \/>\n\t<meta property=\"og:image:width\" content=\"800\" \/>\n\t<meta property=\"og:image:height\" content=\"240\" \/>\n\t<meta property=\"og:image:type\" content=\"image\/jpeg\" \/>\n<meta name=\"author\" content=\"Dpto Informatica MI Ayuntamiento de Caudete\" \/>\n<meta name=\"twitter:card\" content=\"summary_large_image\" \/>\n<meta name=\"twitter:label1\" content=\"Escrito por\" \/>\n\t<meta name=\"twitter:data1\" content=\"Dpto Informatica MI Ayuntamiento de Caudete\" \/>\n\t<meta name=\"twitter:label2\" content=\"Tiempo de lectura\" \/>\n\t<meta name=\"twitter:data2\" content=\"3 minutos\" \/>\n<script type=\"application\/ld+json\" class=\"yoast-schema-graph\">{\"@context\":\"https:\\\/\\\/schema.org\",\"@graph\":[{\"@type\":\"Article\",\"@id\":\"https:\\\/\\\/www.caudete.org\\\/ayuntamiento\\\/manifiesto-del-m-i-ayuntamiento-de-caudete-con-motivo-del-dia-internacional-de-las-mujeres-8-de-marzo-2024\\\/#article\",\"isPartOf\":{\"@id\":\"https:\\\/\\\/www.caudete.org\\\/ayuntamiento\\\/manifiesto-del-m-i-ayuntamiento-de-caudete-con-motivo-del-dia-internacional-de-las-mujeres-8-de-marzo-2024\\\/\"},\"author\":{\"name\":\"Dpto Informatica MI Ayuntamiento de Caudete\",\"@id\":\"https:\\\/\\\/www.caudete.org\\\/ayuntamiento\\\/#\\\/schema\\\/person\\\/4b9eab41761957db9b1bf9c418d1ef46\"},\"headline\":\"Manifiesto del M.I. Ayuntamiento de Caudete con motivo del d\u00eda internacional de las mujeres 8 de marzo 2024\",\"datePublished\":\"2024-03-06T11:00:22+00:00\",\"mainEntityOfPage\":{\"@id\":\"https:\\\/\\\/www.caudete.org\\\/ayuntamiento\\\/manifiesto-del-m-i-ayuntamiento-de-caudete-con-motivo-del-dia-internacional-de-las-mujeres-8-de-marzo-2024\\\/\"},\"wordCount\":591,\"image\":{\"@id\":\"https:\\\/\\\/www.caudete.org\\\/ayuntamiento\\\/manifiesto-del-m-i-ayuntamiento-de-caudete-con-motivo-del-dia-internacional-de-las-mujeres-8-de-marzo-2024\\\/#primaryimage\"},\"thumbnailUrl\":\"https:\\\/\\\/www.caudete.org\\\/ayuntamiento\\\/wp-content\\\/uploads\\\/2024\\\/03\\\/8demarzo.jpg\",\"articleSection\":[\"Bienestar Social\"],\"inLanguage\":\"es\"},{\"@type\":\"WebPage\",\"@id\":\"https:\\\/\\\/www.caudete.org\\\/ayuntamiento\\\/manifiesto-del-m-i-ayuntamiento-de-caudete-con-motivo-del-dia-internacional-de-las-mujeres-8-de-marzo-2024\\\/\",\"url\":\"https:\\\/\\\/www.caudete.org\\\/ayuntamiento\\\/manifiesto-del-m-i-ayuntamiento-de-caudete-con-motivo-del-dia-internacional-de-las-mujeres-8-de-marzo-2024\\\/\",\"name\":\"Manifiesto del M.I. Ayuntamiento de Caudete con motivo del d\u00eda internacional de las mujeres 8 de marzo 2024 - MI Ayuntamiento de Caudete\",\"isPartOf\":{\"@id\":\"https:\\\/\\\/www.caudete.org\\\/ayuntamiento\\\/#website\"},\"primaryImageOfPage\":{\"@id\":\"https:\\\/\\\/www.caudete.org\\\/ayuntamiento\\\/manifiesto-del-m-i-ayuntamiento-de-caudete-con-motivo-del-dia-internacional-de-las-mujeres-8-de-marzo-2024\\\/#primaryimage\"},\"image\":{\"@id\":\"https:\\\/\\\/www.caudete.org\\\/ayuntamiento\\\/manifiesto-del-m-i-ayuntamiento-de-caudete-con-motivo-del-dia-internacional-de-las-mujeres-8-de-marzo-2024\\\/#primaryimage\"},\"thumbnailUrl\":\"https:\\\/\\\/www.caudete.org\\\/ayuntamiento\\\/wp-content\\\/uploads\\\/2024\\\/03\\\/8demarzo.jpg\",\"datePublished\":\"2024-03-06T11:00:22+00:00\",\"author\":{\"@id\":\"https:\\\/\\\/www.caudete.org\\\/ayuntamiento\\\/#\\\/schema\\\/person\\\/4b9eab41761957db9b1bf9c418d1ef46\"},\"description\":\"P\u00e1gina Oficial del Ayuntamiento de Caudete (Albacete)\",\"breadcrumb\":{\"@id\":\"https:\\\/\\\/www.caudete.org\\\/ayuntamiento\\\/manifiesto-del-m-i-ayuntamiento-de-caudete-con-motivo-del-dia-internacional-de-las-mujeres-8-de-marzo-2024\\\/#breadcrumb\"},\"inLanguage\":\"es\",\"potentialAction\":[{\"@type\":\"ReadAction\",\"target\":[\"https:\\\/\\\/www.caudete.org\\\/ayuntamiento\\\/manifiesto-del-m-i-ayuntamiento-de-caudete-con-motivo-del-dia-internacional-de-las-mujeres-8-de-marzo-2024\\\/\"]}]},{\"@type\":\"ImageObject\",\"inLanguage\":\"es\",\"@id\":\"https:\\\/\\\/www.caudete.org\\\/ayuntamiento\\\/manifiesto-del-m-i-ayuntamiento-de-caudete-con-motivo-del-dia-internacional-de-las-mujeres-8-de-marzo-2024\\\/#primaryimage\",\"url\":\"https:\\\/\\\/www.caudete.org\\\/ayuntamiento\\\/wp-content\\\/uploads\\\/2024\\\/03\\\/8demarzo.jpg\",\"contentUrl\":\"https:\\\/\\\/www.caudete.org\\\/ayuntamiento\\\/wp-content\\\/uploads\\\/2024\\\/03\\\/8demarzo.jpg\",\"width\":800,\"height\":240},{\"@type\":\"BreadcrumbList\",\"@id\":\"https:\\\/\\\/www.caudete.org\\\/ayuntamiento\\\/manifiesto-del-m-i-ayuntamiento-de-caudete-con-motivo-del-dia-internacional-de-las-mujeres-8-de-marzo-2024\\\/#breadcrumb\",\"itemListElement\":[{\"@type\":\"ListItem\",\"position\":1,\"name\":\"Inicio\",\"item\":\"https:\\\/\\\/www.caudete.org\\\/ayuntamiento\\\/\"},{\"@type\":\"ListItem\",\"position\":2,\"name\":\"Manifiesto del M.I. Ayuntamiento de Caudete con motivo del d\u00eda internacional de las mujeres 8 de marzo 2024\"}]},{\"@type\":\"WebSite\",\"@id\":\"https:\\\/\\\/www.caudete.org\\\/ayuntamiento\\\/#website\",\"url\":\"https:\\\/\\\/www.caudete.org\\\/ayuntamiento\\\/\",\"name\":\"MI Ayuntamiento de Caudete\",\"description\":\"P\u00e1gina Oficial del MI Ayuntamiento de Caudete\",\"potentialAction\":[{\"@type\":\"SearchAction\",\"target\":{\"@type\":\"EntryPoint\",\"urlTemplate\":\"https:\\\/\\\/www.caudete.org\\\/ayuntamiento\\\/?s={search_term_string}\"},\"query-input\":{\"@type\":\"PropertyValueSpecification\",\"valueRequired\":true,\"valueName\":\"search_term_string\"}}],\"inLanguage\":\"es\"},{\"@type\":\"Person\",\"@id\":\"https:\\\/\\\/www.caudete.org\\\/ayuntamiento\\\/#\\\/schema\\\/person\\\/4b9eab41761957db9b1bf9c418d1ef46\",\"name\":\"Dpto Informatica MI Ayuntamiento de Caudete\",\"image\":{\"@type\":\"ImageObject\",\"inLanguage\":\"es\",\"@id\":\"https:\\\/\\\/secure.gravatar.com\\\/avatar\\\/ac0321ee4a0a83e82a253e7b2d348ef539e2c8fe16d06b600bde04de1b364fa7?s=96&d=mm&r=g\",\"url\":\"https:\\\/\\\/secure.gravatar.com\\\/avatar\\\/ac0321ee4a0a83e82a253e7b2d348ef539e2c8fe16d06b600bde04de1b364fa7?s=96&d=mm&r=g\",\"contentUrl\":\"https:\\\/\\\/secure.gravatar.com\\\/avatar\\\/ac0321ee4a0a83e82a253e7b2d348ef539e2c8fe16d06b600bde04de1b364fa7?s=96&d=mm&r=g\",\"caption\":\"Dpto Informatica MI Ayuntamiento de Caudete\"},\"url\":\"https:\\\/\\\/www.caudete.org\\\/ayuntamiento\\\/author\\\/informatica\\\/\"}]}<\/script>\n<!-- \/ Yoast SEO plugin. -->","yoast_head_json":{"title":"Manifiesto del M.I. Ayuntamiento de Caudete con motivo del d\u00eda internacional de las mujeres 8 de marzo 2024 - MI Ayuntamiento de Caudete","description":"P\u00e1gina Oficial del Ayuntamiento de Caudete (Albacete)","robots":{"index":"index","follow":"follow","max-snippet":"max-snippet:-1","max-image-preview":"max-image-preview:large","max-video-preview":"max-video-preview:-1"},"canonical":"https:\/\/www.caudete.org\/ayuntamiento\/manifiesto-del-m-i-ayuntamiento-de-caudete-con-motivo-del-dia-internacional-de-las-mujeres-8-de-marzo-2024\/","og_locale":"es_ES","og_type":"article","og_title":"Manifiesto del M.I. Ayuntamiento de Caudete con motivo del d\u00eda internacional de las mujeres 8 de marzo 2024 - MI Ayuntamiento de Caudete","og_description":"P\u00e1gina Oficial del Ayuntamiento de Caudete (Albacete)","og_url":"https:\/\/www.caudete.org\/ayuntamiento\/manifiesto-del-m-i-ayuntamiento-de-caudete-con-motivo-del-dia-internacional-de-las-mujeres-8-de-marzo-2024\/","og_site_name":"MI Ayuntamiento de Caudete","article_publisher":"https:\/\/www.facebook.com\/ayuntamientocaudete\/","article_published_time":"2024-03-06T11:00:22+00:00","og_image":[{"width":800,"height":240,"url":"https:\/\/www.caudete.org\/ayuntamiento\/wp-content\/uploads\/2024\/03\/8demarzo.jpg","type":"image\/jpeg"}],"author":"Dpto Informatica MI Ayuntamiento de Caudete","twitter_card":"summary_large_image","twitter_misc":{"Escrito por":"Dpto Informatica MI Ayuntamiento de Caudete","Tiempo de lectura":"3 minutos"},"schema":{"@context":"https:\/\/schema.org","@graph":[{"@type":"Article","@id":"https:\/\/www.caudete.org\/ayuntamiento\/manifiesto-del-m-i-ayuntamiento-de-caudete-con-motivo-del-dia-internacional-de-las-mujeres-8-de-marzo-2024\/#article","isPartOf":{"@id":"https:\/\/www.caudete.org\/ayuntamiento\/manifiesto-del-m-i-ayuntamiento-de-caudete-con-motivo-del-dia-internacional-de-las-mujeres-8-de-marzo-2024\/"},"author":{"name":"Dpto Informatica MI Ayuntamiento de Caudete","@id":"https:\/\/www.caudete.org\/ayuntamiento\/#\/schema\/person\/4b9eab41761957db9b1bf9c418d1ef46"},"headline":"Manifiesto del M.I. Ayuntamiento de Caudete con motivo del d\u00eda internacional de las mujeres 8 de marzo 2024","datePublished":"2024-03-06T11:00:22+00:00","mainEntityOfPage":{"@id":"https:\/\/www.caudete.org\/ayuntamiento\/manifiesto-del-m-i-ayuntamiento-de-caudete-con-motivo-del-dia-internacional-de-las-mujeres-8-de-marzo-2024\/"},"wordCount":591,"image":{"@id":"https:\/\/www.caudete.org\/ayuntamiento\/manifiesto-del-m-i-ayuntamiento-de-caudete-con-motivo-del-dia-internacional-de-las-mujeres-8-de-marzo-2024\/#primaryimage"},"thumbnailUrl":"https:\/\/www.caudete.org\/ayuntamiento\/wp-content\/uploads\/2024\/03\/8demarzo.jpg","articleSection":["Bienestar Social"],"inLanguage":"es"},{"@type":"WebPage","@id":"https:\/\/www.caudete.org\/ayuntamiento\/manifiesto-del-m-i-ayuntamiento-de-caudete-con-motivo-del-dia-internacional-de-las-mujeres-8-de-marzo-2024\/","url":"https:\/\/www.caudete.org\/ayuntamiento\/manifiesto-del-m-i-ayuntamiento-de-caudete-con-motivo-del-dia-internacional-de-las-mujeres-8-de-marzo-2024\/","name":"Manifiesto del M.I. Ayuntamiento de Caudete con motivo del d\u00eda internacional de las mujeres 8 de marzo 2024 - MI Ayuntamiento de Caudete","isPartOf":{"@id":"https:\/\/www.caudete.org\/ayuntamiento\/#website"},"primaryImageOfPage":{"@id":"https:\/\/www.caudete.org\/ayuntamiento\/manifiesto-del-m-i-ayuntamiento-de-caudete-con-motivo-del-dia-internacional-de-las-mujeres-8-de-marzo-2024\/#primaryimage"},"image":{"@id":"https:\/\/www.caudete.org\/ayuntamiento\/manifiesto-del-m-i-ayuntamiento-de-caudete-con-motivo-del-dia-internacional-de-las-mujeres-8-de-marzo-2024\/#primaryimage"},"thumbnailUrl":"https:\/\/www.caudete.org\/ayuntamiento\/wp-content\/uploads\/2024\/03\/8demarzo.jpg","datePublished":"2024-03-06T11:00:22+00:00","author":{"@id":"https:\/\/www.caudete.org\/ayuntamiento\/#\/schema\/person\/4b9eab41761957db9b1bf9c418d1ef46"},"description":"P\u00e1gina Oficial del Ayuntamiento de Caudete (Albacete)","breadcrumb":{"@id":"https:\/\/www.caudete.org\/ayuntamiento\/manifiesto-del-m-i-ayuntamiento-de-caudete-con-motivo-del-dia-internacional-de-las-mujeres-8-de-marzo-2024\/#breadcrumb"},"inLanguage":"es","potentialAction":[{"@type":"ReadAction","target":["https:\/\/www.caudete.org\/ayuntamiento\/manifiesto-del-m-i-ayuntamiento-de-caudete-con-motivo-del-dia-internacional-de-las-mujeres-8-de-marzo-2024\/"]}]},{"@type":"ImageObject","inLanguage":"es","@id":"https:\/\/www.caudete.org\/ayuntamiento\/manifiesto-del-m-i-ayuntamiento-de-caudete-con-motivo-del-dia-internacional-de-las-mujeres-8-de-marzo-2024\/#primaryimage","url":"https:\/\/www.caudete.org\/ayuntamiento\/wp-content\/uploads\/2024\/03\/8demarzo.jpg","contentUrl":"https:\/\/www.caudete.org\/ayuntamiento\/wp-content\/uploads\/2024\/03\/8demarzo.jpg","width":800,"height":240},{"@type":"BreadcrumbList","@id":"https:\/\/www.caudete.org\/ayuntamiento\/manifiesto-del-m-i-ayuntamiento-de-caudete-con-motivo-del-dia-internacional-de-las-mujeres-8-de-marzo-2024\/#breadcrumb","itemListElement":[{"@type":"ListItem","position":1,"name":"Inicio","item":"https:\/\/www.caudete.org\/ayuntamiento\/"},{"@type":"ListItem","position":2,"name":"Manifiesto del M.I. Ayuntamiento de Caudete con motivo del d\u00eda internacional de las mujeres 8 de marzo 2024"}]},{"@type":"WebSite","@id":"https:\/\/www.caudete.org\/ayuntamiento\/#website","url":"https:\/\/www.caudete.org\/ayuntamiento\/","name":"MI Ayuntamiento de Caudete","description":"P\u00e1gina Oficial del MI Ayuntamiento de Caudete","potentialAction":[{"@type":"SearchAction","target":{"@type":"EntryPoint","urlTemplate":"https:\/\/www.caudete.org\/ayuntamiento\/?s={search_term_string}"},"query-input":{"@type":"PropertyValueSpecification","valueRequired":true,"valueName":"search_term_string"}}],"inLanguage":"es"},{"@type":"Person","@id":"https:\/\/www.caudete.org\/ayuntamiento\/#\/schema\/person\/4b9eab41761957db9b1bf9c418d1ef46","name":"Dpto Informatica MI Ayuntamiento de Caudete","image":{"@type":"ImageObject","inLanguage":"es","@id":"https:\/\/secure.gravatar.com\/avatar\/ac0321ee4a0a83e82a253e7b2d348ef539e2c8fe16d06b600bde04de1b364fa7?s=96&d=mm&r=g","url":"https:\/\/secure.gravatar.com\/avatar\/ac0321ee4a0a83e82a253e7b2d348ef539e2c8fe16d06b600bde04de1b364fa7?s=96&d=mm&r=g","contentUrl":"https:\/\/secure.gravatar.com\/avatar\/ac0321ee4a0a83e82a253e7b2d348ef539e2c8fe16d06b600bde04de1b364fa7?s=96&d=mm&r=g","caption":"Dpto Informatica MI Ayuntamiento de Caudete"},"url":"https:\/\/www.caudete.org\/ayuntamiento\/author\/informatica\/"}]}},"_links":{"self":[{"href":"https:\/\/www.caudete.org\/ayuntamiento\/wp-json\/wp\/v2\/posts\/24527","targetHints":{"allow":["GET"]}}],"collection":[{"href":"https:\/\/www.caudete.org\/ayuntamiento\/wp-json\/wp\/v2\/posts"}],"about":[{"href":"https:\/\/www.caudete.org\/ayuntamiento\/wp-json\/wp\/v2\/types\/post"}],"author":[{"embeddable":true,"href":"https:\/\/www.caudete.org\/ayuntamiento\/wp-json\/wp\/v2\/users\/5"}],"replies":[{"embeddable":true,"href":"https:\/\/www.caudete.org\/ayuntamiento\/wp-json\/wp\/v2\/comments?post=24527"}],"version-history":[{"count":6,"href":"https:\/\/www.caudete.org\/ayuntamiento\/wp-json\/wp\/v2\/posts\/24527\/revisions"}],"predecessor-version":[{"id":24535,"href":"https:\/\/www.caudete.org\/ayuntamiento\/wp-json\/wp\/v2\/posts\/24527\/revisions\/24535"}],"wp:featuredmedia":[{"embeddable":true,"href":"https:\/\/www.caudete.org\/ayuntamiento\/wp-json\/wp\/v2\/media\/24528"}],"wp:attachment":[{"href":"https:\/\/www.caudete.org\/ayuntamiento\/wp-json\/wp\/v2\/media?parent=24527"}],"wp:term":[{"taxonomy":"category","embeddable":true,"href":"https:\/\/www.caudete.org\/ayuntamiento\/wp-json\/wp\/v2\/categories?post=24527"},{"taxonomy":"post_tag","embeddable":true,"href":"https:\/\/www.caudete.org\/ayuntamiento\/wp-json\/wp\/v2\/tags?post=24527"}],"curies":[{"name":"wp","href":"https:\/\/api.w.org\/{rel}","templated":true}]}}