{"id":24559,"date":"2024-03-11T11:11:44","date_gmt":"2024-03-11T10:11:44","guid":{"rendered":"https:\/\/www.caudete.org\/ayuntamiento\/?p=24559"},"modified":"2024-03-11T11:12:42","modified_gmt":"2024-03-11T10:12:42","slug":"descienden-a-98-las-inhumaciones-en-2023-similar-al-ano-2019","status":"publish","type":"post","link":"https:\/\/www.caudete.org\/ayuntamiento\/descienden-a-98-las-inhumaciones-en-2023-similar-al-ano-2019\/","title":{"rendered":"Descienden a 98 las inhumaciones en 2023, similar al a\u00f1o 2019"},"content":{"rendered":"<p style=\"text-align: justify;\">Esta ma\u00f1ana, el Alcalde Mois\u00e9s L\u00f3pez, y a su vez responsable del servicio de Cementerio, daba a conocer un resumen de la estad\u00edstica de gesti\u00f3n del a\u00f1o 2022 realizada por el Departamento de Cementerio, mostrando la comparativa que desde 2018 se viene haciendo p\u00fablica, momento en el cual la actual Ordenanza Reguladora del recinto establece la ejecuci\u00f3n de estad\u00edsticas anuales.<\/p>\n<p style=\"text-align: justify;\">No obstante, ha ofrecido tambi\u00e9n los datos publicados por las Parroquias de Caudete en cuanto al n\u00famero de Sepelios oficiados.<\/p>\n<table style=\"border-collapse: collapse; width: 100%; height: 130px;\">\n<tbody>\n<tr style=\"height: 24px;\">\n<td style=\"width: 14.2857%; height: 24px;\"><\/td>\n<td style=\"width: 14.2857%; text-align: center; height: 24px;\"><strong>A\u00f1o 2023<\/strong><\/td>\n<td style=\"width: 14.2857%; text-align: center; height: 24px;\"><strong>A\u00f1o 2022<\/strong><\/td>\n<td style=\"width: 14.2857%; text-align: center; height: 24px;\"><strong>A\u00f1o 2021<\/strong><\/td>\n<td style=\"width: 14.2857%; text-align: center; height: 24px;\"><strong>A\u00f1o 2020<\/strong><\/td>\n<td style=\"width: 14.2857%; text-align: center; height: 24px;\"><strong>A\u00f1o 2019<\/strong><\/td>\n<td style=\"width: 14.2857%; text-align: center; height: 24px;\"><strong>A\u00f1o 2018<\/strong><\/td>\n<\/tr>\n<tr style=\"height: 48px;\">\n<td style=\"width: 14.2857%; height: 48px;\"><strong>Inhumaciones Cementerio<\/strong><\/td>\n<td style=\"width: 14.2857%; text-align: center; height: 48px;\">98<\/td>\n<td style=\"width: 14.2857%; text-align: center; height: 48px;\">105<\/td>\n<td style=\"width: 14.2857%; text-align: center; height: 48px;\">79<\/td>\n<td style=\"width: 14.2857%; text-align: center; height: 48px;\">89<\/td>\n<td style=\"width: 14.2857%; text-align: center; height: 48px;\">97<\/td>\n<td style=\"width: 14.2857%; text-align: center; height: 48px;\">111<\/td>\n<\/tr>\n<tr style=\"height: 10px;\">\n<td style=\"width: 14.2857%; height: 10px;\"><\/td>\n<td style=\"width: 14.2857%; text-align: center; height: 10px;\"><\/td>\n<td style=\"width: 14.2857%; text-align: center; height: 10px;\"><\/td>\n<td style=\"width: 14.2857%; text-align: center; height: 10px;\"><\/td>\n<td style=\"width: 14.2857%; text-align: center; height: 10px;\"><\/td>\n<td style=\"width: 14.2857%; text-align: center; height: 10px;\"><\/td>\n<td style=\"width: 14.2857%; text-align: center; height: 10px;\"><\/td>\n<\/tr>\n<tr style=\"height: 48px;\">\n<td style=\"width: 14.2857%; height: 48px;\"><strong>Sepelios Parroquia<\/strong><\/td>\n<td style=\"width: 14.2857%; text-align: center; height: 48px;\">94<\/td>\n<td style=\"width: 14.2857%; text-align: center; height: 48px;\">102<\/td>\n<td style=\"width: 14.2857%; text-align: center; height: 48px;\">72<\/td>\n<td style=\"width: 14.2857%; text-align: center; height: 48px;\">88<\/td>\n<td style=\"width: 14.2857%; text-align: center; height: 48px;\">99<\/td>\n<td style=\"width: 14.2857%; text-align: center; height: 48px;\">103<\/td>\n<\/tr>\n<\/tbody>\n<\/table>\n<p>&nbsp;<\/p>\n<p style=\"text-align: justify;\">De forma pormenorizada ha dado tambi\u00e9n los datos relativos al modo de inhumaci\u00f3n, tipolog\u00eda de unidad de enterramiento o localizaci\u00f3n en el Cementerio, e incluso el n\u00famero de unidades de enterramiento nuevas que se conceden o las que se usan por una segunda o sucesivas veces.<\/p>\n<table style=\"border-collapse: collapse; width: 100%; height: 322px;\">\n<tbody>\n<tr style=\"height: 24px;\">\n<td style=\"width: 7.14285%; height: 24px;\"><\/td>\n<td style=\"width: 7.14285%; height: 24px;\"><\/td>\n<td style=\"width: 14.2857%; text-align: center; height: 24px;\"><strong>A\u00f1o 2023<\/strong><\/td>\n<td style=\"width: 14.2857%; text-align: center; height: 24px;\"><strong>A\u00f1o 2022<\/strong><\/td>\n<td style=\"width: 14.2857%; text-align: center; height: 24px;\"><strong>A\u00f1o 2021<\/strong><\/td>\n<td style=\"width: 14.2857%; text-align: center; height: 24px;\"><strong>A\u00f1o 2020<\/strong><\/td>\n<td style=\"width: 14.2857%; text-align: center; height: 24px;\"><strong>A\u00f1o 2019<\/strong><\/td>\n<td style=\"width: 14.2857%; text-align: center; height: 24px;\"><strong>A\u00f1o 2018<\/strong><\/td>\n<\/tr>\n<tr style=\"height: 24px;\">\n<td style=\"width: 7.14285%; height: 48px;\" rowspan=\"2\"><strong>F\u00d3RMULA INHUMACI\u00d3N<\/strong><\/td>\n<td style=\"width: 7.14285%; height: 24px;\"><strong>Tradicional<\/strong><\/td>\n<td style=\"width: 14.2857%; height: 24px;\">90<\/td>\n<td style=\"width: 14.2857%; height: 24px;\">95<\/td>\n<td style=\"width: 14.2857%; height: 24px;\">73<\/td>\n<td style=\"width: 14.2857%; height: 24px;\">79<\/td>\n<td style=\"width: 14.2857%; height: 24px;\">97<\/td>\n<td style=\"width: 14.2857%; height: 24px;\">104<\/td>\n<\/tr>\n<tr style=\"height: 24px;\">\n<td style=\"width: 7.14285%; height: 24px;\"><strong>Cenizas<\/strong><\/td>\n<td style=\"width: 14.2857%; height: 24px;\">8<\/td>\n<td style=\"width: 14.2857%; height: 24px;\">10<\/td>\n<td style=\"width: 14.2857%; height: 24px;\">6<\/td>\n<td style=\"width: 14.2857%; height: 24px;\">10<\/td>\n<td style=\"width: 14.2857%; height: 24px;\">0<\/td>\n<td style=\"width: 14.2857%; height: 24px;\">7<\/td>\n<\/tr>\n<tr style=\"height: 24px;\">\n<td style=\"width: 7.14285%; height: 24px;\"><\/td>\n<td style=\"width: 7.14285%; height: 24px;\"><\/td>\n<td style=\"width: 14.2857%; height: 24px;\"><\/td>\n<td style=\"width: 14.2857%; height: 24px;\"><\/td>\n<td style=\"width: 14.2857%; height: 24px;\"><\/td>\n<td style=\"width: 14.2857%; height: 24px;\"><\/td>\n<td style=\"width: 14.2857%; height: 24px;\"><\/td>\n<td style=\"width: 14.2857%; height: 24px;\"><\/td>\n<\/tr>\n<tr>\n<td style=\"width: 7.14285%;\" rowspan=\"4\"><strong><br \/>\n<\/strong><strong>TIPOLOG\u00cdA DE ENTERRAMIENTO<\/strong><\/td>\n<td style=\"width: 7.14285%;\"><strong>Columbario<\/strong><\/td>\n<td style=\"width: 14.2857%;\">2<\/td>\n<td style=\"width: 14.2857%;\">2<\/td>\n<td style=\"width: 14.2857%;\">0<\/td>\n<td style=\"width: 14.2857%;\">9<\/td>\n<td style=\"width: 14.2857%;\">0<\/td>\n<td style=\"width: 14.2857%;\">1<\/td>\n<\/tr>\n<tr style=\"height: 26px;\">\n<td style=\"width: 7.14285%; height: 26px;\"><strong>Pante\u00f3n<\/strong><\/td>\n<td style=\"width: 14.2857%; height: 26px;\">1<\/td>\n<td style=\"width: 14.2857%; height: 26px;\">0<\/td>\n<td style=\"width: 14.2857%; height: 26px;\">0<\/td>\n<td style=\"width: 14.2857%; height: 26px;\">2<\/td>\n<td style=\"width: 14.2857%; height: 26px;\">2<\/td>\n<td style=\"width: 14.2857%; height: 26px;\">2<\/td>\n<\/tr>\n<tr style=\"height: 48px;\">\n<td style=\"width: 7.14285%; height: 48px;\"><strong>Fosa\/ Sepultura<\/strong><\/td>\n<td style=\"width: 14.2857%; height: 48px;\">8<\/td>\n<td style=\"width: 14.2857%; height: 48px;\">16<\/td>\n<td style=\"width: 14.2857%; height: 48px;\">14<\/td>\n<td style=\"width: 14.2857%; height: 48px;\">12<\/td>\n<td style=\"width: 14.2857%; height: 48px;\">15<\/td>\n<td style=\"width: 14.2857%; height: 48px;\">15<\/td>\n<\/tr>\n<tr style=\"height: 24px;\">\n<td style=\"width: 7.14285%; height: 24px;\"><strong>Nicho<\/strong><\/td>\n<td style=\"width: 14.2857%; height: 24px;\">87<\/td>\n<td style=\"width: 14.2857%; height: 24px;\">85<\/td>\n<td style=\"width: 14.2857%; height: 24px;\">65<\/td>\n<td style=\"width: 14.2857%; height: 24px;\">66<\/td>\n<td style=\"width: 14.2857%; height: 24px;\">80<\/td>\n<td style=\"width: 14.2857%; height: 24px;\">93<\/td>\n<\/tr>\n<tr style=\"height: 24px;\">\n<td style=\"width: 7.14285%; height: 24px;\"><\/td>\n<td style=\"width: 7.14285%; height: 24px;\"><strong>TOTALES<\/strong><\/td>\n<td style=\"width: 14.2857%; height: 24px;\">98<\/td>\n<td style=\"width: 14.2857%; height: 24px;\">105<\/td>\n<td style=\"width: 14.2857%; height: 24px;\">79<\/td>\n<td style=\"width: 14.2857%; height: 24px;\">89<\/td>\n<td style=\"width: 14.2857%; height: 24px;\">97<\/td>\n<td style=\"width: 14.2857%; height: 24px;\">111<\/td>\n<\/tr>\n<tr style=\"height: 24px;\">\n<td style=\"width: 7.14285%; height: 24px;\"><\/td>\n<td style=\"width: 7.14285%; height: 24px;\"><\/td>\n<td style=\"width: 14.2857%; height: 24px;\"><\/td>\n<td style=\"width: 14.2857%; height: 24px;\"><\/td>\n<td style=\"width: 14.2857%; height: 24px;\"><\/td>\n<td style=\"width: 14.2857%; height: 24px;\"><\/td>\n<td style=\"width: 14.2857%; height: 24px;\"><\/td>\n<td style=\"width: 14.2857%; height: 24px;\"><\/td>\n<\/tr>\n<tr style=\"height: 32px;\">\n<td style=\"width: 7.14285%; height: 56px;\" rowspan=\"2\"><strong>LOCALIZACI\u00d3N<\/strong><\/td>\n<td style=\"width: 7.14285%; height: 32px;\"><strong>Patio Antiguo<\/strong><\/td>\n<td style=\"width: 14.2857%; height: 32px;\">38<\/td>\n<td style=\"width: 14.2857%; height: 32px;\">38<\/td>\n<td style=\"width: 14.2857%; height: 32px;\">37<\/td>\n<td style=\"width: 14.2857%; height: 32px;\">34<\/td>\n<td style=\"width: 14.2857%; height: 32px;\">40<\/td>\n<td style=\"width: 14.2857%; height: 32px;\">56<\/td>\n<\/tr>\n<tr style=\"height: 24px;\">\n<td style=\"width: 7.14285%; height: 24px;\"><strong>Patio Nuevo<\/strong><\/td>\n<td style=\"width: 14.2857%; height: 24px;\">60<\/td>\n<td style=\"width: 14.2857%; height: 24px;\">67<\/td>\n<td style=\"width: 14.2857%; height: 24px;\">42<\/td>\n<td style=\"width: 14.2857%; height: 24px;\">55<\/td>\n<td style=\"width: 14.2857%; height: 24px;\">57<\/td>\n<td style=\"width: 14.2857%; height: 24px;\">55<\/td>\n<\/tr>\n<tr style=\"height: 24px;\">\n<td style=\"width: 7.14285%; height: 24px;\"><\/td>\n<td style=\"width: 7.14285%; height: 24px;\"><strong>TOTALES<\/strong><\/td>\n<td style=\"width: 14.2857%; height: 24px;\">98<\/td>\n<td style=\"width: 14.2857%; height: 24px;\">105<\/td>\n<td style=\"width: 14.2857%; height: 24px;\">79<\/td>\n<td style=\"width: 14.2857%; height: 24px;\">89<\/td>\n<td style=\"width: 14.2857%; height: 24px;\">97<\/td>\n<td style=\"width: 14.2857%; height: 24px;\">111<\/td>\n<\/tr>\n<\/tbody>\n<\/table>\n","protected":false},"excerpt":{"rendered":"<p>Esta ma\u00f1ana, el Alcalde Mois\u00e9s L\u00f3pez, y a su vez responsable del servicio de Cementerio, daba a conocer un resumen de la estad\u00edstica de gesti\u00f3n del a\u00f1o 2022 realizada por el Departamento de Cementerio, mostrando la comparativa que desde 2018 se viene haciendo p\u00fablica, momento en el cual la actual Ordenanza Reguladora del recinto establece &hellip;<\/p>\n","protected":false},"author":3,"featured_media":24560,"comment_status":"closed","ping_status":"open","sticky":false,"template":"","format":"standard","meta":{"ngg_post_thumbnail":0,"footnotes":""},"categories":[30],"tags":[],"class_list":["post-24559","post","type-post","status-publish","format-standard","has-post-thumbnail","hentry","category-cementerio"],"yoast_head":"<!-- This site is optimized with the Yoast SEO plugin v27.4 - https:\/\/yoast.com\/product\/yoast-seo-wordpress\/ -->\n<title>Descienden a 98 las inhumaciones en 2023, similar al a\u00f1o 2019 - MI Ayuntamiento de Caudete<\/title>\n<meta name=\"description\" content=\"P\u00e1gina Oficial del Ayuntamiento de Caudete (Albacete)\" \/>\n<meta name=\"robots\" content=\"index, follow, max-snippet:-1, max-image-preview:large, max-video-preview:-1\" \/>\n<link rel=\"canonical\" href=\"https:\/\/www.caudete.org\/ayuntamiento\/descienden-a-98-las-inhumaciones-en-2023-similar-al-ano-2019\/\" \/>\n<meta property=\"og:locale\" content=\"es_ES\" \/>\n<meta property=\"og:type\" content=\"article\" \/>\n<meta property=\"og:title\" content=\"Descienden a 98 las inhumaciones en 2023, similar al a\u00f1o 2019 - MI Ayuntamiento de Caudete\" \/>\n<meta property=\"og:description\" content=\"P\u00e1gina Oficial del Ayuntamiento de Caudete (Albacete)\" \/>\n<meta property=\"og:url\" content=\"https:\/\/www.caudete.org\/ayuntamiento\/descienden-a-98-las-inhumaciones-en-2023-similar-al-ano-2019\/\" \/>\n<meta property=\"og:site_name\" content=\"MI Ayuntamiento de Caudete\" \/>\n<meta property=\"article:publisher\" content=\"https:\/\/www.facebook.com\/ayuntamientocaudete\/\" \/>\n<meta property=\"article:published_time\" content=\"2024-03-11T10:11:44+00:00\" \/>\n<meta property=\"article:modified_time\" content=\"2024-03-11T10:12:42+00:00\" \/>\n<meta property=\"og:image\" content=\"https:\/\/www.caudete.org\/ayuntamiento\/wp-content\/uploads\/2024\/03\/IMG_20201028_095236.jpg\" \/>\n\t<meta property=\"og:image:width\" content=\"1800\" \/>\n\t<meta property=\"og:image:height\" content=\"1194\" \/>\n\t<meta property=\"og:image:type\" content=\"image\/jpeg\" \/>\n<meta name=\"author\" content=\"alcalde\" \/>\n<meta name=\"twitter:card\" content=\"summary_large_image\" \/>\n<meta name=\"twitter:label1\" content=\"Escrito por\" \/>\n\t<meta name=\"twitter:data1\" content=\"alcalde\" \/>\n\t<meta name=\"twitter:label2\" content=\"Tiempo de lectura\" \/>\n\t<meta name=\"twitter:data2\" content=\"2 minutos\" \/>\n<script type=\"application\/ld+json\" class=\"yoast-schema-graph\">{\"@context\":\"https:\\\/\\\/schema.org\",\"@graph\":[{\"@type\":\"Article\",\"@id\":\"https:\\\/\\\/www.caudete.org\\\/ayuntamiento\\\/descienden-a-98-las-inhumaciones-en-2023-similar-al-ano-2019\\\/#article\",\"isPartOf\":{\"@id\":\"https:\\\/\\\/www.caudete.org\\\/ayuntamiento\\\/descienden-a-98-las-inhumaciones-en-2023-similar-al-ano-2019\\\/\"},\"author\":{\"name\":\"alcalde\",\"@id\":\"https:\\\/\\\/www.caudete.org\\\/ayuntamiento\\\/#\\\/schema\\\/person\\\/cc646da9133078ee4d8dd47457947253\"},\"headline\":\"Descienden a 98 las inhumaciones en 2023, similar al a\u00f1o 2019\",\"datePublished\":\"2024-03-11T10:11:44+00:00\",\"dateModified\":\"2024-03-11T10:12:42+00:00\",\"mainEntityOfPage\":{\"@id\":\"https:\\\/\\\/www.caudete.org\\\/ayuntamiento\\\/descienden-a-98-las-inhumaciones-en-2023-similar-al-ano-2019\\\/\"},\"wordCount\":202,\"publisher\":{\"@id\":\"https:\\\/\\\/www.caudete.org\\\/ayuntamiento\\\/#organization\"},\"image\":{\"@id\":\"https:\\\/\\\/www.caudete.org\\\/ayuntamiento\\\/descienden-a-98-las-inhumaciones-en-2023-similar-al-ano-2019\\\/#primaryimage\"},\"thumbnailUrl\":\"https:\\\/\\\/www.caudete.org\\\/ayuntamiento\\\/wp-content\\\/uploads\\\/2024\\\/03\\\/IMG_20201028_095236.jpg\",\"articleSection\":[\"Cementerio\"],\"inLanguage\":\"es\"},{\"@type\":\"WebPage\",\"@id\":\"https:\\\/\\\/www.caudete.org\\\/ayuntamiento\\\/descienden-a-98-las-inhumaciones-en-2023-similar-al-ano-2019\\\/\",\"url\":\"https:\\\/\\\/www.caudete.org\\\/ayuntamiento\\\/descienden-a-98-las-inhumaciones-en-2023-similar-al-ano-2019\\\/\",\"name\":\"Descienden a 98 las inhumaciones en 2023, similar al a\u00f1o 2019 - MI Ayuntamiento de Caudete\",\"isPartOf\":{\"@id\":\"https:\\\/\\\/www.caudete.org\\\/ayuntamiento\\\/#website\"},\"primaryImageOfPage\":{\"@id\":\"https:\\\/\\\/www.caudete.org\\\/ayuntamiento\\\/descienden-a-98-las-inhumaciones-en-2023-similar-al-ano-2019\\\/#primaryimage\"},\"image\":{\"@id\":\"https:\\\/\\\/www.caudete.org\\\/ayuntamiento\\\/descienden-a-98-las-inhumaciones-en-2023-similar-al-ano-2019\\\/#primaryimage\"},\"thumbnailUrl\":\"https:\\\/\\\/www.caudete.org\\\/ayuntamiento\\\/wp-content\\\/uploads\\\/2024\\\/03\\\/IMG_20201028_095236.jpg\",\"datePublished\":\"2024-03-11T10:11:44+00:00\",\"dateModified\":\"2024-03-11T10:12:42+00:00\",\"description\":\"P\u00e1gina Oficial del Ayuntamiento de Caudete (Albacete)\",\"breadcrumb\":{\"@id\":\"https:\\\/\\\/www.caudete.org\\\/ayuntamiento\\\/descienden-a-98-las-inhumaciones-en-2023-similar-al-ano-2019\\\/#breadcrumb\"},\"inLanguage\":\"es\",\"potentialAction\":[{\"@type\":\"ReadAction\",\"target\":[\"https:\\\/\\\/www.caudete.org\\\/ayuntamiento\\\/descienden-a-98-las-inhumaciones-en-2023-similar-al-ano-2019\\\/\"]}]},{\"@type\":\"ImageObject\",\"inLanguage\":\"es\",\"@id\":\"https:\\\/\\\/www.caudete.org\\\/ayuntamiento\\\/descienden-a-98-las-inhumaciones-en-2023-similar-al-ano-2019\\\/#primaryimage\",\"url\":\"https:\\\/\\\/www.caudete.org\\\/ayuntamiento\\\/wp-content\\\/uploads\\\/2024\\\/03\\\/IMG_20201028_095236.jpg\",\"contentUrl\":\"https:\\\/\\\/www.caudete.org\\\/ayuntamiento\\\/wp-content\\\/uploads\\\/2024\\\/03\\\/IMG_20201028_095236.jpg\",\"width\":1800,\"height\":1194},{\"@type\":\"BreadcrumbList\",\"@id\":\"https:\\\/\\\/www.caudete.org\\\/ayuntamiento\\\/descienden-a-98-las-inhumaciones-en-2023-similar-al-ano-2019\\\/#breadcrumb\",\"itemListElement\":[{\"@type\":\"ListItem\",\"position\":1,\"name\":\"Inicio\",\"item\":\"https:\\\/\\\/www.caudete.org\\\/ayuntamiento\\\/\"},{\"@type\":\"ListItem\",\"position\":2,\"name\":\"Descienden a 98 las inhumaciones en 2023, similar al a\u00f1o 2019\"}]},{\"@type\":\"WebSite\",\"@id\":\"https:\\\/\\\/www.caudete.org\\\/ayuntamiento\\\/#website\",\"url\":\"https:\\\/\\\/www.caudete.org\\\/ayuntamiento\\\/\",\"name\":\"MI Ayuntamiento de Caudete\",\"description\":\"P\u00e1gina Oficial del MI Ayuntamiento de Caudete\",\"publisher\":{\"@id\":\"https:\\\/\\\/www.caudete.org\\\/ayuntamiento\\\/#organization\"},\"potentialAction\":[{\"@type\":\"SearchAction\",\"target\":{\"@type\":\"EntryPoint\",\"urlTemplate\":\"https:\\\/\\\/www.caudete.org\\\/ayuntamiento\\\/?s={search_term_string}\"},\"query-input\":{\"@type\":\"PropertyValueSpecification\",\"valueRequired\":true,\"valueName\":\"search_term_string\"}}],\"inLanguage\":\"es\"},{\"@type\":\"Organization\",\"@id\":\"https:\\\/\\\/www.caudete.org\\\/ayuntamiento\\\/#organization\",\"name\":\"Ayuntamiento de Caudete\",\"url\":\"https:\\\/\\\/www.caudete.org\\\/ayuntamiento\\\/\",\"logo\":{\"@type\":\"ImageObject\",\"inLanguage\":\"es\",\"@id\":\"https:\\\/\\\/www.caudete.org\\\/ayuntamiento\\\/#\\\/schema\\\/logo\\\/image\\\/\",\"url\":\"https:\\\/\\\/www.caudete.org\\\/ayuntamiento\\\/wp-content\\\/uploads\\\/2020\\\/11\\\/logo_ayuntamiento_caudete.jpg\",\"contentUrl\":\"https:\\\/\\\/www.caudete.org\\\/ayuntamiento\\\/wp-content\\\/uploads\\\/2020\\\/11\\\/logo_ayuntamiento_caudete.jpg\",\"width\":600,\"height\":150,\"caption\":\"Ayuntamiento de Caudete\"},\"image\":{\"@id\":\"https:\\\/\\\/www.caudete.org\\\/ayuntamiento\\\/#\\\/schema\\\/logo\\\/image\\\/\"},\"sameAs\":[\"https:\\\/\\\/www.facebook.com\\\/ayuntamientocaudete\\\/\",\"https:\\\/\\\/www.youtube.com\\\/channel\\\/UC6VztHaooNsGpw-tNoBEFnQ\"]},{\"@type\":\"Person\",\"@id\":\"https:\\\/\\\/www.caudete.org\\\/ayuntamiento\\\/#\\\/schema\\\/person\\\/cc646da9133078ee4d8dd47457947253\",\"name\":\"alcalde\",\"image\":{\"@type\":\"ImageObject\",\"inLanguage\":\"es\",\"@id\":\"https:\\\/\\\/secure.gravatar.com\\\/avatar\\\/84a817ba065b29ff08d666b215a215f5c79186a645ccb25b14a663d48a130f77?s=96&d=mm&r=g\",\"url\":\"https:\\\/\\\/secure.gravatar.com\\\/avatar\\\/84a817ba065b29ff08d666b215a215f5c79186a645ccb25b14a663d48a130f77?s=96&d=mm&r=g\",\"contentUrl\":\"https:\\\/\\\/secure.gravatar.com\\\/avatar\\\/84a817ba065b29ff08d666b215a215f5c79186a645ccb25b14a663d48a130f77?s=96&d=mm&r=g\",\"caption\":\"alcalde\"},\"url\":\"https:\\\/\\\/www.caudete.org\\\/ayuntamiento\\\/author\\\/alcalde\\\/\"}]}<\/script>\n<!-- \/ Yoast SEO plugin. -->","yoast_head_json":{"title":"Descienden a 98 las inhumaciones en 2023, similar al a\u00f1o 2019 - MI Ayuntamiento de Caudete","description":"P\u00e1gina Oficial del Ayuntamiento de Caudete (Albacete)","robots":{"index":"index","follow":"follow","max-snippet":"max-snippet:-1","max-image-preview":"max-image-preview:large","max-video-preview":"max-video-preview:-1"},"canonical":"https:\/\/www.caudete.org\/ayuntamiento\/descienden-a-98-las-inhumaciones-en-2023-similar-al-ano-2019\/","og_locale":"es_ES","og_type":"article","og_title":"Descienden a 98 las inhumaciones en 2023, similar al a\u00f1o 2019 - MI Ayuntamiento de Caudete","og_description":"P\u00e1gina Oficial del Ayuntamiento de Caudete (Albacete)","og_url":"https:\/\/www.caudete.org\/ayuntamiento\/descienden-a-98-las-inhumaciones-en-2023-similar-al-ano-2019\/","og_site_name":"MI Ayuntamiento de Caudete","article_publisher":"https:\/\/www.facebook.com\/ayuntamientocaudete\/","article_published_time":"2024-03-11T10:11:44+00:00","article_modified_time":"2024-03-11T10:12:42+00:00","og_image":[{"width":1800,"height":1194,"url":"https:\/\/www.caudete.org\/ayuntamiento\/wp-content\/uploads\/2024\/03\/IMG_20201028_095236.jpg","type":"image\/jpeg"}],"author":"alcalde","twitter_card":"summary_large_image","twitter_misc":{"Escrito por":"alcalde","Tiempo de lectura":"2 minutos"},"schema":{"@context":"https:\/\/schema.org","@graph":[{"@type":"Article","@id":"https:\/\/www.caudete.org\/ayuntamiento\/descienden-a-98-las-inhumaciones-en-2023-similar-al-ano-2019\/#article","isPartOf":{"@id":"https:\/\/www.caudete.org\/ayuntamiento\/descienden-a-98-las-inhumaciones-en-2023-similar-al-ano-2019\/"},"author":{"name":"alcalde","@id":"https:\/\/www.caudete.org\/ayuntamiento\/#\/schema\/person\/cc646da9133078ee4d8dd47457947253"},"headline":"Descienden a 98 las inhumaciones en 2023, similar al a\u00f1o 2019","datePublished":"2024-03-11T10:11:44+00:00","dateModified":"2024-03-11T10:12:42+00:00","mainEntityOfPage":{"@id":"https:\/\/www.caudete.org\/ayuntamiento\/descienden-a-98-las-inhumaciones-en-2023-similar-al-ano-2019\/"},"wordCount":202,"publisher":{"@id":"https:\/\/www.caudete.org\/ayuntamiento\/#organization"},"image":{"@id":"https:\/\/www.caudete.org\/ayuntamiento\/descienden-a-98-las-inhumaciones-en-2023-similar-al-ano-2019\/#primaryimage"},"thumbnailUrl":"https:\/\/www.caudete.org\/ayuntamiento\/wp-content\/uploads\/2024\/03\/IMG_20201028_095236.jpg","articleSection":["Cementerio"],"inLanguage":"es"},{"@type":"WebPage","@id":"https:\/\/www.caudete.org\/ayuntamiento\/descienden-a-98-las-inhumaciones-en-2023-similar-al-ano-2019\/","url":"https:\/\/www.caudete.org\/ayuntamiento\/descienden-a-98-las-inhumaciones-en-2023-similar-al-ano-2019\/","name":"Descienden a 98 las inhumaciones en 2023, similar al a\u00f1o 2019 - MI Ayuntamiento de Caudete","isPartOf":{"@id":"https:\/\/www.caudete.org\/ayuntamiento\/#website"},"primaryImageOfPage":{"@id":"https:\/\/www.caudete.org\/ayuntamiento\/descienden-a-98-las-inhumaciones-en-2023-similar-al-ano-2019\/#primaryimage"},"image":{"@id":"https:\/\/www.caudete.org\/ayuntamiento\/descienden-a-98-las-inhumaciones-en-2023-similar-al-ano-2019\/#primaryimage"},"thumbnailUrl":"https:\/\/www.caudete.org\/ayuntamiento\/wp-content\/uploads\/2024\/03\/IMG_20201028_095236.jpg","datePublished":"2024-03-11T10:11:44+00:00","dateModified":"2024-03-11T10:12:42+00:00","description":"P\u00e1gina Oficial del Ayuntamiento de Caudete (Albacete)","breadcrumb":{"@id":"https:\/\/www.caudete.org\/ayuntamiento\/descienden-a-98-las-inhumaciones-en-2023-similar-al-ano-2019\/#breadcrumb"},"inLanguage":"es","potentialAction":[{"@type":"ReadAction","target":["https:\/\/www.caudete.org\/ayuntamiento\/descienden-a-98-las-inhumaciones-en-2023-similar-al-ano-2019\/"]}]},{"@type":"ImageObject","inLanguage":"es","@id":"https:\/\/www.caudete.org\/ayuntamiento\/descienden-a-98-las-inhumaciones-en-2023-similar-al-ano-2019\/#primaryimage","url":"https:\/\/www.caudete.org\/ayuntamiento\/wp-content\/uploads\/2024\/03\/IMG_20201028_095236.jpg","contentUrl":"https:\/\/www.caudete.org\/ayuntamiento\/wp-content\/uploads\/2024\/03\/IMG_20201028_095236.jpg","width":1800,"height":1194},{"@type":"BreadcrumbList","@id":"https:\/\/www.caudete.org\/ayuntamiento\/descienden-a-98-las-inhumaciones-en-2023-similar-al-ano-2019\/#breadcrumb","itemListElement":[{"@type":"ListItem","position":1,"name":"Inicio","item":"https:\/\/www.caudete.org\/ayuntamiento\/"},{"@type":"ListItem","position":2,"name":"Descienden a 98 las inhumaciones en 2023, similar al a\u00f1o 2019"}]},{"@type":"WebSite","@id":"https:\/\/www.caudete.org\/ayuntamiento\/#website","url":"https:\/\/www.caudete.org\/ayuntamiento\/","name":"MI Ayuntamiento de Caudete","description":"P\u00e1gina Oficial del MI Ayuntamiento de Caudete","publisher":{"@id":"https:\/\/www.caudete.org\/ayuntamiento\/#organization"},"potentialAction":[{"@type":"SearchAction","target":{"@type":"EntryPoint","urlTemplate":"https:\/\/www.caudete.org\/ayuntamiento\/?s={search_term_string}"},"query-input":{"@type":"PropertyValueSpecification","valueRequired":true,"valueName":"search_term_string"}}],"inLanguage":"es"},{"@type":"Organization","@id":"https:\/\/www.caudete.org\/ayuntamiento\/#organization","name":"Ayuntamiento de Caudete","url":"https:\/\/www.caudete.org\/ayuntamiento\/","logo":{"@type":"ImageObject","inLanguage":"es","@id":"https:\/\/www.caudete.org\/ayuntamiento\/#\/schema\/logo\/image\/","url":"https:\/\/www.caudete.org\/ayuntamiento\/wp-content\/uploads\/2020\/11\/logo_ayuntamiento_caudete.jpg","contentUrl":"https:\/\/www.caudete.org\/ayuntamiento\/wp-content\/uploads\/2020\/11\/logo_ayuntamiento_caudete.jpg","width":600,"height":150,"caption":"Ayuntamiento de Caudete"},"image":{"@id":"https:\/\/www.caudete.org\/ayuntamiento\/#\/schema\/logo\/image\/"},"sameAs":["https:\/\/www.facebook.com\/ayuntamientocaudete\/","https:\/\/www.youtube.com\/channel\/UC6VztHaooNsGpw-tNoBEFnQ"]},{"@type":"Person","@id":"https:\/\/www.caudete.org\/ayuntamiento\/#\/schema\/person\/cc646da9133078ee4d8dd47457947253","name":"alcalde","image":{"@type":"ImageObject","inLanguage":"es","@id":"https:\/\/secure.gravatar.com\/avatar\/84a817ba065b29ff08d666b215a215f5c79186a645ccb25b14a663d48a130f77?s=96&d=mm&r=g","url":"https:\/\/secure.gravatar.com\/avatar\/84a817ba065b29ff08d666b215a215f5c79186a645ccb25b14a663d48a130f77?s=96&d=mm&r=g","contentUrl":"https:\/\/secure.gravatar.com\/avatar\/84a817ba065b29ff08d666b215a215f5c79186a645ccb25b14a663d48a130f77?s=96&d=mm&r=g","caption":"alcalde"},"url":"https:\/\/www.caudete.org\/ayuntamiento\/author\/alcalde\/"}]}},"_links":{"self":[{"href":"https:\/\/www.caudete.org\/ayuntamiento\/wp-json\/wp\/v2\/posts\/24559","targetHints":{"allow":["GET"]}}],"collection":[{"href":"https:\/\/www.caudete.org\/ayuntamiento\/wp-json\/wp\/v2\/posts"}],"about":[{"href":"https:\/\/www.caudete.org\/ayuntamiento\/wp-json\/wp\/v2\/types\/post"}],"author":[{"embeddable":true,"href":"https:\/\/www.caudete.org\/ayuntamiento\/wp-json\/wp\/v2\/users\/3"}],"replies":[{"embeddable":true,"href":"https:\/\/www.caudete.org\/ayuntamiento\/wp-json\/wp\/v2\/comments?post=24559"}],"version-history":[{"count":1,"href":"https:\/\/www.caudete.org\/ayuntamiento\/wp-json\/wp\/v2\/posts\/24559\/revisions"}],"predecessor-version":[{"id":24561,"href":"https:\/\/www.caudete.org\/ayuntamiento\/wp-json\/wp\/v2\/posts\/24559\/revisions\/24561"}],"wp:featuredmedia":[{"embeddable":true,"href":"https:\/\/www.caudete.org\/ayuntamiento\/wp-json\/wp\/v2\/media\/24560"}],"wp:attachment":[{"href":"https:\/\/www.caudete.org\/ayuntamiento\/wp-json\/wp\/v2\/media?parent=24559"}],"wp:term":[{"taxonomy":"category","embeddable":true,"href":"https:\/\/www.caudete.org\/ayuntamiento\/wp-json\/wp\/v2\/categories?post=24559"},{"taxonomy":"post_tag","embeddable":true,"href":"https:\/\/www.caudete.org\/ayuntamiento\/wp-json\/wp\/v2\/tags?post=24559"}],"curies":[{"name":"wp","href":"https:\/\/api.w.org\/{rel}","templated":true}]}}