{"id":24578,"date":"2024-03-13T10:51:09","date_gmt":"2024-03-13T09:51:09","guid":{"rendered":"https:\/\/www.caudete.org\/ayuntamiento\/?p=24578"},"modified":"2024-03-12T19:52:00","modified_gmt":"2024-03-12T18:52:00","slug":"mas-de-800-personas-usan-en-2023-el-albergue-de-la-toconera-ocupando-el-95-de-su-disponibilidad","status":"publish","type":"post","link":"https:\/\/www.caudete.org\/ayuntamiento\/mas-de-800-personas-usan-en-2023-el-albergue-de-la-toconera-ocupando-el-95-de-su-disponibilidad\/","title":{"rendered":"M\u00e1s de 800 personas usan en 2023 el Albergue de La Toconera, ocupando el 95% de su disponibilidad"},"content":{"rendered":"<p>&nbsp;<\/p>\n<p style=\"text-align: justify;\">Diego Cuenca, Concejal de Turismo ha informado sobre la excelente acogida que han tenido los Albergues Rurales entre los caudetanos en 2023.<\/p>\n<p style=\"text-align: justify;\">Los Albergues municipales de El Granillo y La Toconera abrieron sus puertas en junio de 2022, tras un proceso de remodelaci\u00f3n y acondicionamiento. Estos espacios han ido incrementando el n\u00famero de reservas r\u00e1pidamente, a cuenta de las excelentes condiciones que ofrecen.<\/p>\n<p style=\"text-align: justify;\">Particularmente, recordemos que el Albergue de La Toconera cuenta con habitaci\u00f3n de 8 literas para pernoctar, un comedor con espacio para 18 personas, 2 ba\u00f1os, agua corriente, electricidad, cocina, frigor\u00edfico, estufa y horno\/barbacoa de le\u00f1a en su interior, con comedor de obra cubierto tambi\u00e9n en su exterior. A ello unimos su excepcional ubicaci\u00f3n, en pleno paraje de La Toconera, con estupendas condiciones para la pr\u00e1ctica del senderismo y el cicloturismo.<\/p>\n<p style=\"text-align: justify;\">En el a\u00f1o 2023, el Calendario de Uso de Albergues contempl\u00f3 47 semanas de disponibilidad, dado que se excluye las Pascuas, fiestas de Moros y Cristianos y d\u00edas de Navidad. Para esas 47 semanas, el albergue recibi\u00f3 <b>45 solicitudes de reserva<\/b>, lo que supone un 95% de ocupaci\u00f3n respecto del calendario de disponibilidad, reservas mayoritariamente en fin de semana, siendo ocupado por en torno a <b>800 personas<\/b> a largo del 2023.<\/p>\n<p style=\"text-align: justify;\">Los \u00edndices de ocupaci\u00f3n en 2023, como vemos, han sido particularmente altos, siendo previsible que esta din\u00e1mica sea constante en a\u00f1os pr\u00f3ximos. Estas cifran dan fe de la muy buena acogida que esta instalaci\u00f3n ha tenido entre la poblaci\u00f3n, que destaca las excelentes condiciones del espacio en cuanto a su amplio equipamiento y buen estado.<\/p>\n<p style=\"text-align: justify;\">Sobre el perfil de los usuarios, esto son mayoritariamente grupos de amigos y familiares, si bien tambi\u00e9n han disfrutado del albergue varias asociaciones y colegios.<\/p>\n<p style=\"text-align: justify;\">Por otra parte, el albergue municipal de El Granillo, m\u00e1s sencillo en cuanto al equipamiento, ofrece, en contraprestaci\u00f3n una ubicaci\u00f3n excepcional, entre cerro Revolcador y Sierra Oliva, en un espacio arbolado de gran belleza y valor ambiental. Cuenta con un espacio di\u00e1fano de comedor y chimenea, y un espacio exterior de comedor orientado al mediod\u00eda, particularmente atractivo en primavera, verano y oto\u00f1o.<\/p>\n","protected":false},"excerpt":{"rendered":"<p>&nbsp; Diego Cuenca, Concejal de Turismo ha informado sobre la excelente acogida que han tenido los Albergues Rurales entre los caudetanos en 2023. Los Albergues municipales de El Granillo y La Toconera abrieron sus puertas en junio de 2022, tras un proceso de remodelaci\u00f3n y acondicionamiento. Estos espacios han ido incrementando el n\u00famero de reservas &hellip;<\/p>\n","protected":false},"author":3,"featured_media":18521,"comment_status":"closed","ping_status":"open","sticky":false,"template":"","format":"standard","meta":{"ngg_post_thumbnail":0,"footnotes":""},"categories":[43],"tags":[],"class_list":["post-24578","post","type-post","status-publish","format-standard","has-post-thumbnail","hentry","category-turismo"],"yoast_head":"<!-- This site is optimized with the Yoast SEO plugin v27.5 - https:\/\/yoast.com\/product\/yoast-seo-wordpress\/ -->\n<title>M\u00e1s de 800 personas usan en 2023 el Albergue de La Toconera, ocupando el 95% de su disponibilidad - MI Ayuntamiento de Caudete<\/title>\n<meta name=\"description\" content=\"P\u00e1gina Oficial del Ayuntamiento de Caudete (Albacete)\" \/>\n<meta name=\"robots\" content=\"index, follow, max-snippet:-1, max-image-preview:large, max-video-preview:-1\" \/>\n<link rel=\"canonical\" href=\"https:\/\/www.caudete.org\/ayuntamiento\/mas-de-800-personas-usan-en-2023-el-albergue-de-la-toconera-ocupando-el-95-de-su-disponibilidad\/\" \/>\n<meta property=\"og:locale\" content=\"es_ES\" \/>\n<meta property=\"og:type\" content=\"article\" \/>\n<meta property=\"og:title\" content=\"M\u00e1s de 800 personas usan en 2023 el Albergue de La Toconera, ocupando el 95% de su disponibilidad - MI Ayuntamiento de Caudete\" \/>\n<meta property=\"og:description\" content=\"P\u00e1gina Oficial del Ayuntamiento de Caudete (Albacete)\" \/>\n<meta property=\"og:url\" content=\"https:\/\/www.caudete.org\/ayuntamiento\/mas-de-800-personas-usan-en-2023-el-albergue-de-la-toconera-ocupando-el-95-de-su-disponibilidad\/\" \/>\n<meta property=\"og:site_name\" content=\"MI Ayuntamiento de Caudete\" \/>\n<meta property=\"article:publisher\" content=\"https:\/\/www.facebook.com\/ayuntamientocaudete\/\" \/>\n<meta property=\"article:published_time\" content=\"2024-03-13T09:51:09+00:00\" \/>\n<meta property=\"og:image\" content=\"https:\/\/www.caudete.org\/ayuntamiento\/wp-content\/uploads\/2022\/03\/IMG_20220226_125455-scaled.jpg\" \/>\n\t<meta property=\"og:image:width\" content=\"2560\" \/>\n\t<meta property=\"og:image:height\" content=\"1920\" \/>\n\t<meta property=\"og:image:type\" content=\"image\/jpeg\" \/>\n<meta name=\"author\" content=\"alcalde\" \/>\n<meta name=\"twitter:card\" content=\"summary_large_image\" \/>\n<meta name=\"twitter:label1\" content=\"Escrito por\" \/>\n\t<meta name=\"twitter:data1\" content=\"alcalde\" \/>\n\t<meta name=\"twitter:label2\" content=\"Tiempo de lectura\" \/>\n\t<meta name=\"twitter:data2\" content=\"2 minutos\" \/>\n<script type=\"application\/ld+json\" class=\"yoast-schema-graph\">{\"@context\":\"https:\\\/\\\/schema.org\",\"@graph\":[{\"@type\":\"Article\",\"@id\":\"https:\\\/\\\/www.caudete.org\\\/ayuntamiento\\\/mas-de-800-personas-usan-en-2023-el-albergue-de-la-toconera-ocupando-el-95-de-su-disponibilidad\\\/#article\",\"isPartOf\":{\"@id\":\"https:\\\/\\\/www.caudete.org\\\/ayuntamiento\\\/mas-de-800-personas-usan-en-2023-el-albergue-de-la-toconera-ocupando-el-95-de-su-disponibilidad\\\/\"},\"author\":{\"name\":\"alcalde\",\"@id\":\"https:\\\/\\\/www.caudete.org\\\/ayuntamiento\\\/#\\\/schema\\\/person\\\/cc646da9133078ee4d8dd47457947253\"},\"headline\":\"M\u00e1s de 800 personas usan en 2023 el Albergue de La Toconera, ocupando el 95% de su disponibilidad\",\"datePublished\":\"2024-03-13T09:51:09+00:00\",\"mainEntityOfPage\":{\"@id\":\"https:\\\/\\\/www.caudete.org\\\/ayuntamiento\\\/mas-de-800-personas-usan-en-2023-el-albergue-de-la-toconera-ocupando-el-95-de-su-disponibilidad\\\/\"},\"wordCount\":377,\"image\":{\"@id\":\"https:\\\/\\\/www.caudete.org\\\/ayuntamiento\\\/mas-de-800-personas-usan-en-2023-el-albergue-de-la-toconera-ocupando-el-95-de-su-disponibilidad\\\/#primaryimage\"},\"thumbnailUrl\":\"https:\\\/\\\/www.caudete.org\\\/ayuntamiento\\\/wp-content\\\/uploads\\\/2022\\\/03\\\/IMG_20220226_125455-scaled.jpg\",\"articleSection\":[\"Turismo\"],\"inLanguage\":\"es\"},{\"@type\":\"WebPage\",\"@id\":\"https:\\\/\\\/www.caudete.org\\\/ayuntamiento\\\/mas-de-800-personas-usan-en-2023-el-albergue-de-la-toconera-ocupando-el-95-de-su-disponibilidad\\\/\",\"url\":\"https:\\\/\\\/www.caudete.org\\\/ayuntamiento\\\/mas-de-800-personas-usan-en-2023-el-albergue-de-la-toconera-ocupando-el-95-de-su-disponibilidad\\\/\",\"name\":\"M\u00e1s de 800 personas usan en 2023 el Albergue de La Toconera, ocupando el 95% de su disponibilidad - MI Ayuntamiento de Caudete\",\"isPartOf\":{\"@id\":\"https:\\\/\\\/www.caudete.org\\\/ayuntamiento\\\/#website\"},\"primaryImageOfPage\":{\"@id\":\"https:\\\/\\\/www.caudete.org\\\/ayuntamiento\\\/mas-de-800-personas-usan-en-2023-el-albergue-de-la-toconera-ocupando-el-95-de-su-disponibilidad\\\/#primaryimage\"},\"image\":{\"@id\":\"https:\\\/\\\/www.caudete.org\\\/ayuntamiento\\\/mas-de-800-personas-usan-en-2023-el-albergue-de-la-toconera-ocupando-el-95-de-su-disponibilidad\\\/#primaryimage\"},\"thumbnailUrl\":\"https:\\\/\\\/www.caudete.org\\\/ayuntamiento\\\/wp-content\\\/uploads\\\/2022\\\/03\\\/IMG_20220226_125455-scaled.jpg\",\"datePublished\":\"2024-03-13T09:51:09+00:00\",\"author\":{\"@id\":\"https:\\\/\\\/www.caudete.org\\\/ayuntamiento\\\/#\\\/schema\\\/person\\\/cc646da9133078ee4d8dd47457947253\"},\"description\":\"P\u00e1gina Oficial del Ayuntamiento de Caudete (Albacete)\",\"breadcrumb\":{\"@id\":\"https:\\\/\\\/www.caudete.org\\\/ayuntamiento\\\/mas-de-800-personas-usan-en-2023-el-albergue-de-la-toconera-ocupando-el-95-de-su-disponibilidad\\\/#breadcrumb\"},\"inLanguage\":\"es\",\"potentialAction\":[{\"@type\":\"ReadAction\",\"target\":[\"https:\\\/\\\/www.caudete.org\\\/ayuntamiento\\\/mas-de-800-personas-usan-en-2023-el-albergue-de-la-toconera-ocupando-el-95-de-su-disponibilidad\\\/\"]}]},{\"@type\":\"ImageObject\",\"inLanguage\":\"es\",\"@id\":\"https:\\\/\\\/www.caudete.org\\\/ayuntamiento\\\/mas-de-800-personas-usan-en-2023-el-albergue-de-la-toconera-ocupando-el-95-de-su-disponibilidad\\\/#primaryimage\",\"url\":\"https:\\\/\\\/www.caudete.org\\\/ayuntamiento\\\/wp-content\\\/uploads\\\/2022\\\/03\\\/IMG_20220226_125455-scaled.jpg\",\"contentUrl\":\"https:\\\/\\\/www.caudete.org\\\/ayuntamiento\\\/wp-content\\\/uploads\\\/2022\\\/03\\\/IMG_20220226_125455-scaled.jpg\",\"width\":2560,\"height\":1920},{\"@type\":\"BreadcrumbList\",\"@id\":\"https:\\\/\\\/www.caudete.org\\\/ayuntamiento\\\/mas-de-800-personas-usan-en-2023-el-albergue-de-la-toconera-ocupando-el-95-de-su-disponibilidad\\\/#breadcrumb\",\"itemListElement\":[{\"@type\":\"ListItem\",\"position\":1,\"name\":\"Inicio\",\"item\":\"https:\\\/\\\/www.caudete.org\\\/ayuntamiento\\\/\"},{\"@type\":\"ListItem\",\"position\":2,\"name\":\"M\u00e1s de 800 personas usan en 2023 el Albergue de La Toconera, ocupando el 95% de su disponibilidad\"}]},{\"@type\":\"WebSite\",\"@id\":\"https:\\\/\\\/www.caudete.org\\\/ayuntamiento\\\/#website\",\"url\":\"https:\\\/\\\/www.caudete.org\\\/ayuntamiento\\\/\",\"name\":\"MI Ayuntamiento de Caudete\",\"description\":\"P\u00e1gina Oficial del MI Ayuntamiento de Caudete\",\"potentialAction\":[{\"@type\":\"SearchAction\",\"target\":{\"@type\":\"EntryPoint\",\"urlTemplate\":\"https:\\\/\\\/www.caudete.org\\\/ayuntamiento\\\/?s={search_term_string}\"},\"query-input\":{\"@type\":\"PropertyValueSpecification\",\"valueRequired\":true,\"valueName\":\"search_term_string\"}}],\"inLanguage\":\"es\"},{\"@type\":\"Person\",\"@id\":\"https:\\\/\\\/www.caudete.org\\\/ayuntamiento\\\/#\\\/schema\\\/person\\\/cc646da9133078ee4d8dd47457947253\",\"name\":\"alcalde\",\"image\":{\"@type\":\"ImageObject\",\"inLanguage\":\"es\",\"@id\":\"https:\\\/\\\/secure.gravatar.com\\\/avatar\\\/84a817ba065b29ff08d666b215a215f5c79186a645ccb25b14a663d48a130f77?s=96&d=mm&r=g\",\"url\":\"https:\\\/\\\/secure.gravatar.com\\\/avatar\\\/84a817ba065b29ff08d666b215a215f5c79186a645ccb25b14a663d48a130f77?s=96&d=mm&r=g\",\"contentUrl\":\"https:\\\/\\\/secure.gravatar.com\\\/avatar\\\/84a817ba065b29ff08d666b215a215f5c79186a645ccb25b14a663d48a130f77?s=96&d=mm&r=g\",\"caption\":\"alcalde\"},\"url\":\"https:\\\/\\\/www.caudete.org\\\/ayuntamiento\\\/author\\\/alcalde\\\/\"}]}<\/script>\n<!-- \/ Yoast SEO plugin. -->","yoast_head_json":{"title":"M\u00e1s de 800 personas usan en 2023 el Albergue de La Toconera, ocupando el 95% de su disponibilidad - MI Ayuntamiento de Caudete","description":"P\u00e1gina Oficial del Ayuntamiento de Caudete (Albacete)","robots":{"index":"index","follow":"follow","max-snippet":"max-snippet:-1","max-image-preview":"max-image-preview:large","max-video-preview":"max-video-preview:-1"},"canonical":"https:\/\/www.caudete.org\/ayuntamiento\/mas-de-800-personas-usan-en-2023-el-albergue-de-la-toconera-ocupando-el-95-de-su-disponibilidad\/","og_locale":"es_ES","og_type":"article","og_title":"M\u00e1s de 800 personas usan en 2023 el Albergue de La Toconera, ocupando el 95% de su disponibilidad - MI Ayuntamiento de Caudete","og_description":"P\u00e1gina Oficial del Ayuntamiento de Caudete (Albacete)","og_url":"https:\/\/www.caudete.org\/ayuntamiento\/mas-de-800-personas-usan-en-2023-el-albergue-de-la-toconera-ocupando-el-95-de-su-disponibilidad\/","og_site_name":"MI Ayuntamiento de Caudete","article_publisher":"https:\/\/www.facebook.com\/ayuntamientocaudete\/","article_published_time":"2024-03-13T09:51:09+00:00","og_image":[{"width":2560,"height":1920,"url":"https:\/\/www.caudete.org\/ayuntamiento\/wp-content\/uploads\/2022\/03\/IMG_20220226_125455-scaled.jpg","type":"image\/jpeg"}],"author":"alcalde","twitter_card":"summary_large_image","twitter_misc":{"Escrito por":"alcalde","Tiempo de lectura":"2 minutos"},"schema":{"@context":"https:\/\/schema.org","@graph":[{"@type":"Article","@id":"https:\/\/www.caudete.org\/ayuntamiento\/mas-de-800-personas-usan-en-2023-el-albergue-de-la-toconera-ocupando-el-95-de-su-disponibilidad\/#article","isPartOf":{"@id":"https:\/\/www.caudete.org\/ayuntamiento\/mas-de-800-personas-usan-en-2023-el-albergue-de-la-toconera-ocupando-el-95-de-su-disponibilidad\/"},"author":{"name":"alcalde","@id":"https:\/\/www.caudete.org\/ayuntamiento\/#\/schema\/person\/cc646da9133078ee4d8dd47457947253"},"headline":"M\u00e1s de 800 personas usan en 2023 el Albergue de La Toconera, ocupando el 95% de su disponibilidad","datePublished":"2024-03-13T09:51:09+00:00","mainEntityOfPage":{"@id":"https:\/\/www.caudete.org\/ayuntamiento\/mas-de-800-personas-usan-en-2023-el-albergue-de-la-toconera-ocupando-el-95-de-su-disponibilidad\/"},"wordCount":377,"image":{"@id":"https:\/\/www.caudete.org\/ayuntamiento\/mas-de-800-personas-usan-en-2023-el-albergue-de-la-toconera-ocupando-el-95-de-su-disponibilidad\/#primaryimage"},"thumbnailUrl":"https:\/\/www.caudete.org\/ayuntamiento\/wp-content\/uploads\/2022\/03\/IMG_20220226_125455-scaled.jpg","articleSection":["Turismo"],"inLanguage":"es"},{"@type":"WebPage","@id":"https:\/\/www.caudete.org\/ayuntamiento\/mas-de-800-personas-usan-en-2023-el-albergue-de-la-toconera-ocupando-el-95-de-su-disponibilidad\/","url":"https:\/\/www.caudete.org\/ayuntamiento\/mas-de-800-personas-usan-en-2023-el-albergue-de-la-toconera-ocupando-el-95-de-su-disponibilidad\/","name":"M\u00e1s de 800 personas usan en 2023 el Albergue de La Toconera, ocupando el 95% de su disponibilidad - MI Ayuntamiento de Caudete","isPartOf":{"@id":"https:\/\/www.caudete.org\/ayuntamiento\/#website"},"primaryImageOfPage":{"@id":"https:\/\/www.caudete.org\/ayuntamiento\/mas-de-800-personas-usan-en-2023-el-albergue-de-la-toconera-ocupando-el-95-de-su-disponibilidad\/#primaryimage"},"image":{"@id":"https:\/\/www.caudete.org\/ayuntamiento\/mas-de-800-personas-usan-en-2023-el-albergue-de-la-toconera-ocupando-el-95-de-su-disponibilidad\/#primaryimage"},"thumbnailUrl":"https:\/\/www.caudete.org\/ayuntamiento\/wp-content\/uploads\/2022\/03\/IMG_20220226_125455-scaled.jpg","datePublished":"2024-03-13T09:51:09+00:00","author":{"@id":"https:\/\/www.caudete.org\/ayuntamiento\/#\/schema\/person\/cc646da9133078ee4d8dd47457947253"},"description":"P\u00e1gina Oficial del Ayuntamiento de Caudete (Albacete)","breadcrumb":{"@id":"https:\/\/www.caudete.org\/ayuntamiento\/mas-de-800-personas-usan-en-2023-el-albergue-de-la-toconera-ocupando-el-95-de-su-disponibilidad\/#breadcrumb"},"inLanguage":"es","potentialAction":[{"@type":"ReadAction","target":["https:\/\/www.caudete.org\/ayuntamiento\/mas-de-800-personas-usan-en-2023-el-albergue-de-la-toconera-ocupando-el-95-de-su-disponibilidad\/"]}]},{"@type":"ImageObject","inLanguage":"es","@id":"https:\/\/www.caudete.org\/ayuntamiento\/mas-de-800-personas-usan-en-2023-el-albergue-de-la-toconera-ocupando-el-95-de-su-disponibilidad\/#primaryimage","url":"https:\/\/www.caudete.org\/ayuntamiento\/wp-content\/uploads\/2022\/03\/IMG_20220226_125455-scaled.jpg","contentUrl":"https:\/\/www.caudete.org\/ayuntamiento\/wp-content\/uploads\/2022\/03\/IMG_20220226_125455-scaled.jpg","width":2560,"height":1920},{"@type":"BreadcrumbList","@id":"https:\/\/www.caudete.org\/ayuntamiento\/mas-de-800-personas-usan-en-2023-el-albergue-de-la-toconera-ocupando-el-95-de-su-disponibilidad\/#breadcrumb","itemListElement":[{"@type":"ListItem","position":1,"name":"Inicio","item":"https:\/\/www.caudete.org\/ayuntamiento\/"},{"@type":"ListItem","position":2,"name":"M\u00e1s de 800 personas usan en 2023 el Albergue de La Toconera, ocupando el 95% de su disponibilidad"}]},{"@type":"WebSite","@id":"https:\/\/www.caudete.org\/ayuntamiento\/#website","url":"https:\/\/www.caudete.org\/ayuntamiento\/","name":"MI Ayuntamiento de Caudete","description":"P\u00e1gina Oficial del MI Ayuntamiento de Caudete","potentialAction":[{"@type":"SearchAction","target":{"@type":"EntryPoint","urlTemplate":"https:\/\/www.caudete.org\/ayuntamiento\/?s={search_term_string}"},"query-input":{"@type":"PropertyValueSpecification","valueRequired":true,"valueName":"search_term_string"}}],"inLanguage":"es"},{"@type":"Person","@id":"https:\/\/www.caudete.org\/ayuntamiento\/#\/schema\/person\/cc646da9133078ee4d8dd47457947253","name":"alcalde","image":{"@type":"ImageObject","inLanguage":"es","@id":"https:\/\/secure.gravatar.com\/avatar\/84a817ba065b29ff08d666b215a215f5c79186a645ccb25b14a663d48a130f77?s=96&d=mm&r=g","url":"https:\/\/secure.gravatar.com\/avatar\/84a817ba065b29ff08d666b215a215f5c79186a645ccb25b14a663d48a130f77?s=96&d=mm&r=g","contentUrl":"https:\/\/secure.gravatar.com\/avatar\/84a817ba065b29ff08d666b215a215f5c79186a645ccb25b14a663d48a130f77?s=96&d=mm&r=g","caption":"alcalde"},"url":"https:\/\/www.caudete.org\/ayuntamiento\/author\/alcalde\/"}]}},"_links":{"self":[{"href":"https:\/\/www.caudete.org\/ayuntamiento\/wp-json\/wp\/v2\/posts\/24578","targetHints":{"allow":["GET"]}}],"collection":[{"href":"https:\/\/www.caudete.org\/ayuntamiento\/wp-json\/wp\/v2\/posts"}],"about":[{"href":"https:\/\/www.caudete.org\/ayuntamiento\/wp-json\/wp\/v2\/types\/post"}],"author":[{"embeddable":true,"href":"https:\/\/www.caudete.org\/ayuntamiento\/wp-json\/wp\/v2\/users\/3"}],"replies":[{"embeddable":true,"href":"https:\/\/www.caudete.org\/ayuntamiento\/wp-json\/wp\/v2\/comments?post=24578"}],"version-history":[{"count":1,"href":"https:\/\/www.caudete.org\/ayuntamiento\/wp-json\/wp\/v2\/posts\/24578\/revisions"}],"predecessor-version":[{"id":24579,"href":"https:\/\/www.caudete.org\/ayuntamiento\/wp-json\/wp\/v2\/posts\/24578\/revisions\/24579"}],"wp:featuredmedia":[{"embeddable":true,"href":"https:\/\/www.caudete.org\/ayuntamiento\/wp-json\/wp\/v2\/media\/18521"}],"wp:attachment":[{"href":"https:\/\/www.caudete.org\/ayuntamiento\/wp-json\/wp\/v2\/media?parent=24578"}],"wp:term":[{"taxonomy":"category","embeddable":true,"href":"https:\/\/www.caudete.org\/ayuntamiento\/wp-json\/wp\/v2\/categories?post=24578"},{"taxonomy":"post_tag","embeddable":true,"href":"https:\/\/www.caudete.org\/ayuntamiento\/wp-json\/wp\/v2\/tags?post=24578"}],"curies":[{"name":"wp","href":"https:\/\/api.w.org\/{rel}","templated":true}]}}