{"id":24580,"date":"2024-03-12T20:06:25","date_gmt":"2024-03-12T19:06:25","guid":{"rendered":"https:\/\/www.caudete.org\/ayuntamiento\/?p=24580"},"modified":"2024-03-21T12:17:13","modified_gmt":"2024-03-21T11:17:13","slug":"autorizada-la-acampada-en-la-toconera-para-las-proximas-pascuas-2","status":"publish","type":"post","link":"https:\/\/www.caudete.org\/ayuntamiento\/autorizada-la-acampada-en-la-toconera-para-las-proximas-pascuas-2\/","title":{"rendered":"Autorizada la acampada en La Toconera para las pr\u00f3ximas Pascuas"},"content":{"rendered":"<p style=\"text-align: justify;\">Con la proximidad de las Fiestas de Pascua, el Gobierno Municipal ha organizado todo el dispositivo de prevenci\u00f3n y seguridad para que La Toconera vuelva a acoger un a\u00f1o m\u00e1s la presencia de caudetanos.<\/p>\n<p style=\"text-align: justify;\">As\u00ed pues, desde ma\u00f1ana mi\u00e9rcoles todo interesado podr\u00e1 solicitar permiso municipal para \u201c<em>disfrutar de unos d\u00edas en compa\u00f1\u00eda de familiares y amigos en un espacio natural entra\u00f1able, orgullo y pulm\u00f3n de Caudete<\/em>\u201d matizaba el Alcalde.<\/p>\n<p style=\"text-align: justify;\">Como es tradici\u00f3n, la acampada se establece en la zona denominada \u201cPrimera Fuente\u201d del jueves 28 de Marzo hasta el lunes 1 de abril (ambos inclusive), no permiti\u00e9ndose la acampada con caravanas ni similares.<\/p>\n<p style=\"text-align: justify;\">Respecto al\u00a0<strong>uso de la Barbacoa<\/strong>, tan solo se puede usar la ubicada en la zona de acampada, en la \u201cPrimera Fuente\u201d, empleando preferentemente carb\u00f3n comercial o cocinas de gas, quedando prohibido el uso de le\u00f1a.<\/p>\n<p style=\"text-align: justify;\">El horario de uso de la barbacoa: de 10:15 a 11:30 horas de la ma\u00f1ana y de 13.00 a 16:15 horas.<\/p>\n<p style=\"text-align: justify;\">Para\u00a0<strong>Merendero<\/strong>, se autoriza, previa solicitud, las zonas de \u201cPrimera Fuente\u201d y \u201cCharca De Los Patos\u201d.<\/p>\n<p style=\"text-align: justify;\"><strong>Para poder solicitar permiso, se ha de tener en cuenta lo siguiente:<\/strong><\/p>\n<p style=\"text-align: justify;\">\u2013 Para la acampada, se deber\u00e1 hacer solicitud por escrito y presentarla en el Ayuntamiento, hasta el d\u00eda anterior del periodo autorizado (27 de Marzo), no admiti\u00e9ndose solicitudes con fecha 28 de Marzo en adelante. El solicitante deber\u00e1 ser mayor de edad y deber\u00e1 aportar fotocopia del DNI o del correspondiente documento de identificaci\u00f3n. A estos efectos, el Ayuntamiento facilitar\u00e1 un modelo de solicitud.<\/p>\n<p style=\"text-align: justify;\">\u2013 Para el uso de las zonas destinadas a \u201cmerendero\u201d, el usuario deber\u00e1 ponerlo en conocimiento de la Polic\u00eda Local, presentando, por escrito, la solicitud, seg\u00fan modelo facilitado por el Ayuntamiento, una vez acceda al paraje. A estos efectos, se facilitar\u00e1 un modelo de solicitud en el Ayuntamiento o Polic\u00eda Local.<\/p>\n<p style=\"text-align: justify;\"><strong>Las instrucciones de uso siguientes para la zona denominada \u201cPrimera Fuente\u201d:<\/strong><\/p>\n<p style=\"text-align: justify;\">\uf0b7 Podr\u00e1n hacer uso de la zona de acampada: de las 9.00 de la ma\u00f1ana del jueves 28 de Marzo a las 20.00 horas del lunes 1 de abril.<\/p>\n<p style=\"text-align: justify;\">\uf0b7 Podr\u00e1n hacer uso de la zona de merendero: de las 9.00 de la ma\u00f1ana del jueves 28 de Marzo a las 22.00 horas del lunes 1 de abril.<\/p>\n<p style=\"text-align: justify;\">\uf0b7 No se podr\u00e1 hacer fuego en la zona de acampada, mediante ning\u00fan sistema de combusti\u00f3n (estufas, butano, campig-gas, le\u00f1a, etc).<\/p>\n<p style=\"text-align: justify;\">\uf0b7 \u00danicamente, se podr\u00e1 realizar fuego en la barbacoa, que estar\u00e1 debidamente se\u00f1alizada, y siempre que se cumpla con el condicionado por la Delegaci\u00f3n Provincial de la Consejer\u00eda de Desarrollo Sostenible en Albacete.<\/p>\n<p style=\"text-align: justify;\"><strong>Las instrucciones de uso siguientes de la zona habilitada como merendero y<\/strong>\u00a0<strong>denominada \u201cCharca de los patos\u201d<\/strong>, del jueves, 28 de Marzo al lunes, 1 de abril (ambos inclusive), y para la zona denominada \u201cPrimera Fuente\u201d, del s\u00e1bado, 6 de abril al lunes 8 de abril (ambos inclusive):<\/p>\n<ul>\n<li style=\"text-align: justify;\">No se podr\u00e1 hacer uso de la barbacoa existente en dicha zona.<\/li>\n<li style=\"text-align: justify;\">Se deber\u00e1n dejar los veh\u00edculos en los aparcamientos habilitados en su proximidades.<\/li>\n<li style=\"text-align: justify;\">Se deber\u00e1 dejar la zona recogida y limpia antes de las 22.00 horas no pudiendo dejar, elementos fijos como sombrillas, toldos, etc\u2026.. para d\u00edas posteriores.<\/li>\n<\/ul>\n<p style=\"text-align: justify;\"><strong>Los veh\u00edculos<\/strong>\u00a0aparcar\u00e1n en las zonas se\u00f1alizadas, no pudiendo circular por las zonas restringidas al tr\u00e1fico. No se permitir\u00e1 el estacionamiento fuera de las zonas habilitadas como aparcamiento.<\/p>\n<p style=\"text-align: justify;\">Adem\u00e1s, se recuerda que\u00a0<strong>el agua de las fuentes NO es potable<\/strong>. Esta permitido su uso para limpieza recordando que no hay que ensuciar el entorno y no se puede fregar dentro de ellas.<\/p>\n<p style=\"text-align: justify;\">Igualmente, se incide en la\u00a0<strong>prohibici\u00f3n de uso de grupos electr\u00f3genos, de aparatos de m\u00fasica a gran volumen<\/strong>\u00a0y cualquier otra actividad que perturbe la tranquilidad del lugar.<\/p>\n<p><a href=\"https:\/\/www.caudete.org\/ayuntamiento\/wp-content\/uploads\/2024\/03\/CONTROL-MERENDEROSOLICITANTEOK.pdf\" class=\"mtli_attachment mtli_pdf\">Solicitud Visitates Toconera. Merenderos<\/a><\/p>\n<p><a href=\"https:\/\/www.caudete.org\/ayuntamiento\/wp-content\/uploads\/2024\/03\/declaracion-responsable-ACAMPADA2024.pdf\" class=\"mtli_attachment mtli_pdf\">Declaraci\u00f3n responsable acamapda 2024<\/a><\/p>\n","protected":false},"excerpt":{"rendered":"<p>Con la proximidad de las Fiestas de Pascua, el Gobierno Municipal ha organizado todo el dispositivo de prevenci\u00f3n y seguridad para que La Toconera vuelva a acoger un a\u00f1o m\u00e1s la presencia de caudetanos. As\u00ed pues, desde ma\u00f1ana mi\u00e9rcoles todo interesado podr\u00e1 solicitar permiso municipal para \u201cdisfrutar de unos d\u00edas en compa\u00f1\u00eda de familiares y &hellip;<\/p>\n","protected":false},"author":3,"featured_media":18398,"comment_status":"closed","ping_status":"open","sticky":false,"template":"","format":"standard","meta":{"ngg_post_thumbnail":0,"footnotes":""},"categories":[29],"tags":[],"class_list":["post-24580","post","type-post","status-publish","format-standard","has-post-thumbnail","hentry","category-medio-ambiente"],"yoast_head":"<!-- This site is optimized with the Yoast SEO plugin v27.5 - https:\/\/yoast.com\/product\/yoast-seo-wordpress\/ -->\n<title>Autorizada la acampada en La Toconera para las pr\u00f3ximas Pascuas - MI Ayuntamiento de Caudete<\/title>\n<meta name=\"description\" content=\"P\u00e1gina Oficial del Ayuntamiento de Caudete (Albacete)\" \/>\n<meta name=\"robots\" content=\"index, follow, max-snippet:-1, max-image-preview:large, max-video-preview:-1\" \/>\n<link rel=\"canonical\" href=\"https:\/\/www.caudete.org\/ayuntamiento\/autorizada-la-acampada-en-la-toconera-para-las-proximas-pascuas-2\/\" \/>\n<meta property=\"og:locale\" content=\"es_ES\" \/>\n<meta property=\"og:type\" content=\"article\" \/>\n<meta property=\"og:title\" content=\"Autorizada la acampada en La Toconera para las pr\u00f3ximas Pascuas - MI Ayuntamiento de Caudete\" \/>\n<meta property=\"og:description\" content=\"P\u00e1gina Oficial del Ayuntamiento de Caudete (Albacete)\" \/>\n<meta property=\"og:url\" content=\"https:\/\/www.caudete.org\/ayuntamiento\/autorizada-la-acampada-en-la-toconera-para-las-proximas-pascuas-2\/\" \/>\n<meta property=\"og:site_name\" content=\"MI Ayuntamiento de Caudete\" \/>\n<meta property=\"article:publisher\" content=\"https:\/\/www.facebook.com\/ayuntamientocaudete\/\" \/>\n<meta property=\"article:published_time\" content=\"2024-03-12T19:06:25+00:00\" \/>\n<meta property=\"article:modified_time\" content=\"2024-03-21T11:17:13+00:00\" \/>\n<meta property=\"og:image\" content=\"https:\/\/www.caudete.org\/ayuntamiento\/wp-content\/uploads\/2022\/03\/toconera-charca.jpg\" \/>\n\t<meta property=\"og:image:width\" content=\"700\" \/>\n\t<meta property=\"og:image:height\" content=\"457\" \/>\n\t<meta property=\"og:image:type\" content=\"image\/jpeg\" \/>\n<meta name=\"author\" content=\"alcalde\" \/>\n<meta name=\"twitter:card\" content=\"summary_large_image\" \/>\n<meta name=\"twitter:label1\" content=\"Escrito por\" \/>\n\t<meta name=\"twitter:data1\" content=\"alcalde\" \/>\n\t<meta name=\"twitter:label2\" content=\"Tiempo de lectura\" \/>\n\t<meta name=\"twitter:data2\" content=\"4 minutos\" \/>\n<script type=\"application\/ld+json\" class=\"yoast-schema-graph\">{\"@context\":\"https:\\\/\\\/schema.org\",\"@graph\":[{\"@type\":\"Article\",\"@id\":\"https:\\\/\\\/www.caudete.org\\\/ayuntamiento\\\/autorizada-la-acampada-en-la-toconera-para-las-proximas-pascuas-2\\\/#article\",\"isPartOf\":{\"@id\":\"https:\\\/\\\/www.caudete.org\\\/ayuntamiento\\\/autorizada-la-acampada-en-la-toconera-para-las-proximas-pascuas-2\\\/\"},\"author\":{\"name\":\"alcalde\",\"@id\":\"https:\\\/\\\/www.caudete.org\\\/ayuntamiento\\\/#\\\/schema\\\/person\\\/cc646da9133078ee4d8dd47457947253\"},\"headline\":\"Autorizada la acampada en La Toconera para las pr\u00f3ximas Pascuas\",\"datePublished\":\"2024-03-12T19:06:25+00:00\",\"dateModified\":\"2024-03-21T11:17:13+00:00\",\"mainEntityOfPage\":{\"@id\":\"https:\\\/\\\/www.caudete.org\\\/ayuntamiento\\\/autorizada-la-acampada-en-la-toconera-para-las-proximas-pascuas-2\\\/\"},\"wordCount\":647,\"image\":{\"@id\":\"https:\\\/\\\/www.caudete.org\\\/ayuntamiento\\\/autorizada-la-acampada-en-la-toconera-para-las-proximas-pascuas-2\\\/#primaryimage\"},\"thumbnailUrl\":\"https:\\\/\\\/www.caudete.org\\\/ayuntamiento\\\/wp-content\\\/uploads\\\/2022\\\/03\\\/toconera-charca.jpg\",\"articleSection\":[\"Medio Ambiente\"],\"inLanguage\":\"es\"},{\"@type\":\"WebPage\",\"@id\":\"https:\\\/\\\/www.caudete.org\\\/ayuntamiento\\\/autorizada-la-acampada-en-la-toconera-para-las-proximas-pascuas-2\\\/\",\"url\":\"https:\\\/\\\/www.caudete.org\\\/ayuntamiento\\\/autorizada-la-acampada-en-la-toconera-para-las-proximas-pascuas-2\\\/\",\"name\":\"Autorizada la acampada en La Toconera para las pr\u00f3ximas Pascuas - MI Ayuntamiento de Caudete\",\"isPartOf\":{\"@id\":\"https:\\\/\\\/www.caudete.org\\\/ayuntamiento\\\/#website\"},\"primaryImageOfPage\":{\"@id\":\"https:\\\/\\\/www.caudete.org\\\/ayuntamiento\\\/autorizada-la-acampada-en-la-toconera-para-las-proximas-pascuas-2\\\/#primaryimage\"},\"image\":{\"@id\":\"https:\\\/\\\/www.caudete.org\\\/ayuntamiento\\\/autorizada-la-acampada-en-la-toconera-para-las-proximas-pascuas-2\\\/#primaryimage\"},\"thumbnailUrl\":\"https:\\\/\\\/www.caudete.org\\\/ayuntamiento\\\/wp-content\\\/uploads\\\/2022\\\/03\\\/toconera-charca.jpg\",\"datePublished\":\"2024-03-12T19:06:25+00:00\",\"dateModified\":\"2024-03-21T11:17:13+00:00\",\"author\":{\"@id\":\"https:\\\/\\\/www.caudete.org\\\/ayuntamiento\\\/#\\\/schema\\\/person\\\/cc646da9133078ee4d8dd47457947253\"},\"description\":\"P\u00e1gina Oficial del Ayuntamiento de Caudete (Albacete)\",\"breadcrumb\":{\"@id\":\"https:\\\/\\\/www.caudete.org\\\/ayuntamiento\\\/autorizada-la-acampada-en-la-toconera-para-las-proximas-pascuas-2\\\/#breadcrumb\"},\"inLanguage\":\"es\",\"potentialAction\":[{\"@type\":\"ReadAction\",\"target\":[\"https:\\\/\\\/www.caudete.org\\\/ayuntamiento\\\/autorizada-la-acampada-en-la-toconera-para-las-proximas-pascuas-2\\\/\"]}]},{\"@type\":\"ImageObject\",\"inLanguage\":\"es\",\"@id\":\"https:\\\/\\\/www.caudete.org\\\/ayuntamiento\\\/autorizada-la-acampada-en-la-toconera-para-las-proximas-pascuas-2\\\/#primaryimage\",\"url\":\"https:\\\/\\\/www.caudete.org\\\/ayuntamiento\\\/wp-content\\\/uploads\\\/2022\\\/03\\\/toconera-charca.jpg\",\"contentUrl\":\"https:\\\/\\\/www.caudete.org\\\/ayuntamiento\\\/wp-content\\\/uploads\\\/2022\\\/03\\\/toconera-charca.jpg\",\"width\":700,\"height\":457},{\"@type\":\"BreadcrumbList\",\"@id\":\"https:\\\/\\\/www.caudete.org\\\/ayuntamiento\\\/autorizada-la-acampada-en-la-toconera-para-las-proximas-pascuas-2\\\/#breadcrumb\",\"itemListElement\":[{\"@type\":\"ListItem\",\"position\":1,\"name\":\"Inicio\",\"item\":\"https:\\\/\\\/www.caudete.org\\\/ayuntamiento\\\/\"},{\"@type\":\"ListItem\",\"position\":2,\"name\":\"Autorizada la acampada en La Toconera para las pr\u00f3ximas Pascuas\"}]},{\"@type\":\"WebSite\",\"@id\":\"https:\\\/\\\/www.caudete.org\\\/ayuntamiento\\\/#website\",\"url\":\"https:\\\/\\\/www.caudete.org\\\/ayuntamiento\\\/\",\"name\":\"MI Ayuntamiento de Caudete\",\"description\":\"P\u00e1gina Oficial del MI Ayuntamiento de Caudete\",\"potentialAction\":[{\"@type\":\"SearchAction\",\"target\":{\"@type\":\"EntryPoint\",\"urlTemplate\":\"https:\\\/\\\/www.caudete.org\\\/ayuntamiento\\\/?s={search_term_string}\"},\"query-input\":{\"@type\":\"PropertyValueSpecification\",\"valueRequired\":true,\"valueName\":\"search_term_string\"}}],\"inLanguage\":\"es\"},{\"@type\":\"Person\",\"@id\":\"https:\\\/\\\/www.caudete.org\\\/ayuntamiento\\\/#\\\/schema\\\/person\\\/cc646da9133078ee4d8dd47457947253\",\"name\":\"alcalde\",\"image\":{\"@type\":\"ImageObject\",\"inLanguage\":\"es\",\"@id\":\"https:\\\/\\\/secure.gravatar.com\\\/avatar\\\/84a817ba065b29ff08d666b215a215f5c79186a645ccb25b14a663d48a130f77?s=96&d=mm&r=g\",\"url\":\"https:\\\/\\\/secure.gravatar.com\\\/avatar\\\/84a817ba065b29ff08d666b215a215f5c79186a645ccb25b14a663d48a130f77?s=96&d=mm&r=g\",\"contentUrl\":\"https:\\\/\\\/secure.gravatar.com\\\/avatar\\\/84a817ba065b29ff08d666b215a215f5c79186a645ccb25b14a663d48a130f77?s=96&d=mm&r=g\",\"caption\":\"alcalde\"},\"url\":\"https:\\\/\\\/www.caudete.org\\\/ayuntamiento\\\/author\\\/alcalde\\\/\"}]}<\/script>\n<!-- \/ Yoast SEO plugin. -->","yoast_head_json":{"title":"Autorizada la acampada en La Toconera para las pr\u00f3ximas Pascuas - MI Ayuntamiento de Caudete","description":"P\u00e1gina Oficial del Ayuntamiento de Caudete (Albacete)","robots":{"index":"index","follow":"follow","max-snippet":"max-snippet:-1","max-image-preview":"max-image-preview:large","max-video-preview":"max-video-preview:-1"},"canonical":"https:\/\/www.caudete.org\/ayuntamiento\/autorizada-la-acampada-en-la-toconera-para-las-proximas-pascuas-2\/","og_locale":"es_ES","og_type":"article","og_title":"Autorizada la acampada en La Toconera para las pr\u00f3ximas Pascuas - MI Ayuntamiento de Caudete","og_description":"P\u00e1gina Oficial del Ayuntamiento de Caudete (Albacete)","og_url":"https:\/\/www.caudete.org\/ayuntamiento\/autorizada-la-acampada-en-la-toconera-para-las-proximas-pascuas-2\/","og_site_name":"MI Ayuntamiento de Caudete","article_publisher":"https:\/\/www.facebook.com\/ayuntamientocaudete\/","article_published_time":"2024-03-12T19:06:25+00:00","article_modified_time":"2024-03-21T11:17:13+00:00","og_image":[{"width":700,"height":457,"url":"https:\/\/www.caudete.org\/ayuntamiento\/wp-content\/uploads\/2022\/03\/toconera-charca.jpg","type":"image\/jpeg"}],"author":"alcalde","twitter_card":"summary_large_image","twitter_misc":{"Escrito por":"alcalde","Tiempo de lectura":"4 minutos"},"schema":{"@context":"https:\/\/schema.org","@graph":[{"@type":"Article","@id":"https:\/\/www.caudete.org\/ayuntamiento\/autorizada-la-acampada-en-la-toconera-para-las-proximas-pascuas-2\/#article","isPartOf":{"@id":"https:\/\/www.caudete.org\/ayuntamiento\/autorizada-la-acampada-en-la-toconera-para-las-proximas-pascuas-2\/"},"author":{"name":"alcalde","@id":"https:\/\/www.caudete.org\/ayuntamiento\/#\/schema\/person\/cc646da9133078ee4d8dd47457947253"},"headline":"Autorizada la acampada en La Toconera para las pr\u00f3ximas Pascuas","datePublished":"2024-03-12T19:06:25+00:00","dateModified":"2024-03-21T11:17:13+00:00","mainEntityOfPage":{"@id":"https:\/\/www.caudete.org\/ayuntamiento\/autorizada-la-acampada-en-la-toconera-para-las-proximas-pascuas-2\/"},"wordCount":647,"image":{"@id":"https:\/\/www.caudete.org\/ayuntamiento\/autorizada-la-acampada-en-la-toconera-para-las-proximas-pascuas-2\/#primaryimage"},"thumbnailUrl":"https:\/\/www.caudete.org\/ayuntamiento\/wp-content\/uploads\/2022\/03\/toconera-charca.jpg","articleSection":["Medio Ambiente"],"inLanguage":"es"},{"@type":"WebPage","@id":"https:\/\/www.caudete.org\/ayuntamiento\/autorizada-la-acampada-en-la-toconera-para-las-proximas-pascuas-2\/","url":"https:\/\/www.caudete.org\/ayuntamiento\/autorizada-la-acampada-en-la-toconera-para-las-proximas-pascuas-2\/","name":"Autorizada la acampada en La Toconera para las pr\u00f3ximas Pascuas - MI Ayuntamiento de Caudete","isPartOf":{"@id":"https:\/\/www.caudete.org\/ayuntamiento\/#website"},"primaryImageOfPage":{"@id":"https:\/\/www.caudete.org\/ayuntamiento\/autorizada-la-acampada-en-la-toconera-para-las-proximas-pascuas-2\/#primaryimage"},"image":{"@id":"https:\/\/www.caudete.org\/ayuntamiento\/autorizada-la-acampada-en-la-toconera-para-las-proximas-pascuas-2\/#primaryimage"},"thumbnailUrl":"https:\/\/www.caudete.org\/ayuntamiento\/wp-content\/uploads\/2022\/03\/toconera-charca.jpg","datePublished":"2024-03-12T19:06:25+00:00","dateModified":"2024-03-21T11:17:13+00:00","author":{"@id":"https:\/\/www.caudete.org\/ayuntamiento\/#\/schema\/person\/cc646da9133078ee4d8dd47457947253"},"description":"P\u00e1gina Oficial del Ayuntamiento de Caudete (Albacete)","breadcrumb":{"@id":"https:\/\/www.caudete.org\/ayuntamiento\/autorizada-la-acampada-en-la-toconera-para-las-proximas-pascuas-2\/#breadcrumb"},"inLanguage":"es","potentialAction":[{"@type":"ReadAction","target":["https:\/\/www.caudete.org\/ayuntamiento\/autorizada-la-acampada-en-la-toconera-para-las-proximas-pascuas-2\/"]}]},{"@type":"ImageObject","inLanguage":"es","@id":"https:\/\/www.caudete.org\/ayuntamiento\/autorizada-la-acampada-en-la-toconera-para-las-proximas-pascuas-2\/#primaryimage","url":"https:\/\/www.caudete.org\/ayuntamiento\/wp-content\/uploads\/2022\/03\/toconera-charca.jpg","contentUrl":"https:\/\/www.caudete.org\/ayuntamiento\/wp-content\/uploads\/2022\/03\/toconera-charca.jpg","width":700,"height":457},{"@type":"BreadcrumbList","@id":"https:\/\/www.caudete.org\/ayuntamiento\/autorizada-la-acampada-en-la-toconera-para-las-proximas-pascuas-2\/#breadcrumb","itemListElement":[{"@type":"ListItem","position":1,"name":"Inicio","item":"https:\/\/www.caudete.org\/ayuntamiento\/"},{"@type":"ListItem","position":2,"name":"Autorizada la acampada en La Toconera para las pr\u00f3ximas Pascuas"}]},{"@type":"WebSite","@id":"https:\/\/www.caudete.org\/ayuntamiento\/#website","url":"https:\/\/www.caudete.org\/ayuntamiento\/","name":"MI Ayuntamiento de Caudete","description":"P\u00e1gina Oficial del MI Ayuntamiento de Caudete","potentialAction":[{"@type":"SearchAction","target":{"@type":"EntryPoint","urlTemplate":"https:\/\/www.caudete.org\/ayuntamiento\/?s={search_term_string}"},"query-input":{"@type":"PropertyValueSpecification","valueRequired":true,"valueName":"search_term_string"}}],"inLanguage":"es"},{"@type":"Person","@id":"https:\/\/www.caudete.org\/ayuntamiento\/#\/schema\/person\/cc646da9133078ee4d8dd47457947253","name":"alcalde","image":{"@type":"ImageObject","inLanguage":"es","@id":"https:\/\/secure.gravatar.com\/avatar\/84a817ba065b29ff08d666b215a215f5c79186a645ccb25b14a663d48a130f77?s=96&d=mm&r=g","url":"https:\/\/secure.gravatar.com\/avatar\/84a817ba065b29ff08d666b215a215f5c79186a645ccb25b14a663d48a130f77?s=96&d=mm&r=g","contentUrl":"https:\/\/secure.gravatar.com\/avatar\/84a817ba065b29ff08d666b215a215f5c79186a645ccb25b14a663d48a130f77?s=96&d=mm&r=g","caption":"alcalde"},"url":"https:\/\/www.caudete.org\/ayuntamiento\/author\/alcalde\/"}]}},"_links":{"self":[{"href":"https:\/\/www.caudete.org\/ayuntamiento\/wp-json\/wp\/v2\/posts\/24580","targetHints":{"allow":["GET"]}}],"collection":[{"href":"https:\/\/www.caudete.org\/ayuntamiento\/wp-json\/wp\/v2\/posts"}],"about":[{"href":"https:\/\/www.caudete.org\/ayuntamiento\/wp-json\/wp\/v2\/types\/post"}],"author":[{"embeddable":true,"href":"https:\/\/www.caudete.org\/ayuntamiento\/wp-json\/wp\/v2\/users\/3"}],"replies":[{"embeddable":true,"href":"https:\/\/www.caudete.org\/ayuntamiento\/wp-json\/wp\/v2\/comments?post=24580"}],"version-history":[{"count":3,"href":"https:\/\/www.caudete.org\/ayuntamiento\/wp-json\/wp\/v2\/posts\/24580\/revisions"}],"predecessor-version":[{"id":24698,"href":"https:\/\/www.caudete.org\/ayuntamiento\/wp-json\/wp\/v2\/posts\/24580\/revisions\/24698"}],"wp:featuredmedia":[{"embeddable":true,"href":"https:\/\/www.caudete.org\/ayuntamiento\/wp-json\/wp\/v2\/media\/18398"}],"wp:attachment":[{"href":"https:\/\/www.caudete.org\/ayuntamiento\/wp-json\/wp\/v2\/media?parent=24580"}],"wp:term":[{"taxonomy":"category","embeddable":true,"href":"https:\/\/www.caudete.org\/ayuntamiento\/wp-json\/wp\/v2\/categories?post=24580"},{"taxonomy":"post_tag","embeddable":true,"href":"https:\/\/www.caudete.org\/ayuntamiento\/wp-json\/wp\/v2\/tags?post=24580"}],"curies":[{"name":"wp","href":"https:\/\/api.w.org\/{rel}","templated":true}]}}