{"id":24638,"date":"2024-03-15T10:00:29","date_gmt":"2024-03-15T09:00:29","guid":{"rendered":"https:\/\/www.caudete.org\/ayuntamiento\/?p=24638"},"modified":"2024-03-15T10:46:27","modified_gmt":"2024-03-15T09:46:27","slug":"15-de-marzo-dia-mundial-de-los-derechos-del-consumidor-2","status":"publish","type":"post","link":"https:\/\/www.caudete.org\/ayuntamiento\/15-de-marzo-dia-mundial-de-los-derechos-del-consumidor-2\/","title":{"rendered":"15 de marzo \u201cD\u00eda Mundial de los derechos del consumidor&#8221;"},"content":{"rendered":"<p>La Concejal\u00eda de Comercio mediante su edil, Diego Cuenca Olivares se suma a la celebraci\u00f3n del d\u00eda de hoy, 15 de marzo, <strong>D\u00eda Mundial de los Derechos del Consumidor<\/strong>. \u00a0Que promueve la difusi\u00f3n de los derechos fundamentales que asisten a los consumidores de todo el mundo, exigiendo su protecci\u00f3n y respeto frente a los abusos de los mercados.<\/p>\n<p>La Oficina de Consumo de Caudete sigue siendo un referente en la localidad para solicitar y aclarar dudas a los ciudadanos en cuestiones de consumo y temas relacionados.<\/p>\n<p>En el a\u00f1o 2023 se han recibido casi 500 consultas en su mayor\u00eda de telecomunicaciones, seguros, viajes, servicios, transporte\u2026 prevaleciendo como en a\u00f1os anteriores las consultas de gas y electricidad y la solicitud de ayudas.<\/p>\n<p>En cuesti\u00f3n de reclamaciones este a\u00f1o se han tramitado en esta Oficina de Consumo un 25% m\u00e1s que en 2022.<\/p>\n<p>Gran cantidad de reclamaciones de gas y electricidad con las modificaciones de precios, tarifas y cambios en las compa\u00f1\u00edas, han acaparado la mayor\u00eda de las reclamaciones de este 2023.<\/p>\n<p>Tambi\u00e9n se realiz\u00f3 junto con la concejal\u00eda de Cultura y subvencionado por Desarrollo Sostenible y agenda 2030 el Teatro \u201cSuperClown comida sana\u201d concertado con los colegios con m\u00e1s de 400 asistentes.<\/p>\n<p>Dentro de la Campa\u00f1a de Comercios, Servicios y Hosteler\u00eda de Navidad, se han repartido m\u00e1s de 700 calendarios. realizados por Asprona con la entrega de 5 tickets o facturas en la Oficina de Consumo.<\/p>\n<p><strong>Con motivo del gran incremento en las reclamaciones y consultas sobre Compras online, esta Concejal\u00eda de Comercio a trav\u00e9s de la Oficina de Consumo, dedica el 15 de marzo D\u00eda del Consumidor a este tema.<\/strong><\/p>\n<p><strong>LOS DERECHOS DEL CONSUMIDOR EN EL MUNDO DIGITAL<\/strong><br \/>\n<strong>SUS DERECHOS AVANZAN<\/strong><\/p>\n<p>La Direcci\u00f3n General de Consumo y los organismos competentes en consumo de las\u00a0<strong>Comunidades aut\u00f3nomas<\/strong> y el\u00a0<strong>Consejo de Consumidores y Usuarios<\/strong> (CCU), se suman a esta celebraci\u00f3n a trav\u00e9s de una campa\u00f1a conjunta, bajo el lema LOS DERECHOS DEL CONSUMIDOR EN EL MUNDO DIGITAL. SUS DERECHOS AVANZAN, cuyo objetivo es informar a los consumidores sobre sus derechos en el \u00e1mbito de las compras de bienes y servicios a trav\u00e9s de internet.<\/p>\n<p><strong>Como consumidor, \u00bfsab\u00eda que tiene derecho \u2026 ?<\/strong><br \/>\n<strong>\u2022 A la protecci\u00f3n contra los riesgos que puedan afectar a su salud o su seguridad.<\/strong><br \/>\n<strong>\u2022 A la protecci\u00f3n de sus leg\u00edtimos intereses econ\u00f3micos y sociales, en particular, frente a la inclusi\u00f3n de cl\u00e1usulas abusivas en los contratos.<\/strong><br \/>\n<strong>\u2022 A la indemnizaci\u00f3n de los da\u00f1os y la reparaci\u00f3n de los perjuicios sufridos.<\/strong><br \/>\n<strong>\u2022 A la informaci\u00f3n correcta sobre los diferentes bienes o servicios y la educaci\u00f3n y divulgaci\u00f3n para facilitar el conocimiento sobre su adecuado uso, consumo o disfrute.<\/strong><br \/>\n<strong>\u2022 A la audiencia en consulta, la participaci\u00f3n en el procedimiento de elaboraci\u00f3n de las disposiciones generales que le afectan directamente y a la representaci\u00f3n de sus intereses, a trav\u00e9s de las asociaciones de consumidores y usuarios legalmente constituidas.<\/strong><br \/>\n<strong>\u2022 A la protecci\u00f3n de sus derechos mediante procedimientos eficaces, en especial ante situaciones de inferioridad, subordinaci\u00f3n e indefensi\u00f3n.<\/strong><\/p>\n<p><strong>Conozca sus derechos tambi\u00e9n en Internet<\/strong><br \/>\nLa compra de bienes y servicios en Internet se ha convertido en una pr\u00e1ctica com\u00fan para muchos consumidores en todo el mundo.<br \/>\nEl consumidor debe exigir las mismas garant\u00edas cuando compra en Internet que cuando lo hace en un comercio tradicional y todos debemos conocer qu\u00e9 derechos nos asisten antes de comprar un bien o contratar un servicio.<br \/>\nEstos son los b\u00e1sicos:<br \/>\n<strong>\u2022 Derecho a conocer la identidad del vendedor<\/strong><br \/>\n\u25e6 Debemos saber qui\u00e9n est\u00e1 detr\u00e1s de la compra que queremos realizar. Al comprar por internet, las tiendas est\u00e1n obligadas legalmente a incluir en su web su NIF, denominaci\u00f3n social y datos de contacto, informaci\u00f3n que normalmente se incluye en el apartado de\u00a0\u00c1rea Legal<br \/>\n<strong>\u2022 Derecho a conocer exactamente los gastos de env\u00edo, las condiciones y plazos<\/strong><br \/>\n\u25e6 En caso de que en la tienda no se especifique ning\u00fan plazo de entrega, el plazo m\u00e1ximo para realizarla entrega no puede superar los 30 d\u00edas. Si la tienda no puede cumplir con este plazo, as\u00ed se lo tiene que comunicar al comprador para que pueda decidir si quiere cancelar o no su pedido. Adem\u00e1s, es necesario que el usuario conozca cu\u00e1les son los gastos que tendr\u00e1 el env\u00edo antes de terminar el proceso de compra.<br \/>\n<strong>\u2022 Confirmaci\u00f3n de compra<\/strong><br \/>\n\u25e6 El vendedor debe enviar de forma inmediata al consumidor la justificaci\u00f3n de la contrataci\u00f3n efectuada.<br \/>\n<strong>\u2022 Garant\u00eda<\/strong><br \/>\n\u25e6 La empresa ha de informar de la existencia de una garant\u00eda y \u00e9sta responder\u00e1 de las faltas de conformidad que se manifiesten en un plazo de 2 a\u00f1os desde la entrega.<br \/>\n<strong>\u2022 Derecho de desistimiento<\/strong><br \/>\n\u25e6 Uno de los aspectos que m\u00e1s preocupa al consumidor cuando compra por internet es el de las devoluciones. Con car\u00e1cter general, el consumidor tiene derecho a dejar sin efecto el contrato sin necesidad de justificar su decisi\u00f3n y sin penalizaci\u00f3n de ninguna clase. El plazo m\u00e1ximo para ejercer este derecho es de 14 d\u00edas naturales desde la recepci\u00f3n del producto. Este derecho tiene algunas excepciones, como las relacionadas con precios sujetos a fluctuaciones, los que por su naturaleza no puedan ser devueltos o caduquen, la prensa y publicaciones diarias.<br \/>\n<strong>\u2022 Derecho a la protecci\u00f3n de datos personales<\/strong><br \/>\n\u25e6 Los consumidores tienen el derecho de conocer c\u00f3mo y por qu\u00e9 se utilizar\u00e1n los datos personales que recopile la tienda online, as\u00ed como a corregirlos y suprimirlos siempre que lo crean conveniente. El usuario tambi\u00e9n debe saber si la web est\u00e1 utilizando cookies y para qu\u00e9 est\u00e1n siendo utilizadas.<br \/>\n<strong>\u2022 Derecho a una compra segura<\/strong><br \/>\n\u25e6 El consumidor tiene derecho a efectuar el pago de la forma que crea m\u00e1s conveniente de entre las diferentes opciones que ofrezca el vendedor sin recargo. Para que el proceso de compra sea seguro, es importante verificar la web en la que estamos realizando la compra, que debe contar con un certificado de seguridad. No olvide consultar siempre el\u00a0\u00c1rea Legal<\/p>\n<p><strong>Evite riesgos al comprar por Internet<\/strong><\/p>\n<p>Conocer t\u00e9rminos como\u00a0<strong>Phising, Suplantaci\u00f3n de identidad o Ransomware\u00a0<\/strong> nos ayudar\u00e1 a evitar riesgos al\u00a0comprar por\u00a0<strong>Internet<\/strong>.<\/p>\n<p>\u00bf<strong>Qu\u00e9 hacer si ha tenido alg\u00fan problema con un producto o un servicio y qui\u00e9n puede ayudarle?<\/strong><br \/>\nLa\u00a0<strong>plataforma de resoluci\u00f3n de litigios de consumo<\/strong>\u00a0en l\u00ednea (Plataforma ODR) es un sitio web interactivo que proporciona de manera gratuita un punto \u00fanico de acceso a consumidores y empresas para informarles de la resoluci\u00f3n extrajudicial de reclamaciones derivadas de compra o prestaci\u00f3n de servicios celebrados en l\u00ednea.<br \/>\nSi reside en Espa\u00f1a pero quiere reclamar contra una empresa de otro Estado miembro de la UE, puede hacerlo a trav\u00e9s del\u00a0<strong>Centro Europeo del Consumidor<\/strong>.<\/p>\n<p><img fetchpriority=\"high\" decoding=\"async\" class=\"alignnone size-full wp-image-24644\" src=\"https:\/\/www.caudete.org\/ayuntamiento\/wp-content\/uploads\/2024\/03\/logotipo.png\" alt=\"\" width=\"1080\" height=\"1080\" srcset=\"https:\/\/www.caudete.org\/ayuntamiento\/wp-content\/uploads\/2024\/03\/logotipo.png 1080w, https:\/\/www.caudete.org\/ayuntamiento\/wp-content\/uploads\/2024\/03\/logotipo-300x300.png 300w, https:\/\/www.caudete.org\/ayuntamiento\/wp-content\/uploads\/2024\/03\/logotipo-1024x1024.png 1024w, https:\/\/www.caudete.org\/ayuntamiento\/wp-content\/uploads\/2024\/03\/logotipo-150x150.png 150w, https:\/\/www.caudete.org\/ayuntamiento\/wp-content\/uploads\/2024\/03\/logotipo-768x768.png 768w, https:\/\/www.caudete.org\/ayuntamiento\/wp-content\/uploads\/2024\/03\/logotipo-60x60.png 60w\" sizes=\"(max-width: 1080px) 100vw, 1080px\" \/><\/p>\n<p><a href=\"https:\/\/www.caudete.org\/ayuntamiento\/wp-content\/uploads\/2024\/03\/GUIA_COMPRA_SEGURA_INTERNET_WEB_1.pdf\" class=\"mtli_attachment mtli_pdf\">Gu\u00eda de compra segura por Internet<\/a><br \/>\n<a href=\"https:\/\/www.caudete.org\/ayuntamiento\/wp-content\/uploads\/2024\/03\/SeguridadInternet.pdf\" class=\"mtli_attachment mtli_pdf\">Recomendaciones para compras por Internet<\/a><\/p>\n","protected":false},"excerpt":{"rendered":"<p>La Concejal\u00eda de Comercio mediante su edil, Diego Cuenca Olivares se suma a la celebraci\u00f3n del d\u00eda de hoy, 15 de marzo, D\u00eda Mundial de los Derechos del Consumidor. \u00a0Que promueve la difusi\u00f3n de los derechos fundamentales que asisten a los consumidores de todo el mundo, exigiendo su protecci\u00f3n y respeto frente a los abusos &hellip;<\/p>\n","protected":false},"author":5,"featured_media":24642,"comment_status":"closed","ping_status":"open","sticky":false,"template":"","format":"standard","meta":{"ngg_post_thumbnail":0,"footnotes":""},"categories":[42],"tags":[],"class_list":["post-24638","post","type-post","status-publish","format-standard","has-post-thumbnail","hentry","category-comercio"],"yoast_head":"<!-- This site is optimized with the Yoast SEO plugin v27.5 - https:\/\/yoast.com\/product\/yoast-seo-wordpress\/ -->\n<title>15 de marzo \u201cD\u00eda Mundial de los derechos del consumidor&quot; - MI Ayuntamiento de Caudete<\/title>\n<meta name=\"description\" content=\"P\u00e1gina Oficial del Ayuntamiento de Caudete (Albacete)\" \/>\n<meta name=\"robots\" content=\"index, follow, max-snippet:-1, max-image-preview:large, max-video-preview:-1\" \/>\n<link rel=\"canonical\" href=\"https:\/\/www.caudete.org\/ayuntamiento\/15-de-marzo-dia-mundial-de-los-derechos-del-consumidor-2\/\" \/>\n<meta property=\"og:locale\" content=\"es_ES\" \/>\n<meta property=\"og:type\" content=\"article\" \/>\n<meta property=\"og:title\" content=\"15 de marzo \u201cD\u00eda Mundial de los derechos del consumidor&quot; - MI Ayuntamiento de Caudete\" \/>\n<meta property=\"og:description\" content=\"P\u00e1gina Oficial del Ayuntamiento de Caudete (Albacete)\" \/>\n<meta property=\"og:url\" content=\"https:\/\/www.caudete.org\/ayuntamiento\/15-de-marzo-dia-mundial-de-los-derechos-del-consumidor-2\/\" \/>\n<meta property=\"og:site_name\" content=\"MI Ayuntamiento de Caudete\" \/>\n<meta property=\"article:publisher\" content=\"https:\/\/www.facebook.com\/ayuntamientocaudete\/\" \/>\n<meta property=\"article:published_time\" content=\"2024-03-15T09:00:29+00:00\" \/>\n<meta property=\"article:modified_time\" content=\"2024-03-15T09:46:27+00:00\" \/>\n<meta property=\"og:image\" content=\"https:\/\/www.caudete.org\/ayuntamiento\/wp-content\/uploads\/2024\/03\/consumidor.jpg\" \/>\n\t<meta property=\"og:image:width\" content=\"800\" \/>\n\t<meta property=\"og:image:height\" content=\"527\" \/>\n\t<meta property=\"og:image:type\" content=\"image\/jpeg\" \/>\n<meta name=\"author\" content=\"Dpto Informatica MI Ayuntamiento de Caudete\" \/>\n<meta name=\"twitter:card\" content=\"summary_large_image\" \/>\n<meta name=\"twitter:label1\" content=\"Escrito por\" \/>\n\t<meta name=\"twitter:data1\" content=\"Dpto Informatica MI Ayuntamiento de Caudete\" \/>\n\t<meta name=\"twitter:label2\" content=\"Tiempo de lectura\" \/>\n\t<meta name=\"twitter:data2\" content=\"6 minutos\" \/>\n<script type=\"application\/ld+json\" class=\"yoast-schema-graph\">{\"@context\":\"https:\\\/\\\/schema.org\",\"@graph\":[{\"@type\":\"Article\",\"@id\":\"https:\\\/\\\/www.caudete.org\\\/ayuntamiento\\\/15-de-marzo-dia-mundial-de-los-derechos-del-consumidor-2\\\/#article\",\"isPartOf\":{\"@id\":\"https:\\\/\\\/www.caudete.org\\\/ayuntamiento\\\/15-de-marzo-dia-mundial-de-los-derechos-del-consumidor-2\\\/\"},\"author\":{\"name\":\"Dpto Informatica MI Ayuntamiento de Caudete\",\"@id\":\"https:\\\/\\\/www.caudete.org\\\/ayuntamiento\\\/#\\\/schema\\\/person\\\/4b9eab41761957db9b1bf9c418d1ef46\"},\"headline\":\"15 de marzo \u201cD\u00eda Mundial de los derechos del consumidor&#8221;\",\"datePublished\":\"2024-03-15T09:00:29+00:00\",\"dateModified\":\"2024-03-15T09:46:27+00:00\",\"mainEntityOfPage\":{\"@id\":\"https:\\\/\\\/www.caudete.org\\\/ayuntamiento\\\/15-de-marzo-dia-mundial-de-los-derechos-del-consumidor-2\\\/\"},\"wordCount\":1182,\"image\":{\"@id\":\"https:\\\/\\\/www.caudete.org\\\/ayuntamiento\\\/15-de-marzo-dia-mundial-de-los-derechos-del-consumidor-2\\\/#primaryimage\"},\"thumbnailUrl\":\"https:\\\/\\\/www.caudete.org\\\/ayuntamiento\\\/wp-content\\\/uploads\\\/2024\\\/03\\\/consumidor.jpg\",\"articleSection\":[\"Comercio\"],\"inLanguage\":\"es\"},{\"@type\":\"WebPage\",\"@id\":\"https:\\\/\\\/www.caudete.org\\\/ayuntamiento\\\/15-de-marzo-dia-mundial-de-los-derechos-del-consumidor-2\\\/\",\"url\":\"https:\\\/\\\/www.caudete.org\\\/ayuntamiento\\\/15-de-marzo-dia-mundial-de-los-derechos-del-consumidor-2\\\/\",\"name\":\"15 de marzo \u201cD\u00eda Mundial de los derechos del consumidor\\\" - MI Ayuntamiento de Caudete\",\"isPartOf\":{\"@id\":\"https:\\\/\\\/www.caudete.org\\\/ayuntamiento\\\/#website\"},\"primaryImageOfPage\":{\"@id\":\"https:\\\/\\\/www.caudete.org\\\/ayuntamiento\\\/15-de-marzo-dia-mundial-de-los-derechos-del-consumidor-2\\\/#primaryimage\"},\"image\":{\"@id\":\"https:\\\/\\\/www.caudete.org\\\/ayuntamiento\\\/15-de-marzo-dia-mundial-de-los-derechos-del-consumidor-2\\\/#primaryimage\"},\"thumbnailUrl\":\"https:\\\/\\\/www.caudete.org\\\/ayuntamiento\\\/wp-content\\\/uploads\\\/2024\\\/03\\\/consumidor.jpg\",\"datePublished\":\"2024-03-15T09:00:29+00:00\",\"dateModified\":\"2024-03-15T09:46:27+00:00\",\"author\":{\"@id\":\"https:\\\/\\\/www.caudete.org\\\/ayuntamiento\\\/#\\\/schema\\\/person\\\/4b9eab41761957db9b1bf9c418d1ef46\"},\"description\":\"P\u00e1gina Oficial del Ayuntamiento de Caudete (Albacete)\",\"breadcrumb\":{\"@id\":\"https:\\\/\\\/www.caudete.org\\\/ayuntamiento\\\/15-de-marzo-dia-mundial-de-los-derechos-del-consumidor-2\\\/#breadcrumb\"},\"inLanguage\":\"es\",\"potentialAction\":[{\"@type\":\"ReadAction\",\"target\":[\"https:\\\/\\\/www.caudete.org\\\/ayuntamiento\\\/15-de-marzo-dia-mundial-de-los-derechos-del-consumidor-2\\\/\"]}]},{\"@type\":\"ImageObject\",\"inLanguage\":\"es\",\"@id\":\"https:\\\/\\\/www.caudete.org\\\/ayuntamiento\\\/15-de-marzo-dia-mundial-de-los-derechos-del-consumidor-2\\\/#primaryimage\",\"url\":\"https:\\\/\\\/www.caudete.org\\\/ayuntamiento\\\/wp-content\\\/uploads\\\/2024\\\/03\\\/consumidor.jpg\",\"contentUrl\":\"https:\\\/\\\/www.caudete.org\\\/ayuntamiento\\\/wp-content\\\/uploads\\\/2024\\\/03\\\/consumidor.jpg\",\"width\":800,\"height\":527},{\"@type\":\"BreadcrumbList\",\"@id\":\"https:\\\/\\\/www.caudete.org\\\/ayuntamiento\\\/15-de-marzo-dia-mundial-de-los-derechos-del-consumidor-2\\\/#breadcrumb\",\"itemListElement\":[{\"@type\":\"ListItem\",\"position\":1,\"name\":\"Inicio\",\"item\":\"https:\\\/\\\/www.caudete.org\\\/ayuntamiento\\\/\"},{\"@type\":\"ListItem\",\"position\":2,\"name\":\"15 de marzo \u201cD\u00eda Mundial de los derechos del consumidor&#8221;\"}]},{\"@type\":\"WebSite\",\"@id\":\"https:\\\/\\\/www.caudete.org\\\/ayuntamiento\\\/#website\",\"url\":\"https:\\\/\\\/www.caudete.org\\\/ayuntamiento\\\/\",\"name\":\"MI Ayuntamiento de Caudete\",\"description\":\"P\u00e1gina Oficial del MI Ayuntamiento de Caudete\",\"potentialAction\":[{\"@type\":\"SearchAction\",\"target\":{\"@type\":\"EntryPoint\",\"urlTemplate\":\"https:\\\/\\\/www.caudete.org\\\/ayuntamiento\\\/?s={search_term_string}\"},\"query-input\":{\"@type\":\"PropertyValueSpecification\",\"valueRequired\":true,\"valueName\":\"search_term_string\"}}],\"inLanguage\":\"es\"},{\"@type\":\"Person\",\"@id\":\"https:\\\/\\\/www.caudete.org\\\/ayuntamiento\\\/#\\\/schema\\\/person\\\/4b9eab41761957db9b1bf9c418d1ef46\",\"name\":\"Dpto Informatica MI Ayuntamiento de Caudete\",\"image\":{\"@type\":\"ImageObject\",\"inLanguage\":\"es\",\"@id\":\"https:\\\/\\\/secure.gravatar.com\\\/avatar\\\/ac0321ee4a0a83e82a253e7b2d348ef539e2c8fe16d06b600bde04de1b364fa7?s=96&d=mm&r=g\",\"url\":\"https:\\\/\\\/secure.gravatar.com\\\/avatar\\\/ac0321ee4a0a83e82a253e7b2d348ef539e2c8fe16d06b600bde04de1b364fa7?s=96&d=mm&r=g\",\"contentUrl\":\"https:\\\/\\\/secure.gravatar.com\\\/avatar\\\/ac0321ee4a0a83e82a253e7b2d348ef539e2c8fe16d06b600bde04de1b364fa7?s=96&d=mm&r=g\",\"caption\":\"Dpto Informatica MI Ayuntamiento de Caudete\"},\"url\":\"https:\\\/\\\/www.caudete.org\\\/ayuntamiento\\\/author\\\/informatica\\\/\"}]}<\/script>\n<!-- \/ Yoast SEO plugin. -->","yoast_head_json":{"title":"15 de marzo \u201cD\u00eda Mundial de los derechos del consumidor\" - MI Ayuntamiento de Caudete","description":"P\u00e1gina Oficial del Ayuntamiento de Caudete (Albacete)","robots":{"index":"index","follow":"follow","max-snippet":"max-snippet:-1","max-image-preview":"max-image-preview:large","max-video-preview":"max-video-preview:-1"},"canonical":"https:\/\/www.caudete.org\/ayuntamiento\/15-de-marzo-dia-mundial-de-los-derechos-del-consumidor-2\/","og_locale":"es_ES","og_type":"article","og_title":"15 de marzo \u201cD\u00eda Mundial de los derechos del consumidor\" - MI Ayuntamiento de Caudete","og_description":"P\u00e1gina Oficial del Ayuntamiento de Caudete (Albacete)","og_url":"https:\/\/www.caudete.org\/ayuntamiento\/15-de-marzo-dia-mundial-de-los-derechos-del-consumidor-2\/","og_site_name":"MI Ayuntamiento de Caudete","article_publisher":"https:\/\/www.facebook.com\/ayuntamientocaudete\/","article_published_time":"2024-03-15T09:00:29+00:00","article_modified_time":"2024-03-15T09:46:27+00:00","og_image":[{"width":800,"height":527,"url":"https:\/\/www.caudete.org\/ayuntamiento\/wp-content\/uploads\/2024\/03\/consumidor.jpg","type":"image\/jpeg"}],"author":"Dpto Informatica MI Ayuntamiento de Caudete","twitter_card":"summary_large_image","twitter_misc":{"Escrito por":"Dpto Informatica MI Ayuntamiento de Caudete","Tiempo de lectura":"6 minutos"},"schema":{"@context":"https:\/\/schema.org","@graph":[{"@type":"Article","@id":"https:\/\/www.caudete.org\/ayuntamiento\/15-de-marzo-dia-mundial-de-los-derechos-del-consumidor-2\/#article","isPartOf":{"@id":"https:\/\/www.caudete.org\/ayuntamiento\/15-de-marzo-dia-mundial-de-los-derechos-del-consumidor-2\/"},"author":{"name":"Dpto Informatica MI Ayuntamiento de Caudete","@id":"https:\/\/www.caudete.org\/ayuntamiento\/#\/schema\/person\/4b9eab41761957db9b1bf9c418d1ef46"},"headline":"15 de marzo \u201cD\u00eda Mundial de los derechos del consumidor&#8221;","datePublished":"2024-03-15T09:00:29+00:00","dateModified":"2024-03-15T09:46:27+00:00","mainEntityOfPage":{"@id":"https:\/\/www.caudete.org\/ayuntamiento\/15-de-marzo-dia-mundial-de-los-derechos-del-consumidor-2\/"},"wordCount":1182,"image":{"@id":"https:\/\/www.caudete.org\/ayuntamiento\/15-de-marzo-dia-mundial-de-los-derechos-del-consumidor-2\/#primaryimage"},"thumbnailUrl":"https:\/\/www.caudete.org\/ayuntamiento\/wp-content\/uploads\/2024\/03\/consumidor.jpg","articleSection":["Comercio"],"inLanguage":"es"},{"@type":"WebPage","@id":"https:\/\/www.caudete.org\/ayuntamiento\/15-de-marzo-dia-mundial-de-los-derechos-del-consumidor-2\/","url":"https:\/\/www.caudete.org\/ayuntamiento\/15-de-marzo-dia-mundial-de-los-derechos-del-consumidor-2\/","name":"15 de marzo \u201cD\u00eda Mundial de los derechos del consumidor\" - MI Ayuntamiento de Caudete","isPartOf":{"@id":"https:\/\/www.caudete.org\/ayuntamiento\/#website"},"primaryImageOfPage":{"@id":"https:\/\/www.caudete.org\/ayuntamiento\/15-de-marzo-dia-mundial-de-los-derechos-del-consumidor-2\/#primaryimage"},"image":{"@id":"https:\/\/www.caudete.org\/ayuntamiento\/15-de-marzo-dia-mundial-de-los-derechos-del-consumidor-2\/#primaryimage"},"thumbnailUrl":"https:\/\/www.caudete.org\/ayuntamiento\/wp-content\/uploads\/2024\/03\/consumidor.jpg","datePublished":"2024-03-15T09:00:29+00:00","dateModified":"2024-03-15T09:46:27+00:00","author":{"@id":"https:\/\/www.caudete.org\/ayuntamiento\/#\/schema\/person\/4b9eab41761957db9b1bf9c418d1ef46"},"description":"P\u00e1gina Oficial del Ayuntamiento de Caudete (Albacete)","breadcrumb":{"@id":"https:\/\/www.caudete.org\/ayuntamiento\/15-de-marzo-dia-mundial-de-los-derechos-del-consumidor-2\/#breadcrumb"},"inLanguage":"es","potentialAction":[{"@type":"ReadAction","target":["https:\/\/www.caudete.org\/ayuntamiento\/15-de-marzo-dia-mundial-de-los-derechos-del-consumidor-2\/"]}]},{"@type":"ImageObject","inLanguage":"es","@id":"https:\/\/www.caudete.org\/ayuntamiento\/15-de-marzo-dia-mundial-de-los-derechos-del-consumidor-2\/#primaryimage","url":"https:\/\/www.caudete.org\/ayuntamiento\/wp-content\/uploads\/2024\/03\/consumidor.jpg","contentUrl":"https:\/\/www.caudete.org\/ayuntamiento\/wp-content\/uploads\/2024\/03\/consumidor.jpg","width":800,"height":527},{"@type":"BreadcrumbList","@id":"https:\/\/www.caudete.org\/ayuntamiento\/15-de-marzo-dia-mundial-de-los-derechos-del-consumidor-2\/#breadcrumb","itemListElement":[{"@type":"ListItem","position":1,"name":"Inicio","item":"https:\/\/www.caudete.org\/ayuntamiento\/"},{"@type":"ListItem","position":2,"name":"15 de marzo \u201cD\u00eda Mundial de los derechos del consumidor&#8221;"}]},{"@type":"WebSite","@id":"https:\/\/www.caudete.org\/ayuntamiento\/#website","url":"https:\/\/www.caudete.org\/ayuntamiento\/","name":"MI Ayuntamiento de Caudete","description":"P\u00e1gina Oficial del MI Ayuntamiento de Caudete","potentialAction":[{"@type":"SearchAction","target":{"@type":"EntryPoint","urlTemplate":"https:\/\/www.caudete.org\/ayuntamiento\/?s={search_term_string}"},"query-input":{"@type":"PropertyValueSpecification","valueRequired":true,"valueName":"search_term_string"}}],"inLanguage":"es"},{"@type":"Person","@id":"https:\/\/www.caudete.org\/ayuntamiento\/#\/schema\/person\/4b9eab41761957db9b1bf9c418d1ef46","name":"Dpto Informatica MI Ayuntamiento de Caudete","image":{"@type":"ImageObject","inLanguage":"es","@id":"https:\/\/secure.gravatar.com\/avatar\/ac0321ee4a0a83e82a253e7b2d348ef539e2c8fe16d06b600bde04de1b364fa7?s=96&d=mm&r=g","url":"https:\/\/secure.gravatar.com\/avatar\/ac0321ee4a0a83e82a253e7b2d348ef539e2c8fe16d06b600bde04de1b364fa7?s=96&d=mm&r=g","contentUrl":"https:\/\/secure.gravatar.com\/avatar\/ac0321ee4a0a83e82a253e7b2d348ef539e2c8fe16d06b600bde04de1b364fa7?s=96&d=mm&r=g","caption":"Dpto Informatica MI Ayuntamiento de Caudete"},"url":"https:\/\/www.caudete.org\/ayuntamiento\/author\/informatica\/"}]}},"_links":{"self":[{"href":"https:\/\/www.caudete.org\/ayuntamiento\/wp-json\/wp\/v2\/posts\/24638","targetHints":{"allow":["GET"]}}],"collection":[{"href":"https:\/\/www.caudete.org\/ayuntamiento\/wp-json\/wp\/v2\/posts"}],"about":[{"href":"https:\/\/www.caudete.org\/ayuntamiento\/wp-json\/wp\/v2\/types\/post"}],"author":[{"embeddable":true,"href":"https:\/\/www.caudete.org\/ayuntamiento\/wp-json\/wp\/v2\/users\/5"}],"replies":[{"embeddable":true,"href":"https:\/\/www.caudete.org\/ayuntamiento\/wp-json\/wp\/v2\/comments?post=24638"}],"version-history":[{"count":6,"href":"https:\/\/www.caudete.org\/ayuntamiento\/wp-json\/wp\/v2\/posts\/24638\/revisions"}],"predecessor-version":[{"id":24648,"href":"https:\/\/www.caudete.org\/ayuntamiento\/wp-json\/wp\/v2\/posts\/24638\/revisions\/24648"}],"wp:featuredmedia":[{"embeddable":true,"href":"https:\/\/www.caudete.org\/ayuntamiento\/wp-json\/wp\/v2\/media\/24642"}],"wp:attachment":[{"href":"https:\/\/www.caudete.org\/ayuntamiento\/wp-json\/wp\/v2\/media?parent=24638"}],"wp:term":[{"taxonomy":"category","embeddable":true,"href":"https:\/\/www.caudete.org\/ayuntamiento\/wp-json\/wp\/v2\/categories?post=24638"},{"taxonomy":"post_tag","embeddable":true,"href":"https:\/\/www.caudete.org\/ayuntamiento\/wp-json\/wp\/v2\/tags?post=24638"}],"curies":[{"name":"wp","href":"https:\/\/api.w.org\/{rel}","templated":true}]}}