{"id":24746,"date":"2024-04-02T09:58:24","date_gmt":"2024-04-02T07:58:24","guid":{"rendered":"https:\/\/www.caudete.org\/ayuntamiento\/?p=24746"},"modified":"2024-04-17T09:36:10","modified_gmt":"2024-04-17T07:36:10","slug":"hasta-el-16-de-abril-el-recual-admite-solicitudes-para-8-alumnos-1-monitor-y-1-aux-advo","status":"publish","type":"post","link":"https:\/\/www.caudete.org\/ayuntamiento\/hasta-el-16-de-abril-el-recual-admite-solicitudes-para-8-alumnos-1-monitor-y-1-aux-advo\/","title":{"rendered":"Hasta el 16 de Abril el RECUAL admite solicitudes para 9 alumnos y 1 monitor"},"content":{"rendered":"<p style=\"text-align: justify;\">El RECUAL-2023 inicia su andadura en Caudete, as\u00ed lo anunciaba M\u00aa Dolores Requena Azor\u00edn, Concejal de Desarrollo y Promoci\u00f3n Econ\u00f3mica, programa que permitir\u00e1 la recualificaci\u00f3n y reciclaje profesional de 8 aspirantes en la familia de la construcci\u00f3n, mediante el Certificado de Profesionalidad Nivel I, para lo cual se abre el proceso de presentaci\u00f3n de solicitudes hasta el pr\u00f3ximo 16 de Abril (inclusive).<\/p>\n<p style=\"text-align: justify;\">Se ofertan de esta forma un total de 9 contratos para alumnos (jornada completa) y 1 de Monitor (jornada completa) necesarios para poder acometer el programa y proyecto dise\u00f1ados.<\/p>\n<p style=\"text-align: justify;\">Durante 6 meses que durar\u00e1 el programa, los alumnos se formar\u00e1n de forma homologada, mientras que ejecutan la parte pr\u00e1ctica, todo ello, recibiendo salario mediante contrato laboral. El objeto de obra se centra en la reurbanizaci\u00f3n de un tramo\u00a0 de la Avenida de Valencia.<\/p>\n<p><a href=\"https:\/\/caudete.sedipualba.es\/tablondeanuncios\/anuncio.aspx?id=53408\" target=\"_blank\" rel=\"nofollow\">ACCESO A LAS BASES REGULADORAS PARA ALUMNOS, MONITOR Y AUX.ADVO.<\/a><\/p>\n","protected":false},"excerpt":{"rendered":"<p>El RECUAL-2023 inicia su andadura en Caudete, as\u00ed lo anunciaba M\u00aa Dolores Requena Azor\u00edn, Concejal de Desarrollo y Promoci\u00f3n Econ\u00f3mica, programa que permitir\u00e1 la recualificaci\u00f3n y reciclaje profesional de 8 aspirantes en la familia de la construcci\u00f3n, mediante el Certificado de Profesionalidad Nivel I, para lo cual se abre el proceso de presentaci\u00f3n de solicitudes &hellip;<\/p>\n","protected":false},"author":3,"featured_media":23465,"comment_status":"closed","ping_status":"open","sticky":false,"template":"","format":"standard","meta":{"ngg_post_thumbnail":0,"footnotes":""},"categories":[851],"tags":[],"class_list":["post-24746","post","type-post","status-publish","format-standard","has-post-thumbnail","hentry","category-promocion-y-desarrollo-economico"],"yoast_head":"<!-- This site is optimized with the Yoast SEO plugin v27.4 - https:\/\/yoast.com\/product\/yoast-seo-wordpress\/ -->\n<title>Hasta el 16 de Abril el RECUAL admite solicitudes para 9 alumnos y 1 monitor - MI Ayuntamiento de Caudete<\/title>\n<meta name=\"description\" content=\"P\u00e1gina Oficial del Ayuntamiento de Caudete (Albacete)\" \/>\n<meta name=\"robots\" content=\"index, follow, max-snippet:-1, max-image-preview:large, max-video-preview:-1\" \/>\n<link rel=\"canonical\" href=\"https:\/\/www.caudete.org\/ayuntamiento\/hasta-el-16-de-abril-el-recual-admite-solicitudes-para-8-alumnos-1-monitor-y-1-aux-advo\/\" \/>\n<meta property=\"og:locale\" content=\"es_ES\" \/>\n<meta property=\"og:type\" content=\"article\" \/>\n<meta property=\"og:title\" content=\"Hasta el 16 de Abril el RECUAL admite solicitudes para 9 alumnos y 1 monitor - MI Ayuntamiento de Caudete\" \/>\n<meta property=\"og:description\" content=\"P\u00e1gina Oficial del Ayuntamiento de Caudete (Albacete)\" \/>\n<meta property=\"og:url\" content=\"https:\/\/www.caudete.org\/ayuntamiento\/hasta-el-16-de-abril-el-recual-admite-solicitudes-para-8-alumnos-1-monitor-y-1-aux-advo\/\" \/>\n<meta property=\"og:site_name\" content=\"MI Ayuntamiento de Caudete\" \/>\n<meta property=\"article:publisher\" content=\"https:\/\/www.facebook.com\/ayuntamientocaudete\/\" \/>\n<meta property=\"article:published_time\" content=\"2024-04-02T07:58:24+00:00\" \/>\n<meta property=\"article:modified_time\" content=\"2024-04-17T07:36:10+00:00\" \/>\n<meta property=\"og:image\" content=\"https:\/\/www.caudete.org\/ayuntamiento\/wp-content\/uploads\/2023\/10\/SITUACION.jpg\" \/>\n\t<meta property=\"og:image:width\" content=\"941\" \/>\n\t<meta property=\"og:image:height\" content=\"568\" \/>\n\t<meta property=\"og:image:type\" content=\"image\/jpeg\" \/>\n<meta name=\"author\" content=\"alcalde\" \/>\n<meta name=\"twitter:card\" content=\"summary_large_image\" \/>\n<meta name=\"twitter:label1\" content=\"Escrito por\" \/>\n\t<meta name=\"twitter:data1\" content=\"alcalde\" \/>\n\t<meta name=\"twitter:label2\" content=\"Tiempo de lectura\" \/>\n\t<meta name=\"twitter:data2\" content=\"1 minuto\" \/>\n<script type=\"application\/ld+json\" class=\"yoast-schema-graph\">{\"@context\":\"https:\\\/\\\/schema.org\",\"@graph\":[{\"@type\":\"Article\",\"@id\":\"https:\\\/\\\/www.caudete.org\\\/ayuntamiento\\\/hasta-el-16-de-abril-el-recual-admite-solicitudes-para-8-alumnos-1-monitor-y-1-aux-advo\\\/#article\",\"isPartOf\":{\"@id\":\"https:\\\/\\\/www.caudete.org\\\/ayuntamiento\\\/hasta-el-16-de-abril-el-recual-admite-solicitudes-para-8-alumnos-1-monitor-y-1-aux-advo\\\/\"},\"author\":{\"name\":\"alcalde\",\"@id\":\"https:\\\/\\\/www.caudete.org\\\/ayuntamiento\\\/#\\\/schema\\\/person\\\/cc646da9133078ee4d8dd47457947253\"},\"headline\":\"Hasta el 16 de Abril el RECUAL admite solicitudes para 9 alumnos y 1 monitor\",\"datePublished\":\"2024-04-02T07:58:24+00:00\",\"dateModified\":\"2024-04-17T07:36:10+00:00\",\"mainEntityOfPage\":{\"@id\":\"https:\\\/\\\/www.caudete.org\\\/ayuntamiento\\\/hasta-el-16-de-abril-el-recual-admite-solicitudes-para-8-alumnos-1-monitor-y-1-aux-advo\\\/\"},\"wordCount\":164,\"publisher\":{\"@id\":\"https:\\\/\\\/www.caudete.org\\\/ayuntamiento\\\/#organization\"},\"image\":{\"@id\":\"https:\\\/\\\/www.caudete.org\\\/ayuntamiento\\\/hasta-el-16-de-abril-el-recual-admite-solicitudes-para-8-alumnos-1-monitor-y-1-aux-advo\\\/#primaryimage\"},\"thumbnailUrl\":\"https:\\\/\\\/www.caudete.org\\\/ayuntamiento\\\/wp-content\\\/uploads\\\/2023\\\/10\\\/SITUACION.jpg\",\"articleSection\":[\"Promoci\u00f3n y Desarrollo Econ\u00f3mico\"],\"inLanguage\":\"es\"},{\"@type\":\"WebPage\",\"@id\":\"https:\\\/\\\/www.caudete.org\\\/ayuntamiento\\\/hasta-el-16-de-abril-el-recual-admite-solicitudes-para-8-alumnos-1-monitor-y-1-aux-advo\\\/\",\"url\":\"https:\\\/\\\/www.caudete.org\\\/ayuntamiento\\\/hasta-el-16-de-abril-el-recual-admite-solicitudes-para-8-alumnos-1-monitor-y-1-aux-advo\\\/\",\"name\":\"Hasta el 16 de Abril el RECUAL admite solicitudes para 9 alumnos y 1 monitor - MI Ayuntamiento de Caudete\",\"isPartOf\":{\"@id\":\"https:\\\/\\\/www.caudete.org\\\/ayuntamiento\\\/#website\"},\"primaryImageOfPage\":{\"@id\":\"https:\\\/\\\/www.caudete.org\\\/ayuntamiento\\\/hasta-el-16-de-abril-el-recual-admite-solicitudes-para-8-alumnos-1-monitor-y-1-aux-advo\\\/#primaryimage\"},\"image\":{\"@id\":\"https:\\\/\\\/www.caudete.org\\\/ayuntamiento\\\/hasta-el-16-de-abril-el-recual-admite-solicitudes-para-8-alumnos-1-monitor-y-1-aux-advo\\\/#primaryimage\"},\"thumbnailUrl\":\"https:\\\/\\\/www.caudete.org\\\/ayuntamiento\\\/wp-content\\\/uploads\\\/2023\\\/10\\\/SITUACION.jpg\",\"datePublished\":\"2024-04-02T07:58:24+00:00\",\"dateModified\":\"2024-04-17T07:36:10+00:00\",\"description\":\"P\u00e1gina Oficial del Ayuntamiento de Caudete (Albacete)\",\"breadcrumb\":{\"@id\":\"https:\\\/\\\/www.caudete.org\\\/ayuntamiento\\\/hasta-el-16-de-abril-el-recual-admite-solicitudes-para-8-alumnos-1-monitor-y-1-aux-advo\\\/#breadcrumb\"},\"inLanguage\":\"es\",\"potentialAction\":[{\"@type\":\"ReadAction\",\"target\":[\"https:\\\/\\\/www.caudete.org\\\/ayuntamiento\\\/hasta-el-16-de-abril-el-recual-admite-solicitudes-para-8-alumnos-1-monitor-y-1-aux-advo\\\/\"]}]},{\"@type\":\"ImageObject\",\"inLanguage\":\"es\",\"@id\":\"https:\\\/\\\/www.caudete.org\\\/ayuntamiento\\\/hasta-el-16-de-abril-el-recual-admite-solicitudes-para-8-alumnos-1-monitor-y-1-aux-advo\\\/#primaryimage\",\"url\":\"https:\\\/\\\/www.caudete.org\\\/ayuntamiento\\\/wp-content\\\/uploads\\\/2023\\\/10\\\/SITUACION.jpg\",\"contentUrl\":\"https:\\\/\\\/www.caudete.org\\\/ayuntamiento\\\/wp-content\\\/uploads\\\/2023\\\/10\\\/SITUACION.jpg\",\"width\":941,\"height\":568},{\"@type\":\"BreadcrumbList\",\"@id\":\"https:\\\/\\\/www.caudete.org\\\/ayuntamiento\\\/hasta-el-16-de-abril-el-recual-admite-solicitudes-para-8-alumnos-1-monitor-y-1-aux-advo\\\/#breadcrumb\",\"itemListElement\":[{\"@type\":\"ListItem\",\"position\":1,\"name\":\"Inicio\",\"item\":\"https:\\\/\\\/www.caudete.org\\\/ayuntamiento\\\/\"},{\"@type\":\"ListItem\",\"position\":2,\"name\":\"Hasta el 16 de Abril el RECUAL admite solicitudes para 9 alumnos y 1 monitor\"}]},{\"@type\":\"WebSite\",\"@id\":\"https:\\\/\\\/www.caudete.org\\\/ayuntamiento\\\/#website\",\"url\":\"https:\\\/\\\/www.caudete.org\\\/ayuntamiento\\\/\",\"name\":\"MI Ayuntamiento de Caudete\",\"description\":\"P\u00e1gina Oficial del MI Ayuntamiento de Caudete\",\"publisher\":{\"@id\":\"https:\\\/\\\/www.caudete.org\\\/ayuntamiento\\\/#organization\"},\"potentialAction\":[{\"@type\":\"SearchAction\",\"target\":{\"@type\":\"EntryPoint\",\"urlTemplate\":\"https:\\\/\\\/www.caudete.org\\\/ayuntamiento\\\/?s={search_term_string}\"},\"query-input\":{\"@type\":\"PropertyValueSpecification\",\"valueRequired\":true,\"valueName\":\"search_term_string\"}}],\"inLanguage\":\"es\"},{\"@type\":\"Organization\",\"@id\":\"https:\\\/\\\/www.caudete.org\\\/ayuntamiento\\\/#organization\",\"name\":\"Ayuntamiento de Caudete\",\"url\":\"https:\\\/\\\/www.caudete.org\\\/ayuntamiento\\\/\",\"logo\":{\"@type\":\"ImageObject\",\"inLanguage\":\"es\",\"@id\":\"https:\\\/\\\/www.caudete.org\\\/ayuntamiento\\\/#\\\/schema\\\/logo\\\/image\\\/\",\"url\":\"https:\\\/\\\/www.caudete.org\\\/ayuntamiento\\\/wp-content\\\/uploads\\\/2020\\\/11\\\/logo_ayuntamiento_caudete.jpg\",\"contentUrl\":\"https:\\\/\\\/www.caudete.org\\\/ayuntamiento\\\/wp-content\\\/uploads\\\/2020\\\/11\\\/logo_ayuntamiento_caudete.jpg\",\"width\":600,\"height\":150,\"caption\":\"Ayuntamiento de Caudete\"},\"image\":{\"@id\":\"https:\\\/\\\/www.caudete.org\\\/ayuntamiento\\\/#\\\/schema\\\/logo\\\/image\\\/\"},\"sameAs\":[\"https:\\\/\\\/www.facebook.com\\\/ayuntamientocaudete\\\/\",\"https:\\\/\\\/www.youtube.com\\\/channel\\\/UC6VztHaooNsGpw-tNoBEFnQ\"]},{\"@type\":\"Person\",\"@id\":\"https:\\\/\\\/www.caudete.org\\\/ayuntamiento\\\/#\\\/schema\\\/person\\\/cc646da9133078ee4d8dd47457947253\",\"name\":\"alcalde\",\"image\":{\"@type\":\"ImageObject\",\"inLanguage\":\"es\",\"@id\":\"https:\\\/\\\/secure.gravatar.com\\\/avatar\\\/84a817ba065b29ff08d666b215a215f5c79186a645ccb25b14a663d48a130f77?s=96&d=mm&r=g\",\"url\":\"https:\\\/\\\/secure.gravatar.com\\\/avatar\\\/84a817ba065b29ff08d666b215a215f5c79186a645ccb25b14a663d48a130f77?s=96&d=mm&r=g\",\"contentUrl\":\"https:\\\/\\\/secure.gravatar.com\\\/avatar\\\/84a817ba065b29ff08d666b215a215f5c79186a645ccb25b14a663d48a130f77?s=96&d=mm&r=g\",\"caption\":\"alcalde\"},\"url\":\"https:\\\/\\\/www.caudete.org\\\/ayuntamiento\\\/author\\\/alcalde\\\/\"}]}<\/script>\n<!-- \/ Yoast SEO plugin. -->","yoast_head_json":{"title":"Hasta el 16 de Abril el RECUAL admite solicitudes para 9 alumnos y 1 monitor - MI Ayuntamiento de Caudete","description":"P\u00e1gina Oficial del Ayuntamiento de Caudete (Albacete)","robots":{"index":"index","follow":"follow","max-snippet":"max-snippet:-1","max-image-preview":"max-image-preview:large","max-video-preview":"max-video-preview:-1"},"canonical":"https:\/\/www.caudete.org\/ayuntamiento\/hasta-el-16-de-abril-el-recual-admite-solicitudes-para-8-alumnos-1-monitor-y-1-aux-advo\/","og_locale":"es_ES","og_type":"article","og_title":"Hasta el 16 de Abril el RECUAL admite solicitudes para 9 alumnos y 1 monitor - MI Ayuntamiento de Caudete","og_description":"P\u00e1gina Oficial del Ayuntamiento de Caudete (Albacete)","og_url":"https:\/\/www.caudete.org\/ayuntamiento\/hasta-el-16-de-abril-el-recual-admite-solicitudes-para-8-alumnos-1-monitor-y-1-aux-advo\/","og_site_name":"MI Ayuntamiento de Caudete","article_publisher":"https:\/\/www.facebook.com\/ayuntamientocaudete\/","article_published_time":"2024-04-02T07:58:24+00:00","article_modified_time":"2024-04-17T07:36:10+00:00","og_image":[{"width":941,"height":568,"url":"https:\/\/www.caudete.org\/ayuntamiento\/wp-content\/uploads\/2023\/10\/SITUACION.jpg","type":"image\/jpeg"}],"author":"alcalde","twitter_card":"summary_large_image","twitter_misc":{"Escrito por":"alcalde","Tiempo de lectura":"1 minuto"},"schema":{"@context":"https:\/\/schema.org","@graph":[{"@type":"Article","@id":"https:\/\/www.caudete.org\/ayuntamiento\/hasta-el-16-de-abril-el-recual-admite-solicitudes-para-8-alumnos-1-monitor-y-1-aux-advo\/#article","isPartOf":{"@id":"https:\/\/www.caudete.org\/ayuntamiento\/hasta-el-16-de-abril-el-recual-admite-solicitudes-para-8-alumnos-1-monitor-y-1-aux-advo\/"},"author":{"name":"alcalde","@id":"https:\/\/www.caudete.org\/ayuntamiento\/#\/schema\/person\/cc646da9133078ee4d8dd47457947253"},"headline":"Hasta el 16 de Abril el RECUAL admite solicitudes para 9 alumnos y 1 monitor","datePublished":"2024-04-02T07:58:24+00:00","dateModified":"2024-04-17T07:36:10+00:00","mainEntityOfPage":{"@id":"https:\/\/www.caudete.org\/ayuntamiento\/hasta-el-16-de-abril-el-recual-admite-solicitudes-para-8-alumnos-1-monitor-y-1-aux-advo\/"},"wordCount":164,"publisher":{"@id":"https:\/\/www.caudete.org\/ayuntamiento\/#organization"},"image":{"@id":"https:\/\/www.caudete.org\/ayuntamiento\/hasta-el-16-de-abril-el-recual-admite-solicitudes-para-8-alumnos-1-monitor-y-1-aux-advo\/#primaryimage"},"thumbnailUrl":"https:\/\/www.caudete.org\/ayuntamiento\/wp-content\/uploads\/2023\/10\/SITUACION.jpg","articleSection":["Promoci\u00f3n y Desarrollo Econ\u00f3mico"],"inLanguage":"es"},{"@type":"WebPage","@id":"https:\/\/www.caudete.org\/ayuntamiento\/hasta-el-16-de-abril-el-recual-admite-solicitudes-para-8-alumnos-1-monitor-y-1-aux-advo\/","url":"https:\/\/www.caudete.org\/ayuntamiento\/hasta-el-16-de-abril-el-recual-admite-solicitudes-para-8-alumnos-1-monitor-y-1-aux-advo\/","name":"Hasta el 16 de Abril el RECUAL admite solicitudes para 9 alumnos y 1 monitor - MI Ayuntamiento de Caudete","isPartOf":{"@id":"https:\/\/www.caudete.org\/ayuntamiento\/#website"},"primaryImageOfPage":{"@id":"https:\/\/www.caudete.org\/ayuntamiento\/hasta-el-16-de-abril-el-recual-admite-solicitudes-para-8-alumnos-1-monitor-y-1-aux-advo\/#primaryimage"},"image":{"@id":"https:\/\/www.caudete.org\/ayuntamiento\/hasta-el-16-de-abril-el-recual-admite-solicitudes-para-8-alumnos-1-monitor-y-1-aux-advo\/#primaryimage"},"thumbnailUrl":"https:\/\/www.caudete.org\/ayuntamiento\/wp-content\/uploads\/2023\/10\/SITUACION.jpg","datePublished":"2024-04-02T07:58:24+00:00","dateModified":"2024-04-17T07:36:10+00:00","description":"P\u00e1gina Oficial del Ayuntamiento de Caudete (Albacete)","breadcrumb":{"@id":"https:\/\/www.caudete.org\/ayuntamiento\/hasta-el-16-de-abril-el-recual-admite-solicitudes-para-8-alumnos-1-monitor-y-1-aux-advo\/#breadcrumb"},"inLanguage":"es","potentialAction":[{"@type":"ReadAction","target":["https:\/\/www.caudete.org\/ayuntamiento\/hasta-el-16-de-abril-el-recual-admite-solicitudes-para-8-alumnos-1-monitor-y-1-aux-advo\/"]}]},{"@type":"ImageObject","inLanguage":"es","@id":"https:\/\/www.caudete.org\/ayuntamiento\/hasta-el-16-de-abril-el-recual-admite-solicitudes-para-8-alumnos-1-monitor-y-1-aux-advo\/#primaryimage","url":"https:\/\/www.caudete.org\/ayuntamiento\/wp-content\/uploads\/2023\/10\/SITUACION.jpg","contentUrl":"https:\/\/www.caudete.org\/ayuntamiento\/wp-content\/uploads\/2023\/10\/SITUACION.jpg","width":941,"height":568},{"@type":"BreadcrumbList","@id":"https:\/\/www.caudete.org\/ayuntamiento\/hasta-el-16-de-abril-el-recual-admite-solicitudes-para-8-alumnos-1-monitor-y-1-aux-advo\/#breadcrumb","itemListElement":[{"@type":"ListItem","position":1,"name":"Inicio","item":"https:\/\/www.caudete.org\/ayuntamiento\/"},{"@type":"ListItem","position":2,"name":"Hasta el 16 de Abril el RECUAL admite solicitudes para 9 alumnos y 1 monitor"}]},{"@type":"WebSite","@id":"https:\/\/www.caudete.org\/ayuntamiento\/#website","url":"https:\/\/www.caudete.org\/ayuntamiento\/","name":"MI Ayuntamiento de Caudete","description":"P\u00e1gina Oficial del MI Ayuntamiento de Caudete","publisher":{"@id":"https:\/\/www.caudete.org\/ayuntamiento\/#organization"},"potentialAction":[{"@type":"SearchAction","target":{"@type":"EntryPoint","urlTemplate":"https:\/\/www.caudete.org\/ayuntamiento\/?s={search_term_string}"},"query-input":{"@type":"PropertyValueSpecification","valueRequired":true,"valueName":"search_term_string"}}],"inLanguage":"es"},{"@type":"Organization","@id":"https:\/\/www.caudete.org\/ayuntamiento\/#organization","name":"Ayuntamiento de Caudete","url":"https:\/\/www.caudete.org\/ayuntamiento\/","logo":{"@type":"ImageObject","inLanguage":"es","@id":"https:\/\/www.caudete.org\/ayuntamiento\/#\/schema\/logo\/image\/","url":"https:\/\/www.caudete.org\/ayuntamiento\/wp-content\/uploads\/2020\/11\/logo_ayuntamiento_caudete.jpg","contentUrl":"https:\/\/www.caudete.org\/ayuntamiento\/wp-content\/uploads\/2020\/11\/logo_ayuntamiento_caudete.jpg","width":600,"height":150,"caption":"Ayuntamiento de Caudete"},"image":{"@id":"https:\/\/www.caudete.org\/ayuntamiento\/#\/schema\/logo\/image\/"},"sameAs":["https:\/\/www.facebook.com\/ayuntamientocaudete\/","https:\/\/www.youtube.com\/channel\/UC6VztHaooNsGpw-tNoBEFnQ"]},{"@type":"Person","@id":"https:\/\/www.caudete.org\/ayuntamiento\/#\/schema\/person\/cc646da9133078ee4d8dd47457947253","name":"alcalde","image":{"@type":"ImageObject","inLanguage":"es","@id":"https:\/\/secure.gravatar.com\/avatar\/84a817ba065b29ff08d666b215a215f5c79186a645ccb25b14a663d48a130f77?s=96&d=mm&r=g","url":"https:\/\/secure.gravatar.com\/avatar\/84a817ba065b29ff08d666b215a215f5c79186a645ccb25b14a663d48a130f77?s=96&d=mm&r=g","contentUrl":"https:\/\/secure.gravatar.com\/avatar\/84a817ba065b29ff08d666b215a215f5c79186a645ccb25b14a663d48a130f77?s=96&d=mm&r=g","caption":"alcalde"},"url":"https:\/\/www.caudete.org\/ayuntamiento\/author\/alcalde\/"}]}},"_links":{"self":[{"href":"https:\/\/www.caudete.org\/ayuntamiento\/wp-json\/wp\/v2\/posts\/24746","targetHints":{"allow":["GET"]}}],"collection":[{"href":"https:\/\/www.caudete.org\/ayuntamiento\/wp-json\/wp\/v2\/posts"}],"about":[{"href":"https:\/\/www.caudete.org\/ayuntamiento\/wp-json\/wp\/v2\/types\/post"}],"author":[{"embeddable":true,"href":"https:\/\/www.caudete.org\/ayuntamiento\/wp-json\/wp\/v2\/users\/3"}],"replies":[{"embeddable":true,"href":"https:\/\/www.caudete.org\/ayuntamiento\/wp-json\/wp\/v2\/comments?post=24746"}],"version-history":[{"count":2,"href":"https:\/\/www.caudete.org\/ayuntamiento\/wp-json\/wp\/v2\/posts\/24746\/revisions"}],"predecessor-version":[{"id":24790,"href":"https:\/\/www.caudete.org\/ayuntamiento\/wp-json\/wp\/v2\/posts\/24746\/revisions\/24790"}],"wp:featuredmedia":[{"embeddable":true,"href":"https:\/\/www.caudete.org\/ayuntamiento\/wp-json\/wp\/v2\/media\/23465"}],"wp:attachment":[{"href":"https:\/\/www.caudete.org\/ayuntamiento\/wp-json\/wp\/v2\/media?parent=24746"}],"wp:term":[{"taxonomy":"category","embeddable":true,"href":"https:\/\/www.caudete.org\/ayuntamiento\/wp-json\/wp\/v2\/categories?post=24746"},{"taxonomy":"post_tag","embeddable":true,"href":"https:\/\/www.caudete.org\/ayuntamiento\/wp-json\/wp\/v2\/tags?post=24746"}],"curies":[{"name":"wp","href":"https:\/\/api.w.org\/{rel}","templated":true}]}}