{"id":24754,"date":"2024-04-03T12:39:44","date_gmt":"2024-04-03T10:39:44","guid":{"rendered":"https:\/\/www.caudete.org\/ayuntamiento\/?p=24754"},"modified":"2024-04-03T12:41:06","modified_gmt":"2024-04-03T10:41:06","slug":"ocho-preguntas-y-sus-respuestas-sobre-la-radiactividad-natural-del-agua-detectada-en-caudete","status":"publish","type":"post","link":"https:\/\/www.caudete.org\/ayuntamiento\/ocho-preguntas-y-sus-respuestas-sobre-la-radiactividad-natural-del-agua-detectada-en-caudete\/","title":{"rendered":"Ocho preguntas y sus respuestas sobre la \u00abradiactividad natural\u00bb del agua detectada en Caudete"},"content":{"rendered":"<p>Mar\u00eda Mart\u00ednez Garc\u00eda Concejal de Sanidad y Jos\u00e9 Miguel Moll\u00e1 Nieto Concejal del Ciclo Integral del agua.<\/p>\n<p><strong>1. \u00bfQu\u00e9 es la radiactividad en el agua?<\/strong><br \/>\nLa radiactividad est\u00e1 presente de manera natural en nuestra vida diaria: en la propia naturaleza que nos rodea, el suelo, el agua, los alimentos, e incluso en nosotros mismos que somos algo radiactivos. El agua subterr\u00e1nea, como es el caso de la procedente del los pozos de Caudete, concretamente Santa Ana 1, y Santa Ana 2, est\u00e1 en contacto con diversos minerales naturales que son radionucleidos, es decir, que emiten radiaci\u00f3n. Es el caso del plomo, el radio, el polonio, el rad\u00f3n, etc. Son minerales presentes en la corteza terrestre, dispersos por rocas y suelos por los que discurre el agua. La legislaci\u00f3n sanitaria espa\u00f1ola y europea obliga a analizar su presencia en el agua de consumo para que no supere unos determinados niveles muy estrictos.<\/p>\n<p><strong>2. \u00bfPor qu\u00e9 ahora el agua es radiactiva?<\/strong><br \/>\nEl agua no es radiactiva, presenta sales disueltas con propiedades radiactivas (radionucleidos), pero el agua no emite radiaci\u00f3n apreciable, se puede tocar y usar incluso ahora mismo para ingerirla (beberla o preparar comidas). En estos momentos el agua de Caudete sigue siendo potable y apta para el consumo.<br \/>\nEstos minerales radionucleidos pueden aparecer en el agua a partir de procesos naturales en el suelo o debido a actividades humanas. En el caso de Caudete, esta radiactividad es 100% natural, es decir, no ha habido ning\u00fan tipo de vertido, accidente nuclear o actividad o componente industrial\/artificial que la haya provocado. Es lo que se conoce como \u00abradiactividad alfa\u00bb, provocada porque estos minerales radionucleidos se han filtrado al agua subterr\u00e1nea. Probablemente, el bajo nivel de los acu\u00edferos haya influido en el aumento de estos niveles de radiactividad natural.<\/p>\n<p><strong>3. \u00bfC\u00f3mo sabemos que el agua de nuestro grifo est\u00e1 afectada?<\/strong><br \/>\nA simple vista el agua presenta un aspecto, olor y sabor normales, no es detectable a menos que sea analizada en laboratorio. Todos los servicios municipales de agua de Espa\u00f1a est\u00e1n obligados a realizar un n\u00famero determinado de anal\u00edticas al a\u00f1o que se deben reportar a la Autoridad Sanitaria, tanto de la Comunidad Aut\u00f3noma (Consejer\u00eda de Salud) como del Estado (Ministerio de Sanidad). En esos an\u00e1lisis, entre otros muchos aspectos, se miden los niveles de cinco par\u00e1metros distintos relacionados con la radiactividad, seg\u00fan el Real Decreto 03\/2023 por el que se establecen los criterios t\u00e9cnico-sanitarios de la calidad del agua de consumo, su control y suministro<\/p>\n<p><strong>4. \u00bfPuedo beber el agua del grifo ahora?<\/strong><br \/>\nSe aconseja evitarla, (EL AGUA SIGUE SIENDO EN ESTOS MOMENTOS POTABLE) sobre todo si eres persona sensible, embarazada o persona inmunodeprimida, COMO MEDIDA DE PREVENCI\u00d3N.<br \/>\nEl Ayuntamiento ya ha puesto en marcha medidas correctoras, el aconsejar evitarla es hasta que se obtengan los nuevos datos de las anal\u00edticas que se est\u00e1n realizando,<\/p>\n<p><strong>5. \u00bfQu\u00e9 pasa si he bebido agua con radiactividad?<\/strong><br \/>\nLa legislaci\u00f3n sanitaria espa\u00f1ola, extrapolada de la europea, es muy estricta, con niveles m\u00e1ximos muy por debajo de las recomendaciones de la Organizaci\u00f3n Mundial de la Salud (OMS). El Ministerio de Sanidad de Espa\u00f1a indica en un estudio sobre el tema que \u00ablas concentraciones t\u00edpicas de radionucleidos en el agua de consumo son muy peque\u00f1as, no existiendo peligro de efectos agudos sobre la salud debidos a la radiaci\u00f3n\u00bb. Solo aquella persona que haya consumido grandes cantidades de agua con exceso de radiactividad de forma continuada durante un largo periodo de tiempo podr\u00eda llegar a tener alg\u00fan tipo de consecuencia en su salud, pero este no es el caso, al haberse detectado el problema recientemente.<\/p>\n<p><strong>6. \u00bfPuedo eliminar la radiactividad si hiervo el agua?<\/strong><br \/>\nNo, de hecho, puede aumentar la concentraci\u00f3n de estos minerales al evaporarse parte del agua por la ebullici\u00f3n.<\/p>\n<p><strong>7. \u00bfPuedo usar el agua para ducharme, poner la lavadora, lavavajillas, etc.?<\/strong><br \/>\nS\u00ed, la Autoridad Sanitaria ha indicado que el agua puede usarse y emplearse para usos, como electrodom\u00e9sticos, limpieza, o para el aseo personal.<\/p>\n<p><strong>8. \u00bfQu\u00e9 se va a hacer desde el Ayuntamiento para solucionarlo?<\/strong><br \/>\nUna de las soluciones tomadas ha sido aportar agua del pozo de San Miguel para diluir los valores que han dado alterados y poder beber el agua del municipio, pues ha d\u00eda de hoy el agua no ha dejado de ser apta para el consumo, se ha informado a la poblaci\u00f3n por prevenci\u00f3n, tal cual nos aconsejan desde Sanidad Ambiental.<\/p>\n<p>En el informe de resultados anal\u00edticos del control de radiactividad, se ha obtenido un valor de Dosis Indicativa (DI) de 0,14 mSv\/a\u00f1o, superior al valor param\u00e9trico establecido en 0,1 mSv\/a\u00f1o.<br \/>\nPor lo anteriormente expuesto se APERCIBE FORMALMENTE, al Ayuntamiento de Caudete que dado que el incumplimiento de los plazos se\u00f1alados en el RD 3\/2023, de 10 de enero, puede constituir una infracci\u00f3n sanitaria.<br \/>\nAs\u00ed mismo, ante la superaci\u00f3n del valor de Dosis Indicativa se\u00f1alada anteriormente, se le REQUIERE:<\/p>\n<p><strong>1.<\/strong> Investigar el posible origen y motivo del mismo, y realizar una evaluaci\u00f3n del sistema de abastecimiento de agua de consumo.<strong> \u201cCumple\u201d<\/strong><br \/>\n<strong>2<\/strong>. En funci\u00f3n de los resultados derivados del paso anterior, establecer un PLAN DE MEDIDAS CORRECTORAS (tratamiento, modificaci\u00f3n del origen del agua, mezcla de aguas de diferentes captaciones, ) <strong>\u201cCumple\u201d<\/strong> , que consiga una dosis indicativa de, a lo sumo, 0,10 mSv, en el per\u00edodo anual subsiguiente, con el fin de reducir el riesgo potencial para la salud de la poblaci\u00f3n. Se considerar\u00e1 la fecha de inicio de todo el proceso de evaluaci\u00f3n, la del bolet\u00edn anal\u00edtico en el que se refleja la superaci\u00f3n del valor de DI, es decir, el 8 de enero de 2024.<br \/>\nSi no se puede establecer un plan de medidas correctoras que garantice una DI 0,10 mSv en un a\u00f1o de consumo, el agua se declarar\u00e1 no apta para el consumo, que conllevar\u00eda la restricci\u00f3n de su uso para beber o preparar alimentos, pudi\u00e9ndose destinar a cualquier otro uso. Aun \u201cNo\u201d es el caso.<\/p>\n<p>Esta informaci\u00f3n ha sido elaborado a partir de la informaci\u00f3n que ofrecen la gu\u00eda de la Organizaci\u00f3n Mundial de la Salud (OMS) &#8216;Management of radioactivity in drinking-water&#8217; y el estudio sobre el an\u00e1lisis de los riesgos derivados de la exposici\u00f3n de la poblaci\u00f3n a las sustancias radiactivas en el agua de consumo humano del Ministerio de Sanidad.<\/p>\n<p><a href=\"https:\/\/www.caudete.org\/ayuntamiento\/wp-content\/uploads\/2024\/03\/Informe-Oficial-sobre-el-estado-del-agua-en-Caudete.pdf\" class=\"mtli_attachment mtli_pdf\">Pulse aqu\u00ed para descargar el informe completo<\/a><\/p>\n","protected":false},"excerpt":{"rendered":"<p>Mar\u00eda Mart\u00ednez Garc\u00eda Concejal de Sanidad y Jos\u00e9 Miguel Moll\u00e1 Nieto Concejal del Ciclo Integral del agua. 1. \u00bfQu\u00e9 es la radiactividad en el agua? La radiactividad est\u00e1 presente de manera natural en nuestra vida diaria: en la propia naturaleza que nos rodea, el suelo, el agua, los alimentos, e incluso en nosotros mismos que &hellip;<\/p>\n","protected":false},"author":5,"featured_media":16555,"comment_status":"closed","ping_status":"open","sticky":false,"template":"","format":"standard","meta":{"ngg_post_thumbnail":0,"footnotes":""},"categories":[16],"tags":[],"class_list":["post-24754","post","type-post","status-publish","format-standard","has-post-thumbnail","hentry","category-sanidad"],"yoast_head":"<!-- This site is optimized with the Yoast SEO plugin v27.5 - https:\/\/yoast.com\/product\/yoast-seo-wordpress\/ -->\n<title>Ocho preguntas y sus respuestas sobre la \u00abradiactividad natural\u00bb del agua detectada en Caudete - MI Ayuntamiento de Caudete<\/title>\n<meta name=\"description\" content=\"P\u00e1gina Oficial del Ayuntamiento de Caudete (Albacete)\" \/>\n<meta name=\"robots\" content=\"index, follow, max-snippet:-1, max-image-preview:large, max-video-preview:-1\" \/>\n<link rel=\"canonical\" href=\"https:\/\/www.caudete.org\/ayuntamiento\/ocho-preguntas-y-sus-respuestas-sobre-la-radiactividad-natural-del-agua-detectada-en-caudete\/\" \/>\n<meta property=\"og:locale\" content=\"es_ES\" \/>\n<meta property=\"og:type\" content=\"article\" \/>\n<meta property=\"og:title\" content=\"Ocho preguntas y sus respuestas sobre la \u00abradiactividad natural\u00bb del agua detectada en Caudete - MI Ayuntamiento de Caudete\" \/>\n<meta property=\"og:description\" content=\"P\u00e1gina Oficial del Ayuntamiento de Caudete (Albacete)\" \/>\n<meta property=\"og:url\" content=\"https:\/\/www.caudete.org\/ayuntamiento\/ocho-preguntas-y-sus-respuestas-sobre-la-radiactividad-natural-del-agua-detectada-en-caudete\/\" \/>\n<meta property=\"og:site_name\" content=\"MI Ayuntamiento de Caudete\" \/>\n<meta property=\"article:publisher\" content=\"https:\/\/www.facebook.com\/ayuntamientocaudete\/\" \/>\n<meta property=\"article:published_time\" content=\"2024-04-03T10:39:44+00:00\" \/>\n<meta property=\"article:modified_time\" content=\"2024-04-03T10:41:06+00:00\" \/>\n<meta property=\"og:image\" content=\"https:\/\/www.caudete.org\/ayuntamiento\/wp-content\/uploads\/2021\/10\/agua.jpg\" \/>\n\t<meta property=\"og:image:width\" content=\"800\" \/>\n\t<meta property=\"og:image:height\" content=\"397\" \/>\n\t<meta property=\"og:image:type\" content=\"image\/jpeg\" \/>\n<meta name=\"author\" content=\"Dpto Informatica MI Ayuntamiento de Caudete\" \/>\n<meta name=\"twitter:card\" content=\"summary_large_image\" \/>\n<meta name=\"twitter:label1\" content=\"Escrito por\" \/>\n\t<meta name=\"twitter:data1\" content=\"Dpto Informatica MI Ayuntamiento de Caudete\" \/>\n\t<meta name=\"twitter:label2\" content=\"Tiempo de lectura\" \/>\n\t<meta name=\"twitter:data2\" content=\"5 minutos\" \/>\n<script type=\"application\/ld+json\" class=\"yoast-schema-graph\">{\"@context\":\"https:\\\/\\\/schema.org\",\"@graph\":[{\"@type\":\"Article\",\"@id\":\"https:\\\/\\\/www.caudete.org\\\/ayuntamiento\\\/ocho-preguntas-y-sus-respuestas-sobre-la-radiactividad-natural-del-agua-detectada-en-caudete\\\/#article\",\"isPartOf\":{\"@id\":\"https:\\\/\\\/www.caudete.org\\\/ayuntamiento\\\/ocho-preguntas-y-sus-respuestas-sobre-la-radiactividad-natural-del-agua-detectada-en-caudete\\\/\"},\"author\":{\"name\":\"Dpto Informatica MI Ayuntamiento de Caudete\",\"@id\":\"https:\\\/\\\/www.caudete.org\\\/ayuntamiento\\\/#\\\/schema\\\/person\\\/4b9eab41761957db9b1bf9c418d1ef46\"},\"headline\":\"Ocho preguntas y sus respuestas sobre la \u00abradiactividad natural\u00bb del agua detectada en Caudete\",\"datePublished\":\"2024-04-03T10:39:44+00:00\",\"dateModified\":\"2024-04-03T10:41:06+00:00\",\"mainEntityOfPage\":{\"@id\":\"https:\\\/\\\/www.caudete.org\\\/ayuntamiento\\\/ocho-preguntas-y-sus-respuestas-sobre-la-radiactividad-natural-del-agua-detectada-en-caudete\\\/\"},\"wordCount\":1105,\"image\":{\"@id\":\"https:\\\/\\\/www.caudete.org\\\/ayuntamiento\\\/ocho-preguntas-y-sus-respuestas-sobre-la-radiactividad-natural-del-agua-detectada-en-caudete\\\/#primaryimage\"},\"thumbnailUrl\":\"https:\\\/\\\/www.caudete.org\\\/ayuntamiento\\\/wp-content\\\/uploads\\\/2021\\\/10\\\/agua.jpg\",\"articleSection\":[\"Sanidad\"],\"inLanguage\":\"es\"},{\"@type\":\"WebPage\",\"@id\":\"https:\\\/\\\/www.caudete.org\\\/ayuntamiento\\\/ocho-preguntas-y-sus-respuestas-sobre-la-radiactividad-natural-del-agua-detectada-en-caudete\\\/\",\"url\":\"https:\\\/\\\/www.caudete.org\\\/ayuntamiento\\\/ocho-preguntas-y-sus-respuestas-sobre-la-radiactividad-natural-del-agua-detectada-en-caudete\\\/\",\"name\":\"Ocho preguntas y sus respuestas sobre la \u00abradiactividad natural\u00bb del agua detectada en Caudete - MI Ayuntamiento de Caudete\",\"isPartOf\":{\"@id\":\"https:\\\/\\\/www.caudete.org\\\/ayuntamiento\\\/#website\"},\"primaryImageOfPage\":{\"@id\":\"https:\\\/\\\/www.caudete.org\\\/ayuntamiento\\\/ocho-preguntas-y-sus-respuestas-sobre-la-radiactividad-natural-del-agua-detectada-en-caudete\\\/#primaryimage\"},\"image\":{\"@id\":\"https:\\\/\\\/www.caudete.org\\\/ayuntamiento\\\/ocho-preguntas-y-sus-respuestas-sobre-la-radiactividad-natural-del-agua-detectada-en-caudete\\\/#primaryimage\"},\"thumbnailUrl\":\"https:\\\/\\\/www.caudete.org\\\/ayuntamiento\\\/wp-content\\\/uploads\\\/2021\\\/10\\\/agua.jpg\",\"datePublished\":\"2024-04-03T10:39:44+00:00\",\"dateModified\":\"2024-04-03T10:41:06+00:00\",\"author\":{\"@id\":\"https:\\\/\\\/www.caudete.org\\\/ayuntamiento\\\/#\\\/schema\\\/person\\\/4b9eab41761957db9b1bf9c418d1ef46\"},\"description\":\"P\u00e1gina Oficial del Ayuntamiento de Caudete (Albacete)\",\"breadcrumb\":{\"@id\":\"https:\\\/\\\/www.caudete.org\\\/ayuntamiento\\\/ocho-preguntas-y-sus-respuestas-sobre-la-radiactividad-natural-del-agua-detectada-en-caudete\\\/#breadcrumb\"},\"inLanguage\":\"es\",\"potentialAction\":[{\"@type\":\"ReadAction\",\"target\":[\"https:\\\/\\\/www.caudete.org\\\/ayuntamiento\\\/ocho-preguntas-y-sus-respuestas-sobre-la-radiactividad-natural-del-agua-detectada-en-caudete\\\/\"]}]},{\"@type\":\"ImageObject\",\"inLanguage\":\"es\",\"@id\":\"https:\\\/\\\/www.caudete.org\\\/ayuntamiento\\\/ocho-preguntas-y-sus-respuestas-sobre-la-radiactividad-natural-del-agua-detectada-en-caudete\\\/#primaryimage\",\"url\":\"https:\\\/\\\/www.caudete.org\\\/ayuntamiento\\\/wp-content\\\/uploads\\\/2021\\\/10\\\/agua.jpg\",\"contentUrl\":\"https:\\\/\\\/www.caudete.org\\\/ayuntamiento\\\/wp-content\\\/uploads\\\/2021\\\/10\\\/agua.jpg\",\"width\":800,\"height\":397,\"caption\":\"Corte agua\"},{\"@type\":\"BreadcrumbList\",\"@id\":\"https:\\\/\\\/www.caudete.org\\\/ayuntamiento\\\/ocho-preguntas-y-sus-respuestas-sobre-la-radiactividad-natural-del-agua-detectada-en-caudete\\\/#breadcrumb\",\"itemListElement\":[{\"@type\":\"ListItem\",\"position\":1,\"name\":\"Inicio\",\"item\":\"https:\\\/\\\/www.caudete.org\\\/ayuntamiento\\\/\"},{\"@type\":\"ListItem\",\"position\":2,\"name\":\"Ocho preguntas y sus respuestas sobre la \u00abradiactividad natural\u00bb del agua detectada en Caudete\"}]},{\"@type\":\"WebSite\",\"@id\":\"https:\\\/\\\/www.caudete.org\\\/ayuntamiento\\\/#website\",\"url\":\"https:\\\/\\\/www.caudete.org\\\/ayuntamiento\\\/\",\"name\":\"MI Ayuntamiento de Caudete\",\"description\":\"P\u00e1gina Oficial del MI Ayuntamiento de Caudete\",\"potentialAction\":[{\"@type\":\"SearchAction\",\"target\":{\"@type\":\"EntryPoint\",\"urlTemplate\":\"https:\\\/\\\/www.caudete.org\\\/ayuntamiento\\\/?s={search_term_string}\"},\"query-input\":{\"@type\":\"PropertyValueSpecification\",\"valueRequired\":true,\"valueName\":\"search_term_string\"}}],\"inLanguage\":\"es\"},{\"@type\":\"Person\",\"@id\":\"https:\\\/\\\/www.caudete.org\\\/ayuntamiento\\\/#\\\/schema\\\/person\\\/4b9eab41761957db9b1bf9c418d1ef46\",\"name\":\"Dpto Informatica MI Ayuntamiento de Caudete\",\"image\":{\"@type\":\"ImageObject\",\"inLanguage\":\"es\",\"@id\":\"https:\\\/\\\/secure.gravatar.com\\\/avatar\\\/ac0321ee4a0a83e82a253e7b2d348ef539e2c8fe16d06b600bde04de1b364fa7?s=96&d=mm&r=g\",\"url\":\"https:\\\/\\\/secure.gravatar.com\\\/avatar\\\/ac0321ee4a0a83e82a253e7b2d348ef539e2c8fe16d06b600bde04de1b364fa7?s=96&d=mm&r=g\",\"contentUrl\":\"https:\\\/\\\/secure.gravatar.com\\\/avatar\\\/ac0321ee4a0a83e82a253e7b2d348ef539e2c8fe16d06b600bde04de1b364fa7?s=96&d=mm&r=g\",\"caption\":\"Dpto Informatica MI Ayuntamiento de Caudete\"},\"url\":\"https:\\\/\\\/www.caudete.org\\\/ayuntamiento\\\/author\\\/informatica\\\/\"}]}<\/script>\n<!-- \/ Yoast SEO plugin. -->","yoast_head_json":{"title":"Ocho preguntas y sus respuestas sobre la \u00abradiactividad natural\u00bb del agua detectada en Caudete - MI Ayuntamiento de Caudete","description":"P\u00e1gina Oficial del Ayuntamiento de Caudete (Albacete)","robots":{"index":"index","follow":"follow","max-snippet":"max-snippet:-1","max-image-preview":"max-image-preview:large","max-video-preview":"max-video-preview:-1"},"canonical":"https:\/\/www.caudete.org\/ayuntamiento\/ocho-preguntas-y-sus-respuestas-sobre-la-radiactividad-natural-del-agua-detectada-en-caudete\/","og_locale":"es_ES","og_type":"article","og_title":"Ocho preguntas y sus respuestas sobre la \u00abradiactividad natural\u00bb del agua detectada en Caudete - MI Ayuntamiento de Caudete","og_description":"P\u00e1gina Oficial del Ayuntamiento de Caudete (Albacete)","og_url":"https:\/\/www.caudete.org\/ayuntamiento\/ocho-preguntas-y-sus-respuestas-sobre-la-radiactividad-natural-del-agua-detectada-en-caudete\/","og_site_name":"MI Ayuntamiento de Caudete","article_publisher":"https:\/\/www.facebook.com\/ayuntamientocaudete\/","article_published_time":"2024-04-03T10:39:44+00:00","article_modified_time":"2024-04-03T10:41:06+00:00","og_image":[{"width":800,"height":397,"url":"https:\/\/www.caudete.org\/ayuntamiento\/wp-content\/uploads\/2021\/10\/agua.jpg","type":"image\/jpeg"}],"author":"Dpto Informatica MI Ayuntamiento de Caudete","twitter_card":"summary_large_image","twitter_misc":{"Escrito por":"Dpto Informatica MI Ayuntamiento de Caudete","Tiempo de lectura":"5 minutos"},"schema":{"@context":"https:\/\/schema.org","@graph":[{"@type":"Article","@id":"https:\/\/www.caudete.org\/ayuntamiento\/ocho-preguntas-y-sus-respuestas-sobre-la-radiactividad-natural-del-agua-detectada-en-caudete\/#article","isPartOf":{"@id":"https:\/\/www.caudete.org\/ayuntamiento\/ocho-preguntas-y-sus-respuestas-sobre-la-radiactividad-natural-del-agua-detectada-en-caudete\/"},"author":{"name":"Dpto Informatica MI Ayuntamiento de Caudete","@id":"https:\/\/www.caudete.org\/ayuntamiento\/#\/schema\/person\/4b9eab41761957db9b1bf9c418d1ef46"},"headline":"Ocho preguntas y sus respuestas sobre la \u00abradiactividad natural\u00bb del agua detectada en Caudete","datePublished":"2024-04-03T10:39:44+00:00","dateModified":"2024-04-03T10:41:06+00:00","mainEntityOfPage":{"@id":"https:\/\/www.caudete.org\/ayuntamiento\/ocho-preguntas-y-sus-respuestas-sobre-la-radiactividad-natural-del-agua-detectada-en-caudete\/"},"wordCount":1105,"image":{"@id":"https:\/\/www.caudete.org\/ayuntamiento\/ocho-preguntas-y-sus-respuestas-sobre-la-radiactividad-natural-del-agua-detectada-en-caudete\/#primaryimage"},"thumbnailUrl":"https:\/\/www.caudete.org\/ayuntamiento\/wp-content\/uploads\/2021\/10\/agua.jpg","articleSection":["Sanidad"],"inLanguage":"es"},{"@type":"WebPage","@id":"https:\/\/www.caudete.org\/ayuntamiento\/ocho-preguntas-y-sus-respuestas-sobre-la-radiactividad-natural-del-agua-detectada-en-caudete\/","url":"https:\/\/www.caudete.org\/ayuntamiento\/ocho-preguntas-y-sus-respuestas-sobre-la-radiactividad-natural-del-agua-detectada-en-caudete\/","name":"Ocho preguntas y sus respuestas sobre la \u00abradiactividad natural\u00bb del agua detectada en Caudete - MI Ayuntamiento de Caudete","isPartOf":{"@id":"https:\/\/www.caudete.org\/ayuntamiento\/#website"},"primaryImageOfPage":{"@id":"https:\/\/www.caudete.org\/ayuntamiento\/ocho-preguntas-y-sus-respuestas-sobre-la-radiactividad-natural-del-agua-detectada-en-caudete\/#primaryimage"},"image":{"@id":"https:\/\/www.caudete.org\/ayuntamiento\/ocho-preguntas-y-sus-respuestas-sobre-la-radiactividad-natural-del-agua-detectada-en-caudete\/#primaryimage"},"thumbnailUrl":"https:\/\/www.caudete.org\/ayuntamiento\/wp-content\/uploads\/2021\/10\/agua.jpg","datePublished":"2024-04-03T10:39:44+00:00","dateModified":"2024-04-03T10:41:06+00:00","author":{"@id":"https:\/\/www.caudete.org\/ayuntamiento\/#\/schema\/person\/4b9eab41761957db9b1bf9c418d1ef46"},"description":"P\u00e1gina Oficial del Ayuntamiento de Caudete (Albacete)","breadcrumb":{"@id":"https:\/\/www.caudete.org\/ayuntamiento\/ocho-preguntas-y-sus-respuestas-sobre-la-radiactividad-natural-del-agua-detectada-en-caudete\/#breadcrumb"},"inLanguage":"es","potentialAction":[{"@type":"ReadAction","target":["https:\/\/www.caudete.org\/ayuntamiento\/ocho-preguntas-y-sus-respuestas-sobre-la-radiactividad-natural-del-agua-detectada-en-caudete\/"]}]},{"@type":"ImageObject","inLanguage":"es","@id":"https:\/\/www.caudete.org\/ayuntamiento\/ocho-preguntas-y-sus-respuestas-sobre-la-radiactividad-natural-del-agua-detectada-en-caudete\/#primaryimage","url":"https:\/\/www.caudete.org\/ayuntamiento\/wp-content\/uploads\/2021\/10\/agua.jpg","contentUrl":"https:\/\/www.caudete.org\/ayuntamiento\/wp-content\/uploads\/2021\/10\/agua.jpg","width":800,"height":397,"caption":"Corte agua"},{"@type":"BreadcrumbList","@id":"https:\/\/www.caudete.org\/ayuntamiento\/ocho-preguntas-y-sus-respuestas-sobre-la-radiactividad-natural-del-agua-detectada-en-caudete\/#breadcrumb","itemListElement":[{"@type":"ListItem","position":1,"name":"Inicio","item":"https:\/\/www.caudete.org\/ayuntamiento\/"},{"@type":"ListItem","position":2,"name":"Ocho preguntas y sus respuestas sobre la \u00abradiactividad natural\u00bb del agua detectada en Caudete"}]},{"@type":"WebSite","@id":"https:\/\/www.caudete.org\/ayuntamiento\/#website","url":"https:\/\/www.caudete.org\/ayuntamiento\/","name":"MI Ayuntamiento de Caudete","description":"P\u00e1gina Oficial del MI Ayuntamiento de Caudete","potentialAction":[{"@type":"SearchAction","target":{"@type":"EntryPoint","urlTemplate":"https:\/\/www.caudete.org\/ayuntamiento\/?s={search_term_string}"},"query-input":{"@type":"PropertyValueSpecification","valueRequired":true,"valueName":"search_term_string"}}],"inLanguage":"es"},{"@type":"Person","@id":"https:\/\/www.caudete.org\/ayuntamiento\/#\/schema\/person\/4b9eab41761957db9b1bf9c418d1ef46","name":"Dpto Informatica MI Ayuntamiento de Caudete","image":{"@type":"ImageObject","inLanguage":"es","@id":"https:\/\/secure.gravatar.com\/avatar\/ac0321ee4a0a83e82a253e7b2d348ef539e2c8fe16d06b600bde04de1b364fa7?s=96&d=mm&r=g","url":"https:\/\/secure.gravatar.com\/avatar\/ac0321ee4a0a83e82a253e7b2d348ef539e2c8fe16d06b600bde04de1b364fa7?s=96&d=mm&r=g","contentUrl":"https:\/\/secure.gravatar.com\/avatar\/ac0321ee4a0a83e82a253e7b2d348ef539e2c8fe16d06b600bde04de1b364fa7?s=96&d=mm&r=g","caption":"Dpto Informatica MI Ayuntamiento de Caudete"},"url":"https:\/\/www.caudete.org\/ayuntamiento\/author\/informatica\/"}]}},"_links":{"self":[{"href":"https:\/\/www.caudete.org\/ayuntamiento\/wp-json\/wp\/v2\/posts\/24754","targetHints":{"allow":["GET"]}}],"collection":[{"href":"https:\/\/www.caudete.org\/ayuntamiento\/wp-json\/wp\/v2\/posts"}],"about":[{"href":"https:\/\/www.caudete.org\/ayuntamiento\/wp-json\/wp\/v2\/types\/post"}],"author":[{"embeddable":true,"href":"https:\/\/www.caudete.org\/ayuntamiento\/wp-json\/wp\/v2\/users\/5"}],"replies":[{"embeddable":true,"href":"https:\/\/www.caudete.org\/ayuntamiento\/wp-json\/wp\/v2\/comments?post=24754"}],"version-history":[{"count":2,"href":"https:\/\/www.caudete.org\/ayuntamiento\/wp-json\/wp\/v2\/posts\/24754\/revisions"}],"predecessor-version":[{"id":24756,"href":"https:\/\/www.caudete.org\/ayuntamiento\/wp-json\/wp\/v2\/posts\/24754\/revisions\/24756"}],"wp:featuredmedia":[{"embeddable":true,"href":"https:\/\/www.caudete.org\/ayuntamiento\/wp-json\/wp\/v2\/media\/16555"}],"wp:attachment":[{"href":"https:\/\/www.caudete.org\/ayuntamiento\/wp-json\/wp\/v2\/media?parent=24754"}],"wp:term":[{"taxonomy":"category","embeddable":true,"href":"https:\/\/www.caudete.org\/ayuntamiento\/wp-json\/wp\/v2\/categories?post=24754"},{"taxonomy":"post_tag","embeddable":true,"href":"https:\/\/www.caudete.org\/ayuntamiento\/wp-json\/wp\/v2\/tags?post=24754"}],"curies":[{"name":"wp","href":"https:\/\/api.w.org\/{rel}","templated":true}]}}