{"id":24778,"date":"2024-04-09T14:27:25","date_gmt":"2024-04-09T12:27:25","guid":{"rendered":"https:\/\/www.caudete.org\/ayuntamiento\/?p=24778"},"modified":"2024-04-10T10:18:56","modified_gmt":"2024-04-10T08:18:56","slug":"charlas-divulgativas-nos-hacemos-visibles-12-de-abril-de-2024-almansa","status":"publish","type":"post","link":"https:\/\/www.caudete.org\/ayuntamiento\/charlas-divulgativas-nos-hacemos-visibles-12-de-abril-de-2024-almansa\/","title":{"rendered":"Charlas divulgativas: &#8220;Nos hacemos visibles&#8221; 12 de abril de 2024. Almansa"},"content":{"rendered":"<p>La Concejal de Igualdad, Mar\u00eda Mart\u00ednez Garc\u00eda, pone en conocimiento de la ciudadan\u00eda de Caudete que el pr\u00f3ximo viernes 1<strong>2 de abril<\/strong> de 2024, en el Centro de Innovaci\u00f3n Empresarial y Formaci\u00f3n Aniceto Coloma de Almansa, tendr\u00e1 lugar una jornada denominada: <strong>CHARLAS DIVULGATIVAS DE ANIMACI\u00d3N \u201cNOS HACEMOS VISIBLES\u201d.<\/strong><\/p>\n<p>Se trata de un proyecto del Grupo de Desarrollo Rural Monte Ib\u00e9rico-Corredor de Almansa, financiado 100% por el programa de desarrollo rural LEADER 2014-2022 y organizado en colaboraci\u00f3n con los Centros de la Mujer de Almansa, Caudete, Higueruela, San Pedro y el Excmo. Ayuntamiento de Almansa.<br \/>\nEsta iniciativa pretende ser un encuentro en el que poner en valor el papel de la mujer en el desarrollo rural, alentarla hacia el emprendimiento y mostrar la Comarca Monte Ib\u00e9rico-Corredor de Almansa como un territorio de oportunidades laborales.<\/p>\n<p>Tanto la inscripci\u00f3n como el desplazamiento son <strong>gratuitos.<br \/>\n<\/strong><br \/>\nEl <strong>PROGRAMA<\/strong> ser\u00e1 el siguiente:<br \/>\n9:30 h.- Recepci\u00f3n de participantes<br \/>\n10:00 h.- Inauguraci\u00f3n.<br \/>\nD. Ram\u00f3n S\u00e1ez G\u00f3mez &#8211; Delegado Provincial de Agricultura, Ganader\u00eda y Desarrollo Rural, en Albacete.<br \/>\nD\u00aa. Pilar Callado Garc\u00eda &#8211; Alcaldesa de Almansa.<br \/>\nD\u00aa. Isabel Mart\u00ednez Arnedo &#8211; Presidenta del G.D.R Monte Ib\u00e9rico-Corredor de Almansa.<br \/>\n10:30 h.- Ponencia<br \/>\nMotivaci\u00f3n para el emprendimiento. D\u00aa Miriam Legidos Cruzado &#8211; Cruzado Asesores<br \/>\n11:15 h.- Mesa redonda &#8211; Mujeres que inspiran.<br \/>\nD\u00aa Antonia Pastrana P\u00e9rez \u2013 Presidenta de AMEPAP.<br \/>\nD\u00aa Albertina Gracia Llorens &#8211; Centro de belleza y formaci\u00f3n.<br \/>\nD\u00aa Rosa Mar\u00eda G\u00f3mez Medina &#8211; SERCOAMA.<br \/>\nD\u00aa M\u00f3nica Recio Soriano y D\u00aa Bego\u00f1a S\u00e1ez L\u00f3pez &#8211; NAUA ALMANSA<br \/>\n12:00 h .- Pausa Caf\u00e9<br \/>\n12:30 h.- 13:20.- Mesa Redonda.- Organizaciones.<br \/>\nD\u00aa Mari Luz Fresneda &#8211; FADEMUR.<br \/>\nD\u00aa Antonia Mill\u00e1n &#8211; CLAM COOP.<br \/>\nD\u00aa Mar\u00eda Carmen Talavera Tolosa &#8211; GERENTE GDR MONTE IB\u00c9RICO-CORREDOR DE ALMANSA<br \/>\n13:30 Clausura<\/p>\n<p><strong>ENLACE FORMULARIO INSCRIPCI\u00d3N:<\/strong><br \/>\n<a href=\"https:\/\/docs.google.com\/forms\/d\/e\/1FAIpQLSfZoq-IPwjtLMV6rSKYs-CyLobzn7yCNnePcdXhrr2CFpV-HQ\/viewform?vc=0&amp;c=0&amp;w=1&amp;flr=0\" target=\"_blank\" rel=\"nofollow\">Pulsa aqu\u00ed para inscribirte<\/a><br \/>\n<strong>Lugar:<\/strong> Centro de Innovaci\u00f3n Empresarial y Formaci\u00f3n Aniceto Coloma, calle Vel\u00e1zquez, 25 \u2013 02640 Almansa<br \/>\nM\u00e1s informaci\u00f3n en la oficina del CEDER tfno. 967 33 34 06 o en tu Centro de la Mujer.<\/p>\n<p>&nbsp;<\/p>\n","protected":false},"excerpt":{"rendered":"<p>La Concejal de Igualdad, Mar\u00eda Mart\u00ednez Garc\u00eda, pone en conocimiento de la ciudadan\u00eda de Caudete que el pr\u00f3ximo viernes 12 de abril de 2024, en el Centro de Innovaci\u00f3n Empresarial y Formaci\u00f3n Aniceto Coloma de Almansa, tendr\u00e1 lugar una jornada denominada: CHARLAS DIVULGATIVAS DE ANIMACI\u00d3N \u201cNOS HACEMOS VISIBLES\u201d. Se trata de un proyecto del Grupo &hellip;<\/p>\n","protected":false},"author":5,"featured_media":24779,"comment_status":"closed","ping_status":"open","sticky":false,"template":"","format":"standard","meta":{"ngg_post_thumbnail":0,"footnotes":""},"categories":[522],"tags":[],"class_list":["post-24778","post","type-post","status-publish","format-standard","has-post-thumbnail","hentry","category-igualdad"],"yoast_head":"<!-- This site is optimized with the Yoast SEO plugin v27.5 - https:\/\/yoast.com\/product\/yoast-seo-wordpress\/ -->\n<title>Charlas divulgativas: &quot;Nos hacemos visibles&quot; 12 de abril de 2024. Almansa - MI Ayuntamiento de Caudete<\/title>\n<meta name=\"description\" content=\"P\u00e1gina Oficial del Ayuntamiento de Caudete (Albacete)\" \/>\n<meta name=\"robots\" content=\"index, follow, max-snippet:-1, max-image-preview:large, max-video-preview:-1\" \/>\n<link rel=\"canonical\" href=\"https:\/\/www.caudete.org\/ayuntamiento\/charlas-divulgativas-nos-hacemos-visibles-12-de-abril-de-2024-almansa\/\" \/>\n<meta property=\"og:locale\" content=\"es_ES\" \/>\n<meta property=\"og:type\" content=\"article\" \/>\n<meta property=\"og:title\" content=\"Charlas divulgativas: &quot;Nos hacemos visibles&quot; 12 de abril de 2024. Almansa - MI Ayuntamiento de Caudete\" \/>\n<meta property=\"og:description\" content=\"P\u00e1gina Oficial del Ayuntamiento de Caudete (Albacete)\" \/>\n<meta property=\"og:url\" content=\"https:\/\/www.caudete.org\/ayuntamiento\/charlas-divulgativas-nos-hacemos-visibles-12-de-abril-de-2024-almansa\/\" \/>\n<meta property=\"og:site_name\" content=\"MI Ayuntamiento de Caudete\" \/>\n<meta property=\"article:publisher\" content=\"https:\/\/www.facebook.com\/ayuntamientocaudete\/\" \/>\n<meta property=\"article:published_time\" content=\"2024-04-09T12:27:25+00:00\" \/>\n<meta property=\"article:modified_time\" content=\"2024-04-10T08:18:56+00:00\" \/>\n<meta property=\"og:image\" content=\"https:\/\/www.caudete.org\/ayuntamiento\/wp-content\/uploads\/2024\/04\/CharlaIgualdad.jpg\" \/>\n\t<meta property=\"og:image:width\" content=\"571\" \/>\n\t<meta property=\"og:image:height\" content=\"326\" \/>\n\t<meta property=\"og:image:type\" content=\"image\/jpeg\" \/>\n<meta name=\"author\" content=\"Dpto Informatica MI Ayuntamiento de Caudete\" \/>\n<meta name=\"twitter:card\" content=\"summary_large_image\" \/>\n<meta name=\"twitter:label1\" content=\"Escrito por\" \/>\n\t<meta name=\"twitter:data1\" content=\"Dpto Informatica MI Ayuntamiento de Caudete\" \/>\n\t<meta name=\"twitter:label2\" content=\"Tiempo de lectura\" \/>\n\t<meta name=\"twitter:data2\" content=\"2 minutos\" \/>\n<script type=\"application\/ld+json\" class=\"yoast-schema-graph\">{\"@context\":\"https:\\\/\\\/schema.org\",\"@graph\":[{\"@type\":\"Article\",\"@id\":\"https:\\\/\\\/www.caudete.org\\\/ayuntamiento\\\/charlas-divulgativas-nos-hacemos-visibles-12-de-abril-de-2024-almansa\\\/#article\",\"isPartOf\":{\"@id\":\"https:\\\/\\\/www.caudete.org\\\/ayuntamiento\\\/charlas-divulgativas-nos-hacemos-visibles-12-de-abril-de-2024-almansa\\\/\"},\"author\":{\"name\":\"Dpto Informatica MI Ayuntamiento de Caudete\",\"@id\":\"https:\\\/\\\/www.caudete.org\\\/ayuntamiento\\\/#\\\/schema\\\/person\\\/4b9eab41761957db9b1bf9c418d1ef46\"},\"headline\":\"Charlas divulgativas: &#8220;Nos hacemos visibles&#8221; 12 de abril de 2024. Almansa\",\"datePublished\":\"2024-04-09T12:27:25+00:00\",\"dateModified\":\"2024-04-10T08:18:56+00:00\",\"mainEntityOfPage\":{\"@id\":\"https:\\\/\\\/www.caudete.org\\\/ayuntamiento\\\/charlas-divulgativas-nos-hacemos-visibles-12-de-abril-de-2024-almansa\\\/\"},\"wordCount\":365,\"image\":{\"@id\":\"https:\\\/\\\/www.caudete.org\\\/ayuntamiento\\\/charlas-divulgativas-nos-hacemos-visibles-12-de-abril-de-2024-almansa\\\/#primaryimage\"},\"thumbnailUrl\":\"https:\\\/\\\/www.caudete.org\\\/ayuntamiento\\\/wp-content\\\/uploads\\\/2024\\\/04\\\/CharlaIgualdad.jpg\",\"articleSection\":[\"Igualdad\"],\"inLanguage\":\"es\"},{\"@type\":\"WebPage\",\"@id\":\"https:\\\/\\\/www.caudete.org\\\/ayuntamiento\\\/charlas-divulgativas-nos-hacemos-visibles-12-de-abril-de-2024-almansa\\\/\",\"url\":\"https:\\\/\\\/www.caudete.org\\\/ayuntamiento\\\/charlas-divulgativas-nos-hacemos-visibles-12-de-abril-de-2024-almansa\\\/\",\"name\":\"Charlas divulgativas: \\\"Nos hacemos visibles\\\" 12 de abril de 2024. Almansa - MI Ayuntamiento de Caudete\",\"isPartOf\":{\"@id\":\"https:\\\/\\\/www.caudete.org\\\/ayuntamiento\\\/#website\"},\"primaryImageOfPage\":{\"@id\":\"https:\\\/\\\/www.caudete.org\\\/ayuntamiento\\\/charlas-divulgativas-nos-hacemos-visibles-12-de-abril-de-2024-almansa\\\/#primaryimage\"},\"image\":{\"@id\":\"https:\\\/\\\/www.caudete.org\\\/ayuntamiento\\\/charlas-divulgativas-nos-hacemos-visibles-12-de-abril-de-2024-almansa\\\/#primaryimage\"},\"thumbnailUrl\":\"https:\\\/\\\/www.caudete.org\\\/ayuntamiento\\\/wp-content\\\/uploads\\\/2024\\\/04\\\/CharlaIgualdad.jpg\",\"datePublished\":\"2024-04-09T12:27:25+00:00\",\"dateModified\":\"2024-04-10T08:18:56+00:00\",\"author\":{\"@id\":\"https:\\\/\\\/www.caudete.org\\\/ayuntamiento\\\/#\\\/schema\\\/person\\\/4b9eab41761957db9b1bf9c418d1ef46\"},\"description\":\"P\u00e1gina Oficial del Ayuntamiento de Caudete (Albacete)\",\"breadcrumb\":{\"@id\":\"https:\\\/\\\/www.caudete.org\\\/ayuntamiento\\\/charlas-divulgativas-nos-hacemos-visibles-12-de-abril-de-2024-almansa\\\/#breadcrumb\"},\"inLanguage\":\"es\",\"potentialAction\":[{\"@type\":\"ReadAction\",\"target\":[\"https:\\\/\\\/www.caudete.org\\\/ayuntamiento\\\/charlas-divulgativas-nos-hacemos-visibles-12-de-abril-de-2024-almansa\\\/\"]}]},{\"@type\":\"ImageObject\",\"inLanguage\":\"es\",\"@id\":\"https:\\\/\\\/www.caudete.org\\\/ayuntamiento\\\/charlas-divulgativas-nos-hacemos-visibles-12-de-abril-de-2024-almansa\\\/#primaryimage\",\"url\":\"https:\\\/\\\/www.caudete.org\\\/ayuntamiento\\\/wp-content\\\/uploads\\\/2024\\\/04\\\/CharlaIgualdad.jpg\",\"contentUrl\":\"https:\\\/\\\/www.caudete.org\\\/ayuntamiento\\\/wp-content\\\/uploads\\\/2024\\\/04\\\/CharlaIgualdad.jpg\",\"width\":571,\"height\":326},{\"@type\":\"BreadcrumbList\",\"@id\":\"https:\\\/\\\/www.caudete.org\\\/ayuntamiento\\\/charlas-divulgativas-nos-hacemos-visibles-12-de-abril-de-2024-almansa\\\/#breadcrumb\",\"itemListElement\":[{\"@type\":\"ListItem\",\"position\":1,\"name\":\"Inicio\",\"item\":\"https:\\\/\\\/www.caudete.org\\\/ayuntamiento\\\/\"},{\"@type\":\"ListItem\",\"position\":2,\"name\":\"Charlas divulgativas: &#8220;Nos hacemos visibles&#8221; 12 de abril de 2024. Almansa\"}]},{\"@type\":\"WebSite\",\"@id\":\"https:\\\/\\\/www.caudete.org\\\/ayuntamiento\\\/#website\",\"url\":\"https:\\\/\\\/www.caudete.org\\\/ayuntamiento\\\/\",\"name\":\"MI Ayuntamiento de Caudete\",\"description\":\"P\u00e1gina Oficial del MI Ayuntamiento de Caudete\",\"potentialAction\":[{\"@type\":\"SearchAction\",\"target\":{\"@type\":\"EntryPoint\",\"urlTemplate\":\"https:\\\/\\\/www.caudete.org\\\/ayuntamiento\\\/?s={search_term_string}\"},\"query-input\":{\"@type\":\"PropertyValueSpecification\",\"valueRequired\":true,\"valueName\":\"search_term_string\"}}],\"inLanguage\":\"es\"},{\"@type\":\"Person\",\"@id\":\"https:\\\/\\\/www.caudete.org\\\/ayuntamiento\\\/#\\\/schema\\\/person\\\/4b9eab41761957db9b1bf9c418d1ef46\",\"name\":\"Dpto Informatica MI Ayuntamiento de Caudete\",\"image\":{\"@type\":\"ImageObject\",\"inLanguage\":\"es\",\"@id\":\"https:\\\/\\\/secure.gravatar.com\\\/avatar\\\/ac0321ee4a0a83e82a253e7b2d348ef539e2c8fe16d06b600bde04de1b364fa7?s=96&d=mm&r=g\",\"url\":\"https:\\\/\\\/secure.gravatar.com\\\/avatar\\\/ac0321ee4a0a83e82a253e7b2d348ef539e2c8fe16d06b600bde04de1b364fa7?s=96&d=mm&r=g\",\"contentUrl\":\"https:\\\/\\\/secure.gravatar.com\\\/avatar\\\/ac0321ee4a0a83e82a253e7b2d348ef539e2c8fe16d06b600bde04de1b364fa7?s=96&d=mm&r=g\",\"caption\":\"Dpto Informatica MI Ayuntamiento de Caudete\"},\"url\":\"https:\\\/\\\/www.caudete.org\\\/ayuntamiento\\\/author\\\/informatica\\\/\"}]}<\/script>\n<!-- \/ Yoast SEO plugin. -->","yoast_head_json":{"title":"Charlas divulgativas: \"Nos hacemos visibles\" 12 de abril de 2024. Almansa - MI Ayuntamiento de Caudete","description":"P\u00e1gina Oficial del Ayuntamiento de Caudete (Albacete)","robots":{"index":"index","follow":"follow","max-snippet":"max-snippet:-1","max-image-preview":"max-image-preview:large","max-video-preview":"max-video-preview:-1"},"canonical":"https:\/\/www.caudete.org\/ayuntamiento\/charlas-divulgativas-nos-hacemos-visibles-12-de-abril-de-2024-almansa\/","og_locale":"es_ES","og_type":"article","og_title":"Charlas divulgativas: \"Nos hacemos visibles\" 12 de abril de 2024. Almansa - MI Ayuntamiento de Caudete","og_description":"P\u00e1gina Oficial del Ayuntamiento de Caudete (Albacete)","og_url":"https:\/\/www.caudete.org\/ayuntamiento\/charlas-divulgativas-nos-hacemos-visibles-12-de-abril-de-2024-almansa\/","og_site_name":"MI Ayuntamiento de Caudete","article_publisher":"https:\/\/www.facebook.com\/ayuntamientocaudete\/","article_published_time":"2024-04-09T12:27:25+00:00","article_modified_time":"2024-04-10T08:18:56+00:00","og_image":[{"width":571,"height":326,"url":"https:\/\/www.caudete.org\/ayuntamiento\/wp-content\/uploads\/2024\/04\/CharlaIgualdad.jpg","type":"image\/jpeg"}],"author":"Dpto Informatica MI Ayuntamiento de Caudete","twitter_card":"summary_large_image","twitter_misc":{"Escrito por":"Dpto Informatica MI Ayuntamiento de Caudete","Tiempo de lectura":"2 minutos"},"schema":{"@context":"https:\/\/schema.org","@graph":[{"@type":"Article","@id":"https:\/\/www.caudete.org\/ayuntamiento\/charlas-divulgativas-nos-hacemos-visibles-12-de-abril-de-2024-almansa\/#article","isPartOf":{"@id":"https:\/\/www.caudete.org\/ayuntamiento\/charlas-divulgativas-nos-hacemos-visibles-12-de-abril-de-2024-almansa\/"},"author":{"name":"Dpto Informatica MI Ayuntamiento de Caudete","@id":"https:\/\/www.caudete.org\/ayuntamiento\/#\/schema\/person\/4b9eab41761957db9b1bf9c418d1ef46"},"headline":"Charlas divulgativas: &#8220;Nos hacemos visibles&#8221; 12 de abril de 2024. Almansa","datePublished":"2024-04-09T12:27:25+00:00","dateModified":"2024-04-10T08:18:56+00:00","mainEntityOfPage":{"@id":"https:\/\/www.caudete.org\/ayuntamiento\/charlas-divulgativas-nos-hacemos-visibles-12-de-abril-de-2024-almansa\/"},"wordCount":365,"image":{"@id":"https:\/\/www.caudete.org\/ayuntamiento\/charlas-divulgativas-nos-hacemos-visibles-12-de-abril-de-2024-almansa\/#primaryimage"},"thumbnailUrl":"https:\/\/www.caudete.org\/ayuntamiento\/wp-content\/uploads\/2024\/04\/CharlaIgualdad.jpg","articleSection":["Igualdad"],"inLanguage":"es"},{"@type":"WebPage","@id":"https:\/\/www.caudete.org\/ayuntamiento\/charlas-divulgativas-nos-hacemos-visibles-12-de-abril-de-2024-almansa\/","url":"https:\/\/www.caudete.org\/ayuntamiento\/charlas-divulgativas-nos-hacemos-visibles-12-de-abril-de-2024-almansa\/","name":"Charlas divulgativas: \"Nos hacemos visibles\" 12 de abril de 2024. Almansa - MI Ayuntamiento de Caudete","isPartOf":{"@id":"https:\/\/www.caudete.org\/ayuntamiento\/#website"},"primaryImageOfPage":{"@id":"https:\/\/www.caudete.org\/ayuntamiento\/charlas-divulgativas-nos-hacemos-visibles-12-de-abril-de-2024-almansa\/#primaryimage"},"image":{"@id":"https:\/\/www.caudete.org\/ayuntamiento\/charlas-divulgativas-nos-hacemos-visibles-12-de-abril-de-2024-almansa\/#primaryimage"},"thumbnailUrl":"https:\/\/www.caudete.org\/ayuntamiento\/wp-content\/uploads\/2024\/04\/CharlaIgualdad.jpg","datePublished":"2024-04-09T12:27:25+00:00","dateModified":"2024-04-10T08:18:56+00:00","author":{"@id":"https:\/\/www.caudete.org\/ayuntamiento\/#\/schema\/person\/4b9eab41761957db9b1bf9c418d1ef46"},"description":"P\u00e1gina Oficial del Ayuntamiento de Caudete (Albacete)","breadcrumb":{"@id":"https:\/\/www.caudete.org\/ayuntamiento\/charlas-divulgativas-nos-hacemos-visibles-12-de-abril-de-2024-almansa\/#breadcrumb"},"inLanguage":"es","potentialAction":[{"@type":"ReadAction","target":["https:\/\/www.caudete.org\/ayuntamiento\/charlas-divulgativas-nos-hacemos-visibles-12-de-abril-de-2024-almansa\/"]}]},{"@type":"ImageObject","inLanguage":"es","@id":"https:\/\/www.caudete.org\/ayuntamiento\/charlas-divulgativas-nos-hacemos-visibles-12-de-abril-de-2024-almansa\/#primaryimage","url":"https:\/\/www.caudete.org\/ayuntamiento\/wp-content\/uploads\/2024\/04\/CharlaIgualdad.jpg","contentUrl":"https:\/\/www.caudete.org\/ayuntamiento\/wp-content\/uploads\/2024\/04\/CharlaIgualdad.jpg","width":571,"height":326},{"@type":"BreadcrumbList","@id":"https:\/\/www.caudete.org\/ayuntamiento\/charlas-divulgativas-nos-hacemos-visibles-12-de-abril-de-2024-almansa\/#breadcrumb","itemListElement":[{"@type":"ListItem","position":1,"name":"Inicio","item":"https:\/\/www.caudete.org\/ayuntamiento\/"},{"@type":"ListItem","position":2,"name":"Charlas divulgativas: &#8220;Nos hacemos visibles&#8221; 12 de abril de 2024. Almansa"}]},{"@type":"WebSite","@id":"https:\/\/www.caudete.org\/ayuntamiento\/#website","url":"https:\/\/www.caudete.org\/ayuntamiento\/","name":"MI Ayuntamiento de Caudete","description":"P\u00e1gina Oficial del MI Ayuntamiento de Caudete","potentialAction":[{"@type":"SearchAction","target":{"@type":"EntryPoint","urlTemplate":"https:\/\/www.caudete.org\/ayuntamiento\/?s={search_term_string}"},"query-input":{"@type":"PropertyValueSpecification","valueRequired":true,"valueName":"search_term_string"}}],"inLanguage":"es"},{"@type":"Person","@id":"https:\/\/www.caudete.org\/ayuntamiento\/#\/schema\/person\/4b9eab41761957db9b1bf9c418d1ef46","name":"Dpto Informatica MI Ayuntamiento de Caudete","image":{"@type":"ImageObject","inLanguage":"es","@id":"https:\/\/secure.gravatar.com\/avatar\/ac0321ee4a0a83e82a253e7b2d348ef539e2c8fe16d06b600bde04de1b364fa7?s=96&d=mm&r=g","url":"https:\/\/secure.gravatar.com\/avatar\/ac0321ee4a0a83e82a253e7b2d348ef539e2c8fe16d06b600bde04de1b364fa7?s=96&d=mm&r=g","contentUrl":"https:\/\/secure.gravatar.com\/avatar\/ac0321ee4a0a83e82a253e7b2d348ef539e2c8fe16d06b600bde04de1b364fa7?s=96&d=mm&r=g","caption":"Dpto Informatica MI Ayuntamiento de Caudete"},"url":"https:\/\/www.caudete.org\/ayuntamiento\/author\/informatica\/"}]}},"_links":{"self":[{"href":"https:\/\/www.caudete.org\/ayuntamiento\/wp-json\/wp\/v2\/posts\/24778","targetHints":{"allow":["GET"]}}],"collection":[{"href":"https:\/\/www.caudete.org\/ayuntamiento\/wp-json\/wp\/v2\/posts"}],"about":[{"href":"https:\/\/www.caudete.org\/ayuntamiento\/wp-json\/wp\/v2\/types\/post"}],"author":[{"embeddable":true,"href":"https:\/\/www.caudete.org\/ayuntamiento\/wp-json\/wp\/v2\/users\/5"}],"replies":[{"embeddable":true,"href":"https:\/\/www.caudete.org\/ayuntamiento\/wp-json\/wp\/v2\/comments?post=24778"}],"version-history":[{"count":4,"href":"https:\/\/www.caudete.org\/ayuntamiento\/wp-json\/wp\/v2\/posts\/24778\/revisions"}],"predecessor-version":[{"id":24783,"href":"https:\/\/www.caudete.org\/ayuntamiento\/wp-json\/wp\/v2\/posts\/24778\/revisions\/24783"}],"wp:featuredmedia":[{"embeddable":true,"href":"https:\/\/www.caudete.org\/ayuntamiento\/wp-json\/wp\/v2\/media\/24779"}],"wp:attachment":[{"href":"https:\/\/www.caudete.org\/ayuntamiento\/wp-json\/wp\/v2\/media?parent=24778"}],"wp:term":[{"taxonomy":"category","embeddable":true,"href":"https:\/\/www.caudete.org\/ayuntamiento\/wp-json\/wp\/v2\/categories?post=24778"},{"taxonomy":"post_tag","embeddable":true,"href":"https:\/\/www.caudete.org\/ayuntamiento\/wp-json\/wp\/v2\/tags?post=24778"}],"curies":[{"name":"wp","href":"https:\/\/api.w.org\/{rel}","templated":true}]}}