{"id":24794,"date":"2024-04-11T20:12:48","date_gmt":"2024-04-11T18:12:48","guid":{"rendered":"https:\/\/www.caudete.org\/ayuntamiento\/?p=24794"},"modified":"2024-04-11T20:13:15","modified_gmt":"2024-04-11T18:13:15","slug":"publicadas-las-listas-de-seleccionados-a-los-41-contratos-del-plan-de-empleo","status":"publish","type":"post","link":"https:\/\/www.caudete.org\/ayuntamiento\/publicadas-las-listas-de-seleccionados-a-los-41-contratos-del-plan-de-empleo\/","title":{"rendered":"Publicadas las listas de seleccionados a los 41 contratos del PLAN DE EMPLEO"},"content":{"rendered":"<p style=\"text-align: justify;\">En la tarde de ayer, 10 de Abril la Concejal de Promoci\u00f3n y Desarrollo Econ\u00f3mico, M\u00aa Dolores Requena Azor\u00edn, comparec\u00eda una vez publicadas en el Tabl\u00f3n de Anuncios municipal las Listas de solicitudes admitidas al Plan de Empleo 2023-2024.<\/p>\n<p style=\"text-align: justify;\">Explicaba la Edil que de m\u00e1s de 200 solicitudes el Tribunal Calificador, compuesto exclusivamente por funcionarios del Ayuntamiento seleccionaban en base a los criterios establecidos en las Bases Reguladoras, a las 41 personas que formalizar\u00e1n contrato laboral con el Consistorio para la realizaci\u00f3n de diferentes labores.<\/p>\n<p style=\"text-align: justify;\">Igualmente, adelantaba que los primeros contratos pertenecientes a este Plan de Empleo se firmar\u00e1n la pr\u00f3xima semana, para atender determinadas necesidades municipales en diferentes Departamentos Municipales.<\/p>\n<p style=\"text-align: justify;\">El listado se puede consultar <a href=\"https:\/\/caudete.sedipualba.es\/tablondeanuncios\/anuncio.aspx?id=53640\" target=\"_blank\" rel=\"nofollow\">clicando aqu\u00ed.<\/a><\/p>\n<p style=\"text-align: justify;\">Los seleccionados prestar\u00e1n sus servicios en los Departamentos de Obras, Limpieza y Jardines, as\u00ed como en las funciones de Administraci\u00f3n y de Control de Accesos a Edificios.<\/p>\n","protected":false},"excerpt":{"rendered":"<p>En la tarde de ayer, 10 de Abril la Concejal de Promoci\u00f3n y Desarrollo Econ\u00f3mico, M\u00aa Dolores Requena Azor\u00edn, comparec\u00eda una vez publicadas en el Tabl\u00f3n de Anuncios municipal las Listas de solicitudes admitidas al Plan de Empleo 2023-2024. Explicaba la Edil que de m\u00e1s de 200 solicitudes el Tribunal Calificador, compuesto exclusivamente por funcionarios &hellip;<\/p>\n","protected":false},"author":3,"featured_media":23917,"comment_status":"closed","ping_status":"open","sticky":false,"template":"","format":"standard","meta":{"ngg_post_thumbnail":0,"footnotes":""},"categories":[851],"tags":[],"class_list":["post-24794","post","type-post","status-publish","format-standard","has-post-thumbnail","hentry","category-promocion-y-desarrollo-economico"],"yoast_head":"<!-- This site is optimized with the Yoast SEO plugin v27.4 - https:\/\/yoast.com\/product\/yoast-seo-wordpress\/ -->\n<title>Publicadas las listas de seleccionados a los 41 contratos del PLAN DE EMPLEO - MI Ayuntamiento de Caudete<\/title>\n<meta name=\"description\" content=\"P\u00e1gina Oficial del Ayuntamiento de Caudete (Albacete)\" \/>\n<meta name=\"robots\" content=\"index, follow, max-snippet:-1, max-image-preview:large, max-video-preview:-1\" \/>\n<link rel=\"canonical\" href=\"https:\/\/www.caudete.org\/ayuntamiento\/publicadas-las-listas-de-seleccionados-a-los-41-contratos-del-plan-de-empleo\/\" \/>\n<meta property=\"og:locale\" content=\"es_ES\" \/>\n<meta property=\"og:type\" content=\"article\" \/>\n<meta property=\"og:title\" content=\"Publicadas las listas de seleccionados a los 41 contratos del PLAN DE EMPLEO - MI Ayuntamiento de Caudete\" \/>\n<meta property=\"og:description\" content=\"P\u00e1gina Oficial del Ayuntamiento de Caudete (Albacete)\" \/>\n<meta property=\"og:url\" content=\"https:\/\/www.caudete.org\/ayuntamiento\/publicadas-las-listas-de-seleccionados-a-los-41-contratos-del-plan-de-empleo\/\" \/>\n<meta property=\"og:site_name\" content=\"MI Ayuntamiento de Caudete\" \/>\n<meta property=\"article:publisher\" content=\"https:\/\/www.facebook.com\/ayuntamientocaudete\/\" \/>\n<meta property=\"article:published_time\" content=\"2024-04-11T18:12:48+00:00\" \/>\n<meta property=\"article:modified_time\" content=\"2024-04-11T18:13:15+00:00\" \/>\n<meta property=\"og:image\" content=\"https:\/\/www.caudete.org\/ayuntamiento\/wp-content\/uploads\/2023\/12\/PLAN-DE-EMPLEO-2023.jpg\" \/>\n\t<meta property=\"og:image:width\" content=\"955\" \/>\n\t<meta property=\"og:image:height\" content=\"632\" \/>\n\t<meta property=\"og:image:type\" content=\"image\/jpeg\" \/>\n<meta name=\"author\" content=\"alcalde\" \/>\n<meta name=\"twitter:card\" content=\"summary_large_image\" \/>\n<meta name=\"twitter:label1\" content=\"Escrito por\" \/>\n\t<meta name=\"twitter:data1\" content=\"alcalde\" \/>\n\t<meta name=\"twitter:label2\" content=\"Tiempo de lectura\" \/>\n\t<meta name=\"twitter:data2\" content=\"1 minuto\" \/>\n<script type=\"application\/ld+json\" class=\"yoast-schema-graph\">{\"@context\":\"https:\\\/\\\/schema.org\",\"@graph\":[{\"@type\":\"Article\",\"@id\":\"https:\\\/\\\/www.caudete.org\\\/ayuntamiento\\\/publicadas-las-listas-de-seleccionados-a-los-41-contratos-del-plan-de-empleo\\\/#article\",\"isPartOf\":{\"@id\":\"https:\\\/\\\/www.caudete.org\\\/ayuntamiento\\\/publicadas-las-listas-de-seleccionados-a-los-41-contratos-del-plan-de-empleo\\\/\"},\"author\":{\"name\":\"alcalde\",\"@id\":\"https:\\\/\\\/www.caudete.org\\\/ayuntamiento\\\/#\\\/schema\\\/person\\\/cc646da9133078ee4d8dd47457947253\"},\"headline\":\"Publicadas las listas de seleccionados a los 41 contratos del PLAN DE EMPLEO\",\"datePublished\":\"2024-04-11T18:12:48+00:00\",\"dateModified\":\"2024-04-11T18:13:15+00:00\",\"mainEntityOfPage\":{\"@id\":\"https:\\\/\\\/www.caudete.org\\\/ayuntamiento\\\/publicadas-las-listas-de-seleccionados-a-los-41-contratos-del-plan-de-empleo\\\/\"},\"wordCount\":166,\"publisher\":{\"@id\":\"https:\\\/\\\/www.caudete.org\\\/ayuntamiento\\\/#organization\"},\"image\":{\"@id\":\"https:\\\/\\\/www.caudete.org\\\/ayuntamiento\\\/publicadas-las-listas-de-seleccionados-a-los-41-contratos-del-plan-de-empleo\\\/#primaryimage\"},\"thumbnailUrl\":\"https:\\\/\\\/www.caudete.org\\\/ayuntamiento\\\/wp-content\\\/uploads\\\/2023\\\/12\\\/PLAN-DE-EMPLEO-2023.jpg\",\"articleSection\":[\"Promoci\u00f3n y Desarrollo Econ\u00f3mico\"],\"inLanguage\":\"es\"},{\"@type\":\"WebPage\",\"@id\":\"https:\\\/\\\/www.caudete.org\\\/ayuntamiento\\\/publicadas-las-listas-de-seleccionados-a-los-41-contratos-del-plan-de-empleo\\\/\",\"url\":\"https:\\\/\\\/www.caudete.org\\\/ayuntamiento\\\/publicadas-las-listas-de-seleccionados-a-los-41-contratos-del-plan-de-empleo\\\/\",\"name\":\"Publicadas las listas de seleccionados a los 41 contratos del PLAN DE EMPLEO - MI Ayuntamiento de Caudete\",\"isPartOf\":{\"@id\":\"https:\\\/\\\/www.caudete.org\\\/ayuntamiento\\\/#website\"},\"primaryImageOfPage\":{\"@id\":\"https:\\\/\\\/www.caudete.org\\\/ayuntamiento\\\/publicadas-las-listas-de-seleccionados-a-los-41-contratos-del-plan-de-empleo\\\/#primaryimage\"},\"image\":{\"@id\":\"https:\\\/\\\/www.caudete.org\\\/ayuntamiento\\\/publicadas-las-listas-de-seleccionados-a-los-41-contratos-del-plan-de-empleo\\\/#primaryimage\"},\"thumbnailUrl\":\"https:\\\/\\\/www.caudete.org\\\/ayuntamiento\\\/wp-content\\\/uploads\\\/2023\\\/12\\\/PLAN-DE-EMPLEO-2023.jpg\",\"datePublished\":\"2024-04-11T18:12:48+00:00\",\"dateModified\":\"2024-04-11T18:13:15+00:00\",\"description\":\"P\u00e1gina Oficial del Ayuntamiento de Caudete (Albacete)\",\"breadcrumb\":{\"@id\":\"https:\\\/\\\/www.caudete.org\\\/ayuntamiento\\\/publicadas-las-listas-de-seleccionados-a-los-41-contratos-del-plan-de-empleo\\\/#breadcrumb\"},\"inLanguage\":\"es\",\"potentialAction\":[{\"@type\":\"ReadAction\",\"target\":[\"https:\\\/\\\/www.caudete.org\\\/ayuntamiento\\\/publicadas-las-listas-de-seleccionados-a-los-41-contratos-del-plan-de-empleo\\\/\"]}]},{\"@type\":\"ImageObject\",\"inLanguage\":\"es\",\"@id\":\"https:\\\/\\\/www.caudete.org\\\/ayuntamiento\\\/publicadas-las-listas-de-seleccionados-a-los-41-contratos-del-plan-de-empleo\\\/#primaryimage\",\"url\":\"https:\\\/\\\/www.caudete.org\\\/ayuntamiento\\\/wp-content\\\/uploads\\\/2023\\\/12\\\/PLAN-DE-EMPLEO-2023.jpg\",\"contentUrl\":\"https:\\\/\\\/www.caudete.org\\\/ayuntamiento\\\/wp-content\\\/uploads\\\/2023\\\/12\\\/PLAN-DE-EMPLEO-2023.jpg\",\"width\":955,\"height\":632},{\"@type\":\"BreadcrumbList\",\"@id\":\"https:\\\/\\\/www.caudete.org\\\/ayuntamiento\\\/publicadas-las-listas-de-seleccionados-a-los-41-contratos-del-plan-de-empleo\\\/#breadcrumb\",\"itemListElement\":[{\"@type\":\"ListItem\",\"position\":1,\"name\":\"Inicio\",\"item\":\"https:\\\/\\\/www.caudete.org\\\/ayuntamiento\\\/\"},{\"@type\":\"ListItem\",\"position\":2,\"name\":\"Publicadas las listas de seleccionados a los 41 contratos del PLAN DE EMPLEO\"}]},{\"@type\":\"WebSite\",\"@id\":\"https:\\\/\\\/www.caudete.org\\\/ayuntamiento\\\/#website\",\"url\":\"https:\\\/\\\/www.caudete.org\\\/ayuntamiento\\\/\",\"name\":\"MI Ayuntamiento de Caudete\",\"description\":\"P\u00e1gina Oficial del MI Ayuntamiento de Caudete\",\"publisher\":{\"@id\":\"https:\\\/\\\/www.caudete.org\\\/ayuntamiento\\\/#organization\"},\"potentialAction\":[{\"@type\":\"SearchAction\",\"target\":{\"@type\":\"EntryPoint\",\"urlTemplate\":\"https:\\\/\\\/www.caudete.org\\\/ayuntamiento\\\/?s={search_term_string}\"},\"query-input\":{\"@type\":\"PropertyValueSpecification\",\"valueRequired\":true,\"valueName\":\"search_term_string\"}}],\"inLanguage\":\"es\"},{\"@type\":\"Organization\",\"@id\":\"https:\\\/\\\/www.caudete.org\\\/ayuntamiento\\\/#organization\",\"name\":\"Ayuntamiento de Caudete\",\"url\":\"https:\\\/\\\/www.caudete.org\\\/ayuntamiento\\\/\",\"logo\":{\"@type\":\"ImageObject\",\"inLanguage\":\"es\",\"@id\":\"https:\\\/\\\/www.caudete.org\\\/ayuntamiento\\\/#\\\/schema\\\/logo\\\/image\\\/\",\"url\":\"https:\\\/\\\/www.caudete.org\\\/ayuntamiento\\\/wp-content\\\/uploads\\\/2020\\\/11\\\/logo_ayuntamiento_caudete.jpg\",\"contentUrl\":\"https:\\\/\\\/www.caudete.org\\\/ayuntamiento\\\/wp-content\\\/uploads\\\/2020\\\/11\\\/logo_ayuntamiento_caudete.jpg\",\"width\":600,\"height\":150,\"caption\":\"Ayuntamiento de Caudete\"},\"image\":{\"@id\":\"https:\\\/\\\/www.caudete.org\\\/ayuntamiento\\\/#\\\/schema\\\/logo\\\/image\\\/\"},\"sameAs\":[\"https:\\\/\\\/www.facebook.com\\\/ayuntamientocaudete\\\/\",\"https:\\\/\\\/www.youtube.com\\\/channel\\\/UC6VztHaooNsGpw-tNoBEFnQ\"]},{\"@type\":\"Person\",\"@id\":\"https:\\\/\\\/www.caudete.org\\\/ayuntamiento\\\/#\\\/schema\\\/person\\\/cc646da9133078ee4d8dd47457947253\",\"name\":\"alcalde\",\"image\":{\"@type\":\"ImageObject\",\"inLanguage\":\"es\",\"@id\":\"https:\\\/\\\/secure.gravatar.com\\\/avatar\\\/84a817ba065b29ff08d666b215a215f5c79186a645ccb25b14a663d48a130f77?s=96&d=mm&r=g\",\"url\":\"https:\\\/\\\/secure.gravatar.com\\\/avatar\\\/84a817ba065b29ff08d666b215a215f5c79186a645ccb25b14a663d48a130f77?s=96&d=mm&r=g\",\"contentUrl\":\"https:\\\/\\\/secure.gravatar.com\\\/avatar\\\/84a817ba065b29ff08d666b215a215f5c79186a645ccb25b14a663d48a130f77?s=96&d=mm&r=g\",\"caption\":\"alcalde\"},\"url\":\"https:\\\/\\\/www.caudete.org\\\/ayuntamiento\\\/author\\\/alcalde\\\/\"}]}<\/script>\n<!-- \/ Yoast SEO plugin. -->","yoast_head_json":{"title":"Publicadas las listas de seleccionados a los 41 contratos del PLAN DE EMPLEO - MI Ayuntamiento de Caudete","description":"P\u00e1gina Oficial del Ayuntamiento de Caudete (Albacete)","robots":{"index":"index","follow":"follow","max-snippet":"max-snippet:-1","max-image-preview":"max-image-preview:large","max-video-preview":"max-video-preview:-1"},"canonical":"https:\/\/www.caudete.org\/ayuntamiento\/publicadas-las-listas-de-seleccionados-a-los-41-contratos-del-plan-de-empleo\/","og_locale":"es_ES","og_type":"article","og_title":"Publicadas las listas de seleccionados a los 41 contratos del PLAN DE EMPLEO - MI Ayuntamiento de Caudete","og_description":"P\u00e1gina Oficial del Ayuntamiento de Caudete (Albacete)","og_url":"https:\/\/www.caudete.org\/ayuntamiento\/publicadas-las-listas-de-seleccionados-a-los-41-contratos-del-plan-de-empleo\/","og_site_name":"MI Ayuntamiento de Caudete","article_publisher":"https:\/\/www.facebook.com\/ayuntamientocaudete\/","article_published_time":"2024-04-11T18:12:48+00:00","article_modified_time":"2024-04-11T18:13:15+00:00","og_image":[{"width":955,"height":632,"url":"https:\/\/www.caudete.org\/ayuntamiento\/wp-content\/uploads\/2023\/12\/PLAN-DE-EMPLEO-2023.jpg","type":"image\/jpeg"}],"author":"alcalde","twitter_card":"summary_large_image","twitter_misc":{"Escrito por":"alcalde","Tiempo de lectura":"1 minuto"},"schema":{"@context":"https:\/\/schema.org","@graph":[{"@type":"Article","@id":"https:\/\/www.caudete.org\/ayuntamiento\/publicadas-las-listas-de-seleccionados-a-los-41-contratos-del-plan-de-empleo\/#article","isPartOf":{"@id":"https:\/\/www.caudete.org\/ayuntamiento\/publicadas-las-listas-de-seleccionados-a-los-41-contratos-del-plan-de-empleo\/"},"author":{"name":"alcalde","@id":"https:\/\/www.caudete.org\/ayuntamiento\/#\/schema\/person\/cc646da9133078ee4d8dd47457947253"},"headline":"Publicadas las listas de seleccionados a los 41 contratos del PLAN DE EMPLEO","datePublished":"2024-04-11T18:12:48+00:00","dateModified":"2024-04-11T18:13:15+00:00","mainEntityOfPage":{"@id":"https:\/\/www.caudete.org\/ayuntamiento\/publicadas-las-listas-de-seleccionados-a-los-41-contratos-del-plan-de-empleo\/"},"wordCount":166,"publisher":{"@id":"https:\/\/www.caudete.org\/ayuntamiento\/#organization"},"image":{"@id":"https:\/\/www.caudete.org\/ayuntamiento\/publicadas-las-listas-de-seleccionados-a-los-41-contratos-del-plan-de-empleo\/#primaryimage"},"thumbnailUrl":"https:\/\/www.caudete.org\/ayuntamiento\/wp-content\/uploads\/2023\/12\/PLAN-DE-EMPLEO-2023.jpg","articleSection":["Promoci\u00f3n y Desarrollo Econ\u00f3mico"],"inLanguage":"es"},{"@type":"WebPage","@id":"https:\/\/www.caudete.org\/ayuntamiento\/publicadas-las-listas-de-seleccionados-a-los-41-contratos-del-plan-de-empleo\/","url":"https:\/\/www.caudete.org\/ayuntamiento\/publicadas-las-listas-de-seleccionados-a-los-41-contratos-del-plan-de-empleo\/","name":"Publicadas las listas de seleccionados a los 41 contratos del PLAN DE EMPLEO - MI Ayuntamiento de Caudete","isPartOf":{"@id":"https:\/\/www.caudete.org\/ayuntamiento\/#website"},"primaryImageOfPage":{"@id":"https:\/\/www.caudete.org\/ayuntamiento\/publicadas-las-listas-de-seleccionados-a-los-41-contratos-del-plan-de-empleo\/#primaryimage"},"image":{"@id":"https:\/\/www.caudete.org\/ayuntamiento\/publicadas-las-listas-de-seleccionados-a-los-41-contratos-del-plan-de-empleo\/#primaryimage"},"thumbnailUrl":"https:\/\/www.caudete.org\/ayuntamiento\/wp-content\/uploads\/2023\/12\/PLAN-DE-EMPLEO-2023.jpg","datePublished":"2024-04-11T18:12:48+00:00","dateModified":"2024-04-11T18:13:15+00:00","description":"P\u00e1gina Oficial del Ayuntamiento de Caudete (Albacete)","breadcrumb":{"@id":"https:\/\/www.caudete.org\/ayuntamiento\/publicadas-las-listas-de-seleccionados-a-los-41-contratos-del-plan-de-empleo\/#breadcrumb"},"inLanguage":"es","potentialAction":[{"@type":"ReadAction","target":["https:\/\/www.caudete.org\/ayuntamiento\/publicadas-las-listas-de-seleccionados-a-los-41-contratos-del-plan-de-empleo\/"]}]},{"@type":"ImageObject","inLanguage":"es","@id":"https:\/\/www.caudete.org\/ayuntamiento\/publicadas-las-listas-de-seleccionados-a-los-41-contratos-del-plan-de-empleo\/#primaryimage","url":"https:\/\/www.caudete.org\/ayuntamiento\/wp-content\/uploads\/2023\/12\/PLAN-DE-EMPLEO-2023.jpg","contentUrl":"https:\/\/www.caudete.org\/ayuntamiento\/wp-content\/uploads\/2023\/12\/PLAN-DE-EMPLEO-2023.jpg","width":955,"height":632},{"@type":"BreadcrumbList","@id":"https:\/\/www.caudete.org\/ayuntamiento\/publicadas-las-listas-de-seleccionados-a-los-41-contratos-del-plan-de-empleo\/#breadcrumb","itemListElement":[{"@type":"ListItem","position":1,"name":"Inicio","item":"https:\/\/www.caudete.org\/ayuntamiento\/"},{"@type":"ListItem","position":2,"name":"Publicadas las listas de seleccionados a los 41 contratos del PLAN DE EMPLEO"}]},{"@type":"WebSite","@id":"https:\/\/www.caudete.org\/ayuntamiento\/#website","url":"https:\/\/www.caudete.org\/ayuntamiento\/","name":"MI Ayuntamiento de Caudete","description":"P\u00e1gina Oficial del MI Ayuntamiento de Caudete","publisher":{"@id":"https:\/\/www.caudete.org\/ayuntamiento\/#organization"},"potentialAction":[{"@type":"SearchAction","target":{"@type":"EntryPoint","urlTemplate":"https:\/\/www.caudete.org\/ayuntamiento\/?s={search_term_string}"},"query-input":{"@type":"PropertyValueSpecification","valueRequired":true,"valueName":"search_term_string"}}],"inLanguage":"es"},{"@type":"Organization","@id":"https:\/\/www.caudete.org\/ayuntamiento\/#organization","name":"Ayuntamiento de Caudete","url":"https:\/\/www.caudete.org\/ayuntamiento\/","logo":{"@type":"ImageObject","inLanguage":"es","@id":"https:\/\/www.caudete.org\/ayuntamiento\/#\/schema\/logo\/image\/","url":"https:\/\/www.caudete.org\/ayuntamiento\/wp-content\/uploads\/2020\/11\/logo_ayuntamiento_caudete.jpg","contentUrl":"https:\/\/www.caudete.org\/ayuntamiento\/wp-content\/uploads\/2020\/11\/logo_ayuntamiento_caudete.jpg","width":600,"height":150,"caption":"Ayuntamiento de Caudete"},"image":{"@id":"https:\/\/www.caudete.org\/ayuntamiento\/#\/schema\/logo\/image\/"},"sameAs":["https:\/\/www.facebook.com\/ayuntamientocaudete\/","https:\/\/www.youtube.com\/channel\/UC6VztHaooNsGpw-tNoBEFnQ"]},{"@type":"Person","@id":"https:\/\/www.caudete.org\/ayuntamiento\/#\/schema\/person\/cc646da9133078ee4d8dd47457947253","name":"alcalde","image":{"@type":"ImageObject","inLanguage":"es","@id":"https:\/\/secure.gravatar.com\/avatar\/84a817ba065b29ff08d666b215a215f5c79186a645ccb25b14a663d48a130f77?s=96&d=mm&r=g","url":"https:\/\/secure.gravatar.com\/avatar\/84a817ba065b29ff08d666b215a215f5c79186a645ccb25b14a663d48a130f77?s=96&d=mm&r=g","contentUrl":"https:\/\/secure.gravatar.com\/avatar\/84a817ba065b29ff08d666b215a215f5c79186a645ccb25b14a663d48a130f77?s=96&d=mm&r=g","caption":"alcalde"},"url":"https:\/\/www.caudete.org\/ayuntamiento\/author\/alcalde\/"}]}},"_links":{"self":[{"href":"https:\/\/www.caudete.org\/ayuntamiento\/wp-json\/wp\/v2\/posts\/24794","targetHints":{"allow":["GET"]}}],"collection":[{"href":"https:\/\/www.caudete.org\/ayuntamiento\/wp-json\/wp\/v2\/posts"}],"about":[{"href":"https:\/\/www.caudete.org\/ayuntamiento\/wp-json\/wp\/v2\/types\/post"}],"author":[{"embeddable":true,"href":"https:\/\/www.caudete.org\/ayuntamiento\/wp-json\/wp\/v2\/users\/3"}],"replies":[{"embeddable":true,"href":"https:\/\/www.caudete.org\/ayuntamiento\/wp-json\/wp\/v2\/comments?post=24794"}],"version-history":[{"count":2,"href":"https:\/\/www.caudete.org\/ayuntamiento\/wp-json\/wp\/v2\/posts\/24794\/revisions"}],"predecessor-version":[{"id":24796,"href":"https:\/\/www.caudete.org\/ayuntamiento\/wp-json\/wp\/v2\/posts\/24794\/revisions\/24796"}],"wp:featuredmedia":[{"embeddable":true,"href":"https:\/\/www.caudete.org\/ayuntamiento\/wp-json\/wp\/v2\/media\/23917"}],"wp:attachment":[{"href":"https:\/\/www.caudete.org\/ayuntamiento\/wp-json\/wp\/v2\/media?parent=24794"}],"wp:term":[{"taxonomy":"category","embeddable":true,"href":"https:\/\/www.caudete.org\/ayuntamiento\/wp-json\/wp\/v2\/categories?post=24794"},{"taxonomy":"post_tag","embeddable":true,"href":"https:\/\/www.caudete.org\/ayuntamiento\/wp-json\/wp\/v2\/tags?post=24794"}],"curies":[{"name":"wp","href":"https:\/\/api.w.org\/{rel}","templated":true}]}}