{"id":24859,"date":"2024-04-17T10:15:35","date_gmt":"2024-04-17T08:15:35","guid":{"rendered":"https:\/\/www.caudete.org\/ayuntamiento\/?p=24859"},"modified":"2024-04-17T10:15:35","modified_gmt":"2024-04-17T08:15:35","slug":"mas-de-1-250-deportistas-hacen-uso-de-la-via-ferrata-en-su-primer-ano-de-vida","status":"publish","type":"post","link":"https:\/\/www.caudete.org\/ayuntamiento\/mas-de-1-250-deportistas-hacen-uso-de-la-via-ferrata-en-su-primer-ano-de-vida\/","title":{"rendered":"M\u00e1s de 1.250 deportistas hacen uso de la V\u00cdA FERRATA en su primer a\u00f1o de vida"},"content":{"rendered":"<p><a href=\"https:\/\/www.caudete.org\/ayuntamiento\/wp-content\/uploads\/2024\/04\/IMG-20230314-WA0001.jpg\" rel='prettyPhoto'><img fetchpriority=\"high\" decoding=\"async\" class=\"alignnone wp-image-24860 size-full\" src=\"https:\/\/www.caudete.org\/ayuntamiento\/wp-content\/uploads\/2024\/04\/IMG-20230314-WA0001.jpg\" alt=\"\" width=\"960\" height=\"720\" srcset=\"https:\/\/www.caudete.org\/ayuntamiento\/wp-content\/uploads\/2024\/04\/IMG-20230314-WA0001.jpg 960w, https:\/\/www.caudete.org\/ayuntamiento\/wp-content\/uploads\/2024\/04\/IMG-20230314-WA0001-300x225.jpg 300w, https:\/\/www.caudete.org\/ayuntamiento\/wp-content\/uploads\/2024\/04\/IMG-20230314-WA0001-768x576.jpg 768w\" sizes=\"(max-width: 960px) 100vw, 960px\" \/><\/a><\/p>\n<p style=\"text-align: justify;\">Diego Cuenca, Concejal de Turismo ha valorado positivamente los resultados y la aceptaci\u00f3n de la V\u00eda Ferrata en el municipio toda vez que ya ha pasado un a\u00f1o desde que se inaugur\u00f3 en Sierra Oliva, y las cifras de afluencia de visitantes no pueden ser mejores. Desde marzo de 2023 ya son 1.250 los deportistas que han disfrutado de esta instalaci\u00f3n, pues as\u00ed lo corrobora la lista de inscripci\u00f3n en la web municipal del Ayuntamiento de Caudete.<\/p>\n<p style=\"text-align: justify;\">Los datos son muy positivos, y no solamente por el n\u00famero de deportistas recibidos, sino tambi\u00e9n por la diversidad de procedencia de estos. Desde que abrimos esta instalaci\u00f3n, hemos conseguido atraer a Caudete visitantes de una gran parte de la geograf\u00eda nacional. Son asiduos a nuestra v\u00eda ferrata los deportistas de Albacete, Ciudad Real, Cuenca, Guadalajara, Murcia, Alicante o Valencia, pero tambi\u00e9n hemos recibido un importante n\u00famero de visitantes de Granada, C\u00f3rdoba, Ja\u00e9n, Madrid, Zaragoza, Bilbao y las Islas Canarias. De igual manera, se han inscrito en la web, y disfrutado de nuestra ferrata, deportistas de Alemania y Polonia.<\/p>\n<p style=\"text-align: justify;\">Estos datos dan idea del alto poder de atracci\u00f3n que tiene una V\u00eda Ferrata, y corrobora las previsiones que el Equipo de Gobierno, y por ende la Concejal\u00eda de Turismo hab\u00eda depositado en este proyecto hace un a\u00f1o, cuando decidi\u00f3 apostar firmemente por crear en Caudete esta instalaci\u00f3n, como una de las medidas del Plan Tur\u00edstico aprobado en 2022.<\/p>\n<p>&nbsp;<\/p>\n<p><a href=\"https:\/\/www.caudete.org\/ayuntamiento\/wp-content\/uploads\/2024\/04\/IMG_20230326_094804-scaled.jpg\" rel='prettyPhoto'><img decoding=\"async\" class=\"alignnone wp-image-24861 size-full\" src=\"https:\/\/www.caudete.org\/ayuntamiento\/wp-content\/uploads\/2024\/04\/IMG_20230326_094804-scaled.jpg\" alt=\"\" width=\"2560\" height=\"1920\" srcset=\"https:\/\/www.caudete.org\/ayuntamiento\/wp-content\/uploads\/2024\/04\/IMG_20230326_094804-scaled.jpg 2560w, https:\/\/www.caudete.org\/ayuntamiento\/wp-content\/uploads\/2024\/04\/IMG_20230326_094804-300x225.jpg 300w, https:\/\/www.caudete.org\/ayuntamiento\/wp-content\/uploads\/2024\/04\/IMG_20230326_094804-1024x768.jpg 1024w, https:\/\/www.caudete.org\/ayuntamiento\/wp-content\/uploads\/2024\/04\/IMG_20230326_094804-768x576.jpg 768w, https:\/\/www.caudete.org\/ayuntamiento\/wp-content\/uploads\/2024\/04\/IMG_20230326_094804-1536x1152.jpg 1536w, https:\/\/www.caudete.org\/ayuntamiento\/wp-content\/uploads\/2024\/04\/IMG_20230326_094804-2048x1536.jpg 2048w\" sizes=\"(max-width: 2560px) 100vw, 2560px\" \/><\/a><\/p>\n","protected":false},"excerpt":{"rendered":"<p>Diego Cuenca, Concejal de Turismo ha valorado positivamente los resultados y la aceptaci\u00f3n de la V\u00eda Ferrata en el municipio toda vez que ya ha pasado un a\u00f1o desde que se inaugur\u00f3 en Sierra Oliva, y las cifras de afluencia de visitantes no pueden ser mejores. Desde marzo de 2023 ya son 1.250 los deportistas &hellip;<\/p>\n","protected":false},"author":3,"featured_media":24864,"comment_status":"closed","ping_status":"open","sticky":false,"template":"","format":"standard","meta":{"ngg_post_thumbnail":0,"footnotes":""},"categories":[43],"tags":[],"class_list":["post-24859","post","type-post","status-publish","format-standard","has-post-thumbnail","hentry","category-turismo"],"yoast_head":"<!-- This site is optimized with the Yoast SEO plugin v27.5 - https:\/\/yoast.com\/product\/yoast-seo-wordpress\/ -->\n<title>M\u00e1s de 1.250 deportistas hacen uso de la V\u00cdA FERRATA en su primer a\u00f1o de vida - MI Ayuntamiento de Caudete<\/title>\n<meta name=\"description\" content=\"P\u00e1gina Oficial del Ayuntamiento de Caudete (Albacete)\" \/>\n<meta name=\"robots\" content=\"index, follow, max-snippet:-1, max-image-preview:large, max-video-preview:-1\" \/>\n<link rel=\"canonical\" href=\"https:\/\/www.caudete.org\/ayuntamiento\/mas-de-1-250-deportistas-hacen-uso-de-la-via-ferrata-en-su-primer-ano-de-vida\/\" \/>\n<meta property=\"og:locale\" content=\"es_ES\" \/>\n<meta property=\"og:type\" content=\"article\" \/>\n<meta property=\"og:title\" content=\"M\u00e1s de 1.250 deportistas hacen uso de la V\u00cdA FERRATA en su primer a\u00f1o de vida - MI Ayuntamiento de Caudete\" \/>\n<meta property=\"og:description\" content=\"P\u00e1gina Oficial del Ayuntamiento de Caudete (Albacete)\" \/>\n<meta property=\"og:url\" content=\"https:\/\/www.caudete.org\/ayuntamiento\/mas-de-1-250-deportistas-hacen-uso-de-la-via-ferrata-en-su-primer-ano-de-vida\/\" \/>\n<meta property=\"og:site_name\" content=\"MI Ayuntamiento de Caudete\" \/>\n<meta property=\"article:publisher\" content=\"https:\/\/www.facebook.com\/ayuntamientocaudete\/\" \/>\n<meta property=\"article:published_time\" content=\"2024-04-17T08:15:35+00:00\" \/>\n<meta property=\"og:image\" content=\"https:\/\/www.caudete.org\/ayuntamiento\/wp-content\/uploads\/2024\/04\/IMG_20230326_105949-scaled.jpg\" \/>\n\t<meta property=\"og:image:width\" content=\"2560\" \/>\n\t<meta property=\"og:image:height\" content=\"1920\" \/>\n\t<meta property=\"og:image:type\" content=\"image\/jpeg\" \/>\n<meta name=\"author\" content=\"alcalde\" \/>\n<meta name=\"twitter:card\" content=\"summary_large_image\" \/>\n<meta name=\"twitter:label1\" content=\"Escrito por\" \/>\n\t<meta name=\"twitter:data1\" content=\"alcalde\" \/>\n\t<meta name=\"twitter:label2\" content=\"Tiempo de lectura\" \/>\n\t<meta name=\"twitter:data2\" content=\"2 minutos\" \/>\n<script type=\"application\/ld+json\" class=\"yoast-schema-graph\">{\"@context\":\"https:\\\/\\\/schema.org\",\"@graph\":[{\"@type\":\"Article\",\"@id\":\"https:\\\/\\\/www.caudete.org\\\/ayuntamiento\\\/mas-de-1-250-deportistas-hacen-uso-de-la-via-ferrata-en-su-primer-ano-de-vida\\\/#article\",\"isPartOf\":{\"@id\":\"https:\\\/\\\/www.caudete.org\\\/ayuntamiento\\\/mas-de-1-250-deportistas-hacen-uso-de-la-via-ferrata-en-su-primer-ano-de-vida\\\/\"},\"author\":{\"name\":\"alcalde\",\"@id\":\"https:\\\/\\\/www.caudete.org\\\/ayuntamiento\\\/#\\\/schema\\\/person\\\/cc646da9133078ee4d8dd47457947253\"},\"headline\":\"M\u00e1s de 1.250 deportistas hacen uso de la V\u00cdA FERRATA en su primer a\u00f1o de vida\",\"datePublished\":\"2024-04-17T08:15:35+00:00\",\"mainEntityOfPage\":{\"@id\":\"https:\\\/\\\/www.caudete.org\\\/ayuntamiento\\\/mas-de-1-250-deportistas-hacen-uso-de-la-via-ferrata-en-su-primer-ano-de-vida\\\/\"},\"wordCount\":272,\"image\":{\"@id\":\"https:\\\/\\\/www.caudete.org\\\/ayuntamiento\\\/mas-de-1-250-deportistas-hacen-uso-de-la-via-ferrata-en-su-primer-ano-de-vida\\\/#primaryimage\"},\"thumbnailUrl\":\"https:\\\/\\\/www.caudete.org\\\/ayuntamiento\\\/wp-content\\\/uploads\\\/2024\\\/04\\\/IMG_20230326_105949-scaled.jpg\",\"articleSection\":[\"Turismo\"],\"inLanguage\":\"es\"},{\"@type\":\"WebPage\",\"@id\":\"https:\\\/\\\/www.caudete.org\\\/ayuntamiento\\\/mas-de-1-250-deportistas-hacen-uso-de-la-via-ferrata-en-su-primer-ano-de-vida\\\/\",\"url\":\"https:\\\/\\\/www.caudete.org\\\/ayuntamiento\\\/mas-de-1-250-deportistas-hacen-uso-de-la-via-ferrata-en-su-primer-ano-de-vida\\\/\",\"name\":\"M\u00e1s de 1.250 deportistas hacen uso de la V\u00cdA FERRATA en su primer a\u00f1o de vida - MI Ayuntamiento de Caudete\",\"isPartOf\":{\"@id\":\"https:\\\/\\\/www.caudete.org\\\/ayuntamiento\\\/#website\"},\"primaryImageOfPage\":{\"@id\":\"https:\\\/\\\/www.caudete.org\\\/ayuntamiento\\\/mas-de-1-250-deportistas-hacen-uso-de-la-via-ferrata-en-su-primer-ano-de-vida\\\/#primaryimage\"},\"image\":{\"@id\":\"https:\\\/\\\/www.caudete.org\\\/ayuntamiento\\\/mas-de-1-250-deportistas-hacen-uso-de-la-via-ferrata-en-su-primer-ano-de-vida\\\/#primaryimage\"},\"thumbnailUrl\":\"https:\\\/\\\/www.caudete.org\\\/ayuntamiento\\\/wp-content\\\/uploads\\\/2024\\\/04\\\/IMG_20230326_105949-scaled.jpg\",\"datePublished\":\"2024-04-17T08:15:35+00:00\",\"author\":{\"@id\":\"https:\\\/\\\/www.caudete.org\\\/ayuntamiento\\\/#\\\/schema\\\/person\\\/cc646da9133078ee4d8dd47457947253\"},\"description\":\"P\u00e1gina Oficial del Ayuntamiento de Caudete (Albacete)\",\"breadcrumb\":{\"@id\":\"https:\\\/\\\/www.caudete.org\\\/ayuntamiento\\\/mas-de-1-250-deportistas-hacen-uso-de-la-via-ferrata-en-su-primer-ano-de-vida\\\/#breadcrumb\"},\"inLanguage\":\"es\",\"potentialAction\":[{\"@type\":\"ReadAction\",\"target\":[\"https:\\\/\\\/www.caudete.org\\\/ayuntamiento\\\/mas-de-1-250-deportistas-hacen-uso-de-la-via-ferrata-en-su-primer-ano-de-vida\\\/\"]}]},{\"@type\":\"ImageObject\",\"inLanguage\":\"es\",\"@id\":\"https:\\\/\\\/www.caudete.org\\\/ayuntamiento\\\/mas-de-1-250-deportistas-hacen-uso-de-la-via-ferrata-en-su-primer-ano-de-vida\\\/#primaryimage\",\"url\":\"https:\\\/\\\/www.caudete.org\\\/ayuntamiento\\\/wp-content\\\/uploads\\\/2024\\\/04\\\/IMG_20230326_105949-scaled.jpg\",\"contentUrl\":\"https:\\\/\\\/www.caudete.org\\\/ayuntamiento\\\/wp-content\\\/uploads\\\/2024\\\/04\\\/IMG_20230326_105949-scaled.jpg\",\"width\":2560,\"height\":1920},{\"@type\":\"BreadcrumbList\",\"@id\":\"https:\\\/\\\/www.caudete.org\\\/ayuntamiento\\\/mas-de-1-250-deportistas-hacen-uso-de-la-via-ferrata-en-su-primer-ano-de-vida\\\/#breadcrumb\",\"itemListElement\":[{\"@type\":\"ListItem\",\"position\":1,\"name\":\"Inicio\",\"item\":\"https:\\\/\\\/www.caudete.org\\\/ayuntamiento\\\/\"},{\"@type\":\"ListItem\",\"position\":2,\"name\":\"M\u00e1s de 1.250 deportistas hacen uso de la V\u00cdA FERRATA en su primer a\u00f1o de vida\"}]},{\"@type\":\"WebSite\",\"@id\":\"https:\\\/\\\/www.caudete.org\\\/ayuntamiento\\\/#website\",\"url\":\"https:\\\/\\\/www.caudete.org\\\/ayuntamiento\\\/\",\"name\":\"MI Ayuntamiento de Caudete\",\"description\":\"P\u00e1gina Oficial del MI Ayuntamiento de Caudete\",\"potentialAction\":[{\"@type\":\"SearchAction\",\"target\":{\"@type\":\"EntryPoint\",\"urlTemplate\":\"https:\\\/\\\/www.caudete.org\\\/ayuntamiento\\\/?s={search_term_string}\"},\"query-input\":{\"@type\":\"PropertyValueSpecification\",\"valueRequired\":true,\"valueName\":\"search_term_string\"}}],\"inLanguage\":\"es\"},{\"@type\":\"Person\",\"@id\":\"https:\\\/\\\/www.caudete.org\\\/ayuntamiento\\\/#\\\/schema\\\/person\\\/cc646da9133078ee4d8dd47457947253\",\"name\":\"alcalde\",\"image\":{\"@type\":\"ImageObject\",\"inLanguage\":\"es\",\"@id\":\"https:\\\/\\\/secure.gravatar.com\\\/avatar\\\/84a817ba065b29ff08d666b215a215f5c79186a645ccb25b14a663d48a130f77?s=96&d=mm&r=g\",\"url\":\"https:\\\/\\\/secure.gravatar.com\\\/avatar\\\/84a817ba065b29ff08d666b215a215f5c79186a645ccb25b14a663d48a130f77?s=96&d=mm&r=g\",\"contentUrl\":\"https:\\\/\\\/secure.gravatar.com\\\/avatar\\\/84a817ba065b29ff08d666b215a215f5c79186a645ccb25b14a663d48a130f77?s=96&d=mm&r=g\",\"caption\":\"alcalde\"},\"url\":\"https:\\\/\\\/www.caudete.org\\\/ayuntamiento\\\/author\\\/alcalde\\\/\"}]}<\/script>\n<!-- \/ Yoast SEO plugin. -->","yoast_head_json":{"title":"M\u00e1s de 1.250 deportistas hacen uso de la V\u00cdA FERRATA en su primer a\u00f1o de vida - MI Ayuntamiento de Caudete","description":"P\u00e1gina Oficial del Ayuntamiento de Caudete (Albacete)","robots":{"index":"index","follow":"follow","max-snippet":"max-snippet:-1","max-image-preview":"max-image-preview:large","max-video-preview":"max-video-preview:-1"},"canonical":"https:\/\/www.caudete.org\/ayuntamiento\/mas-de-1-250-deportistas-hacen-uso-de-la-via-ferrata-en-su-primer-ano-de-vida\/","og_locale":"es_ES","og_type":"article","og_title":"M\u00e1s de 1.250 deportistas hacen uso de la V\u00cdA FERRATA en su primer a\u00f1o de vida - MI Ayuntamiento de Caudete","og_description":"P\u00e1gina Oficial del Ayuntamiento de Caudete (Albacete)","og_url":"https:\/\/www.caudete.org\/ayuntamiento\/mas-de-1-250-deportistas-hacen-uso-de-la-via-ferrata-en-su-primer-ano-de-vida\/","og_site_name":"MI Ayuntamiento de Caudete","article_publisher":"https:\/\/www.facebook.com\/ayuntamientocaudete\/","article_published_time":"2024-04-17T08:15:35+00:00","og_image":[{"width":2560,"height":1920,"url":"https:\/\/www.caudete.org\/ayuntamiento\/wp-content\/uploads\/2024\/04\/IMG_20230326_105949-scaled.jpg","type":"image\/jpeg"}],"author":"alcalde","twitter_card":"summary_large_image","twitter_misc":{"Escrito por":"alcalde","Tiempo de lectura":"2 minutos"},"schema":{"@context":"https:\/\/schema.org","@graph":[{"@type":"Article","@id":"https:\/\/www.caudete.org\/ayuntamiento\/mas-de-1-250-deportistas-hacen-uso-de-la-via-ferrata-en-su-primer-ano-de-vida\/#article","isPartOf":{"@id":"https:\/\/www.caudete.org\/ayuntamiento\/mas-de-1-250-deportistas-hacen-uso-de-la-via-ferrata-en-su-primer-ano-de-vida\/"},"author":{"name":"alcalde","@id":"https:\/\/www.caudete.org\/ayuntamiento\/#\/schema\/person\/cc646da9133078ee4d8dd47457947253"},"headline":"M\u00e1s de 1.250 deportistas hacen uso de la V\u00cdA FERRATA en su primer a\u00f1o de vida","datePublished":"2024-04-17T08:15:35+00:00","mainEntityOfPage":{"@id":"https:\/\/www.caudete.org\/ayuntamiento\/mas-de-1-250-deportistas-hacen-uso-de-la-via-ferrata-en-su-primer-ano-de-vida\/"},"wordCount":272,"image":{"@id":"https:\/\/www.caudete.org\/ayuntamiento\/mas-de-1-250-deportistas-hacen-uso-de-la-via-ferrata-en-su-primer-ano-de-vida\/#primaryimage"},"thumbnailUrl":"https:\/\/www.caudete.org\/ayuntamiento\/wp-content\/uploads\/2024\/04\/IMG_20230326_105949-scaled.jpg","articleSection":["Turismo"],"inLanguage":"es"},{"@type":"WebPage","@id":"https:\/\/www.caudete.org\/ayuntamiento\/mas-de-1-250-deportistas-hacen-uso-de-la-via-ferrata-en-su-primer-ano-de-vida\/","url":"https:\/\/www.caudete.org\/ayuntamiento\/mas-de-1-250-deportistas-hacen-uso-de-la-via-ferrata-en-su-primer-ano-de-vida\/","name":"M\u00e1s de 1.250 deportistas hacen uso de la V\u00cdA FERRATA en su primer a\u00f1o de vida - MI Ayuntamiento de Caudete","isPartOf":{"@id":"https:\/\/www.caudete.org\/ayuntamiento\/#website"},"primaryImageOfPage":{"@id":"https:\/\/www.caudete.org\/ayuntamiento\/mas-de-1-250-deportistas-hacen-uso-de-la-via-ferrata-en-su-primer-ano-de-vida\/#primaryimage"},"image":{"@id":"https:\/\/www.caudete.org\/ayuntamiento\/mas-de-1-250-deportistas-hacen-uso-de-la-via-ferrata-en-su-primer-ano-de-vida\/#primaryimage"},"thumbnailUrl":"https:\/\/www.caudete.org\/ayuntamiento\/wp-content\/uploads\/2024\/04\/IMG_20230326_105949-scaled.jpg","datePublished":"2024-04-17T08:15:35+00:00","author":{"@id":"https:\/\/www.caudete.org\/ayuntamiento\/#\/schema\/person\/cc646da9133078ee4d8dd47457947253"},"description":"P\u00e1gina Oficial del Ayuntamiento de Caudete (Albacete)","breadcrumb":{"@id":"https:\/\/www.caudete.org\/ayuntamiento\/mas-de-1-250-deportistas-hacen-uso-de-la-via-ferrata-en-su-primer-ano-de-vida\/#breadcrumb"},"inLanguage":"es","potentialAction":[{"@type":"ReadAction","target":["https:\/\/www.caudete.org\/ayuntamiento\/mas-de-1-250-deportistas-hacen-uso-de-la-via-ferrata-en-su-primer-ano-de-vida\/"]}]},{"@type":"ImageObject","inLanguage":"es","@id":"https:\/\/www.caudete.org\/ayuntamiento\/mas-de-1-250-deportistas-hacen-uso-de-la-via-ferrata-en-su-primer-ano-de-vida\/#primaryimage","url":"https:\/\/www.caudete.org\/ayuntamiento\/wp-content\/uploads\/2024\/04\/IMG_20230326_105949-scaled.jpg","contentUrl":"https:\/\/www.caudete.org\/ayuntamiento\/wp-content\/uploads\/2024\/04\/IMG_20230326_105949-scaled.jpg","width":2560,"height":1920},{"@type":"BreadcrumbList","@id":"https:\/\/www.caudete.org\/ayuntamiento\/mas-de-1-250-deportistas-hacen-uso-de-la-via-ferrata-en-su-primer-ano-de-vida\/#breadcrumb","itemListElement":[{"@type":"ListItem","position":1,"name":"Inicio","item":"https:\/\/www.caudete.org\/ayuntamiento\/"},{"@type":"ListItem","position":2,"name":"M\u00e1s de 1.250 deportistas hacen uso de la V\u00cdA FERRATA en su primer a\u00f1o de vida"}]},{"@type":"WebSite","@id":"https:\/\/www.caudete.org\/ayuntamiento\/#website","url":"https:\/\/www.caudete.org\/ayuntamiento\/","name":"MI Ayuntamiento de Caudete","description":"P\u00e1gina Oficial del MI Ayuntamiento de Caudete","potentialAction":[{"@type":"SearchAction","target":{"@type":"EntryPoint","urlTemplate":"https:\/\/www.caudete.org\/ayuntamiento\/?s={search_term_string}"},"query-input":{"@type":"PropertyValueSpecification","valueRequired":true,"valueName":"search_term_string"}}],"inLanguage":"es"},{"@type":"Person","@id":"https:\/\/www.caudete.org\/ayuntamiento\/#\/schema\/person\/cc646da9133078ee4d8dd47457947253","name":"alcalde","image":{"@type":"ImageObject","inLanguage":"es","@id":"https:\/\/secure.gravatar.com\/avatar\/84a817ba065b29ff08d666b215a215f5c79186a645ccb25b14a663d48a130f77?s=96&d=mm&r=g","url":"https:\/\/secure.gravatar.com\/avatar\/84a817ba065b29ff08d666b215a215f5c79186a645ccb25b14a663d48a130f77?s=96&d=mm&r=g","contentUrl":"https:\/\/secure.gravatar.com\/avatar\/84a817ba065b29ff08d666b215a215f5c79186a645ccb25b14a663d48a130f77?s=96&d=mm&r=g","caption":"alcalde"},"url":"https:\/\/www.caudete.org\/ayuntamiento\/author\/alcalde\/"}]}},"_links":{"self":[{"href":"https:\/\/www.caudete.org\/ayuntamiento\/wp-json\/wp\/v2\/posts\/24859","targetHints":{"allow":["GET"]}}],"collection":[{"href":"https:\/\/www.caudete.org\/ayuntamiento\/wp-json\/wp\/v2\/posts"}],"about":[{"href":"https:\/\/www.caudete.org\/ayuntamiento\/wp-json\/wp\/v2\/types\/post"}],"author":[{"embeddable":true,"href":"https:\/\/www.caudete.org\/ayuntamiento\/wp-json\/wp\/v2\/users\/3"}],"replies":[{"embeddable":true,"href":"https:\/\/www.caudete.org\/ayuntamiento\/wp-json\/wp\/v2\/comments?post=24859"}],"version-history":[{"count":1,"href":"https:\/\/www.caudete.org\/ayuntamiento\/wp-json\/wp\/v2\/posts\/24859\/revisions"}],"predecessor-version":[{"id":24868,"href":"https:\/\/www.caudete.org\/ayuntamiento\/wp-json\/wp\/v2\/posts\/24859\/revisions\/24868"}],"wp:featuredmedia":[{"embeddable":true,"href":"https:\/\/www.caudete.org\/ayuntamiento\/wp-json\/wp\/v2\/media\/24864"}],"wp:attachment":[{"href":"https:\/\/www.caudete.org\/ayuntamiento\/wp-json\/wp\/v2\/media?parent=24859"}],"wp:term":[{"taxonomy":"category","embeddable":true,"href":"https:\/\/www.caudete.org\/ayuntamiento\/wp-json\/wp\/v2\/categories?post=24859"},{"taxonomy":"post_tag","embeddable":true,"href":"https:\/\/www.caudete.org\/ayuntamiento\/wp-json\/wp\/v2\/tags?post=24859"}],"curies":[{"name":"wp","href":"https:\/\/api.w.org\/{rel}","templated":true}]}}