{"id":24993,"date":"2024-04-26T10:23:04","date_gmt":"2024-04-26T08:23:04","guid":{"rendered":"https:\/\/www.caudete.org\/ayuntamiento\/?p=24993"},"modified":"2024-05-16T18:17:44","modified_gmt":"2024-05-16T16:17:44","slug":"puesta-en-marcha-del-ii-plan-de-igualdad-del-ayuntamiento-de-caudete","status":"publish","type":"post","link":"https:\/\/www.caudete.org\/ayuntamiento\/puesta-en-marcha-del-ii-plan-de-igualdad-del-ayuntamiento-de-caudete\/","title":{"rendered":"Puesta en marcha del II Plan de Igualdad del Ayuntamiento de Caudete"},"content":{"rendered":"<p>Mar\u00eda Mart\u00ednez Garc\u00eda Concejal de Familia, Bienestar e Igualdad Social, informa que el 25 de abril se ha iniciado el trabajo para la realizaci\u00f3n del <strong>\u201cII Plan de Igualdad del Ayuntamiento de Caudete. 2024-2027\u201d<\/strong> el cual supone una continuidad en el desarrollo del anterior.<\/p>\n<p>En dicho acto se ha procedido a la firma de un <strong>Compromiso Institucional<\/strong> para la elaboraci\u00f3n del II PLAN DE IGUALDAD DEL AYUNTAMIENTO DE CAUDETE, siguiendo las directrices que marca la legislaci\u00f3n en la materia, por parte del alcalde, D. Mois\u00e9s L\u00f3pez Mart\u00ednez.<\/p>\n<p>Adem\u00e1s se ha creado una <strong>Comisi\u00f3n Negociadora del Plan de Igualdad<\/strong> que tendr\u00e1 por objeto la Negociaci\u00f3n y elaboraci\u00f3n del diagn\u00f3stico y de las medidas que lo integrar\u00e1n. Estar\u00e1 formada por representantes del Ayuntamiento, personal t\u00e9cnico del Centro de la Mujer, as\u00ed como representantes del personal y ser\u00e1 presidida por la Edil, D\u00f1a. Mar\u00eda Mart\u00ednez Garc\u00eda, que agradece a todos los asistentes su presencia, colaboraci\u00f3n y buena predisposici\u00f3n, tanto en el I Plan de Igualdad de oportunidades para hombres y mujeres, elaborado para el municipio, c\u00f3mo en este nuevo documento vivo, que hoy se ha puesto en marcha.<\/p>\n<p>Desde el Ayuntamiento de Caudete, somos conscientes de que nuestra gesti\u00f3n de lo p\u00fablico tiene que estar en consonancia con las necesidades y demandas de la sociedad y por ello hemos asumido el compromiso para la elaboraci\u00f3n de este II PLAN DE IGUALDAD interno en nuestro Ayuntamiento. Nuestro objetivo es avanzar en la consecuci\u00f3n de la igualdad real entre mujeres y hombres en la entidad.<\/p>\n<p>El Ayuntamiento de Caudete, renueva as\u00ed, su compromiso, en el establecimiento y desarrollo de pol\u00edticas que promuevan la igualdad de trato y de oportunidades entre mujeres y hombres, como principio estrat\u00e9gico de nuestra pol\u00edtica corporativa de acuerdo con la definici\u00f3n de este principio en la Ley Org\u00e1nica 3\/2007, de 22 de marzo, para la igualdad efectiva entre mujeres y hombres.<\/p>\n<p><img fetchpriority=\"high\" decoding=\"async\" class=\"alignnone size-full wp-image-24995\" src=\"https:\/\/www.caudete.org\/ayuntamiento\/wp-content\/uploads\/2024\/04\/PlanIgualdad1.jpg\" alt=\"\" width=\"800\" height=\"452\" srcset=\"https:\/\/www.caudete.org\/ayuntamiento\/wp-content\/uploads\/2024\/04\/PlanIgualdad1.jpg 800w, https:\/\/www.caudete.org\/ayuntamiento\/wp-content\/uploads\/2024\/04\/PlanIgualdad1-300x170.jpg 300w, https:\/\/www.caudete.org\/ayuntamiento\/wp-content\/uploads\/2024\/04\/PlanIgualdad1-768x434.jpg 768w\" sizes=\"(max-width: 800px) 100vw, 800px\" \/><\/p>\n<p>&nbsp;<\/p>\n","protected":false},"excerpt":{"rendered":"<p>Mar\u00eda Mart\u00ednez Garc\u00eda Concejal de Familia, Bienestar e Igualdad Social, informa que el 25 de abril se ha iniciado el trabajo para la realizaci\u00f3n del \u201cII Plan de Igualdad del Ayuntamiento de Caudete. 2024-2027\u201d el cual supone una continuidad en el desarrollo del anterior. En dicho acto se ha procedido a la firma de un &hellip;<\/p>\n","protected":false},"author":5,"featured_media":24994,"comment_status":"closed","ping_status":"open","sticky":false,"template":"","format":"standard","meta":{"ngg_post_thumbnail":0,"footnotes":""},"categories":[522],"tags":[],"class_list":["post-24993","post","type-post","status-publish","format-standard","has-post-thumbnail","hentry","category-igualdad"],"yoast_head":"<!-- This site is optimized with the Yoast SEO plugin v27.5 - https:\/\/yoast.com\/product\/yoast-seo-wordpress\/ -->\n<title>Puesta en marcha del II Plan de Igualdad del Ayuntamiento de Caudete - MI Ayuntamiento de Caudete<\/title>\n<meta name=\"description\" content=\"P\u00e1gina Oficial del Ayuntamiento de Caudete (Albacete)\" \/>\n<meta name=\"robots\" content=\"index, follow, max-snippet:-1, max-image-preview:large, max-video-preview:-1\" \/>\n<link rel=\"canonical\" href=\"https:\/\/www.caudete.org\/ayuntamiento\/puesta-en-marcha-del-ii-plan-de-igualdad-del-ayuntamiento-de-caudete\/\" \/>\n<meta property=\"og:locale\" content=\"es_ES\" \/>\n<meta property=\"og:type\" content=\"article\" \/>\n<meta property=\"og:title\" content=\"Puesta en marcha del II Plan de Igualdad del Ayuntamiento de Caudete - MI Ayuntamiento de Caudete\" \/>\n<meta property=\"og:description\" content=\"P\u00e1gina Oficial del Ayuntamiento de Caudete (Albacete)\" \/>\n<meta property=\"og:url\" content=\"https:\/\/www.caudete.org\/ayuntamiento\/puesta-en-marcha-del-ii-plan-de-igualdad-del-ayuntamiento-de-caudete\/\" \/>\n<meta property=\"og:site_name\" content=\"MI Ayuntamiento de Caudete\" \/>\n<meta property=\"article:publisher\" content=\"https:\/\/www.facebook.com\/ayuntamientocaudete\/\" \/>\n<meta property=\"article:published_time\" content=\"2024-04-26T08:23:04+00:00\" \/>\n<meta property=\"article:modified_time\" content=\"2024-05-16T16:17:44+00:00\" \/>\n<meta property=\"og:image\" content=\"https:\/\/www.caudete.org\/ayuntamiento\/wp-content\/uploads\/2024\/04\/PlanIgualdad2.jpg\" \/>\n\t<meta property=\"og:image:width\" content=\"795\" \/>\n\t<meta property=\"og:image:height\" content=\"510\" \/>\n\t<meta property=\"og:image:type\" content=\"image\/jpeg\" \/>\n<meta name=\"author\" content=\"Dpto Informatica MI Ayuntamiento de Caudete\" \/>\n<meta name=\"twitter:card\" content=\"summary_large_image\" \/>\n<meta name=\"twitter:label1\" content=\"Escrito por\" \/>\n\t<meta name=\"twitter:data1\" content=\"Dpto Informatica MI Ayuntamiento de Caudete\" \/>\n\t<meta name=\"twitter:label2\" content=\"Tiempo de lectura\" \/>\n\t<meta name=\"twitter:data2\" content=\"2 minutos\" \/>\n<script type=\"application\/ld+json\" class=\"yoast-schema-graph\">{\"@context\":\"https:\\\/\\\/schema.org\",\"@graph\":[{\"@type\":\"Article\",\"@id\":\"https:\\\/\\\/www.caudete.org\\\/ayuntamiento\\\/puesta-en-marcha-del-ii-plan-de-igualdad-del-ayuntamiento-de-caudete\\\/#article\",\"isPartOf\":{\"@id\":\"https:\\\/\\\/www.caudete.org\\\/ayuntamiento\\\/puesta-en-marcha-del-ii-plan-de-igualdad-del-ayuntamiento-de-caudete\\\/\"},\"author\":{\"name\":\"Dpto Informatica MI Ayuntamiento de Caudete\",\"@id\":\"https:\\\/\\\/www.caudete.org\\\/ayuntamiento\\\/#\\\/schema\\\/person\\\/4b9eab41761957db9b1bf9c418d1ef46\"},\"headline\":\"Puesta en marcha del II Plan de Igualdad del Ayuntamiento de Caudete\",\"datePublished\":\"2024-04-26T08:23:04+00:00\",\"dateModified\":\"2024-05-16T16:17:44+00:00\",\"mainEntityOfPage\":{\"@id\":\"https:\\\/\\\/www.caudete.org\\\/ayuntamiento\\\/puesta-en-marcha-del-ii-plan-de-igualdad-del-ayuntamiento-de-caudete\\\/\"},\"wordCount\":352,\"publisher\":{\"@id\":\"https:\\\/\\\/www.caudete.org\\\/ayuntamiento\\\/#organization\"},\"image\":{\"@id\":\"https:\\\/\\\/www.caudete.org\\\/ayuntamiento\\\/puesta-en-marcha-del-ii-plan-de-igualdad-del-ayuntamiento-de-caudete\\\/#primaryimage\"},\"thumbnailUrl\":\"https:\\\/\\\/www.caudete.org\\\/ayuntamiento\\\/wp-content\\\/uploads\\\/2024\\\/04\\\/PlanIgualdad2.jpg\",\"articleSection\":[\"Igualdad\"],\"inLanguage\":\"es\"},{\"@type\":\"WebPage\",\"@id\":\"https:\\\/\\\/www.caudete.org\\\/ayuntamiento\\\/puesta-en-marcha-del-ii-plan-de-igualdad-del-ayuntamiento-de-caudete\\\/\",\"url\":\"https:\\\/\\\/www.caudete.org\\\/ayuntamiento\\\/puesta-en-marcha-del-ii-plan-de-igualdad-del-ayuntamiento-de-caudete\\\/\",\"name\":\"Puesta en marcha del II Plan de Igualdad del Ayuntamiento de Caudete - MI Ayuntamiento de Caudete\",\"isPartOf\":{\"@id\":\"https:\\\/\\\/www.caudete.org\\\/ayuntamiento\\\/#website\"},\"primaryImageOfPage\":{\"@id\":\"https:\\\/\\\/www.caudete.org\\\/ayuntamiento\\\/puesta-en-marcha-del-ii-plan-de-igualdad-del-ayuntamiento-de-caudete\\\/#primaryimage\"},\"image\":{\"@id\":\"https:\\\/\\\/www.caudete.org\\\/ayuntamiento\\\/puesta-en-marcha-del-ii-plan-de-igualdad-del-ayuntamiento-de-caudete\\\/#primaryimage\"},\"thumbnailUrl\":\"https:\\\/\\\/www.caudete.org\\\/ayuntamiento\\\/wp-content\\\/uploads\\\/2024\\\/04\\\/PlanIgualdad2.jpg\",\"datePublished\":\"2024-04-26T08:23:04+00:00\",\"dateModified\":\"2024-05-16T16:17:44+00:00\",\"description\":\"P\u00e1gina Oficial del Ayuntamiento de Caudete (Albacete)\",\"breadcrumb\":{\"@id\":\"https:\\\/\\\/www.caudete.org\\\/ayuntamiento\\\/puesta-en-marcha-del-ii-plan-de-igualdad-del-ayuntamiento-de-caudete\\\/#breadcrumb\"},\"inLanguage\":\"es\",\"potentialAction\":[{\"@type\":\"ReadAction\",\"target\":[\"https:\\\/\\\/www.caudete.org\\\/ayuntamiento\\\/puesta-en-marcha-del-ii-plan-de-igualdad-del-ayuntamiento-de-caudete\\\/\"]}]},{\"@type\":\"ImageObject\",\"inLanguage\":\"es\",\"@id\":\"https:\\\/\\\/www.caudete.org\\\/ayuntamiento\\\/puesta-en-marcha-del-ii-plan-de-igualdad-del-ayuntamiento-de-caudete\\\/#primaryimage\",\"url\":\"https:\\\/\\\/www.caudete.org\\\/ayuntamiento\\\/wp-content\\\/uploads\\\/2024\\\/04\\\/PlanIgualdad2.jpg\",\"contentUrl\":\"https:\\\/\\\/www.caudete.org\\\/ayuntamiento\\\/wp-content\\\/uploads\\\/2024\\\/04\\\/PlanIgualdad2.jpg\",\"width\":795,\"height\":510},{\"@type\":\"BreadcrumbList\",\"@id\":\"https:\\\/\\\/www.caudete.org\\\/ayuntamiento\\\/puesta-en-marcha-del-ii-plan-de-igualdad-del-ayuntamiento-de-caudete\\\/#breadcrumb\",\"itemListElement\":[{\"@type\":\"ListItem\",\"position\":1,\"name\":\"Inicio\",\"item\":\"https:\\\/\\\/www.caudete.org\\\/ayuntamiento\\\/\"},{\"@type\":\"ListItem\",\"position\":2,\"name\":\"Puesta en marcha del II Plan de Igualdad del Ayuntamiento de Caudete\"}]},{\"@type\":\"WebSite\",\"@id\":\"https:\\\/\\\/www.caudete.org\\\/ayuntamiento\\\/#website\",\"url\":\"https:\\\/\\\/www.caudete.org\\\/ayuntamiento\\\/\",\"name\":\"MI Ayuntamiento de Caudete\",\"description\":\"P\u00e1gina Oficial del MI Ayuntamiento de Caudete\",\"publisher\":{\"@id\":\"https:\\\/\\\/www.caudete.org\\\/ayuntamiento\\\/#organization\"},\"potentialAction\":[{\"@type\":\"SearchAction\",\"target\":{\"@type\":\"EntryPoint\",\"urlTemplate\":\"https:\\\/\\\/www.caudete.org\\\/ayuntamiento\\\/?s={search_term_string}\"},\"query-input\":{\"@type\":\"PropertyValueSpecification\",\"valueRequired\":true,\"valueName\":\"search_term_string\"}}],\"inLanguage\":\"es\"},{\"@type\":\"Organization\",\"@id\":\"https:\\\/\\\/www.caudete.org\\\/ayuntamiento\\\/#organization\",\"name\":\"Ayuntamiento de Caudete\",\"url\":\"https:\\\/\\\/www.caudete.org\\\/ayuntamiento\\\/\",\"logo\":{\"@type\":\"ImageObject\",\"inLanguage\":\"es\",\"@id\":\"https:\\\/\\\/www.caudete.org\\\/ayuntamiento\\\/#\\\/schema\\\/logo\\\/image\\\/\",\"url\":\"https:\\\/\\\/www.caudete.org\\\/ayuntamiento\\\/wp-content\\\/uploads\\\/2020\\\/11\\\/logo_ayuntamiento_caudete.jpg\",\"contentUrl\":\"https:\\\/\\\/www.caudete.org\\\/ayuntamiento\\\/wp-content\\\/uploads\\\/2020\\\/11\\\/logo_ayuntamiento_caudete.jpg\",\"width\":600,\"height\":150,\"caption\":\"Ayuntamiento de Caudete\"},\"image\":{\"@id\":\"https:\\\/\\\/www.caudete.org\\\/ayuntamiento\\\/#\\\/schema\\\/logo\\\/image\\\/\"},\"sameAs\":[\"https:\\\/\\\/www.facebook.com\\\/ayuntamientocaudete\\\/\",\"https:\\\/\\\/www.youtube.com\\\/channel\\\/UC6VztHaooNsGpw-tNoBEFnQ\"]},{\"@type\":\"Person\",\"@id\":\"https:\\\/\\\/www.caudete.org\\\/ayuntamiento\\\/#\\\/schema\\\/person\\\/4b9eab41761957db9b1bf9c418d1ef46\",\"name\":\"Dpto Informatica MI Ayuntamiento de Caudete\",\"image\":{\"@type\":\"ImageObject\",\"inLanguage\":\"es\",\"@id\":\"https:\\\/\\\/secure.gravatar.com\\\/avatar\\\/ac0321ee4a0a83e82a253e7b2d348ef539e2c8fe16d06b600bde04de1b364fa7?s=96&d=mm&r=g\",\"url\":\"https:\\\/\\\/secure.gravatar.com\\\/avatar\\\/ac0321ee4a0a83e82a253e7b2d348ef539e2c8fe16d06b600bde04de1b364fa7?s=96&d=mm&r=g\",\"contentUrl\":\"https:\\\/\\\/secure.gravatar.com\\\/avatar\\\/ac0321ee4a0a83e82a253e7b2d348ef539e2c8fe16d06b600bde04de1b364fa7?s=96&d=mm&r=g\",\"caption\":\"Dpto Informatica MI Ayuntamiento de Caudete\"},\"url\":\"https:\\\/\\\/www.caudete.org\\\/ayuntamiento\\\/author\\\/informatica\\\/\"}]}<\/script>\n<!-- \/ Yoast SEO plugin. -->","yoast_head_json":{"title":"Puesta en marcha del II Plan de Igualdad del Ayuntamiento de Caudete - MI Ayuntamiento de Caudete","description":"P\u00e1gina Oficial del Ayuntamiento de Caudete (Albacete)","robots":{"index":"index","follow":"follow","max-snippet":"max-snippet:-1","max-image-preview":"max-image-preview:large","max-video-preview":"max-video-preview:-1"},"canonical":"https:\/\/www.caudete.org\/ayuntamiento\/puesta-en-marcha-del-ii-plan-de-igualdad-del-ayuntamiento-de-caudete\/","og_locale":"es_ES","og_type":"article","og_title":"Puesta en marcha del II Plan de Igualdad del Ayuntamiento de Caudete - MI Ayuntamiento de Caudete","og_description":"P\u00e1gina Oficial del Ayuntamiento de Caudete (Albacete)","og_url":"https:\/\/www.caudete.org\/ayuntamiento\/puesta-en-marcha-del-ii-plan-de-igualdad-del-ayuntamiento-de-caudete\/","og_site_name":"MI Ayuntamiento de Caudete","article_publisher":"https:\/\/www.facebook.com\/ayuntamientocaudete\/","article_published_time":"2024-04-26T08:23:04+00:00","article_modified_time":"2024-05-16T16:17:44+00:00","og_image":[{"width":795,"height":510,"url":"https:\/\/www.caudete.org\/ayuntamiento\/wp-content\/uploads\/2024\/04\/PlanIgualdad2.jpg","type":"image\/jpeg"}],"author":"Dpto Informatica MI Ayuntamiento de Caudete","twitter_card":"summary_large_image","twitter_misc":{"Escrito por":"Dpto Informatica MI Ayuntamiento de Caudete","Tiempo de lectura":"2 minutos"},"schema":{"@context":"https:\/\/schema.org","@graph":[{"@type":"Article","@id":"https:\/\/www.caudete.org\/ayuntamiento\/puesta-en-marcha-del-ii-plan-de-igualdad-del-ayuntamiento-de-caudete\/#article","isPartOf":{"@id":"https:\/\/www.caudete.org\/ayuntamiento\/puesta-en-marcha-del-ii-plan-de-igualdad-del-ayuntamiento-de-caudete\/"},"author":{"name":"Dpto Informatica MI Ayuntamiento de Caudete","@id":"https:\/\/www.caudete.org\/ayuntamiento\/#\/schema\/person\/4b9eab41761957db9b1bf9c418d1ef46"},"headline":"Puesta en marcha del II Plan de Igualdad del Ayuntamiento de Caudete","datePublished":"2024-04-26T08:23:04+00:00","dateModified":"2024-05-16T16:17:44+00:00","mainEntityOfPage":{"@id":"https:\/\/www.caudete.org\/ayuntamiento\/puesta-en-marcha-del-ii-plan-de-igualdad-del-ayuntamiento-de-caudete\/"},"wordCount":352,"publisher":{"@id":"https:\/\/www.caudete.org\/ayuntamiento\/#organization"},"image":{"@id":"https:\/\/www.caudete.org\/ayuntamiento\/puesta-en-marcha-del-ii-plan-de-igualdad-del-ayuntamiento-de-caudete\/#primaryimage"},"thumbnailUrl":"https:\/\/www.caudete.org\/ayuntamiento\/wp-content\/uploads\/2024\/04\/PlanIgualdad2.jpg","articleSection":["Igualdad"],"inLanguage":"es"},{"@type":"WebPage","@id":"https:\/\/www.caudete.org\/ayuntamiento\/puesta-en-marcha-del-ii-plan-de-igualdad-del-ayuntamiento-de-caudete\/","url":"https:\/\/www.caudete.org\/ayuntamiento\/puesta-en-marcha-del-ii-plan-de-igualdad-del-ayuntamiento-de-caudete\/","name":"Puesta en marcha del II Plan de Igualdad del Ayuntamiento de Caudete - MI Ayuntamiento de Caudete","isPartOf":{"@id":"https:\/\/www.caudete.org\/ayuntamiento\/#website"},"primaryImageOfPage":{"@id":"https:\/\/www.caudete.org\/ayuntamiento\/puesta-en-marcha-del-ii-plan-de-igualdad-del-ayuntamiento-de-caudete\/#primaryimage"},"image":{"@id":"https:\/\/www.caudete.org\/ayuntamiento\/puesta-en-marcha-del-ii-plan-de-igualdad-del-ayuntamiento-de-caudete\/#primaryimage"},"thumbnailUrl":"https:\/\/www.caudete.org\/ayuntamiento\/wp-content\/uploads\/2024\/04\/PlanIgualdad2.jpg","datePublished":"2024-04-26T08:23:04+00:00","dateModified":"2024-05-16T16:17:44+00:00","description":"P\u00e1gina Oficial del Ayuntamiento de Caudete (Albacete)","breadcrumb":{"@id":"https:\/\/www.caudete.org\/ayuntamiento\/puesta-en-marcha-del-ii-plan-de-igualdad-del-ayuntamiento-de-caudete\/#breadcrumb"},"inLanguage":"es","potentialAction":[{"@type":"ReadAction","target":["https:\/\/www.caudete.org\/ayuntamiento\/puesta-en-marcha-del-ii-plan-de-igualdad-del-ayuntamiento-de-caudete\/"]}]},{"@type":"ImageObject","inLanguage":"es","@id":"https:\/\/www.caudete.org\/ayuntamiento\/puesta-en-marcha-del-ii-plan-de-igualdad-del-ayuntamiento-de-caudete\/#primaryimage","url":"https:\/\/www.caudete.org\/ayuntamiento\/wp-content\/uploads\/2024\/04\/PlanIgualdad2.jpg","contentUrl":"https:\/\/www.caudete.org\/ayuntamiento\/wp-content\/uploads\/2024\/04\/PlanIgualdad2.jpg","width":795,"height":510},{"@type":"BreadcrumbList","@id":"https:\/\/www.caudete.org\/ayuntamiento\/puesta-en-marcha-del-ii-plan-de-igualdad-del-ayuntamiento-de-caudete\/#breadcrumb","itemListElement":[{"@type":"ListItem","position":1,"name":"Inicio","item":"https:\/\/www.caudete.org\/ayuntamiento\/"},{"@type":"ListItem","position":2,"name":"Puesta en marcha del II Plan de Igualdad del Ayuntamiento de Caudete"}]},{"@type":"WebSite","@id":"https:\/\/www.caudete.org\/ayuntamiento\/#website","url":"https:\/\/www.caudete.org\/ayuntamiento\/","name":"MI Ayuntamiento de Caudete","description":"P\u00e1gina Oficial del MI Ayuntamiento de Caudete","publisher":{"@id":"https:\/\/www.caudete.org\/ayuntamiento\/#organization"},"potentialAction":[{"@type":"SearchAction","target":{"@type":"EntryPoint","urlTemplate":"https:\/\/www.caudete.org\/ayuntamiento\/?s={search_term_string}"},"query-input":{"@type":"PropertyValueSpecification","valueRequired":true,"valueName":"search_term_string"}}],"inLanguage":"es"},{"@type":"Organization","@id":"https:\/\/www.caudete.org\/ayuntamiento\/#organization","name":"Ayuntamiento de Caudete","url":"https:\/\/www.caudete.org\/ayuntamiento\/","logo":{"@type":"ImageObject","inLanguage":"es","@id":"https:\/\/www.caudete.org\/ayuntamiento\/#\/schema\/logo\/image\/","url":"https:\/\/www.caudete.org\/ayuntamiento\/wp-content\/uploads\/2020\/11\/logo_ayuntamiento_caudete.jpg","contentUrl":"https:\/\/www.caudete.org\/ayuntamiento\/wp-content\/uploads\/2020\/11\/logo_ayuntamiento_caudete.jpg","width":600,"height":150,"caption":"Ayuntamiento de Caudete"},"image":{"@id":"https:\/\/www.caudete.org\/ayuntamiento\/#\/schema\/logo\/image\/"},"sameAs":["https:\/\/www.facebook.com\/ayuntamientocaudete\/","https:\/\/www.youtube.com\/channel\/UC6VztHaooNsGpw-tNoBEFnQ"]},{"@type":"Person","@id":"https:\/\/www.caudete.org\/ayuntamiento\/#\/schema\/person\/4b9eab41761957db9b1bf9c418d1ef46","name":"Dpto Informatica MI Ayuntamiento de Caudete","image":{"@type":"ImageObject","inLanguage":"es","@id":"https:\/\/secure.gravatar.com\/avatar\/ac0321ee4a0a83e82a253e7b2d348ef539e2c8fe16d06b600bde04de1b364fa7?s=96&d=mm&r=g","url":"https:\/\/secure.gravatar.com\/avatar\/ac0321ee4a0a83e82a253e7b2d348ef539e2c8fe16d06b600bde04de1b364fa7?s=96&d=mm&r=g","contentUrl":"https:\/\/secure.gravatar.com\/avatar\/ac0321ee4a0a83e82a253e7b2d348ef539e2c8fe16d06b600bde04de1b364fa7?s=96&d=mm&r=g","caption":"Dpto Informatica MI Ayuntamiento de Caudete"},"url":"https:\/\/www.caudete.org\/ayuntamiento\/author\/informatica\/"}]}},"_links":{"self":[{"href":"https:\/\/www.caudete.org\/ayuntamiento\/wp-json\/wp\/v2\/posts\/24993","targetHints":{"allow":["GET"]}}],"collection":[{"href":"https:\/\/www.caudete.org\/ayuntamiento\/wp-json\/wp\/v2\/posts"}],"about":[{"href":"https:\/\/www.caudete.org\/ayuntamiento\/wp-json\/wp\/v2\/types\/post"}],"author":[{"embeddable":true,"href":"https:\/\/www.caudete.org\/ayuntamiento\/wp-json\/wp\/v2\/users\/5"}],"replies":[{"embeddable":true,"href":"https:\/\/www.caudete.org\/ayuntamiento\/wp-json\/wp\/v2\/comments?post=24993"}],"version-history":[{"count":1,"href":"https:\/\/www.caudete.org\/ayuntamiento\/wp-json\/wp\/v2\/posts\/24993\/revisions"}],"predecessor-version":[{"id":24996,"href":"https:\/\/www.caudete.org\/ayuntamiento\/wp-json\/wp\/v2\/posts\/24993\/revisions\/24996"}],"wp:featuredmedia":[{"embeddable":true,"href":"https:\/\/www.caudete.org\/ayuntamiento\/wp-json\/wp\/v2\/media\/24994"}],"wp:attachment":[{"href":"https:\/\/www.caudete.org\/ayuntamiento\/wp-json\/wp\/v2\/media?parent=24993"}],"wp:term":[{"taxonomy":"category","embeddable":true,"href":"https:\/\/www.caudete.org\/ayuntamiento\/wp-json\/wp\/v2\/categories?post=24993"},{"taxonomy":"post_tag","embeddable":true,"href":"https:\/\/www.caudete.org\/ayuntamiento\/wp-json\/wp\/v2\/tags?post=24993"}],"curies":[{"name":"wp","href":"https:\/\/api.w.org\/{rel}","templated":true}]}}