{"id":24998,"date":"2024-04-30T08:11:42","date_gmt":"2024-04-30T06:11:42","guid":{"rendered":"https:\/\/www.caudete.org\/ayuntamiento\/?p=24998"},"modified":"2024-04-30T08:11:42","modified_gmt":"2024-04-30T06:11:42","slug":"alejandro-carpena-lopez-es-galardonado-con-el-premio-conde-san-carlos-en-la-categoria-tfm","status":"publish","type":"post","link":"https:\/\/www.caudete.org\/ayuntamiento\/alejandro-carpena-lopez-es-galardonado-con-el-premio-conde-san-carlos-en-la-categoria-tfm\/","title":{"rendered":"Alejandro Carpena L\u00f3pez es galardonado con el Premio Conde San Carlos en la categor\u00eda TFM"},"content":{"rendered":"<p style=\"text-align: justify;\">Los Premios &#8220;Conde San Carlos&#8221; que convoca el Ayuntamiento para premiar los trabajos acad\u00e9micos sobre Caudete, ya tiene ganador en su III Edici\u00f3n.<\/p>\n<p style=\"text-align: justify;\">Desde la Concejal\u00eda de Educaci\u00f3n, impulsora de la iniciativa, han sido fallados los mismos recientemente por el Tribunal Calificador designado al efecto, haci\u00e9ndose p\u00fablica en la ma\u00f1ana de hoy el acta en el Tabl\u00f3n de Anuncios Municipal.<\/p>\n<p style=\"text-align: justify;\">En la categor\u00eda de Trabajo Fin de M\u00e1ster (TFM), el Premio recae en el trabajo titulado \u201cPatrones de mortalidad de fauna en relaci\u00f3n con infraestructuras lineales de transporte en el municipio de<br \/>\nCaudete (Albacete)\u201d, del joven caudetano Alejandro Carpena L\u00f3pez.<\/p>\n<p style=\"text-align: justify;\">Mientras que el Premio de la categor\u00eda de Trabajo Fin de Grado (TFG), ha quedado desierto.<\/p>\n<p style=\"text-align: justify;\">Seg\u00fan adelantaba la Edil de Educaci\u00f3n, Manuela Gonz\u00e1lez, el acto de exposici\u00f3n del trabajo y entrega de galard\u00f3n se llevar\u00e1 a cabo durante la celebraci\u00f3n de las II Jornadas de Estudios Locales.<\/p>\n","protected":false},"excerpt":{"rendered":"<p>Los Premios &#8220;Conde San Carlos&#8221; que convoca el Ayuntamiento para premiar los trabajos acad\u00e9micos sobre Caudete, ya tiene ganador en su III Edici\u00f3n. Desde la Concejal\u00eda de Educaci\u00f3n, impulsora de la iniciativa, han sido fallados los mismos recientemente por el Tribunal Calificador designado al efecto, haci\u00e9ndose p\u00fablica en la ma\u00f1ana de hoy el acta en &hellip;<\/p>\n","protected":false},"author":3,"featured_media":24999,"comment_status":"closed","ping_status":"open","sticky":false,"template":"","format":"standard","meta":{"ngg_post_thumbnail":0,"footnotes":""},"categories":[25],"tags":[],"class_list":["post-24998","post","type-post","status-publish","format-standard","has-post-thumbnail","hentry","category-educacion"],"yoast_head":"<!-- This site is optimized with the Yoast SEO plugin v27.4 - https:\/\/yoast.com\/product\/yoast-seo-wordpress\/ -->\n<title>Alejandro Carpena L\u00f3pez es galardonado con el Premio Conde San Carlos en la categor\u00eda TFM - MI Ayuntamiento de Caudete<\/title>\n<meta name=\"description\" content=\"P\u00e1gina Oficial del Ayuntamiento de Caudete (Albacete)\" \/>\n<meta name=\"robots\" content=\"index, follow, max-snippet:-1, max-image-preview:large, max-video-preview:-1\" \/>\n<link rel=\"canonical\" href=\"https:\/\/www.caudete.org\/ayuntamiento\/alejandro-carpena-lopez-es-galardonado-con-el-premio-conde-san-carlos-en-la-categoria-tfm\/\" \/>\n<meta property=\"og:locale\" content=\"es_ES\" \/>\n<meta property=\"og:type\" content=\"article\" \/>\n<meta property=\"og:title\" content=\"Alejandro Carpena L\u00f3pez es galardonado con el Premio Conde San Carlos en la categor\u00eda TFM - MI Ayuntamiento de Caudete\" \/>\n<meta property=\"og:description\" content=\"P\u00e1gina Oficial del Ayuntamiento de Caudete (Albacete)\" \/>\n<meta property=\"og:url\" content=\"https:\/\/www.caudete.org\/ayuntamiento\/alejandro-carpena-lopez-es-galardonado-con-el-premio-conde-san-carlos-en-la-categoria-tfm\/\" \/>\n<meta property=\"og:site_name\" content=\"MI Ayuntamiento de Caudete\" \/>\n<meta property=\"article:publisher\" content=\"https:\/\/www.facebook.com\/ayuntamientocaudete\/\" \/>\n<meta property=\"article:published_time\" content=\"2024-04-30T06:11:42+00:00\" \/>\n<meta property=\"og:image\" content=\"https:\/\/www.caudete.org\/ayuntamiento\/wp-content\/uploads\/2024\/04\/premio-conde-san-carlos-caudete-digital.jpg\" \/>\n\t<meta property=\"og:image:width\" content=\"1024\" \/>\n\t<meta property=\"og:image:height\" content=\"560\" \/>\n\t<meta property=\"og:image:type\" content=\"image\/jpeg\" \/>\n<meta name=\"author\" content=\"alcalde\" \/>\n<meta name=\"twitter:card\" content=\"summary_large_image\" \/>\n<meta name=\"twitter:label1\" content=\"Escrito por\" \/>\n\t<meta name=\"twitter:data1\" content=\"alcalde\" \/>\n\t<meta name=\"twitter:label2\" content=\"Tiempo de lectura\" \/>\n\t<meta name=\"twitter:data2\" content=\"1 minuto\" \/>\n<script type=\"application\/ld+json\" class=\"yoast-schema-graph\">{\"@context\":\"https:\\\/\\\/schema.org\",\"@graph\":[{\"@type\":\"Article\",\"@id\":\"https:\\\/\\\/www.caudete.org\\\/ayuntamiento\\\/alejandro-carpena-lopez-es-galardonado-con-el-premio-conde-san-carlos-en-la-categoria-tfm\\\/#article\",\"isPartOf\":{\"@id\":\"https:\\\/\\\/www.caudete.org\\\/ayuntamiento\\\/alejandro-carpena-lopez-es-galardonado-con-el-premio-conde-san-carlos-en-la-categoria-tfm\\\/\"},\"author\":{\"name\":\"alcalde\",\"@id\":\"https:\\\/\\\/www.caudete.org\\\/ayuntamiento\\\/#\\\/schema\\\/person\\\/cc646da9133078ee4d8dd47457947253\"},\"headline\":\"Alejandro Carpena L\u00f3pez es galardonado con el Premio Conde San Carlos en la categor\u00eda TFM\",\"datePublished\":\"2024-04-30T06:11:42+00:00\",\"mainEntityOfPage\":{\"@id\":\"https:\\\/\\\/www.caudete.org\\\/ayuntamiento\\\/alejandro-carpena-lopez-es-galardonado-con-el-premio-conde-san-carlos-en-la-categoria-tfm\\\/\"},\"wordCount\":184,\"publisher\":{\"@id\":\"https:\\\/\\\/www.caudete.org\\\/ayuntamiento\\\/#organization\"},\"image\":{\"@id\":\"https:\\\/\\\/www.caudete.org\\\/ayuntamiento\\\/alejandro-carpena-lopez-es-galardonado-con-el-premio-conde-san-carlos-en-la-categoria-tfm\\\/#primaryimage\"},\"thumbnailUrl\":\"https:\\\/\\\/www.caudete.org\\\/ayuntamiento\\\/wp-content\\\/uploads\\\/2024\\\/04\\\/premio-conde-san-carlos-caudete-digital.jpg\",\"articleSection\":[\"Educaci\u00f3n\"],\"inLanguage\":\"es\"},{\"@type\":\"WebPage\",\"@id\":\"https:\\\/\\\/www.caudete.org\\\/ayuntamiento\\\/alejandro-carpena-lopez-es-galardonado-con-el-premio-conde-san-carlos-en-la-categoria-tfm\\\/\",\"url\":\"https:\\\/\\\/www.caudete.org\\\/ayuntamiento\\\/alejandro-carpena-lopez-es-galardonado-con-el-premio-conde-san-carlos-en-la-categoria-tfm\\\/\",\"name\":\"Alejandro Carpena L\u00f3pez es galardonado con el Premio Conde San Carlos en la categor\u00eda TFM - MI Ayuntamiento de Caudete\",\"isPartOf\":{\"@id\":\"https:\\\/\\\/www.caudete.org\\\/ayuntamiento\\\/#website\"},\"primaryImageOfPage\":{\"@id\":\"https:\\\/\\\/www.caudete.org\\\/ayuntamiento\\\/alejandro-carpena-lopez-es-galardonado-con-el-premio-conde-san-carlos-en-la-categoria-tfm\\\/#primaryimage\"},\"image\":{\"@id\":\"https:\\\/\\\/www.caudete.org\\\/ayuntamiento\\\/alejandro-carpena-lopez-es-galardonado-con-el-premio-conde-san-carlos-en-la-categoria-tfm\\\/#primaryimage\"},\"thumbnailUrl\":\"https:\\\/\\\/www.caudete.org\\\/ayuntamiento\\\/wp-content\\\/uploads\\\/2024\\\/04\\\/premio-conde-san-carlos-caudete-digital.jpg\",\"datePublished\":\"2024-04-30T06:11:42+00:00\",\"description\":\"P\u00e1gina Oficial del Ayuntamiento de Caudete (Albacete)\",\"breadcrumb\":{\"@id\":\"https:\\\/\\\/www.caudete.org\\\/ayuntamiento\\\/alejandro-carpena-lopez-es-galardonado-con-el-premio-conde-san-carlos-en-la-categoria-tfm\\\/#breadcrumb\"},\"inLanguage\":\"es\",\"potentialAction\":[{\"@type\":\"ReadAction\",\"target\":[\"https:\\\/\\\/www.caudete.org\\\/ayuntamiento\\\/alejandro-carpena-lopez-es-galardonado-con-el-premio-conde-san-carlos-en-la-categoria-tfm\\\/\"]}]},{\"@type\":\"ImageObject\",\"inLanguage\":\"es\",\"@id\":\"https:\\\/\\\/www.caudete.org\\\/ayuntamiento\\\/alejandro-carpena-lopez-es-galardonado-con-el-premio-conde-san-carlos-en-la-categoria-tfm\\\/#primaryimage\",\"url\":\"https:\\\/\\\/www.caudete.org\\\/ayuntamiento\\\/wp-content\\\/uploads\\\/2024\\\/04\\\/premio-conde-san-carlos-caudete-digital.jpg\",\"contentUrl\":\"https:\\\/\\\/www.caudete.org\\\/ayuntamiento\\\/wp-content\\\/uploads\\\/2024\\\/04\\\/premio-conde-san-carlos-caudete-digital.jpg\",\"width\":1024,\"height\":560},{\"@type\":\"BreadcrumbList\",\"@id\":\"https:\\\/\\\/www.caudete.org\\\/ayuntamiento\\\/alejandro-carpena-lopez-es-galardonado-con-el-premio-conde-san-carlos-en-la-categoria-tfm\\\/#breadcrumb\",\"itemListElement\":[{\"@type\":\"ListItem\",\"position\":1,\"name\":\"Inicio\",\"item\":\"https:\\\/\\\/www.caudete.org\\\/ayuntamiento\\\/\"},{\"@type\":\"ListItem\",\"position\":2,\"name\":\"Alejandro Carpena L\u00f3pez es galardonado con el Premio Conde San Carlos en la categor\u00eda TFM\"}]},{\"@type\":\"WebSite\",\"@id\":\"https:\\\/\\\/www.caudete.org\\\/ayuntamiento\\\/#website\",\"url\":\"https:\\\/\\\/www.caudete.org\\\/ayuntamiento\\\/\",\"name\":\"MI Ayuntamiento de Caudete\",\"description\":\"P\u00e1gina Oficial del MI Ayuntamiento de Caudete\",\"publisher\":{\"@id\":\"https:\\\/\\\/www.caudete.org\\\/ayuntamiento\\\/#organization\"},\"potentialAction\":[{\"@type\":\"SearchAction\",\"target\":{\"@type\":\"EntryPoint\",\"urlTemplate\":\"https:\\\/\\\/www.caudete.org\\\/ayuntamiento\\\/?s={search_term_string}\"},\"query-input\":{\"@type\":\"PropertyValueSpecification\",\"valueRequired\":true,\"valueName\":\"search_term_string\"}}],\"inLanguage\":\"es\"},{\"@type\":\"Organization\",\"@id\":\"https:\\\/\\\/www.caudete.org\\\/ayuntamiento\\\/#organization\",\"name\":\"Ayuntamiento de Caudete\",\"url\":\"https:\\\/\\\/www.caudete.org\\\/ayuntamiento\\\/\",\"logo\":{\"@type\":\"ImageObject\",\"inLanguage\":\"es\",\"@id\":\"https:\\\/\\\/www.caudete.org\\\/ayuntamiento\\\/#\\\/schema\\\/logo\\\/image\\\/\",\"url\":\"https:\\\/\\\/www.caudete.org\\\/ayuntamiento\\\/wp-content\\\/uploads\\\/2020\\\/11\\\/logo_ayuntamiento_caudete.jpg\",\"contentUrl\":\"https:\\\/\\\/www.caudete.org\\\/ayuntamiento\\\/wp-content\\\/uploads\\\/2020\\\/11\\\/logo_ayuntamiento_caudete.jpg\",\"width\":600,\"height\":150,\"caption\":\"Ayuntamiento de Caudete\"},\"image\":{\"@id\":\"https:\\\/\\\/www.caudete.org\\\/ayuntamiento\\\/#\\\/schema\\\/logo\\\/image\\\/\"},\"sameAs\":[\"https:\\\/\\\/www.facebook.com\\\/ayuntamientocaudete\\\/\",\"https:\\\/\\\/www.youtube.com\\\/channel\\\/UC6VztHaooNsGpw-tNoBEFnQ\"]},{\"@type\":\"Person\",\"@id\":\"https:\\\/\\\/www.caudete.org\\\/ayuntamiento\\\/#\\\/schema\\\/person\\\/cc646da9133078ee4d8dd47457947253\",\"name\":\"alcalde\",\"image\":{\"@type\":\"ImageObject\",\"inLanguage\":\"es\",\"@id\":\"https:\\\/\\\/secure.gravatar.com\\\/avatar\\\/84a817ba065b29ff08d666b215a215f5c79186a645ccb25b14a663d48a130f77?s=96&d=mm&r=g\",\"url\":\"https:\\\/\\\/secure.gravatar.com\\\/avatar\\\/84a817ba065b29ff08d666b215a215f5c79186a645ccb25b14a663d48a130f77?s=96&d=mm&r=g\",\"contentUrl\":\"https:\\\/\\\/secure.gravatar.com\\\/avatar\\\/84a817ba065b29ff08d666b215a215f5c79186a645ccb25b14a663d48a130f77?s=96&d=mm&r=g\",\"caption\":\"alcalde\"},\"url\":\"https:\\\/\\\/www.caudete.org\\\/ayuntamiento\\\/author\\\/alcalde\\\/\"}]}<\/script>\n<!-- \/ Yoast SEO plugin. -->","yoast_head_json":{"title":"Alejandro Carpena L\u00f3pez es galardonado con el Premio Conde San Carlos en la categor\u00eda TFM - MI Ayuntamiento de Caudete","description":"P\u00e1gina Oficial del Ayuntamiento de Caudete (Albacete)","robots":{"index":"index","follow":"follow","max-snippet":"max-snippet:-1","max-image-preview":"max-image-preview:large","max-video-preview":"max-video-preview:-1"},"canonical":"https:\/\/www.caudete.org\/ayuntamiento\/alejandro-carpena-lopez-es-galardonado-con-el-premio-conde-san-carlos-en-la-categoria-tfm\/","og_locale":"es_ES","og_type":"article","og_title":"Alejandro Carpena L\u00f3pez es galardonado con el Premio Conde San Carlos en la categor\u00eda TFM - MI Ayuntamiento de Caudete","og_description":"P\u00e1gina Oficial del Ayuntamiento de Caudete (Albacete)","og_url":"https:\/\/www.caudete.org\/ayuntamiento\/alejandro-carpena-lopez-es-galardonado-con-el-premio-conde-san-carlos-en-la-categoria-tfm\/","og_site_name":"MI Ayuntamiento de Caudete","article_publisher":"https:\/\/www.facebook.com\/ayuntamientocaudete\/","article_published_time":"2024-04-30T06:11:42+00:00","og_image":[{"width":1024,"height":560,"url":"https:\/\/www.caudete.org\/ayuntamiento\/wp-content\/uploads\/2024\/04\/premio-conde-san-carlos-caudete-digital.jpg","type":"image\/jpeg"}],"author":"alcalde","twitter_card":"summary_large_image","twitter_misc":{"Escrito por":"alcalde","Tiempo de lectura":"1 minuto"},"schema":{"@context":"https:\/\/schema.org","@graph":[{"@type":"Article","@id":"https:\/\/www.caudete.org\/ayuntamiento\/alejandro-carpena-lopez-es-galardonado-con-el-premio-conde-san-carlos-en-la-categoria-tfm\/#article","isPartOf":{"@id":"https:\/\/www.caudete.org\/ayuntamiento\/alejandro-carpena-lopez-es-galardonado-con-el-premio-conde-san-carlos-en-la-categoria-tfm\/"},"author":{"name":"alcalde","@id":"https:\/\/www.caudete.org\/ayuntamiento\/#\/schema\/person\/cc646da9133078ee4d8dd47457947253"},"headline":"Alejandro Carpena L\u00f3pez es galardonado con el Premio Conde San Carlos en la categor\u00eda TFM","datePublished":"2024-04-30T06:11:42+00:00","mainEntityOfPage":{"@id":"https:\/\/www.caudete.org\/ayuntamiento\/alejandro-carpena-lopez-es-galardonado-con-el-premio-conde-san-carlos-en-la-categoria-tfm\/"},"wordCount":184,"publisher":{"@id":"https:\/\/www.caudete.org\/ayuntamiento\/#organization"},"image":{"@id":"https:\/\/www.caudete.org\/ayuntamiento\/alejandro-carpena-lopez-es-galardonado-con-el-premio-conde-san-carlos-en-la-categoria-tfm\/#primaryimage"},"thumbnailUrl":"https:\/\/www.caudete.org\/ayuntamiento\/wp-content\/uploads\/2024\/04\/premio-conde-san-carlos-caudete-digital.jpg","articleSection":["Educaci\u00f3n"],"inLanguage":"es"},{"@type":"WebPage","@id":"https:\/\/www.caudete.org\/ayuntamiento\/alejandro-carpena-lopez-es-galardonado-con-el-premio-conde-san-carlos-en-la-categoria-tfm\/","url":"https:\/\/www.caudete.org\/ayuntamiento\/alejandro-carpena-lopez-es-galardonado-con-el-premio-conde-san-carlos-en-la-categoria-tfm\/","name":"Alejandro Carpena L\u00f3pez es galardonado con el Premio Conde San Carlos en la categor\u00eda TFM - MI Ayuntamiento de Caudete","isPartOf":{"@id":"https:\/\/www.caudete.org\/ayuntamiento\/#website"},"primaryImageOfPage":{"@id":"https:\/\/www.caudete.org\/ayuntamiento\/alejandro-carpena-lopez-es-galardonado-con-el-premio-conde-san-carlos-en-la-categoria-tfm\/#primaryimage"},"image":{"@id":"https:\/\/www.caudete.org\/ayuntamiento\/alejandro-carpena-lopez-es-galardonado-con-el-premio-conde-san-carlos-en-la-categoria-tfm\/#primaryimage"},"thumbnailUrl":"https:\/\/www.caudete.org\/ayuntamiento\/wp-content\/uploads\/2024\/04\/premio-conde-san-carlos-caudete-digital.jpg","datePublished":"2024-04-30T06:11:42+00:00","description":"P\u00e1gina Oficial del Ayuntamiento de Caudete (Albacete)","breadcrumb":{"@id":"https:\/\/www.caudete.org\/ayuntamiento\/alejandro-carpena-lopez-es-galardonado-con-el-premio-conde-san-carlos-en-la-categoria-tfm\/#breadcrumb"},"inLanguage":"es","potentialAction":[{"@type":"ReadAction","target":["https:\/\/www.caudete.org\/ayuntamiento\/alejandro-carpena-lopez-es-galardonado-con-el-premio-conde-san-carlos-en-la-categoria-tfm\/"]}]},{"@type":"ImageObject","inLanguage":"es","@id":"https:\/\/www.caudete.org\/ayuntamiento\/alejandro-carpena-lopez-es-galardonado-con-el-premio-conde-san-carlos-en-la-categoria-tfm\/#primaryimage","url":"https:\/\/www.caudete.org\/ayuntamiento\/wp-content\/uploads\/2024\/04\/premio-conde-san-carlos-caudete-digital.jpg","contentUrl":"https:\/\/www.caudete.org\/ayuntamiento\/wp-content\/uploads\/2024\/04\/premio-conde-san-carlos-caudete-digital.jpg","width":1024,"height":560},{"@type":"BreadcrumbList","@id":"https:\/\/www.caudete.org\/ayuntamiento\/alejandro-carpena-lopez-es-galardonado-con-el-premio-conde-san-carlos-en-la-categoria-tfm\/#breadcrumb","itemListElement":[{"@type":"ListItem","position":1,"name":"Inicio","item":"https:\/\/www.caudete.org\/ayuntamiento\/"},{"@type":"ListItem","position":2,"name":"Alejandro Carpena L\u00f3pez es galardonado con el Premio Conde San Carlos en la categor\u00eda TFM"}]},{"@type":"WebSite","@id":"https:\/\/www.caudete.org\/ayuntamiento\/#website","url":"https:\/\/www.caudete.org\/ayuntamiento\/","name":"MI Ayuntamiento de Caudete","description":"P\u00e1gina Oficial del MI Ayuntamiento de Caudete","publisher":{"@id":"https:\/\/www.caudete.org\/ayuntamiento\/#organization"},"potentialAction":[{"@type":"SearchAction","target":{"@type":"EntryPoint","urlTemplate":"https:\/\/www.caudete.org\/ayuntamiento\/?s={search_term_string}"},"query-input":{"@type":"PropertyValueSpecification","valueRequired":true,"valueName":"search_term_string"}}],"inLanguage":"es"},{"@type":"Organization","@id":"https:\/\/www.caudete.org\/ayuntamiento\/#organization","name":"Ayuntamiento de Caudete","url":"https:\/\/www.caudete.org\/ayuntamiento\/","logo":{"@type":"ImageObject","inLanguage":"es","@id":"https:\/\/www.caudete.org\/ayuntamiento\/#\/schema\/logo\/image\/","url":"https:\/\/www.caudete.org\/ayuntamiento\/wp-content\/uploads\/2020\/11\/logo_ayuntamiento_caudete.jpg","contentUrl":"https:\/\/www.caudete.org\/ayuntamiento\/wp-content\/uploads\/2020\/11\/logo_ayuntamiento_caudete.jpg","width":600,"height":150,"caption":"Ayuntamiento de Caudete"},"image":{"@id":"https:\/\/www.caudete.org\/ayuntamiento\/#\/schema\/logo\/image\/"},"sameAs":["https:\/\/www.facebook.com\/ayuntamientocaudete\/","https:\/\/www.youtube.com\/channel\/UC6VztHaooNsGpw-tNoBEFnQ"]},{"@type":"Person","@id":"https:\/\/www.caudete.org\/ayuntamiento\/#\/schema\/person\/cc646da9133078ee4d8dd47457947253","name":"alcalde","image":{"@type":"ImageObject","inLanguage":"es","@id":"https:\/\/secure.gravatar.com\/avatar\/84a817ba065b29ff08d666b215a215f5c79186a645ccb25b14a663d48a130f77?s=96&d=mm&r=g","url":"https:\/\/secure.gravatar.com\/avatar\/84a817ba065b29ff08d666b215a215f5c79186a645ccb25b14a663d48a130f77?s=96&d=mm&r=g","contentUrl":"https:\/\/secure.gravatar.com\/avatar\/84a817ba065b29ff08d666b215a215f5c79186a645ccb25b14a663d48a130f77?s=96&d=mm&r=g","caption":"alcalde"},"url":"https:\/\/www.caudete.org\/ayuntamiento\/author\/alcalde\/"}]}},"_links":{"self":[{"href":"https:\/\/www.caudete.org\/ayuntamiento\/wp-json\/wp\/v2\/posts\/24998","targetHints":{"allow":["GET"]}}],"collection":[{"href":"https:\/\/www.caudete.org\/ayuntamiento\/wp-json\/wp\/v2\/posts"}],"about":[{"href":"https:\/\/www.caudete.org\/ayuntamiento\/wp-json\/wp\/v2\/types\/post"}],"author":[{"embeddable":true,"href":"https:\/\/www.caudete.org\/ayuntamiento\/wp-json\/wp\/v2\/users\/3"}],"replies":[{"embeddable":true,"href":"https:\/\/www.caudete.org\/ayuntamiento\/wp-json\/wp\/v2\/comments?post=24998"}],"version-history":[{"count":1,"href":"https:\/\/www.caudete.org\/ayuntamiento\/wp-json\/wp\/v2\/posts\/24998\/revisions"}],"predecessor-version":[{"id":25000,"href":"https:\/\/www.caudete.org\/ayuntamiento\/wp-json\/wp\/v2\/posts\/24998\/revisions\/25000"}],"wp:featuredmedia":[{"embeddable":true,"href":"https:\/\/www.caudete.org\/ayuntamiento\/wp-json\/wp\/v2\/media\/24999"}],"wp:attachment":[{"href":"https:\/\/www.caudete.org\/ayuntamiento\/wp-json\/wp\/v2\/media?parent=24998"}],"wp:term":[{"taxonomy":"category","embeddable":true,"href":"https:\/\/www.caudete.org\/ayuntamiento\/wp-json\/wp\/v2\/categories?post=24998"},{"taxonomy":"post_tag","embeddable":true,"href":"https:\/\/www.caudete.org\/ayuntamiento\/wp-json\/wp\/v2\/tags?post=24998"}],"curies":[{"name":"wp","href":"https:\/\/api.w.org\/{rel}","templated":true}]}}