{"id":25003,"date":"2024-04-30T14:53:51","date_gmt":"2024-04-30T12:53:51","guid":{"rendered":"https:\/\/www.caudete.org\/ayuntamiento\/?p=25003"},"modified":"2024-05-02T11:36:29","modified_gmt":"2024-05-02T09:36:29","slug":"jornadas-formativas-del-albacete-balompie-a-los-monitores-de-futbol-de-las-edm","status":"publish","type":"post","link":"https:\/\/www.caudete.org\/ayuntamiento\/jornadas-formativas-del-albacete-balompie-a-los-monitores-de-futbol-de-las-edm\/","title":{"rendered":"Jornadas formativas del Albacete Balompi\u00e9 a los monitores de Futbol de las EDM"},"content":{"rendered":"<p style=\"text-align: justify;\">Pilar Egea, Concejal de Deportes ha informado acerca de la nueva jornada de formaci\u00f3n t\u00e9cnica en colaboraci\u00f3n del Albacete Balompi\u00e9.<\/p>\n<p style=\"text-align: justify;\">Durante el pasado mi\u00e9rcoles 24 de Abril, la Ciudad Deportiva acogio al personal t\u00e9cnico del Albacete Balompi\u00e9 para la celebraci\u00f3n de unas jornadas formativas. Dentro del marco de colaboraci\u00f3n existente entre ambas entidades se contempla la formaci\u00f3n a favor de los monitores de las Escuelas Deportivas Municipales de F\u00fatbol de Caudete.<\/p>\n<p style=\"text-align: justify;\">De este modo, la Concejal de Deportes, Pilar Egea, ha puesto de manifiesto la importancia de aprovechar este apartado del convenio para la celebraci\u00f3n de dichas jornadas de formaci\u00f3n que versar\u00e1n sobre aspectos relacionados con el f\u00fatbol base, con temas tan relevantes como aspectos metodol\u00f3gicos, psicolog\u00eda del deporte\u2026 Para el desarrollo de las mismas se desplazaran hasta nuestro municipio el Coordinador de F\u00fatbol Base, el Psic\u00f3logo, el Scouting y el Director de cantera del Albacete Balompi\u00e9.<\/p>\n<p style=\"text-align: justify;\">Finalizadas las ponencias se aprovech\u00f3 la tarde para visitar las instalaciones de la Ciudad Deportiva Antonio Amor\u00f3s y ver in situ el trabajo de campo desarrollado por los monitores de las Escuelas de F\u00fatbol de Caudete.<\/p>\n","protected":false},"excerpt":{"rendered":"<p>Pilar Egea, Concejal de Deportes ha informado acerca de la nueva jornada de formaci\u00f3n t\u00e9cnica en colaboraci\u00f3n del Albacete Balompi\u00e9. Durante el pasado mi\u00e9rcoles 24 de Abril, la Ciudad Deportiva acogio al personal t\u00e9cnico del Albacete Balompi\u00e9 para la celebraci\u00f3n de unas jornadas formativas. Dentro del marco de colaboraci\u00f3n existente entre ambas entidades se contempla &hellip;<\/p>\n","protected":false},"author":3,"featured_media":25004,"comment_status":"closed","ping_status":"open","sticky":false,"template":"","format":"standard","meta":{"ngg_post_thumbnail":0,"footnotes":""},"categories":[23],"tags":[],"class_list":["post-25003","post","type-post","status-publish","format-standard","has-post-thumbnail","hentry","category-deportes"],"yoast_head":"<!-- This site is optimized with the Yoast SEO plugin v27.5 - https:\/\/yoast.com\/product\/yoast-seo-wordpress\/ -->\n<title>Jornadas formativas del Albacete Balompi\u00e9 a los monitores de Futbol de las EDM - MI Ayuntamiento de Caudete<\/title>\n<meta name=\"description\" content=\"P\u00e1gina Oficial del Ayuntamiento de Caudete (Albacete)\" \/>\n<meta name=\"robots\" content=\"index, follow, max-snippet:-1, max-image-preview:large, max-video-preview:-1\" \/>\n<link rel=\"canonical\" href=\"https:\/\/www.caudete.org\/ayuntamiento\/jornadas-formativas-del-albacete-balompie-a-los-monitores-de-futbol-de-las-edm\/\" \/>\n<meta property=\"og:locale\" content=\"es_ES\" \/>\n<meta property=\"og:type\" content=\"article\" \/>\n<meta property=\"og:title\" content=\"Jornadas formativas del Albacete Balompi\u00e9 a los monitores de Futbol de las EDM - MI Ayuntamiento de Caudete\" \/>\n<meta property=\"og:description\" content=\"P\u00e1gina Oficial del Ayuntamiento de Caudete (Albacete)\" \/>\n<meta property=\"og:url\" content=\"https:\/\/www.caudete.org\/ayuntamiento\/jornadas-formativas-del-albacete-balompie-a-los-monitores-de-futbol-de-las-edm\/\" \/>\n<meta property=\"og:site_name\" content=\"MI Ayuntamiento de Caudete\" \/>\n<meta property=\"article:publisher\" content=\"https:\/\/www.facebook.com\/ayuntamientocaudete\/\" \/>\n<meta property=\"article:published_time\" content=\"2024-04-30T12:53:51+00:00\" \/>\n<meta property=\"article:modified_time\" content=\"2024-05-02T09:36:29+00:00\" \/>\n<meta property=\"og:image\" content=\"https:\/\/www.caudete.org\/ayuntamiento\/wp-content\/uploads\/2024\/04\/jornadatecnica.jpg\" \/>\n\t<meta property=\"og:image:width\" content=\"917\" \/>\n\t<meta property=\"og:image:height\" content=\"637\" \/>\n\t<meta property=\"og:image:type\" content=\"image\/jpeg\" \/>\n<meta name=\"author\" content=\"alcalde\" \/>\n<meta name=\"twitter:card\" content=\"summary_large_image\" \/>\n<meta name=\"twitter:label1\" content=\"Escrito por\" \/>\n\t<meta name=\"twitter:data1\" content=\"alcalde\" \/>\n\t<meta name=\"twitter:label2\" content=\"Tiempo de lectura\" \/>\n\t<meta name=\"twitter:data2\" content=\"2 minutos\" \/>\n<script type=\"application\/ld+json\" class=\"yoast-schema-graph\">{\"@context\":\"https:\\\/\\\/schema.org\",\"@graph\":[{\"@type\":\"Article\",\"@id\":\"https:\\\/\\\/www.caudete.org\\\/ayuntamiento\\\/jornadas-formativas-del-albacete-balompie-a-los-monitores-de-futbol-de-las-edm\\\/#article\",\"isPartOf\":{\"@id\":\"https:\\\/\\\/www.caudete.org\\\/ayuntamiento\\\/jornadas-formativas-del-albacete-balompie-a-los-monitores-de-futbol-de-las-edm\\\/\"},\"author\":{\"name\":\"alcalde\",\"@id\":\"https:\\\/\\\/www.caudete.org\\\/ayuntamiento\\\/#\\\/schema\\\/person\\\/cc646da9133078ee4d8dd47457947253\"},\"headline\":\"Jornadas formativas del Albacete Balompi\u00e9 a los monitores de Futbol de las EDM\",\"datePublished\":\"2024-04-30T12:53:51+00:00\",\"dateModified\":\"2024-05-02T09:36:29+00:00\",\"mainEntityOfPage\":{\"@id\":\"https:\\\/\\\/www.caudete.org\\\/ayuntamiento\\\/jornadas-formativas-del-albacete-balompie-a-los-monitores-de-futbol-de-las-edm\\\/\"},\"wordCount\":214,\"image\":{\"@id\":\"https:\\\/\\\/www.caudete.org\\\/ayuntamiento\\\/jornadas-formativas-del-albacete-balompie-a-los-monitores-de-futbol-de-las-edm\\\/#primaryimage\"},\"thumbnailUrl\":\"https:\\\/\\\/www.caudete.org\\\/ayuntamiento\\\/wp-content\\\/uploads\\\/2024\\\/04\\\/jornadatecnica.jpg\",\"articleSection\":[\"Deportes\"],\"inLanguage\":\"es\"},{\"@type\":\"WebPage\",\"@id\":\"https:\\\/\\\/www.caudete.org\\\/ayuntamiento\\\/jornadas-formativas-del-albacete-balompie-a-los-monitores-de-futbol-de-las-edm\\\/\",\"url\":\"https:\\\/\\\/www.caudete.org\\\/ayuntamiento\\\/jornadas-formativas-del-albacete-balompie-a-los-monitores-de-futbol-de-las-edm\\\/\",\"name\":\"Jornadas formativas del Albacete Balompi\u00e9 a los monitores de Futbol de las EDM - MI Ayuntamiento de Caudete\",\"isPartOf\":{\"@id\":\"https:\\\/\\\/www.caudete.org\\\/ayuntamiento\\\/#website\"},\"primaryImageOfPage\":{\"@id\":\"https:\\\/\\\/www.caudete.org\\\/ayuntamiento\\\/jornadas-formativas-del-albacete-balompie-a-los-monitores-de-futbol-de-las-edm\\\/#primaryimage\"},\"image\":{\"@id\":\"https:\\\/\\\/www.caudete.org\\\/ayuntamiento\\\/jornadas-formativas-del-albacete-balompie-a-los-monitores-de-futbol-de-las-edm\\\/#primaryimage\"},\"thumbnailUrl\":\"https:\\\/\\\/www.caudete.org\\\/ayuntamiento\\\/wp-content\\\/uploads\\\/2024\\\/04\\\/jornadatecnica.jpg\",\"datePublished\":\"2024-04-30T12:53:51+00:00\",\"dateModified\":\"2024-05-02T09:36:29+00:00\",\"author\":{\"@id\":\"https:\\\/\\\/www.caudete.org\\\/ayuntamiento\\\/#\\\/schema\\\/person\\\/cc646da9133078ee4d8dd47457947253\"},\"description\":\"P\u00e1gina Oficial del Ayuntamiento de Caudete (Albacete)\",\"breadcrumb\":{\"@id\":\"https:\\\/\\\/www.caudete.org\\\/ayuntamiento\\\/jornadas-formativas-del-albacete-balompie-a-los-monitores-de-futbol-de-las-edm\\\/#breadcrumb\"},\"inLanguage\":\"es\",\"potentialAction\":[{\"@type\":\"ReadAction\",\"target\":[\"https:\\\/\\\/www.caudete.org\\\/ayuntamiento\\\/jornadas-formativas-del-albacete-balompie-a-los-monitores-de-futbol-de-las-edm\\\/\"]}]},{\"@type\":\"ImageObject\",\"inLanguage\":\"es\",\"@id\":\"https:\\\/\\\/www.caudete.org\\\/ayuntamiento\\\/jornadas-formativas-del-albacete-balompie-a-los-monitores-de-futbol-de-las-edm\\\/#primaryimage\",\"url\":\"https:\\\/\\\/www.caudete.org\\\/ayuntamiento\\\/wp-content\\\/uploads\\\/2024\\\/04\\\/jornadatecnica.jpg\",\"contentUrl\":\"https:\\\/\\\/www.caudete.org\\\/ayuntamiento\\\/wp-content\\\/uploads\\\/2024\\\/04\\\/jornadatecnica.jpg\",\"width\":917,\"height\":637},{\"@type\":\"BreadcrumbList\",\"@id\":\"https:\\\/\\\/www.caudete.org\\\/ayuntamiento\\\/jornadas-formativas-del-albacete-balompie-a-los-monitores-de-futbol-de-las-edm\\\/#breadcrumb\",\"itemListElement\":[{\"@type\":\"ListItem\",\"position\":1,\"name\":\"Inicio\",\"item\":\"https:\\\/\\\/www.caudete.org\\\/ayuntamiento\\\/\"},{\"@type\":\"ListItem\",\"position\":2,\"name\":\"Jornadas formativas del Albacete Balompi\u00e9 a los monitores de Futbol de las EDM\"}]},{\"@type\":\"WebSite\",\"@id\":\"https:\\\/\\\/www.caudete.org\\\/ayuntamiento\\\/#website\",\"url\":\"https:\\\/\\\/www.caudete.org\\\/ayuntamiento\\\/\",\"name\":\"MI Ayuntamiento de Caudete\",\"description\":\"P\u00e1gina Oficial del MI Ayuntamiento de Caudete\",\"potentialAction\":[{\"@type\":\"SearchAction\",\"target\":{\"@type\":\"EntryPoint\",\"urlTemplate\":\"https:\\\/\\\/www.caudete.org\\\/ayuntamiento\\\/?s={search_term_string}\"},\"query-input\":{\"@type\":\"PropertyValueSpecification\",\"valueRequired\":true,\"valueName\":\"search_term_string\"}}],\"inLanguage\":\"es\"},{\"@type\":\"Person\",\"@id\":\"https:\\\/\\\/www.caudete.org\\\/ayuntamiento\\\/#\\\/schema\\\/person\\\/cc646da9133078ee4d8dd47457947253\",\"name\":\"alcalde\",\"image\":{\"@type\":\"ImageObject\",\"inLanguage\":\"es\",\"@id\":\"https:\\\/\\\/secure.gravatar.com\\\/avatar\\\/84a817ba065b29ff08d666b215a215f5c79186a645ccb25b14a663d48a130f77?s=96&d=mm&r=g\",\"url\":\"https:\\\/\\\/secure.gravatar.com\\\/avatar\\\/84a817ba065b29ff08d666b215a215f5c79186a645ccb25b14a663d48a130f77?s=96&d=mm&r=g\",\"contentUrl\":\"https:\\\/\\\/secure.gravatar.com\\\/avatar\\\/84a817ba065b29ff08d666b215a215f5c79186a645ccb25b14a663d48a130f77?s=96&d=mm&r=g\",\"caption\":\"alcalde\"},\"url\":\"https:\\\/\\\/www.caudete.org\\\/ayuntamiento\\\/author\\\/alcalde\\\/\"}]}<\/script>\n<!-- \/ Yoast SEO plugin. -->","yoast_head_json":{"title":"Jornadas formativas del Albacete Balompi\u00e9 a los monitores de Futbol de las EDM - MI Ayuntamiento de Caudete","description":"P\u00e1gina Oficial del Ayuntamiento de Caudete (Albacete)","robots":{"index":"index","follow":"follow","max-snippet":"max-snippet:-1","max-image-preview":"max-image-preview:large","max-video-preview":"max-video-preview:-1"},"canonical":"https:\/\/www.caudete.org\/ayuntamiento\/jornadas-formativas-del-albacete-balompie-a-los-monitores-de-futbol-de-las-edm\/","og_locale":"es_ES","og_type":"article","og_title":"Jornadas formativas del Albacete Balompi\u00e9 a los monitores de Futbol de las EDM - MI Ayuntamiento de Caudete","og_description":"P\u00e1gina Oficial del Ayuntamiento de Caudete (Albacete)","og_url":"https:\/\/www.caudete.org\/ayuntamiento\/jornadas-formativas-del-albacete-balompie-a-los-monitores-de-futbol-de-las-edm\/","og_site_name":"MI Ayuntamiento de Caudete","article_publisher":"https:\/\/www.facebook.com\/ayuntamientocaudete\/","article_published_time":"2024-04-30T12:53:51+00:00","article_modified_time":"2024-05-02T09:36:29+00:00","og_image":[{"width":917,"height":637,"url":"https:\/\/www.caudete.org\/ayuntamiento\/wp-content\/uploads\/2024\/04\/jornadatecnica.jpg","type":"image\/jpeg"}],"author":"alcalde","twitter_card":"summary_large_image","twitter_misc":{"Escrito por":"alcalde","Tiempo de lectura":"2 minutos"},"schema":{"@context":"https:\/\/schema.org","@graph":[{"@type":"Article","@id":"https:\/\/www.caudete.org\/ayuntamiento\/jornadas-formativas-del-albacete-balompie-a-los-monitores-de-futbol-de-las-edm\/#article","isPartOf":{"@id":"https:\/\/www.caudete.org\/ayuntamiento\/jornadas-formativas-del-albacete-balompie-a-los-monitores-de-futbol-de-las-edm\/"},"author":{"name":"alcalde","@id":"https:\/\/www.caudete.org\/ayuntamiento\/#\/schema\/person\/cc646da9133078ee4d8dd47457947253"},"headline":"Jornadas formativas del Albacete Balompi\u00e9 a los monitores de Futbol de las EDM","datePublished":"2024-04-30T12:53:51+00:00","dateModified":"2024-05-02T09:36:29+00:00","mainEntityOfPage":{"@id":"https:\/\/www.caudete.org\/ayuntamiento\/jornadas-formativas-del-albacete-balompie-a-los-monitores-de-futbol-de-las-edm\/"},"wordCount":214,"image":{"@id":"https:\/\/www.caudete.org\/ayuntamiento\/jornadas-formativas-del-albacete-balompie-a-los-monitores-de-futbol-de-las-edm\/#primaryimage"},"thumbnailUrl":"https:\/\/www.caudete.org\/ayuntamiento\/wp-content\/uploads\/2024\/04\/jornadatecnica.jpg","articleSection":["Deportes"],"inLanguage":"es"},{"@type":"WebPage","@id":"https:\/\/www.caudete.org\/ayuntamiento\/jornadas-formativas-del-albacete-balompie-a-los-monitores-de-futbol-de-las-edm\/","url":"https:\/\/www.caudete.org\/ayuntamiento\/jornadas-formativas-del-albacete-balompie-a-los-monitores-de-futbol-de-las-edm\/","name":"Jornadas formativas del Albacete Balompi\u00e9 a los monitores de Futbol de las EDM - MI Ayuntamiento de Caudete","isPartOf":{"@id":"https:\/\/www.caudete.org\/ayuntamiento\/#website"},"primaryImageOfPage":{"@id":"https:\/\/www.caudete.org\/ayuntamiento\/jornadas-formativas-del-albacete-balompie-a-los-monitores-de-futbol-de-las-edm\/#primaryimage"},"image":{"@id":"https:\/\/www.caudete.org\/ayuntamiento\/jornadas-formativas-del-albacete-balompie-a-los-monitores-de-futbol-de-las-edm\/#primaryimage"},"thumbnailUrl":"https:\/\/www.caudete.org\/ayuntamiento\/wp-content\/uploads\/2024\/04\/jornadatecnica.jpg","datePublished":"2024-04-30T12:53:51+00:00","dateModified":"2024-05-02T09:36:29+00:00","author":{"@id":"https:\/\/www.caudete.org\/ayuntamiento\/#\/schema\/person\/cc646da9133078ee4d8dd47457947253"},"description":"P\u00e1gina Oficial del Ayuntamiento de Caudete (Albacete)","breadcrumb":{"@id":"https:\/\/www.caudete.org\/ayuntamiento\/jornadas-formativas-del-albacete-balompie-a-los-monitores-de-futbol-de-las-edm\/#breadcrumb"},"inLanguage":"es","potentialAction":[{"@type":"ReadAction","target":["https:\/\/www.caudete.org\/ayuntamiento\/jornadas-formativas-del-albacete-balompie-a-los-monitores-de-futbol-de-las-edm\/"]}]},{"@type":"ImageObject","inLanguage":"es","@id":"https:\/\/www.caudete.org\/ayuntamiento\/jornadas-formativas-del-albacete-balompie-a-los-monitores-de-futbol-de-las-edm\/#primaryimage","url":"https:\/\/www.caudete.org\/ayuntamiento\/wp-content\/uploads\/2024\/04\/jornadatecnica.jpg","contentUrl":"https:\/\/www.caudete.org\/ayuntamiento\/wp-content\/uploads\/2024\/04\/jornadatecnica.jpg","width":917,"height":637},{"@type":"BreadcrumbList","@id":"https:\/\/www.caudete.org\/ayuntamiento\/jornadas-formativas-del-albacete-balompie-a-los-monitores-de-futbol-de-las-edm\/#breadcrumb","itemListElement":[{"@type":"ListItem","position":1,"name":"Inicio","item":"https:\/\/www.caudete.org\/ayuntamiento\/"},{"@type":"ListItem","position":2,"name":"Jornadas formativas del Albacete Balompi\u00e9 a los monitores de Futbol de las EDM"}]},{"@type":"WebSite","@id":"https:\/\/www.caudete.org\/ayuntamiento\/#website","url":"https:\/\/www.caudete.org\/ayuntamiento\/","name":"MI Ayuntamiento de Caudete","description":"P\u00e1gina Oficial del MI Ayuntamiento de Caudete","potentialAction":[{"@type":"SearchAction","target":{"@type":"EntryPoint","urlTemplate":"https:\/\/www.caudete.org\/ayuntamiento\/?s={search_term_string}"},"query-input":{"@type":"PropertyValueSpecification","valueRequired":true,"valueName":"search_term_string"}}],"inLanguage":"es"},{"@type":"Person","@id":"https:\/\/www.caudete.org\/ayuntamiento\/#\/schema\/person\/cc646da9133078ee4d8dd47457947253","name":"alcalde","image":{"@type":"ImageObject","inLanguage":"es","@id":"https:\/\/secure.gravatar.com\/avatar\/84a817ba065b29ff08d666b215a215f5c79186a645ccb25b14a663d48a130f77?s=96&d=mm&r=g","url":"https:\/\/secure.gravatar.com\/avatar\/84a817ba065b29ff08d666b215a215f5c79186a645ccb25b14a663d48a130f77?s=96&d=mm&r=g","contentUrl":"https:\/\/secure.gravatar.com\/avatar\/84a817ba065b29ff08d666b215a215f5c79186a645ccb25b14a663d48a130f77?s=96&d=mm&r=g","caption":"alcalde"},"url":"https:\/\/www.caudete.org\/ayuntamiento\/author\/alcalde\/"}]}},"_links":{"self":[{"href":"https:\/\/www.caudete.org\/ayuntamiento\/wp-json\/wp\/v2\/posts\/25003","targetHints":{"allow":["GET"]}}],"collection":[{"href":"https:\/\/www.caudete.org\/ayuntamiento\/wp-json\/wp\/v2\/posts"}],"about":[{"href":"https:\/\/www.caudete.org\/ayuntamiento\/wp-json\/wp\/v2\/types\/post"}],"author":[{"embeddable":true,"href":"https:\/\/www.caudete.org\/ayuntamiento\/wp-json\/wp\/v2\/users\/3"}],"replies":[{"embeddable":true,"href":"https:\/\/www.caudete.org\/ayuntamiento\/wp-json\/wp\/v2\/comments?post=25003"}],"version-history":[{"count":2,"href":"https:\/\/www.caudete.org\/ayuntamiento\/wp-json\/wp\/v2\/posts\/25003\/revisions"}],"predecessor-version":[{"id":25011,"href":"https:\/\/www.caudete.org\/ayuntamiento\/wp-json\/wp\/v2\/posts\/25003\/revisions\/25011"}],"wp:featuredmedia":[{"embeddable":true,"href":"https:\/\/www.caudete.org\/ayuntamiento\/wp-json\/wp\/v2\/media\/25004"}],"wp:attachment":[{"href":"https:\/\/www.caudete.org\/ayuntamiento\/wp-json\/wp\/v2\/media?parent=25003"}],"wp:term":[{"taxonomy":"category","embeddable":true,"href":"https:\/\/www.caudete.org\/ayuntamiento\/wp-json\/wp\/v2\/categories?post=25003"},{"taxonomy":"post_tag","embeddable":true,"href":"https:\/\/www.caudete.org\/ayuntamiento\/wp-json\/wp\/v2\/tags?post=25003"}],"curies":[{"name":"wp","href":"https:\/\/api.w.org\/{rel}","templated":true}]}}