{"id":25006,"date":"2024-05-01T15:05:37","date_gmt":"2024-05-01T13:05:37","guid":{"rendered":"https:\/\/www.caudete.org\/ayuntamiento\/?p=25006"},"modified":"2024-05-01T15:06:03","modified_gmt":"2024-05-01T13:06:03","slug":"cristina-y-eva-se-alzan-como-campeona-y-subcampeona-sub16-de-clm-en-300m-lisos","status":"publish","type":"post","link":"https:\/\/www.caudete.org\/ayuntamiento\/cristina-y-eva-se-alzan-como-campeona-y-subcampeona-sub16-de-clm-en-300m-lisos\/","title":{"rendered":"Cristina y Eva se alzan como campeona y subcampeona Sub16 de CLM en 300m lisos"},"content":{"rendered":"<p><a href=\"https:\/\/www.caudete.org\/ayuntamiento\/wp-content\/uploads\/2024\/05\/IMG-20240501-WA0036.jpg\" rel='prettyPhoto'><img fetchpriority=\"high\" decoding=\"async\" class=\"alignnone wp-image-25008 size-full\" src=\"https:\/\/www.caudete.org\/ayuntamiento\/wp-content\/uploads\/2024\/05\/IMG-20240501-WA0036.jpg\" alt=\"\" width=\"1200\" height=\"1600\" srcset=\"https:\/\/www.caudete.org\/ayuntamiento\/wp-content\/uploads\/2024\/05\/IMG-20240501-WA0036.jpg 1200w, https:\/\/www.caudete.org\/ayuntamiento\/wp-content\/uploads\/2024\/05\/IMG-20240501-WA0036-225x300.jpg 225w, https:\/\/www.caudete.org\/ayuntamiento\/wp-content\/uploads\/2024\/05\/IMG-20240501-WA0036-768x1024.jpg 768w, https:\/\/www.caudete.org\/ayuntamiento\/wp-content\/uploads\/2024\/05\/IMG-20240501-WA0036-1152x1536.jpg 1152w\" sizes=\"(max-width: 1200px) 100vw, 1200px\" \/><\/a><\/p>\n<p style=\"text-align: justify;\">Cristina Asensio Pastor y Eva Navarro Palau se proclaman campeona y subcampeona de Castilla La Mancha de atletismo en la prueba de 300 metros lisos.<\/p>\n<p style=\"text-align: justify;\">Seg\u00fan informa la Concejal de Deportes, Pilar Egea, las atletas de las Escuelas Deportivas Municipales de Atletismo de Caudete, Cristina Asensio Pastor y Eva Navarro Palau, se alzaron con la medalla de oro y de plata respectivamente en la prueba de 300 metros lisos del Campeonato de Castilla La Mancha de pista en la categor\u00eda sub16 celebrado en Albacete el pasado fin de semana.<\/p>\n<p style=\"text-align: justify;\">Las dos atletas caudetanas lideraron la carrera de principio a fin. Con una salida muy r\u00e1pida, adquirieron una gran ventaja en los primeros 100 metros de la carrera que supieron gestionar durante la curva de la pista y mantener en la parte final entrando a meta con una gran ventaja respecto al resto de competidoras.<\/p>\n<p style=\"text-align: justify;\">Los tiempos realizados por ambas atletas, Cristina 41.76 y Eva 43.06, son marcas m\u00ednima B para participar en los Campeonatos de Espa\u00f1a, colocando a Cristina en el sexto puesto del ranking nacional de su categor\u00eda.<\/p>\n<p style=\"text-align: justify;\">En dicho campeonato tambi\u00e9n participaron en la prueba de 3000 metros lisos, Roberto Gil Mira obteniendo el octavo puesto en categor\u00eda sub18 con una marca de 9:49.68 y Mar\u00eda Belda Requena decimoquinta clasificada con 11:51.80.<br \/>\nEl \u00e9xito obtenido el s\u00e1bado por los y las atletas de las Escuelas Deportivas Municipales de Atletismo de Caudete tuvo continuidad el domingo siguiente, ya que tambi\u00e9n en las pistas de Albacete se celebr\u00f3 la primera jornada de la final del Campeonato Provincial de pista de menores.<\/p>\n<p style=\"text-align: justify;\">En esta competici\u00f3n se consiguieron dos medallas m\u00e1s en la prueba de salto de longitud, de manera que Gergana Georgieva Velcheva se proclamaba subcampeona provincial y Marcos S\u00e1nchez M\u00ednguez obten\u00eda la medalla de bronce, ambos en categor\u00eda sub10. Destacar tambi\u00e9n el sexto puesto de Cayetano Tierraseca Cantero en la prueba de 60 metros lisos de la categor\u00eda sub12.<\/p>\n","protected":false},"excerpt":{"rendered":"<p>Cristina Asensio Pastor y Eva Navarro Palau se proclaman campeona y subcampeona de Castilla La Mancha de atletismo en la prueba de 300 metros lisos. Seg\u00fan informa la Concejal de Deportes, Pilar Egea, las atletas de las Escuelas Deportivas Municipales de Atletismo de Caudete, Cristina Asensio Pastor y Eva Navarro Palau, se alzaron con la &hellip;<\/p>\n","protected":false},"author":3,"featured_media":25007,"comment_status":"closed","ping_status":"open","sticky":false,"template":"","format":"standard","meta":{"ngg_post_thumbnail":0,"footnotes":""},"categories":[23],"tags":[],"class_list":["post-25006","post","type-post","status-publish","format-standard","has-post-thumbnail","hentry","category-deportes"],"yoast_head":"<!-- This site is optimized with the Yoast SEO plugin v27.5 - https:\/\/yoast.com\/product\/yoast-seo-wordpress\/ -->\n<title>Cristina y Eva se alzan como campeona y subcampeona Sub16 de CLM en 300m lisos - MI Ayuntamiento de Caudete<\/title>\n<meta name=\"description\" content=\"P\u00e1gina Oficial del Ayuntamiento de Caudete (Albacete)\" \/>\n<meta name=\"robots\" content=\"index, follow, max-snippet:-1, max-image-preview:large, max-video-preview:-1\" \/>\n<link rel=\"canonical\" href=\"https:\/\/www.caudete.org\/ayuntamiento\/cristina-y-eva-se-alzan-como-campeona-y-subcampeona-sub16-de-clm-en-300m-lisos\/\" \/>\n<meta property=\"og:locale\" content=\"es_ES\" \/>\n<meta property=\"og:type\" content=\"article\" \/>\n<meta property=\"og:title\" content=\"Cristina y Eva se alzan como campeona y subcampeona Sub16 de CLM en 300m lisos - MI Ayuntamiento de Caudete\" \/>\n<meta property=\"og:description\" content=\"P\u00e1gina Oficial del Ayuntamiento de Caudete (Albacete)\" \/>\n<meta property=\"og:url\" content=\"https:\/\/www.caudete.org\/ayuntamiento\/cristina-y-eva-se-alzan-como-campeona-y-subcampeona-sub16-de-clm-en-300m-lisos\/\" \/>\n<meta property=\"og:site_name\" content=\"MI Ayuntamiento de Caudete\" \/>\n<meta property=\"article:publisher\" content=\"https:\/\/www.facebook.com\/ayuntamientocaudete\/\" \/>\n<meta property=\"article:published_time\" content=\"2024-05-01T13:05:37+00:00\" \/>\n<meta property=\"article:modified_time\" content=\"2024-05-01T13:06:03+00:00\" \/>\n<meta property=\"og:image\" content=\"https:\/\/www.caudete.org\/ayuntamiento\/wp-content\/uploads\/2024\/05\/IMG-20240501-WA0038.jpg\" \/>\n\t<meta property=\"og:image:width\" content=\"1200\" \/>\n\t<meta property=\"og:image:height\" content=\"1600\" \/>\n\t<meta property=\"og:image:type\" content=\"image\/jpeg\" \/>\n<meta name=\"author\" content=\"alcalde\" \/>\n<meta name=\"twitter:card\" content=\"summary_large_image\" \/>\n<meta name=\"twitter:label1\" content=\"Escrito por\" \/>\n\t<meta name=\"twitter:data1\" content=\"alcalde\" \/>\n\t<meta name=\"twitter:label2\" content=\"Tiempo de lectura\" \/>\n\t<meta name=\"twitter:data2\" content=\"2 minutos\" \/>\n<script type=\"application\/ld+json\" class=\"yoast-schema-graph\">{\"@context\":\"https:\\\/\\\/schema.org\",\"@graph\":[{\"@type\":\"Article\",\"@id\":\"https:\\\/\\\/www.caudete.org\\\/ayuntamiento\\\/cristina-y-eva-se-alzan-como-campeona-y-subcampeona-sub16-de-clm-en-300m-lisos\\\/#article\",\"isPartOf\":{\"@id\":\"https:\\\/\\\/www.caudete.org\\\/ayuntamiento\\\/cristina-y-eva-se-alzan-como-campeona-y-subcampeona-sub16-de-clm-en-300m-lisos\\\/\"},\"author\":{\"name\":\"alcalde\",\"@id\":\"https:\\\/\\\/www.caudete.org\\\/ayuntamiento\\\/#\\\/schema\\\/person\\\/cc646da9133078ee4d8dd47457947253\"},\"headline\":\"Cristina y Eva se alzan como campeona y subcampeona Sub16 de CLM en 300m lisos\",\"datePublished\":\"2024-05-01T13:05:37+00:00\",\"dateModified\":\"2024-05-01T13:06:03+00:00\",\"mainEntityOfPage\":{\"@id\":\"https:\\\/\\\/www.caudete.org\\\/ayuntamiento\\\/cristina-y-eva-se-alzan-como-campeona-y-subcampeona-sub16-de-clm-en-300m-lisos\\\/\"},\"wordCount\":344,\"image\":{\"@id\":\"https:\\\/\\\/www.caudete.org\\\/ayuntamiento\\\/cristina-y-eva-se-alzan-como-campeona-y-subcampeona-sub16-de-clm-en-300m-lisos\\\/#primaryimage\"},\"thumbnailUrl\":\"https:\\\/\\\/www.caudete.org\\\/ayuntamiento\\\/wp-content\\\/uploads\\\/2024\\\/05\\\/IMG-20240501-WA0038.jpg\",\"articleSection\":[\"Deportes\"],\"inLanguage\":\"es\"},{\"@type\":\"WebPage\",\"@id\":\"https:\\\/\\\/www.caudete.org\\\/ayuntamiento\\\/cristina-y-eva-se-alzan-como-campeona-y-subcampeona-sub16-de-clm-en-300m-lisos\\\/\",\"url\":\"https:\\\/\\\/www.caudete.org\\\/ayuntamiento\\\/cristina-y-eva-se-alzan-como-campeona-y-subcampeona-sub16-de-clm-en-300m-lisos\\\/\",\"name\":\"Cristina y Eva se alzan como campeona y subcampeona Sub16 de CLM en 300m lisos - MI Ayuntamiento de Caudete\",\"isPartOf\":{\"@id\":\"https:\\\/\\\/www.caudete.org\\\/ayuntamiento\\\/#website\"},\"primaryImageOfPage\":{\"@id\":\"https:\\\/\\\/www.caudete.org\\\/ayuntamiento\\\/cristina-y-eva-se-alzan-como-campeona-y-subcampeona-sub16-de-clm-en-300m-lisos\\\/#primaryimage\"},\"image\":{\"@id\":\"https:\\\/\\\/www.caudete.org\\\/ayuntamiento\\\/cristina-y-eva-se-alzan-como-campeona-y-subcampeona-sub16-de-clm-en-300m-lisos\\\/#primaryimage\"},\"thumbnailUrl\":\"https:\\\/\\\/www.caudete.org\\\/ayuntamiento\\\/wp-content\\\/uploads\\\/2024\\\/05\\\/IMG-20240501-WA0038.jpg\",\"datePublished\":\"2024-05-01T13:05:37+00:00\",\"dateModified\":\"2024-05-01T13:06:03+00:00\",\"author\":{\"@id\":\"https:\\\/\\\/www.caudete.org\\\/ayuntamiento\\\/#\\\/schema\\\/person\\\/cc646da9133078ee4d8dd47457947253\"},\"description\":\"P\u00e1gina Oficial del Ayuntamiento de Caudete (Albacete)\",\"breadcrumb\":{\"@id\":\"https:\\\/\\\/www.caudete.org\\\/ayuntamiento\\\/cristina-y-eva-se-alzan-como-campeona-y-subcampeona-sub16-de-clm-en-300m-lisos\\\/#breadcrumb\"},\"inLanguage\":\"es\",\"potentialAction\":[{\"@type\":\"ReadAction\",\"target\":[\"https:\\\/\\\/www.caudete.org\\\/ayuntamiento\\\/cristina-y-eva-se-alzan-como-campeona-y-subcampeona-sub16-de-clm-en-300m-lisos\\\/\"]}]},{\"@type\":\"ImageObject\",\"inLanguage\":\"es\",\"@id\":\"https:\\\/\\\/www.caudete.org\\\/ayuntamiento\\\/cristina-y-eva-se-alzan-como-campeona-y-subcampeona-sub16-de-clm-en-300m-lisos\\\/#primaryimage\",\"url\":\"https:\\\/\\\/www.caudete.org\\\/ayuntamiento\\\/wp-content\\\/uploads\\\/2024\\\/05\\\/IMG-20240501-WA0038.jpg\",\"contentUrl\":\"https:\\\/\\\/www.caudete.org\\\/ayuntamiento\\\/wp-content\\\/uploads\\\/2024\\\/05\\\/IMG-20240501-WA0038.jpg\",\"width\":1200,\"height\":1600},{\"@type\":\"BreadcrumbList\",\"@id\":\"https:\\\/\\\/www.caudete.org\\\/ayuntamiento\\\/cristina-y-eva-se-alzan-como-campeona-y-subcampeona-sub16-de-clm-en-300m-lisos\\\/#breadcrumb\",\"itemListElement\":[{\"@type\":\"ListItem\",\"position\":1,\"name\":\"Inicio\",\"item\":\"https:\\\/\\\/www.caudete.org\\\/ayuntamiento\\\/\"},{\"@type\":\"ListItem\",\"position\":2,\"name\":\"Cristina y Eva se alzan como campeona y subcampeona Sub16 de CLM en 300m lisos\"}]},{\"@type\":\"WebSite\",\"@id\":\"https:\\\/\\\/www.caudete.org\\\/ayuntamiento\\\/#website\",\"url\":\"https:\\\/\\\/www.caudete.org\\\/ayuntamiento\\\/\",\"name\":\"MI Ayuntamiento de Caudete\",\"description\":\"P\u00e1gina Oficial del MI Ayuntamiento de Caudete\",\"potentialAction\":[{\"@type\":\"SearchAction\",\"target\":{\"@type\":\"EntryPoint\",\"urlTemplate\":\"https:\\\/\\\/www.caudete.org\\\/ayuntamiento\\\/?s={search_term_string}\"},\"query-input\":{\"@type\":\"PropertyValueSpecification\",\"valueRequired\":true,\"valueName\":\"search_term_string\"}}],\"inLanguage\":\"es\"},{\"@type\":\"Person\",\"@id\":\"https:\\\/\\\/www.caudete.org\\\/ayuntamiento\\\/#\\\/schema\\\/person\\\/cc646da9133078ee4d8dd47457947253\",\"name\":\"alcalde\",\"image\":{\"@type\":\"ImageObject\",\"inLanguage\":\"es\",\"@id\":\"https:\\\/\\\/secure.gravatar.com\\\/avatar\\\/84a817ba065b29ff08d666b215a215f5c79186a645ccb25b14a663d48a130f77?s=96&d=mm&r=g\",\"url\":\"https:\\\/\\\/secure.gravatar.com\\\/avatar\\\/84a817ba065b29ff08d666b215a215f5c79186a645ccb25b14a663d48a130f77?s=96&d=mm&r=g\",\"contentUrl\":\"https:\\\/\\\/secure.gravatar.com\\\/avatar\\\/84a817ba065b29ff08d666b215a215f5c79186a645ccb25b14a663d48a130f77?s=96&d=mm&r=g\",\"caption\":\"alcalde\"},\"url\":\"https:\\\/\\\/www.caudete.org\\\/ayuntamiento\\\/author\\\/alcalde\\\/\"}]}<\/script>\n<!-- \/ Yoast SEO plugin. -->","yoast_head_json":{"title":"Cristina y Eva se alzan como campeona y subcampeona Sub16 de CLM en 300m lisos - MI Ayuntamiento de Caudete","description":"P\u00e1gina Oficial del Ayuntamiento de Caudete (Albacete)","robots":{"index":"index","follow":"follow","max-snippet":"max-snippet:-1","max-image-preview":"max-image-preview:large","max-video-preview":"max-video-preview:-1"},"canonical":"https:\/\/www.caudete.org\/ayuntamiento\/cristina-y-eva-se-alzan-como-campeona-y-subcampeona-sub16-de-clm-en-300m-lisos\/","og_locale":"es_ES","og_type":"article","og_title":"Cristina y Eva se alzan como campeona y subcampeona Sub16 de CLM en 300m lisos - MI Ayuntamiento de Caudete","og_description":"P\u00e1gina Oficial del Ayuntamiento de Caudete (Albacete)","og_url":"https:\/\/www.caudete.org\/ayuntamiento\/cristina-y-eva-se-alzan-como-campeona-y-subcampeona-sub16-de-clm-en-300m-lisos\/","og_site_name":"MI Ayuntamiento de Caudete","article_publisher":"https:\/\/www.facebook.com\/ayuntamientocaudete\/","article_published_time":"2024-05-01T13:05:37+00:00","article_modified_time":"2024-05-01T13:06:03+00:00","og_image":[{"width":1200,"height":1600,"url":"https:\/\/www.caudete.org\/ayuntamiento\/wp-content\/uploads\/2024\/05\/IMG-20240501-WA0038.jpg","type":"image\/jpeg"}],"author":"alcalde","twitter_card":"summary_large_image","twitter_misc":{"Escrito por":"alcalde","Tiempo de lectura":"2 minutos"},"schema":{"@context":"https:\/\/schema.org","@graph":[{"@type":"Article","@id":"https:\/\/www.caudete.org\/ayuntamiento\/cristina-y-eva-se-alzan-como-campeona-y-subcampeona-sub16-de-clm-en-300m-lisos\/#article","isPartOf":{"@id":"https:\/\/www.caudete.org\/ayuntamiento\/cristina-y-eva-se-alzan-como-campeona-y-subcampeona-sub16-de-clm-en-300m-lisos\/"},"author":{"name":"alcalde","@id":"https:\/\/www.caudete.org\/ayuntamiento\/#\/schema\/person\/cc646da9133078ee4d8dd47457947253"},"headline":"Cristina y Eva se alzan como campeona y subcampeona Sub16 de CLM en 300m lisos","datePublished":"2024-05-01T13:05:37+00:00","dateModified":"2024-05-01T13:06:03+00:00","mainEntityOfPage":{"@id":"https:\/\/www.caudete.org\/ayuntamiento\/cristina-y-eva-se-alzan-como-campeona-y-subcampeona-sub16-de-clm-en-300m-lisos\/"},"wordCount":344,"image":{"@id":"https:\/\/www.caudete.org\/ayuntamiento\/cristina-y-eva-se-alzan-como-campeona-y-subcampeona-sub16-de-clm-en-300m-lisos\/#primaryimage"},"thumbnailUrl":"https:\/\/www.caudete.org\/ayuntamiento\/wp-content\/uploads\/2024\/05\/IMG-20240501-WA0038.jpg","articleSection":["Deportes"],"inLanguage":"es"},{"@type":"WebPage","@id":"https:\/\/www.caudete.org\/ayuntamiento\/cristina-y-eva-se-alzan-como-campeona-y-subcampeona-sub16-de-clm-en-300m-lisos\/","url":"https:\/\/www.caudete.org\/ayuntamiento\/cristina-y-eva-se-alzan-como-campeona-y-subcampeona-sub16-de-clm-en-300m-lisos\/","name":"Cristina y Eva se alzan como campeona y subcampeona Sub16 de CLM en 300m lisos - MI Ayuntamiento de Caudete","isPartOf":{"@id":"https:\/\/www.caudete.org\/ayuntamiento\/#website"},"primaryImageOfPage":{"@id":"https:\/\/www.caudete.org\/ayuntamiento\/cristina-y-eva-se-alzan-como-campeona-y-subcampeona-sub16-de-clm-en-300m-lisos\/#primaryimage"},"image":{"@id":"https:\/\/www.caudete.org\/ayuntamiento\/cristina-y-eva-se-alzan-como-campeona-y-subcampeona-sub16-de-clm-en-300m-lisos\/#primaryimage"},"thumbnailUrl":"https:\/\/www.caudete.org\/ayuntamiento\/wp-content\/uploads\/2024\/05\/IMG-20240501-WA0038.jpg","datePublished":"2024-05-01T13:05:37+00:00","dateModified":"2024-05-01T13:06:03+00:00","author":{"@id":"https:\/\/www.caudete.org\/ayuntamiento\/#\/schema\/person\/cc646da9133078ee4d8dd47457947253"},"description":"P\u00e1gina Oficial del Ayuntamiento de Caudete (Albacete)","breadcrumb":{"@id":"https:\/\/www.caudete.org\/ayuntamiento\/cristina-y-eva-se-alzan-como-campeona-y-subcampeona-sub16-de-clm-en-300m-lisos\/#breadcrumb"},"inLanguage":"es","potentialAction":[{"@type":"ReadAction","target":["https:\/\/www.caudete.org\/ayuntamiento\/cristina-y-eva-se-alzan-como-campeona-y-subcampeona-sub16-de-clm-en-300m-lisos\/"]}]},{"@type":"ImageObject","inLanguage":"es","@id":"https:\/\/www.caudete.org\/ayuntamiento\/cristina-y-eva-se-alzan-como-campeona-y-subcampeona-sub16-de-clm-en-300m-lisos\/#primaryimage","url":"https:\/\/www.caudete.org\/ayuntamiento\/wp-content\/uploads\/2024\/05\/IMG-20240501-WA0038.jpg","contentUrl":"https:\/\/www.caudete.org\/ayuntamiento\/wp-content\/uploads\/2024\/05\/IMG-20240501-WA0038.jpg","width":1200,"height":1600},{"@type":"BreadcrumbList","@id":"https:\/\/www.caudete.org\/ayuntamiento\/cristina-y-eva-se-alzan-como-campeona-y-subcampeona-sub16-de-clm-en-300m-lisos\/#breadcrumb","itemListElement":[{"@type":"ListItem","position":1,"name":"Inicio","item":"https:\/\/www.caudete.org\/ayuntamiento\/"},{"@type":"ListItem","position":2,"name":"Cristina y Eva se alzan como campeona y subcampeona Sub16 de CLM en 300m lisos"}]},{"@type":"WebSite","@id":"https:\/\/www.caudete.org\/ayuntamiento\/#website","url":"https:\/\/www.caudete.org\/ayuntamiento\/","name":"MI Ayuntamiento de Caudete","description":"P\u00e1gina Oficial del MI Ayuntamiento de Caudete","potentialAction":[{"@type":"SearchAction","target":{"@type":"EntryPoint","urlTemplate":"https:\/\/www.caudete.org\/ayuntamiento\/?s={search_term_string}"},"query-input":{"@type":"PropertyValueSpecification","valueRequired":true,"valueName":"search_term_string"}}],"inLanguage":"es"},{"@type":"Person","@id":"https:\/\/www.caudete.org\/ayuntamiento\/#\/schema\/person\/cc646da9133078ee4d8dd47457947253","name":"alcalde","image":{"@type":"ImageObject","inLanguage":"es","@id":"https:\/\/secure.gravatar.com\/avatar\/84a817ba065b29ff08d666b215a215f5c79186a645ccb25b14a663d48a130f77?s=96&d=mm&r=g","url":"https:\/\/secure.gravatar.com\/avatar\/84a817ba065b29ff08d666b215a215f5c79186a645ccb25b14a663d48a130f77?s=96&d=mm&r=g","contentUrl":"https:\/\/secure.gravatar.com\/avatar\/84a817ba065b29ff08d666b215a215f5c79186a645ccb25b14a663d48a130f77?s=96&d=mm&r=g","caption":"alcalde"},"url":"https:\/\/www.caudete.org\/ayuntamiento\/author\/alcalde\/"}]}},"_links":{"self":[{"href":"https:\/\/www.caudete.org\/ayuntamiento\/wp-json\/wp\/v2\/posts\/25006","targetHints":{"allow":["GET"]}}],"collection":[{"href":"https:\/\/www.caudete.org\/ayuntamiento\/wp-json\/wp\/v2\/posts"}],"about":[{"href":"https:\/\/www.caudete.org\/ayuntamiento\/wp-json\/wp\/v2\/types\/post"}],"author":[{"embeddable":true,"href":"https:\/\/www.caudete.org\/ayuntamiento\/wp-json\/wp\/v2\/users\/3"}],"replies":[{"embeddable":true,"href":"https:\/\/www.caudete.org\/ayuntamiento\/wp-json\/wp\/v2\/comments?post=25006"}],"version-history":[{"count":1,"href":"https:\/\/www.caudete.org\/ayuntamiento\/wp-json\/wp\/v2\/posts\/25006\/revisions"}],"predecessor-version":[{"id":25009,"href":"https:\/\/www.caudete.org\/ayuntamiento\/wp-json\/wp\/v2\/posts\/25006\/revisions\/25009"}],"wp:featuredmedia":[{"embeddable":true,"href":"https:\/\/www.caudete.org\/ayuntamiento\/wp-json\/wp\/v2\/media\/25007"}],"wp:attachment":[{"href":"https:\/\/www.caudete.org\/ayuntamiento\/wp-json\/wp\/v2\/media?parent=25006"}],"wp:term":[{"taxonomy":"category","embeddable":true,"href":"https:\/\/www.caudete.org\/ayuntamiento\/wp-json\/wp\/v2\/categories?post=25006"},{"taxonomy":"post_tag","embeddable":true,"href":"https:\/\/www.caudete.org\/ayuntamiento\/wp-json\/wp\/v2\/tags?post=25006"}],"curies":[{"name":"wp","href":"https:\/\/api.w.org\/{rel}","templated":true}]}}