{"id":25029,"date":"2024-05-07T15:09:44","date_gmt":"2024-05-07T13:09:44","guid":{"rendered":"https:\/\/www.caudete.org\/ayuntamiento\/?p=25029"},"modified":"2024-05-07T15:09:44","modified_gmt":"2024-05-07T13:09:44","slug":"caudeteemprende-nuevo-servicio-de-apertura-bakery-cafe","status":"publish","type":"post","link":"https:\/\/www.caudete.org\/ayuntamiento\/caudeteemprende-nuevo-servicio-de-apertura-bakery-cafe\/","title":{"rendered":"CaudeteEmprende: Nuevo servicio de apertura &#8220;Bakery Cafe&#8221;"},"content":{"rendered":"<p>Una semana m\u00e1s, la Concejal\u00eda de Comercio que ostenta el edil Diego Cuenca Olivares, contin\u00faa con la campa\u00f1a CaudeteEmprende, donde nos presenta en el d\u00eda de hoy, la nueva apertura de \u201cBakery Caf\u00e9\u201d un nuevo servicio a\u00f1adido en la tienda Eco Caudete, regentado por Vicenta S\u00e1nchez sita en C\/Garc\u00eda Lorca esquina con C\/Echegaray.<\/p>\n<p>Vicenta nos define as\u00ed su proyecto:<\/p>\n<p>Eco Caudete, es un nuevo concepto de ocio, compras y bienestar.<\/p>\n<p>Incorporamos a nuestra Eco tienda &#8211; Herbolario un Bakery Caf\u00e9.<\/p>\n<p>\u00bfSabes lo qu\u00e9 significa?<br \/>\nEl Bakery Caf\u00e9 se traduce como la puesta en com\u00fan de todo lo bueno que ofrece una cafeter\u00eda, junto con la calidad y la carta de productos artesanales que ofrece una panader\u00eda. En nuestro caso, todo el pan y pastas tradicionales vienen de la mano de panader\u00eda Tere (&#8220;La Lirona&#8221;) un horno tradicional que todav\u00eda funciona con horno de le\u00f1a. Solo los que han probado sus productos saben que son aut\u00e9nticos productos artesanales que los hacen especiales, tambi\u00e9n ofrecemos a trav\u00e9s de nuestro obrador una gran variedad de boller\u00eda casera de la m\u00e1s alta calidad, que horneamos todos los d\u00edas.<br \/>\nY como no, mencionar los dos distribuidores de panader\u00eda ecol\u00f3gica, Panader\u00eda del Rinc\u00f3n del segura y Bioartesa. Trabajan producto ecol\u00f3gico y de masa madre.<\/p>\n<p>En nuestra cafeter\u00eda encontrar\u00e1s, caf\u00e9 de especialidad que hace referencia al caf\u00e9 de una calidad extraordinaria por su cuidadosa selecci\u00f3n de granos de caf\u00e9. Recibiendo continuas formaciones para conseguir dominar la t\u00e9cnica de latte art y la acreditaci\u00f3n de baristas. En Eco Caudete podr\u00e1s disfrutar de una encantadora cafeter\u00eda-panader\u00eda con una decoraci\u00f3n en tonos c\u00e1lidos de madera, desde el suelo hasta el techo. El mobiliario, hecho principalmente de madera, crea un ambiente acogedor y familiar que invitan a relajarse mientras disfrutas de tu desayuno, almuerzo, aperitivo o merienda. El aroma tentador del caf\u00e9 reci\u00e9n hecho y de la boller\u00eda reci\u00e9n horneada llena el aire, invit\u00e1ndote a saborear cada bocado mientras conversas con amigos o simplemente te sumerges en un buen libro, en nuestra zona de intercambio de libros, con una iluminaci\u00f3n suave, mucha luz natural y m\u00fasica ambiental tranquila, esta cafeter\u00eda es el lugar perfecto para disfrutar de momentos especiales con tus seres queridos, para teletrabajar o simplemente desconectar.<\/p>\n<p>En nuestra cafeter\u00eda podr\u00e1s degustar, tostadas tradicionales o especiales con diferentes tipos de pan , como pueden ser espelta, integral y sarraceno. Tendremos tostadas especiales todas las semanas. Adem\u00e1s podr\u00e9is acompa\u00f1arlo con cualquier refresco, zumos, cerveza, etc. Y no olvidarnos de nuestro producto estrella, rooibos, t\u00e9 e infusi\u00f3n a granel, tenemos m\u00e1s de 35 diferentes, servidos con cari\u00f1o, en teteras de hierro fundido.<\/p>\n<p>Te imaginas poder tomar un buen caf\u00e9 con una tostada especial, a la vez que compras pan, fruta y verdura, art\u00edculos de limpieza, detergencia a granel, suplementos\/complementos alimenticios, alimentaci\u00f3n bio y a granel, cosm\u00e9tica natural, ambientaci\u00f3n y perfumes, maquillajes y cosm\u00e9tica natural o poder comprar el regalo para el cumplea\u00f1os del fin de semana y terminar as\u00ed tu experiencia en Eco Caudete.<\/p>\n<p>CaudeteEmprende es una campa\u00f1a creada desde la Concejal\u00eda de comercio con el objetivo de dar visibilidad y apoyo a los nuevos comercios de la localidad, acerc\u00e1ndolos a la ciudadan\u00eda a trav\u00e9s de las redes sociales del M.I. Ayuntamiento y la TV .<\/p>\n<p><img fetchpriority=\"high\" decoding=\"async\" class=\"alignnone size-full wp-image-25031\" src=\"https:\/\/www.caudete.org\/ayuntamiento\/wp-content\/uploads\/2024\/05\/eco3.jpg\" alt=\"\" width=\"800\" height=\"600\" srcset=\"https:\/\/www.caudete.org\/ayuntamiento\/wp-content\/uploads\/2024\/05\/eco3.jpg 800w, https:\/\/www.caudete.org\/ayuntamiento\/wp-content\/uploads\/2024\/05\/eco3-300x225.jpg 300w, https:\/\/www.caudete.org\/ayuntamiento\/wp-content\/uploads\/2024\/05\/eco3-768x576.jpg 768w\" sizes=\"(max-width: 800px) 100vw, 800px\" \/> <img decoding=\"async\" class=\"alignnone size-full wp-image-25032\" src=\"https:\/\/www.caudete.org\/ayuntamiento\/wp-content\/uploads\/2024\/05\/eco4.jpg\" alt=\"\" width=\"800\" height=\"1422\" srcset=\"https:\/\/www.caudete.org\/ayuntamiento\/wp-content\/uploads\/2024\/05\/eco4.jpg 800w, https:\/\/www.caudete.org\/ayuntamiento\/wp-content\/uploads\/2024\/05\/eco4-169x300.jpg 169w, https:\/\/www.caudete.org\/ayuntamiento\/wp-content\/uploads\/2024\/05\/eco4-576x1024.jpg 576w, https:\/\/www.caudete.org\/ayuntamiento\/wp-content\/uploads\/2024\/05\/eco4-768x1365.jpg 768w\" sizes=\"(max-width: 800px) 100vw, 800px\" \/><\/p>\n<p><img decoding=\"async\" class=\"alignnone size-full wp-image-25033\" src=\"https:\/\/www.caudete.org\/ayuntamiento\/wp-content\/uploads\/2024\/05\/eco1.jpg\" alt=\"\" width=\"800\" height=\"1346\" srcset=\"https:\/\/www.caudete.org\/ayuntamiento\/wp-content\/uploads\/2024\/05\/eco1.jpg 800w, https:\/\/www.caudete.org\/ayuntamiento\/wp-content\/uploads\/2024\/05\/eco1-178x300.jpg 178w, https:\/\/www.caudete.org\/ayuntamiento\/wp-content\/uploads\/2024\/05\/eco1-609x1024.jpg 609w, https:\/\/www.caudete.org\/ayuntamiento\/wp-content\/uploads\/2024\/05\/eco1-768x1292.jpg 768w\" sizes=\"(max-width: 800px) 100vw, 800px\" \/> <img loading=\"lazy\" decoding=\"async\" class=\"alignnone size-full wp-image-25034\" src=\"https:\/\/www.caudete.org\/ayuntamiento\/wp-content\/uploads\/2024\/05\/eco2.jpg\" alt=\"\" width=\"800\" height=\"1232\" srcset=\"https:\/\/www.caudete.org\/ayuntamiento\/wp-content\/uploads\/2024\/05\/eco2.jpg 800w, https:\/\/www.caudete.org\/ayuntamiento\/wp-content\/uploads\/2024\/05\/eco2-195x300.jpg 195w, https:\/\/www.caudete.org\/ayuntamiento\/wp-content\/uploads\/2024\/05\/eco2-665x1024.jpg 665w, https:\/\/www.caudete.org\/ayuntamiento\/wp-content\/uploads\/2024\/05\/eco2-768x1183.jpg 768w\" sizes=\"(max-width: 800px) 100vw, 800px\" \/><\/p>\n","protected":false},"excerpt":{"rendered":"<p>Una semana m\u00e1s, la Concejal\u00eda de Comercio que ostenta el edil Diego Cuenca Olivares, contin\u00faa con la campa\u00f1a CaudeteEmprende, donde nos presenta en el d\u00eda de hoy, la nueva apertura de \u201cBakery Caf\u00e9\u201d un nuevo servicio a\u00f1adido en la tienda Eco Caudete, regentado por Vicenta S\u00e1nchez sita en C\/Garc\u00eda Lorca esquina con C\/Echegaray. Vicenta nos &hellip;<\/p>\n","protected":false},"author":5,"featured_media":25030,"comment_status":"closed","ping_status":"open","sticky":false,"template":"","format":"standard","meta":{"ngg_post_thumbnail":0,"footnotes":""},"categories":[42],"tags":[],"class_list":["post-25029","post","type-post","status-publish","format-standard","has-post-thumbnail","hentry","category-comercio"],"yoast_head":"<!-- This site is optimized with the Yoast SEO plugin v27.5 - https:\/\/yoast.com\/product\/yoast-seo-wordpress\/ -->\n<title>CaudeteEmprende: Nuevo servicio de apertura &quot;Bakery Cafe&quot; - MI Ayuntamiento de Caudete<\/title>\n<meta name=\"description\" content=\"P\u00e1gina Oficial del Ayuntamiento de Caudete (Albacete)\" \/>\n<meta name=\"robots\" content=\"index, follow, max-snippet:-1, max-image-preview:large, max-video-preview:-1\" \/>\n<link rel=\"canonical\" href=\"https:\/\/www.caudete.org\/ayuntamiento\/caudeteemprende-nuevo-servicio-de-apertura-bakery-cafe\/\" \/>\n<meta property=\"og:locale\" content=\"es_ES\" \/>\n<meta property=\"og:type\" content=\"article\" \/>\n<meta property=\"og:title\" content=\"CaudeteEmprende: Nuevo servicio de apertura &quot;Bakery Cafe&quot; - MI Ayuntamiento de Caudete\" \/>\n<meta property=\"og:description\" content=\"P\u00e1gina Oficial del Ayuntamiento de Caudete (Albacete)\" \/>\n<meta property=\"og:url\" content=\"https:\/\/www.caudete.org\/ayuntamiento\/caudeteemprende-nuevo-servicio-de-apertura-bakery-cafe\/\" \/>\n<meta property=\"og:site_name\" content=\"MI Ayuntamiento de Caudete\" \/>\n<meta property=\"article:publisher\" content=\"https:\/\/www.facebook.com\/ayuntamientocaudete\/\" \/>\n<meta property=\"article:published_time\" content=\"2024-05-07T13:09:44+00:00\" \/>\n<meta property=\"og:image\" content=\"https:\/\/www.caudete.org\/ayuntamiento\/wp-content\/uploads\/2024\/05\/bioport.jpg\" \/>\n\t<meta property=\"og:image:width\" content=\"800\" \/>\n\t<meta property=\"og:image:height\" content=\"360\" \/>\n\t<meta property=\"og:image:type\" content=\"image\/jpeg\" \/>\n<meta name=\"author\" content=\"Dpto Informatica MI Ayuntamiento de Caudete\" \/>\n<meta name=\"twitter:card\" content=\"summary_large_image\" \/>\n<meta name=\"twitter:label1\" content=\"Escrito por\" \/>\n\t<meta name=\"twitter:data1\" content=\"Dpto Informatica MI Ayuntamiento de Caudete\" \/>\n\t<meta name=\"twitter:label2\" content=\"Tiempo de lectura\" \/>\n\t<meta name=\"twitter:data2\" content=\"4 minutos\" \/>\n<script type=\"application\/ld+json\" class=\"yoast-schema-graph\">{\"@context\":\"https:\\\/\\\/schema.org\",\"@graph\":[{\"@type\":\"Article\",\"@id\":\"https:\\\/\\\/www.caudete.org\\\/ayuntamiento\\\/caudeteemprende-nuevo-servicio-de-apertura-bakery-cafe\\\/#article\",\"isPartOf\":{\"@id\":\"https:\\\/\\\/www.caudete.org\\\/ayuntamiento\\\/caudeteemprende-nuevo-servicio-de-apertura-bakery-cafe\\\/\"},\"author\":{\"name\":\"Dpto Informatica MI Ayuntamiento de Caudete\",\"@id\":\"https:\\\/\\\/www.caudete.org\\\/ayuntamiento\\\/#\\\/schema\\\/person\\\/4b9eab41761957db9b1bf9c418d1ef46\"},\"headline\":\"CaudeteEmprende: Nuevo servicio de apertura &#8220;Bakery Cafe&#8221;\",\"datePublished\":\"2024-05-07T13:09:44+00:00\",\"mainEntityOfPage\":{\"@id\":\"https:\\\/\\\/www.caudete.org\\\/ayuntamiento\\\/caudeteemprende-nuevo-servicio-de-apertura-bakery-cafe\\\/\"},\"wordCount\":603,\"image\":{\"@id\":\"https:\\\/\\\/www.caudete.org\\\/ayuntamiento\\\/caudeteemprende-nuevo-servicio-de-apertura-bakery-cafe\\\/#primaryimage\"},\"thumbnailUrl\":\"https:\\\/\\\/www.caudete.org\\\/ayuntamiento\\\/wp-content\\\/uploads\\\/2024\\\/05\\\/bioport.jpg\",\"articleSection\":[\"Comercio\"],\"inLanguage\":\"es\"},{\"@type\":\"WebPage\",\"@id\":\"https:\\\/\\\/www.caudete.org\\\/ayuntamiento\\\/caudeteemprende-nuevo-servicio-de-apertura-bakery-cafe\\\/\",\"url\":\"https:\\\/\\\/www.caudete.org\\\/ayuntamiento\\\/caudeteemprende-nuevo-servicio-de-apertura-bakery-cafe\\\/\",\"name\":\"CaudeteEmprende: Nuevo servicio de apertura \\\"Bakery Cafe\\\" - MI Ayuntamiento de Caudete\",\"isPartOf\":{\"@id\":\"https:\\\/\\\/www.caudete.org\\\/ayuntamiento\\\/#website\"},\"primaryImageOfPage\":{\"@id\":\"https:\\\/\\\/www.caudete.org\\\/ayuntamiento\\\/caudeteemprende-nuevo-servicio-de-apertura-bakery-cafe\\\/#primaryimage\"},\"image\":{\"@id\":\"https:\\\/\\\/www.caudete.org\\\/ayuntamiento\\\/caudeteemprende-nuevo-servicio-de-apertura-bakery-cafe\\\/#primaryimage\"},\"thumbnailUrl\":\"https:\\\/\\\/www.caudete.org\\\/ayuntamiento\\\/wp-content\\\/uploads\\\/2024\\\/05\\\/bioport.jpg\",\"datePublished\":\"2024-05-07T13:09:44+00:00\",\"author\":{\"@id\":\"https:\\\/\\\/www.caudete.org\\\/ayuntamiento\\\/#\\\/schema\\\/person\\\/4b9eab41761957db9b1bf9c418d1ef46\"},\"description\":\"P\u00e1gina Oficial del Ayuntamiento de Caudete (Albacete)\",\"breadcrumb\":{\"@id\":\"https:\\\/\\\/www.caudete.org\\\/ayuntamiento\\\/caudeteemprende-nuevo-servicio-de-apertura-bakery-cafe\\\/#breadcrumb\"},\"inLanguage\":\"es\",\"potentialAction\":[{\"@type\":\"ReadAction\",\"target\":[\"https:\\\/\\\/www.caudete.org\\\/ayuntamiento\\\/caudeteemprende-nuevo-servicio-de-apertura-bakery-cafe\\\/\"]}]},{\"@type\":\"ImageObject\",\"inLanguage\":\"es\",\"@id\":\"https:\\\/\\\/www.caudete.org\\\/ayuntamiento\\\/caudeteemprende-nuevo-servicio-de-apertura-bakery-cafe\\\/#primaryimage\",\"url\":\"https:\\\/\\\/www.caudete.org\\\/ayuntamiento\\\/wp-content\\\/uploads\\\/2024\\\/05\\\/bioport.jpg\",\"contentUrl\":\"https:\\\/\\\/www.caudete.org\\\/ayuntamiento\\\/wp-content\\\/uploads\\\/2024\\\/05\\\/bioport.jpg\",\"width\":800,\"height\":360},{\"@type\":\"BreadcrumbList\",\"@id\":\"https:\\\/\\\/www.caudete.org\\\/ayuntamiento\\\/caudeteemprende-nuevo-servicio-de-apertura-bakery-cafe\\\/#breadcrumb\",\"itemListElement\":[{\"@type\":\"ListItem\",\"position\":1,\"name\":\"Inicio\",\"item\":\"https:\\\/\\\/www.caudete.org\\\/ayuntamiento\\\/\"},{\"@type\":\"ListItem\",\"position\":2,\"name\":\"CaudeteEmprende: Nuevo servicio de apertura &#8220;Bakery Cafe&#8221;\"}]},{\"@type\":\"WebSite\",\"@id\":\"https:\\\/\\\/www.caudete.org\\\/ayuntamiento\\\/#website\",\"url\":\"https:\\\/\\\/www.caudete.org\\\/ayuntamiento\\\/\",\"name\":\"MI Ayuntamiento de Caudete\",\"description\":\"P\u00e1gina Oficial del MI Ayuntamiento de Caudete\",\"potentialAction\":[{\"@type\":\"SearchAction\",\"target\":{\"@type\":\"EntryPoint\",\"urlTemplate\":\"https:\\\/\\\/www.caudete.org\\\/ayuntamiento\\\/?s={search_term_string}\"},\"query-input\":{\"@type\":\"PropertyValueSpecification\",\"valueRequired\":true,\"valueName\":\"search_term_string\"}}],\"inLanguage\":\"es\"},{\"@type\":\"Person\",\"@id\":\"https:\\\/\\\/www.caudete.org\\\/ayuntamiento\\\/#\\\/schema\\\/person\\\/4b9eab41761957db9b1bf9c418d1ef46\",\"name\":\"Dpto Informatica MI Ayuntamiento de Caudete\",\"image\":{\"@type\":\"ImageObject\",\"inLanguage\":\"es\",\"@id\":\"https:\\\/\\\/secure.gravatar.com\\\/avatar\\\/ac0321ee4a0a83e82a253e7b2d348ef539e2c8fe16d06b600bde04de1b364fa7?s=96&d=mm&r=g\",\"url\":\"https:\\\/\\\/secure.gravatar.com\\\/avatar\\\/ac0321ee4a0a83e82a253e7b2d348ef539e2c8fe16d06b600bde04de1b364fa7?s=96&d=mm&r=g\",\"contentUrl\":\"https:\\\/\\\/secure.gravatar.com\\\/avatar\\\/ac0321ee4a0a83e82a253e7b2d348ef539e2c8fe16d06b600bde04de1b364fa7?s=96&d=mm&r=g\",\"caption\":\"Dpto Informatica MI Ayuntamiento de Caudete\"},\"url\":\"https:\\\/\\\/www.caudete.org\\\/ayuntamiento\\\/author\\\/informatica\\\/\"}]}<\/script>\n<!-- \/ Yoast SEO plugin. -->","yoast_head_json":{"title":"CaudeteEmprende: Nuevo servicio de apertura \"Bakery Cafe\" - MI Ayuntamiento de Caudete","description":"P\u00e1gina Oficial del Ayuntamiento de Caudete (Albacete)","robots":{"index":"index","follow":"follow","max-snippet":"max-snippet:-1","max-image-preview":"max-image-preview:large","max-video-preview":"max-video-preview:-1"},"canonical":"https:\/\/www.caudete.org\/ayuntamiento\/caudeteemprende-nuevo-servicio-de-apertura-bakery-cafe\/","og_locale":"es_ES","og_type":"article","og_title":"CaudeteEmprende: Nuevo servicio de apertura \"Bakery Cafe\" - MI Ayuntamiento de Caudete","og_description":"P\u00e1gina Oficial del Ayuntamiento de Caudete (Albacete)","og_url":"https:\/\/www.caudete.org\/ayuntamiento\/caudeteemprende-nuevo-servicio-de-apertura-bakery-cafe\/","og_site_name":"MI Ayuntamiento de Caudete","article_publisher":"https:\/\/www.facebook.com\/ayuntamientocaudete\/","article_published_time":"2024-05-07T13:09:44+00:00","og_image":[{"width":800,"height":360,"url":"https:\/\/www.caudete.org\/ayuntamiento\/wp-content\/uploads\/2024\/05\/bioport.jpg","type":"image\/jpeg"}],"author":"Dpto Informatica MI Ayuntamiento de Caudete","twitter_card":"summary_large_image","twitter_misc":{"Escrito por":"Dpto Informatica MI Ayuntamiento de Caudete","Tiempo de lectura":"4 minutos"},"schema":{"@context":"https:\/\/schema.org","@graph":[{"@type":"Article","@id":"https:\/\/www.caudete.org\/ayuntamiento\/caudeteemprende-nuevo-servicio-de-apertura-bakery-cafe\/#article","isPartOf":{"@id":"https:\/\/www.caudete.org\/ayuntamiento\/caudeteemprende-nuevo-servicio-de-apertura-bakery-cafe\/"},"author":{"name":"Dpto Informatica MI Ayuntamiento de Caudete","@id":"https:\/\/www.caudete.org\/ayuntamiento\/#\/schema\/person\/4b9eab41761957db9b1bf9c418d1ef46"},"headline":"CaudeteEmprende: Nuevo servicio de apertura &#8220;Bakery Cafe&#8221;","datePublished":"2024-05-07T13:09:44+00:00","mainEntityOfPage":{"@id":"https:\/\/www.caudete.org\/ayuntamiento\/caudeteemprende-nuevo-servicio-de-apertura-bakery-cafe\/"},"wordCount":603,"image":{"@id":"https:\/\/www.caudete.org\/ayuntamiento\/caudeteemprende-nuevo-servicio-de-apertura-bakery-cafe\/#primaryimage"},"thumbnailUrl":"https:\/\/www.caudete.org\/ayuntamiento\/wp-content\/uploads\/2024\/05\/bioport.jpg","articleSection":["Comercio"],"inLanguage":"es"},{"@type":"WebPage","@id":"https:\/\/www.caudete.org\/ayuntamiento\/caudeteemprende-nuevo-servicio-de-apertura-bakery-cafe\/","url":"https:\/\/www.caudete.org\/ayuntamiento\/caudeteemprende-nuevo-servicio-de-apertura-bakery-cafe\/","name":"CaudeteEmprende: Nuevo servicio de apertura \"Bakery Cafe\" - MI Ayuntamiento de Caudete","isPartOf":{"@id":"https:\/\/www.caudete.org\/ayuntamiento\/#website"},"primaryImageOfPage":{"@id":"https:\/\/www.caudete.org\/ayuntamiento\/caudeteemprende-nuevo-servicio-de-apertura-bakery-cafe\/#primaryimage"},"image":{"@id":"https:\/\/www.caudete.org\/ayuntamiento\/caudeteemprende-nuevo-servicio-de-apertura-bakery-cafe\/#primaryimage"},"thumbnailUrl":"https:\/\/www.caudete.org\/ayuntamiento\/wp-content\/uploads\/2024\/05\/bioport.jpg","datePublished":"2024-05-07T13:09:44+00:00","author":{"@id":"https:\/\/www.caudete.org\/ayuntamiento\/#\/schema\/person\/4b9eab41761957db9b1bf9c418d1ef46"},"description":"P\u00e1gina Oficial del Ayuntamiento de Caudete (Albacete)","breadcrumb":{"@id":"https:\/\/www.caudete.org\/ayuntamiento\/caudeteemprende-nuevo-servicio-de-apertura-bakery-cafe\/#breadcrumb"},"inLanguage":"es","potentialAction":[{"@type":"ReadAction","target":["https:\/\/www.caudete.org\/ayuntamiento\/caudeteemprende-nuevo-servicio-de-apertura-bakery-cafe\/"]}]},{"@type":"ImageObject","inLanguage":"es","@id":"https:\/\/www.caudete.org\/ayuntamiento\/caudeteemprende-nuevo-servicio-de-apertura-bakery-cafe\/#primaryimage","url":"https:\/\/www.caudete.org\/ayuntamiento\/wp-content\/uploads\/2024\/05\/bioport.jpg","contentUrl":"https:\/\/www.caudete.org\/ayuntamiento\/wp-content\/uploads\/2024\/05\/bioport.jpg","width":800,"height":360},{"@type":"BreadcrumbList","@id":"https:\/\/www.caudete.org\/ayuntamiento\/caudeteemprende-nuevo-servicio-de-apertura-bakery-cafe\/#breadcrumb","itemListElement":[{"@type":"ListItem","position":1,"name":"Inicio","item":"https:\/\/www.caudete.org\/ayuntamiento\/"},{"@type":"ListItem","position":2,"name":"CaudeteEmprende: Nuevo servicio de apertura &#8220;Bakery Cafe&#8221;"}]},{"@type":"WebSite","@id":"https:\/\/www.caudete.org\/ayuntamiento\/#website","url":"https:\/\/www.caudete.org\/ayuntamiento\/","name":"MI Ayuntamiento de Caudete","description":"P\u00e1gina Oficial del MI Ayuntamiento de Caudete","potentialAction":[{"@type":"SearchAction","target":{"@type":"EntryPoint","urlTemplate":"https:\/\/www.caudete.org\/ayuntamiento\/?s={search_term_string}"},"query-input":{"@type":"PropertyValueSpecification","valueRequired":true,"valueName":"search_term_string"}}],"inLanguage":"es"},{"@type":"Person","@id":"https:\/\/www.caudete.org\/ayuntamiento\/#\/schema\/person\/4b9eab41761957db9b1bf9c418d1ef46","name":"Dpto Informatica MI Ayuntamiento de Caudete","image":{"@type":"ImageObject","inLanguage":"es","@id":"https:\/\/secure.gravatar.com\/avatar\/ac0321ee4a0a83e82a253e7b2d348ef539e2c8fe16d06b600bde04de1b364fa7?s=96&d=mm&r=g","url":"https:\/\/secure.gravatar.com\/avatar\/ac0321ee4a0a83e82a253e7b2d348ef539e2c8fe16d06b600bde04de1b364fa7?s=96&d=mm&r=g","contentUrl":"https:\/\/secure.gravatar.com\/avatar\/ac0321ee4a0a83e82a253e7b2d348ef539e2c8fe16d06b600bde04de1b364fa7?s=96&d=mm&r=g","caption":"Dpto Informatica MI Ayuntamiento de Caudete"},"url":"https:\/\/www.caudete.org\/ayuntamiento\/author\/informatica\/"}]}},"_links":{"self":[{"href":"https:\/\/www.caudete.org\/ayuntamiento\/wp-json\/wp\/v2\/posts\/25029","targetHints":{"allow":["GET"]}}],"collection":[{"href":"https:\/\/www.caudete.org\/ayuntamiento\/wp-json\/wp\/v2\/posts"}],"about":[{"href":"https:\/\/www.caudete.org\/ayuntamiento\/wp-json\/wp\/v2\/types\/post"}],"author":[{"embeddable":true,"href":"https:\/\/www.caudete.org\/ayuntamiento\/wp-json\/wp\/v2\/users\/5"}],"replies":[{"embeddable":true,"href":"https:\/\/www.caudete.org\/ayuntamiento\/wp-json\/wp\/v2\/comments?post=25029"}],"version-history":[{"count":1,"href":"https:\/\/www.caudete.org\/ayuntamiento\/wp-json\/wp\/v2\/posts\/25029\/revisions"}],"predecessor-version":[{"id":25035,"href":"https:\/\/www.caudete.org\/ayuntamiento\/wp-json\/wp\/v2\/posts\/25029\/revisions\/25035"}],"wp:featuredmedia":[{"embeddable":true,"href":"https:\/\/www.caudete.org\/ayuntamiento\/wp-json\/wp\/v2\/media\/25030"}],"wp:attachment":[{"href":"https:\/\/www.caudete.org\/ayuntamiento\/wp-json\/wp\/v2\/media?parent=25029"}],"wp:term":[{"taxonomy":"category","embeddable":true,"href":"https:\/\/www.caudete.org\/ayuntamiento\/wp-json\/wp\/v2\/categories?post=25029"},{"taxonomy":"post_tag","embeddable":true,"href":"https:\/\/www.caudete.org\/ayuntamiento\/wp-json\/wp\/v2\/tags?post=25029"}],"curies":[{"name":"wp","href":"https:\/\/api.w.org\/{rel}","templated":true}]}}