{"id":25062,"date":"2024-05-10T14:12:42","date_gmt":"2024-05-10T12:12:42","guid":{"rendered":"https:\/\/www.caudete.org\/ayuntamiento\/?p=25062"},"modified":"2024-05-15T17:29:14","modified_gmt":"2024-05-15T15:29:14","slug":"evento-acuarelistico-internacional-en-el-museo-rafael-requena","status":"publish","type":"post","link":"https:\/\/www.caudete.org\/ayuntamiento\/evento-acuarelistico-internacional-en-el-museo-rafael-requena\/","title":{"rendered":"Evento Acuarel\u00edstico Internacional en el Museo Rafael Requena"},"content":{"rendered":"<p>El pr\u00f3ximo martes 14 de mayo, a las 19:00 horas, el Museo Rafael Requena ser\u00e1 el escenario de un evento acuarel\u00edstico sin precedentes, organizado por la Concejal\u00eda de Cultura del Ayuntamiento de Caudete. Este evento no solo celebrar\u00e1 el arte y la cultura, sino que tambi\u00e9n ofrecer\u00e1 una ventana \u00fanica hacia la rica historia de la acuarela africana.<\/p>\n<p>La velada comenzar\u00e1 con la presentaci\u00f3n del libro &#8220;Tales of Africa&#8221; en el Museo Rafael Requena: Un Viaje a Trav\u00e9s de la Acuarela Africana. Esta obra sumerge a sus lectores en las profundidades culturales del continente, explorando sus paisajes pintorescos y la esencia del pueblo africano a trav\u00e9s de la magn\u00edfica t\u00e9cnica de la acuarela.<\/p>\n<p>Seguidamente, tres destacados acuarelistas internacionales llevar\u00e1n a cabo demostraciones simult\u00e1neas, compartiendo su talento y pasi\u00f3n por el arte:<\/p>\n<p>Jonathan Kwegyir Aggrey: Originario de Ghana, Aggrey es un talentoso acuarelista galardonado con prestigiosos premios internacionales. Su obra ha sido reconocida a nivel mundial, siendo el \u00fanico acuarelista africano admitido en la prestigiosa exposici\u00f3n anual de la American Watercolor Society en Nueva York, Estados Unidos.<br \/>\nRabia Nawab: Proveniente de Pakist\u00e1n, Nawab no solo es una destacada acuarelista, sino tambi\u00e9n profesora en la Universidad de Punjab. Su obra refleja una delicadeza y maestr\u00eda que la ha hecho merecedora de reconocimiento internacional.<br \/>\nAna Hern\u00e1ndez Morote: Con una trayectoria enriquecida por diversos premios, Morote es una acuarelista espa\u00f1ola cuya obra ha sido aclamada tanto a nivel nacional como internacional.<br \/>\nEsta actividad forma parte de los actos previos a la Bienal Internacional de Nuevas T\u00e9cnicas, Conceptos y Desarrollos en Acuarela de Caudete, organizada en colaboraci\u00f3n con el Taller de Arte Villa de Caudete. Este evento tiene como objetivo promover la mediaci\u00f3n a trav\u00e9s del arte, trascendiendo barreras ling\u00fc\u00edsticas y culturales para democratizar la cultura y hacerla accesible para todos.<br \/>\nEl evento promete ser una experiencia \u00fanica para todos los amantes del arte y la cultura, as\u00ed como un impulso para involucrar a la comunidad y desarrollar competencias art\u00edsticas, cohesi\u00f3n social y mayor comprensi\u00f3n intercultural.<img fetchpriority=\"high\" decoding=\"async\" class=\"alignnone size-full wp-image-25064\" src=\"https:\/\/www.caudete.org\/ayuntamiento\/wp-content\/uploads\/2024\/05\/Cartel-demostraciones-acuarelistas-internacionales.jpg\" alt=\"\" width=\"800\" height=\"566\" srcset=\"https:\/\/www.caudete.org\/ayuntamiento\/wp-content\/uploads\/2024\/05\/Cartel-demostraciones-acuarelistas-internacionales.jpg 800w, https:\/\/www.caudete.org\/ayuntamiento\/wp-content\/uploads\/2024\/05\/Cartel-demostraciones-acuarelistas-internacionales-300x212.jpg 300w, https:\/\/www.caudete.org\/ayuntamiento\/wp-content\/uploads\/2024\/05\/Cartel-demostraciones-acuarelistas-internacionales-768x543.jpg 768w\" sizes=\"(max-width: 800px) 100vw, 800px\" \/><\/p>\n<p>&nbsp;<\/p>\n","protected":false},"excerpt":{"rendered":"<p>El pr\u00f3ximo martes 14 de mayo, a las 19:00 horas, el Museo Rafael Requena ser\u00e1 el escenario de un evento acuarel\u00edstico sin precedentes, organizado por la Concejal\u00eda de Cultura del Ayuntamiento de Caudete. Este evento no solo celebrar\u00e1 el arte y la cultura, sino que tambi\u00e9n ofrecer\u00e1 una ventana \u00fanica hacia la rica historia de &hellip;<\/p>\n","protected":false},"author":5,"featured_media":25063,"comment_status":"closed","ping_status":"open","sticky":false,"template":"","format":"standard","meta":{"ngg_post_thumbnail":0,"footnotes":""},"categories":[14],"tags":[],"class_list":["post-25062","post","type-post","status-publish","format-standard","has-post-thumbnail","hentry","category-cultura"],"yoast_head":"<!-- This site is optimized with the Yoast SEO plugin v27.5 - https:\/\/yoast.com\/product\/yoast-seo-wordpress\/ -->\n<title>Evento Acuarel\u00edstico Internacional en el Museo Rafael Requena - MI Ayuntamiento de Caudete<\/title>\n<meta name=\"description\" content=\"P\u00e1gina Oficial del Ayuntamiento de Caudete (Albacete)\" \/>\n<meta name=\"robots\" content=\"index, follow, max-snippet:-1, max-image-preview:large, max-video-preview:-1\" \/>\n<link rel=\"canonical\" href=\"https:\/\/www.caudete.org\/ayuntamiento\/evento-acuarelistico-internacional-en-el-museo-rafael-requena\/\" \/>\n<meta property=\"og:locale\" content=\"es_ES\" \/>\n<meta property=\"og:type\" content=\"article\" \/>\n<meta property=\"og:title\" content=\"Evento Acuarel\u00edstico Internacional en el Museo Rafael Requena - MI Ayuntamiento de Caudete\" \/>\n<meta property=\"og:description\" content=\"P\u00e1gina Oficial del Ayuntamiento de Caudete (Albacete)\" \/>\n<meta property=\"og:url\" content=\"https:\/\/www.caudete.org\/ayuntamiento\/evento-acuarelistico-internacional-en-el-museo-rafael-requena\/\" \/>\n<meta property=\"og:site_name\" content=\"MI Ayuntamiento de Caudete\" \/>\n<meta property=\"article:publisher\" content=\"https:\/\/www.facebook.com\/ayuntamientocaudete\/\" \/>\n<meta property=\"article:published_time\" content=\"2024-05-10T12:12:42+00:00\" \/>\n<meta property=\"article:modified_time\" content=\"2024-05-15T15:29:14+00:00\" \/>\n<meta property=\"og:image\" content=\"https:\/\/www.caudete.org\/ayuntamiento\/wp-content\/uploads\/2024\/05\/jonathanaggrey.jpg\" \/>\n\t<meta property=\"og:image:width\" content=\"800\" \/>\n\t<meta property=\"og:image:height\" content=\"450\" \/>\n\t<meta property=\"og:image:type\" content=\"image\/jpeg\" \/>\n<meta name=\"author\" content=\"Dpto Informatica MI Ayuntamiento de Caudete\" \/>\n<meta name=\"twitter:card\" content=\"summary_large_image\" \/>\n<meta name=\"twitter:label1\" content=\"Escrito por\" \/>\n\t<meta name=\"twitter:data1\" content=\"Dpto Informatica MI Ayuntamiento de Caudete\" \/>\n\t<meta name=\"twitter:label2\" content=\"Tiempo de lectura\" \/>\n\t<meta name=\"twitter:data2\" content=\"2 minutos\" \/>\n<script type=\"application\/ld+json\" class=\"yoast-schema-graph\">{\"@context\":\"https:\\\/\\\/schema.org\",\"@graph\":[{\"@type\":\"Article\",\"@id\":\"https:\\\/\\\/www.caudete.org\\\/ayuntamiento\\\/evento-acuarelistico-internacional-en-el-museo-rafael-requena\\\/#article\",\"isPartOf\":{\"@id\":\"https:\\\/\\\/www.caudete.org\\\/ayuntamiento\\\/evento-acuarelistico-internacional-en-el-museo-rafael-requena\\\/\"},\"author\":{\"name\":\"Dpto Informatica MI Ayuntamiento de Caudete\",\"@id\":\"https:\\\/\\\/www.caudete.org\\\/ayuntamiento\\\/#\\\/schema\\\/person\\\/4b9eab41761957db9b1bf9c418d1ef46\"},\"headline\":\"Evento Acuarel\u00edstico Internacional en el Museo Rafael Requena\",\"datePublished\":\"2024-05-10T12:12:42+00:00\",\"dateModified\":\"2024-05-15T15:29:14+00:00\",\"mainEntityOfPage\":{\"@id\":\"https:\\\/\\\/www.caudete.org\\\/ayuntamiento\\\/evento-acuarelistico-internacional-en-el-museo-rafael-requena\\\/\"},\"wordCount\":365,\"image\":{\"@id\":\"https:\\\/\\\/www.caudete.org\\\/ayuntamiento\\\/evento-acuarelistico-internacional-en-el-museo-rafael-requena\\\/#primaryimage\"},\"thumbnailUrl\":\"https:\\\/\\\/www.caudete.org\\\/ayuntamiento\\\/wp-content\\\/uploads\\\/2024\\\/05\\\/jonathanaggrey.jpg\",\"articleSection\":[\"Cultura\"],\"inLanguage\":\"es\"},{\"@type\":\"WebPage\",\"@id\":\"https:\\\/\\\/www.caudete.org\\\/ayuntamiento\\\/evento-acuarelistico-internacional-en-el-museo-rafael-requena\\\/\",\"url\":\"https:\\\/\\\/www.caudete.org\\\/ayuntamiento\\\/evento-acuarelistico-internacional-en-el-museo-rafael-requena\\\/\",\"name\":\"Evento Acuarel\u00edstico Internacional en el Museo Rafael Requena - MI Ayuntamiento de Caudete\",\"isPartOf\":{\"@id\":\"https:\\\/\\\/www.caudete.org\\\/ayuntamiento\\\/#website\"},\"primaryImageOfPage\":{\"@id\":\"https:\\\/\\\/www.caudete.org\\\/ayuntamiento\\\/evento-acuarelistico-internacional-en-el-museo-rafael-requena\\\/#primaryimage\"},\"image\":{\"@id\":\"https:\\\/\\\/www.caudete.org\\\/ayuntamiento\\\/evento-acuarelistico-internacional-en-el-museo-rafael-requena\\\/#primaryimage\"},\"thumbnailUrl\":\"https:\\\/\\\/www.caudete.org\\\/ayuntamiento\\\/wp-content\\\/uploads\\\/2024\\\/05\\\/jonathanaggrey.jpg\",\"datePublished\":\"2024-05-10T12:12:42+00:00\",\"dateModified\":\"2024-05-15T15:29:14+00:00\",\"author\":{\"@id\":\"https:\\\/\\\/www.caudete.org\\\/ayuntamiento\\\/#\\\/schema\\\/person\\\/4b9eab41761957db9b1bf9c418d1ef46\"},\"description\":\"P\u00e1gina Oficial del Ayuntamiento de Caudete (Albacete)\",\"breadcrumb\":{\"@id\":\"https:\\\/\\\/www.caudete.org\\\/ayuntamiento\\\/evento-acuarelistico-internacional-en-el-museo-rafael-requena\\\/#breadcrumb\"},\"inLanguage\":\"es\",\"potentialAction\":[{\"@type\":\"ReadAction\",\"target\":[\"https:\\\/\\\/www.caudete.org\\\/ayuntamiento\\\/evento-acuarelistico-internacional-en-el-museo-rafael-requena\\\/\"]}]},{\"@type\":\"ImageObject\",\"inLanguage\":\"es\",\"@id\":\"https:\\\/\\\/www.caudete.org\\\/ayuntamiento\\\/evento-acuarelistico-internacional-en-el-museo-rafael-requena\\\/#primaryimage\",\"url\":\"https:\\\/\\\/www.caudete.org\\\/ayuntamiento\\\/wp-content\\\/uploads\\\/2024\\\/05\\\/jonathanaggrey.jpg\",\"contentUrl\":\"https:\\\/\\\/www.caudete.org\\\/ayuntamiento\\\/wp-content\\\/uploads\\\/2024\\\/05\\\/jonathanaggrey.jpg\",\"width\":800,\"height\":450},{\"@type\":\"BreadcrumbList\",\"@id\":\"https:\\\/\\\/www.caudete.org\\\/ayuntamiento\\\/evento-acuarelistico-internacional-en-el-museo-rafael-requena\\\/#breadcrumb\",\"itemListElement\":[{\"@type\":\"ListItem\",\"position\":1,\"name\":\"Inicio\",\"item\":\"https:\\\/\\\/www.caudete.org\\\/ayuntamiento\\\/\"},{\"@type\":\"ListItem\",\"position\":2,\"name\":\"Evento Acuarel\u00edstico Internacional en el Museo Rafael Requena\"}]},{\"@type\":\"WebSite\",\"@id\":\"https:\\\/\\\/www.caudete.org\\\/ayuntamiento\\\/#website\",\"url\":\"https:\\\/\\\/www.caudete.org\\\/ayuntamiento\\\/\",\"name\":\"MI Ayuntamiento de Caudete\",\"description\":\"P\u00e1gina Oficial del MI Ayuntamiento de Caudete\",\"potentialAction\":[{\"@type\":\"SearchAction\",\"target\":{\"@type\":\"EntryPoint\",\"urlTemplate\":\"https:\\\/\\\/www.caudete.org\\\/ayuntamiento\\\/?s={search_term_string}\"},\"query-input\":{\"@type\":\"PropertyValueSpecification\",\"valueRequired\":true,\"valueName\":\"search_term_string\"}}],\"inLanguage\":\"es\"},{\"@type\":\"Person\",\"@id\":\"https:\\\/\\\/www.caudete.org\\\/ayuntamiento\\\/#\\\/schema\\\/person\\\/4b9eab41761957db9b1bf9c418d1ef46\",\"name\":\"Dpto Informatica MI Ayuntamiento de Caudete\",\"image\":{\"@type\":\"ImageObject\",\"inLanguage\":\"es\",\"@id\":\"https:\\\/\\\/secure.gravatar.com\\\/avatar\\\/ac0321ee4a0a83e82a253e7b2d348ef539e2c8fe16d06b600bde04de1b364fa7?s=96&d=mm&r=g\",\"url\":\"https:\\\/\\\/secure.gravatar.com\\\/avatar\\\/ac0321ee4a0a83e82a253e7b2d348ef539e2c8fe16d06b600bde04de1b364fa7?s=96&d=mm&r=g\",\"contentUrl\":\"https:\\\/\\\/secure.gravatar.com\\\/avatar\\\/ac0321ee4a0a83e82a253e7b2d348ef539e2c8fe16d06b600bde04de1b364fa7?s=96&d=mm&r=g\",\"caption\":\"Dpto Informatica MI Ayuntamiento de Caudete\"},\"url\":\"https:\\\/\\\/www.caudete.org\\\/ayuntamiento\\\/author\\\/informatica\\\/\"}]}<\/script>\n<!-- \/ Yoast SEO plugin. -->","yoast_head_json":{"title":"Evento Acuarel\u00edstico Internacional en el Museo Rafael Requena - MI Ayuntamiento de Caudete","description":"P\u00e1gina Oficial del Ayuntamiento de Caudete (Albacete)","robots":{"index":"index","follow":"follow","max-snippet":"max-snippet:-1","max-image-preview":"max-image-preview:large","max-video-preview":"max-video-preview:-1"},"canonical":"https:\/\/www.caudete.org\/ayuntamiento\/evento-acuarelistico-internacional-en-el-museo-rafael-requena\/","og_locale":"es_ES","og_type":"article","og_title":"Evento Acuarel\u00edstico Internacional en el Museo Rafael Requena - MI Ayuntamiento de Caudete","og_description":"P\u00e1gina Oficial del Ayuntamiento de Caudete (Albacete)","og_url":"https:\/\/www.caudete.org\/ayuntamiento\/evento-acuarelistico-internacional-en-el-museo-rafael-requena\/","og_site_name":"MI Ayuntamiento de Caudete","article_publisher":"https:\/\/www.facebook.com\/ayuntamientocaudete\/","article_published_time":"2024-05-10T12:12:42+00:00","article_modified_time":"2024-05-15T15:29:14+00:00","og_image":[{"width":800,"height":450,"url":"https:\/\/www.caudete.org\/ayuntamiento\/wp-content\/uploads\/2024\/05\/jonathanaggrey.jpg","type":"image\/jpeg"}],"author":"Dpto Informatica MI Ayuntamiento de Caudete","twitter_card":"summary_large_image","twitter_misc":{"Escrito por":"Dpto Informatica MI Ayuntamiento de Caudete","Tiempo de lectura":"2 minutos"},"schema":{"@context":"https:\/\/schema.org","@graph":[{"@type":"Article","@id":"https:\/\/www.caudete.org\/ayuntamiento\/evento-acuarelistico-internacional-en-el-museo-rafael-requena\/#article","isPartOf":{"@id":"https:\/\/www.caudete.org\/ayuntamiento\/evento-acuarelistico-internacional-en-el-museo-rafael-requena\/"},"author":{"name":"Dpto Informatica MI Ayuntamiento de Caudete","@id":"https:\/\/www.caudete.org\/ayuntamiento\/#\/schema\/person\/4b9eab41761957db9b1bf9c418d1ef46"},"headline":"Evento Acuarel\u00edstico Internacional en el Museo Rafael Requena","datePublished":"2024-05-10T12:12:42+00:00","dateModified":"2024-05-15T15:29:14+00:00","mainEntityOfPage":{"@id":"https:\/\/www.caudete.org\/ayuntamiento\/evento-acuarelistico-internacional-en-el-museo-rafael-requena\/"},"wordCount":365,"image":{"@id":"https:\/\/www.caudete.org\/ayuntamiento\/evento-acuarelistico-internacional-en-el-museo-rafael-requena\/#primaryimage"},"thumbnailUrl":"https:\/\/www.caudete.org\/ayuntamiento\/wp-content\/uploads\/2024\/05\/jonathanaggrey.jpg","articleSection":["Cultura"],"inLanguage":"es"},{"@type":"WebPage","@id":"https:\/\/www.caudete.org\/ayuntamiento\/evento-acuarelistico-internacional-en-el-museo-rafael-requena\/","url":"https:\/\/www.caudete.org\/ayuntamiento\/evento-acuarelistico-internacional-en-el-museo-rafael-requena\/","name":"Evento Acuarel\u00edstico Internacional en el Museo Rafael Requena - MI Ayuntamiento de Caudete","isPartOf":{"@id":"https:\/\/www.caudete.org\/ayuntamiento\/#website"},"primaryImageOfPage":{"@id":"https:\/\/www.caudete.org\/ayuntamiento\/evento-acuarelistico-internacional-en-el-museo-rafael-requena\/#primaryimage"},"image":{"@id":"https:\/\/www.caudete.org\/ayuntamiento\/evento-acuarelistico-internacional-en-el-museo-rafael-requena\/#primaryimage"},"thumbnailUrl":"https:\/\/www.caudete.org\/ayuntamiento\/wp-content\/uploads\/2024\/05\/jonathanaggrey.jpg","datePublished":"2024-05-10T12:12:42+00:00","dateModified":"2024-05-15T15:29:14+00:00","author":{"@id":"https:\/\/www.caudete.org\/ayuntamiento\/#\/schema\/person\/4b9eab41761957db9b1bf9c418d1ef46"},"description":"P\u00e1gina Oficial del Ayuntamiento de Caudete (Albacete)","breadcrumb":{"@id":"https:\/\/www.caudete.org\/ayuntamiento\/evento-acuarelistico-internacional-en-el-museo-rafael-requena\/#breadcrumb"},"inLanguage":"es","potentialAction":[{"@type":"ReadAction","target":["https:\/\/www.caudete.org\/ayuntamiento\/evento-acuarelistico-internacional-en-el-museo-rafael-requena\/"]}]},{"@type":"ImageObject","inLanguage":"es","@id":"https:\/\/www.caudete.org\/ayuntamiento\/evento-acuarelistico-internacional-en-el-museo-rafael-requena\/#primaryimage","url":"https:\/\/www.caudete.org\/ayuntamiento\/wp-content\/uploads\/2024\/05\/jonathanaggrey.jpg","contentUrl":"https:\/\/www.caudete.org\/ayuntamiento\/wp-content\/uploads\/2024\/05\/jonathanaggrey.jpg","width":800,"height":450},{"@type":"BreadcrumbList","@id":"https:\/\/www.caudete.org\/ayuntamiento\/evento-acuarelistico-internacional-en-el-museo-rafael-requena\/#breadcrumb","itemListElement":[{"@type":"ListItem","position":1,"name":"Inicio","item":"https:\/\/www.caudete.org\/ayuntamiento\/"},{"@type":"ListItem","position":2,"name":"Evento Acuarel\u00edstico Internacional en el Museo Rafael Requena"}]},{"@type":"WebSite","@id":"https:\/\/www.caudete.org\/ayuntamiento\/#website","url":"https:\/\/www.caudete.org\/ayuntamiento\/","name":"MI Ayuntamiento de Caudete","description":"P\u00e1gina Oficial del MI Ayuntamiento de Caudete","potentialAction":[{"@type":"SearchAction","target":{"@type":"EntryPoint","urlTemplate":"https:\/\/www.caudete.org\/ayuntamiento\/?s={search_term_string}"},"query-input":{"@type":"PropertyValueSpecification","valueRequired":true,"valueName":"search_term_string"}}],"inLanguage":"es"},{"@type":"Person","@id":"https:\/\/www.caudete.org\/ayuntamiento\/#\/schema\/person\/4b9eab41761957db9b1bf9c418d1ef46","name":"Dpto Informatica MI Ayuntamiento de Caudete","image":{"@type":"ImageObject","inLanguage":"es","@id":"https:\/\/secure.gravatar.com\/avatar\/ac0321ee4a0a83e82a253e7b2d348ef539e2c8fe16d06b600bde04de1b364fa7?s=96&d=mm&r=g","url":"https:\/\/secure.gravatar.com\/avatar\/ac0321ee4a0a83e82a253e7b2d348ef539e2c8fe16d06b600bde04de1b364fa7?s=96&d=mm&r=g","contentUrl":"https:\/\/secure.gravatar.com\/avatar\/ac0321ee4a0a83e82a253e7b2d348ef539e2c8fe16d06b600bde04de1b364fa7?s=96&d=mm&r=g","caption":"Dpto Informatica MI Ayuntamiento de Caudete"},"url":"https:\/\/www.caudete.org\/ayuntamiento\/author\/informatica\/"}]}},"_links":{"self":[{"href":"https:\/\/www.caudete.org\/ayuntamiento\/wp-json\/wp\/v2\/posts\/25062","targetHints":{"allow":["GET"]}}],"collection":[{"href":"https:\/\/www.caudete.org\/ayuntamiento\/wp-json\/wp\/v2\/posts"}],"about":[{"href":"https:\/\/www.caudete.org\/ayuntamiento\/wp-json\/wp\/v2\/types\/post"}],"author":[{"embeddable":true,"href":"https:\/\/www.caudete.org\/ayuntamiento\/wp-json\/wp\/v2\/users\/5"}],"replies":[{"embeddable":true,"href":"https:\/\/www.caudete.org\/ayuntamiento\/wp-json\/wp\/v2\/comments?post=25062"}],"version-history":[{"count":1,"href":"https:\/\/www.caudete.org\/ayuntamiento\/wp-json\/wp\/v2\/posts\/25062\/revisions"}],"predecessor-version":[{"id":25065,"href":"https:\/\/www.caudete.org\/ayuntamiento\/wp-json\/wp\/v2\/posts\/25062\/revisions\/25065"}],"wp:featuredmedia":[{"embeddable":true,"href":"https:\/\/www.caudete.org\/ayuntamiento\/wp-json\/wp\/v2\/media\/25063"}],"wp:attachment":[{"href":"https:\/\/www.caudete.org\/ayuntamiento\/wp-json\/wp\/v2\/media?parent=25062"}],"wp:term":[{"taxonomy":"category","embeddable":true,"href":"https:\/\/www.caudete.org\/ayuntamiento\/wp-json\/wp\/v2\/categories?post=25062"},{"taxonomy":"post_tag","embeddable":true,"href":"https:\/\/www.caudete.org\/ayuntamiento\/wp-json\/wp\/v2\/tags?post=25062"}],"curies":[{"name":"wp","href":"https:\/\/api.w.org\/{rel}","templated":true}]}}