{"id":25093,"date":"2024-05-16T18:03:46","date_gmt":"2024-05-16T16:03:46","guid":{"rendered":"https:\/\/www.caudete.org\/ayuntamiento\/?p=25093"},"modified":"2024-05-27T08:36:07","modified_gmt":"2024-05-27T06:36:07","slug":"acogida-de-grupo-eramus-irlanda-en-cursos-acuarela-universidad-popular-y-taller-de-arte-villa-de-caudete","status":"publish","type":"post","link":"https:\/\/www.caudete.org\/ayuntamiento\/acogida-de-grupo-eramus-irlanda-en-cursos-acuarela-universidad-popular-y-taller-de-arte-villa-de-caudete\/","title":{"rendered":"Acogida de grupo Eramus+ Irlanda en cursos acuarela Universidad Popular y Taller de Arte Villa de Caudete"},"content":{"rendered":"<p align=\"justify\"><span style=\"font-size: large;\">Mar\u00eda Dolores Requena Azor\u00edn, Concejala de Desarrollo Local y Proyectos Europeos informa que durante los d\u00edas 13, 14 y 15 de mayo el Ayuntamiento de Caudete a trav\u00e9s de la Universidad Popular, y con la colaboraci\u00f3n del Taller de Arte Villa de Caudete, ha acogido la actividad Erasmus+ de alumnado adulto de cursos de acuarela procedentes de la entidad irlandesa Castleblayney Community Enterprise, del municipio de Castleblayney (Irlanda), que colabora con el ayuntamiento en el marco del programa. Durante la misma, 7 alumnas adultas irlandesas y una profesora acompa\u00f1ante han participado en una actividad de grupo en los Cursos de Acuarela de la UP, han tenido la oportunidad de asistir al evento internacional acuarel\u00edstico organizado por la Casa de Cultura en la tarde del martes, presenciando la ejecuci\u00f3n de tres obras de los artistas invitados de Pakist\u00e1n, Ghana y Espa\u00f1a, han conocido el patrimonio hist\u00f3rico y cultural de la ciudad, contando con visitas guiadas a cargo de la T\u00e9cnico de Turismo, han conocido las obras de Rafael Requena, P\u00e9rez Gil y Torres Cotarelo, as\u00ed como talleres artesanos locales y diferentes t\u00e9cnicas art\u00edsticas en el Taller de Arte. En definitiva, han podido convivir con la comunidad local activa en el sector de educaci\u00f3n de adultos en torno a la acuarela. <\/span><\/p>\n<p align=\"justify\"><span style=\"font-size: large;\">La experiencia ha sido muy enriquecedora para todos, ya que ha permitido a la ciudadan\u00eda de los dos pa\u00edses conocerse y trabajar conjuntamente en el marco del programa europeo, que busca favorecer la redes de contacto entre entidades de educaci\u00f3n y formaci\u00f3n en toda Europa y, en \u00faltimo t\u00e9rmino, afianzar el sentimiento de ciudadan\u00eda europea y avanzar hacia un Espacio Europeo de Educaci\u00f3n. <\/span><\/p>\n<p align=\"justify\"><img fetchpriority=\"high\" decoding=\"async\" class=\"alignnone size-full wp-image-25095\" src=\"https:\/\/www.caudete.org\/ayuntamiento\/wp-content\/uploads\/2024\/05\/0c449c48-6d5a-4048-a600-9af9aacefc5dpeq.jpg\" alt=\"\" width=\"800\" height=\"450\" srcset=\"https:\/\/www.caudete.org\/ayuntamiento\/wp-content\/uploads\/2024\/05\/0c449c48-6d5a-4048-a600-9af9aacefc5dpeq.jpg 800w, https:\/\/www.caudete.org\/ayuntamiento\/wp-content\/uploads\/2024\/05\/0c449c48-6d5a-4048-a600-9af9aacefc5dpeq-300x169.jpg 300w, https:\/\/www.caudete.org\/ayuntamiento\/wp-content\/uploads\/2024\/05\/0c449c48-6d5a-4048-a600-9af9aacefc5dpeq-768x432.jpg 768w\" sizes=\"(max-width: 800px) 100vw, 800px\" \/> <img decoding=\"async\" class=\"alignnone size-full wp-image-25096\" src=\"https:\/\/www.caudete.org\/ayuntamiento\/wp-content\/uploads\/2024\/05\/80e11490-ed3e-4cf9-8923-c6bb94908e4cpeq.jpg\" alt=\"\" width=\"800\" height=\"600\" srcset=\"https:\/\/www.caudete.org\/ayuntamiento\/wp-content\/uploads\/2024\/05\/80e11490-ed3e-4cf9-8923-c6bb94908e4cpeq.jpg 800w, https:\/\/www.caudete.org\/ayuntamiento\/wp-content\/uploads\/2024\/05\/80e11490-ed3e-4cf9-8923-c6bb94908e4cpeq-300x225.jpg 300w, https:\/\/www.caudete.org\/ayuntamiento\/wp-content\/uploads\/2024\/05\/80e11490-ed3e-4cf9-8923-c6bb94908e4cpeq-768x576.jpg 768w\" sizes=\"(max-width: 800px) 100vw, 800px\" \/> <img decoding=\"async\" class=\"alignnone size-full wp-image-25097\" src=\"https:\/\/www.caudete.org\/ayuntamiento\/wp-content\/uploads\/2024\/05\/9508dbed-06b5-4dc7-a315-d189f1c8e980peq.jpg\" alt=\"\" width=\"800\" height=\"450\" srcset=\"https:\/\/www.caudete.org\/ayuntamiento\/wp-content\/uploads\/2024\/05\/9508dbed-06b5-4dc7-a315-d189f1c8e980peq.jpg 800w, https:\/\/www.caudete.org\/ayuntamiento\/wp-content\/uploads\/2024\/05\/9508dbed-06b5-4dc7-a315-d189f1c8e980peq-300x169.jpg 300w, https:\/\/www.caudete.org\/ayuntamiento\/wp-content\/uploads\/2024\/05\/9508dbed-06b5-4dc7-a315-d189f1c8e980peq-768x432.jpg 768w\" sizes=\"(max-width: 800px) 100vw, 800px\" \/> <img loading=\"lazy\" decoding=\"async\" class=\"alignnone size-full wp-image-25098\" src=\"https:\/\/www.caudete.org\/ayuntamiento\/wp-content\/uploads\/2024\/05\/249604a0-667a-4d57-ad76-b10e866f214cpeq.jpg\" alt=\"\" width=\"450\" height=\"800\" srcset=\"https:\/\/www.caudete.org\/ayuntamiento\/wp-content\/uploads\/2024\/05\/249604a0-667a-4d57-ad76-b10e866f214cpeq.jpg 450w, https:\/\/www.caudete.org\/ayuntamiento\/wp-content\/uploads\/2024\/05\/249604a0-667a-4d57-ad76-b10e866f214cpeq-169x300.jpg 169w\" sizes=\"(max-width: 450px) 100vw, 450px\" \/> <img loading=\"lazy\" decoding=\"async\" class=\"alignnone size-full wp-image-25099\" src=\"https:\/\/www.caudete.org\/ayuntamiento\/wp-content\/uploads\/2024\/05\/IMG_7300peq.jpg\" alt=\"\" width=\"800\" height=\"600\" srcset=\"https:\/\/www.caudete.org\/ayuntamiento\/wp-content\/uploads\/2024\/05\/IMG_7300peq.jpg 800w, https:\/\/www.caudete.org\/ayuntamiento\/wp-content\/uploads\/2024\/05\/IMG_7300peq-300x225.jpg 300w, https:\/\/www.caudete.org\/ayuntamiento\/wp-content\/uploads\/2024\/05\/IMG_7300peq-768x576.jpg 768w\" sizes=\"(max-width: 800px) 100vw, 800px\" \/> <img loading=\"lazy\" decoding=\"async\" class=\"alignnone size-full wp-image-25100\" src=\"https:\/\/www.caudete.org\/ayuntamiento\/wp-content\/uploads\/2024\/05\/PHOTO-2024-05-16-12-42-14peq.jpg\" alt=\"\" width=\"800\" height=\"600\" srcset=\"https:\/\/www.caudete.org\/ayuntamiento\/wp-content\/uploads\/2024\/05\/PHOTO-2024-05-16-12-42-14peq.jpg 800w, https:\/\/www.caudete.org\/ayuntamiento\/wp-content\/uploads\/2024\/05\/PHOTO-2024-05-16-12-42-14peq-300x225.jpg 300w, https:\/\/www.caudete.org\/ayuntamiento\/wp-content\/uploads\/2024\/05\/PHOTO-2024-05-16-12-42-14peq-768x576.jpg 768w\" sizes=\"(max-width: 800px) 100vw, 800px\" \/><\/p>\n","protected":false},"excerpt":{"rendered":"<p>Mar\u00eda Dolores Requena Azor\u00edn, Concejala de Desarrollo Local y Proyectos Europeos informa que durante los d\u00edas 13, 14 y 15 de mayo el Ayuntamiento de Caudete a trav\u00e9s de la Universidad Popular, y con la colaboraci\u00f3n del Taller de Arte Villa de Caudete, ha acogido la actividad Erasmus+ de alumnado adulto de cursos de acuarela &hellip;<\/p>\n","protected":false},"author":5,"featured_media":25094,"comment_status":"closed","ping_status":"open","sticky":false,"template":"","format":"standard","meta":{"ngg_post_thumbnail":0,"footnotes":""},"categories":[87],"tags":[],"class_list":["post-25093","post","type-post","status-publish","format-standard","has-post-thumbnail","hentry","category-desarrollo-local"],"yoast_head":"<!-- This site is optimized with the Yoast SEO plugin v27.4 - https:\/\/yoast.com\/product\/yoast-seo-wordpress\/ -->\n<title>Acogida de grupo Eramus+ Irlanda en cursos acuarela Universidad Popular y Taller de Arte Villa de Caudete - MI Ayuntamiento de Caudete<\/title>\n<meta name=\"description\" content=\"P\u00e1gina Oficial del Ayuntamiento de Caudete (Albacete)\" \/>\n<meta name=\"robots\" content=\"index, follow, max-snippet:-1, max-image-preview:large, max-video-preview:-1\" \/>\n<link rel=\"canonical\" href=\"https:\/\/www.caudete.org\/ayuntamiento\/acogida-de-grupo-eramus-irlanda-en-cursos-acuarela-universidad-popular-y-taller-de-arte-villa-de-caudete\/\" \/>\n<meta property=\"og:locale\" content=\"es_ES\" \/>\n<meta property=\"og:type\" content=\"article\" \/>\n<meta property=\"og:title\" content=\"Acogida de grupo Eramus+ Irlanda en cursos acuarela Universidad Popular y Taller de Arte Villa de Caudete - MI Ayuntamiento de Caudete\" \/>\n<meta property=\"og:description\" content=\"P\u00e1gina Oficial del Ayuntamiento de Caudete (Albacete)\" \/>\n<meta property=\"og:url\" content=\"https:\/\/www.caudete.org\/ayuntamiento\/acogida-de-grupo-eramus-irlanda-en-cursos-acuarela-universidad-popular-y-taller-de-arte-villa-de-caudete\/\" \/>\n<meta property=\"og:site_name\" content=\"MI Ayuntamiento de Caudete\" \/>\n<meta property=\"article:publisher\" content=\"https:\/\/www.facebook.com\/ayuntamientocaudete\/\" \/>\n<meta property=\"article:published_time\" content=\"2024-05-16T16:03:46+00:00\" \/>\n<meta property=\"article:modified_time\" content=\"2024-05-27T06:36:07+00:00\" \/>\n<meta property=\"og:image\" content=\"https:\/\/www.caudete.org\/ayuntamiento\/wp-content\/uploads\/2024\/05\/PHOTO-2024-05-16-11-24-52peq.jpg\" \/>\n\t<meta property=\"og:image:width\" content=\"800\" \/>\n\t<meta property=\"og:image:height\" content=\"450\" \/>\n\t<meta property=\"og:image:type\" content=\"image\/jpeg\" \/>\n<meta name=\"author\" content=\"Dpto Informatica MI Ayuntamiento de Caudete\" \/>\n<meta name=\"twitter:card\" content=\"summary_large_image\" \/>\n<meta name=\"twitter:label1\" content=\"Escrito por\" \/>\n\t<meta name=\"twitter:data1\" content=\"Dpto Informatica MI Ayuntamiento de Caudete\" \/>\n\t<meta name=\"twitter:label2\" content=\"Tiempo de lectura\" \/>\n\t<meta name=\"twitter:data2\" content=\"3 minutos\" \/>\n<script type=\"application\/ld+json\" class=\"yoast-schema-graph\">{\"@context\":\"https:\\\/\\\/schema.org\",\"@graph\":[{\"@type\":\"Article\",\"@id\":\"https:\\\/\\\/www.caudete.org\\\/ayuntamiento\\\/acogida-de-grupo-eramus-irlanda-en-cursos-acuarela-universidad-popular-y-taller-de-arte-villa-de-caudete\\\/#article\",\"isPartOf\":{\"@id\":\"https:\\\/\\\/www.caudete.org\\\/ayuntamiento\\\/acogida-de-grupo-eramus-irlanda-en-cursos-acuarela-universidad-popular-y-taller-de-arte-villa-de-caudete\\\/\"},\"author\":{\"name\":\"Dpto Informatica MI Ayuntamiento de Caudete\",\"@id\":\"https:\\\/\\\/www.caudete.org\\\/ayuntamiento\\\/#\\\/schema\\\/person\\\/4b9eab41761957db9b1bf9c418d1ef46\"},\"headline\":\"Acogida de grupo Eramus+ Irlanda en cursos acuarela Universidad Popular y Taller de Arte Villa de Caudete\",\"datePublished\":\"2024-05-16T16:03:46+00:00\",\"dateModified\":\"2024-05-27T06:36:07+00:00\",\"mainEntityOfPage\":{\"@id\":\"https:\\\/\\\/www.caudete.org\\\/ayuntamiento\\\/acogida-de-grupo-eramus-irlanda-en-cursos-acuarela-universidad-popular-y-taller-de-arte-villa-de-caudete\\\/\"},\"wordCount\":308,\"publisher\":{\"@id\":\"https:\\\/\\\/www.caudete.org\\\/ayuntamiento\\\/#organization\"},\"image\":{\"@id\":\"https:\\\/\\\/www.caudete.org\\\/ayuntamiento\\\/acogida-de-grupo-eramus-irlanda-en-cursos-acuarela-universidad-popular-y-taller-de-arte-villa-de-caudete\\\/#primaryimage\"},\"thumbnailUrl\":\"https:\\\/\\\/www.caudete.org\\\/ayuntamiento\\\/wp-content\\\/uploads\\\/2024\\\/05\\\/PHOTO-2024-05-16-11-24-52peq.jpg\",\"articleSection\":[\"Desarrollo Local\"],\"inLanguage\":\"es\"},{\"@type\":\"WebPage\",\"@id\":\"https:\\\/\\\/www.caudete.org\\\/ayuntamiento\\\/acogida-de-grupo-eramus-irlanda-en-cursos-acuarela-universidad-popular-y-taller-de-arte-villa-de-caudete\\\/\",\"url\":\"https:\\\/\\\/www.caudete.org\\\/ayuntamiento\\\/acogida-de-grupo-eramus-irlanda-en-cursos-acuarela-universidad-popular-y-taller-de-arte-villa-de-caudete\\\/\",\"name\":\"Acogida de grupo Eramus+ Irlanda en cursos acuarela Universidad Popular y Taller de Arte Villa de Caudete - MI Ayuntamiento de Caudete\",\"isPartOf\":{\"@id\":\"https:\\\/\\\/www.caudete.org\\\/ayuntamiento\\\/#website\"},\"primaryImageOfPage\":{\"@id\":\"https:\\\/\\\/www.caudete.org\\\/ayuntamiento\\\/acogida-de-grupo-eramus-irlanda-en-cursos-acuarela-universidad-popular-y-taller-de-arte-villa-de-caudete\\\/#primaryimage\"},\"image\":{\"@id\":\"https:\\\/\\\/www.caudete.org\\\/ayuntamiento\\\/acogida-de-grupo-eramus-irlanda-en-cursos-acuarela-universidad-popular-y-taller-de-arte-villa-de-caudete\\\/#primaryimage\"},\"thumbnailUrl\":\"https:\\\/\\\/www.caudete.org\\\/ayuntamiento\\\/wp-content\\\/uploads\\\/2024\\\/05\\\/PHOTO-2024-05-16-11-24-52peq.jpg\",\"datePublished\":\"2024-05-16T16:03:46+00:00\",\"dateModified\":\"2024-05-27T06:36:07+00:00\",\"description\":\"P\u00e1gina Oficial del Ayuntamiento de Caudete (Albacete)\",\"breadcrumb\":{\"@id\":\"https:\\\/\\\/www.caudete.org\\\/ayuntamiento\\\/acogida-de-grupo-eramus-irlanda-en-cursos-acuarela-universidad-popular-y-taller-de-arte-villa-de-caudete\\\/#breadcrumb\"},\"inLanguage\":\"es\",\"potentialAction\":[{\"@type\":\"ReadAction\",\"target\":[\"https:\\\/\\\/www.caudete.org\\\/ayuntamiento\\\/acogida-de-grupo-eramus-irlanda-en-cursos-acuarela-universidad-popular-y-taller-de-arte-villa-de-caudete\\\/\"]}]},{\"@type\":\"ImageObject\",\"inLanguage\":\"es\",\"@id\":\"https:\\\/\\\/www.caudete.org\\\/ayuntamiento\\\/acogida-de-grupo-eramus-irlanda-en-cursos-acuarela-universidad-popular-y-taller-de-arte-villa-de-caudete\\\/#primaryimage\",\"url\":\"https:\\\/\\\/www.caudete.org\\\/ayuntamiento\\\/wp-content\\\/uploads\\\/2024\\\/05\\\/PHOTO-2024-05-16-11-24-52peq.jpg\",\"contentUrl\":\"https:\\\/\\\/www.caudete.org\\\/ayuntamiento\\\/wp-content\\\/uploads\\\/2024\\\/05\\\/PHOTO-2024-05-16-11-24-52peq.jpg\",\"width\":800,\"height\":450},{\"@type\":\"BreadcrumbList\",\"@id\":\"https:\\\/\\\/www.caudete.org\\\/ayuntamiento\\\/acogida-de-grupo-eramus-irlanda-en-cursos-acuarela-universidad-popular-y-taller-de-arte-villa-de-caudete\\\/#breadcrumb\",\"itemListElement\":[{\"@type\":\"ListItem\",\"position\":1,\"name\":\"Inicio\",\"item\":\"https:\\\/\\\/www.caudete.org\\\/ayuntamiento\\\/\"},{\"@type\":\"ListItem\",\"position\":2,\"name\":\"Acogida de grupo Eramus+ Irlanda en cursos acuarela Universidad Popular y Taller de Arte Villa de Caudete\"}]},{\"@type\":\"WebSite\",\"@id\":\"https:\\\/\\\/www.caudete.org\\\/ayuntamiento\\\/#website\",\"url\":\"https:\\\/\\\/www.caudete.org\\\/ayuntamiento\\\/\",\"name\":\"MI Ayuntamiento de Caudete\",\"description\":\"P\u00e1gina Oficial del MI Ayuntamiento de Caudete\",\"publisher\":{\"@id\":\"https:\\\/\\\/www.caudete.org\\\/ayuntamiento\\\/#organization\"},\"potentialAction\":[{\"@type\":\"SearchAction\",\"target\":{\"@type\":\"EntryPoint\",\"urlTemplate\":\"https:\\\/\\\/www.caudete.org\\\/ayuntamiento\\\/?s={search_term_string}\"},\"query-input\":{\"@type\":\"PropertyValueSpecification\",\"valueRequired\":true,\"valueName\":\"search_term_string\"}}],\"inLanguage\":\"es\"},{\"@type\":\"Organization\",\"@id\":\"https:\\\/\\\/www.caudete.org\\\/ayuntamiento\\\/#organization\",\"name\":\"Ayuntamiento de Caudete\",\"url\":\"https:\\\/\\\/www.caudete.org\\\/ayuntamiento\\\/\",\"logo\":{\"@type\":\"ImageObject\",\"inLanguage\":\"es\",\"@id\":\"https:\\\/\\\/www.caudete.org\\\/ayuntamiento\\\/#\\\/schema\\\/logo\\\/image\\\/\",\"url\":\"https:\\\/\\\/www.caudete.org\\\/ayuntamiento\\\/wp-content\\\/uploads\\\/2020\\\/11\\\/logo_ayuntamiento_caudete.jpg\",\"contentUrl\":\"https:\\\/\\\/www.caudete.org\\\/ayuntamiento\\\/wp-content\\\/uploads\\\/2020\\\/11\\\/logo_ayuntamiento_caudete.jpg\",\"width\":600,\"height\":150,\"caption\":\"Ayuntamiento de Caudete\"},\"image\":{\"@id\":\"https:\\\/\\\/www.caudete.org\\\/ayuntamiento\\\/#\\\/schema\\\/logo\\\/image\\\/\"},\"sameAs\":[\"https:\\\/\\\/www.facebook.com\\\/ayuntamientocaudete\\\/\",\"https:\\\/\\\/www.youtube.com\\\/channel\\\/UC6VztHaooNsGpw-tNoBEFnQ\"]},{\"@type\":\"Person\",\"@id\":\"https:\\\/\\\/www.caudete.org\\\/ayuntamiento\\\/#\\\/schema\\\/person\\\/4b9eab41761957db9b1bf9c418d1ef46\",\"name\":\"Dpto Informatica MI Ayuntamiento de Caudete\",\"image\":{\"@type\":\"ImageObject\",\"inLanguage\":\"es\",\"@id\":\"https:\\\/\\\/secure.gravatar.com\\\/avatar\\\/ac0321ee4a0a83e82a253e7b2d348ef539e2c8fe16d06b600bde04de1b364fa7?s=96&d=mm&r=g\",\"url\":\"https:\\\/\\\/secure.gravatar.com\\\/avatar\\\/ac0321ee4a0a83e82a253e7b2d348ef539e2c8fe16d06b600bde04de1b364fa7?s=96&d=mm&r=g\",\"contentUrl\":\"https:\\\/\\\/secure.gravatar.com\\\/avatar\\\/ac0321ee4a0a83e82a253e7b2d348ef539e2c8fe16d06b600bde04de1b364fa7?s=96&d=mm&r=g\",\"caption\":\"Dpto Informatica MI Ayuntamiento de Caudete\"},\"url\":\"https:\\\/\\\/www.caudete.org\\\/ayuntamiento\\\/author\\\/informatica\\\/\"}]}<\/script>\n<!-- \/ Yoast SEO plugin. -->","yoast_head_json":{"title":"Acogida de grupo Eramus+ Irlanda en cursos acuarela Universidad Popular y Taller de Arte Villa de Caudete - MI Ayuntamiento de Caudete","description":"P\u00e1gina Oficial del Ayuntamiento de Caudete (Albacete)","robots":{"index":"index","follow":"follow","max-snippet":"max-snippet:-1","max-image-preview":"max-image-preview:large","max-video-preview":"max-video-preview:-1"},"canonical":"https:\/\/www.caudete.org\/ayuntamiento\/acogida-de-grupo-eramus-irlanda-en-cursos-acuarela-universidad-popular-y-taller-de-arte-villa-de-caudete\/","og_locale":"es_ES","og_type":"article","og_title":"Acogida de grupo Eramus+ Irlanda en cursos acuarela Universidad Popular y Taller de Arte Villa de Caudete - MI Ayuntamiento de Caudete","og_description":"P\u00e1gina Oficial del Ayuntamiento de Caudete (Albacete)","og_url":"https:\/\/www.caudete.org\/ayuntamiento\/acogida-de-grupo-eramus-irlanda-en-cursos-acuarela-universidad-popular-y-taller-de-arte-villa-de-caudete\/","og_site_name":"MI Ayuntamiento de Caudete","article_publisher":"https:\/\/www.facebook.com\/ayuntamientocaudete\/","article_published_time":"2024-05-16T16:03:46+00:00","article_modified_time":"2024-05-27T06:36:07+00:00","og_image":[{"width":800,"height":450,"url":"https:\/\/www.caudete.org\/ayuntamiento\/wp-content\/uploads\/2024\/05\/PHOTO-2024-05-16-11-24-52peq.jpg","type":"image\/jpeg"}],"author":"Dpto Informatica MI Ayuntamiento de Caudete","twitter_card":"summary_large_image","twitter_misc":{"Escrito por":"Dpto Informatica MI Ayuntamiento de Caudete","Tiempo de lectura":"3 minutos"},"schema":{"@context":"https:\/\/schema.org","@graph":[{"@type":"Article","@id":"https:\/\/www.caudete.org\/ayuntamiento\/acogida-de-grupo-eramus-irlanda-en-cursos-acuarela-universidad-popular-y-taller-de-arte-villa-de-caudete\/#article","isPartOf":{"@id":"https:\/\/www.caudete.org\/ayuntamiento\/acogida-de-grupo-eramus-irlanda-en-cursos-acuarela-universidad-popular-y-taller-de-arte-villa-de-caudete\/"},"author":{"name":"Dpto Informatica MI Ayuntamiento de Caudete","@id":"https:\/\/www.caudete.org\/ayuntamiento\/#\/schema\/person\/4b9eab41761957db9b1bf9c418d1ef46"},"headline":"Acogida de grupo Eramus+ Irlanda en cursos acuarela Universidad Popular y Taller de Arte Villa de Caudete","datePublished":"2024-05-16T16:03:46+00:00","dateModified":"2024-05-27T06:36:07+00:00","mainEntityOfPage":{"@id":"https:\/\/www.caudete.org\/ayuntamiento\/acogida-de-grupo-eramus-irlanda-en-cursos-acuarela-universidad-popular-y-taller-de-arte-villa-de-caudete\/"},"wordCount":308,"publisher":{"@id":"https:\/\/www.caudete.org\/ayuntamiento\/#organization"},"image":{"@id":"https:\/\/www.caudete.org\/ayuntamiento\/acogida-de-grupo-eramus-irlanda-en-cursos-acuarela-universidad-popular-y-taller-de-arte-villa-de-caudete\/#primaryimage"},"thumbnailUrl":"https:\/\/www.caudete.org\/ayuntamiento\/wp-content\/uploads\/2024\/05\/PHOTO-2024-05-16-11-24-52peq.jpg","articleSection":["Desarrollo Local"],"inLanguage":"es"},{"@type":"WebPage","@id":"https:\/\/www.caudete.org\/ayuntamiento\/acogida-de-grupo-eramus-irlanda-en-cursos-acuarela-universidad-popular-y-taller-de-arte-villa-de-caudete\/","url":"https:\/\/www.caudete.org\/ayuntamiento\/acogida-de-grupo-eramus-irlanda-en-cursos-acuarela-universidad-popular-y-taller-de-arte-villa-de-caudete\/","name":"Acogida de grupo Eramus+ Irlanda en cursos acuarela Universidad Popular y Taller de Arte Villa de Caudete - MI Ayuntamiento de Caudete","isPartOf":{"@id":"https:\/\/www.caudete.org\/ayuntamiento\/#website"},"primaryImageOfPage":{"@id":"https:\/\/www.caudete.org\/ayuntamiento\/acogida-de-grupo-eramus-irlanda-en-cursos-acuarela-universidad-popular-y-taller-de-arte-villa-de-caudete\/#primaryimage"},"image":{"@id":"https:\/\/www.caudete.org\/ayuntamiento\/acogida-de-grupo-eramus-irlanda-en-cursos-acuarela-universidad-popular-y-taller-de-arte-villa-de-caudete\/#primaryimage"},"thumbnailUrl":"https:\/\/www.caudete.org\/ayuntamiento\/wp-content\/uploads\/2024\/05\/PHOTO-2024-05-16-11-24-52peq.jpg","datePublished":"2024-05-16T16:03:46+00:00","dateModified":"2024-05-27T06:36:07+00:00","description":"P\u00e1gina Oficial del Ayuntamiento de Caudete (Albacete)","breadcrumb":{"@id":"https:\/\/www.caudete.org\/ayuntamiento\/acogida-de-grupo-eramus-irlanda-en-cursos-acuarela-universidad-popular-y-taller-de-arte-villa-de-caudete\/#breadcrumb"},"inLanguage":"es","potentialAction":[{"@type":"ReadAction","target":["https:\/\/www.caudete.org\/ayuntamiento\/acogida-de-grupo-eramus-irlanda-en-cursos-acuarela-universidad-popular-y-taller-de-arte-villa-de-caudete\/"]}]},{"@type":"ImageObject","inLanguage":"es","@id":"https:\/\/www.caudete.org\/ayuntamiento\/acogida-de-grupo-eramus-irlanda-en-cursos-acuarela-universidad-popular-y-taller-de-arte-villa-de-caudete\/#primaryimage","url":"https:\/\/www.caudete.org\/ayuntamiento\/wp-content\/uploads\/2024\/05\/PHOTO-2024-05-16-11-24-52peq.jpg","contentUrl":"https:\/\/www.caudete.org\/ayuntamiento\/wp-content\/uploads\/2024\/05\/PHOTO-2024-05-16-11-24-52peq.jpg","width":800,"height":450},{"@type":"BreadcrumbList","@id":"https:\/\/www.caudete.org\/ayuntamiento\/acogida-de-grupo-eramus-irlanda-en-cursos-acuarela-universidad-popular-y-taller-de-arte-villa-de-caudete\/#breadcrumb","itemListElement":[{"@type":"ListItem","position":1,"name":"Inicio","item":"https:\/\/www.caudete.org\/ayuntamiento\/"},{"@type":"ListItem","position":2,"name":"Acogida de grupo Eramus+ Irlanda en cursos acuarela Universidad Popular y Taller de Arte Villa de Caudete"}]},{"@type":"WebSite","@id":"https:\/\/www.caudete.org\/ayuntamiento\/#website","url":"https:\/\/www.caudete.org\/ayuntamiento\/","name":"MI Ayuntamiento de Caudete","description":"P\u00e1gina Oficial del MI Ayuntamiento de Caudete","publisher":{"@id":"https:\/\/www.caudete.org\/ayuntamiento\/#organization"},"potentialAction":[{"@type":"SearchAction","target":{"@type":"EntryPoint","urlTemplate":"https:\/\/www.caudete.org\/ayuntamiento\/?s={search_term_string}"},"query-input":{"@type":"PropertyValueSpecification","valueRequired":true,"valueName":"search_term_string"}}],"inLanguage":"es"},{"@type":"Organization","@id":"https:\/\/www.caudete.org\/ayuntamiento\/#organization","name":"Ayuntamiento de Caudete","url":"https:\/\/www.caudete.org\/ayuntamiento\/","logo":{"@type":"ImageObject","inLanguage":"es","@id":"https:\/\/www.caudete.org\/ayuntamiento\/#\/schema\/logo\/image\/","url":"https:\/\/www.caudete.org\/ayuntamiento\/wp-content\/uploads\/2020\/11\/logo_ayuntamiento_caudete.jpg","contentUrl":"https:\/\/www.caudete.org\/ayuntamiento\/wp-content\/uploads\/2020\/11\/logo_ayuntamiento_caudete.jpg","width":600,"height":150,"caption":"Ayuntamiento de Caudete"},"image":{"@id":"https:\/\/www.caudete.org\/ayuntamiento\/#\/schema\/logo\/image\/"},"sameAs":["https:\/\/www.facebook.com\/ayuntamientocaudete\/","https:\/\/www.youtube.com\/channel\/UC6VztHaooNsGpw-tNoBEFnQ"]},{"@type":"Person","@id":"https:\/\/www.caudete.org\/ayuntamiento\/#\/schema\/person\/4b9eab41761957db9b1bf9c418d1ef46","name":"Dpto Informatica MI Ayuntamiento de Caudete","image":{"@type":"ImageObject","inLanguage":"es","@id":"https:\/\/secure.gravatar.com\/avatar\/ac0321ee4a0a83e82a253e7b2d348ef539e2c8fe16d06b600bde04de1b364fa7?s=96&d=mm&r=g","url":"https:\/\/secure.gravatar.com\/avatar\/ac0321ee4a0a83e82a253e7b2d348ef539e2c8fe16d06b600bde04de1b364fa7?s=96&d=mm&r=g","contentUrl":"https:\/\/secure.gravatar.com\/avatar\/ac0321ee4a0a83e82a253e7b2d348ef539e2c8fe16d06b600bde04de1b364fa7?s=96&d=mm&r=g","caption":"Dpto Informatica MI Ayuntamiento de Caudete"},"url":"https:\/\/www.caudete.org\/ayuntamiento\/author\/informatica\/"}]}},"_links":{"self":[{"href":"https:\/\/www.caudete.org\/ayuntamiento\/wp-json\/wp\/v2\/posts\/25093","targetHints":{"allow":["GET"]}}],"collection":[{"href":"https:\/\/www.caudete.org\/ayuntamiento\/wp-json\/wp\/v2\/posts"}],"about":[{"href":"https:\/\/www.caudete.org\/ayuntamiento\/wp-json\/wp\/v2\/types\/post"}],"author":[{"embeddable":true,"href":"https:\/\/www.caudete.org\/ayuntamiento\/wp-json\/wp\/v2\/users\/5"}],"replies":[{"embeddable":true,"href":"https:\/\/www.caudete.org\/ayuntamiento\/wp-json\/wp\/v2\/comments?post=25093"}],"version-history":[{"count":2,"href":"https:\/\/www.caudete.org\/ayuntamiento\/wp-json\/wp\/v2\/posts\/25093\/revisions"}],"predecessor-version":[{"id":25114,"href":"https:\/\/www.caudete.org\/ayuntamiento\/wp-json\/wp\/v2\/posts\/25093\/revisions\/25114"}],"wp:featuredmedia":[{"embeddable":true,"href":"https:\/\/www.caudete.org\/ayuntamiento\/wp-json\/wp\/v2\/media\/25094"}],"wp:attachment":[{"href":"https:\/\/www.caudete.org\/ayuntamiento\/wp-json\/wp\/v2\/media?parent=25093"}],"wp:term":[{"taxonomy":"category","embeddable":true,"href":"https:\/\/www.caudete.org\/ayuntamiento\/wp-json\/wp\/v2\/categories?post=25093"},{"taxonomy":"post_tag","embeddable":true,"href":"https:\/\/www.caudete.org\/ayuntamiento\/wp-json\/wp\/v2\/tags?post=25093"}],"curies":[{"name":"wp","href":"https:\/\/api.w.org\/{rel}","templated":true}]}}