{"id":25107,"date":"2024-05-17T09:00:51","date_gmt":"2024-05-17T07:00:51","guid":{"rendered":"https:\/\/www.caudete.org\/ayuntamiento\/?p=25107"},"modified":"2024-05-27T08:35:59","modified_gmt":"2024-05-27T06:35:59","slug":"xxxiv-semana-de-las-personas-mayores","status":"publish","type":"post","link":"https:\/\/www.caudete.org\/ayuntamiento\/xxxiv-semana-de-las-personas-mayores\/","title":{"rendered":"XXXIV Semana de las personas mayores"},"content":{"rendered":"<p>El Auditorio Municipal acoge durante la pr\u00f3xima semana la trig\u00e9sima cuarta edici\u00f3n de la Semana de las Personas Mayores.<\/p>\n<p>Organizado por la Asociaci\u00f3n de Pensionistas \u201cLa Villa\u201d, en colaboraci\u00f3n con la Concejal\u00eda de Mayores del Ayuntamiento de Caudete, se llevar\u00e1 a cabo durante los d\u00edas 20 al 25 de mayo.<\/p>\n<p>El lunes 20 de mayo se llevar\u00e1 a cabo la apertura de esta semana a cargo del Alcalde de Caudete, Mois\u00e9s L\u00f3pez Mart\u00ednez, Francisco Medina Requena, Concejal de Mayores y Francisco Garc\u00eda Ahibar, Presidente de la Asociaci\u00f3n de Pensionistas \u2018La Villa\u2019. A continuaci\u00f3n, tendr\u00e1 lugar la presentaci\u00f3n de la Dama<br \/>\nrepresentante de la personas mayores 2024, D\u00f1a M.\u00aa Ostolaza Piqueras.<\/p>\n<p>A lo largo de la semana se desarrollaran las actuaciones en el Auditorio Municipal: Coro y Rondalla \u201cRenacer\u201d, Grupo de Danzas, Grupo de Teatro \u201cLos Spont\u00e1neos\u201d, Grupo Art\u00edstico \u201cYo si me atrevo\u201d, exhibiciones de baile de sal\u00f3n, tai chi, actuaciones libres, etc.<\/p>\n<p>El jueves 23 de mayo tendr\u00e1 lugar la jornada de convivencia en el La Sala con una paella gigante.<\/p>\n<p>La clausura de la semana se llevar\u00e1 a cabo el s\u00e1bado 25 de mayo con una cena de sobaquillo y posterior verbena en el Centro de Mayores a partir de las 21:00 horas, a cargo del D\u00fao Malib\u00fa.<br \/>\n<img fetchpriority=\"high\" decoding=\"async\" class=\"alignnone size-full wp-image-25109\" src=\"https:\/\/www.caudete.org\/ayuntamiento\/wp-content\/uploads\/2024\/05\/mayores1-1.jpg\" alt=\"\" width=\"800\" height=\"570\" srcset=\"https:\/\/www.caudete.org\/ayuntamiento\/wp-content\/uploads\/2024\/05\/mayores1-1.jpg 800w, https:\/\/www.caudete.org\/ayuntamiento\/wp-content\/uploads\/2024\/05\/mayores1-1-300x214.jpg 300w, https:\/\/www.caudete.org\/ayuntamiento\/wp-content\/uploads\/2024\/05\/mayores1-1-768x547.jpg 768w\" sizes=\"(max-width: 800px) 100vw, 800px\" \/> <img decoding=\"async\" class=\"alignnone size-full wp-image-25110\" src=\"https:\/\/www.caudete.org\/ayuntamiento\/wp-content\/uploads\/2024\/05\/mayores2.jpg\" alt=\"\" width=\"826\" height=\"584\" srcset=\"https:\/\/www.caudete.org\/ayuntamiento\/wp-content\/uploads\/2024\/05\/mayores2.jpg 826w, https:\/\/www.caudete.org\/ayuntamiento\/wp-content\/uploads\/2024\/05\/mayores2-300x212.jpg 300w, https:\/\/www.caudete.org\/ayuntamiento\/wp-content\/uploads\/2024\/05\/mayores2-768x543.jpg 768w\" sizes=\"(max-width: 826px) 100vw, 826px\" \/> <img decoding=\"async\" class=\"alignnone size-full wp-image-25111\" src=\"https:\/\/www.caudete.org\/ayuntamiento\/wp-content\/uploads\/2024\/05\/mayores3.jpg\" alt=\"\" width=\"800\" height=\"1132\" srcset=\"https:\/\/www.caudete.org\/ayuntamiento\/wp-content\/uploads\/2024\/05\/mayores3.jpg 800w, https:\/\/www.caudete.org\/ayuntamiento\/wp-content\/uploads\/2024\/05\/mayores3-212x300.jpg 212w, https:\/\/www.caudete.org\/ayuntamiento\/wp-content\/uploads\/2024\/05\/mayores3-724x1024.jpg 724w, https:\/\/www.caudete.org\/ayuntamiento\/wp-content\/uploads\/2024\/05\/mayores3-768x1087.jpg 768w\" sizes=\"(max-width: 800px) 100vw, 800px\" \/><\/p>\n","protected":false},"excerpt":{"rendered":"<p>El Auditorio Municipal acoge durante la pr\u00f3xima semana la trig\u00e9sima cuarta edici\u00f3n de la Semana de las Personas Mayores. Organizado por la Asociaci\u00f3n de Pensionistas \u201cLa Villa\u201d, en colaboraci\u00f3n con la Concejal\u00eda de Mayores del Ayuntamiento de Caudete, se llevar\u00e1 a cabo durante los d\u00edas 20 al 25 de mayo. El lunes 20 de mayo &hellip;<\/p>\n","protected":false},"author":5,"featured_media":25108,"comment_status":"closed","ping_status":"open","sticky":false,"template":"","format":"standard","meta":{"ngg_post_thumbnail":0,"footnotes":""},"categories":[39],"tags":[],"class_list":["post-25107","post","type-post","status-publish","format-standard","has-post-thumbnail","hentry","category-mayores"],"yoast_head":"<!-- This site is optimized with the Yoast SEO plugin v27.5 - https:\/\/yoast.com\/product\/yoast-seo-wordpress\/ -->\n<title>XXXIV Semana de las personas mayores - MI Ayuntamiento de Caudete<\/title>\n<meta name=\"description\" content=\"P\u00e1gina Oficial del Ayuntamiento de Caudete (Albacete)\" \/>\n<meta name=\"robots\" content=\"index, follow, max-snippet:-1, max-image-preview:large, max-video-preview:-1\" \/>\n<link rel=\"canonical\" href=\"https:\/\/www.caudete.org\/ayuntamiento\/xxxiv-semana-de-las-personas-mayores\/\" \/>\n<meta property=\"og:locale\" content=\"es_ES\" \/>\n<meta property=\"og:type\" content=\"article\" \/>\n<meta property=\"og:title\" content=\"XXXIV Semana de las personas mayores - MI Ayuntamiento de Caudete\" \/>\n<meta property=\"og:description\" content=\"P\u00e1gina Oficial del Ayuntamiento de Caudete (Albacete)\" \/>\n<meta property=\"og:url\" content=\"https:\/\/www.caudete.org\/ayuntamiento\/xxxiv-semana-de-las-personas-mayores\/\" \/>\n<meta property=\"og:site_name\" content=\"MI Ayuntamiento de Caudete\" \/>\n<meta property=\"article:publisher\" content=\"https:\/\/www.facebook.com\/ayuntamientocaudete\/\" \/>\n<meta property=\"article:published_time\" content=\"2024-05-17T07:00:51+00:00\" \/>\n<meta property=\"article:modified_time\" content=\"2024-05-27T06:35:59+00:00\" \/>\n<meta property=\"og:image\" content=\"https:\/\/www.caudete.org\/ayuntamiento\/wp-content\/uploads\/2024\/05\/mayores1.jpg\" \/>\n\t<meta property=\"og:image:width\" content=\"794\" \/>\n\t<meta property=\"og:image:height\" content=\"289\" \/>\n\t<meta property=\"og:image:type\" content=\"image\/jpeg\" \/>\n<meta name=\"author\" content=\"Dpto Informatica MI Ayuntamiento de Caudete\" \/>\n<meta name=\"twitter:card\" content=\"summary_large_image\" \/>\n<meta name=\"twitter:label1\" content=\"Escrito por\" \/>\n\t<meta name=\"twitter:data1\" content=\"Dpto Informatica MI Ayuntamiento de Caudete\" \/>\n\t<meta name=\"twitter:label2\" content=\"Tiempo de lectura\" \/>\n\t<meta name=\"twitter:data2\" content=\"2 minutos\" \/>\n<script type=\"application\/ld+json\" class=\"yoast-schema-graph\">{\"@context\":\"https:\\\/\\\/schema.org\",\"@graph\":[{\"@type\":\"Article\",\"@id\":\"https:\\\/\\\/www.caudete.org\\\/ayuntamiento\\\/xxxiv-semana-de-las-personas-mayores\\\/#article\",\"isPartOf\":{\"@id\":\"https:\\\/\\\/www.caudete.org\\\/ayuntamiento\\\/xxxiv-semana-de-las-personas-mayores\\\/\"},\"author\":{\"name\":\"Dpto Informatica MI Ayuntamiento de Caudete\",\"@id\":\"https:\\\/\\\/www.caudete.org\\\/ayuntamiento\\\/#\\\/schema\\\/person\\\/4b9eab41761957db9b1bf9c418d1ef46\"},\"headline\":\"XXXIV Semana de las personas mayores\",\"datePublished\":\"2024-05-17T07:00:51+00:00\",\"dateModified\":\"2024-05-27T06:35:59+00:00\",\"mainEntityOfPage\":{\"@id\":\"https:\\\/\\\/www.caudete.org\\\/ayuntamiento\\\/xxxiv-semana-de-las-personas-mayores\\\/\"},\"wordCount\":228,\"publisher\":{\"@id\":\"https:\\\/\\\/www.caudete.org\\\/ayuntamiento\\\/#organization\"},\"image\":{\"@id\":\"https:\\\/\\\/www.caudete.org\\\/ayuntamiento\\\/xxxiv-semana-de-las-personas-mayores\\\/#primaryimage\"},\"thumbnailUrl\":\"https:\\\/\\\/www.caudete.org\\\/ayuntamiento\\\/wp-content\\\/uploads\\\/2024\\\/05\\\/mayores1.jpg\",\"articleSection\":[\"Mayores\"],\"inLanguage\":\"es\"},{\"@type\":\"WebPage\",\"@id\":\"https:\\\/\\\/www.caudete.org\\\/ayuntamiento\\\/xxxiv-semana-de-las-personas-mayores\\\/\",\"url\":\"https:\\\/\\\/www.caudete.org\\\/ayuntamiento\\\/xxxiv-semana-de-las-personas-mayores\\\/\",\"name\":\"XXXIV Semana de las personas mayores - MI Ayuntamiento de Caudete\",\"isPartOf\":{\"@id\":\"https:\\\/\\\/www.caudete.org\\\/ayuntamiento\\\/#website\"},\"primaryImageOfPage\":{\"@id\":\"https:\\\/\\\/www.caudete.org\\\/ayuntamiento\\\/xxxiv-semana-de-las-personas-mayores\\\/#primaryimage\"},\"image\":{\"@id\":\"https:\\\/\\\/www.caudete.org\\\/ayuntamiento\\\/xxxiv-semana-de-las-personas-mayores\\\/#primaryimage\"},\"thumbnailUrl\":\"https:\\\/\\\/www.caudete.org\\\/ayuntamiento\\\/wp-content\\\/uploads\\\/2024\\\/05\\\/mayores1.jpg\",\"datePublished\":\"2024-05-17T07:00:51+00:00\",\"dateModified\":\"2024-05-27T06:35:59+00:00\",\"description\":\"P\u00e1gina Oficial del Ayuntamiento de Caudete (Albacete)\",\"breadcrumb\":{\"@id\":\"https:\\\/\\\/www.caudete.org\\\/ayuntamiento\\\/xxxiv-semana-de-las-personas-mayores\\\/#breadcrumb\"},\"inLanguage\":\"es\",\"potentialAction\":[{\"@type\":\"ReadAction\",\"target\":[\"https:\\\/\\\/www.caudete.org\\\/ayuntamiento\\\/xxxiv-semana-de-las-personas-mayores\\\/\"]}]},{\"@type\":\"ImageObject\",\"inLanguage\":\"es\",\"@id\":\"https:\\\/\\\/www.caudete.org\\\/ayuntamiento\\\/xxxiv-semana-de-las-personas-mayores\\\/#primaryimage\",\"url\":\"https:\\\/\\\/www.caudete.org\\\/ayuntamiento\\\/wp-content\\\/uploads\\\/2024\\\/05\\\/mayores1.jpg\",\"contentUrl\":\"https:\\\/\\\/www.caudete.org\\\/ayuntamiento\\\/wp-content\\\/uploads\\\/2024\\\/05\\\/mayores1.jpg\",\"width\":794,\"height\":289},{\"@type\":\"BreadcrumbList\",\"@id\":\"https:\\\/\\\/www.caudete.org\\\/ayuntamiento\\\/xxxiv-semana-de-las-personas-mayores\\\/#breadcrumb\",\"itemListElement\":[{\"@type\":\"ListItem\",\"position\":1,\"name\":\"Inicio\",\"item\":\"https:\\\/\\\/www.caudete.org\\\/ayuntamiento\\\/\"},{\"@type\":\"ListItem\",\"position\":2,\"name\":\"XXXIV Semana de las personas mayores\"}]},{\"@type\":\"WebSite\",\"@id\":\"https:\\\/\\\/www.caudete.org\\\/ayuntamiento\\\/#website\",\"url\":\"https:\\\/\\\/www.caudete.org\\\/ayuntamiento\\\/\",\"name\":\"MI Ayuntamiento de Caudete\",\"description\":\"P\u00e1gina Oficial del MI Ayuntamiento de Caudete\",\"publisher\":{\"@id\":\"https:\\\/\\\/www.caudete.org\\\/ayuntamiento\\\/#organization\"},\"potentialAction\":[{\"@type\":\"SearchAction\",\"target\":{\"@type\":\"EntryPoint\",\"urlTemplate\":\"https:\\\/\\\/www.caudete.org\\\/ayuntamiento\\\/?s={search_term_string}\"},\"query-input\":{\"@type\":\"PropertyValueSpecification\",\"valueRequired\":true,\"valueName\":\"search_term_string\"}}],\"inLanguage\":\"es\"},{\"@type\":\"Organization\",\"@id\":\"https:\\\/\\\/www.caudete.org\\\/ayuntamiento\\\/#organization\",\"name\":\"Ayuntamiento de Caudete\",\"url\":\"https:\\\/\\\/www.caudete.org\\\/ayuntamiento\\\/\",\"logo\":{\"@type\":\"ImageObject\",\"inLanguage\":\"es\",\"@id\":\"https:\\\/\\\/www.caudete.org\\\/ayuntamiento\\\/#\\\/schema\\\/logo\\\/image\\\/\",\"url\":\"https:\\\/\\\/www.caudete.org\\\/ayuntamiento\\\/wp-content\\\/uploads\\\/2020\\\/11\\\/logo_ayuntamiento_caudete.jpg\",\"contentUrl\":\"https:\\\/\\\/www.caudete.org\\\/ayuntamiento\\\/wp-content\\\/uploads\\\/2020\\\/11\\\/logo_ayuntamiento_caudete.jpg\",\"width\":600,\"height\":150,\"caption\":\"Ayuntamiento de Caudete\"},\"image\":{\"@id\":\"https:\\\/\\\/www.caudete.org\\\/ayuntamiento\\\/#\\\/schema\\\/logo\\\/image\\\/\"},\"sameAs\":[\"https:\\\/\\\/www.facebook.com\\\/ayuntamientocaudete\\\/\",\"https:\\\/\\\/www.youtube.com\\\/channel\\\/UC6VztHaooNsGpw-tNoBEFnQ\"]},{\"@type\":\"Person\",\"@id\":\"https:\\\/\\\/www.caudete.org\\\/ayuntamiento\\\/#\\\/schema\\\/person\\\/4b9eab41761957db9b1bf9c418d1ef46\",\"name\":\"Dpto Informatica MI Ayuntamiento de Caudete\",\"image\":{\"@type\":\"ImageObject\",\"inLanguage\":\"es\",\"@id\":\"https:\\\/\\\/secure.gravatar.com\\\/avatar\\\/ac0321ee4a0a83e82a253e7b2d348ef539e2c8fe16d06b600bde04de1b364fa7?s=96&d=mm&r=g\",\"url\":\"https:\\\/\\\/secure.gravatar.com\\\/avatar\\\/ac0321ee4a0a83e82a253e7b2d348ef539e2c8fe16d06b600bde04de1b364fa7?s=96&d=mm&r=g\",\"contentUrl\":\"https:\\\/\\\/secure.gravatar.com\\\/avatar\\\/ac0321ee4a0a83e82a253e7b2d348ef539e2c8fe16d06b600bde04de1b364fa7?s=96&d=mm&r=g\",\"caption\":\"Dpto Informatica MI Ayuntamiento de Caudete\"},\"url\":\"https:\\\/\\\/www.caudete.org\\\/ayuntamiento\\\/author\\\/informatica\\\/\"}]}<\/script>\n<!-- \/ Yoast SEO plugin. -->","yoast_head_json":{"title":"XXXIV Semana de las personas mayores - MI Ayuntamiento de Caudete","description":"P\u00e1gina Oficial del Ayuntamiento de Caudete (Albacete)","robots":{"index":"index","follow":"follow","max-snippet":"max-snippet:-1","max-image-preview":"max-image-preview:large","max-video-preview":"max-video-preview:-1"},"canonical":"https:\/\/www.caudete.org\/ayuntamiento\/xxxiv-semana-de-las-personas-mayores\/","og_locale":"es_ES","og_type":"article","og_title":"XXXIV Semana de las personas mayores - MI Ayuntamiento de Caudete","og_description":"P\u00e1gina Oficial del Ayuntamiento de Caudete (Albacete)","og_url":"https:\/\/www.caudete.org\/ayuntamiento\/xxxiv-semana-de-las-personas-mayores\/","og_site_name":"MI Ayuntamiento de Caudete","article_publisher":"https:\/\/www.facebook.com\/ayuntamientocaudete\/","article_published_time":"2024-05-17T07:00:51+00:00","article_modified_time":"2024-05-27T06:35:59+00:00","og_image":[{"width":794,"height":289,"url":"https:\/\/www.caudete.org\/ayuntamiento\/wp-content\/uploads\/2024\/05\/mayores1.jpg","type":"image\/jpeg"}],"author":"Dpto Informatica MI Ayuntamiento de Caudete","twitter_card":"summary_large_image","twitter_misc":{"Escrito por":"Dpto Informatica MI Ayuntamiento de Caudete","Tiempo de lectura":"2 minutos"},"schema":{"@context":"https:\/\/schema.org","@graph":[{"@type":"Article","@id":"https:\/\/www.caudete.org\/ayuntamiento\/xxxiv-semana-de-las-personas-mayores\/#article","isPartOf":{"@id":"https:\/\/www.caudete.org\/ayuntamiento\/xxxiv-semana-de-las-personas-mayores\/"},"author":{"name":"Dpto Informatica MI Ayuntamiento de Caudete","@id":"https:\/\/www.caudete.org\/ayuntamiento\/#\/schema\/person\/4b9eab41761957db9b1bf9c418d1ef46"},"headline":"XXXIV Semana de las personas mayores","datePublished":"2024-05-17T07:00:51+00:00","dateModified":"2024-05-27T06:35:59+00:00","mainEntityOfPage":{"@id":"https:\/\/www.caudete.org\/ayuntamiento\/xxxiv-semana-de-las-personas-mayores\/"},"wordCount":228,"publisher":{"@id":"https:\/\/www.caudete.org\/ayuntamiento\/#organization"},"image":{"@id":"https:\/\/www.caudete.org\/ayuntamiento\/xxxiv-semana-de-las-personas-mayores\/#primaryimage"},"thumbnailUrl":"https:\/\/www.caudete.org\/ayuntamiento\/wp-content\/uploads\/2024\/05\/mayores1.jpg","articleSection":["Mayores"],"inLanguage":"es"},{"@type":"WebPage","@id":"https:\/\/www.caudete.org\/ayuntamiento\/xxxiv-semana-de-las-personas-mayores\/","url":"https:\/\/www.caudete.org\/ayuntamiento\/xxxiv-semana-de-las-personas-mayores\/","name":"XXXIV Semana de las personas mayores - MI Ayuntamiento de Caudete","isPartOf":{"@id":"https:\/\/www.caudete.org\/ayuntamiento\/#website"},"primaryImageOfPage":{"@id":"https:\/\/www.caudete.org\/ayuntamiento\/xxxiv-semana-de-las-personas-mayores\/#primaryimage"},"image":{"@id":"https:\/\/www.caudete.org\/ayuntamiento\/xxxiv-semana-de-las-personas-mayores\/#primaryimage"},"thumbnailUrl":"https:\/\/www.caudete.org\/ayuntamiento\/wp-content\/uploads\/2024\/05\/mayores1.jpg","datePublished":"2024-05-17T07:00:51+00:00","dateModified":"2024-05-27T06:35:59+00:00","description":"P\u00e1gina Oficial del Ayuntamiento de Caudete (Albacete)","breadcrumb":{"@id":"https:\/\/www.caudete.org\/ayuntamiento\/xxxiv-semana-de-las-personas-mayores\/#breadcrumb"},"inLanguage":"es","potentialAction":[{"@type":"ReadAction","target":["https:\/\/www.caudete.org\/ayuntamiento\/xxxiv-semana-de-las-personas-mayores\/"]}]},{"@type":"ImageObject","inLanguage":"es","@id":"https:\/\/www.caudete.org\/ayuntamiento\/xxxiv-semana-de-las-personas-mayores\/#primaryimage","url":"https:\/\/www.caudete.org\/ayuntamiento\/wp-content\/uploads\/2024\/05\/mayores1.jpg","contentUrl":"https:\/\/www.caudete.org\/ayuntamiento\/wp-content\/uploads\/2024\/05\/mayores1.jpg","width":794,"height":289},{"@type":"BreadcrumbList","@id":"https:\/\/www.caudete.org\/ayuntamiento\/xxxiv-semana-de-las-personas-mayores\/#breadcrumb","itemListElement":[{"@type":"ListItem","position":1,"name":"Inicio","item":"https:\/\/www.caudete.org\/ayuntamiento\/"},{"@type":"ListItem","position":2,"name":"XXXIV Semana de las personas mayores"}]},{"@type":"WebSite","@id":"https:\/\/www.caudete.org\/ayuntamiento\/#website","url":"https:\/\/www.caudete.org\/ayuntamiento\/","name":"MI Ayuntamiento de Caudete","description":"P\u00e1gina Oficial del MI Ayuntamiento de Caudete","publisher":{"@id":"https:\/\/www.caudete.org\/ayuntamiento\/#organization"},"potentialAction":[{"@type":"SearchAction","target":{"@type":"EntryPoint","urlTemplate":"https:\/\/www.caudete.org\/ayuntamiento\/?s={search_term_string}"},"query-input":{"@type":"PropertyValueSpecification","valueRequired":true,"valueName":"search_term_string"}}],"inLanguage":"es"},{"@type":"Organization","@id":"https:\/\/www.caudete.org\/ayuntamiento\/#organization","name":"Ayuntamiento de Caudete","url":"https:\/\/www.caudete.org\/ayuntamiento\/","logo":{"@type":"ImageObject","inLanguage":"es","@id":"https:\/\/www.caudete.org\/ayuntamiento\/#\/schema\/logo\/image\/","url":"https:\/\/www.caudete.org\/ayuntamiento\/wp-content\/uploads\/2020\/11\/logo_ayuntamiento_caudete.jpg","contentUrl":"https:\/\/www.caudete.org\/ayuntamiento\/wp-content\/uploads\/2020\/11\/logo_ayuntamiento_caudete.jpg","width":600,"height":150,"caption":"Ayuntamiento de Caudete"},"image":{"@id":"https:\/\/www.caudete.org\/ayuntamiento\/#\/schema\/logo\/image\/"},"sameAs":["https:\/\/www.facebook.com\/ayuntamientocaudete\/","https:\/\/www.youtube.com\/channel\/UC6VztHaooNsGpw-tNoBEFnQ"]},{"@type":"Person","@id":"https:\/\/www.caudete.org\/ayuntamiento\/#\/schema\/person\/4b9eab41761957db9b1bf9c418d1ef46","name":"Dpto Informatica MI Ayuntamiento de Caudete","image":{"@type":"ImageObject","inLanguage":"es","@id":"https:\/\/secure.gravatar.com\/avatar\/ac0321ee4a0a83e82a253e7b2d348ef539e2c8fe16d06b600bde04de1b364fa7?s=96&d=mm&r=g","url":"https:\/\/secure.gravatar.com\/avatar\/ac0321ee4a0a83e82a253e7b2d348ef539e2c8fe16d06b600bde04de1b364fa7?s=96&d=mm&r=g","contentUrl":"https:\/\/secure.gravatar.com\/avatar\/ac0321ee4a0a83e82a253e7b2d348ef539e2c8fe16d06b600bde04de1b364fa7?s=96&d=mm&r=g","caption":"Dpto Informatica MI Ayuntamiento de Caudete"},"url":"https:\/\/www.caudete.org\/ayuntamiento\/author\/informatica\/"}]}},"_links":{"self":[{"href":"https:\/\/www.caudete.org\/ayuntamiento\/wp-json\/wp\/v2\/posts\/25107","targetHints":{"allow":["GET"]}}],"collection":[{"href":"https:\/\/www.caudete.org\/ayuntamiento\/wp-json\/wp\/v2\/posts"}],"about":[{"href":"https:\/\/www.caudete.org\/ayuntamiento\/wp-json\/wp\/v2\/types\/post"}],"author":[{"embeddable":true,"href":"https:\/\/www.caudete.org\/ayuntamiento\/wp-json\/wp\/v2\/users\/5"}],"replies":[{"embeddable":true,"href":"https:\/\/www.caudete.org\/ayuntamiento\/wp-json\/wp\/v2\/comments?post=25107"}],"version-history":[{"count":2,"href":"https:\/\/www.caudete.org\/ayuntamiento\/wp-json\/wp\/v2\/posts\/25107\/revisions"}],"predecessor-version":[{"id":25113,"href":"https:\/\/www.caudete.org\/ayuntamiento\/wp-json\/wp\/v2\/posts\/25107\/revisions\/25113"}],"wp:featuredmedia":[{"embeddable":true,"href":"https:\/\/www.caudete.org\/ayuntamiento\/wp-json\/wp\/v2\/media\/25108"}],"wp:attachment":[{"href":"https:\/\/www.caudete.org\/ayuntamiento\/wp-json\/wp\/v2\/media?parent=25107"}],"wp:term":[{"taxonomy":"category","embeddable":true,"href":"https:\/\/www.caudete.org\/ayuntamiento\/wp-json\/wp\/v2\/categories?post=25107"},{"taxonomy":"post_tag","embeddable":true,"href":"https:\/\/www.caudete.org\/ayuntamiento\/wp-json\/wp\/v2\/tags?post=25107"}],"curies":[{"name":"wp","href":"https:\/\/api.w.org\/{rel}","templated":true}]}}