{"id":25115,"date":"2024-05-21T12:00:07","date_gmt":"2024-05-21T10:00:07","guid":{"rendered":"https:\/\/www.caudete.org\/ayuntamiento\/?p=25115"},"modified":"2024-05-21T12:02:24","modified_gmt":"2024-05-21T10:02:24","slug":"cuentos-por-la-igualdad-2024","status":"publish","type":"post","link":"https:\/\/www.caudete.org\/ayuntamiento\/cuentos-por-la-igualdad-2024\/","title":{"rendered":"Cuentos por la Igualdad 2024"},"content":{"rendered":"<p>Mar\u00eda Mart\u00ednez Garc\u00eda informa c\u00f3mo Concejal de Igualdad Social del M.I. Ayuntamiento de Caudete que a trav\u00e9s del Centro de la Mujer, se ha realizado un cuentacuentos dirigido al alumnado de tercer ciclo de infantil de todos los colegios de la Villa.<br \/>\nEste a\u00f1o las profesionales del Centro de la Mujer han trabajado con el cuento \u201cLa peluca de Luca. Un cuento para valientes\u201d, de Helena Berenguer y Carmen Ivars, en una actividad encaminada a romper con los estereotipos y prejuicios de g\u00e9nero y fomentar la coeducaci\u00f3n y el respeto por las diferencias individuales entre los m\u00e1s peque\u00f1os. Un total de 108 ni\u00f1os y ni\u00f1as han participado en la actividad que como cada a\u00f1o ha contado con una gran aceptaci\u00f3n.<br \/>\nAlgunos consejos para <strong>coeducar<\/strong> desde la familia:<\/p>\n<ul>\n<li>Los juguetes son para jugar. Debemos facilitarles juegos y juguetes variados, para que sean ellas\/os y no los prejuicios sociales quienes elijan a qu\u00e9 quieren jugar.<\/li>\n<li>Busca juguetes que les ayuden a desarrollar sus capacidades personales, relacionales y sociales. Es importante que sean seguros, acordes a su edad y libres de prejuicios.<\/li>\n<li>Fomenta desde la infancia el gusto por la lectura y por la literatura coeducativa. En los cuentos, las mujeres y ni\u00f1as deben tener papeles igual de importantes y variados que los hombres y los ni\u00f1os.<\/li>\n<li>Los colores, son colore, hay que descartar los estereotipos sobre \u201cel rosa y el azul\u201d.<\/li>\n<li>Ense\u00f1a a tus hijos\/as que las tareas dom\u00e9sticas y de cuidado son importantes y no van ligadas al sexo femenino. Intenta romper con la asignaci\u00f3n tradicional de roles, tanto chicos como chicas podemos aprender a realizar todo tipo de tareas.<\/li>\n<li>Respeta sus gustos y sus preferencias, ayud\u00e1ndoles a tomar decisiones sobre su vida de acuerdo a sus verdaderas aptitudes y expectativas. Dales la oportunidad de jugar a imaginarse desarrollando cualquier actividad.<\/li>\n<li>Reconoce las diferencias entre las personas sin que se conviertan en desigualdades. Todas las personas somos igual de valiosas e importantes.<\/li>\n<li>Toma conciencia de las expresiones que utilizas y evita comentarios sexistas, incluidos los chistes.<\/li>\n<\/ul>\n<p><img fetchpriority=\"high\" decoding=\"async\" class=\"alignnone size-full wp-image-25117\" src=\"https:\/\/www.caudete.org\/ayuntamiento\/wp-content\/uploads\/2024\/05\/foto-en-clase.jpg\" alt=\"\" width=\"1110\" height=\"1200\" srcset=\"https:\/\/www.caudete.org\/ayuntamiento\/wp-content\/uploads\/2024\/05\/foto-en-clase.jpg 1110w, https:\/\/www.caudete.org\/ayuntamiento\/wp-content\/uploads\/2024\/05\/foto-en-clase-278x300.jpg 278w, https:\/\/www.caudete.org\/ayuntamiento\/wp-content\/uploads\/2024\/05\/foto-en-clase-947x1024.jpg 947w, https:\/\/www.caudete.org\/ayuntamiento\/wp-content\/uploads\/2024\/05\/foto-en-clase-768x830.jpg 768w\" sizes=\"(max-width: 1110px) 100vw, 1110px\" \/> <img decoding=\"async\" class=\"alignnone size-full wp-image-25116\" src=\"https:\/\/www.caudete.org\/ayuntamiento\/wp-content\/uploads\/2024\/05\/Portada-cuento.jpg\" alt=\"\" width=\"600\" height=\"598\" srcset=\"https:\/\/www.caudete.org\/ayuntamiento\/wp-content\/uploads\/2024\/05\/Portada-cuento.jpg 600w, https:\/\/www.caudete.org\/ayuntamiento\/wp-content\/uploads\/2024\/05\/Portada-cuento-300x300.jpg 300w, https:\/\/www.caudete.org\/ayuntamiento\/wp-content\/uploads\/2024\/05\/Portada-cuento-150x150.jpg 150w, https:\/\/www.caudete.org\/ayuntamiento\/wp-content\/uploads\/2024\/05\/Portada-cuento-60x60.jpg 60w\" sizes=\"(max-width: 600px) 100vw, 600px\" \/><img decoding=\"async\" class=\"alignnone size-full wp-image-25118\" src=\"https:\/\/www.caudete.org\/ayuntamiento\/wp-content\/uploads\/2024\/05\/foto-ninos-luca.jpeg\" alt=\"\" width=\"1599\" height=\"899\" srcset=\"https:\/\/www.caudete.org\/ayuntamiento\/wp-content\/uploads\/2024\/05\/foto-ninos-luca.jpeg 1599w, https:\/\/www.caudete.org\/ayuntamiento\/wp-content\/uploads\/2024\/05\/foto-ninos-luca-300x169.jpeg 300w, https:\/\/www.caudete.org\/ayuntamiento\/wp-content\/uploads\/2024\/05\/foto-ninos-luca-1024x576.jpeg 1024w, https:\/\/www.caudete.org\/ayuntamiento\/wp-content\/uploads\/2024\/05\/foto-ninos-luca-768x432.jpeg 768w, https:\/\/www.caudete.org\/ayuntamiento\/wp-content\/uploads\/2024\/05\/foto-ninos-luca-1536x864.jpeg 1536w\" sizes=\"(max-width: 1599px) 100vw, 1599px\" \/><\/p>\n","protected":false},"excerpt":{"rendered":"<p>Mar\u00eda Mart\u00ednez Garc\u00eda informa c\u00f3mo Concejal de Igualdad Social del M.I. Ayuntamiento de Caudete que a trav\u00e9s del Centro de la Mujer, se ha realizado un cuentacuentos dirigido al alumnado de tercer ciclo de infantil de todos los colegios de la Villa. Este a\u00f1o las profesionales del Centro de la Mujer han trabajado con el &hellip;<\/p>\n","protected":false},"author":5,"featured_media":25116,"comment_status":"closed","ping_status":"open","sticky":false,"template":"","format":"standard","meta":{"ngg_post_thumbnail":0,"footnotes":""},"categories":[522],"tags":[],"class_list":["post-25115","post","type-post","status-publish","format-standard","has-post-thumbnail","hentry","category-igualdad"],"yoast_head":"<!-- This site is optimized with the Yoast SEO plugin v27.5 - https:\/\/yoast.com\/product\/yoast-seo-wordpress\/ -->\n<title>Cuentos por la Igualdad 2024 - MI Ayuntamiento de Caudete<\/title>\n<meta name=\"description\" content=\"P\u00e1gina Oficial del Ayuntamiento de Caudete (Albacete)\" \/>\n<meta name=\"robots\" content=\"index, follow, max-snippet:-1, max-image-preview:large, max-video-preview:-1\" \/>\n<link rel=\"canonical\" href=\"https:\/\/www.caudete.org\/ayuntamiento\/cuentos-por-la-igualdad-2024\/\" \/>\n<meta property=\"og:locale\" content=\"es_ES\" \/>\n<meta property=\"og:type\" content=\"article\" \/>\n<meta property=\"og:title\" content=\"Cuentos por la Igualdad 2024 - MI Ayuntamiento de Caudete\" \/>\n<meta property=\"og:description\" content=\"P\u00e1gina Oficial del Ayuntamiento de Caudete (Albacete)\" \/>\n<meta property=\"og:url\" content=\"https:\/\/www.caudete.org\/ayuntamiento\/cuentos-por-la-igualdad-2024\/\" \/>\n<meta property=\"og:site_name\" content=\"MI Ayuntamiento de Caudete\" \/>\n<meta property=\"article:publisher\" content=\"https:\/\/www.facebook.com\/ayuntamientocaudete\/\" \/>\n<meta property=\"article:published_time\" content=\"2024-05-21T10:00:07+00:00\" \/>\n<meta property=\"article:modified_time\" content=\"2024-05-21T10:02:24+00:00\" \/>\n<meta property=\"og:image\" content=\"https:\/\/www.caudete.org\/ayuntamiento\/wp-content\/uploads\/2024\/05\/Portada-cuento.jpg\" \/>\n\t<meta property=\"og:image:width\" content=\"600\" \/>\n\t<meta property=\"og:image:height\" content=\"598\" \/>\n\t<meta property=\"og:image:type\" content=\"image\/jpeg\" \/>\n<meta name=\"author\" content=\"Dpto Informatica MI Ayuntamiento de Caudete\" \/>\n<meta name=\"twitter:card\" content=\"summary_large_image\" \/>\n<meta name=\"twitter:label1\" content=\"Escrito por\" \/>\n\t<meta name=\"twitter:data1\" content=\"Dpto Informatica MI Ayuntamiento de Caudete\" \/>\n\t<meta name=\"twitter:label2\" content=\"Tiempo de lectura\" \/>\n\t<meta name=\"twitter:data2\" content=\"3 minutos\" \/>\n<script type=\"application\/ld+json\" class=\"yoast-schema-graph\">{\"@context\":\"https:\\\/\\\/schema.org\",\"@graph\":[{\"@type\":\"Article\",\"@id\":\"https:\\\/\\\/www.caudete.org\\\/ayuntamiento\\\/cuentos-por-la-igualdad-2024\\\/#article\",\"isPartOf\":{\"@id\":\"https:\\\/\\\/www.caudete.org\\\/ayuntamiento\\\/cuentos-por-la-igualdad-2024\\\/\"},\"author\":{\"name\":\"Dpto Informatica MI Ayuntamiento de Caudete\",\"@id\":\"https:\\\/\\\/www.caudete.org\\\/ayuntamiento\\\/#\\\/schema\\\/person\\\/4b9eab41761957db9b1bf9c418d1ef46\"},\"headline\":\"Cuentos por la Igualdad 2024\",\"datePublished\":\"2024-05-21T10:00:07+00:00\",\"dateModified\":\"2024-05-21T10:02:24+00:00\",\"mainEntityOfPage\":{\"@id\":\"https:\\\/\\\/www.caudete.org\\\/ayuntamiento\\\/cuentos-por-la-igualdad-2024\\\/\"},\"wordCount\":361,\"publisher\":{\"@id\":\"https:\\\/\\\/www.caudete.org\\\/ayuntamiento\\\/#organization\"},\"image\":{\"@id\":\"https:\\\/\\\/www.caudete.org\\\/ayuntamiento\\\/cuentos-por-la-igualdad-2024\\\/#primaryimage\"},\"thumbnailUrl\":\"https:\\\/\\\/www.caudete.org\\\/ayuntamiento\\\/wp-content\\\/uploads\\\/2024\\\/05\\\/Portada-cuento.jpg\",\"articleSection\":[\"Igualdad\"],\"inLanguage\":\"es\"},{\"@type\":\"WebPage\",\"@id\":\"https:\\\/\\\/www.caudete.org\\\/ayuntamiento\\\/cuentos-por-la-igualdad-2024\\\/\",\"url\":\"https:\\\/\\\/www.caudete.org\\\/ayuntamiento\\\/cuentos-por-la-igualdad-2024\\\/\",\"name\":\"Cuentos por la Igualdad 2024 - MI Ayuntamiento de Caudete\",\"isPartOf\":{\"@id\":\"https:\\\/\\\/www.caudete.org\\\/ayuntamiento\\\/#website\"},\"primaryImageOfPage\":{\"@id\":\"https:\\\/\\\/www.caudete.org\\\/ayuntamiento\\\/cuentos-por-la-igualdad-2024\\\/#primaryimage\"},\"image\":{\"@id\":\"https:\\\/\\\/www.caudete.org\\\/ayuntamiento\\\/cuentos-por-la-igualdad-2024\\\/#primaryimage\"},\"thumbnailUrl\":\"https:\\\/\\\/www.caudete.org\\\/ayuntamiento\\\/wp-content\\\/uploads\\\/2024\\\/05\\\/Portada-cuento.jpg\",\"datePublished\":\"2024-05-21T10:00:07+00:00\",\"dateModified\":\"2024-05-21T10:02:24+00:00\",\"description\":\"P\u00e1gina Oficial del Ayuntamiento de Caudete (Albacete)\",\"breadcrumb\":{\"@id\":\"https:\\\/\\\/www.caudete.org\\\/ayuntamiento\\\/cuentos-por-la-igualdad-2024\\\/#breadcrumb\"},\"inLanguage\":\"es\",\"potentialAction\":[{\"@type\":\"ReadAction\",\"target\":[\"https:\\\/\\\/www.caudete.org\\\/ayuntamiento\\\/cuentos-por-la-igualdad-2024\\\/\"]}]},{\"@type\":\"ImageObject\",\"inLanguage\":\"es\",\"@id\":\"https:\\\/\\\/www.caudete.org\\\/ayuntamiento\\\/cuentos-por-la-igualdad-2024\\\/#primaryimage\",\"url\":\"https:\\\/\\\/www.caudete.org\\\/ayuntamiento\\\/wp-content\\\/uploads\\\/2024\\\/05\\\/Portada-cuento.jpg\",\"contentUrl\":\"https:\\\/\\\/www.caudete.org\\\/ayuntamiento\\\/wp-content\\\/uploads\\\/2024\\\/05\\\/Portada-cuento.jpg\",\"width\":600,\"height\":598},{\"@type\":\"BreadcrumbList\",\"@id\":\"https:\\\/\\\/www.caudete.org\\\/ayuntamiento\\\/cuentos-por-la-igualdad-2024\\\/#breadcrumb\",\"itemListElement\":[{\"@type\":\"ListItem\",\"position\":1,\"name\":\"Inicio\",\"item\":\"https:\\\/\\\/www.caudete.org\\\/ayuntamiento\\\/\"},{\"@type\":\"ListItem\",\"position\":2,\"name\":\"Cuentos por la Igualdad 2024\"}]},{\"@type\":\"WebSite\",\"@id\":\"https:\\\/\\\/www.caudete.org\\\/ayuntamiento\\\/#website\",\"url\":\"https:\\\/\\\/www.caudete.org\\\/ayuntamiento\\\/\",\"name\":\"MI Ayuntamiento de Caudete\",\"description\":\"P\u00e1gina Oficial del MI Ayuntamiento de Caudete\",\"publisher\":{\"@id\":\"https:\\\/\\\/www.caudete.org\\\/ayuntamiento\\\/#organization\"},\"potentialAction\":[{\"@type\":\"SearchAction\",\"target\":{\"@type\":\"EntryPoint\",\"urlTemplate\":\"https:\\\/\\\/www.caudete.org\\\/ayuntamiento\\\/?s={search_term_string}\"},\"query-input\":{\"@type\":\"PropertyValueSpecification\",\"valueRequired\":true,\"valueName\":\"search_term_string\"}}],\"inLanguage\":\"es\"},{\"@type\":\"Organization\",\"@id\":\"https:\\\/\\\/www.caudete.org\\\/ayuntamiento\\\/#organization\",\"name\":\"Ayuntamiento de Caudete\",\"url\":\"https:\\\/\\\/www.caudete.org\\\/ayuntamiento\\\/\",\"logo\":{\"@type\":\"ImageObject\",\"inLanguage\":\"es\",\"@id\":\"https:\\\/\\\/www.caudete.org\\\/ayuntamiento\\\/#\\\/schema\\\/logo\\\/image\\\/\",\"url\":\"https:\\\/\\\/www.caudete.org\\\/ayuntamiento\\\/wp-content\\\/uploads\\\/2020\\\/11\\\/logo_ayuntamiento_caudete.jpg\",\"contentUrl\":\"https:\\\/\\\/www.caudete.org\\\/ayuntamiento\\\/wp-content\\\/uploads\\\/2020\\\/11\\\/logo_ayuntamiento_caudete.jpg\",\"width\":600,\"height\":150,\"caption\":\"Ayuntamiento de Caudete\"},\"image\":{\"@id\":\"https:\\\/\\\/www.caudete.org\\\/ayuntamiento\\\/#\\\/schema\\\/logo\\\/image\\\/\"},\"sameAs\":[\"https:\\\/\\\/www.facebook.com\\\/ayuntamientocaudete\\\/\",\"https:\\\/\\\/www.youtube.com\\\/channel\\\/UC6VztHaooNsGpw-tNoBEFnQ\"]},{\"@type\":\"Person\",\"@id\":\"https:\\\/\\\/www.caudete.org\\\/ayuntamiento\\\/#\\\/schema\\\/person\\\/4b9eab41761957db9b1bf9c418d1ef46\",\"name\":\"Dpto Informatica MI Ayuntamiento de Caudete\",\"image\":{\"@type\":\"ImageObject\",\"inLanguage\":\"es\",\"@id\":\"https:\\\/\\\/secure.gravatar.com\\\/avatar\\\/ac0321ee4a0a83e82a253e7b2d348ef539e2c8fe16d06b600bde04de1b364fa7?s=96&d=mm&r=g\",\"url\":\"https:\\\/\\\/secure.gravatar.com\\\/avatar\\\/ac0321ee4a0a83e82a253e7b2d348ef539e2c8fe16d06b600bde04de1b364fa7?s=96&d=mm&r=g\",\"contentUrl\":\"https:\\\/\\\/secure.gravatar.com\\\/avatar\\\/ac0321ee4a0a83e82a253e7b2d348ef539e2c8fe16d06b600bde04de1b364fa7?s=96&d=mm&r=g\",\"caption\":\"Dpto Informatica MI Ayuntamiento de Caudete\"},\"url\":\"https:\\\/\\\/www.caudete.org\\\/ayuntamiento\\\/author\\\/informatica\\\/\"}]}<\/script>\n<!-- \/ Yoast SEO plugin. -->","yoast_head_json":{"title":"Cuentos por la Igualdad 2024 - MI Ayuntamiento de Caudete","description":"P\u00e1gina Oficial del Ayuntamiento de Caudete (Albacete)","robots":{"index":"index","follow":"follow","max-snippet":"max-snippet:-1","max-image-preview":"max-image-preview:large","max-video-preview":"max-video-preview:-1"},"canonical":"https:\/\/www.caudete.org\/ayuntamiento\/cuentos-por-la-igualdad-2024\/","og_locale":"es_ES","og_type":"article","og_title":"Cuentos por la Igualdad 2024 - MI Ayuntamiento de Caudete","og_description":"P\u00e1gina Oficial del Ayuntamiento de Caudete (Albacete)","og_url":"https:\/\/www.caudete.org\/ayuntamiento\/cuentos-por-la-igualdad-2024\/","og_site_name":"MI Ayuntamiento de Caudete","article_publisher":"https:\/\/www.facebook.com\/ayuntamientocaudete\/","article_published_time":"2024-05-21T10:00:07+00:00","article_modified_time":"2024-05-21T10:02:24+00:00","og_image":[{"width":600,"height":598,"url":"https:\/\/www.caudete.org\/ayuntamiento\/wp-content\/uploads\/2024\/05\/Portada-cuento.jpg","type":"image\/jpeg"}],"author":"Dpto Informatica MI Ayuntamiento de Caudete","twitter_card":"summary_large_image","twitter_misc":{"Escrito por":"Dpto Informatica MI Ayuntamiento de Caudete","Tiempo de lectura":"3 minutos"},"schema":{"@context":"https:\/\/schema.org","@graph":[{"@type":"Article","@id":"https:\/\/www.caudete.org\/ayuntamiento\/cuentos-por-la-igualdad-2024\/#article","isPartOf":{"@id":"https:\/\/www.caudete.org\/ayuntamiento\/cuentos-por-la-igualdad-2024\/"},"author":{"name":"Dpto Informatica MI Ayuntamiento de Caudete","@id":"https:\/\/www.caudete.org\/ayuntamiento\/#\/schema\/person\/4b9eab41761957db9b1bf9c418d1ef46"},"headline":"Cuentos por la Igualdad 2024","datePublished":"2024-05-21T10:00:07+00:00","dateModified":"2024-05-21T10:02:24+00:00","mainEntityOfPage":{"@id":"https:\/\/www.caudete.org\/ayuntamiento\/cuentos-por-la-igualdad-2024\/"},"wordCount":361,"publisher":{"@id":"https:\/\/www.caudete.org\/ayuntamiento\/#organization"},"image":{"@id":"https:\/\/www.caudete.org\/ayuntamiento\/cuentos-por-la-igualdad-2024\/#primaryimage"},"thumbnailUrl":"https:\/\/www.caudete.org\/ayuntamiento\/wp-content\/uploads\/2024\/05\/Portada-cuento.jpg","articleSection":["Igualdad"],"inLanguage":"es"},{"@type":"WebPage","@id":"https:\/\/www.caudete.org\/ayuntamiento\/cuentos-por-la-igualdad-2024\/","url":"https:\/\/www.caudete.org\/ayuntamiento\/cuentos-por-la-igualdad-2024\/","name":"Cuentos por la Igualdad 2024 - MI Ayuntamiento de Caudete","isPartOf":{"@id":"https:\/\/www.caudete.org\/ayuntamiento\/#website"},"primaryImageOfPage":{"@id":"https:\/\/www.caudete.org\/ayuntamiento\/cuentos-por-la-igualdad-2024\/#primaryimage"},"image":{"@id":"https:\/\/www.caudete.org\/ayuntamiento\/cuentos-por-la-igualdad-2024\/#primaryimage"},"thumbnailUrl":"https:\/\/www.caudete.org\/ayuntamiento\/wp-content\/uploads\/2024\/05\/Portada-cuento.jpg","datePublished":"2024-05-21T10:00:07+00:00","dateModified":"2024-05-21T10:02:24+00:00","description":"P\u00e1gina Oficial del Ayuntamiento de Caudete (Albacete)","breadcrumb":{"@id":"https:\/\/www.caudete.org\/ayuntamiento\/cuentos-por-la-igualdad-2024\/#breadcrumb"},"inLanguage":"es","potentialAction":[{"@type":"ReadAction","target":["https:\/\/www.caudete.org\/ayuntamiento\/cuentos-por-la-igualdad-2024\/"]}]},{"@type":"ImageObject","inLanguage":"es","@id":"https:\/\/www.caudete.org\/ayuntamiento\/cuentos-por-la-igualdad-2024\/#primaryimage","url":"https:\/\/www.caudete.org\/ayuntamiento\/wp-content\/uploads\/2024\/05\/Portada-cuento.jpg","contentUrl":"https:\/\/www.caudete.org\/ayuntamiento\/wp-content\/uploads\/2024\/05\/Portada-cuento.jpg","width":600,"height":598},{"@type":"BreadcrumbList","@id":"https:\/\/www.caudete.org\/ayuntamiento\/cuentos-por-la-igualdad-2024\/#breadcrumb","itemListElement":[{"@type":"ListItem","position":1,"name":"Inicio","item":"https:\/\/www.caudete.org\/ayuntamiento\/"},{"@type":"ListItem","position":2,"name":"Cuentos por la Igualdad 2024"}]},{"@type":"WebSite","@id":"https:\/\/www.caudete.org\/ayuntamiento\/#website","url":"https:\/\/www.caudete.org\/ayuntamiento\/","name":"MI Ayuntamiento de Caudete","description":"P\u00e1gina Oficial del MI Ayuntamiento de Caudete","publisher":{"@id":"https:\/\/www.caudete.org\/ayuntamiento\/#organization"},"potentialAction":[{"@type":"SearchAction","target":{"@type":"EntryPoint","urlTemplate":"https:\/\/www.caudete.org\/ayuntamiento\/?s={search_term_string}"},"query-input":{"@type":"PropertyValueSpecification","valueRequired":true,"valueName":"search_term_string"}}],"inLanguage":"es"},{"@type":"Organization","@id":"https:\/\/www.caudete.org\/ayuntamiento\/#organization","name":"Ayuntamiento de Caudete","url":"https:\/\/www.caudete.org\/ayuntamiento\/","logo":{"@type":"ImageObject","inLanguage":"es","@id":"https:\/\/www.caudete.org\/ayuntamiento\/#\/schema\/logo\/image\/","url":"https:\/\/www.caudete.org\/ayuntamiento\/wp-content\/uploads\/2020\/11\/logo_ayuntamiento_caudete.jpg","contentUrl":"https:\/\/www.caudete.org\/ayuntamiento\/wp-content\/uploads\/2020\/11\/logo_ayuntamiento_caudete.jpg","width":600,"height":150,"caption":"Ayuntamiento de Caudete"},"image":{"@id":"https:\/\/www.caudete.org\/ayuntamiento\/#\/schema\/logo\/image\/"},"sameAs":["https:\/\/www.facebook.com\/ayuntamientocaudete\/","https:\/\/www.youtube.com\/channel\/UC6VztHaooNsGpw-tNoBEFnQ"]},{"@type":"Person","@id":"https:\/\/www.caudete.org\/ayuntamiento\/#\/schema\/person\/4b9eab41761957db9b1bf9c418d1ef46","name":"Dpto Informatica MI Ayuntamiento de Caudete","image":{"@type":"ImageObject","inLanguage":"es","@id":"https:\/\/secure.gravatar.com\/avatar\/ac0321ee4a0a83e82a253e7b2d348ef539e2c8fe16d06b600bde04de1b364fa7?s=96&d=mm&r=g","url":"https:\/\/secure.gravatar.com\/avatar\/ac0321ee4a0a83e82a253e7b2d348ef539e2c8fe16d06b600bde04de1b364fa7?s=96&d=mm&r=g","contentUrl":"https:\/\/secure.gravatar.com\/avatar\/ac0321ee4a0a83e82a253e7b2d348ef539e2c8fe16d06b600bde04de1b364fa7?s=96&d=mm&r=g","caption":"Dpto Informatica MI Ayuntamiento de Caudete"},"url":"https:\/\/www.caudete.org\/ayuntamiento\/author\/informatica\/"}]}},"_links":{"self":[{"href":"https:\/\/www.caudete.org\/ayuntamiento\/wp-json\/wp\/v2\/posts\/25115","targetHints":{"allow":["GET"]}}],"collection":[{"href":"https:\/\/www.caudete.org\/ayuntamiento\/wp-json\/wp\/v2\/posts"}],"about":[{"href":"https:\/\/www.caudete.org\/ayuntamiento\/wp-json\/wp\/v2\/types\/post"}],"author":[{"embeddable":true,"href":"https:\/\/www.caudete.org\/ayuntamiento\/wp-json\/wp\/v2\/users\/5"}],"replies":[{"embeddable":true,"href":"https:\/\/www.caudete.org\/ayuntamiento\/wp-json\/wp\/v2\/comments?post=25115"}],"version-history":[{"count":3,"href":"https:\/\/www.caudete.org\/ayuntamiento\/wp-json\/wp\/v2\/posts\/25115\/revisions"}],"predecessor-version":[{"id":25121,"href":"https:\/\/www.caudete.org\/ayuntamiento\/wp-json\/wp\/v2\/posts\/25115\/revisions\/25121"}],"wp:featuredmedia":[{"embeddable":true,"href":"https:\/\/www.caudete.org\/ayuntamiento\/wp-json\/wp\/v2\/media\/25116"}],"wp:attachment":[{"href":"https:\/\/www.caudete.org\/ayuntamiento\/wp-json\/wp\/v2\/media?parent=25115"}],"wp:term":[{"taxonomy":"category","embeddable":true,"href":"https:\/\/www.caudete.org\/ayuntamiento\/wp-json\/wp\/v2\/categories?post=25115"},{"taxonomy":"post_tag","embeddable":true,"href":"https:\/\/www.caudete.org\/ayuntamiento\/wp-json\/wp\/v2\/tags?post=25115"}],"curies":[{"name":"wp","href":"https:\/\/api.w.org\/{rel}","templated":true}]}}