{"id":25130,"date":"2024-05-23T08:05:23","date_gmt":"2024-05-23T06:05:23","guid":{"rendered":"https:\/\/www.caudete.org\/ayuntamiento\/?p=25130"},"modified":"2024-05-29T13:30:56","modified_gmt":"2024-05-29T11:30:56","slug":"gala-de-fin-de-curso-de-la-universidad-popular-y-los-clubes-de-lectura-2023-2024","status":"publish","type":"post","link":"https:\/\/www.caudete.org\/ayuntamiento\/gala-de-fin-de-curso-de-la-universidad-popular-y-los-clubes-de-lectura-2023-2024\/","title":{"rendered":"Gala de Fin de Curso de la Universidad Popular y los Clubes de Lectura 2023\/2024"},"content":{"rendered":"<p>La Concejal\u00eda de Cultura del M. I. Ayuntamiento de Caudete informa que la Gala de Fin de Curso de la Universidad Popular y los Clubes de Lectura 2023\/2024, celebrada el pasado viernes 17 de mayo en el Auditorio Municipal, fue un rotundo \u00e9xito, destacando la alta participaci\u00f3n y el entusiasmo de todos los presentes. Con una tem\u00e1tica inspirada en los prestigiosos Oscars, la gala brill\u00f3 con el glamour y la emoci\u00f3n propios del s\u00e9ptimo arte.<\/p>\n<p>La entrada de la Casa de Cultura estaba decorada con esta tem\u00e1tica y todos los participantes pudieron pasear por la alfombra roja y hacerse fotos cual estrellas de cine.<\/p>\n<p>La ceremonia comenz\u00f3 a las 20:00 horas, con una elegante presentaci\u00f3n a cargo de Mar\u00eda S\u00e1nchez, Directora de la Casa de Cultura, quien ofreci\u00f3 un detallado repaso de los cursos ofrecidos por la Universidad Popular durante el ciclo 2023\/2024. Este a\u00f1o, m\u00e1s de 600 alumnos participaron en una amplia variedad de cursos, desde las categor\u00edas de Artes pl\u00e1sticas y aplicadas, pasando por la Educaci\u00f3n para la salud y calidad de vida, Alimentaci\u00f3n y consumo hasta las pertenecientes a Historia local y tradiciones culturales, demostrando un compromiso y una pasi\u00f3n dignos del mejor premio.<\/p>\n<p>A continuaci\u00f3n, Mar\u00eda Jos\u00e9 Moreno, Directora de la Biblioteca, tom\u00f3 la palabra para presentar los impresionantes logros de los 23 Clubes de Lectura, que reunieron a 291 apasionados lectores. Durante el periodo de octubre a mayo, se leyeron un total de 163 libros, con una media mensual de 700 participantes y 59 sesiones en total, consolidando la lectura como una actividad central y altamente valorada en nuestra comunidad.<\/p>\n<p>El evento cont\u00f3 con la presencia destacada de Mois\u00e9s L\u00f3pez, alcalde de Caudete, y Manoli Gonz\u00e1lez, concejal de Cultura, quienes ofrecieron unas palabras de agradecimiento y felicitaci\u00f3n a todos los participantes y organizadores.<\/p>\n<p>Uno de los momentos m\u00e1s emotivos de la noche fue el reconocimiento a los monitores de los cursos de la Universidad Popular y de los Clubes de Lectura. Las Directoras rindieron homenaje a estos dedicados profesionales, cuyas contribuciones fueron fundamentales para el \u00e9xito de las actividades de este a\u00f1o. Los monitores fueron aplaudidos calurosamente, recibiendo el merecido reconocimiento como las verdaderas estrellas de la noche.<\/p>\n<p>El broche de oro de la gala fue la espectacular presentaci\u00f3n inaugural, &#8220;\u00a1Luces, c\u00e1maras y acci\u00f3n!&#8221;, protagonizada por STRAD &#8220;El violinista Rebelde&#8221;. Este espect\u00e1culo fusion\u00f3 m\u00fasica, humor y una puesta en escena arrolladora, deleitando a todos los asistentes con un recorrido por las m\u00e1s fascinantes bandas sonoras del cine.<\/p>\n<p>Posteriormente se inaugur\u00f3 la Exposici\u00f3n con los trabajos realizados este curso 2023\/2024 por los alumnos de la Universidad Popular y los libros le\u00eddos en los diferentes clubes de lectura y que permanecer\u00e1 hasta el s\u00e1bado 1 de junio.<br \/>\nLa noche finaliz\u00f3 con una invitaci\u00f3n de vino y m\u00fasica en la calle rodeados de un ambiente festivo.<\/p>\n<p>La Gala de Fin de Curso de la Universidad Popular y los Clubes de Lectura 2023\/2024 no s\u00f3lo destac\u00f3 por su organizaci\u00f3n y participaci\u00f3n, sino tambi\u00e9n por el ambiente de celebraci\u00f3n y reconocimiento que se vivi\u00f3, haciendo de esta noche una inolvidable muestra de talento y dedicaci\u00f3n comunitaria.<\/p>\n<p><img fetchpriority=\"high\" decoding=\"async\" class=\"alignnone size-full wp-image-25131\" src=\"https:\/\/www.caudete.org\/ayuntamiento\/wp-content\/uploads\/2024\/05\/IMG_20240517_194947.jpg\" alt=\"\" width=\"1200\" height=\"676\" srcset=\"https:\/\/www.caudete.org\/ayuntamiento\/wp-content\/uploads\/2024\/05\/IMG_20240517_194947.jpg 1200w, https:\/\/www.caudete.org\/ayuntamiento\/wp-content\/uploads\/2024\/05\/IMG_20240517_194947-300x169.jpg 300w, https:\/\/www.caudete.org\/ayuntamiento\/wp-content\/uploads\/2024\/05\/IMG_20240517_194947-1024x577.jpg 1024w, https:\/\/www.caudete.org\/ayuntamiento\/wp-content\/uploads\/2024\/05\/IMG_20240517_194947-768x433.jpg 768w\" sizes=\"(max-width: 1200px) 100vw, 1200px\" \/> <img decoding=\"async\" class=\"alignnone size-full wp-image-25132\" src=\"https:\/\/www.caudete.org\/ayuntamiento\/wp-content\/uploads\/2024\/05\/IMG_20240517_201058-scaled.jpg\" alt=\"\" width=\"2560\" height=\"1441\" srcset=\"https:\/\/www.caudete.org\/ayuntamiento\/wp-content\/uploads\/2024\/05\/IMG_20240517_201058-scaled.jpg 2560w, https:\/\/www.caudete.org\/ayuntamiento\/wp-content\/uploads\/2024\/05\/IMG_20240517_201058-300x169.jpg 300w, https:\/\/www.caudete.org\/ayuntamiento\/wp-content\/uploads\/2024\/05\/IMG_20240517_201058-1024x577.jpg 1024w, https:\/\/www.caudete.org\/ayuntamiento\/wp-content\/uploads\/2024\/05\/IMG_20240517_201058-768x432.jpg 768w, https:\/\/www.caudete.org\/ayuntamiento\/wp-content\/uploads\/2024\/05\/IMG_20240517_201058-1536x865.jpg 1536w, https:\/\/www.caudete.org\/ayuntamiento\/wp-content\/uploads\/2024\/05\/IMG_20240517_201058-2048x1153.jpg 2048w\" sizes=\"(max-width: 2560px) 100vw, 2560px\" \/> <img decoding=\"async\" class=\"alignnone size-full wp-image-25133\" src=\"https:\/\/www.caudete.org\/ayuntamiento\/wp-content\/uploads\/2024\/05\/IMG_20240517_203157-scaled.jpg\" alt=\"\" width=\"2560\" height=\"1441\" srcset=\"https:\/\/www.caudete.org\/ayuntamiento\/wp-content\/uploads\/2024\/05\/IMG_20240517_203157-scaled.jpg 2560w, https:\/\/www.caudete.org\/ayuntamiento\/wp-content\/uploads\/2024\/05\/IMG_20240517_203157-300x169.jpg 300w, https:\/\/www.caudete.org\/ayuntamiento\/wp-content\/uploads\/2024\/05\/IMG_20240517_203157-1024x577.jpg 1024w, https:\/\/www.caudete.org\/ayuntamiento\/wp-content\/uploads\/2024\/05\/IMG_20240517_203157-768x432.jpg 768w, https:\/\/www.caudete.org\/ayuntamiento\/wp-content\/uploads\/2024\/05\/IMG_20240517_203157-1536x865.jpg 1536w, https:\/\/www.caudete.org\/ayuntamiento\/wp-content\/uploads\/2024\/05\/IMG_20240517_203157-2048x1153.jpg 2048w\" sizes=\"(max-width: 2560px) 100vw, 2560px\" \/> <img loading=\"lazy\" decoding=\"async\" class=\"alignnone size-full wp-image-25134\" src=\"https:\/\/www.caudete.org\/ayuntamiento\/wp-content\/uploads\/2024\/05\/IMG_20240517_214031-scaled.jpg\" alt=\"\" width=\"2560\" height=\"1441\" srcset=\"https:\/\/www.caudete.org\/ayuntamiento\/wp-content\/uploads\/2024\/05\/IMG_20240517_214031-scaled.jpg 2560w, https:\/\/www.caudete.org\/ayuntamiento\/wp-content\/uploads\/2024\/05\/IMG_20240517_214031-300x169.jpg 300w, https:\/\/www.caudete.org\/ayuntamiento\/wp-content\/uploads\/2024\/05\/IMG_20240517_214031-1024x577.jpg 1024w, https:\/\/www.caudete.org\/ayuntamiento\/wp-content\/uploads\/2024\/05\/IMG_20240517_214031-768x432.jpg 768w, https:\/\/www.caudete.org\/ayuntamiento\/wp-content\/uploads\/2024\/05\/IMG_20240517_214031-1536x865.jpg 1536w, https:\/\/www.caudete.org\/ayuntamiento\/wp-content\/uploads\/2024\/05\/IMG_20240517_214031-2048x1153.jpg 2048w\" sizes=\"(max-width: 2560px) 100vw, 2560px\" \/> <img loading=\"lazy\" decoding=\"async\" class=\"alignnone size-full wp-image-25135\" src=\"https:\/\/www.caudete.org\/ayuntamiento\/wp-content\/uploads\/2024\/05\/IMG_20240517_215142-scaled.jpg\" alt=\"\" width=\"2560\" height=\"1442\" srcset=\"https:\/\/www.caudete.org\/ayuntamiento\/wp-content\/uploads\/2024\/05\/IMG_20240517_215142-scaled.jpg 2560w, https:\/\/www.caudete.org\/ayuntamiento\/wp-content\/uploads\/2024\/05\/IMG_20240517_215142-300x169.jpg 300w, https:\/\/www.caudete.org\/ayuntamiento\/wp-content\/uploads\/2024\/05\/IMG_20240517_215142-1024x577.jpg 1024w, https:\/\/www.caudete.org\/ayuntamiento\/wp-content\/uploads\/2024\/05\/IMG_20240517_215142-768x433.jpg 768w, https:\/\/www.caudete.org\/ayuntamiento\/wp-content\/uploads\/2024\/05\/IMG_20240517_215142-1536x865.jpg 1536w, https:\/\/www.caudete.org\/ayuntamiento\/wp-content\/uploads\/2024\/05\/IMG_20240517_215142-2048x1154.jpg 2048w\" sizes=\"(max-width: 2560px) 100vw, 2560px\" \/><\/p>\n","protected":false},"excerpt":{"rendered":"<p>La Concejal\u00eda de Cultura del M. I. Ayuntamiento de Caudete informa que la Gala de Fin de Curso de la Universidad Popular y los Clubes de Lectura 2023\/2024, celebrada el pasado viernes 17 de mayo en el Auditorio Municipal, fue un rotundo \u00e9xito, destacando la alta participaci\u00f3n y el entusiasmo de todos los presentes. Con &hellip;<\/p>\n","protected":false},"author":5,"featured_media":25137,"comment_status":"closed","ping_status":"open","sticky":false,"template":"","format":"standard","meta":{"ngg_post_thumbnail":0,"footnotes":""},"categories":[14],"tags":[],"class_list":["post-25130","post","type-post","status-publish","format-standard","has-post-thumbnail","hentry","category-cultura"],"yoast_head":"<!-- This site is optimized with the Yoast SEO plugin v27.5 - https:\/\/yoast.com\/product\/yoast-seo-wordpress\/ -->\n<title>Gala de Fin de Curso de la Universidad Popular y los Clubes de Lectura 2023\/2024 - MI Ayuntamiento de Caudete<\/title>\n<meta name=\"description\" content=\"P\u00e1gina Oficial del Ayuntamiento de Caudete (Albacete)\" \/>\n<meta name=\"robots\" content=\"index, follow, max-snippet:-1, max-image-preview:large, max-video-preview:-1\" \/>\n<link rel=\"canonical\" href=\"https:\/\/www.caudete.org\/ayuntamiento\/gala-de-fin-de-curso-de-la-universidad-popular-y-los-clubes-de-lectura-2023-2024\/\" \/>\n<meta property=\"og:locale\" content=\"es_ES\" \/>\n<meta property=\"og:type\" content=\"article\" \/>\n<meta property=\"og:title\" content=\"Gala de Fin de Curso de la Universidad Popular y los Clubes de Lectura 2023\/2024 - MI Ayuntamiento de Caudete\" \/>\n<meta property=\"og:description\" content=\"P\u00e1gina Oficial del Ayuntamiento de Caudete (Albacete)\" \/>\n<meta property=\"og:url\" content=\"https:\/\/www.caudete.org\/ayuntamiento\/gala-de-fin-de-curso-de-la-universidad-popular-y-los-clubes-de-lectura-2023-2024\/\" \/>\n<meta property=\"og:site_name\" content=\"MI Ayuntamiento de Caudete\" \/>\n<meta property=\"article:publisher\" content=\"https:\/\/www.facebook.com\/ayuntamientocaudete\/\" \/>\n<meta property=\"article:published_time\" content=\"2024-05-23T06:05:23+00:00\" \/>\n<meta property=\"article:modified_time\" content=\"2024-05-29T11:30:56+00:00\" \/>\n<meta property=\"og:image\" content=\"https:\/\/www.caudete.org\/ayuntamiento\/wp-content\/uploads\/2024\/05\/IMG_20240517_203157-port-scaled.jpg\" \/>\n\t<meta property=\"og:image:width\" content=\"2560\" \/>\n\t<meta property=\"og:image:height\" content=\"1011\" \/>\n\t<meta property=\"og:image:type\" content=\"image\/jpeg\" \/>\n<meta name=\"author\" content=\"Dpto Informatica MI Ayuntamiento de Caudete\" \/>\n<meta name=\"twitter:card\" content=\"summary_large_image\" \/>\n<meta name=\"twitter:label1\" content=\"Escrito por\" \/>\n\t<meta name=\"twitter:data1\" content=\"Dpto Informatica MI Ayuntamiento de Caudete\" \/>\n\t<meta name=\"twitter:label2\" content=\"Tiempo de lectura\" \/>\n\t<meta name=\"twitter:data2\" content=\"4 minutos\" \/>\n<script type=\"application\/ld+json\" class=\"yoast-schema-graph\">{\"@context\":\"https:\\\/\\\/schema.org\",\"@graph\":[{\"@type\":\"Article\",\"@id\":\"https:\\\/\\\/www.caudete.org\\\/ayuntamiento\\\/gala-de-fin-de-curso-de-la-universidad-popular-y-los-clubes-de-lectura-2023-2024\\\/#article\",\"isPartOf\":{\"@id\":\"https:\\\/\\\/www.caudete.org\\\/ayuntamiento\\\/gala-de-fin-de-curso-de-la-universidad-popular-y-los-clubes-de-lectura-2023-2024\\\/\"},\"author\":{\"name\":\"Dpto Informatica MI Ayuntamiento de Caudete\",\"@id\":\"https:\\\/\\\/www.caudete.org\\\/ayuntamiento\\\/#\\\/schema\\\/person\\\/4b9eab41761957db9b1bf9c418d1ef46\"},\"headline\":\"Gala de Fin de Curso de la Universidad Popular y los Clubes de Lectura 2023\\\/2024\",\"datePublished\":\"2024-05-23T06:05:23+00:00\",\"dateModified\":\"2024-05-29T11:30:56+00:00\",\"mainEntityOfPage\":{\"@id\":\"https:\\\/\\\/www.caudete.org\\\/ayuntamiento\\\/gala-de-fin-de-curso-de-la-universidad-popular-y-los-clubes-de-lectura-2023-2024\\\/\"},\"wordCount\":558,\"image\":{\"@id\":\"https:\\\/\\\/www.caudete.org\\\/ayuntamiento\\\/gala-de-fin-de-curso-de-la-universidad-popular-y-los-clubes-de-lectura-2023-2024\\\/#primaryimage\"},\"thumbnailUrl\":\"https:\\\/\\\/www.caudete.org\\\/ayuntamiento\\\/wp-content\\\/uploads\\\/2024\\\/05\\\/IMG_20240517_203157-port-scaled.jpg\",\"articleSection\":[\"Cultura\"],\"inLanguage\":\"es\"},{\"@type\":\"WebPage\",\"@id\":\"https:\\\/\\\/www.caudete.org\\\/ayuntamiento\\\/gala-de-fin-de-curso-de-la-universidad-popular-y-los-clubes-de-lectura-2023-2024\\\/\",\"url\":\"https:\\\/\\\/www.caudete.org\\\/ayuntamiento\\\/gala-de-fin-de-curso-de-la-universidad-popular-y-los-clubes-de-lectura-2023-2024\\\/\",\"name\":\"Gala de Fin de Curso de la Universidad Popular y los Clubes de Lectura 2023\\\/2024 - MI Ayuntamiento de Caudete\",\"isPartOf\":{\"@id\":\"https:\\\/\\\/www.caudete.org\\\/ayuntamiento\\\/#website\"},\"primaryImageOfPage\":{\"@id\":\"https:\\\/\\\/www.caudete.org\\\/ayuntamiento\\\/gala-de-fin-de-curso-de-la-universidad-popular-y-los-clubes-de-lectura-2023-2024\\\/#primaryimage\"},\"image\":{\"@id\":\"https:\\\/\\\/www.caudete.org\\\/ayuntamiento\\\/gala-de-fin-de-curso-de-la-universidad-popular-y-los-clubes-de-lectura-2023-2024\\\/#primaryimage\"},\"thumbnailUrl\":\"https:\\\/\\\/www.caudete.org\\\/ayuntamiento\\\/wp-content\\\/uploads\\\/2024\\\/05\\\/IMG_20240517_203157-port-scaled.jpg\",\"datePublished\":\"2024-05-23T06:05:23+00:00\",\"dateModified\":\"2024-05-29T11:30:56+00:00\",\"author\":{\"@id\":\"https:\\\/\\\/www.caudete.org\\\/ayuntamiento\\\/#\\\/schema\\\/person\\\/4b9eab41761957db9b1bf9c418d1ef46\"},\"description\":\"P\u00e1gina Oficial del Ayuntamiento de Caudete (Albacete)\",\"breadcrumb\":{\"@id\":\"https:\\\/\\\/www.caudete.org\\\/ayuntamiento\\\/gala-de-fin-de-curso-de-la-universidad-popular-y-los-clubes-de-lectura-2023-2024\\\/#breadcrumb\"},\"inLanguage\":\"es\",\"potentialAction\":[{\"@type\":\"ReadAction\",\"target\":[\"https:\\\/\\\/www.caudete.org\\\/ayuntamiento\\\/gala-de-fin-de-curso-de-la-universidad-popular-y-los-clubes-de-lectura-2023-2024\\\/\"]}]},{\"@type\":\"ImageObject\",\"inLanguage\":\"es\",\"@id\":\"https:\\\/\\\/www.caudete.org\\\/ayuntamiento\\\/gala-de-fin-de-curso-de-la-universidad-popular-y-los-clubes-de-lectura-2023-2024\\\/#primaryimage\",\"url\":\"https:\\\/\\\/www.caudete.org\\\/ayuntamiento\\\/wp-content\\\/uploads\\\/2024\\\/05\\\/IMG_20240517_203157-port-scaled.jpg\",\"contentUrl\":\"https:\\\/\\\/www.caudete.org\\\/ayuntamiento\\\/wp-content\\\/uploads\\\/2024\\\/05\\\/IMG_20240517_203157-port-scaled.jpg\",\"width\":2560,\"height\":1011},{\"@type\":\"BreadcrumbList\",\"@id\":\"https:\\\/\\\/www.caudete.org\\\/ayuntamiento\\\/gala-de-fin-de-curso-de-la-universidad-popular-y-los-clubes-de-lectura-2023-2024\\\/#breadcrumb\",\"itemListElement\":[{\"@type\":\"ListItem\",\"position\":1,\"name\":\"Inicio\",\"item\":\"https:\\\/\\\/www.caudete.org\\\/ayuntamiento\\\/\"},{\"@type\":\"ListItem\",\"position\":2,\"name\":\"Gala de Fin de Curso de la Universidad Popular y los Clubes de Lectura 2023\\\/2024\"}]},{\"@type\":\"WebSite\",\"@id\":\"https:\\\/\\\/www.caudete.org\\\/ayuntamiento\\\/#website\",\"url\":\"https:\\\/\\\/www.caudete.org\\\/ayuntamiento\\\/\",\"name\":\"MI Ayuntamiento de Caudete\",\"description\":\"P\u00e1gina Oficial del MI Ayuntamiento de Caudete\",\"potentialAction\":[{\"@type\":\"SearchAction\",\"target\":{\"@type\":\"EntryPoint\",\"urlTemplate\":\"https:\\\/\\\/www.caudete.org\\\/ayuntamiento\\\/?s={search_term_string}\"},\"query-input\":{\"@type\":\"PropertyValueSpecification\",\"valueRequired\":true,\"valueName\":\"search_term_string\"}}],\"inLanguage\":\"es\"},{\"@type\":\"Person\",\"@id\":\"https:\\\/\\\/www.caudete.org\\\/ayuntamiento\\\/#\\\/schema\\\/person\\\/4b9eab41761957db9b1bf9c418d1ef46\",\"name\":\"Dpto Informatica MI Ayuntamiento de Caudete\",\"image\":{\"@type\":\"ImageObject\",\"inLanguage\":\"es\",\"@id\":\"https:\\\/\\\/secure.gravatar.com\\\/avatar\\\/ac0321ee4a0a83e82a253e7b2d348ef539e2c8fe16d06b600bde04de1b364fa7?s=96&d=mm&r=g\",\"url\":\"https:\\\/\\\/secure.gravatar.com\\\/avatar\\\/ac0321ee4a0a83e82a253e7b2d348ef539e2c8fe16d06b600bde04de1b364fa7?s=96&d=mm&r=g\",\"contentUrl\":\"https:\\\/\\\/secure.gravatar.com\\\/avatar\\\/ac0321ee4a0a83e82a253e7b2d348ef539e2c8fe16d06b600bde04de1b364fa7?s=96&d=mm&r=g\",\"caption\":\"Dpto Informatica MI Ayuntamiento de Caudete\"},\"url\":\"https:\\\/\\\/www.caudete.org\\\/ayuntamiento\\\/author\\\/informatica\\\/\"}]}<\/script>\n<!-- \/ Yoast SEO plugin. -->","yoast_head_json":{"title":"Gala de Fin de Curso de la Universidad Popular y los Clubes de Lectura 2023\/2024 - MI Ayuntamiento de Caudete","description":"P\u00e1gina Oficial del Ayuntamiento de Caudete (Albacete)","robots":{"index":"index","follow":"follow","max-snippet":"max-snippet:-1","max-image-preview":"max-image-preview:large","max-video-preview":"max-video-preview:-1"},"canonical":"https:\/\/www.caudete.org\/ayuntamiento\/gala-de-fin-de-curso-de-la-universidad-popular-y-los-clubes-de-lectura-2023-2024\/","og_locale":"es_ES","og_type":"article","og_title":"Gala de Fin de Curso de la Universidad Popular y los Clubes de Lectura 2023\/2024 - MI Ayuntamiento de Caudete","og_description":"P\u00e1gina Oficial del Ayuntamiento de Caudete (Albacete)","og_url":"https:\/\/www.caudete.org\/ayuntamiento\/gala-de-fin-de-curso-de-la-universidad-popular-y-los-clubes-de-lectura-2023-2024\/","og_site_name":"MI Ayuntamiento de Caudete","article_publisher":"https:\/\/www.facebook.com\/ayuntamientocaudete\/","article_published_time":"2024-05-23T06:05:23+00:00","article_modified_time":"2024-05-29T11:30:56+00:00","og_image":[{"width":2560,"height":1011,"url":"https:\/\/www.caudete.org\/ayuntamiento\/wp-content\/uploads\/2024\/05\/IMG_20240517_203157-port-scaled.jpg","type":"image\/jpeg"}],"author":"Dpto Informatica MI Ayuntamiento de Caudete","twitter_card":"summary_large_image","twitter_misc":{"Escrito por":"Dpto Informatica MI Ayuntamiento de Caudete","Tiempo de lectura":"4 minutos"},"schema":{"@context":"https:\/\/schema.org","@graph":[{"@type":"Article","@id":"https:\/\/www.caudete.org\/ayuntamiento\/gala-de-fin-de-curso-de-la-universidad-popular-y-los-clubes-de-lectura-2023-2024\/#article","isPartOf":{"@id":"https:\/\/www.caudete.org\/ayuntamiento\/gala-de-fin-de-curso-de-la-universidad-popular-y-los-clubes-de-lectura-2023-2024\/"},"author":{"name":"Dpto Informatica MI Ayuntamiento de Caudete","@id":"https:\/\/www.caudete.org\/ayuntamiento\/#\/schema\/person\/4b9eab41761957db9b1bf9c418d1ef46"},"headline":"Gala de Fin de Curso de la Universidad Popular y los Clubes de Lectura 2023\/2024","datePublished":"2024-05-23T06:05:23+00:00","dateModified":"2024-05-29T11:30:56+00:00","mainEntityOfPage":{"@id":"https:\/\/www.caudete.org\/ayuntamiento\/gala-de-fin-de-curso-de-la-universidad-popular-y-los-clubes-de-lectura-2023-2024\/"},"wordCount":558,"image":{"@id":"https:\/\/www.caudete.org\/ayuntamiento\/gala-de-fin-de-curso-de-la-universidad-popular-y-los-clubes-de-lectura-2023-2024\/#primaryimage"},"thumbnailUrl":"https:\/\/www.caudete.org\/ayuntamiento\/wp-content\/uploads\/2024\/05\/IMG_20240517_203157-port-scaled.jpg","articleSection":["Cultura"],"inLanguage":"es"},{"@type":"WebPage","@id":"https:\/\/www.caudete.org\/ayuntamiento\/gala-de-fin-de-curso-de-la-universidad-popular-y-los-clubes-de-lectura-2023-2024\/","url":"https:\/\/www.caudete.org\/ayuntamiento\/gala-de-fin-de-curso-de-la-universidad-popular-y-los-clubes-de-lectura-2023-2024\/","name":"Gala de Fin de Curso de la Universidad Popular y los Clubes de Lectura 2023\/2024 - MI Ayuntamiento de Caudete","isPartOf":{"@id":"https:\/\/www.caudete.org\/ayuntamiento\/#website"},"primaryImageOfPage":{"@id":"https:\/\/www.caudete.org\/ayuntamiento\/gala-de-fin-de-curso-de-la-universidad-popular-y-los-clubes-de-lectura-2023-2024\/#primaryimage"},"image":{"@id":"https:\/\/www.caudete.org\/ayuntamiento\/gala-de-fin-de-curso-de-la-universidad-popular-y-los-clubes-de-lectura-2023-2024\/#primaryimage"},"thumbnailUrl":"https:\/\/www.caudete.org\/ayuntamiento\/wp-content\/uploads\/2024\/05\/IMG_20240517_203157-port-scaled.jpg","datePublished":"2024-05-23T06:05:23+00:00","dateModified":"2024-05-29T11:30:56+00:00","author":{"@id":"https:\/\/www.caudete.org\/ayuntamiento\/#\/schema\/person\/4b9eab41761957db9b1bf9c418d1ef46"},"description":"P\u00e1gina Oficial del Ayuntamiento de Caudete (Albacete)","breadcrumb":{"@id":"https:\/\/www.caudete.org\/ayuntamiento\/gala-de-fin-de-curso-de-la-universidad-popular-y-los-clubes-de-lectura-2023-2024\/#breadcrumb"},"inLanguage":"es","potentialAction":[{"@type":"ReadAction","target":["https:\/\/www.caudete.org\/ayuntamiento\/gala-de-fin-de-curso-de-la-universidad-popular-y-los-clubes-de-lectura-2023-2024\/"]}]},{"@type":"ImageObject","inLanguage":"es","@id":"https:\/\/www.caudete.org\/ayuntamiento\/gala-de-fin-de-curso-de-la-universidad-popular-y-los-clubes-de-lectura-2023-2024\/#primaryimage","url":"https:\/\/www.caudete.org\/ayuntamiento\/wp-content\/uploads\/2024\/05\/IMG_20240517_203157-port-scaled.jpg","contentUrl":"https:\/\/www.caudete.org\/ayuntamiento\/wp-content\/uploads\/2024\/05\/IMG_20240517_203157-port-scaled.jpg","width":2560,"height":1011},{"@type":"BreadcrumbList","@id":"https:\/\/www.caudete.org\/ayuntamiento\/gala-de-fin-de-curso-de-la-universidad-popular-y-los-clubes-de-lectura-2023-2024\/#breadcrumb","itemListElement":[{"@type":"ListItem","position":1,"name":"Inicio","item":"https:\/\/www.caudete.org\/ayuntamiento\/"},{"@type":"ListItem","position":2,"name":"Gala de Fin de Curso de la Universidad Popular y los Clubes de Lectura 2023\/2024"}]},{"@type":"WebSite","@id":"https:\/\/www.caudete.org\/ayuntamiento\/#website","url":"https:\/\/www.caudete.org\/ayuntamiento\/","name":"MI Ayuntamiento de Caudete","description":"P\u00e1gina Oficial del MI Ayuntamiento de Caudete","potentialAction":[{"@type":"SearchAction","target":{"@type":"EntryPoint","urlTemplate":"https:\/\/www.caudete.org\/ayuntamiento\/?s={search_term_string}"},"query-input":{"@type":"PropertyValueSpecification","valueRequired":true,"valueName":"search_term_string"}}],"inLanguage":"es"},{"@type":"Person","@id":"https:\/\/www.caudete.org\/ayuntamiento\/#\/schema\/person\/4b9eab41761957db9b1bf9c418d1ef46","name":"Dpto Informatica MI Ayuntamiento de Caudete","image":{"@type":"ImageObject","inLanguage":"es","@id":"https:\/\/secure.gravatar.com\/avatar\/ac0321ee4a0a83e82a253e7b2d348ef539e2c8fe16d06b600bde04de1b364fa7?s=96&d=mm&r=g","url":"https:\/\/secure.gravatar.com\/avatar\/ac0321ee4a0a83e82a253e7b2d348ef539e2c8fe16d06b600bde04de1b364fa7?s=96&d=mm&r=g","contentUrl":"https:\/\/secure.gravatar.com\/avatar\/ac0321ee4a0a83e82a253e7b2d348ef539e2c8fe16d06b600bde04de1b364fa7?s=96&d=mm&r=g","caption":"Dpto Informatica MI Ayuntamiento de Caudete"},"url":"https:\/\/www.caudete.org\/ayuntamiento\/author\/informatica\/"}]}},"_links":{"self":[{"href":"https:\/\/www.caudete.org\/ayuntamiento\/wp-json\/wp\/v2\/posts\/25130","targetHints":{"allow":["GET"]}}],"collection":[{"href":"https:\/\/www.caudete.org\/ayuntamiento\/wp-json\/wp\/v2\/posts"}],"about":[{"href":"https:\/\/www.caudete.org\/ayuntamiento\/wp-json\/wp\/v2\/types\/post"}],"author":[{"embeddable":true,"href":"https:\/\/www.caudete.org\/ayuntamiento\/wp-json\/wp\/v2\/users\/5"}],"replies":[{"embeddable":true,"href":"https:\/\/www.caudete.org\/ayuntamiento\/wp-json\/wp\/v2\/comments?post=25130"}],"version-history":[{"count":1,"href":"https:\/\/www.caudete.org\/ayuntamiento\/wp-json\/wp\/v2\/posts\/25130\/revisions"}],"predecessor-version":[{"id":25136,"href":"https:\/\/www.caudete.org\/ayuntamiento\/wp-json\/wp\/v2\/posts\/25130\/revisions\/25136"}],"wp:featuredmedia":[{"embeddable":true,"href":"https:\/\/www.caudete.org\/ayuntamiento\/wp-json\/wp\/v2\/media\/25137"}],"wp:attachment":[{"href":"https:\/\/www.caudete.org\/ayuntamiento\/wp-json\/wp\/v2\/media?parent=25130"}],"wp:term":[{"taxonomy":"category","embeddable":true,"href":"https:\/\/www.caudete.org\/ayuntamiento\/wp-json\/wp\/v2\/categories?post=25130"},{"taxonomy":"post_tag","embeddable":true,"href":"https:\/\/www.caudete.org\/ayuntamiento\/wp-json\/wp\/v2\/tags?post=25130"}],"curies":[{"name":"wp","href":"https:\/\/api.w.org\/{rel}","templated":true}]}}