{"id":25148,"date":"2024-05-25T09:00:01","date_gmt":"2024-05-25T07:00:01","guid":{"rendered":"https:\/\/www.caudete.org\/ayuntamiento\/?p=25148"},"modified":"2024-05-28T12:08:04","modified_gmt":"2024-05-28T10:08:04","slug":"abycine-los-lunes-al-cine-la-espera","status":"publish","type":"post","link":"https:\/\/www.caudete.org\/ayuntamiento\/abycine-los-lunes-al-cine-la-espera\/","title":{"rendered":"Abycine Los Lunes al Cine: &#8220;La Espera&#8221;"},"content":{"rendered":"<p>La Concejal\u00eda de Cultura del M.I. Ayuntamiento de Caudete nos presenta para los meses de mayo y junio \u201cLos Lunes al cine\u201d.<\/p>\n<p>Un proyecto impulsado por la Fundaci\u00f3n Abycine-AB \u201cTerritorio AB\u201d para acercar la cultura cinematogr\u00e1fica a la provincia de Albacete con el apoyo de la Diputaci\u00f3n de Albacete y que se inici\u00f3 el a\u00f1o pasado con muy buena aceptaci\u00f3n.<\/p>\n<p>El lunes 27 de mayo tendremos la pel\u00edcula \u201cLa espera\u201d .<\/p>\n<p>El director Francisco Javier Guti\u00e9rrez vuelve a dirigir un largometraje en Espa\u00f1a despu\u00e9s de realizar Rings (2017) y 15 a\u00f1os despu\u00e9s de debutar con 3 d\u00edas (2008)<\/p>\n<p>Un film m\u00e1s personal<br \/>\nFrancisco Javier Guti\u00e9rrez explic\u00f3 que sent\u00eda la necesidad de rodar de nuevo en Andaluc\u00eda, su tierra, haciendo de La espera un film &#8220;algo m\u00e1s \u00edntimo, m\u00e1s personal&#8221;.<\/p>\n<p>Sinopsis:<br \/>\nEladio trabaja como guarda de una finca en la regi\u00f3n de Andaluc\u00eda. Una zona marcada por un clima \u00e1rido, por el continuo aislamiento y por v\u00ednculos con los due\u00f1os que se remontan a generaciones pasadas. Un d\u00eda, recibe el soborno de un cazador, para que le deje cazar a gusto en los terrenos que custodia. Lo que parec\u00eda un esperado vuelco favorable para Eladio se convierte en toda una pesadilla, ya que le toca vivir un macabro descenso a los infiernos donde su cordura se ver\u00e1 puesta a prueba m\u00e1s all\u00e1 de sus l\u00edmites.<\/p>\n<p>Director y actor llevan a este thriller rural ambientado la Andaluc\u00eda de los setenta por un camino solemne y misterioso que culmina en una propuesta imprevisible e interesante.<\/p>\n<p>Lunes 27 de mayo a las 21:00 con entrada libre.<\/p>\n<p><img fetchpriority=\"high\" decoding=\"async\" class=\"alignnone size-full wp-image-25149\" src=\"https:\/\/www.caudete.org\/ayuntamiento\/wp-content\/uploads\/2024\/05\/Cartel-LA-Espera-Los-lunes-al-cine.jpg\" alt=\"\" width=\"1200\" height=\"1698\" srcset=\"https:\/\/www.caudete.org\/ayuntamiento\/wp-content\/uploads\/2024\/05\/Cartel-LA-Espera-Los-lunes-al-cine.jpg 1200w, https:\/\/www.caudete.org\/ayuntamiento\/wp-content\/uploads\/2024\/05\/Cartel-LA-Espera-Los-lunes-al-cine-212x300.jpg 212w, https:\/\/www.caudete.org\/ayuntamiento\/wp-content\/uploads\/2024\/05\/Cartel-LA-Espera-Los-lunes-al-cine-724x1024.jpg 724w, https:\/\/www.caudete.org\/ayuntamiento\/wp-content\/uploads\/2024\/05\/Cartel-LA-Espera-Los-lunes-al-cine-768x1087.jpg 768w, https:\/\/www.caudete.org\/ayuntamiento\/wp-content\/uploads\/2024\/05\/Cartel-LA-Espera-Los-lunes-al-cine-1086x1536.jpg 1086w\" sizes=\"(max-width: 1200px) 100vw, 1200px\" \/><\/p>\n","protected":false},"excerpt":{"rendered":"<p>La Concejal\u00eda de Cultura del M.I. Ayuntamiento de Caudete nos presenta para los meses de mayo y junio \u201cLos Lunes al cine\u201d. Un proyecto impulsado por la Fundaci\u00f3n Abycine-AB \u201cTerritorio AB\u201d para acercar la cultura cinematogr\u00e1fica a la provincia de Albacete con el apoyo de la Diputaci\u00f3n de Albacete y que se inici\u00f3 el a\u00f1o &hellip;<\/p>\n","protected":false},"author":5,"featured_media":25150,"comment_status":"closed","ping_status":"open","sticky":false,"template":"","format":"standard","meta":{"ngg_post_thumbnail":0,"footnotes":""},"categories":[14],"tags":[],"class_list":["post-25148","post","type-post","status-publish","format-standard","has-post-thumbnail","hentry","category-cultura"],"yoast_head":"<!-- This site is optimized with the Yoast SEO plugin v27.5 - https:\/\/yoast.com\/product\/yoast-seo-wordpress\/ -->\n<title>Abycine Los Lunes al Cine: &quot;La Espera&quot; - MI Ayuntamiento de Caudete<\/title>\n<meta name=\"description\" content=\"P\u00e1gina Oficial del Ayuntamiento de Caudete (Albacete)\" \/>\n<meta name=\"robots\" content=\"index, follow, max-snippet:-1, max-image-preview:large, max-video-preview:-1\" \/>\n<link rel=\"canonical\" href=\"https:\/\/www.caudete.org\/ayuntamiento\/abycine-los-lunes-al-cine-la-espera\/\" \/>\n<meta property=\"og:locale\" content=\"es_ES\" \/>\n<meta property=\"og:type\" content=\"article\" \/>\n<meta property=\"og:title\" content=\"Abycine Los Lunes al Cine: &quot;La Espera&quot; - MI Ayuntamiento de Caudete\" \/>\n<meta property=\"og:description\" content=\"P\u00e1gina Oficial del Ayuntamiento de Caudete (Albacete)\" \/>\n<meta property=\"og:url\" content=\"https:\/\/www.caudete.org\/ayuntamiento\/abycine-los-lunes-al-cine-la-espera\/\" \/>\n<meta property=\"og:site_name\" content=\"MI Ayuntamiento de Caudete\" \/>\n<meta property=\"article:publisher\" content=\"https:\/\/www.facebook.com\/ayuntamientocaudete\/\" \/>\n<meta property=\"article:published_time\" content=\"2024-05-25T07:00:01+00:00\" \/>\n<meta property=\"article:modified_time\" content=\"2024-05-28T10:08:04+00:00\" \/>\n<meta property=\"og:image\" content=\"https:\/\/www.caudete.org\/ayuntamiento\/wp-content\/uploads\/2024\/05\/Cartel-LA-Espera-Los-lunes-al-cine-port.jpg\" \/>\n\t<meta property=\"og:image:width\" content=\"996\" \/>\n\t<meta property=\"og:image:height\" content=\"426\" \/>\n\t<meta property=\"og:image:type\" content=\"image\/jpeg\" \/>\n<meta name=\"author\" content=\"Dpto Informatica MI Ayuntamiento de Caudete\" \/>\n<meta name=\"twitter:card\" content=\"summary_large_image\" \/>\n<meta name=\"twitter:label1\" content=\"Escrito por\" \/>\n\t<meta name=\"twitter:data1\" content=\"Dpto Informatica MI Ayuntamiento de Caudete\" \/>\n\t<meta name=\"twitter:label2\" content=\"Tiempo de lectura\" \/>\n\t<meta name=\"twitter:data2\" content=\"2 minutos\" \/>\n<script type=\"application\/ld+json\" class=\"yoast-schema-graph\">{\"@context\":\"https:\\\/\\\/schema.org\",\"@graph\":[{\"@type\":\"Article\",\"@id\":\"https:\\\/\\\/www.caudete.org\\\/ayuntamiento\\\/abycine-los-lunes-al-cine-la-espera\\\/#article\",\"isPartOf\":{\"@id\":\"https:\\\/\\\/www.caudete.org\\\/ayuntamiento\\\/abycine-los-lunes-al-cine-la-espera\\\/\"},\"author\":{\"name\":\"Dpto Informatica MI Ayuntamiento de Caudete\",\"@id\":\"https:\\\/\\\/www.caudete.org\\\/ayuntamiento\\\/#\\\/schema\\\/person\\\/4b9eab41761957db9b1bf9c418d1ef46\"},\"headline\":\"Abycine Los Lunes al Cine: &#8220;La Espera&#8221;\",\"datePublished\":\"2024-05-25T07:00:01+00:00\",\"dateModified\":\"2024-05-28T10:08:04+00:00\",\"mainEntityOfPage\":{\"@id\":\"https:\\\/\\\/www.caudete.org\\\/ayuntamiento\\\/abycine-los-lunes-al-cine-la-espera\\\/\"},\"wordCount\":290,\"image\":{\"@id\":\"https:\\\/\\\/www.caudete.org\\\/ayuntamiento\\\/abycine-los-lunes-al-cine-la-espera\\\/#primaryimage\"},\"thumbnailUrl\":\"https:\\\/\\\/www.caudete.org\\\/ayuntamiento\\\/wp-content\\\/uploads\\\/2024\\\/05\\\/Cartel-LA-Espera-Los-lunes-al-cine-port.jpg\",\"articleSection\":[\"Cultura\"],\"inLanguage\":\"es\"},{\"@type\":\"WebPage\",\"@id\":\"https:\\\/\\\/www.caudete.org\\\/ayuntamiento\\\/abycine-los-lunes-al-cine-la-espera\\\/\",\"url\":\"https:\\\/\\\/www.caudete.org\\\/ayuntamiento\\\/abycine-los-lunes-al-cine-la-espera\\\/\",\"name\":\"Abycine Los Lunes al Cine: \\\"La Espera\\\" - MI Ayuntamiento de Caudete\",\"isPartOf\":{\"@id\":\"https:\\\/\\\/www.caudete.org\\\/ayuntamiento\\\/#website\"},\"primaryImageOfPage\":{\"@id\":\"https:\\\/\\\/www.caudete.org\\\/ayuntamiento\\\/abycine-los-lunes-al-cine-la-espera\\\/#primaryimage\"},\"image\":{\"@id\":\"https:\\\/\\\/www.caudete.org\\\/ayuntamiento\\\/abycine-los-lunes-al-cine-la-espera\\\/#primaryimage\"},\"thumbnailUrl\":\"https:\\\/\\\/www.caudete.org\\\/ayuntamiento\\\/wp-content\\\/uploads\\\/2024\\\/05\\\/Cartel-LA-Espera-Los-lunes-al-cine-port.jpg\",\"datePublished\":\"2024-05-25T07:00:01+00:00\",\"dateModified\":\"2024-05-28T10:08:04+00:00\",\"author\":{\"@id\":\"https:\\\/\\\/www.caudete.org\\\/ayuntamiento\\\/#\\\/schema\\\/person\\\/4b9eab41761957db9b1bf9c418d1ef46\"},\"description\":\"P\u00e1gina Oficial del Ayuntamiento de Caudete (Albacete)\",\"breadcrumb\":{\"@id\":\"https:\\\/\\\/www.caudete.org\\\/ayuntamiento\\\/abycine-los-lunes-al-cine-la-espera\\\/#breadcrumb\"},\"inLanguage\":\"es\",\"potentialAction\":[{\"@type\":\"ReadAction\",\"target\":[\"https:\\\/\\\/www.caudete.org\\\/ayuntamiento\\\/abycine-los-lunes-al-cine-la-espera\\\/\"]}]},{\"@type\":\"ImageObject\",\"inLanguage\":\"es\",\"@id\":\"https:\\\/\\\/www.caudete.org\\\/ayuntamiento\\\/abycine-los-lunes-al-cine-la-espera\\\/#primaryimage\",\"url\":\"https:\\\/\\\/www.caudete.org\\\/ayuntamiento\\\/wp-content\\\/uploads\\\/2024\\\/05\\\/Cartel-LA-Espera-Los-lunes-al-cine-port.jpg\",\"contentUrl\":\"https:\\\/\\\/www.caudete.org\\\/ayuntamiento\\\/wp-content\\\/uploads\\\/2024\\\/05\\\/Cartel-LA-Espera-Los-lunes-al-cine-port.jpg\",\"width\":996,\"height\":426},{\"@type\":\"BreadcrumbList\",\"@id\":\"https:\\\/\\\/www.caudete.org\\\/ayuntamiento\\\/abycine-los-lunes-al-cine-la-espera\\\/#breadcrumb\",\"itemListElement\":[{\"@type\":\"ListItem\",\"position\":1,\"name\":\"Inicio\",\"item\":\"https:\\\/\\\/www.caudete.org\\\/ayuntamiento\\\/\"},{\"@type\":\"ListItem\",\"position\":2,\"name\":\"Abycine Los Lunes al Cine: &#8220;La Espera&#8221;\"}]},{\"@type\":\"WebSite\",\"@id\":\"https:\\\/\\\/www.caudete.org\\\/ayuntamiento\\\/#website\",\"url\":\"https:\\\/\\\/www.caudete.org\\\/ayuntamiento\\\/\",\"name\":\"MI Ayuntamiento de Caudete\",\"description\":\"P\u00e1gina Oficial del MI Ayuntamiento de Caudete\",\"potentialAction\":[{\"@type\":\"SearchAction\",\"target\":{\"@type\":\"EntryPoint\",\"urlTemplate\":\"https:\\\/\\\/www.caudete.org\\\/ayuntamiento\\\/?s={search_term_string}\"},\"query-input\":{\"@type\":\"PropertyValueSpecification\",\"valueRequired\":true,\"valueName\":\"search_term_string\"}}],\"inLanguage\":\"es\"},{\"@type\":\"Person\",\"@id\":\"https:\\\/\\\/www.caudete.org\\\/ayuntamiento\\\/#\\\/schema\\\/person\\\/4b9eab41761957db9b1bf9c418d1ef46\",\"name\":\"Dpto Informatica MI Ayuntamiento de Caudete\",\"image\":{\"@type\":\"ImageObject\",\"inLanguage\":\"es\",\"@id\":\"https:\\\/\\\/secure.gravatar.com\\\/avatar\\\/ac0321ee4a0a83e82a253e7b2d348ef539e2c8fe16d06b600bde04de1b364fa7?s=96&d=mm&r=g\",\"url\":\"https:\\\/\\\/secure.gravatar.com\\\/avatar\\\/ac0321ee4a0a83e82a253e7b2d348ef539e2c8fe16d06b600bde04de1b364fa7?s=96&d=mm&r=g\",\"contentUrl\":\"https:\\\/\\\/secure.gravatar.com\\\/avatar\\\/ac0321ee4a0a83e82a253e7b2d348ef539e2c8fe16d06b600bde04de1b364fa7?s=96&d=mm&r=g\",\"caption\":\"Dpto Informatica MI Ayuntamiento de Caudete\"},\"url\":\"https:\\\/\\\/www.caudete.org\\\/ayuntamiento\\\/author\\\/informatica\\\/\"}]}<\/script>\n<!-- \/ Yoast SEO plugin. -->","yoast_head_json":{"title":"Abycine Los Lunes al Cine: \"La Espera\" - MI Ayuntamiento de Caudete","description":"P\u00e1gina Oficial del Ayuntamiento de Caudete (Albacete)","robots":{"index":"index","follow":"follow","max-snippet":"max-snippet:-1","max-image-preview":"max-image-preview:large","max-video-preview":"max-video-preview:-1"},"canonical":"https:\/\/www.caudete.org\/ayuntamiento\/abycine-los-lunes-al-cine-la-espera\/","og_locale":"es_ES","og_type":"article","og_title":"Abycine Los Lunes al Cine: \"La Espera\" - MI Ayuntamiento de Caudete","og_description":"P\u00e1gina Oficial del Ayuntamiento de Caudete (Albacete)","og_url":"https:\/\/www.caudete.org\/ayuntamiento\/abycine-los-lunes-al-cine-la-espera\/","og_site_name":"MI Ayuntamiento de Caudete","article_publisher":"https:\/\/www.facebook.com\/ayuntamientocaudete\/","article_published_time":"2024-05-25T07:00:01+00:00","article_modified_time":"2024-05-28T10:08:04+00:00","og_image":[{"width":996,"height":426,"url":"https:\/\/www.caudete.org\/ayuntamiento\/wp-content\/uploads\/2024\/05\/Cartel-LA-Espera-Los-lunes-al-cine-port.jpg","type":"image\/jpeg"}],"author":"Dpto Informatica MI Ayuntamiento de Caudete","twitter_card":"summary_large_image","twitter_misc":{"Escrito por":"Dpto Informatica MI Ayuntamiento de Caudete","Tiempo de lectura":"2 minutos"},"schema":{"@context":"https:\/\/schema.org","@graph":[{"@type":"Article","@id":"https:\/\/www.caudete.org\/ayuntamiento\/abycine-los-lunes-al-cine-la-espera\/#article","isPartOf":{"@id":"https:\/\/www.caudete.org\/ayuntamiento\/abycine-los-lunes-al-cine-la-espera\/"},"author":{"name":"Dpto Informatica MI Ayuntamiento de Caudete","@id":"https:\/\/www.caudete.org\/ayuntamiento\/#\/schema\/person\/4b9eab41761957db9b1bf9c418d1ef46"},"headline":"Abycine Los Lunes al Cine: &#8220;La Espera&#8221;","datePublished":"2024-05-25T07:00:01+00:00","dateModified":"2024-05-28T10:08:04+00:00","mainEntityOfPage":{"@id":"https:\/\/www.caudete.org\/ayuntamiento\/abycine-los-lunes-al-cine-la-espera\/"},"wordCount":290,"image":{"@id":"https:\/\/www.caudete.org\/ayuntamiento\/abycine-los-lunes-al-cine-la-espera\/#primaryimage"},"thumbnailUrl":"https:\/\/www.caudete.org\/ayuntamiento\/wp-content\/uploads\/2024\/05\/Cartel-LA-Espera-Los-lunes-al-cine-port.jpg","articleSection":["Cultura"],"inLanguage":"es"},{"@type":"WebPage","@id":"https:\/\/www.caudete.org\/ayuntamiento\/abycine-los-lunes-al-cine-la-espera\/","url":"https:\/\/www.caudete.org\/ayuntamiento\/abycine-los-lunes-al-cine-la-espera\/","name":"Abycine Los Lunes al Cine: \"La Espera\" - MI Ayuntamiento de Caudete","isPartOf":{"@id":"https:\/\/www.caudete.org\/ayuntamiento\/#website"},"primaryImageOfPage":{"@id":"https:\/\/www.caudete.org\/ayuntamiento\/abycine-los-lunes-al-cine-la-espera\/#primaryimage"},"image":{"@id":"https:\/\/www.caudete.org\/ayuntamiento\/abycine-los-lunes-al-cine-la-espera\/#primaryimage"},"thumbnailUrl":"https:\/\/www.caudete.org\/ayuntamiento\/wp-content\/uploads\/2024\/05\/Cartel-LA-Espera-Los-lunes-al-cine-port.jpg","datePublished":"2024-05-25T07:00:01+00:00","dateModified":"2024-05-28T10:08:04+00:00","author":{"@id":"https:\/\/www.caudete.org\/ayuntamiento\/#\/schema\/person\/4b9eab41761957db9b1bf9c418d1ef46"},"description":"P\u00e1gina Oficial del Ayuntamiento de Caudete (Albacete)","breadcrumb":{"@id":"https:\/\/www.caudete.org\/ayuntamiento\/abycine-los-lunes-al-cine-la-espera\/#breadcrumb"},"inLanguage":"es","potentialAction":[{"@type":"ReadAction","target":["https:\/\/www.caudete.org\/ayuntamiento\/abycine-los-lunes-al-cine-la-espera\/"]}]},{"@type":"ImageObject","inLanguage":"es","@id":"https:\/\/www.caudete.org\/ayuntamiento\/abycine-los-lunes-al-cine-la-espera\/#primaryimage","url":"https:\/\/www.caudete.org\/ayuntamiento\/wp-content\/uploads\/2024\/05\/Cartel-LA-Espera-Los-lunes-al-cine-port.jpg","contentUrl":"https:\/\/www.caudete.org\/ayuntamiento\/wp-content\/uploads\/2024\/05\/Cartel-LA-Espera-Los-lunes-al-cine-port.jpg","width":996,"height":426},{"@type":"BreadcrumbList","@id":"https:\/\/www.caudete.org\/ayuntamiento\/abycine-los-lunes-al-cine-la-espera\/#breadcrumb","itemListElement":[{"@type":"ListItem","position":1,"name":"Inicio","item":"https:\/\/www.caudete.org\/ayuntamiento\/"},{"@type":"ListItem","position":2,"name":"Abycine Los Lunes al Cine: &#8220;La Espera&#8221;"}]},{"@type":"WebSite","@id":"https:\/\/www.caudete.org\/ayuntamiento\/#website","url":"https:\/\/www.caudete.org\/ayuntamiento\/","name":"MI Ayuntamiento de Caudete","description":"P\u00e1gina Oficial del MI Ayuntamiento de Caudete","potentialAction":[{"@type":"SearchAction","target":{"@type":"EntryPoint","urlTemplate":"https:\/\/www.caudete.org\/ayuntamiento\/?s={search_term_string}"},"query-input":{"@type":"PropertyValueSpecification","valueRequired":true,"valueName":"search_term_string"}}],"inLanguage":"es"},{"@type":"Person","@id":"https:\/\/www.caudete.org\/ayuntamiento\/#\/schema\/person\/4b9eab41761957db9b1bf9c418d1ef46","name":"Dpto Informatica MI Ayuntamiento de Caudete","image":{"@type":"ImageObject","inLanguage":"es","@id":"https:\/\/secure.gravatar.com\/avatar\/ac0321ee4a0a83e82a253e7b2d348ef539e2c8fe16d06b600bde04de1b364fa7?s=96&d=mm&r=g","url":"https:\/\/secure.gravatar.com\/avatar\/ac0321ee4a0a83e82a253e7b2d348ef539e2c8fe16d06b600bde04de1b364fa7?s=96&d=mm&r=g","contentUrl":"https:\/\/secure.gravatar.com\/avatar\/ac0321ee4a0a83e82a253e7b2d348ef539e2c8fe16d06b600bde04de1b364fa7?s=96&d=mm&r=g","caption":"Dpto Informatica MI Ayuntamiento de Caudete"},"url":"https:\/\/www.caudete.org\/ayuntamiento\/author\/informatica\/"}]}},"_links":{"self":[{"href":"https:\/\/www.caudete.org\/ayuntamiento\/wp-json\/wp\/v2\/posts\/25148","targetHints":{"allow":["GET"]}}],"collection":[{"href":"https:\/\/www.caudete.org\/ayuntamiento\/wp-json\/wp\/v2\/posts"}],"about":[{"href":"https:\/\/www.caudete.org\/ayuntamiento\/wp-json\/wp\/v2\/types\/post"}],"author":[{"embeddable":true,"href":"https:\/\/www.caudete.org\/ayuntamiento\/wp-json\/wp\/v2\/users\/5"}],"replies":[{"embeddable":true,"href":"https:\/\/www.caudete.org\/ayuntamiento\/wp-json\/wp\/v2\/comments?post=25148"}],"version-history":[{"count":3,"href":"https:\/\/www.caudete.org\/ayuntamiento\/wp-json\/wp\/v2\/posts\/25148\/revisions"}],"predecessor-version":[{"id":25164,"href":"https:\/\/www.caudete.org\/ayuntamiento\/wp-json\/wp\/v2\/posts\/25148\/revisions\/25164"}],"wp:featuredmedia":[{"embeddable":true,"href":"https:\/\/www.caudete.org\/ayuntamiento\/wp-json\/wp\/v2\/media\/25150"}],"wp:attachment":[{"href":"https:\/\/www.caudete.org\/ayuntamiento\/wp-json\/wp\/v2\/media?parent=25148"}],"wp:term":[{"taxonomy":"category","embeddable":true,"href":"https:\/\/www.caudete.org\/ayuntamiento\/wp-json\/wp\/v2\/categories?post=25148"},{"taxonomy":"post_tag","embeddable":true,"href":"https:\/\/www.caudete.org\/ayuntamiento\/wp-json\/wp\/v2\/tags?post=25148"}],"curies":[{"name":"wp","href":"https:\/\/api.w.org\/{rel}","templated":true}]}}