{"id":25152,"date":"2024-05-24T14:58:36","date_gmt":"2024-05-24T12:58:36","guid":{"rendered":"https:\/\/www.caudete.org\/ayuntamiento\/?p=25152"},"modified":"2024-05-30T10:49:07","modified_gmt":"2024-05-30T08:49:07","slug":"acogida-erasmus-irlanda-personal-entidad-socia-castleblayney-community-enterprise","status":"publish","type":"post","link":"https:\/\/www.caudete.org\/ayuntamiento\/acogida-erasmus-irlanda-personal-entidad-socia-castleblayney-community-enterprise\/","title":{"rendered":"Acogida Erasmus+ Irlanda personal Entidad Socia Castleblayney Community Enterprise"},"content":{"rendered":"<p>Mar\u00eda Dolores Requena Azor\u00edn, Concejala de Desarrollo Local y Proyectos Europeos informa que durante los d\u00edas 20 y 21 de mayo, continuando con la colaboraci\u00f3n con la entidad socia de Irlanda Castleblayney Community Enterprise, el Ayuntamiento de Caudete ha acogido a miembros de su personal directivo y de administraci\u00f3n en una actividad Erasmus+ financiada por su proyecto \u201cWidening Horizons\u201d (Ampliando Horizontes) del sector de Educaci\u00f3n Adultos. Durante su estancia, Pete McMahon, presidente de la entidad, Paul Shortt, miembro de la Junta Directiva, y Martin Mullin, personal de administraci\u00f3n, han podido conocer la Casa de Cultura, el Museo Pintor Rafael Requena, la Universidad Popular, la Biblioteca Municipal Ana Mar\u00eda Matute y la Escuela Municipal de M\u00fasica y Danza, y toda la oferta formativa de educaci\u00f3n de personas adultas existente, asistiendo a algunas de las clases e intercambiando impresiones con alumnado y profesorado.<\/p>\n<p>La experiencia ha permitido al personal responsable de la entidad socia conocer nuestro municipio y sus estructuras de educaci\u00f3n no formal de adultos, y valorar la amplia participaci\u00f3n ciudadana con que Caudete cuenta en la oferta formativa de actividades culturales de educaci\u00f3n no formal e informal, as\u00ed como detectar sinergias y \u00e1mbitos de inter\u00e9s com\u00fan, que ser\u00e1n la base de futuras colaboraciones en el marco del programa, que busca favorecer la redes de contacto entre entidades de educaci\u00f3n y formaci\u00f3n en toda Europa y, en \u00faltimo t\u00e9rmino, afianzar el sentimiento de ciudadan\u00eda europea y avanzar hacia un Espacio Europeo de Educaci\u00f3n.<\/p>\n<p><img fetchpriority=\"high\" decoding=\"async\" class=\"alignnone size-full wp-image-25153\" src=\"https:\/\/www.caudete.org\/ayuntamiento\/wp-content\/uploads\/2024\/05\/b86a4051-3a61-4803-ba16-1656647cef4e.jpg\" alt=\"\" width=\"1200\" height=\"541\" srcset=\"https:\/\/www.caudete.org\/ayuntamiento\/wp-content\/uploads\/2024\/05\/b86a4051-3a61-4803-ba16-1656647cef4e.jpg 1200w, https:\/\/www.caudete.org\/ayuntamiento\/wp-content\/uploads\/2024\/05\/b86a4051-3a61-4803-ba16-1656647cef4e-300x135.jpg 300w, https:\/\/www.caudete.org\/ayuntamiento\/wp-content\/uploads\/2024\/05\/b86a4051-3a61-4803-ba16-1656647cef4e-1024x462.jpg 1024w, https:\/\/www.caudete.org\/ayuntamiento\/wp-content\/uploads\/2024\/05\/b86a4051-3a61-4803-ba16-1656647cef4e-768x346.jpg 768w\" sizes=\"(max-width: 1200px) 100vw, 1200px\" \/> <img decoding=\"async\" class=\"alignnone size-full wp-image-25154\" src=\"https:\/\/www.caudete.org\/ayuntamiento\/wp-content\/uploads\/2024\/05\/IMG_7357.jpg\" alt=\"\" width=\"640\" height=\"480\" srcset=\"https:\/\/www.caudete.org\/ayuntamiento\/wp-content\/uploads\/2024\/05\/IMG_7357.jpg 640w, https:\/\/www.caudete.org\/ayuntamiento\/wp-content\/uploads\/2024\/05\/IMG_7357-300x225.jpg 300w\" sizes=\"(max-width: 640px) 100vw, 640px\" \/>\u00a0 <img decoding=\"async\" class=\"alignnone size-full wp-image-25156\" src=\"https:\/\/www.caudete.org\/ayuntamiento\/wp-content\/uploads\/2024\/05\/PHOTO-2024-05-22-20-02-09.jpg\" alt=\"\" width=\"1200\" height=\"900\" srcset=\"https:\/\/www.caudete.org\/ayuntamiento\/wp-content\/uploads\/2024\/05\/PHOTO-2024-05-22-20-02-09.jpg 1200w, https:\/\/www.caudete.org\/ayuntamiento\/wp-content\/uploads\/2024\/05\/PHOTO-2024-05-22-20-02-09-300x225.jpg 300w, https:\/\/www.caudete.org\/ayuntamiento\/wp-content\/uploads\/2024\/05\/PHOTO-2024-05-22-20-02-09-1024x768.jpg 1024w, https:\/\/www.caudete.org\/ayuntamiento\/wp-content\/uploads\/2024\/05\/PHOTO-2024-05-22-20-02-09-768x576.jpg 768w\" sizes=\"(max-width: 1200px) 100vw, 1200px\" \/><\/p>\n","protected":false},"excerpt":{"rendered":"<p>Mar\u00eda Dolores Requena Azor\u00edn, Concejala de Desarrollo Local y Proyectos Europeos informa que durante los d\u00edas 20 y 21 de mayo, continuando con la colaboraci\u00f3n con la entidad socia de Irlanda Castleblayney Community Enterprise, el Ayuntamiento de Caudete ha acogido a miembros de su personal directivo y de administraci\u00f3n en una actividad Erasmus+ financiada por &hellip;<\/p>\n","protected":false},"author":5,"featured_media":25160,"comment_status":"closed","ping_status":"open","sticky":false,"template":"","format":"standard","meta":{"ngg_post_thumbnail":0,"footnotes":""},"categories":[87],"tags":[],"class_list":["post-25152","post","type-post","status-publish","format-standard","has-post-thumbnail","hentry","category-desarrollo-local"],"yoast_head":"<!-- This site is optimized with the Yoast SEO plugin v27.4 - https:\/\/yoast.com\/product\/yoast-seo-wordpress\/ -->\n<title>Acogida Erasmus+ Irlanda personal Entidad Socia Castleblayney Community Enterprise - MI Ayuntamiento de Caudete<\/title>\n<meta name=\"description\" content=\"P\u00e1gina Oficial del Ayuntamiento de Caudete (Albacete)\" \/>\n<meta name=\"robots\" content=\"index, follow, max-snippet:-1, max-image-preview:large, max-video-preview:-1\" \/>\n<link rel=\"canonical\" href=\"https:\/\/www.caudete.org\/ayuntamiento\/acogida-erasmus-irlanda-personal-entidad-socia-castleblayney-community-enterprise\/\" \/>\n<meta property=\"og:locale\" content=\"es_ES\" \/>\n<meta property=\"og:type\" content=\"article\" \/>\n<meta property=\"og:title\" content=\"Acogida Erasmus+ Irlanda personal Entidad Socia Castleblayney Community Enterprise - MI Ayuntamiento de Caudete\" \/>\n<meta property=\"og:description\" content=\"P\u00e1gina Oficial del Ayuntamiento de Caudete (Albacete)\" \/>\n<meta property=\"og:url\" content=\"https:\/\/www.caudete.org\/ayuntamiento\/acogida-erasmus-irlanda-personal-entidad-socia-castleblayney-community-enterprise\/\" \/>\n<meta property=\"og:site_name\" content=\"MI Ayuntamiento de Caudete\" \/>\n<meta property=\"article:publisher\" content=\"https:\/\/www.facebook.com\/ayuntamientocaudete\/\" \/>\n<meta property=\"article:published_time\" content=\"2024-05-24T12:58:36+00:00\" \/>\n<meta property=\"article:modified_time\" content=\"2024-05-30T08:49:07+00:00\" \/>\n<meta property=\"og:image\" content=\"https:\/\/www.caudete.org\/ayuntamiento\/wp-content\/uploads\/2024\/05\/PHOTO-2024-05-20-09-45-33-port-1.jpg\" \/>\n\t<meta property=\"og:image:width\" content=\"1173\" \/>\n\t<meta property=\"og:image:height\" content=\"759\" \/>\n\t<meta property=\"og:image:type\" content=\"image\/jpeg\" \/>\n<meta name=\"author\" content=\"Dpto Informatica MI Ayuntamiento de Caudete\" \/>\n<meta name=\"twitter:card\" content=\"summary_large_image\" \/>\n<meta name=\"twitter:label1\" content=\"Escrito por\" \/>\n\t<meta name=\"twitter:data1\" content=\"Dpto Informatica MI Ayuntamiento de Caudete\" \/>\n\t<meta name=\"twitter:label2\" content=\"Tiempo de lectura\" \/>\n\t<meta name=\"twitter:data2\" content=\"2 minutos\" \/>\n<script type=\"application\/ld+json\" class=\"yoast-schema-graph\">{\"@context\":\"https:\\\/\\\/schema.org\",\"@graph\":[{\"@type\":\"Article\",\"@id\":\"https:\\\/\\\/www.caudete.org\\\/ayuntamiento\\\/acogida-erasmus-irlanda-personal-entidad-socia-castleblayney-community-enterprise\\\/#article\",\"isPartOf\":{\"@id\":\"https:\\\/\\\/www.caudete.org\\\/ayuntamiento\\\/acogida-erasmus-irlanda-personal-entidad-socia-castleblayney-community-enterprise\\\/\"},\"author\":{\"name\":\"Dpto Informatica MI Ayuntamiento de Caudete\",\"@id\":\"https:\\\/\\\/www.caudete.org\\\/ayuntamiento\\\/#\\\/schema\\\/person\\\/4b9eab41761957db9b1bf9c418d1ef46\"},\"headline\":\"Acogida Erasmus+ Irlanda personal Entidad Socia Castleblayney Community Enterprise\",\"datePublished\":\"2024-05-24T12:58:36+00:00\",\"dateModified\":\"2024-05-30T08:49:07+00:00\",\"mainEntityOfPage\":{\"@id\":\"https:\\\/\\\/www.caudete.org\\\/ayuntamiento\\\/acogida-erasmus-irlanda-personal-entidad-socia-castleblayney-community-enterprise\\\/\"},\"wordCount\":270,\"publisher\":{\"@id\":\"https:\\\/\\\/www.caudete.org\\\/ayuntamiento\\\/#organization\"},\"image\":{\"@id\":\"https:\\\/\\\/www.caudete.org\\\/ayuntamiento\\\/acogida-erasmus-irlanda-personal-entidad-socia-castleblayney-community-enterprise\\\/#primaryimage\"},\"thumbnailUrl\":\"https:\\\/\\\/www.caudete.org\\\/ayuntamiento\\\/wp-content\\\/uploads\\\/2024\\\/05\\\/PHOTO-2024-05-20-09-45-33-port-1.jpg\",\"articleSection\":[\"Desarrollo Local\"],\"inLanguage\":\"es\"},{\"@type\":\"WebPage\",\"@id\":\"https:\\\/\\\/www.caudete.org\\\/ayuntamiento\\\/acogida-erasmus-irlanda-personal-entidad-socia-castleblayney-community-enterprise\\\/\",\"url\":\"https:\\\/\\\/www.caudete.org\\\/ayuntamiento\\\/acogida-erasmus-irlanda-personal-entidad-socia-castleblayney-community-enterprise\\\/\",\"name\":\"Acogida Erasmus+ Irlanda personal Entidad Socia Castleblayney Community Enterprise - MI Ayuntamiento de Caudete\",\"isPartOf\":{\"@id\":\"https:\\\/\\\/www.caudete.org\\\/ayuntamiento\\\/#website\"},\"primaryImageOfPage\":{\"@id\":\"https:\\\/\\\/www.caudete.org\\\/ayuntamiento\\\/acogida-erasmus-irlanda-personal-entidad-socia-castleblayney-community-enterprise\\\/#primaryimage\"},\"image\":{\"@id\":\"https:\\\/\\\/www.caudete.org\\\/ayuntamiento\\\/acogida-erasmus-irlanda-personal-entidad-socia-castleblayney-community-enterprise\\\/#primaryimage\"},\"thumbnailUrl\":\"https:\\\/\\\/www.caudete.org\\\/ayuntamiento\\\/wp-content\\\/uploads\\\/2024\\\/05\\\/PHOTO-2024-05-20-09-45-33-port-1.jpg\",\"datePublished\":\"2024-05-24T12:58:36+00:00\",\"dateModified\":\"2024-05-30T08:49:07+00:00\",\"description\":\"P\u00e1gina Oficial del Ayuntamiento de Caudete (Albacete)\",\"breadcrumb\":{\"@id\":\"https:\\\/\\\/www.caudete.org\\\/ayuntamiento\\\/acogida-erasmus-irlanda-personal-entidad-socia-castleblayney-community-enterprise\\\/#breadcrumb\"},\"inLanguage\":\"es\",\"potentialAction\":[{\"@type\":\"ReadAction\",\"target\":[\"https:\\\/\\\/www.caudete.org\\\/ayuntamiento\\\/acogida-erasmus-irlanda-personal-entidad-socia-castleblayney-community-enterprise\\\/\"]}]},{\"@type\":\"ImageObject\",\"inLanguage\":\"es\",\"@id\":\"https:\\\/\\\/www.caudete.org\\\/ayuntamiento\\\/acogida-erasmus-irlanda-personal-entidad-socia-castleblayney-community-enterprise\\\/#primaryimage\",\"url\":\"https:\\\/\\\/www.caudete.org\\\/ayuntamiento\\\/wp-content\\\/uploads\\\/2024\\\/05\\\/PHOTO-2024-05-20-09-45-33-port-1.jpg\",\"contentUrl\":\"https:\\\/\\\/www.caudete.org\\\/ayuntamiento\\\/wp-content\\\/uploads\\\/2024\\\/05\\\/PHOTO-2024-05-20-09-45-33-port-1.jpg\",\"width\":1173,\"height\":759},{\"@type\":\"BreadcrumbList\",\"@id\":\"https:\\\/\\\/www.caudete.org\\\/ayuntamiento\\\/acogida-erasmus-irlanda-personal-entidad-socia-castleblayney-community-enterprise\\\/#breadcrumb\",\"itemListElement\":[{\"@type\":\"ListItem\",\"position\":1,\"name\":\"Inicio\",\"item\":\"https:\\\/\\\/www.caudete.org\\\/ayuntamiento\\\/\"},{\"@type\":\"ListItem\",\"position\":2,\"name\":\"Acogida Erasmus+ Irlanda personal Entidad Socia Castleblayney Community Enterprise\"}]},{\"@type\":\"WebSite\",\"@id\":\"https:\\\/\\\/www.caudete.org\\\/ayuntamiento\\\/#website\",\"url\":\"https:\\\/\\\/www.caudete.org\\\/ayuntamiento\\\/\",\"name\":\"MI Ayuntamiento de Caudete\",\"description\":\"P\u00e1gina Oficial del MI Ayuntamiento de Caudete\",\"publisher\":{\"@id\":\"https:\\\/\\\/www.caudete.org\\\/ayuntamiento\\\/#organization\"},\"potentialAction\":[{\"@type\":\"SearchAction\",\"target\":{\"@type\":\"EntryPoint\",\"urlTemplate\":\"https:\\\/\\\/www.caudete.org\\\/ayuntamiento\\\/?s={search_term_string}\"},\"query-input\":{\"@type\":\"PropertyValueSpecification\",\"valueRequired\":true,\"valueName\":\"search_term_string\"}}],\"inLanguage\":\"es\"},{\"@type\":\"Organization\",\"@id\":\"https:\\\/\\\/www.caudete.org\\\/ayuntamiento\\\/#organization\",\"name\":\"Ayuntamiento de Caudete\",\"url\":\"https:\\\/\\\/www.caudete.org\\\/ayuntamiento\\\/\",\"logo\":{\"@type\":\"ImageObject\",\"inLanguage\":\"es\",\"@id\":\"https:\\\/\\\/www.caudete.org\\\/ayuntamiento\\\/#\\\/schema\\\/logo\\\/image\\\/\",\"url\":\"https:\\\/\\\/www.caudete.org\\\/ayuntamiento\\\/wp-content\\\/uploads\\\/2020\\\/11\\\/logo_ayuntamiento_caudete.jpg\",\"contentUrl\":\"https:\\\/\\\/www.caudete.org\\\/ayuntamiento\\\/wp-content\\\/uploads\\\/2020\\\/11\\\/logo_ayuntamiento_caudete.jpg\",\"width\":600,\"height\":150,\"caption\":\"Ayuntamiento de Caudete\"},\"image\":{\"@id\":\"https:\\\/\\\/www.caudete.org\\\/ayuntamiento\\\/#\\\/schema\\\/logo\\\/image\\\/\"},\"sameAs\":[\"https:\\\/\\\/www.facebook.com\\\/ayuntamientocaudete\\\/\",\"https:\\\/\\\/www.youtube.com\\\/channel\\\/UC6VztHaooNsGpw-tNoBEFnQ\"]},{\"@type\":\"Person\",\"@id\":\"https:\\\/\\\/www.caudete.org\\\/ayuntamiento\\\/#\\\/schema\\\/person\\\/4b9eab41761957db9b1bf9c418d1ef46\",\"name\":\"Dpto Informatica MI Ayuntamiento de Caudete\",\"image\":{\"@type\":\"ImageObject\",\"inLanguage\":\"es\",\"@id\":\"https:\\\/\\\/secure.gravatar.com\\\/avatar\\\/ac0321ee4a0a83e82a253e7b2d348ef539e2c8fe16d06b600bde04de1b364fa7?s=96&d=mm&r=g\",\"url\":\"https:\\\/\\\/secure.gravatar.com\\\/avatar\\\/ac0321ee4a0a83e82a253e7b2d348ef539e2c8fe16d06b600bde04de1b364fa7?s=96&d=mm&r=g\",\"contentUrl\":\"https:\\\/\\\/secure.gravatar.com\\\/avatar\\\/ac0321ee4a0a83e82a253e7b2d348ef539e2c8fe16d06b600bde04de1b364fa7?s=96&d=mm&r=g\",\"caption\":\"Dpto Informatica MI Ayuntamiento de Caudete\"},\"url\":\"https:\\\/\\\/www.caudete.org\\\/ayuntamiento\\\/author\\\/informatica\\\/\"}]}<\/script>\n<!-- \/ Yoast SEO plugin. -->","yoast_head_json":{"title":"Acogida Erasmus+ Irlanda personal Entidad Socia Castleblayney Community Enterprise - MI Ayuntamiento de Caudete","description":"P\u00e1gina Oficial del Ayuntamiento de Caudete (Albacete)","robots":{"index":"index","follow":"follow","max-snippet":"max-snippet:-1","max-image-preview":"max-image-preview:large","max-video-preview":"max-video-preview:-1"},"canonical":"https:\/\/www.caudete.org\/ayuntamiento\/acogida-erasmus-irlanda-personal-entidad-socia-castleblayney-community-enterprise\/","og_locale":"es_ES","og_type":"article","og_title":"Acogida Erasmus+ Irlanda personal Entidad Socia Castleblayney Community Enterprise - MI Ayuntamiento de Caudete","og_description":"P\u00e1gina Oficial del Ayuntamiento de Caudete (Albacete)","og_url":"https:\/\/www.caudete.org\/ayuntamiento\/acogida-erasmus-irlanda-personal-entidad-socia-castleblayney-community-enterprise\/","og_site_name":"MI Ayuntamiento de Caudete","article_publisher":"https:\/\/www.facebook.com\/ayuntamientocaudete\/","article_published_time":"2024-05-24T12:58:36+00:00","article_modified_time":"2024-05-30T08:49:07+00:00","og_image":[{"width":1173,"height":759,"url":"https:\/\/www.caudete.org\/ayuntamiento\/wp-content\/uploads\/2024\/05\/PHOTO-2024-05-20-09-45-33-port-1.jpg","type":"image\/jpeg"}],"author":"Dpto Informatica MI Ayuntamiento de Caudete","twitter_card":"summary_large_image","twitter_misc":{"Escrito por":"Dpto Informatica MI Ayuntamiento de Caudete","Tiempo de lectura":"2 minutos"},"schema":{"@context":"https:\/\/schema.org","@graph":[{"@type":"Article","@id":"https:\/\/www.caudete.org\/ayuntamiento\/acogida-erasmus-irlanda-personal-entidad-socia-castleblayney-community-enterprise\/#article","isPartOf":{"@id":"https:\/\/www.caudete.org\/ayuntamiento\/acogida-erasmus-irlanda-personal-entidad-socia-castleblayney-community-enterprise\/"},"author":{"name":"Dpto Informatica MI Ayuntamiento de Caudete","@id":"https:\/\/www.caudete.org\/ayuntamiento\/#\/schema\/person\/4b9eab41761957db9b1bf9c418d1ef46"},"headline":"Acogida Erasmus+ Irlanda personal Entidad Socia Castleblayney Community Enterprise","datePublished":"2024-05-24T12:58:36+00:00","dateModified":"2024-05-30T08:49:07+00:00","mainEntityOfPage":{"@id":"https:\/\/www.caudete.org\/ayuntamiento\/acogida-erasmus-irlanda-personal-entidad-socia-castleblayney-community-enterprise\/"},"wordCount":270,"publisher":{"@id":"https:\/\/www.caudete.org\/ayuntamiento\/#organization"},"image":{"@id":"https:\/\/www.caudete.org\/ayuntamiento\/acogida-erasmus-irlanda-personal-entidad-socia-castleblayney-community-enterprise\/#primaryimage"},"thumbnailUrl":"https:\/\/www.caudete.org\/ayuntamiento\/wp-content\/uploads\/2024\/05\/PHOTO-2024-05-20-09-45-33-port-1.jpg","articleSection":["Desarrollo Local"],"inLanguage":"es"},{"@type":"WebPage","@id":"https:\/\/www.caudete.org\/ayuntamiento\/acogida-erasmus-irlanda-personal-entidad-socia-castleblayney-community-enterprise\/","url":"https:\/\/www.caudete.org\/ayuntamiento\/acogida-erasmus-irlanda-personal-entidad-socia-castleblayney-community-enterprise\/","name":"Acogida Erasmus+ Irlanda personal Entidad Socia Castleblayney Community Enterprise - MI Ayuntamiento de Caudete","isPartOf":{"@id":"https:\/\/www.caudete.org\/ayuntamiento\/#website"},"primaryImageOfPage":{"@id":"https:\/\/www.caudete.org\/ayuntamiento\/acogida-erasmus-irlanda-personal-entidad-socia-castleblayney-community-enterprise\/#primaryimage"},"image":{"@id":"https:\/\/www.caudete.org\/ayuntamiento\/acogida-erasmus-irlanda-personal-entidad-socia-castleblayney-community-enterprise\/#primaryimage"},"thumbnailUrl":"https:\/\/www.caudete.org\/ayuntamiento\/wp-content\/uploads\/2024\/05\/PHOTO-2024-05-20-09-45-33-port-1.jpg","datePublished":"2024-05-24T12:58:36+00:00","dateModified":"2024-05-30T08:49:07+00:00","description":"P\u00e1gina Oficial del Ayuntamiento de Caudete (Albacete)","breadcrumb":{"@id":"https:\/\/www.caudete.org\/ayuntamiento\/acogida-erasmus-irlanda-personal-entidad-socia-castleblayney-community-enterprise\/#breadcrumb"},"inLanguage":"es","potentialAction":[{"@type":"ReadAction","target":["https:\/\/www.caudete.org\/ayuntamiento\/acogida-erasmus-irlanda-personal-entidad-socia-castleblayney-community-enterprise\/"]}]},{"@type":"ImageObject","inLanguage":"es","@id":"https:\/\/www.caudete.org\/ayuntamiento\/acogida-erasmus-irlanda-personal-entidad-socia-castleblayney-community-enterprise\/#primaryimage","url":"https:\/\/www.caudete.org\/ayuntamiento\/wp-content\/uploads\/2024\/05\/PHOTO-2024-05-20-09-45-33-port-1.jpg","contentUrl":"https:\/\/www.caudete.org\/ayuntamiento\/wp-content\/uploads\/2024\/05\/PHOTO-2024-05-20-09-45-33-port-1.jpg","width":1173,"height":759},{"@type":"BreadcrumbList","@id":"https:\/\/www.caudete.org\/ayuntamiento\/acogida-erasmus-irlanda-personal-entidad-socia-castleblayney-community-enterprise\/#breadcrumb","itemListElement":[{"@type":"ListItem","position":1,"name":"Inicio","item":"https:\/\/www.caudete.org\/ayuntamiento\/"},{"@type":"ListItem","position":2,"name":"Acogida Erasmus+ Irlanda personal Entidad Socia Castleblayney Community Enterprise"}]},{"@type":"WebSite","@id":"https:\/\/www.caudete.org\/ayuntamiento\/#website","url":"https:\/\/www.caudete.org\/ayuntamiento\/","name":"MI Ayuntamiento de Caudete","description":"P\u00e1gina Oficial del MI Ayuntamiento de Caudete","publisher":{"@id":"https:\/\/www.caudete.org\/ayuntamiento\/#organization"},"potentialAction":[{"@type":"SearchAction","target":{"@type":"EntryPoint","urlTemplate":"https:\/\/www.caudete.org\/ayuntamiento\/?s={search_term_string}"},"query-input":{"@type":"PropertyValueSpecification","valueRequired":true,"valueName":"search_term_string"}}],"inLanguage":"es"},{"@type":"Organization","@id":"https:\/\/www.caudete.org\/ayuntamiento\/#organization","name":"Ayuntamiento de Caudete","url":"https:\/\/www.caudete.org\/ayuntamiento\/","logo":{"@type":"ImageObject","inLanguage":"es","@id":"https:\/\/www.caudete.org\/ayuntamiento\/#\/schema\/logo\/image\/","url":"https:\/\/www.caudete.org\/ayuntamiento\/wp-content\/uploads\/2020\/11\/logo_ayuntamiento_caudete.jpg","contentUrl":"https:\/\/www.caudete.org\/ayuntamiento\/wp-content\/uploads\/2020\/11\/logo_ayuntamiento_caudete.jpg","width":600,"height":150,"caption":"Ayuntamiento de Caudete"},"image":{"@id":"https:\/\/www.caudete.org\/ayuntamiento\/#\/schema\/logo\/image\/"},"sameAs":["https:\/\/www.facebook.com\/ayuntamientocaudete\/","https:\/\/www.youtube.com\/channel\/UC6VztHaooNsGpw-tNoBEFnQ"]},{"@type":"Person","@id":"https:\/\/www.caudete.org\/ayuntamiento\/#\/schema\/person\/4b9eab41761957db9b1bf9c418d1ef46","name":"Dpto Informatica MI Ayuntamiento de Caudete","image":{"@type":"ImageObject","inLanguage":"es","@id":"https:\/\/secure.gravatar.com\/avatar\/ac0321ee4a0a83e82a253e7b2d348ef539e2c8fe16d06b600bde04de1b364fa7?s=96&d=mm&r=g","url":"https:\/\/secure.gravatar.com\/avatar\/ac0321ee4a0a83e82a253e7b2d348ef539e2c8fe16d06b600bde04de1b364fa7?s=96&d=mm&r=g","contentUrl":"https:\/\/secure.gravatar.com\/avatar\/ac0321ee4a0a83e82a253e7b2d348ef539e2c8fe16d06b600bde04de1b364fa7?s=96&d=mm&r=g","caption":"Dpto Informatica MI Ayuntamiento de Caudete"},"url":"https:\/\/www.caudete.org\/ayuntamiento\/author\/informatica\/"}]}},"_links":{"self":[{"href":"https:\/\/www.caudete.org\/ayuntamiento\/wp-json\/wp\/v2\/posts\/25152","targetHints":{"allow":["GET"]}}],"collection":[{"href":"https:\/\/www.caudete.org\/ayuntamiento\/wp-json\/wp\/v2\/posts"}],"about":[{"href":"https:\/\/www.caudete.org\/ayuntamiento\/wp-json\/wp\/v2\/types\/post"}],"author":[{"embeddable":true,"href":"https:\/\/www.caudete.org\/ayuntamiento\/wp-json\/wp\/v2\/users\/5"}],"replies":[{"embeddable":true,"href":"https:\/\/www.caudete.org\/ayuntamiento\/wp-json\/wp\/v2\/comments?post=25152"}],"version-history":[{"count":2,"href":"https:\/\/www.caudete.org\/ayuntamiento\/wp-json\/wp\/v2\/posts\/25152\/revisions"}],"predecessor-version":[{"id":25159,"href":"https:\/\/www.caudete.org\/ayuntamiento\/wp-json\/wp\/v2\/posts\/25152\/revisions\/25159"}],"wp:featuredmedia":[{"embeddable":true,"href":"https:\/\/www.caudete.org\/ayuntamiento\/wp-json\/wp\/v2\/media\/25160"}],"wp:attachment":[{"href":"https:\/\/www.caudete.org\/ayuntamiento\/wp-json\/wp\/v2\/media?parent=25152"}],"wp:term":[{"taxonomy":"category","embeddable":true,"href":"https:\/\/www.caudete.org\/ayuntamiento\/wp-json\/wp\/v2\/categories?post=25152"},{"taxonomy":"post_tag","embeddable":true,"href":"https:\/\/www.caudete.org\/ayuntamiento\/wp-json\/wp\/v2\/tags?post=25152"}],"curies":[{"name":"wp","href":"https:\/\/api.w.org\/{rel}","templated":true}]}}