{"id":25180,"date":"2024-05-29T08:06:27","date_gmt":"2024-05-29T06:06:27","guid":{"rendered":"https:\/\/www.caudete.org\/ayuntamiento\/?p=25180"},"modified":"2024-05-29T08:06:27","modified_gmt":"2024-05-29T06:06:27","slug":"la-plaza-de-la-iglesia-gana-espacio-para-el-peaton-manteniendo-el-estacionamiento-de-vehiculos","status":"publish","type":"post","link":"https:\/\/www.caudete.org\/ayuntamiento\/la-plaza-de-la-iglesia-gana-espacio-para-el-peaton-manteniendo-el-estacionamiento-de-vehiculos\/","title":{"rendered":"La Plaza de la Iglesia gana espacio para el peat\u00f3n manteniendo el estacionamiento de veh\u00edculos"},"content":{"rendered":"<p><a href=\"https:\/\/www.caudete.org\/ayuntamiento\/wp-content\/uploads\/2024\/05\/WhatsApp-Image-2024-05-28-at-09.06.15.jpeg\" rel='prettyPhoto'><img fetchpriority=\"high\" decoding=\"async\" class=\"alignnone wp-image-25182 size-full\" src=\"https:\/\/www.caudete.org\/ayuntamiento\/wp-content\/uploads\/2024\/05\/WhatsApp-Image-2024-05-28-at-09.06.15.jpeg\" alt=\"\" width=\"1599\" height=\"899\" srcset=\"https:\/\/www.caudete.org\/ayuntamiento\/wp-content\/uploads\/2024\/05\/WhatsApp-Image-2024-05-28-at-09.06.15.jpeg 1599w, https:\/\/www.caudete.org\/ayuntamiento\/wp-content\/uploads\/2024\/05\/WhatsApp-Image-2024-05-28-at-09.06.15-300x169.jpeg 300w, https:\/\/www.caudete.org\/ayuntamiento\/wp-content\/uploads\/2024\/05\/WhatsApp-Image-2024-05-28-at-09.06.15-1024x576.jpeg 1024w, https:\/\/www.caudete.org\/ayuntamiento\/wp-content\/uploads\/2024\/05\/WhatsApp-Image-2024-05-28-at-09.06.15-768x432.jpeg 768w, https:\/\/www.caudete.org\/ayuntamiento\/wp-content\/uploads\/2024\/05\/WhatsApp-Image-2024-05-28-at-09.06.15-1536x864.jpeg 1536w\" sizes=\"(max-width: 1599px) 100vw, 1599px\" \/><\/a><\/p>\n<p style=\"text-align: justify;\">Hace unos d\u00edas la Plaza de la Iglesia ha sido objeto de una actuaci\u00f3n de mejora en t\u00e9rminos de seguridad, accesibilidad y ornato, con el nuevo dise\u00f1o y funcionalidad de la misma, en el que el peat\u00f3n ha ganado espacio manteniendo a su vez el estacionamiento de veh\u00edculos, gracias a la nueva configuraci\u00f3n y dotaci\u00f3n de mobiliario urbano.<\/p>\n<p style=\"text-align: justify;\">Tal y como anunciaba el Alcalde, Mois\u00e9s L\u00f3pez, el proyecto de esta nueva configuraci\u00f3n de la Plaza de la Iglesia viene marcado desde finales de la pasada legislatura, cuando se acometi\u00f3 la remodelaci\u00f3n de la Calle Mayor, Plaza de la Iglesia, Calle Abad\u00eda y Avda. Virgen de Gracia, en la que siguiendo la directriz de ampliar espacios para el peat\u00f3n y dotarle a \u00e9ste de seguridad, figuraba de forma paralela dar vida a la Plaza de la Iglesia como hace a\u00f1os ya ocurri\u00f3 con la Plaza del Carmen.<\/p>\n<p style=\"text-align: justify;\">El Edil remarcaba que la decisi\u00f3n ha sido buena, y que aunque al principio conlleve un periodo de adaptaci\u00f3n, los caudetanos sabr\u00e1n aprovechar este nuevo uso de la Plaza de la Iglesia, la que acoge la mayor parte de los acontecimientos sociales, culturales, festivos y religiosos del pueblo a lo largo del a\u00f1o, con la diferencia de que ahora la Plaza podr\u00e1 ser disfrutada con total seguridad, en una zona de la misma, todos los d\u00edas del a\u00f1o por ni\u00f1os, j\u00f3venes y mayores gracias a la nueva configuraci\u00f3n y mobiliario urbano dotado, sin renunciar al estacionamiento de veh\u00edculos.<\/p>\n<p style=\"text-align: justify;\">Adem\u00e1s, destacaba que la &#8220;plaza mayor&#8221; (por definici\u00f3n) del pueblo, no puede convertirse \u00fanicamente en un parking p\u00fablico y que ello condicione el uso de la misma, sino que perfectamente puede albergar los dos usos propuestos: para el peat\u00f3n y para los veh\u00edculos.<\/p>\n<p style=\"text-align: justify;\">De esta forma, la zona elegida para la actuaci\u00f3n ha sido el margen derecho, el que tiene fachada y comunica la &#8220;Sala de la Villa&#8221; con la Iglesia de Santa Catalina, que casualmente es el que menos veh\u00edculos albergaba en estacionamiento y el espacio m\u00e1s usado por el tr\u00e1nsito de peatones, adem\u00e1s de ser el que combina horas de sol y sombra tanto en la ma\u00f1ana como en la tarde.<\/p>\n<p style=\"text-align: justify;\">Continuaba explicando que la actuaci\u00f3n ha tenido un bajo coste para las arcas municipales, ya que si bien los maceteros pertenecen a uno de los proyectos del programa de subvenciones Dipualba Responde 2023 (sufragados en un 65% por la Excma. Diputaci\u00f3n Provincial), los bancos (id\u00e9nticos a los instalados en el Paseo Luis Golf) provienen del Parque Tecnol\u00f3gico (tras haber sido restaurados), y la mano de obra exclusivamente de la plantilla municipal, siendo el coste directo en este a\u00f1o 2024 \u00fanicamente de los elementos vegetales y tierras aportadas.<\/p>\n<p style=\"text-align: justify;\">Finalmente, indicaba que la Calle Mayor, en el tramo del Ayuntamiento, tambi\u00e9n ha sido objeto de actuaci\u00f3n, con la dotaci\u00f3n de 8 maceteros que no solo vendr\u00e1n a embellecer la zona, sino tambi\u00e9n a ser un elemento m\u00e1s de definici\u00f3n de espacios y de seguridad para el peat\u00f3n frente a los veh\u00edculos.<\/p>\n<p><a href=\"https:\/\/www.caudete.org\/ayuntamiento\/wp-content\/uploads\/2024\/05\/WhatsApp-Image-2024-05-28-at-09.06.14.jpeg\" rel='prettyPhoto'><img decoding=\"async\" class=\"wp-image-25184 size-full aligncenter\" src=\"https:\/\/www.caudete.org\/ayuntamiento\/wp-content\/uploads\/2024\/05\/WhatsApp-Image-2024-05-28-at-09.06.14.jpeg\" alt=\"\" width=\"1080\" height=\"1920\" srcset=\"https:\/\/www.caudete.org\/ayuntamiento\/wp-content\/uploads\/2024\/05\/WhatsApp-Image-2024-05-28-at-09.06.14.jpeg 1080w, https:\/\/www.caudete.org\/ayuntamiento\/wp-content\/uploads\/2024\/05\/WhatsApp-Image-2024-05-28-at-09.06.14-169x300.jpeg 169w, https:\/\/www.caudete.org\/ayuntamiento\/wp-content\/uploads\/2024\/05\/WhatsApp-Image-2024-05-28-at-09.06.14-576x1024.jpeg 576w, https:\/\/www.caudete.org\/ayuntamiento\/wp-content\/uploads\/2024\/05\/WhatsApp-Image-2024-05-28-at-09.06.14-768x1365.jpeg 768w, https:\/\/www.caudete.org\/ayuntamiento\/wp-content\/uploads\/2024\/05\/WhatsApp-Image-2024-05-28-at-09.06.14-864x1536.jpeg 864w\" sizes=\"(max-width: 1080px) 100vw, 1080px\" \/><\/a><\/p>\n<p style=\"text-align: justify;\">\n","protected":false},"excerpt":{"rendered":"<p>Hace unos d\u00edas la Plaza de la Iglesia ha sido objeto de una actuaci\u00f3n de mejora en t\u00e9rminos de seguridad, accesibilidad y ornato, con el nuevo dise\u00f1o y funcionalidad de la misma, en el que el peat\u00f3n ha ganado espacio manteniendo a su vez el estacionamiento de veh\u00edculos, gracias a la nueva configuraci\u00f3n y dotaci\u00f3n &hellip;<\/p>\n","protected":false},"author":3,"featured_media":25181,"comment_status":"closed","ping_status":"open","sticky":false,"template":"","format":"standard","meta":{"ngg_post_thumbnail":0,"footnotes":""},"categories":[48],"tags":[],"class_list":["post-25180","post","type-post","status-publish","format-standard","has-post-thumbnail","hentry","category-urbanismo"],"yoast_head":"<!-- This site is optimized with the Yoast SEO plugin v27.5 - https:\/\/yoast.com\/product\/yoast-seo-wordpress\/ -->\n<title>La Plaza de la Iglesia gana espacio para el peat\u00f3n manteniendo el estacionamiento de veh\u00edculos - MI Ayuntamiento de Caudete<\/title>\n<meta name=\"description\" content=\"P\u00e1gina Oficial del Ayuntamiento de Caudete (Albacete)\" \/>\n<meta name=\"robots\" content=\"index, follow, max-snippet:-1, max-image-preview:large, max-video-preview:-1\" \/>\n<link rel=\"canonical\" href=\"https:\/\/www.caudete.org\/ayuntamiento\/la-plaza-de-la-iglesia-gana-espacio-para-el-peaton-manteniendo-el-estacionamiento-de-vehiculos\/\" \/>\n<meta property=\"og:locale\" content=\"es_ES\" \/>\n<meta property=\"og:type\" content=\"article\" \/>\n<meta property=\"og:title\" content=\"La Plaza de la Iglesia gana espacio para el peat\u00f3n manteniendo el estacionamiento de veh\u00edculos - MI Ayuntamiento de Caudete\" \/>\n<meta property=\"og:description\" content=\"P\u00e1gina Oficial del Ayuntamiento de Caudete (Albacete)\" \/>\n<meta property=\"og:url\" content=\"https:\/\/www.caudete.org\/ayuntamiento\/la-plaza-de-la-iglesia-gana-espacio-para-el-peaton-manteniendo-el-estacionamiento-de-vehiculos\/\" \/>\n<meta property=\"og:site_name\" content=\"MI Ayuntamiento de Caudete\" \/>\n<meta property=\"article:publisher\" content=\"https:\/\/www.facebook.com\/ayuntamientocaudete\/\" \/>\n<meta property=\"article:published_time\" content=\"2024-05-29T06:06:27+00:00\" \/>\n<meta property=\"og:image\" content=\"https:\/\/www.caudete.org\/ayuntamiento\/wp-content\/uploads\/2024\/05\/WhatsApp-Image-2024-05-28-at-09.06.12.jpeg\" \/>\n\t<meta property=\"og:image:width\" content=\"1599\" \/>\n\t<meta property=\"og:image:height\" content=\"899\" \/>\n\t<meta property=\"og:image:type\" content=\"image\/jpeg\" \/>\n<meta name=\"author\" content=\"alcalde\" \/>\n<meta name=\"twitter:card\" content=\"summary_large_image\" \/>\n<meta name=\"twitter:label1\" content=\"Escrito por\" \/>\n\t<meta name=\"twitter:data1\" content=\"alcalde\" \/>\n\t<meta name=\"twitter:label2\" content=\"Tiempo de lectura\" \/>\n\t<meta name=\"twitter:data2\" content=\"3 minutos\" \/>\n<script type=\"application\/ld+json\" class=\"yoast-schema-graph\">{\"@context\":\"https:\\\/\\\/schema.org\",\"@graph\":[{\"@type\":\"Article\",\"@id\":\"https:\\\/\\\/www.caudete.org\\\/ayuntamiento\\\/la-plaza-de-la-iglesia-gana-espacio-para-el-peaton-manteniendo-el-estacionamiento-de-vehiculos\\\/#article\",\"isPartOf\":{\"@id\":\"https:\\\/\\\/www.caudete.org\\\/ayuntamiento\\\/la-plaza-de-la-iglesia-gana-espacio-para-el-peaton-manteniendo-el-estacionamiento-de-vehiculos\\\/\"},\"author\":{\"name\":\"alcalde\",\"@id\":\"https:\\\/\\\/www.caudete.org\\\/ayuntamiento\\\/#\\\/schema\\\/person\\\/cc646da9133078ee4d8dd47457947253\"},\"headline\":\"La Plaza de la Iglesia gana espacio para el peat\u00f3n manteniendo el estacionamiento de veh\u00edculos\",\"datePublished\":\"2024-05-29T06:06:27+00:00\",\"mainEntityOfPage\":{\"@id\":\"https:\\\/\\\/www.caudete.org\\\/ayuntamiento\\\/la-plaza-de-la-iglesia-gana-espacio-para-el-peaton-manteniendo-el-estacionamiento-de-vehiculos\\\/\"},\"wordCount\":559,\"image\":{\"@id\":\"https:\\\/\\\/www.caudete.org\\\/ayuntamiento\\\/la-plaza-de-la-iglesia-gana-espacio-para-el-peaton-manteniendo-el-estacionamiento-de-vehiculos\\\/#primaryimage\"},\"thumbnailUrl\":\"https:\\\/\\\/www.caudete.org\\\/ayuntamiento\\\/wp-content\\\/uploads\\\/2024\\\/05\\\/WhatsApp-Image-2024-05-28-at-09.06.12.jpeg\",\"articleSection\":[\"Urbanismo\"],\"inLanguage\":\"es\"},{\"@type\":\"WebPage\",\"@id\":\"https:\\\/\\\/www.caudete.org\\\/ayuntamiento\\\/la-plaza-de-la-iglesia-gana-espacio-para-el-peaton-manteniendo-el-estacionamiento-de-vehiculos\\\/\",\"url\":\"https:\\\/\\\/www.caudete.org\\\/ayuntamiento\\\/la-plaza-de-la-iglesia-gana-espacio-para-el-peaton-manteniendo-el-estacionamiento-de-vehiculos\\\/\",\"name\":\"La Plaza de la Iglesia gana espacio para el peat\u00f3n manteniendo el estacionamiento de veh\u00edculos - MI Ayuntamiento de Caudete\",\"isPartOf\":{\"@id\":\"https:\\\/\\\/www.caudete.org\\\/ayuntamiento\\\/#website\"},\"primaryImageOfPage\":{\"@id\":\"https:\\\/\\\/www.caudete.org\\\/ayuntamiento\\\/la-plaza-de-la-iglesia-gana-espacio-para-el-peaton-manteniendo-el-estacionamiento-de-vehiculos\\\/#primaryimage\"},\"image\":{\"@id\":\"https:\\\/\\\/www.caudete.org\\\/ayuntamiento\\\/la-plaza-de-la-iglesia-gana-espacio-para-el-peaton-manteniendo-el-estacionamiento-de-vehiculos\\\/#primaryimage\"},\"thumbnailUrl\":\"https:\\\/\\\/www.caudete.org\\\/ayuntamiento\\\/wp-content\\\/uploads\\\/2024\\\/05\\\/WhatsApp-Image-2024-05-28-at-09.06.12.jpeg\",\"datePublished\":\"2024-05-29T06:06:27+00:00\",\"author\":{\"@id\":\"https:\\\/\\\/www.caudete.org\\\/ayuntamiento\\\/#\\\/schema\\\/person\\\/cc646da9133078ee4d8dd47457947253\"},\"description\":\"P\u00e1gina Oficial del Ayuntamiento de Caudete (Albacete)\",\"breadcrumb\":{\"@id\":\"https:\\\/\\\/www.caudete.org\\\/ayuntamiento\\\/la-plaza-de-la-iglesia-gana-espacio-para-el-peaton-manteniendo-el-estacionamiento-de-vehiculos\\\/#breadcrumb\"},\"inLanguage\":\"es\",\"potentialAction\":[{\"@type\":\"ReadAction\",\"target\":[\"https:\\\/\\\/www.caudete.org\\\/ayuntamiento\\\/la-plaza-de-la-iglesia-gana-espacio-para-el-peaton-manteniendo-el-estacionamiento-de-vehiculos\\\/\"]}]},{\"@type\":\"ImageObject\",\"inLanguage\":\"es\",\"@id\":\"https:\\\/\\\/www.caudete.org\\\/ayuntamiento\\\/la-plaza-de-la-iglesia-gana-espacio-para-el-peaton-manteniendo-el-estacionamiento-de-vehiculos\\\/#primaryimage\",\"url\":\"https:\\\/\\\/www.caudete.org\\\/ayuntamiento\\\/wp-content\\\/uploads\\\/2024\\\/05\\\/WhatsApp-Image-2024-05-28-at-09.06.12.jpeg\",\"contentUrl\":\"https:\\\/\\\/www.caudete.org\\\/ayuntamiento\\\/wp-content\\\/uploads\\\/2024\\\/05\\\/WhatsApp-Image-2024-05-28-at-09.06.12.jpeg\",\"width\":1599,\"height\":899},{\"@type\":\"BreadcrumbList\",\"@id\":\"https:\\\/\\\/www.caudete.org\\\/ayuntamiento\\\/la-plaza-de-la-iglesia-gana-espacio-para-el-peaton-manteniendo-el-estacionamiento-de-vehiculos\\\/#breadcrumb\",\"itemListElement\":[{\"@type\":\"ListItem\",\"position\":1,\"name\":\"Inicio\",\"item\":\"https:\\\/\\\/www.caudete.org\\\/ayuntamiento\\\/\"},{\"@type\":\"ListItem\",\"position\":2,\"name\":\"La Plaza de la Iglesia gana espacio para el peat\u00f3n manteniendo el estacionamiento de veh\u00edculos\"}]},{\"@type\":\"WebSite\",\"@id\":\"https:\\\/\\\/www.caudete.org\\\/ayuntamiento\\\/#website\",\"url\":\"https:\\\/\\\/www.caudete.org\\\/ayuntamiento\\\/\",\"name\":\"MI Ayuntamiento de Caudete\",\"description\":\"P\u00e1gina Oficial del MI Ayuntamiento de Caudete\",\"potentialAction\":[{\"@type\":\"SearchAction\",\"target\":{\"@type\":\"EntryPoint\",\"urlTemplate\":\"https:\\\/\\\/www.caudete.org\\\/ayuntamiento\\\/?s={search_term_string}\"},\"query-input\":{\"@type\":\"PropertyValueSpecification\",\"valueRequired\":true,\"valueName\":\"search_term_string\"}}],\"inLanguage\":\"es\"},{\"@type\":\"Person\",\"@id\":\"https:\\\/\\\/www.caudete.org\\\/ayuntamiento\\\/#\\\/schema\\\/person\\\/cc646da9133078ee4d8dd47457947253\",\"name\":\"alcalde\",\"image\":{\"@type\":\"ImageObject\",\"inLanguage\":\"es\",\"@id\":\"https:\\\/\\\/secure.gravatar.com\\\/avatar\\\/84a817ba065b29ff08d666b215a215f5c79186a645ccb25b14a663d48a130f77?s=96&d=mm&r=g\",\"url\":\"https:\\\/\\\/secure.gravatar.com\\\/avatar\\\/84a817ba065b29ff08d666b215a215f5c79186a645ccb25b14a663d48a130f77?s=96&d=mm&r=g\",\"contentUrl\":\"https:\\\/\\\/secure.gravatar.com\\\/avatar\\\/84a817ba065b29ff08d666b215a215f5c79186a645ccb25b14a663d48a130f77?s=96&d=mm&r=g\",\"caption\":\"alcalde\"},\"url\":\"https:\\\/\\\/www.caudete.org\\\/ayuntamiento\\\/author\\\/alcalde\\\/\"}]}<\/script>\n<!-- \/ Yoast SEO plugin. -->","yoast_head_json":{"title":"La Plaza de la Iglesia gana espacio para el peat\u00f3n manteniendo el estacionamiento de veh\u00edculos - MI Ayuntamiento de Caudete","description":"P\u00e1gina Oficial del Ayuntamiento de Caudete (Albacete)","robots":{"index":"index","follow":"follow","max-snippet":"max-snippet:-1","max-image-preview":"max-image-preview:large","max-video-preview":"max-video-preview:-1"},"canonical":"https:\/\/www.caudete.org\/ayuntamiento\/la-plaza-de-la-iglesia-gana-espacio-para-el-peaton-manteniendo-el-estacionamiento-de-vehiculos\/","og_locale":"es_ES","og_type":"article","og_title":"La Plaza de la Iglesia gana espacio para el peat\u00f3n manteniendo el estacionamiento de veh\u00edculos - MI Ayuntamiento de Caudete","og_description":"P\u00e1gina Oficial del Ayuntamiento de Caudete (Albacete)","og_url":"https:\/\/www.caudete.org\/ayuntamiento\/la-plaza-de-la-iglesia-gana-espacio-para-el-peaton-manteniendo-el-estacionamiento-de-vehiculos\/","og_site_name":"MI Ayuntamiento de Caudete","article_publisher":"https:\/\/www.facebook.com\/ayuntamientocaudete\/","article_published_time":"2024-05-29T06:06:27+00:00","og_image":[{"width":1599,"height":899,"url":"https:\/\/www.caudete.org\/ayuntamiento\/wp-content\/uploads\/2024\/05\/WhatsApp-Image-2024-05-28-at-09.06.12.jpeg","type":"image\/jpeg"}],"author":"alcalde","twitter_card":"summary_large_image","twitter_misc":{"Escrito por":"alcalde","Tiempo de lectura":"3 minutos"},"schema":{"@context":"https:\/\/schema.org","@graph":[{"@type":"Article","@id":"https:\/\/www.caudete.org\/ayuntamiento\/la-plaza-de-la-iglesia-gana-espacio-para-el-peaton-manteniendo-el-estacionamiento-de-vehiculos\/#article","isPartOf":{"@id":"https:\/\/www.caudete.org\/ayuntamiento\/la-plaza-de-la-iglesia-gana-espacio-para-el-peaton-manteniendo-el-estacionamiento-de-vehiculos\/"},"author":{"name":"alcalde","@id":"https:\/\/www.caudete.org\/ayuntamiento\/#\/schema\/person\/cc646da9133078ee4d8dd47457947253"},"headline":"La Plaza de la Iglesia gana espacio para el peat\u00f3n manteniendo el estacionamiento de veh\u00edculos","datePublished":"2024-05-29T06:06:27+00:00","mainEntityOfPage":{"@id":"https:\/\/www.caudete.org\/ayuntamiento\/la-plaza-de-la-iglesia-gana-espacio-para-el-peaton-manteniendo-el-estacionamiento-de-vehiculos\/"},"wordCount":559,"image":{"@id":"https:\/\/www.caudete.org\/ayuntamiento\/la-plaza-de-la-iglesia-gana-espacio-para-el-peaton-manteniendo-el-estacionamiento-de-vehiculos\/#primaryimage"},"thumbnailUrl":"https:\/\/www.caudete.org\/ayuntamiento\/wp-content\/uploads\/2024\/05\/WhatsApp-Image-2024-05-28-at-09.06.12.jpeg","articleSection":["Urbanismo"],"inLanguage":"es"},{"@type":"WebPage","@id":"https:\/\/www.caudete.org\/ayuntamiento\/la-plaza-de-la-iglesia-gana-espacio-para-el-peaton-manteniendo-el-estacionamiento-de-vehiculos\/","url":"https:\/\/www.caudete.org\/ayuntamiento\/la-plaza-de-la-iglesia-gana-espacio-para-el-peaton-manteniendo-el-estacionamiento-de-vehiculos\/","name":"La Plaza de la Iglesia gana espacio para el peat\u00f3n manteniendo el estacionamiento de veh\u00edculos - MI Ayuntamiento de Caudete","isPartOf":{"@id":"https:\/\/www.caudete.org\/ayuntamiento\/#website"},"primaryImageOfPage":{"@id":"https:\/\/www.caudete.org\/ayuntamiento\/la-plaza-de-la-iglesia-gana-espacio-para-el-peaton-manteniendo-el-estacionamiento-de-vehiculos\/#primaryimage"},"image":{"@id":"https:\/\/www.caudete.org\/ayuntamiento\/la-plaza-de-la-iglesia-gana-espacio-para-el-peaton-manteniendo-el-estacionamiento-de-vehiculos\/#primaryimage"},"thumbnailUrl":"https:\/\/www.caudete.org\/ayuntamiento\/wp-content\/uploads\/2024\/05\/WhatsApp-Image-2024-05-28-at-09.06.12.jpeg","datePublished":"2024-05-29T06:06:27+00:00","author":{"@id":"https:\/\/www.caudete.org\/ayuntamiento\/#\/schema\/person\/cc646da9133078ee4d8dd47457947253"},"description":"P\u00e1gina Oficial del Ayuntamiento de Caudete (Albacete)","breadcrumb":{"@id":"https:\/\/www.caudete.org\/ayuntamiento\/la-plaza-de-la-iglesia-gana-espacio-para-el-peaton-manteniendo-el-estacionamiento-de-vehiculos\/#breadcrumb"},"inLanguage":"es","potentialAction":[{"@type":"ReadAction","target":["https:\/\/www.caudete.org\/ayuntamiento\/la-plaza-de-la-iglesia-gana-espacio-para-el-peaton-manteniendo-el-estacionamiento-de-vehiculos\/"]}]},{"@type":"ImageObject","inLanguage":"es","@id":"https:\/\/www.caudete.org\/ayuntamiento\/la-plaza-de-la-iglesia-gana-espacio-para-el-peaton-manteniendo-el-estacionamiento-de-vehiculos\/#primaryimage","url":"https:\/\/www.caudete.org\/ayuntamiento\/wp-content\/uploads\/2024\/05\/WhatsApp-Image-2024-05-28-at-09.06.12.jpeg","contentUrl":"https:\/\/www.caudete.org\/ayuntamiento\/wp-content\/uploads\/2024\/05\/WhatsApp-Image-2024-05-28-at-09.06.12.jpeg","width":1599,"height":899},{"@type":"BreadcrumbList","@id":"https:\/\/www.caudete.org\/ayuntamiento\/la-plaza-de-la-iglesia-gana-espacio-para-el-peaton-manteniendo-el-estacionamiento-de-vehiculos\/#breadcrumb","itemListElement":[{"@type":"ListItem","position":1,"name":"Inicio","item":"https:\/\/www.caudete.org\/ayuntamiento\/"},{"@type":"ListItem","position":2,"name":"La Plaza de la Iglesia gana espacio para el peat\u00f3n manteniendo el estacionamiento de veh\u00edculos"}]},{"@type":"WebSite","@id":"https:\/\/www.caudete.org\/ayuntamiento\/#website","url":"https:\/\/www.caudete.org\/ayuntamiento\/","name":"MI Ayuntamiento de Caudete","description":"P\u00e1gina Oficial del MI Ayuntamiento de Caudete","potentialAction":[{"@type":"SearchAction","target":{"@type":"EntryPoint","urlTemplate":"https:\/\/www.caudete.org\/ayuntamiento\/?s={search_term_string}"},"query-input":{"@type":"PropertyValueSpecification","valueRequired":true,"valueName":"search_term_string"}}],"inLanguage":"es"},{"@type":"Person","@id":"https:\/\/www.caudete.org\/ayuntamiento\/#\/schema\/person\/cc646da9133078ee4d8dd47457947253","name":"alcalde","image":{"@type":"ImageObject","inLanguage":"es","@id":"https:\/\/secure.gravatar.com\/avatar\/84a817ba065b29ff08d666b215a215f5c79186a645ccb25b14a663d48a130f77?s=96&d=mm&r=g","url":"https:\/\/secure.gravatar.com\/avatar\/84a817ba065b29ff08d666b215a215f5c79186a645ccb25b14a663d48a130f77?s=96&d=mm&r=g","contentUrl":"https:\/\/secure.gravatar.com\/avatar\/84a817ba065b29ff08d666b215a215f5c79186a645ccb25b14a663d48a130f77?s=96&d=mm&r=g","caption":"alcalde"},"url":"https:\/\/www.caudete.org\/ayuntamiento\/author\/alcalde\/"}]}},"_links":{"self":[{"href":"https:\/\/www.caudete.org\/ayuntamiento\/wp-json\/wp\/v2\/posts\/25180","targetHints":{"allow":["GET"]}}],"collection":[{"href":"https:\/\/www.caudete.org\/ayuntamiento\/wp-json\/wp\/v2\/posts"}],"about":[{"href":"https:\/\/www.caudete.org\/ayuntamiento\/wp-json\/wp\/v2\/types\/post"}],"author":[{"embeddable":true,"href":"https:\/\/www.caudete.org\/ayuntamiento\/wp-json\/wp\/v2\/users\/3"}],"replies":[{"embeddable":true,"href":"https:\/\/www.caudete.org\/ayuntamiento\/wp-json\/wp\/v2\/comments?post=25180"}],"version-history":[{"count":1,"href":"https:\/\/www.caudete.org\/ayuntamiento\/wp-json\/wp\/v2\/posts\/25180\/revisions"}],"predecessor-version":[{"id":25185,"href":"https:\/\/www.caudete.org\/ayuntamiento\/wp-json\/wp\/v2\/posts\/25180\/revisions\/25185"}],"wp:featuredmedia":[{"embeddable":true,"href":"https:\/\/www.caudete.org\/ayuntamiento\/wp-json\/wp\/v2\/media\/25181"}],"wp:attachment":[{"href":"https:\/\/www.caudete.org\/ayuntamiento\/wp-json\/wp\/v2\/media?parent=25180"}],"wp:term":[{"taxonomy":"category","embeddable":true,"href":"https:\/\/www.caudete.org\/ayuntamiento\/wp-json\/wp\/v2\/categories?post=25180"},{"taxonomy":"post_tag","embeddable":true,"href":"https:\/\/www.caudete.org\/ayuntamiento\/wp-json\/wp\/v2\/tags?post=25180"}],"curies":[{"name":"wp","href":"https:\/\/api.w.org\/{rel}","templated":true}]}}