{"id":25186,"date":"2024-05-29T08:28:28","date_gmt":"2024-05-29T06:28:28","guid":{"rendered":"https:\/\/www.caudete.org\/ayuntamiento\/?p=25186"},"modified":"2024-06-21T08:58:56","modified_gmt":"2024-06-21T06:58:56","slug":"presentadas-las-ii-jornadas-de-estudios-locales-que-se-celebraran-entre-el-6-y-el-20-junio","status":"publish","type":"post","link":"https:\/\/www.caudete.org\/ayuntamiento\/presentadas-las-ii-jornadas-de-estudios-locales-que-se-celebraran-entre-el-6-y-el-20-junio\/","title":{"rendered":"Presentadas las II JORNADAS DE ESTUDIOS LOCALES, que se celebrar\u00e1n entre el 6 y el 20 Junio"},"content":{"rendered":"<p style=\"text-align: justify;\">El Alcalde Mois\u00e9s L\u00f3pez, y la Concejal de Cultura Manoli Gonz\u00e1lez presentaban en la ma\u00f1ana de ayer las II Jornadas de Estudios Locales programadas para el pr\u00f3ximo mes de Junio, tras el \u00e9xito y buena acogida obtenido en la I Edici\u00f3n el pasado a\u00f1o 2023<\/p>\n<p style=\"text-align: justify;\">Unas Jornadas preparadas con mucho trabajo y cari\u00f1o por parte de la organizaci\u00f3n (el propio Ayuntamiento) como por parte de los ponentes, cuyo objetivo tiene la divulgaci\u00f3n del estudio y de las investigaciones de diferentes tem\u00e1ticas cuyo foco es Caudete. Una oportunidad \u00fanica para conocer de primera mano historias, aspectos, personajes, parajes o culturas del Caudete pasado y que sin duda vendr\u00e1n a ampliar nuestro conocimiento y saber sobre nuestro municipio, y con ello, apreciarlo m\u00e1s y sentirnos m\u00e1s orgullosos de lo que nos sentimos como caudetanos.<\/p>\n<p style=\"text-align: justify;\">Fijando como referencia de las Jornadas el propio mes de Junio, se establece el Museo de la Acuarela como lugar de celebraci\u00f3n los martes y jueves a las 20.00 horas, donde 5 ponencias dan contenido al programa de esta edici\u00f3n, en la que veteranos de la historia local dar\u00e1n interesantes conferencias, y en las que se estrenan tambi\u00e9n dos j\u00f3venes. La Genealog\u00eda, Arqueolog\u00eda, Arte y Personajes son las tem\u00e1ticas elegidas, que culminar\u00e1n con la presentaci\u00f3n del trabajo ganador de la III Edici\u00f3n del Premio Conde San Carlos, y donde como novedad, se presentar\u00e1n las bases reguladoras de la IV Edici\u00f3n de dicho Premio, y la IV convocatoria del Premio de Investigaci\u00f3n Fco. Jos\u00e9 Domenech Mira.<\/p>\n<p style=\"text-align: justify;\"><span style=\"text-decoration: underline;\"><strong>JUEVES 6<\/strong><\/span><\/p>\n<p style=\"text-align: justify;\"><span style=\"font-size: 14pt;\"><strong>Aproximaci\u00f3n a la genealog\u00eda de Joaqu\u00edn y Francisco Ba\u00f1\u00f3n Algarra<\/strong><\/span>, por Pascual Mu\u00f1oz Cantero.<\/p>\n<p style=\"text-align: justify;\"><span style=\"text-decoration: underline;\"><strong>MARTES 11<\/strong><\/span><\/p>\n<p style=\"text-align: justify;\"><span style=\"font-size: 14pt;\"><strong>El poblamiento hist\u00f3rico de la Vega de Bogarra a la luz de la Arqueolog\u00eda<\/strong><\/span>, por Gabriel M. Segura Herrero.<\/p>\n<p style=\"text-align: justify;\"><span style=\"text-decoration: underline;\"><strong>JUEVES 13<\/strong><\/span><\/p>\n<p style=\"text-align: justify;\"><span style=\"font-size: 14pt;\"><strong>La pintura de los siglos XV y XVI en Caudete, del G\u00f3tico internacional al Manierismo<\/strong><\/span>, por Francisco Marco Sastre.<\/p>\n<p style=\"text-align: justify;\"><span style=\"text-decoration: underline;\"><strong>MARTES 18<\/strong><\/span><\/p>\n<p style=\"text-align: justify;\"><span style=\"font-size: 14pt;\"><strong>Francisco L\u00f3pez Conejero, un h\u00e9roe caudetano laureado en la Guerra de Marruecos<\/strong><\/span>, por Miguel Requena Marco.<\/p>\n<p style=\"text-align: justify;\"><span style=\"text-decoration: underline;\"><strong>JUEVES 20<\/strong><\/span><\/p>\n<p style=\"text-align: justify;\"><span style=\"font-size: 14pt;\"><strong>Patrones de mortalidad de fauna en relaci\u00f3n con infraestructuras lineales de transporte en el municipio de Caudete (Albacete)<\/strong><\/span>, por Alejandro Carpena L\u00f3pez, Premio categor\u00eda TFM de la III Edici\u00f3n del Premio Conde San Carlos.<\/p>\n<p style=\"text-align: justify;\"><a href=\"https:\/\/www.caudete.org\/ayuntamiento\/wp-content\/uploads\/2024\/05\/IIJornadasEstudiosLocales2024.jpg\" rel='prettyPhoto'><img fetchpriority=\"high\" decoding=\"async\" class=\"alignnone wp-image-25188 size-full\" src=\"https:\/\/www.caudete.org\/ayuntamiento\/wp-content\/uploads\/2024\/05\/IIJornadasEstudiosLocales2024.jpg\" alt=\"\" width=\"1177\" height=\"781\" srcset=\"https:\/\/www.caudete.org\/ayuntamiento\/wp-content\/uploads\/2024\/05\/IIJornadasEstudiosLocales2024.jpg 1177w, https:\/\/www.caudete.org\/ayuntamiento\/wp-content\/uploads\/2024\/05\/IIJornadasEstudiosLocales2024-300x199.jpg 300w, https:\/\/www.caudete.org\/ayuntamiento\/wp-content\/uploads\/2024\/05\/IIJornadasEstudiosLocales2024-1024x679.jpg 1024w, https:\/\/www.caudete.org\/ayuntamiento\/wp-content\/uploads\/2024\/05\/IIJornadasEstudiosLocales2024-768x510.jpg 768w\" sizes=\"(max-width: 1177px) 100vw, 1177px\" \/><\/a><\/p>\n","protected":false},"excerpt":{"rendered":"<p>El Alcalde Mois\u00e9s L\u00f3pez, y la Concejal de Cultura Manoli Gonz\u00e1lez presentaban en la ma\u00f1ana de ayer las II Jornadas de Estudios Locales programadas para el pr\u00f3ximo mes de Junio, tras el \u00e9xito y buena acogida obtenido en la I Edici\u00f3n el pasado a\u00f1o 2023 Unas Jornadas preparadas con mucho trabajo y cari\u00f1o por parte &hellip;<\/p>\n","protected":false},"author":3,"featured_media":25188,"comment_status":"closed","ping_status":"open","sticky":false,"template":"","format":"standard","meta":{"ngg_post_thumbnail":0,"footnotes":""},"categories":[14],"tags":[],"class_list":["post-25186","post","type-post","status-publish","format-standard","has-post-thumbnail","hentry","category-cultura"],"yoast_head":"<!-- This site is optimized with the Yoast SEO plugin v27.5 - https:\/\/yoast.com\/product\/yoast-seo-wordpress\/ -->\n<title>Presentadas las II JORNADAS DE ESTUDIOS LOCALES, que se celebrar\u00e1n entre el 6 y el 20 Junio - MI Ayuntamiento de Caudete<\/title>\n<meta name=\"description\" content=\"P\u00e1gina Oficial del Ayuntamiento de Caudete (Albacete)\" \/>\n<meta name=\"robots\" content=\"index, follow, max-snippet:-1, max-image-preview:large, max-video-preview:-1\" \/>\n<link rel=\"canonical\" href=\"https:\/\/www.caudete.org\/ayuntamiento\/presentadas-las-ii-jornadas-de-estudios-locales-que-se-celebraran-entre-el-6-y-el-20-junio\/\" \/>\n<meta property=\"og:locale\" content=\"es_ES\" \/>\n<meta property=\"og:type\" content=\"article\" \/>\n<meta property=\"og:title\" content=\"Presentadas las II JORNADAS DE ESTUDIOS LOCALES, que se celebrar\u00e1n entre el 6 y el 20 Junio - MI Ayuntamiento de Caudete\" \/>\n<meta property=\"og:description\" content=\"P\u00e1gina Oficial del Ayuntamiento de Caudete (Albacete)\" \/>\n<meta property=\"og:url\" content=\"https:\/\/www.caudete.org\/ayuntamiento\/presentadas-las-ii-jornadas-de-estudios-locales-que-se-celebraran-entre-el-6-y-el-20-junio\/\" \/>\n<meta property=\"og:site_name\" content=\"MI Ayuntamiento de Caudete\" \/>\n<meta property=\"article:publisher\" content=\"https:\/\/www.facebook.com\/ayuntamientocaudete\/\" \/>\n<meta property=\"article:published_time\" content=\"2024-05-29T06:28:28+00:00\" \/>\n<meta property=\"article:modified_time\" content=\"2024-06-21T06:58:56+00:00\" \/>\n<meta property=\"og:image\" content=\"https:\/\/www.caudete.org\/ayuntamiento\/wp-content\/uploads\/2024\/05\/IIJornadasEstudiosLocales2024.jpg\" \/>\n\t<meta property=\"og:image:width\" content=\"1177\" \/>\n\t<meta property=\"og:image:height\" content=\"781\" \/>\n\t<meta property=\"og:image:type\" content=\"image\/jpeg\" \/>\n<meta name=\"author\" content=\"alcalde\" \/>\n<meta name=\"twitter:card\" content=\"summary_large_image\" \/>\n<meta name=\"twitter:label1\" content=\"Escrito por\" \/>\n\t<meta name=\"twitter:data1\" content=\"alcalde\" \/>\n\t<meta name=\"twitter:label2\" content=\"Tiempo de lectura\" \/>\n\t<meta name=\"twitter:data2\" content=\"3 minutos\" \/>\n<script type=\"application\/ld+json\" class=\"yoast-schema-graph\">{\"@context\":\"https:\\\/\\\/schema.org\",\"@graph\":[{\"@type\":\"Article\",\"@id\":\"https:\\\/\\\/www.caudete.org\\\/ayuntamiento\\\/presentadas-las-ii-jornadas-de-estudios-locales-que-se-celebraran-entre-el-6-y-el-20-junio\\\/#article\",\"isPartOf\":{\"@id\":\"https:\\\/\\\/www.caudete.org\\\/ayuntamiento\\\/presentadas-las-ii-jornadas-de-estudios-locales-que-se-celebraran-entre-el-6-y-el-20-junio\\\/\"},\"author\":{\"name\":\"alcalde\",\"@id\":\"https:\\\/\\\/www.caudete.org\\\/ayuntamiento\\\/#\\\/schema\\\/person\\\/cc646da9133078ee4d8dd47457947253\"},\"headline\":\"Presentadas las II JORNADAS DE ESTUDIOS LOCALES, que se celebrar\u00e1n entre el 6 y el 20 Junio\",\"datePublished\":\"2024-05-29T06:28:28+00:00\",\"dateModified\":\"2024-06-21T06:58:56+00:00\",\"mainEntityOfPage\":{\"@id\":\"https:\\\/\\\/www.caudete.org\\\/ayuntamiento\\\/presentadas-las-ii-jornadas-de-estudios-locales-que-se-celebraran-entre-el-6-y-el-20-junio\\\/\"},\"wordCount\":409,\"image\":{\"@id\":\"https:\\\/\\\/www.caudete.org\\\/ayuntamiento\\\/presentadas-las-ii-jornadas-de-estudios-locales-que-se-celebraran-entre-el-6-y-el-20-junio\\\/#primaryimage\"},\"thumbnailUrl\":\"https:\\\/\\\/www.caudete.org\\\/ayuntamiento\\\/wp-content\\\/uploads\\\/2024\\\/05\\\/IIJornadasEstudiosLocales2024.jpg\",\"articleSection\":[\"Cultura\"],\"inLanguage\":\"es\"},{\"@type\":\"WebPage\",\"@id\":\"https:\\\/\\\/www.caudete.org\\\/ayuntamiento\\\/presentadas-las-ii-jornadas-de-estudios-locales-que-se-celebraran-entre-el-6-y-el-20-junio\\\/\",\"url\":\"https:\\\/\\\/www.caudete.org\\\/ayuntamiento\\\/presentadas-las-ii-jornadas-de-estudios-locales-que-se-celebraran-entre-el-6-y-el-20-junio\\\/\",\"name\":\"Presentadas las II JORNADAS DE ESTUDIOS LOCALES, que se celebrar\u00e1n entre el 6 y el 20 Junio - MI Ayuntamiento de Caudete\",\"isPartOf\":{\"@id\":\"https:\\\/\\\/www.caudete.org\\\/ayuntamiento\\\/#website\"},\"primaryImageOfPage\":{\"@id\":\"https:\\\/\\\/www.caudete.org\\\/ayuntamiento\\\/presentadas-las-ii-jornadas-de-estudios-locales-que-se-celebraran-entre-el-6-y-el-20-junio\\\/#primaryimage\"},\"image\":{\"@id\":\"https:\\\/\\\/www.caudete.org\\\/ayuntamiento\\\/presentadas-las-ii-jornadas-de-estudios-locales-que-se-celebraran-entre-el-6-y-el-20-junio\\\/#primaryimage\"},\"thumbnailUrl\":\"https:\\\/\\\/www.caudete.org\\\/ayuntamiento\\\/wp-content\\\/uploads\\\/2024\\\/05\\\/IIJornadasEstudiosLocales2024.jpg\",\"datePublished\":\"2024-05-29T06:28:28+00:00\",\"dateModified\":\"2024-06-21T06:58:56+00:00\",\"author\":{\"@id\":\"https:\\\/\\\/www.caudete.org\\\/ayuntamiento\\\/#\\\/schema\\\/person\\\/cc646da9133078ee4d8dd47457947253\"},\"description\":\"P\u00e1gina Oficial del Ayuntamiento de Caudete (Albacete)\",\"breadcrumb\":{\"@id\":\"https:\\\/\\\/www.caudete.org\\\/ayuntamiento\\\/presentadas-las-ii-jornadas-de-estudios-locales-que-se-celebraran-entre-el-6-y-el-20-junio\\\/#breadcrumb\"},\"inLanguage\":\"es\",\"potentialAction\":[{\"@type\":\"ReadAction\",\"target\":[\"https:\\\/\\\/www.caudete.org\\\/ayuntamiento\\\/presentadas-las-ii-jornadas-de-estudios-locales-que-se-celebraran-entre-el-6-y-el-20-junio\\\/\"]}]},{\"@type\":\"ImageObject\",\"inLanguage\":\"es\",\"@id\":\"https:\\\/\\\/www.caudete.org\\\/ayuntamiento\\\/presentadas-las-ii-jornadas-de-estudios-locales-que-se-celebraran-entre-el-6-y-el-20-junio\\\/#primaryimage\",\"url\":\"https:\\\/\\\/www.caudete.org\\\/ayuntamiento\\\/wp-content\\\/uploads\\\/2024\\\/05\\\/IIJornadasEstudiosLocales2024.jpg\",\"contentUrl\":\"https:\\\/\\\/www.caudete.org\\\/ayuntamiento\\\/wp-content\\\/uploads\\\/2024\\\/05\\\/IIJornadasEstudiosLocales2024.jpg\",\"width\":1177,\"height\":781},{\"@type\":\"BreadcrumbList\",\"@id\":\"https:\\\/\\\/www.caudete.org\\\/ayuntamiento\\\/presentadas-las-ii-jornadas-de-estudios-locales-que-se-celebraran-entre-el-6-y-el-20-junio\\\/#breadcrumb\",\"itemListElement\":[{\"@type\":\"ListItem\",\"position\":1,\"name\":\"Inicio\",\"item\":\"https:\\\/\\\/www.caudete.org\\\/ayuntamiento\\\/\"},{\"@type\":\"ListItem\",\"position\":2,\"name\":\"Presentadas las II JORNADAS DE ESTUDIOS LOCALES, que se celebrar\u00e1n entre el 6 y el 20 Junio\"}]},{\"@type\":\"WebSite\",\"@id\":\"https:\\\/\\\/www.caudete.org\\\/ayuntamiento\\\/#website\",\"url\":\"https:\\\/\\\/www.caudete.org\\\/ayuntamiento\\\/\",\"name\":\"MI Ayuntamiento de Caudete\",\"description\":\"P\u00e1gina Oficial del MI Ayuntamiento de Caudete\",\"potentialAction\":[{\"@type\":\"SearchAction\",\"target\":{\"@type\":\"EntryPoint\",\"urlTemplate\":\"https:\\\/\\\/www.caudete.org\\\/ayuntamiento\\\/?s={search_term_string}\"},\"query-input\":{\"@type\":\"PropertyValueSpecification\",\"valueRequired\":true,\"valueName\":\"search_term_string\"}}],\"inLanguage\":\"es\"},{\"@type\":\"Person\",\"@id\":\"https:\\\/\\\/www.caudete.org\\\/ayuntamiento\\\/#\\\/schema\\\/person\\\/cc646da9133078ee4d8dd47457947253\",\"name\":\"alcalde\",\"image\":{\"@type\":\"ImageObject\",\"inLanguage\":\"es\",\"@id\":\"https:\\\/\\\/secure.gravatar.com\\\/avatar\\\/84a817ba065b29ff08d666b215a215f5c79186a645ccb25b14a663d48a130f77?s=96&d=mm&r=g\",\"url\":\"https:\\\/\\\/secure.gravatar.com\\\/avatar\\\/84a817ba065b29ff08d666b215a215f5c79186a645ccb25b14a663d48a130f77?s=96&d=mm&r=g\",\"contentUrl\":\"https:\\\/\\\/secure.gravatar.com\\\/avatar\\\/84a817ba065b29ff08d666b215a215f5c79186a645ccb25b14a663d48a130f77?s=96&d=mm&r=g\",\"caption\":\"alcalde\"},\"url\":\"https:\\\/\\\/www.caudete.org\\\/ayuntamiento\\\/author\\\/alcalde\\\/\"}]}<\/script>\n<!-- \/ Yoast SEO plugin. -->","yoast_head_json":{"title":"Presentadas las II JORNADAS DE ESTUDIOS LOCALES, que se celebrar\u00e1n entre el 6 y el 20 Junio - MI Ayuntamiento de Caudete","description":"P\u00e1gina Oficial del Ayuntamiento de Caudete (Albacete)","robots":{"index":"index","follow":"follow","max-snippet":"max-snippet:-1","max-image-preview":"max-image-preview:large","max-video-preview":"max-video-preview:-1"},"canonical":"https:\/\/www.caudete.org\/ayuntamiento\/presentadas-las-ii-jornadas-de-estudios-locales-que-se-celebraran-entre-el-6-y-el-20-junio\/","og_locale":"es_ES","og_type":"article","og_title":"Presentadas las II JORNADAS DE ESTUDIOS LOCALES, que se celebrar\u00e1n entre el 6 y el 20 Junio - MI Ayuntamiento de Caudete","og_description":"P\u00e1gina Oficial del Ayuntamiento de Caudete (Albacete)","og_url":"https:\/\/www.caudete.org\/ayuntamiento\/presentadas-las-ii-jornadas-de-estudios-locales-que-se-celebraran-entre-el-6-y-el-20-junio\/","og_site_name":"MI Ayuntamiento de Caudete","article_publisher":"https:\/\/www.facebook.com\/ayuntamientocaudete\/","article_published_time":"2024-05-29T06:28:28+00:00","article_modified_time":"2024-06-21T06:58:56+00:00","og_image":[{"width":1177,"height":781,"url":"https:\/\/www.caudete.org\/ayuntamiento\/wp-content\/uploads\/2024\/05\/IIJornadasEstudiosLocales2024.jpg","type":"image\/jpeg"}],"author":"alcalde","twitter_card":"summary_large_image","twitter_misc":{"Escrito por":"alcalde","Tiempo de lectura":"3 minutos"},"schema":{"@context":"https:\/\/schema.org","@graph":[{"@type":"Article","@id":"https:\/\/www.caudete.org\/ayuntamiento\/presentadas-las-ii-jornadas-de-estudios-locales-que-se-celebraran-entre-el-6-y-el-20-junio\/#article","isPartOf":{"@id":"https:\/\/www.caudete.org\/ayuntamiento\/presentadas-las-ii-jornadas-de-estudios-locales-que-se-celebraran-entre-el-6-y-el-20-junio\/"},"author":{"name":"alcalde","@id":"https:\/\/www.caudete.org\/ayuntamiento\/#\/schema\/person\/cc646da9133078ee4d8dd47457947253"},"headline":"Presentadas las II JORNADAS DE ESTUDIOS LOCALES, que se celebrar\u00e1n entre el 6 y el 20 Junio","datePublished":"2024-05-29T06:28:28+00:00","dateModified":"2024-06-21T06:58:56+00:00","mainEntityOfPage":{"@id":"https:\/\/www.caudete.org\/ayuntamiento\/presentadas-las-ii-jornadas-de-estudios-locales-que-se-celebraran-entre-el-6-y-el-20-junio\/"},"wordCount":409,"image":{"@id":"https:\/\/www.caudete.org\/ayuntamiento\/presentadas-las-ii-jornadas-de-estudios-locales-que-se-celebraran-entre-el-6-y-el-20-junio\/#primaryimage"},"thumbnailUrl":"https:\/\/www.caudete.org\/ayuntamiento\/wp-content\/uploads\/2024\/05\/IIJornadasEstudiosLocales2024.jpg","articleSection":["Cultura"],"inLanguage":"es"},{"@type":"WebPage","@id":"https:\/\/www.caudete.org\/ayuntamiento\/presentadas-las-ii-jornadas-de-estudios-locales-que-se-celebraran-entre-el-6-y-el-20-junio\/","url":"https:\/\/www.caudete.org\/ayuntamiento\/presentadas-las-ii-jornadas-de-estudios-locales-que-se-celebraran-entre-el-6-y-el-20-junio\/","name":"Presentadas las II JORNADAS DE ESTUDIOS LOCALES, que se celebrar\u00e1n entre el 6 y el 20 Junio - MI Ayuntamiento de Caudete","isPartOf":{"@id":"https:\/\/www.caudete.org\/ayuntamiento\/#website"},"primaryImageOfPage":{"@id":"https:\/\/www.caudete.org\/ayuntamiento\/presentadas-las-ii-jornadas-de-estudios-locales-que-se-celebraran-entre-el-6-y-el-20-junio\/#primaryimage"},"image":{"@id":"https:\/\/www.caudete.org\/ayuntamiento\/presentadas-las-ii-jornadas-de-estudios-locales-que-se-celebraran-entre-el-6-y-el-20-junio\/#primaryimage"},"thumbnailUrl":"https:\/\/www.caudete.org\/ayuntamiento\/wp-content\/uploads\/2024\/05\/IIJornadasEstudiosLocales2024.jpg","datePublished":"2024-05-29T06:28:28+00:00","dateModified":"2024-06-21T06:58:56+00:00","author":{"@id":"https:\/\/www.caudete.org\/ayuntamiento\/#\/schema\/person\/cc646da9133078ee4d8dd47457947253"},"description":"P\u00e1gina Oficial del Ayuntamiento de Caudete (Albacete)","breadcrumb":{"@id":"https:\/\/www.caudete.org\/ayuntamiento\/presentadas-las-ii-jornadas-de-estudios-locales-que-se-celebraran-entre-el-6-y-el-20-junio\/#breadcrumb"},"inLanguage":"es","potentialAction":[{"@type":"ReadAction","target":["https:\/\/www.caudete.org\/ayuntamiento\/presentadas-las-ii-jornadas-de-estudios-locales-que-se-celebraran-entre-el-6-y-el-20-junio\/"]}]},{"@type":"ImageObject","inLanguage":"es","@id":"https:\/\/www.caudete.org\/ayuntamiento\/presentadas-las-ii-jornadas-de-estudios-locales-que-se-celebraran-entre-el-6-y-el-20-junio\/#primaryimage","url":"https:\/\/www.caudete.org\/ayuntamiento\/wp-content\/uploads\/2024\/05\/IIJornadasEstudiosLocales2024.jpg","contentUrl":"https:\/\/www.caudete.org\/ayuntamiento\/wp-content\/uploads\/2024\/05\/IIJornadasEstudiosLocales2024.jpg","width":1177,"height":781},{"@type":"BreadcrumbList","@id":"https:\/\/www.caudete.org\/ayuntamiento\/presentadas-las-ii-jornadas-de-estudios-locales-que-se-celebraran-entre-el-6-y-el-20-junio\/#breadcrumb","itemListElement":[{"@type":"ListItem","position":1,"name":"Inicio","item":"https:\/\/www.caudete.org\/ayuntamiento\/"},{"@type":"ListItem","position":2,"name":"Presentadas las II JORNADAS DE ESTUDIOS LOCALES, que se celebrar\u00e1n entre el 6 y el 20 Junio"}]},{"@type":"WebSite","@id":"https:\/\/www.caudete.org\/ayuntamiento\/#website","url":"https:\/\/www.caudete.org\/ayuntamiento\/","name":"MI Ayuntamiento de Caudete","description":"P\u00e1gina Oficial del MI Ayuntamiento de Caudete","potentialAction":[{"@type":"SearchAction","target":{"@type":"EntryPoint","urlTemplate":"https:\/\/www.caudete.org\/ayuntamiento\/?s={search_term_string}"},"query-input":{"@type":"PropertyValueSpecification","valueRequired":true,"valueName":"search_term_string"}}],"inLanguage":"es"},{"@type":"Person","@id":"https:\/\/www.caudete.org\/ayuntamiento\/#\/schema\/person\/cc646da9133078ee4d8dd47457947253","name":"alcalde","image":{"@type":"ImageObject","inLanguage":"es","@id":"https:\/\/secure.gravatar.com\/avatar\/84a817ba065b29ff08d666b215a215f5c79186a645ccb25b14a663d48a130f77?s=96&d=mm&r=g","url":"https:\/\/secure.gravatar.com\/avatar\/84a817ba065b29ff08d666b215a215f5c79186a645ccb25b14a663d48a130f77?s=96&d=mm&r=g","contentUrl":"https:\/\/secure.gravatar.com\/avatar\/84a817ba065b29ff08d666b215a215f5c79186a645ccb25b14a663d48a130f77?s=96&d=mm&r=g","caption":"alcalde"},"url":"https:\/\/www.caudete.org\/ayuntamiento\/author\/alcalde\/"}]}},"_links":{"self":[{"href":"https:\/\/www.caudete.org\/ayuntamiento\/wp-json\/wp\/v2\/posts\/25186","targetHints":{"allow":["GET"]}}],"collection":[{"href":"https:\/\/www.caudete.org\/ayuntamiento\/wp-json\/wp\/v2\/posts"}],"about":[{"href":"https:\/\/www.caudete.org\/ayuntamiento\/wp-json\/wp\/v2\/types\/post"}],"author":[{"embeddable":true,"href":"https:\/\/www.caudete.org\/ayuntamiento\/wp-json\/wp\/v2\/users\/3"}],"replies":[{"embeddable":true,"href":"https:\/\/www.caudete.org\/ayuntamiento\/wp-json\/wp\/v2\/comments?post=25186"}],"version-history":[{"count":3,"href":"https:\/\/www.caudete.org\/ayuntamiento\/wp-json\/wp\/v2\/posts\/25186\/revisions"}],"predecessor-version":[{"id":25205,"href":"https:\/\/www.caudete.org\/ayuntamiento\/wp-json\/wp\/v2\/posts\/25186\/revisions\/25205"}],"wp:featuredmedia":[{"embeddable":true,"href":"https:\/\/www.caudete.org\/ayuntamiento\/wp-json\/wp\/v2\/media\/25188"}],"wp:attachment":[{"href":"https:\/\/www.caudete.org\/ayuntamiento\/wp-json\/wp\/v2\/media?parent=25186"}],"wp:term":[{"taxonomy":"category","embeddable":true,"href":"https:\/\/www.caudete.org\/ayuntamiento\/wp-json\/wp\/v2\/categories?post=25186"},{"taxonomy":"post_tag","embeddable":true,"href":"https:\/\/www.caudete.org\/ayuntamiento\/wp-json\/wp\/v2\/tags?post=25186"}],"curies":[{"name":"wp","href":"https:\/\/api.w.org\/{rel}","templated":true}]}}