{"id":25208,"date":"2024-06-04T09:00:36","date_gmt":"2024-06-04T07:00:36","guid":{"rendered":"https:\/\/www.caudete.org\/ayuntamiento\/?p=25208"},"modified":"2024-06-08T13:01:53","modified_gmt":"2024-06-08T11:01:53","slug":"angel-sandoval-presenta-el-libro-obras-de-una-mente-autistica","status":"publish","type":"post","link":"https:\/\/www.caudete.org\/ayuntamiento\/angel-sandoval-presenta-el-libro-obras-de-una-mente-autistica\/","title":{"rendered":"\u00c1ngel Sandoval presenta el libro &#8220;Obras de una mente Aut\u00edstica&#8221;"},"content":{"rendered":"<p>Mar\u00eda Mart\u00ednez Garc\u00eda informa que desde las Concejal\u00edas de Bienestar Social y Sanidad del Ayuntamiento de Caudete, y en colaboraci\u00f3n con la Asociaci\u00f3n INTEGRATEA TDAH y ACAFEM, han promovido para este pr\u00f3ximo viernes 7 de Junio, a las 19h, un evento para la presentaci\u00f3n del libro \u201cObras de una mente aut\u00edstica\u201d en el Sal\u00f3n Audiovisual del Centro de Mayores.<\/p>\n<p>Es el segundo libro de \u00c1ngel Manuel Sandoval Van Der Lee. El primero estuvo orientado al mundo de los cuentos infantiles. En este libro que se presenta, el foco est\u00e1 puesto en el \u00e1mbito de la salud y el desarrollo personal. En versi\u00f3n castellana e ingl\u00e9s, y editado por la entidad NOA Ediciones.<\/p>\n<p>Un libro muy singular y profundo. Escrito de una forma muy espont\u00e1nea, muy directa y con gran riqueza emocional. Es un recorrido autobiogr\u00e1fico por diferentes momentos vitales del autor, pero todo ello te\u00f1ido de una mirada autista. Ese modo de estar m\u00e1s \u201chacia el intro\u201d que en contacto \u201ccon\u201d. Unos peque\u00f1os relatos escritos, no tanto desde un juicio positivo o negativo, sino desde la necesidad de compartir una historia de intensas vivencias. Un ejercicio de aprendizajes, donde lo importante es aprender de lo vivido, para desarrollar una perspectiva diferente de mirar al mundo y de buscar otras soluciones posibles a nuestro sufrimiento. Un ejercicio de honestidad y b\u00fasqueda, que tambi\u00e9n ayudar\u00e1 a otras muchas personas. Partiendo de la experiencia personal, \u00c1ngel Sandoval nos hace conectar mediante peque\u00f1as an\u00e9cdotas, con temas que son universales: el amor, la amistad, la muerte, la paternidad, ser viajeros, la naturaleza etc. Todo ello desde la necesidad de comprender para transformar.<\/p>\n<p>\u00c1ngel Sandoval es un escritor autodidacta. Una persona inquieta, curiosa y motivada en remover los l\u00edmites de lo establecido. Su vida ha girado por los mundos de Pa\u00edses Bajos, USA y Espa\u00f1a, residiendo actualmente en Caudete. No obstante, su patria son sus hijos, sus amistades y la creatividad en un universo a veces r\u00edgido. Es desde ah\u00ed desde donde escribe y cuenta. Os e<img fetchpriority=\"high\" decoding=\"async\" class=\"alignnone size-full wp-image-25209\" src=\"https:\/\/www.caudete.org\/ayuntamiento\/wp-content\/uploads\/2024\/06\/PresentacionLibro.jpg\" alt=\"\" width=\"1241\" height=\"1654\" srcset=\"https:\/\/www.caudete.org\/ayuntamiento\/wp-content\/uploads\/2024\/06\/PresentacionLibro.jpg 1241w, https:\/\/www.caudete.org\/ayuntamiento\/wp-content\/uploads\/2024\/06\/PresentacionLibro-225x300.jpg 225w, https:\/\/www.caudete.org\/ayuntamiento\/wp-content\/uploads\/2024\/06\/PresentacionLibro-768x1024.jpg 768w, https:\/\/www.caudete.org\/ayuntamiento\/wp-content\/uploads\/2024\/06\/PresentacionLibro-1152x1536.jpg 1152w\" sizes=\"(max-width: 1241px) 100vw, 1241px\" \/>speramos.<\/p>\n<p>&nbsp;<\/p>\n","protected":false},"excerpt":{"rendered":"<p>Mar\u00eda Mart\u00ednez Garc\u00eda informa que desde las Concejal\u00edas de Bienestar Social y Sanidad del Ayuntamiento de Caudete, y en colaboraci\u00f3n con la Asociaci\u00f3n INTEGRATEA TDAH y ACAFEM, han promovido para este pr\u00f3ximo viernes 7 de Junio, a las 19h, un evento para la presentaci\u00f3n del libro \u201cObras de una mente aut\u00edstica\u201d en el Sal\u00f3n Audiovisual &hellip;<\/p>\n","protected":false},"author":5,"featured_media":25210,"comment_status":"closed","ping_status":"open","sticky":false,"template":"","format":"standard","meta":{"ngg_post_thumbnail":0,"footnotes":""},"categories":[51],"tags":[],"class_list":["post-25208","post","type-post","status-publish","format-standard","has-post-thumbnail","hentry","category-bienestar-social"],"yoast_head":"<!-- This site is optimized with the Yoast SEO plugin v27.5 - https:\/\/yoast.com\/product\/yoast-seo-wordpress\/ -->\n<title>\u00c1ngel Sandoval presenta el libro &quot;Obras de una mente Aut\u00edstica&quot; - MI Ayuntamiento de Caudete<\/title>\n<meta name=\"description\" content=\"P\u00e1gina Oficial del Ayuntamiento de Caudete (Albacete)\" \/>\n<meta name=\"robots\" content=\"index, follow, max-snippet:-1, max-image-preview:large, max-video-preview:-1\" \/>\n<link rel=\"canonical\" href=\"https:\/\/www.caudete.org\/ayuntamiento\/angel-sandoval-presenta-el-libro-obras-de-una-mente-autistica\/\" \/>\n<meta property=\"og:locale\" content=\"es_ES\" \/>\n<meta property=\"og:type\" content=\"article\" \/>\n<meta property=\"og:title\" content=\"\u00c1ngel Sandoval presenta el libro &quot;Obras de una mente Aut\u00edstica&quot; - MI Ayuntamiento de Caudete\" \/>\n<meta property=\"og:description\" content=\"P\u00e1gina Oficial del Ayuntamiento de Caudete (Albacete)\" \/>\n<meta property=\"og:url\" content=\"https:\/\/www.caudete.org\/ayuntamiento\/angel-sandoval-presenta-el-libro-obras-de-una-mente-autistica\/\" \/>\n<meta property=\"og:site_name\" content=\"MI Ayuntamiento de Caudete\" \/>\n<meta property=\"article:publisher\" content=\"https:\/\/www.facebook.com\/ayuntamientocaudete\/\" \/>\n<meta property=\"article:published_time\" content=\"2024-06-04T07:00:36+00:00\" \/>\n<meta property=\"article:modified_time\" content=\"2024-06-08T11:01:53+00:00\" \/>\n<meta property=\"og:image\" content=\"https:\/\/www.caudete.org\/ayuntamiento\/wp-content\/uploads\/2024\/06\/PresentacionLibro-port.jpg\" \/>\n\t<meta property=\"og:image:width\" content=\"1089\" \/>\n\t<meta property=\"og:image:height\" content=\"444\" \/>\n\t<meta property=\"og:image:type\" content=\"image\/jpeg\" \/>\n<meta name=\"author\" content=\"Dpto Informatica MI Ayuntamiento de Caudete\" \/>\n<meta name=\"twitter:card\" content=\"summary_large_image\" \/>\n<meta name=\"twitter:label1\" content=\"Escrito por\" \/>\n\t<meta name=\"twitter:data1\" content=\"Dpto Informatica MI Ayuntamiento de Caudete\" \/>\n\t<meta name=\"twitter:label2\" content=\"Tiempo de lectura\" \/>\n\t<meta name=\"twitter:data2\" content=\"2 minutos\" \/>\n<script type=\"application\/ld+json\" class=\"yoast-schema-graph\">{\"@context\":\"https:\\\/\\\/schema.org\",\"@graph\":[{\"@type\":\"Article\",\"@id\":\"https:\\\/\\\/www.caudete.org\\\/ayuntamiento\\\/angel-sandoval-presenta-el-libro-obras-de-una-mente-autistica\\\/#article\",\"isPartOf\":{\"@id\":\"https:\\\/\\\/www.caudete.org\\\/ayuntamiento\\\/angel-sandoval-presenta-el-libro-obras-de-una-mente-autistica\\\/\"},\"author\":{\"name\":\"Dpto Informatica MI Ayuntamiento de Caudete\",\"@id\":\"https:\\\/\\\/www.caudete.org\\\/ayuntamiento\\\/#\\\/schema\\\/person\\\/4b9eab41761957db9b1bf9c418d1ef46\"},\"headline\":\"\u00c1ngel Sandoval presenta el libro &#8220;Obras de una mente Aut\u00edstica&#8221;\",\"datePublished\":\"2024-06-04T07:00:36+00:00\",\"dateModified\":\"2024-06-08T11:01:53+00:00\",\"mainEntityOfPage\":{\"@id\":\"https:\\\/\\\/www.caudete.org\\\/ayuntamiento\\\/angel-sandoval-presenta-el-libro-obras-de-una-mente-autistica\\\/\"},\"wordCount\":367,\"image\":{\"@id\":\"https:\\\/\\\/www.caudete.org\\\/ayuntamiento\\\/angel-sandoval-presenta-el-libro-obras-de-una-mente-autistica\\\/#primaryimage\"},\"thumbnailUrl\":\"https:\\\/\\\/www.caudete.org\\\/ayuntamiento\\\/wp-content\\\/uploads\\\/2024\\\/06\\\/PresentacionLibro-port.jpg\",\"articleSection\":[\"Bienestar Social\"],\"inLanguage\":\"es\"},{\"@type\":\"WebPage\",\"@id\":\"https:\\\/\\\/www.caudete.org\\\/ayuntamiento\\\/angel-sandoval-presenta-el-libro-obras-de-una-mente-autistica\\\/\",\"url\":\"https:\\\/\\\/www.caudete.org\\\/ayuntamiento\\\/angel-sandoval-presenta-el-libro-obras-de-una-mente-autistica\\\/\",\"name\":\"\u00c1ngel Sandoval presenta el libro \\\"Obras de una mente Aut\u00edstica\\\" - MI Ayuntamiento de Caudete\",\"isPartOf\":{\"@id\":\"https:\\\/\\\/www.caudete.org\\\/ayuntamiento\\\/#website\"},\"primaryImageOfPage\":{\"@id\":\"https:\\\/\\\/www.caudete.org\\\/ayuntamiento\\\/angel-sandoval-presenta-el-libro-obras-de-una-mente-autistica\\\/#primaryimage\"},\"image\":{\"@id\":\"https:\\\/\\\/www.caudete.org\\\/ayuntamiento\\\/angel-sandoval-presenta-el-libro-obras-de-una-mente-autistica\\\/#primaryimage\"},\"thumbnailUrl\":\"https:\\\/\\\/www.caudete.org\\\/ayuntamiento\\\/wp-content\\\/uploads\\\/2024\\\/06\\\/PresentacionLibro-port.jpg\",\"datePublished\":\"2024-06-04T07:00:36+00:00\",\"dateModified\":\"2024-06-08T11:01:53+00:00\",\"author\":{\"@id\":\"https:\\\/\\\/www.caudete.org\\\/ayuntamiento\\\/#\\\/schema\\\/person\\\/4b9eab41761957db9b1bf9c418d1ef46\"},\"description\":\"P\u00e1gina Oficial del Ayuntamiento de Caudete (Albacete)\",\"breadcrumb\":{\"@id\":\"https:\\\/\\\/www.caudete.org\\\/ayuntamiento\\\/angel-sandoval-presenta-el-libro-obras-de-una-mente-autistica\\\/#breadcrumb\"},\"inLanguage\":\"es\",\"potentialAction\":[{\"@type\":\"ReadAction\",\"target\":[\"https:\\\/\\\/www.caudete.org\\\/ayuntamiento\\\/angel-sandoval-presenta-el-libro-obras-de-una-mente-autistica\\\/\"]}]},{\"@type\":\"ImageObject\",\"inLanguage\":\"es\",\"@id\":\"https:\\\/\\\/www.caudete.org\\\/ayuntamiento\\\/angel-sandoval-presenta-el-libro-obras-de-una-mente-autistica\\\/#primaryimage\",\"url\":\"https:\\\/\\\/www.caudete.org\\\/ayuntamiento\\\/wp-content\\\/uploads\\\/2024\\\/06\\\/PresentacionLibro-port.jpg\",\"contentUrl\":\"https:\\\/\\\/www.caudete.org\\\/ayuntamiento\\\/wp-content\\\/uploads\\\/2024\\\/06\\\/PresentacionLibro-port.jpg\",\"width\":1089,\"height\":444},{\"@type\":\"BreadcrumbList\",\"@id\":\"https:\\\/\\\/www.caudete.org\\\/ayuntamiento\\\/angel-sandoval-presenta-el-libro-obras-de-una-mente-autistica\\\/#breadcrumb\",\"itemListElement\":[{\"@type\":\"ListItem\",\"position\":1,\"name\":\"Inicio\",\"item\":\"https:\\\/\\\/www.caudete.org\\\/ayuntamiento\\\/\"},{\"@type\":\"ListItem\",\"position\":2,\"name\":\"\u00c1ngel Sandoval presenta el libro &#8220;Obras de una mente Aut\u00edstica&#8221;\"}]},{\"@type\":\"WebSite\",\"@id\":\"https:\\\/\\\/www.caudete.org\\\/ayuntamiento\\\/#website\",\"url\":\"https:\\\/\\\/www.caudete.org\\\/ayuntamiento\\\/\",\"name\":\"MI Ayuntamiento de Caudete\",\"description\":\"P\u00e1gina Oficial del MI Ayuntamiento de Caudete\",\"potentialAction\":[{\"@type\":\"SearchAction\",\"target\":{\"@type\":\"EntryPoint\",\"urlTemplate\":\"https:\\\/\\\/www.caudete.org\\\/ayuntamiento\\\/?s={search_term_string}\"},\"query-input\":{\"@type\":\"PropertyValueSpecification\",\"valueRequired\":true,\"valueName\":\"search_term_string\"}}],\"inLanguage\":\"es\"},{\"@type\":\"Person\",\"@id\":\"https:\\\/\\\/www.caudete.org\\\/ayuntamiento\\\/#\\\/schema\\\/person\\\/4b9eab41761957db9b1bf9c418d1ef46\",\"name\":\"Dpto Informatica MI Ayuntamiento de Caudete\",\"image\":{\"@type\":\"ImageObject\",\"inLanguage\":\"es\",\"@id\":\"https:\\\/\\\/secure.gravatar.com\\\/avatar\\\/ac0321ee4a0a83e82a253e7b2d348ef539e2c8fe16d06b600bde04de1b364fa7?s=96&d=mm&r=g\",\"url\":\"https:\\\/\\\/secure.gravatar.com\\\/avatar\\\/ac0321ee4a0a83e82a253e7b2d348ef539e2c8fe16d06b600bde04de1b364fa7?s=96&d=mm&r=g\",\"contentUrl\":\"https:\\\/\\\/secure.gravatar.com\\\/avatar\\\/ac0321ee4a0a83e82a253e7b2d348ef539e2c8fe16d06b600bde04de1b364fa7?s=96&d=mm&r=g\",\"caption\":\"Dpto Informatica MI Ayuntamiento de Caudete\"},\"url\":\"https:\\\/\\\/www.caudete.org\\\/ayuntamiento\\\/author\\\/informatica\\\/\"}]}<\/script>\n<!-- \/ Yoast SEO plugin. -->","yoast_head_json":{"title":"\u00c1ngel Sandoval presenta el libro \"Obras de una mente Aut\u00edstica\" - MI Ayuntamiento de Caudete","description":"P\u00e1gina Oficial del Ayuntamiento de Caudete (Albacete)","robots":{"index":"index","follow":"follow","max-snippet":"max-snippet:-1","max-image-preview":"max-image-preview:large","max-video-preview":"max-video-preview:-1"},"canonical":"https:\/\/www.caudete.org\/ayuntamiento\/angel-sandoval-presenta-el-libro-obras-de-una-mente-autistica\/","og_locale":"es_ES","og_type":"article","og_title":"\u00c1ngel Sandoval presenta el libro \"Obras de una mente Aut\u00edstica\" - MI Ayuntamiento de Caudete","og_description":"P\u00e1gina Oficial del Ayuntamiento de Caudete (Albacete)","og_url":"https:\/\/www.caudete.org\/ayuntamiento\/angel-sandoval-presenta-el-libro-obras-de-una-mente-autistica\/","og_site_name":"MI Ayuntamiento de Caudete","article_publisher":"https:\/\/www.facebook.com\/ayuntamientocaudete\/","article_published_time":"2024-06-04T07:00:36+00:00","article_modified_time":"2024-06-08T11:01:53+00:00","og_image":[{"width":1089,"height":444,"url":"https:\/\/www.caudete.org\/ayuntamiento\/wp-content\/uploads\/2024\/06\/PresentacionLibro-port.jpg","type":"image\/jpeg"}],"author":"Dpto Informatica MI Ayuntamiento de Caudete","twitter_card":"summary_large_image","twitter_misc":{"Escrito por":"Dpto Informatica MI Ayuntamiento de Caudete","Tiempo de lectura":"2 minutos"},"schema":{"@context":"https:\/\/schema.org","@graph":[{"@type":"Article","@id":"https:\/\/www.caudete.org\/ayuntamiento\/angel-sandoval-presenta-el-libro-obras-de-una-mente-autistica\/#article","isPartOf":{"@id":"https:\/\/www.caudete.org\/ayuntamiento\/angel-sandoval-presenta-el-libro-obras-de-una-mente-autistica\/"},"author":{"name":"Dpto Informatica MI Ayuntamiento de Caudete","@id":"https:\/\/www.caudete.org\/ayuntamiento\/#\/schema\/person\/4b9eab41761957db9b1bf9c418d1ef46"},"headline":"\u00c1ngel Sandoval presenta el libro &#8220;Obras de una mente Aut\u00edstica&#8221;","datePublished":"2024-06-04T07:00:36+00:00","dateModified":"2024-06-08T11:01:53+00:00","mainEntityOfPage":{"@id":"https:\/\/www.caudete.org\/ayuntamiento\/angel-sandoval-presenta-el-libro-obras-de-una-mente-autistica\/"},"wordCount":367,"image":{"@id":"https:\/\/www.caudete.org\/ayuntamiento\/angel-sandoval-presenta-el-libro-obras-de-una-mente-autistica\/#primaryimage"},"thumbnailUrl":"https:\/\/www.caudete.org\/ayuntamiento\/wp-content\/uploads\/2024\/06\/PresentacionLibro-port.jpg","articleSection":["Bienestar Social"],"inLanguage":"es"},{"@type":"WebPage","@id":"https:\/\/www.caudete.org\/ayuntamiento\/angel-sandoval-presenta-el-libro-obras-de-una-mente-autistica\/","url":"https:\/\/www.caudete.org\/ayuntamiento\/angel-sandoval-presenta-el-libro-obras-de-una-mente-autistica\/","name":"\u00c1ngel Sandoval presenta el libro \"Obras de una mente Aut\u00edstica\" - MI Ayuntamiento de Caudete","isPartOf":{"@id":"https:\/\/www.caudete.org\/ayuntamiento\/#website"},"primaryImageOfPage":{"@id":"https:\/\/www.caudete.org\/ayuntamiento\/angel-sandoval-presenta-el-libro-obras-de-una-mente-autistica\/#primaryimage"},"image":{"@id":"https:\/\/www.caudete.org\/ayuntamiento\/angel-sandoval-presenta-el-libro-obras-de-una-mente-autistica\/#primaryimage"},"thumbnailUrl":"https:\/\/www.caudete.org\/ayuntamiento\/wp-content\/uploads\/2024\/06\/PresentacionLibro-port.jpg","datePublished":"2024-06-04T07:00:36+00:00","dateModified":"2024-06-08T11:01:53+00:00","author":{"@id":"https:\/\/www.caudete.org\/ayuntamiento\/#\/schema\/person\/4b9eab41761957db9b1bf9c418d1ef46"},"description":"P\u00e1gina Oficial del Ayuntamiento de Caudete (Albacete)","breadcrumb":{"@id":"https:\/\/www.caudete.org\/ayuntamiento\/angel-sandoval-presenta-el-libro-obras-de-una-mente-autistica\/#breadcrumb"},"inLanguage":"es","potentialAction":[{"@type":"ReadAction","target":["https:\/\/www.caudete.org\/ayuntamiento\/angel-sandoval-presenta-el-libro-obras-de-una-mente-autistica\/"]}]},{"@type":"ImageObject","inLanguage":"es","@id":"https:\/\/www.caudete.org\/ayuntamiento\/angel-sandoval-presenta-el-libro-obras-de-una-mente-autistica\/#primaryimage","url":"https:\/\/www.caudete.org\/ayuntamiento\/wp-content\/uploads\/2024\/06\/PresentacionLibro-port.jpg","contentUrl":"https:\/\/www.caudete.org\/ayuntamiento\/wp-content\/uploads\/2024\/06\/PresentacionLibro-port.jpg","width":1089,"height":444},{"@type":"BreadcrumbList","@id":"https:\/\/www.caudete.org\/ayuntamiento\/angel-sandoval-presenta-el-libro-obras-de-una-mente-autistica\/#breadcrumb","itemListElement":[{"@type":"ListItem","position":1,"name":"Inicio","item":"https:\/\/www.caudete.org\/ayuntamiento\/"},{"@type":"ListItem","position":2,"name":"\u00c1ngel Sandoval presenta el libro &#8220;Obras de una mente Aut\u00edstica&#8221;"}]},{"@type":"WebSite","@id":"https:\/\/www.caudete.org\/ayuntamiento\/#website","url":"https:\/\/www.caudete.org\/ayuntamiento\/","name":"MI Ayuntamiento de Caudete","description":"P\u00e1gina Oficial del MI Ayuntamiento de Caudete","potentialAction":[{"@type":"SearchAction","target":{"@type":"EntryPoint","urlTemplate":"https:\/\/www.caudete.org\/ayuntamiento\/?s={search_term_string}"},"query-input":{"@type":"PropertyValueSpecification","valueRequired":true,"valueName":"search_term_string"}}],"inLanguage":"es"},{"@type":"Person","@id":"https:\/\/www.caudete.org\/ayuntamiento\/#\/schema\/person\/4b9eab41761957db9b1bf9c418d1ef46","name":"Dpto Informatica MI Ayuntamiento de Caudete","image":{"@type":"ImageObject","inLanguage":"es","@id":"https:\/\/secure.gravatar.com\/avatar\/ac0321ee4a0a83e82a253e7b2d348ef539e2c8fe16d06b600bde04de1b364fa7?s=96&d=mm&r=g","url":"https:\/\/secure.gravatar.com\/avatar\/ac0321ee4a0a83e82a253e7b2d348ef539e2c8fe16d06b600bde04de1b364fa7?s=96&d=mm&r=g","contentUrl":"https:\/\/secure.gravatar.com\/avatar\/ac0321ee4a0a83e82a253e7b2d348ef539e2c8fe16d06b600bde04de1b364fa7?s=96&d=mm&r=g","caption":"Dpto Informatica MI Ayuntamiento de Caudete"},"url":"https:\/\/www.caudete.org\/ayuntamiento\/author\/informatica\/"}]}},"_links":{"self":[{"href":"https:\/\/www.caudete.org\/ayuntamiento\/wp-json\/wp\/v2\/posts\/25208","targetHints":{"allow":["GET"]}}],"collection":[{"href":"https:\/\/www.caudete.org\/ayuntamiento\/wp-json\/wp\/v2\/posts"}],"about":[{"href":"https:\/\/www.caudete.org\/ayuntamiento\/wp-json\/wp\/v2\/types\/post"}],"author":[{"embeddable":true,"href":"https:\/\/www.caudete.org\/ayuntamiento\/wp-json\/wp\/v2\/users\/5"}],"replies":[{"embeddable":true,"href":"https:\/\/www.caudete.org\/ayuntamiento\/wp-json\/wp\/v2\/comments?post=25208"}],"version-history":[{"count":1,"href":"https:\/\/www.caudete.org\/ayuntamiento\/wp-json\/wp\/v2\/posts\/25208\/revisions"}],"predecessor-version":[{"id":25211,"href":"https:\/\/www.caudete.org\/ayuntamiento\/wp-json\/wp\/v2\/posts\/25208\/revisions\/25211"}],"wp:featuredmedia":[{"embeddable":true,"href":"https:\/\/www.caudete.org\/ayuntamiento\/wp-json\/wp\/v2\/media\/25210"}],"wp:attachment":[{"href":"https:\/\/www.caudete.org\/ayuntamiento\/wp-json\/wp\/v2\/media?parent=25208"}],"wp:term":[{"taxonomy":"category","embeddable":true,"href":"https:\/\/www.caudete.org\/ayuntamiento\/wp-json\/wp\/v2\/categories?post=25208"},{"taxonomy":"post_tag","embeddable":true,"href":"https:\/\/www.caudete.org\/ayuntamiento\/wp-json\/wp\/v2\/tags?post=25208"}],"curies":[{"name":"wp","href":"https:\/\/api.w.org\/{rel}","templated":true}]}}