{"id":25246,"date":"2024-06-05T12:20:06","date_gmt":"2024-06-05T10:20:06","guid":{"rendered":"https:\/\/www.caudete.org\/ayuntamiento\/?p=25246"},"modified":"2024-06-05T12:20:06","modified_gmt":"2024-06-05T10:20:06","slug":"se-crea-una-plataforma-en-defensa-del-hospital-comarcal-de-almansa","status":"publish","type":"post","link":"https:\/\/www.caudete.org\/ayuntamiento\/se-crea-una-plataforma-en-defensa-del-hospital-comarcal-de-almansa\/","title":{"rendered":"Se crea una plataforma en defensa del Hospital Comarcal de Almansa"},"content":{"rendered":"<p>Mar\u00eda Mart\u00ednez Garc\u00eda desde la concejal\u00eda de Sanidad del M.I. Ayuntamiento de Caudete informa de la plataforma que se ha creado en defensa del hospital comarcal de Almansa.<\/p>\n<p>Esta plataforma ha sido creada por un grupo de ciudadanos de Almansa y su comarca, comprometidos con la preservaci\u00f3n y mejora de los servicios de salud en nuestra comunidad.<\/p>\n<p>Conscientes de la importancia vital que representa el Hospital Comarcal de Almansa para el bienestar de todos los habitantes de la Comarca, un n\u00famero significativo de personas con car\u00e1cter apol\u00edtico y motivadas por un inter\u00e9s com\u00fan, han decidido unir fuerzas para emprender las acciones necesarias para garantizar su viabilidad, excelencia en la atenci\u00f3n, posibles cierres de unidades y\/o especialidades y recortes de prestaciones de dichos servicios.<br \/>\nLa Edil, informa y se reafirma en el car\u00e1cter apartidista, y en la disposici\u00f3n de trasladar esta informaci\u00f3n a toda la ciudadan\u00eda de Caudete, independientemente de sus ideolog\u00edas o afiliaciones pol\u00edticas. Valorando la diversidad de opiniones y creyendo el respeto mutuo la base del trabajo conjunto, motivo por el que desde la concejal\u00eda de Sanidad se les est\u00e1 dando voz y apoyo en la visibilidad.<\/p>\n<p>La plataforma se ha puesto en contacto con la concejal Mar\u00eda Mart\u00ednez Garc\u00eda para buscar su apoyo, al igual que tambi\u00e9n se han puesto en contacto con otros concejales y Ayuntamientos de la comarca para buscar canales de di\u00e1logo abiertos, y transparentes con todas las partes involucradas en el funcionamiento del hospital: la directiva, el comit\u00e9 de empresa, los representantes de los trabajadores, la Consejer\u00eda de Sanidad, el Gobierno de la Juta, entre otros.<br \/>\nLa plataforma se compromete a mantener una comunicaci\u00f3n fluida y constructiva con objeto de recabar informaci\u00f3n actualizada y representativa de todas las perspectivas.<\/p>\n<p>Y manifiestan la disposici\u00f3n a emprender diversas acciones en defensa del Hospital Comarcal de Almansa, tales como la recogida de firmas, concentraciones pac\u00edficas, manifestaciones, as\u00ed como la utilizaci\u00f3n de medios de comunicaci\u00f3n tradicionales y redes sociales para difundir la causa y sensibilizar a la opini\u00f3n p\u00fablica.<\/p>\n<p>Por \u00faltimo, la plataforma pide contar con el apoyo y la colaboraci\u00f3n de las autoridades, por lo que desde la concejal\u00eda de sanidad de Caudete, se informa a los ciudadanos que la plataforma va a distribuir hojas de firmas en diferentes puntos de Caudete para todo el que quiera dar su apoyo a la plataforma.<\/p>\n","protected":false},"excerpt":{"rendered":"<p>Mar\u00eda Mart\u00ednez Garc\u00eda desde la concejal\u00eda de Sanidad del M.I. Ayuntamiento de Caudete informa de la plataforma que se ha creado en defensa del hospital comarcal de Almansa. Esta plataforma ha sido creada por un grupo de ciudadanos de Almansa y su comarca, comprometidos con la preservaci\u00f3n y mejora de los servicios de salud en &hellip;<\/p>\n","protected":false},"author":5,"featured_media":25247,"comment_status":"closed","ping_status":"open","sticky":false,"template":"","format":"standard","meta":{"ngg_post_thumbnail":0,"footnotes":""},"categories":[16],"tags":[],"class_list":["post-25246","post","type-post","status-publish","format-standard","has-post-thumbnail","hentry","category-sanidad"],"yoast_head":"<!-- This site is optimized with the Yoast SEO plugin v27.5 - https:\/\/yoast.com\/product\/yoast-seo-wordpress\/ -->\n<title>Se crea una plataforma en defensa del Hospital Comarcal de Almansa - MI Ayuntamiento de Caudete<\/title>\n<meta name=\"description\" content=\"P\u00e1gina Oficial del Ayuntamiento de Caudete (Albacete)\" \/>\n<meta name=\"robots\" content=\"index, follow, max-snippet:-1, max-image-preview:large, max-video-preview:-1\" \/>\n<link rel=\"canonical\" href=\"https:\/\/www.caudete.org\/ayuntamiento\/se-crea-una-plataforma-en-defensa-del-hospital-comarcal-de-almansa\/\" \/>\n<meta property=\"og:locale\" content=\"es_ES\" \/>\n<meta property=\"og:type\" content=\"article\" \/>\n<meta property=\"og:title\" content=\"Se crea una plataforma en defensa del Hospital Comarcal de Almansa - MI Ayuntamiento de Caudete\" \/>\n<meta property=\"og:description\" content=\"P\u00e1gina Oficial del Ayuntamiento de Caudete (Albacete)\" \/>\n<meta property=\"og:url\" content=\"https:\/\/www.caudete.org\/ayuntamiento\/se-crea-una-plataforma-en-defensa-del-hospital-comarcal-de-almansa\/\" \/>\n<meta property=\"og:site_name\" content=\"MI Ayuntamiento de Caudete\" \/>\n<meta property=\"article:publisher\" content=\"https:\/\/www.facebook.com\/ayuntamientocaudete\/\" \/>\n<meta property=\"article:published_time\" content=\"2024-06-05T10:20:06+00:00\" \/>\n<meta property=\"og:image\" content=\"https:\/\/www.caudete.org\/ayuntamiento\/wp-content\/uploads\/2024\/06\/hospitalalmansa.jpg\" \/>\n\t<meta property=\"og:image:width\" content=\"1200\" \/>\n\t<meta property=\"og:image:height\" content=\"563\" \/>\n\t<meta property=\"og:image:type\" content=\"image\/jpeg\" \/>\n<meta name=\"author\" content=\"Dpto Informatica MI Ayuntamiento de Caudete\" \/>\n<meta name=\"twitter:card\" content=\"summary_large_image\" \/>\n<meta name=\"twitter:label1\" content=\"Escrito por\" \/>\n\t<meta name=\"twitter:data1\" content=\"Dpto Informatica MI Ayuntamiento de Caudete\" \/>\n\t<meta name=\"twitter:label2\" content=\"Tiempo de lectura\" \/>\n\t<meta name=\"twitter:data2\" content=\"2 minutos\" \/>\n<script type=\"application\/ld+json\" class=\"yoast-schema-graph\">{\"@context\":\"https:\\\/\\\/schema.org\",\"@graph\":[{\"@type\":\"Article\",\"@id\":\"https:\\\/\\\/www.caudete.org\\\/ayuntamiento\\\/se-crea-una-plataforma-en-defensa-del-hospital-comarcal-de-almansa\\\/#article\",\"isPartOf\":{\"@id\":\"https:\\\/\\\/www.caudete.org\\\/ayuntamiento\\\/se-crea-una-plataforma-en-defensa-del-hospital-comarcal-de-almansa\\\/\"},\"author\":{\"name\":\"Dpto Informatica MI Ayuntamiento de Caudete\",\"@id\":\"https:\\\/\\\/www.caudete.org\\\/ayuntamiento\\\/#\\\/schema\\\/person\\\/4b9eab41761957db9b1bf9c418d1ef46\"},\"headline\":\"Se crea una plataforma en defensa del Hospital Comarcal de Almansa\",\"datePublished\":\"2024-06-05T10:20:06+00:00\",\"mainEntityOfPage\":{\"@id\":\"https:\\\/\\\/www.caudete.org\\\/ayuntamiento\\\/se-crea-una-plataforma-en-defensa-del-hospital-comarcal-de-almansa\\\/\"},\"wordCount\":433,\"image\":{\"@id\":\"https:\\\/\\\/www.caudete.org\\\/ayuntamiento\\\/se-crea-una-plataforma-en-defensa-del-hospital-comarcal-de-almansa\\\/#primaryimage\"},\"thumbnailUrl\":\"https:\\\/\\\/www.caudete.org\\\/ayuntamiento\\\/wp-content\\\/uploads\\\/2024\\\/06\\\/hospitalalmansa.jpg\",\"articleSection\":[\"Sanidad\"],\"inLanguage\":\"es\"},{\"@type\":\"WebPage\",\"@id\":\"https:\\\/\\\/www.caudete.org\\\/ayuntamiento\\\/se-crea-una-plataforma-en-defensa-del-hospital-comarcal-de-almansa\\\/\",\"url\":\"https:\\\/\\\/www.caudete.org\\\/ayuntamiento\\\/se-crea-una-plataforma-en-defensa-del-hospital-comarcal-de-almansa\\\/\",\"name\":\"Se crea una plataforma en defensa del Hospital Comarcal de Almansa - MI Ayuntamiento de Caudete\",\"isPartOf\":{\"@id\":\"https:\\\/\\\/www.caudete.org\\\/ayuntamiento\\\/#website\"},\"primaryImageOfPage\":{\"@id\":\"https:\\\/\\\/www.caudete.org\\\/ayuntamiento\\\/se-crea-una-plataforma-en-defensa-del-hospital-comarcal-de-almansa\\\/#primaryimage\"},\"image\":{\"@id\":\"https:\\\/\\\/www.caudete.org\\\/ayuntamiento\\\/se-crea-una-plataforma-en-defensa-del-hospital-comarcal-de-almansa\\\/#primaryimage\"},\"thumbnailUrl\":\"https:\\\/\\\/www.caudete.org\\\/ayuntamiento\\\/wp-content\\\/uploads\\\/2024\\\/06\\\/hospitalalmansa.jpg\",\"datePublished\":\"2024-06-05T10:20:06+00:00\",\"author\":{\"@id\":\"https:\\\/\\\/www.caudete.org\\\/ayuntamiento\\\/#\\\/schema\\\/person\\\/4b9eab41761957db9b1bf9c418d1ef46\"},\"description\":\"P\u00e1gina Oficial del Ayuntamiento de Caudete (Albacete)\",\"breadcrumb\":{\"@id\":\"https:\\\/\\\/www.caudete.org\\\/ayuntamiento\\\/se-crea-una-plataforma-en-defensa-del-hospital-comarcal-de-almansa\\\/#breadcrumb\"},\"inLanguage\":\"es\",\"potentialAction\":[{\"@type\":\"ReadAction\",\"target\":[\"https:\\\/\\\/www.caudete.org\\\/ayuntamiento\\\/se-crea-una-plataforma-en-defensa-del-hospital-comarcal-de-almansa\\\/\"]}]},{\"@type\":\"ImageObject\",\"inLanguage\":\"es\",\"@id\":\"https:\\\/\\\/www.caudete.org\\\/ayuntamiento\\\/se-crea-una-plataforma-en-defensa-del-hospital-comarcal-de-almansa\\\/#primaryimage\",\"url\":\"https:\\\/\\\/www.caudete.org\\\/ayuntamiento\\\/wp-content\\\/uploads\\\/2024\\\/06\\\/hospitalalmansa.jpg\",\"contentUrl\":\"https:\\\/\\\/www.caudete.org\\\/ayuntamiento\\\/wp-content\\\/uploads\\\/2024\\\/06\\\/hospitalalmansa.jpg\",\"width\":1200,\"height\":563},{\"@type\":\"BreadcrumbList\",\"@id\":\"https:\\\/\\\/www.caudete.org\\\/ayuntamiento\\\/se-crea-una-plataforma-en-defensa-del-hospital-comarcal-de-almansa\\\/#breadcrumb\",\"itemListElement\":[{\"@type\":\"ListItem\",\"position\":1,\"name\":\"Inicio\",\"item\":\"https:\\\/\\\/www.caudete.org\\\/ayuntamiento\\\/\"},{\"@type\":\"ListItem\",\"position\":2,\"name\":\"Se crea una plataforma en defensa del Hospital Comarcal de Almansa\"}]},{\"@type\":\"WebSite\",\"@id\":\"https:\\\/\\\/www.caudete.org\\\/ayuntamiento\\\/#website\",\"url\":\"https:\\\/\\\/www.caudete.org\\\/ayuntamiento\\\/\",\"name\":\"MI Ayuntamiento de Caudete\",\"description\":\"P\u00e1gina Oficial del MI Ayuntamiento de Caudete\",\"potentialAction\":[{\"@type\":\"SearchAction\",\"target\":{\"@type\":\"EntryPoint\",\"urlTemplate\":\"https:\\\/\\\/www.caudete.org\\\/ayuntamiento\\\/?s={search_term_string}\"},\"query-input\":{\"@type\":\"PropertyValueSpecification\",\"valueRequired\":true,\"valueName\":\"search_term_string\"}}],\"inLanguage\":\"es\"},{\"@type\":\"Person\",\"@id\":\"https:\\\/\\\/www.caudete.org\\\/ayuntamiento\\\/#\\\/schema\\\/person\\\/4b9eab41761957db9b1bf9c418d1ef46\",\"name\":\"Dpto Informatica MI Ayuntamiento de Caudete\",\"image\":{\"@type\":\"ImageObject\",\"inLanguage\":\"es\",\"@id\":\"https:\\\/\\\/secure.gravatar.com\\\/avatar\\\/ac0321ee4a0a83e82a253e7b2d348ef539e2c8fe16d06b600bde04de1b364fa7?s=96&d=mm&r=g\",\"url\":\"https:\\\/\\\/secure.gravatar.com\\\/avatar\\\/ac0321ee4a0a83e82a253e7b2d348ef539e2c8fe16d06b600bde04de1b364fa7?s=96&d=mm&r=g\",\"contentUrl\":\"https:\\\/\\\/secure.gravatar.com\\\/avatar\\\/ac0321ee4a0a83e82a253e7b2d348ef539e2c8fe16d06b600bde04de1b364fa7?s=96&d=mm&r=g\",\"caption\":\"Dpto Informatica MI Ayuntamiento de Caudete\"},\"url\":\"https:\\\/\\\/www.caudete.org\\\/ayuntamiento\\\/author\\\/informatica\\\/\"}]}<\/script>\n<!-- \/ Yoast SEO plugin. -->","yoast_head_json":{"title":"Se crea una plataforma en defensa del Hospital Comarcal de Almansa - MI Ayuntamiento de Caudete","description":"P\u00e1gina Oficial del Ayuntamiento de Caudete (Albacete)","robots":{"index":"index","follow":"follow","max-snippet":"max-snippet:-1","max-image-preview":"max-image-preview:large","max-video-preview":"max-video-preview:-1"},"canonical":"https:\/\/www.caudete.org\/ayuntamiento\/se-crea-una-plataforma-en-defensa-del-hospital-comarcal-de-almansa\/","og_locale":"es_ES","og_type":"article","og_title":"Se crea una plataforma en defensa del Hospital Comarcal de Almansa - MI Ayuntamiento de Caudete","og_description":"P\u00e1gina Oficial del Ayuntamiento de Caudete (Albacete)","og_url":"https:\/\/www.caudete.org\/ayuntamiento\/se-crea-una-plataforma-en-defensa-del-hospital-comarcal-de-almansa\/","og_site_name":"MI Ayuntamiento de Caudete","article_publisher":"https:\/\/www.facebook.com\/ayuntamientocaudete\/","article_published_time":"2024-06-05T10:20:06+00:00","og_image":[{"width":1200,"height":563,"url":"https:\/\/www.caudete.org\/ayuntamiento\/wp-content\/uploads\/2024\/06\/hospitalalmansa.jpg","type":"image\/jpeg"}],"author":"Dpto Informatica MI Ayuntamiento de Caudete","twitter_card":"summary_large_image","twitter_misc":{"Escrito por":"Dpto Informatica MI Ayuntamiento de Caudete","Tiempo de lectura":"2 minutos"},"schema":{"@context":"https:\/\/schema.org","@graph":[{"@type":"Article","@id":"https:\/\/www.caudete.org\/ayuntamiento\/se-crea-una-plataforma-en-defensa-del-hospital-comarcal-de-almansa\/#article","isPartOf":{"@id":"https:\/\/www.caudete.org\/ayuntamiento\/se-crea-una-plataforma-en-defensa-del-hospital-comarcal-de-almansa\/"},"author":{"name":"Dpto Informatica MI Ayuntamiento de Caudete","@id":"https:\/\/www.caudete.org\/ayuntamiento\/#\/schema\/person\/4b9eab41761957db9b1bf9c418d1ef46"},"headline":"Se crea una plataforma en defensa del Hospital Comarcal de Almansa","datePublished":"2024-06-05T10:20:06+00:00","mainEntityOfPage":{"@id":"https:\/\/www.caudete.org\/ayuntamiento\/se-crea-una-plataforma-en-defensa-del-hospital-comarcal-de-almansa\/"},"wordCount":433,"image":{"@id":"https:\/\/www.caudete.org\/ayuntamiento\/se-crea-una-plataforma-en-defensa-del-hospital-comarcal-de-almansa\/#primaryimage"},"thumbnailUrl":"https:\/\/www.caudete.org\/ayuntamiento\/wp-content\/uploads\/2024\/06\/hospitalalmansa.jpg","articleSection":["Sanidad"],"inLanguage":"es"},{"@type":"WebPage","@id":"https:\/\/www.caudete.org\/ayuntamiento\/se-crea-una-plataforma-en-defensa-del-hospital-comarcal-de-almansa\/","url":"https:\/\/www.caudete.org\/ayuntamiento\/se-crea-una-plataforma-en-defensa-del-hospital-comarcal-de-almansa\/","name":"Se crea una plataforma en defensa del Hospital Comarcal de Almansa - MI Ayuntamiento de Caudete","isPartOf":{"@id":"https:\/\/www.caudete.org\/ayuntamiento\/#website"},"primaryImageOfPage":{"@id":"https:\/\/www.caudete.org\/ayuntamiento\/se-crea-una-plataforma-en-defensa-del-hospital-comarcal-de-almansa\/#primaryimage"},"image":{"@id":"https:\/\/www.caudete.org\/ayuntamiento\/se-crea-una-plataforma-en-defensa-del-hospital-comarcal-de-almansa\/#primaryimage"},"thumbnailUrl":"https:\/\/www.caudete.org\/ayuntamiento\/wp-content\/uploads\/2024\/06\/hospitalalmansa.jpg","datePublished":"2024-06-05T10:20:06+00:00","author":{"@id":"https:\/\/www.caudete.org\/ayuntamiento\/#\/schema\/person\/4b9eab41761957db9b1bf9c418d1ef46"},"description":"P\u00e1gina Oficial del Ayuntamiento de Caudete (Albacete)","breadcrumb":{"@id":"https:\/\/www.caudete.org\/ayuntamiento\/se-crea-una-plataforma-en-defensa-del-hospital-comarcal-de-almansa\/#breadcrumb"},"inLanguage":"es","potentialAction":[{"@type":"ReadAction","target":["https:\/\/www.caudete.org\/ayuntamiento\/se-crea-una-plataforma-en-defensa-del-hospital-comarcal-de-almansa\/"]}]},{"@type":"ImageObject","inLanguage":"es","@id":"https:\/\/www.caudete.org\/ayuntamiento\/se-crea-una-plataforma-en-defensa-del-hospital-comarcal-de-almansa\/#primaryimage","url":"https:\/\/www.caudete.org\/ayuntamiento\/wp-content\/uploads\/2024\/06\/hospitalalmansa.jpg","contentUrl":"https:\/\/www.caudete.org\/ayuntamiento\/wp-content\/uploads\/2024\/06\/hospitalalmansa.jpg","width":1200,"height":563},{"@type":"BreadcrumbList","@id":"https:\/\/www.caudete.org\/ayuntamiento\/se-crea-una-plataforma-en-defensa-del-hospital-comarcal-de-almansa\/#breadcrumb","itemListElement":[{"@type":"ListItem","position":1,"name":"Inicio","item":"https:\/\/www.caudete.org\/ayuntamiento\/"},{"@type":"ListItem","position":2,"name":"Se crea una plataforma en defensa del Hospital Comarcal de Almansa"}]},{"@type":"WebSite","@id":"https:\/\/www.caudete.org\/ayuntamiento\/#website","url":"https:\/\/www.caudete.org\/ayuntamiento\/","name":"MI Ayuntamiento de Caudete","description":"P\u00e1gina Oficial del MI Ayuntamiento de Caudete","potentialAction":[{"@type":"SearchAction","target":{"@type":"EntryPoint","urlTemplate":"https:\/\/www.caudete.org\/ayuntamiento\/?s={search_term_string}"},"query-input":{"@type":"PropertyValueSpecification","valueRequired":true,"valueName":"search_term_string"}}],"inLanguage":"es"},{"@type":"Person","@id":"https:\/\/www.caudete.org\/ayuntamiento\/#\/schema\/person\/4b9eab41761957db9b1bf9c418d1ef46","name":"Dpto Informatica MI Ayuntamiento de Caudete","image":{"@type":"ImageObject","inLanguage":"es","@id":"https:\/\/secure.gravatar.com\/avatar\/ac0321ee4a0a83e82a253e7b2d348ef539e2c8fe16d06b600bde04de1b364fa7?s=96&d=mm&r=g","url":"https:\/\/secure.gravatar.com\/avatar\/ac0321ee4a0a83e82a253e7b2d348ef539e2c8fe16d06b600bde04de1b364fa7?s=96&d=mm&r=g","contentUrl":"https:\/\/secure.gravatar.com\/avatar\/ac0321ee4a0a83e82a253e7b2d348ef539e2c8fe16d06b600bde04de1b364fa7?s=96&d=mm&r=g","caption":"Dpto Informatica MI Ayuntamiento de Caudete"},"url":"https:\/\/www.caudete.org\/ayuntamiento\/author\/informatica\/"}]}},"_links":{"self":[{"href":"https:\/\/www.caudete.org\/ayuntamiento\/wp-json\/wp\/v2\/posts\/25246","targetHints":{"allow":["GET"]}}],"collection":[{"href":"https:\/\/www.caudete.org\/ayuntamiento\/wp-json\/wp\/v2\/posts"}],"about":[{"href":"https:\/\/www.caudete.org\/ayuntamiento\/wp-json\/wp\/v2\/types\/post"}],"author":[{"embeddable":true,"href":"https:\/\/www.caudete.org\/ayuntamiento\/wp-json\/wp\/v2\/users\/5"}],"replies":[{"embeddable":true,"href":"https:\/\/www.caudete.org\/ayuntamiento\/wp-json\/wp\/v2\/comments?post=25246"}],"version-history":[{"count":1,"href":"https:\/\/www.caudete.org\/ayuntamiento\/wp-json\/wp\/v2\/posts\/25246\/revisions"}],"predecessor-version":[{"id":25248,"href":"https:\/\/www.caudete.org\/ayuntamiento\/wp-json\/wp\/v2\/posts\/25246\/revisions\/25248"}],"wp:featuredmedia":[{"embeddable":true,"href":"https:\/\/www.caudete.org\/ayuntamiento\/wp-json\/wp\/v2\/media\/25247"}],"wp:attachment":[{"href":"https:\/\/www.caudete.org\/ayuntamiento\/wp-json\/wp\/v2\/media?parent=25246"}],"wp:term":[{"taxonomy":"category","embeddable":true,"href":"https:\/\/www.caudete.org\/ayuntamiento\/wp-json\/wp\/v2\/categories?post=25246"},{"taxonomy":"post_tag","embeddable":true,"href":"https:\/\/www.caudete.org\/ayuntamiento\/wp-json\/wp\/v2\/tags?post=25246"}],"curies":[{"name":"wp","href":"https:\/\/api.w.org\/{rel}","templated":true}]}}