{"id":25261,"date":"2024-06-08T13:33:27","date_gmt":"2024-06-08T11:33:27","guid":{"rendered":"https:\/\/www.caudete.org\/ayuntamiento\/?p=25261"},"modified":"2024-06-08T13:34:22","modified_gmt":"2024-06-08T11:34:22","slug":"el-m-i-ayuntamiento-de-caudete-felicita-a-la-asociacion-de-alzheimer-en-su-25-aniversario","status":"publish","type":"post","link":"https:\/\/www.caudete.org\/ayuntamiento\/el-m-i-ayuntamiento-de-caudete-felicita-a-la-asociacion-de-alzheimer-en-su-25-aniversario\/","title":{"rendered":"El M.I. Ayuntamiento de Caudete, felicita a  \u201cLa Asociaci\u00f3n de Alzheimer\u201d en su 25 ANIVERSARIO"},"content":{"rendered":"<p align=\"justify\"><span style=\"font-family: Arial, sans-serif;\"><span style=\"font-size: medium;\">Mar\u00eda Mart\u00ednez Garc\u00eda Concejal de Sanidad y Bienestar Social, felicita y agradece la labor social y sanitaria que realiza \u201cLa Asociaci\u00f3n de Alzheimer\u201d en su 25 ANIVERSARIO. <\/span><\/span><\/p>\n<p align=\"justify\"><span style=\"font-family: Arial, sans-serif;\"><span style=\"font-size: medium;\">Alzheimer est\u00e1 realizando durante este a\u00f1o especial una serie de actividades, participativas, formativas y divulgativas. Con ello nos han recordado la importancia de la labor que llevan desarrollando a lo largo de estos 25 a\u00f1os, tanto en el Centro de D\u00eda como en los Talleres del Espacio Vicente Lillo.<\/span><\/span><\/p>\n<p align=\"justify\"><span style=\"font-family: Arial, sans-serif;\"><span style=\"font-size: medium;\">Es una oportunidad seg\u00fan la Edil para :<\/span><\/span><\/p>\n<p align=\"justify\"><span style=\"font-family: Arial, sans-serif;\"><span style=\"font-size: medium;\">&#8211; reconocer su trayectoria<\/span><\/span><\/p>\n<p align=\"justify\"><span style=\"font-family: Arial, sans-serif;\"><span style=\"font-size: medium;\">&#8211; agradecer la implicaci\u00f3n de las personas que conforman la Directiva actual y todas las anteriores<\/span><\/span><\/p>\n<p align=\"justify\"><span style=\"font-family: Arial, sans-serif;\"><span style=\"font-size: medium;\">-valorar la profesionalidad del Equipo que presta los servicios en los Centros y Talleres <\/span><\/span><\/p>\n<p align=\"justify\"><span style=\"font-family: Arial, sans-serif;\"><span style=\"font-size: medium;\">-y tambi\u00e9n para comprender un poco m\u00e1s lo que significa esta enfermedad, que tanto impacto genera en las personas, en las familias, en el sistema sanitario y en los Servicios de atenci\u00f3n a la dependencia. <\/span><\/span><\/p>\n<p align=\"justify\"><span style=\"font-family: Arial, sans-serif;\"><span style=\"font-size: medium;\">La atenci\u00f3n de las personas enfermas y sus familias no ser\u00eda lo mismo sin los recursos que ofrece la Asociaci\u00f3n. Una asociaci\u00f3n integrada por gente que ha sentido en su propia carne las consecuencias f\u00edsicas y emocionales que conlleva el cuidado de una persona con alzheimer u otras demencias.<\/span><\/span><\/p>\n<p align=\"justify\"><span style=\"font-family: Arial, sans-serif;\"><span style=\"font-size: medium;\">Todos sabemos que es importante cuidar bien, saber manejar la enfermedad, cuidar al cuidador, disponer de servicios de atenci\u00f3n y respiro, de plazas residenciales, de estancias temporales, de servicios de atenci\u00f3n domiciliaria&#8230;etc. Y a la vez avanzar en la comprensi\u00f3n de las causas de la enfermedad de alzheimer, descubrir como prevenirla, diagnosticarla y tratarla. <\/span><\/span><\/p>\n<p align=\"justify\"><span style=\"font-family: Arial, sans-serif;\"><span style=\"font-size: medium;\">Mar\u00eda Mart\u00ednez Garc\u00eda invita a toda la poblaci\u00f3n a participar y asistir, apoyando a las actividades organizadas por la asociaci\u00f3n ya que tenemos la suerte de contar con una pareja de Caudetanos que va a desarrollar un ciclo formativo e informativo de enorme importancia por su contenido, y por la relevancia de su curr\u00edculum y la labor de investigaci\u00f3n que desarrollan.<\/span><\/span><\/p>\n<p align=\"justify\"><span style=\"font-family: Arial, sans-serif;\"><span style=\"font-size: medium;\">Hay que destacar que es un orgullo para Caudete contar entre nuestros paisanos con personas de este nivel y, adem\u00e1s, poder disfrutar de su sabidur\u00eda y de los conocimientos que nos trasmiten.<\/span><\/span><\/p>\n<p align=\"justify\"><span style=\"font-family: Arial, sans-serif;\"><span style=\"font-size: medium;\"> &#8211;<b>A<\/b><b>LINO MART\u00cdNEZ MARCO<\/b> : c<span style=\"color: #000000;\">atedr\u00e1tico de Anatom\u00eda y Embriolog\u00eda Humana, <\/span><span style=\"color: #000000;\">Vicer<\/span><span style=\"color: #000000;\">r<\/span><span style=\"color: #000000;\">ector de Ciencias de la Salud en la Universidad de <\/span><span style=\"color: #000000;\">Castilla La Mancha ,<\/span> <span style=\"color: #000000;\">con un amplio curr\u00edculum en la investigaci\u00f3n y la docencia <\/span><\/span><\/span><\/p>\n<p align=\"justify\"><span style=\"font-family: Arial, sans-serif;\"><span style=\"font-size: medium;\"><span style=\"color: #000000;\"> &#8211;<\/span><span style=\"color: #000000;\"><b>ISABEL \u00daBEDA BA\u00d1\u00d3N<\/b><\/span><span style=\"color: #000000;\">, Titu<\/span><span style=\"color: #000000;\">l<\/span><span style=\"color: #000000;\">ar de anatom\u00eda de la Universidad de <\/span><span style=\"color: #000000;\">Castilla La <\/span><span style=\"color: #000000;\">M<\/span><span style=\"color: #000000;\">ancha. <\/span><span style=\"color: #000000;\">Participante tambi\u00e9n en proyectos de investigaci\u00f3n<\/span><\/span><\/span><\/p>\n<p align=\"justify\"><span style=\"font-family: Arial, sans-serif;\"><span style=\"font-size: medium;\">Docentes e investigadores ambos est\u00e1n desarrollando una<span style=\"color: #000000;\"> investigaci\u00f3n de los <\/span> <span style=\"color: #000000;\"><u>cambios neuroanat\u00f3micos que subyacen a las enfermedades de Alzheimer y Parkinson. <\/u><\/span><u> <\/u><\/span><\/span><\/p>\n<p align=\"justify\"><span style=\"font-family: Arial, sans-serif;\"><span style=\"font-size: medium;\">Enhorabuena a la Asociaci\u00f3n por estos veinticinco a\u00f1os y a los ponentes por la brillantez de sus carreras profesionales. <\/span><\/span><\/p>\n","protected":false},"excerpt":{"rendered":"<p>Mar\u00eda Mart\u00ednez Garc\u00eda Concejal de Sanidad y Bienestar Social, felicita y agradece la labor social y sanitaria que realiza \u201cLa Asociaci\u00f3n de Alzheimer\u201d en su 25 ANIVERSARIO. Alzheimer est\u00e1 realizando durante este a\u00f1o especial una serie de actividades, participativas, formativas y divulgativas. Con ello nos han recordado la importancia de la labor que llevan desarrollando &hellip;<\/p>\n","protected":false},"author":5,"featured_media":25262,"comment_status":"closed","ping_status":"open","sticky":false,"template":"","format":"standard","meta":{"ngg_post_thumbnail":0,"footnotes":""},"categories":[51],"tags":[],"class_list":["post-25261","post","type-post","status-publish","format-standard","has-post-thumbnail","hentry","category-bienestar-social"],"yoast_head":"<!-- This site is optimized with the Yoast SEO plugin v27.5 - https:\/\/yoast.com\/product\/yoast-seo-wordpress\/ -->\n<title>El M.I. Ayuntamiento de Caudete, felicita a \u201cLa Asociaci\u00f3n de Alzheimer\u201d en su 25 ANIVERSARIO - MI Ayuntamiento de Caudete<\/title>\n<meta name=\"description\" content=\"P\u00e1gina Oficial del Ayuntamiento de Caudete (Albacete)\" \/>\n<meta name=\"robots\" content=\"index, follow, max-snippet:-1, max-image-preview:large, max-video-preview:-1\" \/>\n<link rel=\"canonical\" href=\"https:\/\/www.caudete.org\/ayuntamiento\/el-m-i-ayuntamiento-de-caudete-felicita-a-la-asociacion-de-alzheimer-en-su-25-aniversario\/\" \/>\n<meta property=\"og:locale\" content=\"es_ES\" \/>\n<meta property=\"og:type\" content=\"article\" \/>\n<meta property=\"og:title\" content=\"El M.I. Ayuntamiento de Caudete, felicita a \u201cLa Asociaci\u00f3n de Alzheimer\u201d en su 25 ANIVERSARIO - MI Ayuntamiento de Caudete\" \/>\n<meta property=\"og:description\" content=\"P\u00e1gina Oficial del Ayuntamiento de Caudete (Albacete)\" \/>\n<meta property=\"og:url\" content=\"https:\/\/www.caudete.org\/ayuntamiento\/el-m-i-ayuntamiento-de-caudete-felicita-a-la-asociacion-de-alzheimer-en-su-25-aniversario\/\" \/>\n<meta property=\"og:site_name\" content=\"MI Ayuntamiento de Caudete\" \/>\n<meta property=\"article:publisher\" content=\"https:\/\/www.facebook.com\/ayuntamientocaudete\/\" \/>\n<meta property=\"article:published_time\" content=\"2024-06-08T11:33:27+00:00\" \/>\n<meta property=\"article:modified_time\" content=\"2024-06-08T11:34:22+00:00\" \/>\n<meta property=\"og:image\" content=\"https:\/\/www.caudete.org\/ayuntamiento\/wp-content\/uploads\/2024\/06\/CentroDia.jpg\" \/>\n\t<meta property=\"og:image:width\" content=\"1024\" \/>\n\t<meta property=\"og:image:height\" content=\"272\" \/>\n\t<meta property=\"og:image:type\" content=\"image\/jpeg\" \/>\n<meta name=\"author\" content=\"Dpto Informatica MI Ayuntamiento de Caudete\" \/>\n<meta name=\"twitter:card\" content=\"summary_large_image\" \/>\n<meta name=\"twitter:label1\" content=\"Escrito por\" \/>\n\t<meta name=\"twitter:data1\" content=\"Dpto Informatica MI Ayuntamiento de Caudete\" \/>\n\t<meta name=\"twitter:label2\" content=\"Tiempo de lectura\" \/>\n\t<meta name=\"twitter:data2\" content=\"3 minutos\" \/>\n<script type=\"application\/ld+json\" class=\"yoast-schema-graph\">{\"@context\":\"https:\\\/\\\/schema.org\",\"@graph\":[{\"@type\":\"Article\",\"@id\":\"https:\\\/\\\/www.caudete.org\\\/ayuntamiento\\\/el-m-i-ayuntamiento-de-caudete-felicita-a-la-asociacion-de-alzheimer-en-su-25-aniversario\\\/#article\",\"isPartOf\":{\"@id\":\"https:\\\/\\\/www.caudete.org\\\/ayuntamiento\\\/el-m-i-ayuntamiento-de-caudete-felicita-a-la-asociacion-de-alzheimer-en-su-25-aniversario\\\/\"},\"author\":{\"name\":\"Dpto Informatica MI Ayuntamiento de Caudete\",\"@id\":\"https:\\\/\\\/www.caudete.org\\\/ayuntamiento\\\/#\\\/schema\\\/person\\\/4b9eab41761957db9b1bf9c418d1ef46\"},\"headline\":\"El M.I. Ayuntamiento de Caudete, felicita a \u201cLa Asociaci\u00f3n de Alzheimer\u201d en su 25 ANIVERSARIO\",\"datePublished\":\"2024-06-08T11:33:27+00:00\",\"dateModified\":\"2024-06-08T11:34:22+00:00\",\"mainEntityOfPage\":{\"@id\":\"https:\\\/\\\/www.caudete.org\\\/ayuntamiento\\\/el-m-i-ayuntamiento-de-caudete-felicita-a-la-asociacion-de-alzheimer-en-su-25-aniversario\\\/\"},\"wordCount\":505,\"image\":{\"@id\":\"https:\\\/\\\/www.caudete.org\\\/ayuntamiento\\\/el-m-i-ayuntamiento-de-caudete-felicita-a-la-asociacion-de-alzheimer-en-su-25-aniversario\\\/#primaryimage\"},\"thumbnailUrl\":\"https:\\\/\\\/www.caudete.org\\\/ayuntamiento\\\/wp-content\\\/uploads\\\/2024\\\/06\\\/CentroDia.jpg\",\"articleSection\":[\"Bienestar Social\"],\"inLanguage\":\"es\"},{\"@type\":\"WebPage\",\"@id\":\"https:\\\/\\\/www.caudete.org\\\/ayuntamiento\\\/el-m-i-ayuntamiento-de-caudete-felicita-a-la-asociacion-de-alzheimer-en-su-25-aniversario\\\/\",\"url\":\"https:\\\/\\\/www.caudete.org\\\/ayuntamiento\\\/el-m-i-ayuntamiento-de-caudete-felicita-a-la-asociacion-de-alzheimer-en-su-25-aniversario\\\/\",\"name\":\"El M.I. Ayuntamiento de Caudete, felicita a \u201cLa Asociaci\u00f3n de Alzheimer\u201d en su 25 ANIVERSARIO - MI Ayuntamiento de Caudete\",\"isPartOf\":{\"@id\":\"https:\\\/\\\/www.caudete.org\\\/ayuntamiento\\\/#website\"},\"primaryImageOfPage\":{\"@id\":\"https:\\\/\\\/www.caudete.org\\\/ayuntamiento\\\/el-m-i-ayuntamiento-de-caudete-felicita-a-la-asociacion-de-alzheimer-en-su-25-aniversario\\\/#primaryimage\"},\"image\":{\"@id\":\"https:\\\/\\\/www.caudete.org\\\/ayuntamiento\\\/el-m-i-ayuntamiento-de-caudete-felicita-a-la-asociacion-de-alzheimer-en-su-25-aniversario\\\/#primaryimage\"},\"thumbnailUrl\":\"https:\\\/\\\/www.caudete.org\\\/ayuntamiento\\\/wp-content\\\/uploads\\\/2024\\\/06\\\/CentroDia.jpg\",\"datePublished\":\"2024-06-08T11:33:27+00:00\",\"dateModified\":\"2024-06-08T11:34:22+00:00\",\"author\":{\"@id\":\"https:\\\/\\\/www.caudete.org\\\/ayuntamiento\\\/#\\\/schema\\\/person\\\/4b9eab41761957db9b1bf9c418d1ef46\"},\"description\":\"P\u00e1gina Oficial del Ayuntamiento de Caudete (Albacete)\",\"breadcrumb\":{\"@id\":\"https:\\\/\\\/www.caudete.org\\\/ayuntamiento\\\/el-m-i-ayuntamiento-de-caudete-felicita-a-la-asociacion-de-alzheimer-en-su-25-aniversario\\\/#breadcrumb\"},\"inLanguage\":\"es\",\"potentialAction\":[{\"@type\":\"ReadAction\",\"target\":[\"https:\\\/\\\/www.caudete.org\\\/ayuntamiento\\\/el-m-i-ayuntamiento-de-caudete-felicita-a-la-asociacion-de-alzheimer-en-su-25-aniversario\\\/\"]}]},{\"@type\":\"ImageObject\",\"inLanguage\":\"es\",\"@id\":\"https:\\\/\\\/www.caudete.org\\\/ayuntamiento\\\/el-m-i-ayuntamiento-de-caudete-felicita-a-la-asociacion-de-alzheimer-en-su-25-aniversario\\\/#primaryimage\",\"url\":\"https:\\\/\\\/www.caudete.org\\\/ayuntamiento\\\/wp-content\\\/uploads\\\/2024\\\/06\\\/CentroDia.jpg\",\"contentUrl\":\"https:\\\/\\\/www.caudete.org\\\/ayuntamiento\\\/wp-content\\\/uploads\\\/2024\\\/06\\\/CentroDia.jpg\",\"width\":1024,\"height\":272},{\"@type\":\"BreadcrumbList\",\"@id\":\"https:\\\/\\\/www.caudete.org\\\/ayuntamiento\\\/el-m-i-ayuntamiento-de-caudete-felicita-a-la-asociacion-de-alzheimer-en-su-25-aniversario\\\/#breadcrumb\",\"itemListElement\":[{\"@type\":\"ListItem\",\"position\":1,\"name\":\"Inicio\",\"item\":\"https:\\\/\\\/www.caudete.org\\\/ayuntamiento\\\/\"},{\"@type\":\"ListItem\",\"position\":2,\"name\":\"El M.I. Ayuntamiento de Caudete, felicita a \u201cLa Asociaci\u00f3n de Alzheimer\u201d en su 25 ANIVERSARIO\"}]},{\"@type\":\"WebSite\",\"@id\":\"https:\\\/\\\/www.caudete.org\\\/ayuntamiento\\\/#website\",\"url\":\"https:\\\/\\\/www.caudete.org\\\/ayuntamiento\\\/\",\"name\":\"MI Ayuntamiento de Caudete\",\"description\":\"P\u00e1gina Oficial del MI Ayuntamiento de Caudete\",\"potentialAction\":[{\"@type\":\"SearchAction\",\"target\":{\"@type\":\"EntryPoint\",\"urlTemplate\":\"https:\\\/\\\/www.caudete.org\\\/ayuntamiento\\\/?s={search_term_string}\"},\"query-input\":{\"@type\":\"PropertyValueSpecification\",\"valueRequired\":true,\"valueName\":\"search_term_string\"}}],\"inLanguage\":\"es\"},{\"@type\":\"Person\",\"@id\":\"https:\\\/\\\/www.caudete.org\\\/ayuntamiento\\\/#\\\/schema\\\/person\\\/4b9eab41761957db9b1bf9c418d1ef46\",\"name\":\"Dpto Informatica MI Ayuntamiento de Caudete\",\"image\":{\"@type\":\"ImageObject\",\"inLanguage\":\"es\",\"@id\":\"https:\\\/\\\/secure.gravatar.com\\\/avatar\\\/ac0321ee4a0a83e82a253e7b2d348ef539e2c8fe16d06b600bde04de1b364fa7?s=96&d=mm&r=g\",\"url\":\"https:\\\/\\\/secure.gravatar.com\\\/avatar\\\/ac0321ee4a0a83e82a253e7b2d348ef539e2c8fe16d06b600bde04de1b364fa7?s=96&d=mm&r=g\",\"contentUrl\":\"https:\\\/\\\/secure.gravatar.com\\\/avatar\\\/ac0321ee4a0a83e82a253e7b2d348ef539e2c8fe16d06b600bde04de1b364fa7?s=96&d=mm&r=g\",\"caption\":\"Dpto Informatica MI Ayuntamiento de Caudete\"},\"url\":\"https:\\\/\\\/www.caudete.org\\\/ayuntamiento\\\/author\\\/informatica\\\/\"}]}<\/script>\n<!-- \/ Yoast SEO plugin. -->","yoast_head_json":{"title":"El M.I. Ayuntamiento de Caudete, felicita a \u201cLa Asociaci\u00f3n de Alzheimer\u201d en su 25 ANIVERSARIO - MI Ayuntamiento de Caudete","description":"P\u00e1gina Oficial del Ayuntamiento de Caudete (Albacete)","robots":{"index":"index","follow":"follow","max-snippet":"max-snippet:-1","max-image-preview":"max-image-preview:large","max-video-preview":"max-video-preview:-1"},"canonical":"https:\/\/www.caudete.org\/ayuntamiento\/el-m-i-ayuntamiento-de-caudete-felicita-a-la-asociacion-de-alzheimer-en-su-25-aniversario\/","og_locale":"es_ES","og_type":"article","og_title":"El M.I. Ayuntamiento de Caudete, felicita a \u201cLa Asociaci\u00f3n de Alzheimer\u201d en su 25 ANIVERSARIO - MI Ayuntamiento de Caudete","og_description":"P\u00e1gina Oficial del Ayuntamiento de Caudete (Albacete)","og_url":"https:\/\/www.caudete.org\/ayuntamiento\/el-m-i-ayuntamiento-de-caudete-felicita-a-la-asociacion-de-alzheimer-en-su-25-aniversario\/","og_site_name":"MI Ayuntamiento de Caudete","article_publisher":"https:\/\/www.facebook.com\/ayuntamientocaudete\/","article_published_time":"2024-06-08T11:33:27+00:00","article_modified_time":"2024-06-08T11:34:22+00:00","og_image":[{"width":1024,"height":272,"url":"https:\/\/www.caudete.org\/ayuntamiento\/wp-content\/uploads\/2024\/06\/CentroDia.jpg","type":"image\/jpeg"}],"author":"Dpto Informatica MI Ayuntamiento de Caudete","twitter_card":"summary_large_image","twitter_misc":{"Escrito por":"Dpto Informatica MI Ayuntamiento de Caudete","Tiempo de lectura":"3 minutos"},"schema":{"@context":"https:\/\/schema.org","@graph":[{"@type":"Article","@id":"https:\/\/www.caudete.org\/ayuntamiento\/el-m-i-ayuntamiento-de-caudete-felicita-a-la-asociacion-de-alzheimer-en-su-25-aniversario\/#article","isPartOf":{"@id":"https:\/\/www.caudete.org\/ayuntamiento\/el-m-i-ayuntamiento-de-caudete-felicita-a-la-asociacion-de-alzheimer-en-su-25-aniversario\/"},"author":{"name":"Dpto Informatica MI Ayuntamiento de Caudete","@id":"https:\/\/www.caudete.org\/ayuntamiento\/#\/schema\/person\/4b9eab41761957db9b1bf9c418d1ef46"},"headline":"El M.I. Ayuntamiento de Caudete, felicita a \u201cLa Asociaci\u00f3n de Alzheimer\u201d en su 25 ANIVERSARIO","datePublished":"2024-06-08T11:33:27+00:00","dateModified":"2024-06-08T11:34:22+00:00","mainEntityOfPage":{"@id":"https:\/\/www.caudete.org\/ayuntamiento\/el-m-i-ayuntamiento-de-caudete-felicita-a-la-asociacion-de-alzheimer-en-su-25-aniversario\/"},"wordCount":505,"image":{"@id":"https:\/\/www.caudete.org\/ayuntamiento\/el-m-i-ayuntamiento-de-caudete-felicita-a-la-asociacion-de-alzheimer-en-su-25-aniversario\/#primaryimage"},"thumbnailUrl":"https:\/\/www.caudete.org\/ayuntamiento\/wp-content\/uploads\/2024\/06\/CentroDia.jpg","articleSection":["Bienestar Social"],"inLanguage":"es"},{"@type":"WebPage","@id":"https:\/\/www.caudete.org\/ayuntamiento\/el-m-i-ayuntamiento-de-caudete-felicita-a-la-asociacion-de-alzheimer-en-su-25-aniversario\/","url":"https:\/\/www.caudete.org\/ayuntamiento\/el-m-i-ayuntamiento-de-caudete-felicita-a-la-asociacion-de-alzheimer-en-su-25-aniversario\/","name":"El M.I. Ayuntamiento de Caudete, felicita a \u201cLa Asociaci\u00f3n de Alzheimer\u201d en su 25 ANIVERSARIO - MI Ayuntamiento de Caudete","isPartOf":{"@id":"https:\/\/www.caudete.org\/ayuntamiento\/#website"},"primaryImageOfPage":{"@id":"https:\/\/www.caudete.org\/ayuntamiento\/el-m-i-ayuntamiento-de-caudete-felicita-a-la-asociacion-de-alzheimer-en-su-25-aniversario\/#primaryimage"},"image":{"@id":"https:\/\/www.caudete.org\/ayuntamiento\/el-m-i-ayuntamiento-de-caudete-felicita-a-la-asociacion-de-alzheimer-en-su-25-aniversario\/#primaryimage"},"thumbnailUrl":"https:\/\/www.caudete.org\/ayuntamiento\/wp-content\/uploads\/2024\/06\/CentroDia.jpg","datePublished":"2024-06-08T11:33:27+00:00","dateModified":"2024-06-08T11:34:22+00:00","author":{"@id":"https:\/\/www.caudete.org\/ayuntamiento\/#\/schema\/person\/4b9eab41761957db9b1bf9c418d1ef46"},"description":"P\u00e1gina Oficial del Ayuntamiento de Caudete (Albacete)","breadcrumb":{"@id":"https:\/\/www.caudete.org\/ayuntamiento\/el-m-i-ayuntamiento-de-caudete-felicita-a-la-asociacion-de-alzheimer-en-su-25-aniversario\/#breadcrumb"},"inLanguage":"es","potentialAction":[{"@type":"ReadAction","target":["https:\/\/www.caudete.org\/ayuntamiento\/el-m-i-ayuntamiento-de-caudete-felicita-a-la-asociacion-de-alzheimer-en-su-25-aniversario\/"]}]},{"@type":"ImageObject","inLanguage":"es","@id":"https:\/\/www.caudete.org\/ayuntamiento\/el-m-i-ayuntamiento-de-caudete-felicita-a-la-asociacion-de-alzheimer-en-su-25-aniversario\/#primaryimage","url":"https:\/\/www.caudete.org\/ayuntamiento\/wp-content\/uploads\/2024\/06\/CentroDia.jpg","contentUrl":"https:\/\/www.caudete.org\/ayuntamiento\/wp-content\/uploads\/2024\/06\/CentroDia.jpg","width":1024,"height":272},{"@type":"BreadcrumbList","@id":"https:\/\/www.caudete.org\/ayuntamiento\/el-m-i-ayuntamiento-de-caudete-felicita-a-la-asociacion-de-alzheimer-en-su-25-aniversario\/#breadcrumb","itemListElement":[{"@type":"ListItem","position":1,"name":"Inicio","item":"https:\/\/www.caudete.org\/ayuntamiento\/"},{"@type":"ListItem","position":2,"name":"El M.I. Ayuntamiento de Caudete, felicita a \u201cLa Asociaci\u00f3n de Alzheimer\u201d en su 25 ANIVERSARIO"}]},{"@type":"WebSite","@id":"https:\/\/www.caudete.org\/ayuntamiento\/#website","url":"https:\/\/www.caudete.org\/ayuntamiento\/","name":"MI Ayuntamiento de Caudete","description":"P\u00e1gina Oficial del MI Ayuntamiento de Caudete","potentialAction":[{"@type":"SearchAction","target":{"@type":"EntryPoint","urlTemplate":"https:\/\/www.caudete.org\/ayuntamiento\/?s={search_term_string}"},"query-input":{"@type":"PropertyValueSpecification","valueRequired":true,"valueName":"search_term_string"}}],"inLanguage":"es"},{"@type":"Person","@id":"https:\/\/www.caudete.org\/ayuntamiento\/#\/schema\/person\/4b9eab41761957db9b1bf9c418d1ef46","name":"Dpto Informatica MI Ayuntamiento de Caudete","image":{"@type":"ImageObject","inLanguage":"es","@id":"https:\/\/secure.gravatar.com\/avatar\/ac0321ee4a0a83e82a253e7b2d348ef539e2c8fe16d06b600bde04de1b364fa7?s=96&d=mm&r=g","url":"https:\/\/secure.gravatar.com\/avatar\/ac0321ee4a0a83e82a253e7b2d348ef539e2c8fe16d06b600bde04de1b364fa7?s=96&d=mm&r=g","contentUrl":"https:\/\/secure.gravatar.com\/avatar\/ac0321ee4a0a83e82a253e7b2d348ef539e2c8fe16d06b600bde04de1b364fa7?s=96&d=mm&r=g","caption":"Dpto Informatica MI Ayuntamiento de Caudete"},"url":"https:\/\/www.caudete.org\/ayuntamiento\/author\/informatica\/"}]}},"_links":{"self":[{"href":"https:\/\/www.caudete.org\/ayuntamiento\/wp-json\/wp\/v2\/posts\/25261","targetHints":{"allow":["GET"]}}],"collection":[{"href":"https:\/\/www.caudete.org\/ayuntamiento\/wp-json\/wp\/v2\/posts"}],"about":[{"href":"https:\/\/www.caudete.org\/ayuntamiento\/wp-json\/wp\/v2\/types\/post"}],"author":[{"embeddable":true,"href":"https:\/\/www.caudete.org\/ayuntamiento\/wp-json\/wp\/v2\/users\/5"}],"replies":[{"embeddable":true,"href":"https:\/\/www.caudete.org\/ayuntamiento\/wp-json\/wp\/v2\/comments?post=25261"}],"version-history":[{"count":2,"href":"https:\/\/www.caudete.org\/ayuntamiento\/wp-json\/wp\/v2\/posts\/25261\/revisions"}],"predecessor-version":[{"id":25264,"href":"https:\/\/www.caudete.org\/ayuntamiento\/wp-json\/wp\/v2\/posts\/25261\/revisions\/25264"}],"wp:featuredmedia":[{"embeddable":true,"href":"https:\/\/www.caudete.org\/ayuntamiento\/wp-json\/wp\/v2\/media\/25262"}],"wp:attachment":[{"href":"https:\/\/www.caudete.org\/ayuntamiento\/wp-json\/wp\/v2\/media?parent=25261"}],"wp:term":[{"taxonomy":"category","embeddable":true,"href":"https:\/\/www.caudete.org\/ayuntamiento\/wp-json\/wp\/v2\/categories?post=25261"},{"taxonomy":"post_tag","embeddable":true,"href":"https:\/\/www.caudete.org\/ayuntamiento\/wp-json\/wp\/v2\/tags?post=25261"}],"curies":[{"name":"wp","href":"https:\/\/api.w.org\/{rel}","templated":true}]}}