{"id":25269,"date":"2024-06-12T18:37:52","date_gmt":"2024-06-12T16:37:52","guid":{"rendered":"https:\/\/www.caudete.org\/ayuntamiento\/?p=25269"},"modified":"2024-06-12T18:40:57","modified_gmt":"2024-06-12T16:40:57","slug":"la-memoria-de-actividades-de-policia-local-refleja-que-en-2023-las-actuaciones-se-han-incrementado-un-39","status":"publish","type":"post","link":"https:\/\/www.caudete.org\/ayuntamiento\/la-memoria-de-actividades-de-policia-local-refleja-que-en-2023-las-actuaciones-se-han-incrementado-un-39\/","title":{"rendered":"La MEMORIA DE ACTIVIDADES DE POLICIA LOCAL refleja que en 2023 las actuaciones se han incrementado un 39%"},"content":{"rendered":"<p style=\"text-align: justify;\"><span style=\"font-family: Arial, sans-serif;\">La Concejal de Seguridad Ciudadana, M\u00aa Dolores Requena Azor\u00edn ha dado traslado esta ma\u00f1ana de los datos m\u00e1s destacados que se extraen de la<\/span><b> <\/b><span style=\"font-family: Arial, sans-serif;\"><b>M<\/b><\/span><span style=\"font-family: Arial, sans-serif;\"><b>emoria de actividades de la Polic\u00eda Local del a\u00f1o 2023<\/b><\/span><span style=\"font-family: Arial, sans-serif;\">, <\/span><span style=\"font-family: Arial, sans-serif;\">presentada<\/span><span style=\"font-family: Arial, sans-serif;\"> por el Subinspector-Jefe de la Polic\u00eda Local de Caudete.<\/span><\/p>\n<p style=\"text-align: justify;\"><span style=\"font-family: Arial, sans-serif;\">Este documento refleja el trabajo diario de la plantilla. Un trabajo caracterizado por la cercan\u00eda a la poblaci\u00f3n y su continua evoluci\u00f3n y especializaci\u00f3n, adapt\u00e1ndose a las necesidades reales que nuestro pueblo demanda d\u00eda tras d\u00eda.<\/span><\/p>\n<p style=\"text-align: justify;\"><span style=\"font-family: Arial, sans-serif;\">La plantilla de la Polic\u00eda Local consta de 18 miembros, y cuenta en la actualidad con 1 Subinspector-Jefe, 2 Oficiales y 15 Agentes.<\/span><\/p>\n<p style=\"text-align: justify;\"><span style=\"font-family: Arial, sans-serif;\">Entre las actuaciones e intervenciones que destacan en esta memoria, cabe resaltar que en el a\u00f1o 2023 se realizaron un total de <b>4.264 frente a las 3.049 actuaciones del a\u00f1o anterior<\/b>, es decir un incremento del <b>39,84 %.<\/b><\/span><\/p>\n<p style=\"text-align: justify;\"><span style=\"font-family: Arial, sans-serif;\">En el \u00e1mbito de sanciones por infracciones de trafico, destacan las <b>287 denuncias<\/b> por \u201c<em>no obedecer una se\u00f1al de prohibici\u00f3n de estacionamiento<\/em>\u201d, las <b>32 <\/b>impuestas por carecer del <b>SOA <\/b>(contrato de seguro obligatorio de responsabilidad civil derivada de la circulaci\u00f3n) o las <b>161 por ITV caducada<\/b>.<\/span><\/p>\n<p style=\"text-align: justify;\"><span style=\"font-family: Arial, sans-serif;\">Otros \u00e1mbitos de actuaci\u00f3n son :<\/span><\/p>\n<ul>\n<li style=\"text-align: justify;\"><span style=\"font-family: Arial, sans-serif;\">los accidentes de trafico, realizando el atestado pertinente, siendo un total de 53.<\/span><\/li>\n<li style=\"text-align: justify;\"><span style=\"font-family: Arial, sans-serif;\">inmovilizaci\u00f3n y retirada de veh\u00edculos de la v\u00eda publica, (188 turismos).<\/span><\/li>\n<li>\n<p style=\"text-align: justify;\" align=\"justify\"><span style=\"font-family: Arial, sans-serif;\">campa\u00f1as de la D<\/span><span style=\"font-family: Arial, sans-serif;\">GT <\/span><span style=\"font-family: Arial, sans-serif;\">sobre el uso del cintur\u00f3n, vigilancia y control de alcohol y drogas, control de distracciones al volante, vigilancia y control de furgonetas.<\/span><\/p>\n<\/li>\n<li>\n<p style=\"text-align: justify;\"><span style=\"font-family: Arial, sans-serif;\">elaboraci\u00f3n de informes sobre actuaciones policiales, de trafico, sociales, de actividades comerciales, de convivencia y denuncias por infracciones a ordenanzas municipales.<\/span><\/p>\n<\/li>\n<li style=\"text-align: justify;\"><span style=\"font-family: Arial, sans-serif;\">requerimientos por recogida de animales dom\u00e9sticos.<\/span><\/li>\n<li style=\"text-align: justify;\"><span style=\"font-family: Arial, sans-serif;\">controles de seguimientos de penas de localizaci\u00f3n permanente.<\/span><\/li>\n<li style=\"text-align: justify;\"><span style=\"font-family: Arial, sans-serif;\">notificaciones.<\/span><\/li>\n<li style=\"text-align: justify;\"><span style=\"font-family: Arial, sans-serif;\">colaboraciones con otros Cuerpos y Fuerzas de Seguridad (Guardia Civil, Polic\u00eda Nacional y Mossos d\u2019Esquadra).<\/span><\/li>\n<\/ul>\n<p style=\"text-align: justify;\"><span style=\"font-family: Arial, sans-serif;\">Como se ha mencionado, la plantilla de Polic\u00eda Local est\u00e1 en continua especializaci\u00f3n y formaci\u00f3n para dar un \u00f3ptimo servicio a los ciudadanos de Caudete. <\/span><\/p>\n<p style=\"text-align: justify;\"><span style=\"font-family: Arial, sans-serif;\">En el a\u00f1o 2023, los agentes asistieron a <\/span><span style=\"font-family: Arial, sans-serif;\"><b>6 cursos\/jornadas de formaci\u00f3n<\/b><\/span><span style=\"font-family: Arial, sans-serif;\"> sobre temas de v<\/span><span style=\"font-family: Arial, sans-serif;\">i<\/span><span style=\"font-family: Arial, sans-serif;\">olencia de g\u00e9nero, uso de desfibriladores, actuaci\u00f3n policial ante una tentativa de suicidio, uso y manejo de radares de trafico y formaci\u00f3n sobre riesgo s\u00edsmico.<\/span><\/p>\n<p lang=\"es-ES\" style=\"text-align: justify;\"><span style=\"font-family: Arial, sans-serif;\">Todo lo recogido en este informe refleja la profesionalidad y saber hacer de nuestros agentes locales y el gran inter\u00e9s por crecer en n\u00famero y servicios al ciudadano.<\/span><\/p>\n","protected":false},"excerpt":{"rendered":"<p>La Concejal de Seguridad Ciudadana, M\u00aa Dolores Requena Azor\u00edn ha dado traslado esta ma\u00f1ana de los datos m\u00e1s destacados que se extraen de la Memoria de actividades de la Polic\u00eda Local del a\u00f1o 2023, presentada por el Subinspector-Jefe de la Polic\u00eda Local de Caudete. Este documento refleja el trabajo diario de la plantilla. Un trabajo &hellip;<\/p>\n","protected":false},"author":3,"featured_media":25270,"comment_status":"closed","ping_status":"open","sticky":false,"template":"","format":"standard","meta":{"ngg_post_thumbnail":0,"footnotes":""},"categories":[852],"tags":[],"class_list":["post-25269","post","type-post","status-publish","format-standard","has-post-thumbnail","hentry","category-seguridad-ciudadana"],"yoast_head":"<!-- This site is optimized with the Yoast SEO plugin v27.5 - https:\/\/yoast.com\/product\/yoast-seo-wordpress\/ -->\n<title>La MEMORIA DE ACTIVIDADES DE POLICIA LOCAL refleja que en 2023 las actuaciones se han incrementado un 39% - MI Ayuntamiento de Caudete<\/title>\n<meta name=\"description\" content=\"P\u00e1gina Oficial del Ayuntamiento de Caudete (Albacete)\" \/>\n<meta name=\"robots\" content=\"index, follow, max-snippet:-1, max-image-preview:large, max-video-preview:-1\" \/>\n<link rel=\"canonical\" href=\"https:\/\/www.caudete.org\/ayuntamiento\/la-memoria-de-actividades-de-policia-local-refleja-que-en-2023-las-actuaciones-se-han-incrementado-un-39\/\" \/>\n<meta property=\"og:locale\" content=\"es_ES\" \/>\n<meta property=\"og:type\" content=\"article\" \/>\n<meta property=\"og:title\" content=\"La MEMORIA DE ACTIVIDADES DE POLICIA LOCAL refleja que en 2023 las actuaciones se han incrementado un 39% - MI Ayuntamiento de Caudete\" \/>\n<meta property=\"og:description\" content=\"P\u00e1gina Oficial del Ayuntamiento de Caudete (Albacete)\" \/>\n<meta property=\"og:url\" content=\"https:\/\/www.caudete.org\/ayuntamiento\/la-memoria-de-actividades-de-policia-local-refleja-que-en-2023-las-actuaciones-se-han-incrementado-un-39\/\" \/>\n<meta property=\"og:site_name\" content=\"MI Ayuntamiento de Caudete\" \/>\n<meta property=\"article:publisher\" content=\"https:\/\/www.facebook.com\/ayuntamientocaudete\/\" \/>\n<meta property=\"article:published_time\" content=\"2024-06-12T16:37:52+00:00\" \/>\n<meta property=\"article:modified_time\" content=\"2024-06-12T16:40:57+00:00\" \/>\n<meta property=\"og:image\" content=\"https:\/\/www.caudete.org\/ayuntamiento\/wp-content\/uploads\/2024\/06\/Resizer_16788012022221.jpg\" \/>\n\t<meta property=\"og:image:width\" content=\"1024\" \/>\n\t<meta property=\"og:image:height\" content=\"576\" \/>\n\t<meta property=\"og:image:type\" content=\"image\/jpeg\" \/>\n<meta name=\"author\" content=\"alcalde\" \/>\n<meta name=\"twitter:card\" content=\"summary_large_image\" \/>\n<meta name=\"twitter:label1\" content=\"Escrito por\" \/>\n\t<meta name=\"twitter:data1\" content=\"alcalde\" \/>\n\t<meta name=\"twitter:label2\" content=\"Tiempo de lectura\" \/>\n\t<meta name=\"twitter:data2\" content=\"2 minutos\" \/>\n<script type=\"application\/ld+json\" class=\"yoast-schema-graph\">{\"@context\":\"https:\\\/\\\/schema.org\",\"@graph\":[{\"@type\":\"Article\",\"@id\":\"https:\\\/\\\/www.caudete.org\\\/ayuntamiento\\\/la-memoria-de-actividades-de-policia-local-refleja-que-en-2023-las-actuaciones-se-han-incrementado-un-39\\\/#article\",\"isPartOf\":{\"@id\":\"https:\\\/\\\/www.caudete.org\\\/ayuntamiento\\\/la-memoria-de-actividades-de-policia-local-refleja-que-en-2023-las-actuaciones-se-han-incrementado-un-39\\\/\"},\"author\":{\"name\":\"alcalde\",\"@id\":\"https:\\\/\\\/www.caudete.org\\\/ayuntamiento\\\/#\\\/schema\\\/person\\\/cc646da9133078ee4d8dd47457947253\"},\"headline\":\"La MEMORIA DE ACTIVIDADES DE POLICIA LOCAL refleja que en 2023 las actuaciones se han incrementado un 39%\",\"datePublished\":\"2024-06-12T16:37:52+00:00\",\"dateModified\":\"2024-06-12T16:40:57+00:00\",\"mainEntityOfPage\":{\"@id\":\"https:\\\/\\\/www.caudete.org\\\/ayuntamiento\\\/la-memoria-de-actividades-de-policia-local-refleja-que-en-2023-las-actuaciones-se-han-incrementado-un-39\\\/\"},\"wordCount\":431,\"image\":{\"@id\":\"https:\\\/\\\/www.caudete.org\\\/ayuntamiento\\\/la-memoria-de-actividades-de-policia-local-refleja-que-en-2023-las-actuaciones-se-han-incrementado-un-39\\\/#primaryimage\"},\"thumbnailUrl\":\"https:\\\/\\\/www.caudete.org\\\/ayuntamiento\\\/wp-content\\\/uploads\\\/2024\\\/06\\\/Resizer_16788012022221.jpg\",\"articleSection\":[\"Seguridad Ciudadana\"],\"inLanguage\":\"es\"},{\"@type\":\"WebPage\",\"@id\":\"https:\\\/\\\/www.caudete.org\\\/ayuntamiento\\\/la-memoria-de-actividades-de-policia-local-refleja-que-en-2023-las-actuaciones-se-han-incrementado-un-39\\\/\",\"url\":\"https:\\\/\\\/www.caudete.org\\\/ayuntamiento\\\/la-memoria-de-actividades-de-policia-local-refleja-que-en-2023-las-actuaciones-se-han-incrementado-un-39\\\/\",\"name\":\"La MEMORIA DE ACTIVIDADES DE POLICIA LOCAL refleja que en 2023 las actuaciones se han incrementado un 39% - MI Ayuntamiento de Caudete\",\"isPartOf\":{\"@id\":\"https:\\\/\\\/www.caudete.org\\\/ayuntamiento\\\/#website\"},\"primaryImageOfPage\":{\"@id\":\"https:\\\/\\\/www.caudete.org\\\/ayuntamiento\\\/la-memoria-de-actividades-de-policia-local-refleja-que-en-2023-las-actuaciones-se-han-incrementado-un-39\\\/#primaryimage\"},\"image\":{\"@id\":\"https:\\\/\\\/www.caudete.org\\\/ayuntamiento\\\/la-memoria-de-actividades-de-policia-local-refleja-que-en-2023-las-actuaciones-se-han-incrementado-un-39\\\/#primaryimage\"},\"thumbnailUrl\":\"https:\\\/\\\/www.caudete.org\\\/ayuntamiento\\\/wp-content\\\/uploads\\\/2024\\\/06\\\/Resizer_16788012022221.jpg\",\"datePublished\":\"2024-06-12T16:37:52+00:00\",\"dateModified\":\"2024-06-12T16:40:57+00:00\",\"author\":{\"@id\":\"https:\\\/\\\/www.caudete.org\\\/ayuntamiento\\\/#\\\/schema\\\/person\\\/cc646da9133078ee4d8dd47457947253\"},\"description\":\"P\u00e1gina Oficial del Ayuntamiento de Caudete (Albacete)\",\"breadcrumb\":{\"@id\":\"https:\\\/\\\/www.caudete.org\\\/ayuntamiento\\\/la-memoria-de-actividades-de-policia-local-refleja-que-en-2023-las-actuaciones-se-han-incrementado-un-39\\\/#breadcrumb\"},\"inLanguage\":\"es\",\"potentialAction\":[{\"@type\":\"ReadAction\",\"target\":[\"https:\\\/\\\/www.caudete.org\\\/ayuntamiento\\\/la-memoria-de-actividades-de-policia-local-refleja-que-en-2023-las-actuaciones-se-han-incrementado-un-39\\\/\"]}]},{\"@type\":\"ImageObject\",\"inLanguage\":\"es\",\"@id\":\"https:\\\/\\\/www.caudete.org\\\/ayuntamiento\\\/la-memoria-de-actividades-de-policia-local-refleja-que-en-2023-las-actuaciones-se-han-incrementado-un-39\\\/#primaryimage\",\"url\":\"https:\\\/\\\/www.caudete.org\\\/ayuntamiento\\\/wp-content\\\/uploads\\\/2024\\\/06\\\/Resizer_16788012022221.jpg\",\"contentUrl\":\"https:\\\/\\\/www.caudete.org\\\/ayuntamiento\\\/wp-content\\\/uploads\\\/2024\\\/06\\\/Resizer_16788012022221.jpg\",\"width\":1024,\"height\":576},{\"@type\":\"BreadcrumbList\",\"@id\":\"https:\\\/\\\/www.caudete.org\\\/ayuntamiento\\\/la-memoria-de-actividades-de-policia-local-refleja-que-en-2023-las-actuaciones-se-han-incrementado-un-39\\\/#breadcrumb\",\"itemListElement\":[{\"@type\":\"ListItem\",\"position\":1,\"name\":\"Inicio\",\"item\":\"https:\\\/\\\/www.caudete.org\\\/ayuntamiento\\\/\"},{\"@type\":\"ListItem\",\"position\":2,\"name\":\"La MEMORIA DE ACTIVIDADES DE POLICIA LOCAL refleja que en 2023 las actuaciones se han incrementado un 39%\"}]},{\"@type\":\"WebSite\",\"@id\":\"https:\\\/\\\/www.caudete.org\\\/ayuntamiento\\\/#website\",\"url\":\"https:\\\/\\\/www.caudete.org\\\/ayuntamiento\\\/\",\"name\":\"MI Ayuntamiento de Caudete\",\"description\":\"P\u00e1gina Oficial del MI Ayuntamiento de Caudete\",\"potentialAction\":[{\"@type\":\"SearchAction\",\"target\":{\"@type\":\"EntryPoint\",\"urlTemplate\":\"https:\\\/\\\/www.caudete.org\\\/ayuntamiento\\\/?s={search_term_string}\"},\"query-input\":{\"@type\":\"PropertyValueSpecification\",\"valueRequired\":true,\"valueName\":\"search_term_string\"}}],\"inLanguage\":\"es\"},{\"@type\":\"Person\",\"@id\":\"https:\\\/\\\/www.caudete.org\\\/ayuntamiento\\\/#\\\/schema\\\/person\\\/cc646da9133078ee4d8dd47457947253\",\"name\":\"alcalde\",\"image\":{\"@type\":\"ImageObject\",\"inLanguage\":\"es\",\"@id\":\"https:\\\/\\\/secure.gravatar.com\\\/avatar\\\/84a817ba065b29ff08d666b215a215f5c79186a645ccb25b14a663d48a130f77?s=96&d=mm&r=g\",\"url\":\"https:\\\/\\\/secure.gravatar.com\\\/avatar\\\/84a817ba065b29ff08d666b215a215f5c79186a645ccb25b14a663d48a130f77?s=96&d=mm&r=g\",\"contentUrl\":\"https:\\\/\\\/secure.gravatar.com\\\/avatar\\\/84a817ba065b29ff08d666b215a215f5c79186a645ccb25b14a663d48a130f77?s=96&d=mm&r=g\",\"caption\":\"alcalde\"},\"url\":\"https:\\\/\\\/www.caudete.org\\\/ayuntamiento\\\/author\\\/alcalde\\\/\"}]}<\/script>\n<!-- \/ Yoast SEO plugin. -->","yoast_head_json":{"title":"La MEMORIA DE ACTIVIDADES DE POLICIA LOCAL refleja que en 2023 las actuaciones se han incrementado un 39% - MI Ayuntamiento de Caudete","description":"P\u00e1gina Oficial del Ayuntamiento de Caudete (Albacete)","robots":{"index":"index","follow":"follow","max-snippet":"max-snippet:-1","max-image-preview":"max-image-preview:large","max-video-preview":"max-video-preview:-1"},"canonical":"https:\/\/www.caudete.org\/ayuntamiento\/la-memoria-de-actividades-de-policia-local-refleja-que-en-2023-las-actuaciones-se-han-incrementado-un-39\/","og_locale":"es_ES","og_type":"article","og_title":"La MEMORIA DE ACTIVIDADES DE POLICIA LOCAL refleja que en 2023 las actuaciones se han incrementado un 39% - MI Ayuntamiento de Caudete","og_description":"P\u00e1gina Oficial del Ayuntamiento de Caudete (Albacete)","og_url":"https:\/\/www.caudete.org\/ayuntamiento\/la-memoria-de-actividades-de-policia-local-refleja-que-en-2023-las-actuaciones-se-han-incrementado-un-39\/","og_site_name":"MI Ayuntamiento de Caudete","article_publisher":"https:\/\/www.facebook.com\/ayuntamientocaudete\/","article_published_time":"2024-06-12T16:37:52+00:00","article_modified_time":"2024-06-12T16:40:57+00:00","og_image":[{"width":1024,"height":576,"url":"https:\/\/www.caudete.org\/ayuntamiento\/wp-content\/uploads\/2024\/06\/Resizer_16788012022221.jpg","type":"image\/jpeg"}],"author":"alcalde","twitter_card":"summary_large_image","twitter_misc":{"Escrito por":"alcalde","Tiempo de lectura":"2 minutos"},"schema":{"@context":"https:\/\/schema.org","@graph":[{"@type":"Article","@id":"https:\/\/www.caudete.org\/ayuntamiento\/la-memoria-de-actividades-de-policia-local-refleja-que-en-2023-las-actuaciones-se-han-incrementado-un-39\/#article","isPartOf":{"@id":"https:\/\/www.caudete.org\/ayuntamiento\/la-memoria-de-actividades-de-policia-local-refleja-que-en-2023-las-actuaciones-se-han-incrementado-un-39\/"},"author":{"name":"alcalde","@id":"https:\/\/www.caudete.org\/ayuntamiento\/#\/schema\/person\/cc646da9133078ee4d8dd47457947253"},"headline":"La MEMORIA DE ACTIVIDADES DE POLICIA LOCAL refleja que en 2023 las actuaciones se han incrementado un 39%","datePublished":"2024-06-12T16:37:52+00:00","dateModified":"2024-06-12T16:40:57+00:00","mainEntityOfPage":{"@id":"https:\/\/www.caudete.org\/ayuntamiento\/la-memoria-de-actividades-de-policia-local-refleja-que-en-2023-las-actuaciones-se-han-incrementado-un-39\/"},"wordCount":431,"image":{"@id":"https:\/\/www.caudete.org\/ayuntamiento\/la-memoria-de-actividades-de-policia-local-refleja-que-en-2023-las-actuaciones-se-han-incrementado-un-39\/#primaryimage"},"thumbnailUrl":"https:\/\/www.caudete.org\/ayuntamiento\/wp-content\/uploads\/2024\/06\/Resizer_16788012022221.jpg","articleSection":["Seguridad Ciudadana"],"inLanguage":"es"},{"@type":"WebPage","@id":"https:\/\/www.caudete.org\/ayuntamiento\/la-memoria-de-actividades-de-policia-local-refleja-que-en-2023-las-actuaciones-se-han-incrementado-un-39\/","url":"https:\/\/www.caudete.org\/ayuntamiento\/la-memoria-de-actividades-de-policia-local-refleja-que-en-2023-las-actuaciones-se-han-incrementado-un-39\/","name":"La MEMORIA DE ACTIVIDADES DE POLICIA LOCAL refleja que en 2023 las actuaciones se han incrementado un 39% - MI Ayuntamiento de Caudete","isPartOf":{"@id":"https:\/\/www.caudete.org\/ayuntamiento\/#website"},"primaryImageOfPage":{"@id":"https:\/\/www.caudete.org\/ayuntamiento\/la-memoria-de-actividades-de-policia-local-refleja-que-en-2023-las-actuaciones-se-han-incrementado-un-39\/#primaryimage"},"image":{"@id":"https:\/\/www.caudete.org\/ayuntamiento\/la-memoria-de-actividades-de-policia-local-refleja-que-en-2023-las-actuaciones-se-han-incrementado-un-39\/#primaryimage"},"thumbnailUrl":"https:\/\/www.caudete.org\/ayuntamiento\/wp-content\/uploads\/2024\/06\/Resizer_16788012022221.jpg","datePublished":"2024-06-12T16:37:52+00:00","dateModified":"2024-06-12T16:40:57+00:00","author":{"@id":"https:\/\/www.caudete.org\/ayuntamiento\/#\/schema\/person\/cc646da9133078ee4d8dd47457947253"},"description":"P\u00e1gina Oficial del Ayuntamiento de Caudete (Albacete)","breadcrumb":{"@id":"https:\/\/www.caudete.org\/ayuntamiento\/la-memoria-de-actividades-de-policia-local-refleja-que-en-2023-las-actuaciones-se-han-incrementado-un-39\/#breadcrumb"},"inLanguage":"es","potentialAction":[{"@type":"ReadAction","target":["https:\/\/www.caudete.org\/ayuntamiento\/la-memoria-de-actividades-de-policia-local-refleja-que-en-2023-las-actuaciones-se-han-incrementado-un-39\/"]}]},{"@type":"ImageObject","inLanguage":"es","@id":"https:\/\/www.caudete.org\/ayuntamiento\/la-memoria-de-actividades-de-policia-local-refleja-que-en-2023-las-actuaciones-se-han-incrementado-un-39\/#primaryimage","url":"https:\/\/www.caudete.org\/ayuntamiento\/wp-content\/uploads\/2024\/06\/Resizer_16788012022221.jpg","contentUrl":"https:\/\/www.caudete.org\/ayuntamiento\/wp-content\/uploads\/2024\/06\/Resizer_16788012022221.jpg","width":1024,"height":576},{"@type":"BreadcrumbList","@id":"https:\/\/www.caudete.org\/ayuntamiento\/la-memoria-de-actividades-de-policia-local-refleja-que-en-2023-las-actuaciones-se-han-incrementado-un-39\/#breadcrumb","itemListElement":[{"@type":"ListItem","position":1,"name":"Inicio","item":"https:\/\/www.caudete.org\/ayuntamiento\/"},{"@type":"ListItem","position":2,"name":"La MEMORIA DE ACTIVIDADES DE POLICIA LOCAL refleja que en 2023 las actuaciones se han incrementado un 39%"}]},{"@type":"WebSite","@id":"https:\/\/www.caudete.org\/ayuntamiento\/#website","url":"https:\/\/www.caudete.org\/ayuntamiento\/","name":"MI Ayuntamiento de Caudete","description":"P\u00e1gina Oficial del MI Ayuntamiento de Caudete","potentialAction":[{"@type":"SearchAction","target":{"@type":"EntryPoint","urlTemplate":"https:\/\/www.caudete.org\/ayuntamiento\/?s={search_term_string}"},"query-input":{"@type":"PropertyValueSpecification","valueRequired":true,"valueName":"search_term_string"}}],"inLanguage":"es"},{"@type":"Person","@id":"https:\/\/www.caudete.org\/ayuntamiento\/#\/schema\/person\/cc646da9133078ee4d8dd47457947253","name":"alcalde","image":{"@type":"ImageObject","inLanguage":"es","@id":"https:\/\/secure.gravatar.com\/avatar\/84a817ba065b29ff08d666b215a215f5c79186a645ccb25b14a663d48a130f77?s=96&d=mm&r=g","url":"https:\/\/secure.gravatar.com\/avatar\/84a817ba065b29ff08d666b215a215f5c79186a645ccb25b14a663d48a130f77?s=96&d=mm&r=g","contentUrl":"https:\/\/secure.gravatar.com\/avatar\/84a817ba065b29ff08d666b215a215f5c79186a645ccb25b14a663d48a130f77?s=96&d=mm&r=g","caption":"alcalde"},"url":"https:\/\/www.caudete.org\/ayuntamiento\/author\/alcalde\/"}]}},"_links":{"self":[{"href":"https:\/\/www.caudete.org\/ayuntamiento\/wp-json\/wp\/v2\/posts\/25269","targetHints":{"allow":["GET"]}}],"collection":[{"href":"https:\/\/www.caudete.org\/ayuntamiento\/wp-json\/wp\/v2\/posts"}],"about":[{"href":"https:\/\/www.caudete.org\/ayuntamiento\/wp-json\/wp\/v2\/types\/post"}],"author":[{"embeddable":true,"href":"https:\/\/www.caudete.org\/ayuntamiento\/wp-json\/wp\/v2\/users\/3"}],"replies":[{"embeddable":true,"href":"https:\/\/www.caudete.org\/ayuntamiento\/wp-json\/wp\/v2\/comments?post=25269"}],"version-history":[{"count":3,"href":"https:\/\/www.caudete.org\/ayuntamiento\/wp-json\/wp\/v2\/posts\/25269\/revisions"}],"predecessor-version":[{"id":25273,"href":"https:\/\/www.caudete.org\/ayuntamiento\/wp-json\/wp\/v2\/posts\/25269\/revisions\/25273"}],"wp:featuredmedia":[{"embeddable":true,"href":"https:\/\/www.caudete.org\/ayuntamiento\/wp-json\/wp\/v2\/media\/25270"}],"wp:attachment":[{"href":"https:\/\/www.caudete.org\/ayuntamiento\/wp-json\/wp\/v2\/media?parent=25269"}],"wp:term":[{"taxonomy":"category","embeddable":true,"href":"https:\/\/www.caudete.org\/ayuntamiento\/wp-json\/wp\/v2\/categories?post=25269"},{"taxonomy":"post_tag","embeddable":true,"href":"https:\/\/www.caudete.org\/ayuntamiento\/wp-json\/wp\/v2\/tags?post=25269"}],"curies":[{"name":"wp","href":"https:\/\/api.w.org\/{rel}","templated":true}]}}