{"id":25281,"date":"2024-06-13T14:21:08","date_gmt":"2024-06-13T12:21:08","guid":{"rendered":"https:\/\/www.caudete.org\/ayuntamiento\/?p=25281"},"modified":"2024-06-13T14:21:08","modified_gmt":"2024-06-13T12:21:08","slug":"el-cecopal-analiza-los-danos-ocasionados-en-el-dia-de-ayer-continua-cerrado-el-camino-de-la-encina-san-anton-y-el-paso","status":"publish","type":"post","link":"https:\/\/www.caudete.org\/ayuntamiento\/el-cecopal-analiza-los-danos-ocasionados-en-el-dia-de-ayer-continua-cerrado-el-camino-de-la-encina-san-anton-y-el-paso\/","title":{"rendered":"El CECOPAL analiza los da\u00f1os ocasionados en el d\u00eda de ayer. Contin\u00faa cerrado el Camino de La Encina, San Anton y El Paso"},"content":{"rendered":"<p style=\"text-align: justify;\">Tras los da\u00f1os ocasionados principalmente en el d\u00eda de ayer con el temporal de lluvias, esta ma\u00f1ana se ha reunido el CECOPAL bajo la direcci\u00f3n del Alcalde, para analizar la situaci\u00f3n sufrida, valorar los da\u00f1os ocasionados as\u00ed como las intervenciones realizadas, y proponer medidas de actuaci\u00f3n en diferentes niveles. A la misma han acudido Polic\u00eda Local, Guardia Civil, Protecci\u00f3n Civil, Brigada de Obras, T\u00e9cnicos Municipales y las titulares de las Concejal\u00edas de Emergencias y Seguridad Ciudadana.<\/p>\n<p style=\"text-align: justify;\">En la tarde de ayer, tanto Polic\u00eda Local, como Protecci\u00f3n Civil, Guardia Civil y Brigada de Obras estuvieron activos en todo momento en labores de prevenci\u00f3n y auxilio, que se vieron ampliadas por la presencia de Bomberos as\u00ed como el apoyo de agricultores que con sus tractores prestaron su colaboraci\u00f3n.<\/p>\n<p style=\"text-align: justify;\">En estos momentos se encuentran trabajando para restablecer a la normalidad la circulaci\u00f3n en v\u00edas afectadas.<\/p>\n<p style=\"text-align: justify;\">Igualmente, se han establecido diferentes medidas a acometer a nivel interno y respecto a otras administraciones o entidades para dise\u00f1ar actuaciones que eviten da\u00f1os o situaciones de riesgo similares. \u00c9stas se plantear\u00e1n tanto al Ministerio, como JCCM, Diputaci\u00f3n y CHJ.<\/p>\n<p style=\"text-align: justify;\">Al margen de lo expuesto, la Excma. Diputaci\u00f3n Provincial de Albacete ha confirmado su colaboraci\u00f3n, as\u00ed como la Mancomunidad Montearag\u00f3n para las actuaciones necesarias en caminos rurales.<\/p>\n<p style=\"text-align: justify;\">Destacar rescates en la tarde y noche de ayer a personas atrapadas en veh\u00edculos en cuatro puntos (Carretera de Villena, Camino del Lentisco, Camino de Biar y Camino del Paso), as\u00ed como un rescate en inmueble de zona rural, y un acceso a otro inmueble tambi\u00e9n en zona rural, no teniendo que lamentar da\u00f1os humanos<\/p>\n<p style=\"text-align: justify;\">La A-31 fue cerrada al tr\u00e1fico por avenida de aguas, as\u00ed como la zona de El Cruce por la misma causa. Se procedi\u00f3 al corte de la AB-404 (Carretera de Villena) en dos tramos, as\u00ed como de Avenida San Jaime (entre Plaza de Toros y San Ant\u00f3n), Camino del Paso, Camino de La Encina y Camino de Biar. Todos ellos en estos momentos siguen cerrados al tr\u00e1fico mientras operan maquinaria y peones para garantizar la seguridad de las mismas. No obstante, la AB-404 ha sido abierta al tr\u00e1fico hace unos instantes.<\/p>\n<p style=\"text-align: justify;\">Se han identificado diferentes zonas del t\u00e9rmino municipal afectadas por el agua. Caminos como El Lentisco arrastraron gran cantidad de agua proveniente de las ramblas del Paraiso y San Vicente. Zonas pr\u00f3ximas a La Alcoraya y El Paso que recogen aguas de la zona de La Encina y de la Rambla de la Casa El Pavo y El Derramador han dejado da\u00f1os en el parcelario y viales pr\u00f3ximos, cuyas aguas desembocaron en la Rambla de San Ant\u00f3n y posteriormente en el Camino de Biar. \u00c9stas han dejado inundados el Molino de San Ant\u00f3n y fincas localizadas aguas abajo, as\u00ed como intransitable el Camino de Biar.<\/p>\n<p style=\"text-align: justify;\">Seg\u00fan nos han informado propietarios, tambi\u00e9n existen da\u00f1os en fincas agr\u00edcolas y de recreo. As\u00ed, solicitamos colaboraci\u00f3n ciudadana para hacer llegar al Ayuntamiento localizaci\u00f3n de da\u00f1os sufridos y magnitud de las mismas para poder en conjunto trasladarlo a las administraciones correspondientes con el fin de poder obtener las ayudas necesarias, en su caso, para restablecer la normalidad.<\/p>\n<p style=\"text-align: justify;\">Desde el CECOPAL y el propio Consistorio se quiere lanzar un doble mensaje: por un lado, la colaboraci\u00f3n ciudadana en todo momento ante circunstancias similares, atendiendo a todas las indicaciones y respetando medidas adoptadas (prohibiciones, cortes, etc), as\u00ed como agradecer a todas las personas que en el desempe\u00f1o de sus funciones como de forma completamente altruista han colaborado para prestar ayuda ante momentos d\u00edficiles como los vividos en el d\u00eda de ayer.<\/p>\n","protected":false},"excerpt":{"rendered":"<p>Tras los da\u00f1os ocasionados principalmente en el d\u00eda de ayer con el temporal de lluvias, esta ma\u00f1ana se ha reunido el CECOPAL bajo la direcci\u00f3n del Alcalde, para analizar la situaci\u00f3n sufrida, valorar los da\u00f1os ocasionados as\u00ed como las intervenciones realizadas, y proponer medidas de actuaci\u00f3n en diferentes niveles. A la misma han acudido Polic\u00eda &hellip;<\/p>\n","protected":false},"author":3,"featured_media":25282,"comment_status":"closed","ping_status":"open","sticky":false,"template":"","format":"standard","meta":{"ngg_post_thumbnail":0,"footnotes":""},"categories":[41],"tags":[],"class_list":["post-25281","post","type-post","status-publish","format-standard","has-post-thumbnail","hentry","category-emergencias"],"yoast_head":"<!-- This site is optimized with the Yoast SEO plugin v27.5 - https:\/\/yoast.com\/product\/yoast-seo-wordpress\/ -->\n<title>El CECOPAL analiza los da\u00f1os ocasionados en el d\u00eda de ayer. Contin\u00faa cerrado el Camino de La Encina, San Anton y El Paso - MI Ayuntamiento de Caudete<\/title>\n<meta name=\"description\" content=\"P\u00e1gina Oficial del Ayuntamiento de Caudete (Albacete)\" \/>\n<meta name=\"robots\" content=\"index, follow, max-snippet:-1, max-image-preview:large, max-video-preview:-1\" \/>\n<link rel=\"canonical\" href=\"https:\/\/www.caudete.org\/ayuntamiento\/el-cecopal-analiza-los-danos-ocasionados-en-el-dia-de-ayer-continua-cerrado-el-camino-de-la-encina-san-anton-y-el-paso\/\" \/>\n<meta property=\"og:locale\" content=\"es_ES\" \/>\n<meta property=\"og:type\" content=\"article\" \/>\n<meta property=\"og:title\" content=\"El CECOPAL analiza los da\u00f1os ocasionados en el d\u00eda de ayer. Contin\u00faa cerrado el Camino de La Encina, San Anton y El Paso - MI Ayuntamiento de Caudete\" \/>\n<meta property=\"og:description\" content=\"P\u00e1gina Oficial del Ayuntamiento de Caudete (Albacete)\" \/>\n<meta property=\"og:url\" content=\"https:\/\/www.caudete.org\/ayuntamiento\/el-cecopal-analiza-los-danos-ocasionados-en-el-dia-de-ayer-continua-cerrado-el-camino-de-la-encina-san-anton-y-el-paso\/\" \/>\n<meta property=\"og:site_name\" content=\"MI Ayuntamiento de Caudete\" \/>\n<meta property=\"article:publisher\" content=\"https:\/\/www.facebook.com\/ayuntamientocaudete\/\" \/>\n<meta property=\"article:published_time\" content=\"2024-06-13T12:21:08+00:00\" \/>\n<meta property=\"og:image\" content=\"https:\/\/www.caudete.org\/ayuntamiento\/wp-content\/uploads\/2024\/06\/inundaciones-tormentas-junio-caudete-digital.jpg\" \/>\n\t<meta property=\"og:image:width\" content=\"1024\" \/>\n\t<meta property=\"og:image:height\" content=\"560\" \/>\n\t<meta property=\"og:image:type\" content=\"image\/jpeg\" \/>\n<meta name=\"author\" content=\"alcalde\" \/>\n<meta name=\"twitter:card\" content=\"summary_large_image\" \/>\n<meta name=\"twitter:label1\" content=\"Escrito por\" \/>\n\t<meta name=\"twitter:data1\" content=\"alcalde\" \/>\n\t<meta name=\"twitter:label2\" content=\"Tiempo de lectura\" \/>\n\t<meta name=\"twitter:data2\" content=\"3 minutos\" \/>\n<script type=\"application\/ld+json\" class=\"yoast-schema-graph\">{\"@context\":\"https:\\\/\\\/schema.org\",\"@graph\":[{\"@type\":\"Article\",\"@id\":\"https:\\\/\\\/www.caudete.org\\\/ayuntamiento\\\/el-cecopal-analiza-los-danos-ocasionados-en-el-dia-de-ayer-continua-cerrado-el-camino-de-la-encina-san-anton-y-el-paso\\\/#article\",\"isPartOf\":{\"@id\":\"https:\\\/\\\/www.caudete.org\\\/ayuntamiento\\\/el-cecopal-analiza-los-danos-ocasionados-en-el-dia-de-ayer-continua-cerrado-el-camino-de-la-encina-san-anton-y-el-paso\\\/\"},\"author\":{\"name\":\"alcalde\",\"@id\":\"https:\\\/\\\/www.caudete.org\\\/ayuntamiento\\\/#\\\/schema\\\/person\\\/cc646da9133078ee4d8dd47457947253\"},\"headline\":\"El CECOPAL analiza los da\u00f1os ocasionados en el d\u00eda de ayer. Contin\u00faa cerrado el Camino de La Encina, San Anton y El Paso\",\"datePublished\":\"2024-06-13T12:21:08+00:00\",\"mainEntityOfPage\":{\"@id\":\"https:\\\/\\\/www.caudete.org\\\/ayuntamiento\\\/el-cecopal-analiza-los-danos-ocasionados-en-el-dia-de-ayer-continua-cerrado-el-camino-de-la-encina-san-anton-y-el-paso\\\/\"},\"wordCount\":663,\"publisher\":{\"@id\":\"https:\\\/\\\/www.caudete.org\\\/ayuntamiento\\\/#organization\"},\"image\":{\"@id\":\"https:\\\/\\\/www.caudete.org\\\/ayuntamiento\\\/el-cecopal-analiza-los-danos-ocasionados-en-el-dia-de-ayer-continua-cerrado-el-camino-de-la-encina-san-anton-y-el-paso\\\/#primaryimage\"},\"thumbnailUrl\":\"https:\\\/\\\/www.caudete.org\\\/ayuntamiento\\\/wp-content\\\/uploads\\\/2024\\\/06\\\/inundaciones-tormentas-junio-caudete-digital.jpg\",\"articleSection\":[\"Emergencias\"],\"inLanguage\":\"es\"},{\"@type\":\"WebPage\",\"@id\":\"https:\\\/\\\/www.caudete.org\\\/ayuntamiento\\\/el-cecopal-analiza-los-danos-ocasionados-en-el-dia-de-ayer-continua-cerrado-el-camino-de-la-encina-san-anton-y-el-paso\\\/\",\"url\":\"https:\\\/\\\/www.caudete.org\\\/ayuntamiento\\\/el-cecopal-analiza-los-danos-ocasionados-en-el-dia-de-ayer-continua-cerrado-el-camino-de-la-encina-san-anton-y-el-paso\\\/\",\"name\":\"El CECOPAL analiza los da\u00f1os ocasionados en el d\u00eda de ayer. Contin\u00faa cerrado el Camino de La Encina, San Anton y El Paso - MI Ayuntamiento de Caudete\",\"isPartOf\":{\"@id\":\"https:\\\/\\\/www.caudete.org\\\/ayuntamiento\\\/#website\"},\"primaryImageOfPage\":{\"@id\":\"https:\\\/\\\/www.caudete.org\\\/ayuntamiento\\\/el-cecopal-analiza-los-danos-ocasionados-en-el-dia-de-ayer-continua-cerrado-el-camino-de-la-encina-san-anton-y-el-paso\\\/#primaryimage\"},\"image\":{\"@id\":\"https:\\\/\\\/www.caudete.org\\\/ayuntamiento\\\/el-cecopal-analiza-los-danos-ocasionados-en-el-dia-de-ayer-continua-cerrado-el-camino-de-la-encina-san-anton-y-el-paso\\\/#primaryimage\"},\"thumbnailUrl\":\"https:\\\/\\\/www.caudete.org\\\/ayuntamiento\\\/wp-content\\\/uploads\\\/2024\\\/06\\\/inundaciones-tormentas-junio-caudete-digital.jpg\",\"datePublished\":\"2024-06-13T12:21:08+00:00\",\"description\":\"P\u00e1gina Oficial del Ayuntamiento de Caudete (Albacete)\",\"breadcrumb\":{\"@id\":\"https:\\\/\\\/www.caudete.org\\\/ayuntamiento\\\/el-cecopal-analiza-los-danos-ocasionados-en-el-dia-de-ayer-continua-cerrado-el-camino-de-la-encina-san-anton-y-el-paso\\\/#breadcrumb\"},\"inLanguage\":\"es\",\"potentialAction\":[{\"@type\":\"ReadAction\",\"target\":[\"https:\\\/\\\/www.caudete.org\\\/ayuntamiento\\\/el-cecopal-analiza-los-danos-ocasionados-en-el-dia-de-ayer-continua-cerrado-el-camino-de-la-encina-san-anton-y-el-paso\\\/\"]}]},{\"@type\":\"ImageObject\",\"inLanguage\":\"es\",\"@id\":\"https:\\\/\\\/www.caudete.org\\\/ayuntamiento\\\/el-cecopal-analiza-los-danos-ocasionados-en-el-dia-de-ayer-continua-cerrado-el-camino-de-la-encina-san-anton-y-el-paso\\\/#primaryimage\",\"url\":\"https:\\\/\\\/www.caudete.org\\\/ayuntamiento\\\/wp-content\\\/uploads\\\/2024\\\/06\\\/inundaciones-tormentas-junio-caudete-digital.jpg\",\"contentUrl\":\"https:\\\/\\\/www.caudete.org\\\/ayuntamiento\\\/wp-content\\\/uploads\\\/2024\\\/06\\\/inundaciones-tormentas-junio-caudete-digital.jpg\",\"width\":1024,\"height\":560},{\"@type\":\"BreadcrumbList\",\"@id\":\"https:\\\/\\\/www.caudete.org\\\/ayuntamiento\\\/el-cecopal-analiza-los-danos-ocasionados-en-el-dia-de-ayer-continua-cerrado-el-camino-de-la-encina-san-anton-y-el-paso\\\/#breadcrumb\",\"itemListElement\":[{\"@type\":\"ListItem\",\"position\":1,\"name\":\"Inicio\",\"item\":\"https:\\\/\\\/www.caudete.org\\\/ayuntamiento\\\/\"},{\"@type\":\"ListItem\",\"position\":2,\"name\":\"El CECOPAL analiza los da\u00f1os ocasionados en el d\u00eda de ayer. Contin\u00faa cerrado el Camino de La Encina, San Anton y El Paso\"}]},{\"@type\":\"WebSite\",\"@id\":\"https:\\\/\\\/www.caudete.org\\\/ayuntamiento\\\/#website\",\"url\":\"https:\\\/\\\/www.caudete.org\\\/ayuntamiento\\\/\",\"name\":\"MI Ayuntamiento de Caudete\",\"description\":\"P\u00e1gina Oficial del MI Ayuntamiento de Caudete\",\"publisher\":{\"@id\":\"https:\\\/\\\/www.caudete.org\\\/ayuntamiento\\\/#organization\"},\"potentialAction\":[{\"@type\":\"SearchAction\",\"target\":{\"@type\":\"EntryPoint\",\"urlTemplate\":\"https:\\\/\\\/www.caudete.org\\\/ayuntamiento\\\/?s={search_term_string}\"},\"query-input\":{\"@type\":\"PropertyValueSpecification\",\"valueRequired\":true,\"valueName\":\"search_term_string\"}}],\"inLanguage\":\"es\"},{\"@type\":\"Organization\",\"@id\":\"https:\\\/\\\/www.caudete.org\\\/ayuntamiento\\\/#organization\",\"name\":\"Ayuntamiento de Caudete\",\"url\":\"https:\\\/\\\/www.caudete.org\\\/ayuntamiento\\\/\",\"logo\":{\"@type\":\"ImageObject\",\"inLanguage\":\"es\",\"@id\":\"https:\\\/\\\/www.caudete.org\\\/ayuntamiento\\\/#\\\/schema\\\/logo\\\/image\\\/\",\"url\":\"https:\\\/\\\/www.caudete.org\\\/ayuntamiento\\\/wp-content\\\/uploads\\\/2020\\\/11\\\/logo_ayuntamiento_caudete.jpg\",\"contentUrl\":\"https:\\\/\\\/www.caudete.org\\\/ayuntamiento\\\/wp-content\\\/uploads\\\/2020\\\/11\\\/logo_ayuntamiento_caudete.jpg\",\"width\":600,\"height\":150,\"caption\":\"Ayuntamiento de Caudete\"},\"image\":{\"@id\":\"https:\\\/\\\/www.caudete.org\\\/ayuntamiento\\\/#\\\/schema\\\/logo\\\/image\\\/\"},\"sameAs\":[\"https:\\\/\\\/www.facebook.com\\\/ayuntamientocaudete\\\/\",\"https:\\\/\\\/www.youtube.com\\\/channel\\\/UC6VztHaooNsGpw-tNoBEFnQ\"]},{\"@type\":\"Person\",\"@id\":\"https:\\\/\\\/www.caudete.org\\\/ayuntamiento\\\/#\\\/schema\\\/person\\\/cc646da9133078ee4d8dd47457947253\",\"name\":\"alcalde\",\"image\":{\"@type\":\"ImageObject\",\"inLanguage\":\"es\",\"@id\":\"https:\\\/\\\/secure.gravatar.com\\\/avatar\\\/84a817ba065b29ff08d666b215a215f5c79186a645ccb25b14a663d48a130f77?s=96&d=mm&r=g\",\"url\":\"https:\\\/\\\/secure.gravatar.com\\\/avatar\\\/84a817ba065b29ff08d666b215a215f5c79186a645ccb25b14a663d48a130f77?s=96&d=mm&r=g\",\"contentUrl\":\"https:\\\/\\\/secure.gravatar.com\\\/avatar\\\/84a817ba065b29ff08d666b215a215f5c79186a645ccb25b14a663d48a130f77?s=96&d=mm&r=g\",\"caption\":\"alcalde\"},\"url\":\"https:\\\/\\\/www.caudete.org\\\/ayuntamiento\\\/author\\\/alcalde\\\/\"}]}<\/script>\n<!-- \/ Yoast SEO plugin. -->","yoast_head_json":{"title":"El CECOPAL analiza los da\u00f1os ocasionados en el d\u00eda de ayer. Contin\u00faa cerrado el Camino de La Encina, San Anton y El Paso - MI Ayuntamiento de Caudete","description":"P\u00e1gina Oficial del Ayuntamiento de Caudete (Albacete)","robots":{"index":"index","follow":"follow","max-snippet":"max-snippet:-1","max-image-preview":"max-image-preview:large","max-video-preview":"max-video-preview:-1"},"canonical":"https:\/\/www.caudete.org\/ayuntamiento\/el-cecopal-analiza-los-danos-ocasionados-en-el-dia-de-ayer-continua-cerrado-el-camino-de-la-encina-san-anton-y-el-paso\/","og_locale":"es_ES","og_type":"article","og_title":"El CECOPAL analiza los da\u00f1os ocasionados en el d\u00eda de ayer. Contin\u00faa cerrado el Camino de La Encina, San Anton y El Paso - MI Ayuntamiento de Caudete","og_description":"P\u00e1gina Oficial del Ayuntamiento de Caudete (Albacete)","og_url":"https:\/\/www.caudete.org\/ayuntamiento\/el-cecopal-analiza-los-danos-ocasionados-en-el-dia-de-ayer-continua-cerrado-el-camino-de-la-encina-san-anton-y-el-paso\/","og_site_name":"MI Ayuntamiento de Caudete","article_publisher":"https:\/\/www.facebook.com\/ayuntamientocaudete\/","article_published_time":"2024-06-13T12:21:08+00:00","og_image":[{"width":1024,"height":560,"url":"https:\/\/www.caudete.org\/ayuntamiento\/wp-content\/uploads\/2024\/06\/inundaciones-tormentas-junio-caudete-digital.jpg","type":"image\/jpeg"}],"author":"alcalde","twitter_card":"summary_large_image","twitter_misc":{"Escrito por":"alcalde","Tiempo de lectura":"3 minutos"},"schema":{"@context":"https:\/\/schema.org","@graph":[{"@type":"Article","@id":"https:\/\/www.caudete.org\/ayuntamiento\/el-cecopal-analiza-los-danos-ocasionados-en-el-dia-de-ayer-continua-cerrado-el-camino-de-la-encina-san-anton-y-el-paso\/#article","isPartOf":{"@id":"https:\/\/www.caudete.org\/ayuntamiento\/el-cecopal-analiza-los-danos-ocasionados-en-el-dia-de-ayer-continua-cerrado-el-camino-de-la-encina-san-anton-y-el-paso\/"},"author":{"name":"alcalde","@id":"https:\/\/www.caudete.org\/ayuntamiento\/#\/schema\/person\/cc646da9133078ee4d8dd47457947253"},"headline":"El CECOPAL analiza los da\u00f1os ocasionados en el d\u00eda de ayer. Contin\u00faa cerrado el Camino de La Encina, San Anton y El Paso","datePublished":"2024-06-13T12:21:08+00:00","mainEntityOfPage":{"@id":"https:\/\/www.caudete.org\/ayuntamiento\/el-cecopal-analiza-los-danos-ocasionados-en-el-dia-de-ayer-continua-cerrado-el-camino-de-la-encina-san-anton-y-el-paso\/"},"wordCount":663,"publisher":{"@id":"https:\/\/www.caudete.org\/ayuntamiento\/#organization"},"image":{"@id":"https:\/\/www.caudete.org\/ayuntamiento\/el-cecopal-analiza-los-danos-ocasionados-en-el-dia-de-ayer-continua-cerrado-el-camino-de-la-encina-san-anton-y-el-paso\/#primaryimage"},"thumbnailUrl":"https:\/\/www.caudete.org\/ayuntamiento\/wp-content\/uploads\/2024\/06\/inundaciones-tormentas-junio-caudete-digital.jpg","articleSection":["Emergencias"],"inLanguage":"es"},{"@type":"WebPage","@id":"https:\/\/www.caudete.org\/ayuntamiento\/el-cecopal-analiza-los-danos-ocasionados-en-el-dia-de-ayer-continua-cerrado-el-camino-de-la-encina-san-anton-y-el-paso\/","url":"https:\/\/www.caudete.org\/ayuntamiento\/el-cecopal-analiza-los-danos-ocasionados-en-el-dia-de-ayer-continua-cerrado-el-camino-de-la-encina-san-anton-y-el-paso\/","name":"El CECOPAL analiza los da\u00f1os ocasionados en el d\u00eda de ayer. Contin\u00faa cerrado el Camino de La Encina, San Anton y El Paso - MI Ayuntamiento de Caudete","isPartOf":{"@id":"https:\/\/www.caudete.org\/ayuntamiento\/#website"},"primaryImageOfPage":{"@id":"https:\/\/www.caudete.org\/ayuntamiento\/el-cecopal-analiza-los-danos-ocasionados-en-el-dia-de-ayer-continua-cerrado-el-camino-de-la-encina-san-anton-y-el-paso\/#primaryimage"},"image":{"@id":"https:\/\/www.caudete.org\/ayuntamiento\/el-cecopal-analiza-los-danos-ocasionados-en-el-dia-de-ayer-continua-cerrado-el-camino-de-la-encina-san-anton-y-el-paso\/#primaryimage"},"thumbnailUrl":"https:\/\/www.caudete.org\/ayuntamiento\/wp-content\/uploads\/2024\/06\/inundaciones-tormentas-junio-caudete-digital.jpg","datePublished":"2024-06-13T12:21:08+00:00","description":"P\u00e1gina Oficial del Ayuntamiento de Caudete (Albacete)","breadcrumb":{"@id":"https:\/\/www.caudete.org\/ayuntamiento\/el-cecopal-analiza-los-danos-ocasionados-en-el-dia-de-ayer-continua-cerrado-el-camino-de-la-encina-san-anton-y-el-paso\/#breadcrumb"},"inLanguage":"es","potentialAction":[{"@type":"ReadAction","target":["https:\/\/www.caudete.org\/ayuntamiento\/el-cecopal-analiza-los-danos-ocasionados-en-el-dia-de-ayer-continua-cerrado-el-camino-de-la-encina-san-anton-y-el-paso\/"]}]},{"@type":"ImageObject","inLanguage":"es","@id":"https:\/\/www.caudete.org\/ayuntamiento\/el-cecopal-analiza-los-danos-ocasionados-en-el-dia-de-ayer-continua-cerrado-el-camino-de-la-encina-san-anton-y-el-paso\/#primaryimage","url":"https:\/\/www.caudete.org\/ayuntamiento\/wp-content\/uploads\/2024\/06\/inundaciones-tormentas-junio-caudete-digital.jpg","contentUrl":"https:\/\/www.caudete.org\/ayuntamiento\/wp-content\/uploads\/2024\/06\/inundaciones-tormentas-junio-caudete-digital.jpg","width":1024,"height":560},{"@type":"BreadcrumbList","@id":"https:\/\/www.caudete.org\/ayuntamiento\/el-cecopal-analiza-los-danos-ocasionados-en-el-dia-de-ayer-continua-cerrado-el-camino-de-la-encina-san-anton-y-el-paso\/#breadcrumb","itemListElement":[{"@type":"ListItem","position":1,"name":"Inicio","item":"https:\/\/www.caudete.org\/ayuntamiento\/"},{"@type":"ListItem","position":2,"name":"El CECOPAL analiza los da\u00f1os ocasionados en el d\u00eda de ayer. Contin\u00faa cerrado el Camino de La Encina, San Anton y El Paso"}]},{"@type":"WebSite","@id":"https:\/\/www.caudete.org\/ayuntamiento\/#website","url":"https:\/\/www.caudete.org\/ayuntamiento\/","name":"MI Ayuntamiento de Caudete","description":"P\u00e1gina Oficial del MI Ayuntamiento de Caudete","publisher":{"@id":"https:\/\/www.caudete.org\/ayuntamiento\/#organization"},"potentialAction":[{"@type":"SearchAction","target":{"@type":"EntryPoint","urlTemplate":"https:\/\/www.caudete.org\/ayuntamiento\/?s={search_term_string}"},"query-input":{"@type":"PropertyValueSpecification","valueRequired":true,"valueName":"search_term_string"}}],"inLanguage":"es"},{"@type":"Organization","@id":"https:\/\/www.caudete.org\/ayuntamiento\/#organization","name":"Ayuntamiento de Caudete","url":"https:\/\/www.caudete.org\/ayuntamiento\/","logo":{"@type":"ImageObject","inLanguage":"es","@id":"https:\/\/www.caudete.org\/ayuntamiento\/#\/schema\/logo\/image\/","url":"https:\/\/www.caudete.org\/ayuntamiento\/wp-content\/uploads\/2020\/11\/logo_ayuntamiento_caudete.jpg","contentUrl":"https:\/\/www.caudete.org\/ayuntamiento\/wp-content\/uploads\/2020\/11\/logo_ayuntamiento_caudete.jpg","width":600,"height":150,"caption":"Ayuntamiento de Caudete"},"image":{"@id":"https:\/\/www.caudete.org\/ayuntamiento\/#\/schema\/logo\/image\/"},"sameAs":["https:\/\/www.facebook.com\/ayuntamientocaudete\/","https:\/\/www.youtube.com\/channel\/UC6VztHaooNsGpw-tNoBEFnQ"]},{"@type":"Person","@id":"https:\/\/www.caudete.org\/ayuntamiento\/#\/schema\/person\/cc646da9133078ee4d8dd47457947253","name":"alcalde","image":{"@type":"ImageObject","inLanguage":"es","@id":"https:\/\/secure.gravatar.com\/avatar\/84a817ba065b29ff08d666b215a215f5c79186a645ccb25b14a663d48a130f77?s=96&d=mm&r=g","url":"https:\/\/secure.gravatar.com\/avatar\/84a817ba065b29ff08d666b215a215f5c79186a645ccb25b14a663d48a130f77?s=96&d=mm&r=g","contentUrl":"https:\/\/secure.gravatar.com\/avatar\/84a817ba065b29ff08d666b215a215f5c79186a645ccb25b14a663d48a130f77?s=96&d=mm&r=g","caption":"alcalde"},"url":"https:\/\/www.caudete.org\/ayuntamiento\/author\/alcalde\/"}]}},"_links":{"self":[{"href":"https:\/\/www.caudete.org\/ayuntamiento\/wp-json\/wp\/v2\/posts\/25281","targetHints":{"allow":["GET"]}}],"collection":[{"href":"https:\/\/www.caudete.org\/ayuntamiento\/wp-json\/wp\/v2\/posts"}],"about":[{"href":"https:\/\/www.caudete.org\/ayuntamiento\/wp-json\/wp\/v2\/types\/post"}],"author":[{"embeddable":true,"href":"https:\/\/www.caudete.org\/ayuntamiento\/wp-json\/wp\/v2\/users\/3"}],"replies":[{"embeddable":true,"href":"https:\/\/www.caudete.org\/ayuntamiento\/wp-json\/wp\/v2\/comments?post=25281"}],"version-history":[{"count":1,"href":"https:\/\/www.caudete.org\/ayuntamiento\/wp-json\/wp\/v2\/posts\/25281\/revisions"}],"predecessor-version":[{"id":25283,"href":"https:\/\/www.caudete.org\/ayuntamiento\/wp-json\/wp\/v2\/posts\/25281\/revisions\/25283"}],"wp:featuredmedia":[{"embeddable":true,"href":"https:\/\/www.caudete.org\/ayuntamiento\/wp-json\/wp\/v2\/media\/25282"}],"wp:attachment":[{"href":"https:\/\/www.caudete.org\/ayuntamiento\/wp-json\/wp\/v2\/media?parent=25281"}],"wp:term":[{"taxonomy":"category","embeddable":true,"href":"https:\/\/www.caudete.org\/ayuntamiento\/wp-json\/wp\/v2\/categories?post=25281"},{"taxonomy":"post_tag","embeddable":true,"href":"https:\/\/www.caudete.org\/ayuntamiento\/wp-json\/wp\/v2\/tags?post=25281"}],"curies":[{"name":"wp","href":"https:\/\/api.w.org\/{rel}","templated":true}]}}