{"id":25287,"date":"2024-06-14T11:30:38","date_gmt":"2024-06-14T09:30:38","guid":{"rendered":"https:\/\/www.caudete.org\/ayuntamiento\/?p=25287"},"modified":"2024-06-20T08:38:44","modified_gmt":"2024-06-20T06:38:44","slug":"taller-participativo-a-cargo-de-joaquin-llorens-libertad-imagen-figurativa-contra-la-violencia-hacia-las-mujeres","status":"publish","type":"post","link":"https:\/\/www.caudete.org\/ayuntamiento\/taller-participativo-a-cargo-de-joaquin-llorens-libertad-imagen-figurativa-contra-la-violencia-hacia-las-mujeres\/","title":{"rendered":"Taller participativo a cargo de Joaqu\u00edn Llorens &#8220;Libertad-Imagen figurativa contra la violencia hacia las mujeres&#8221;"},"content":{"rendered":"<p>La edil de Igualdad Social, Mar\u00eda Mart\u00ednez Garc\u00eda,\u00a0 informa que el Ayuntamiento de Caudete, a trav\u00e9s del Centro de la Mujer ha impulsado y coordinado el Proyecto <strong>\u201cLIBERTAD-IMAGEN FIGURATIVA CONTRA LA VIOLENCIA HACIA LAS MUJERES\u201d<\/strong> con\u00a0 cargo a la subvenci\u00f3n recibida de los fondos del Pacto de Estado contra la violencia de G\u00e9nero.<\/p>\n<p>Para\u00a0 la realizaci\u00f3n del mismo, se ha contado con el artista caudetano Joaqu\u00edn Llorens, el cual llevar\u00e1 a cabo un taller participativo para toda la ciudadan\u00eda en el que se mostrar\u00e1 la importancia de la expresi\u00f3n art\u00edstica como herramienta de comunicaci\u00f3n, denuncia y educaci\u00f3n frente a la violencia y a favor de la igualdad entre mujeres y hombres.<\/p>\n<p>Dicha actividad realizada en colaboraci\u00f3n de las concejal\u00edas de Cultura,\u00a0 Turismo y Bienestar e Igualdad. Tendr\u00e1 lugar el mi\u00e9rcoles 19 de Junio a las 11:00h, en la Sala de Exposiciones Jos\u00e9 P\u00e9rezgil. Os invitamos a visitar la exposici\u00f3n y a \u00a0participar en esta actividad.<\/p>\n<p><img fetchpriority=\"high\" decoding=\"async\" class=\"alignnone size-full wp-image-25288\" src=\"https:\/\/www.caudete.org\/ayuntamiento\/wp-content\/uploads\/2024\/06\/Cartel-taller.jpg\" alt=\"\" width=\"1600\" height=\"2000\" srcset=\"https:\/\/www.caudete.org\/ayuntamiento\/wp-content\/uploads\/2024\/06\/Cartel-taller.jpg 1600w, https:\/\/www.caudete.org\/ayuntamiento\/wp-content\/uploads\/2024\/06\/Cartel-taller-240x300.jpg 240w, https:\/\/www.caudete.org\/ayuntamiento\/wp-content\/uploads\/2024\/06\/Cartel-taller-819x1024.jpg 819w, https:\/\/www.caudete.org\/ayuntamiento\/wp-content\/uploads\/2024\/06\/Cartel-taller-768x960.jpg 768w, https:\/\/www.caudete.org\/ayuntamiento\/wp-content\/uploads\/2024\/06\/Cartel-taller-1229x1536.jpg 1229w\" sizes=\"(max-width: 1600px) 100vw, 1600px\" \/><\/p>\n","protected":false},"excerpt":{"rendered":"<p>La edil de Igualdad Social, Mar\u00eda Mart\u00ednez Garc\u00eda,\u00a0 informa que el Ayuntamiento de Caudete, a trav\u00e9s del Centro de la Mujer ha impulsado y coordinado el Proyecto \u201cLIBERTAD-IMAGEN FIGURATIVA CONTRA LA VIOLENCIA HACIA LAS MUJERES\u201d con\u00a0 cargo a la subvenci\u00f3n recibida de los fondos del Pacto de Estado contra la violencia de G\u00e9nero. Para\u00a0 la &hellip;<\/p>\n","protected":false},"author":5,"featured_media":25289,"comment_status":"closed","ping_status":"open","sticky":false,"template":"","format":"standard","meta":{"ngg_post_thumbnail":0,"footnotes":""},"categories":[522],"tags":[],"class_list":["post-25287","post","type-post","status-publish","format-standard","has-post-thumbnail","hentry","category-igualdad"],"yoast_head":"<!-- This site is optimized with the Yoast SEO plugin v27.5 - https:\/\/yoast.com\/product\/yoast-seo-wordpress\/ -->\n<title>Taller participativo a cargo de Joaqu\u00edn Llorens &quot;Libertad-Imagen figurativa contra la violencia hacia las mujeres&quot; - MI Ayuntamiento de Caudete<\/title>\n<meta name=\"description\" content=\"P\u00e1gina Oficial del Ayuntamiento de Caudete (Albacete)\" \/>\n<meta name=\"robots\" content=\"index, follow, max-snippet:-1, max-image-preview:large, max-video-preview:-1\" \/>\n<link rel=\"canonical\" href=\"https:\/\/www.caudete.org\/ayuntamiento\/taller-participativo-a-cargo-de-joaquin-llorens-libertad-imagen-figurativa-contra-la-violencia-hacia-las-mujeres\/\" \/>\n<meta property=\"og:locale\" content=\"es_ES\" \/>\n<meta property=\"og:type\" content=\"article\" \/>\n<meta property=\"og:title\" content=\"Taller participativo a cargo de Joaqu\u00edn Llorens &quot;Libertad-Imagen figurativa contra la violencia hacia las mujeres&quot; - MI Ayuntamiento de Caudete\" \/>\n<meta property=\"og:description\" content=\"P\u00e1gina Oficial del Ayuntamiento de Caudete (Albacete)\" \/>\n<meta property=\"og:url\" content=\"https:\/\/www.caudete.org\/ayuntamiento\/taller-participativo-a-cargo-de-joaquin-llorens-libertad-imagen-figurativa-contra-la-violencia-hacia-las-mujeres\/\" \/>\n<meta property=\"og:site_name\" content=\"MI Ayuntamiento de Caudete\" \/>\n<meta property=\"article:publisher\" content=\"https:\/\/www.facebook.com\/ayuntamientocaudete\/\" \/>\n<meta property=\"article:published_time\" content=\"2024-06-14T09:30:38+00:00\" \/>\n<meta property=\"article:modified_time\" content=\"2024-06-20T06:38:44+00:00\" \/>\n<meta property=\"og:image\" content=\"https:\/\/www.caudete.org\/ayuntamiento\/wp-content\/uploads\/2024\/06\/Cartel-taller-cart.jpg\" \/>\n\t<meta property=\"og:image:width\" content=\"1600\" \/>\n\t<meta property=\"og:image:height\" content=\"522\" \/>\n\t<meta property=\"og:image:type\" content=\"image\/jpeg\" \/>\n<meta name=\"author\" content=\"Dpto Informatica MI Ayuntamiento de Caudete\" \/>\n<meta name=\"twitter:card\" content=\"summary_large_image\" \/>\n<meta name=\"twitter:label1\" content=\"Escrito por\" \/>\n\t<meta name=\"twitter:data1\" content=\"Dpto Informatica MI Ayuntamiento de Caudete\" \/>\n\t<meta name=\"twitter:label2\" content=\"Tiempo de lectura\" \/>\n\t<meta name=\"twitter:data2\" content=\"2 minutos\" \/>\n<script type=\"application\/ld+json\" class=\"yoast-schema-graph\">{\"@context\":\"https:\\\/\\\/schema.org\",\"@graph\":[{\"@type\":\"Article\",\"@id\":\"https:\\\/\\\/www.caudete.org\\\/ayuntamiento\\\/taller-participativo-a-cargo-de-joaquin-llorens-libertad-imagen-figurativa-contra-la-violencia-hacia-las-mujeres\\\/#article\",\"isPartOf\":{\"@id\":\"https:\\\/\\\/www.caudete.org\\\/ayuntamiento\\\/taller-participativo-a-cargo-de-joaquin-llorens-libertad-imagen-figurativa-contra-la-violencia-hacia-las-mujeres\\\/\"},\"author\":{\"name\":\"Dpto Informatica MI Ayuntamiento de Caudete\",\"@id\":\"https:\\\/\\\/www.caudete.org\\\/ayuntamiento\\\/#\\\/schema\\\/person\\\/4b9eab41761957db9b1bf9c418d1ef46\"},\"headline\":\"Taller participativo a cargo de Joaqu\u00edn Llorens &#8220;Libertad-Imagen figurativa contra la violencia hacia las mujeres&#8221;\",\"datePublished\":\"2024-06-14T09:30:38+00:00\",\"dateModified\":\"2024-06-20T06:38:44+00:00\",\"mainEntityOfPage\":{\"@id\":\"https:\\\/\\\/www.caudete.org\\\/ayuntamiento\\\/taller-participativo-a-cargo-de-joaquin-llorens-libertad-imagen-figurativa-contra-la-violencia-hacia-las-mujeres\\\/\"},\"wordCount\":188,\"publisher\":{\"@id\":\"https:\\\/\\\/www.caudete.org\\\/ayuntamiento\\\/#organization\"},\"image\":{\"@id\":\"https:\\\/\\\/www.caudete.org\\\/ayuntamiento\\\/taller-participativo-a-cargo-de-joaquin-llorens-libertad-imagen-figurativa-contra-la-violencia-hacia-las-mujeres\\\/#primaryimage\"},\"thumbnailUrl\":\"https:\\\/\\\/www.caudete.org\\\/ayuntamiento\\\/wp-content\\\/uploads\\\/2024\\\/06\\\/Cartel-taller-cart.jpg\",\"articleSection\":[\"Igualdad\"],\"inLanguage\":\"es\"},{\"@type\":\"WebPage\",\"@id\":\"https:\\\/\\\/www.caudete.org\\\/ayuntamiento\\\/taller-participativo-a-cargo-de-joaquin-llorens-libertad-imagen-figurativa-contra-la-violencia-hacia-las-mujeres\\\/\",\"url\":\"https:\\\/\\\/www.caudete.org\\\/ayuntamiento\\\/taller-participativo-a-cargo-de-joaquin-llorens-libertad-imagen-figurativa-contra-la-violencia-hacia-las-mujeres\\\/\",\"name\":\"Taller participativo a cargo de Joaqu\u00edn Llorens \\\"Libertad-Imagen figurativa contra la violencia hacia las mujeres\\\" - MI Ayuntamiento de Caudete\",\"isPartOf\":{\"@id\":\"https:\\\/\\\/www.caudete.org\\\/ayuntamiento\\\/#website\"},\"primaryImageOfPage\":{\"@id\":\"https:\\\/\\\/www.caudete.org\\\/ayuntamiento\\\/taller-participativo-a-cargo-de-joaquin-llorens-libertad-imagen-figurativa-contra-la-violencia-hacia-las-mujeres\\\/#primaryimage\"},\"image\":{\"@id\":\"https:\\\/\\\/www.caudete.org\\\/ayuntamiento\\\/taller-participativo-a-cargo-de-joaquin-llorens-libertad-imagen-figurativa-contra-la-violencia-hacia-las-mujeres\\\/#primaryimage\"},\"thumbnailUrl\":\"https:\\\/\\\/www.caudete.org\\\/ayuntamiento\\\/wp-content\\\/uploads\\\/2024\\\/06\\\/Cartel-taller-cart.jpg\",\"datePublished\":\"2024-06-14T09:30:38+00:00\",\"dateModified\":\"2024-06-20T06:38:44+00:00\",\"description\":\"P\u00e1gina Oficial del Ayuntamiento de Caudete (Albacete)\",\"breadcrumb\":{\"@id\":\"https:\\\/\\\/www.caudete.org\\\/ayuntamiento\\\/taller-participativo-a-cargo-de-joaquin-llorens-libertad-imagen-figurativa-contra-la-violencia-hacia-las-mujeres\\\/#breadcrumb\"},\"inLanguage\":\"es\",\"potentialAction\":[{\"@type\":\"ReadAction\",\"target\":[\"https:\\\/\\\/www.caudete.org\\\/ayuntamiento\\\/taller-participativo-a-cargo-de-joaquin-llorens-libertad-imagen-figurativa-contra-la-violencia-hacia-las-mujeres\\\/\"]}]},{\"@type\":\"ImageObject\",\"inLanguage\":\"es\",\"@id\":\"https:\\\/\\\/www.caudete.org\\\/ayuntamiento\\\/taller-participativo-a-cargo-de-joaquin-llorens-libertad-imagen-figurativa-contra-la-violencia-hacia-las-mujeres\\\/#primaryimage\",\"url\":\"https:\\\/\\\/www.caudete.org\\\/ayuntamiento\\\/wp-content\\\/uploads\\\/2024\\\/06\\\/Cartel-taller-cart.jpg\",\"contentUrl\":\"https:\\\/\\\/www.caudete.org\\\/ayuntamiento\\\/wp-content\\\/uploads\\\/2024\\\/06\\\/Cartel-taller-cart.jpg\",\"width\":1600,\"height\":522},{\"@type\":\"BreadcrumbList\",\"@id\":\"https:\\\/\\\/www.caudete.org\\\/ayuntamiento\\\/taller-participativo-a-cargo-de-joaquin-llorens-libertad-imagen-figurativa-contra-la-violencia-hacia-las-mujeres\\\/#breadcrumb\",\"itemListElement\":[{\"@type\":\"ListItem\",\"position\":1,\"name\":\"Inicio\",\"item\":\"https:\\\/\\\/www.caudete.org\\\/ayuntamiento\\\/\"},{\"@type\":\"ListItem\",\"position\":2,\"name\":\"Taller participativo a cargo de Joaqu\u00edn Llorens &#8220;Libertad-Imagen figurativa contra la violencia hacia las mujeres&#8221;\"}]},{\"@type\":\"WebSite\",\"@id\":\"https:\\\/\\\/www.caudete.org\\\/ayuntamiento\\\/#website\",\"url\":\"https:\\\/\\\/www.caudete.org\\\/ayuntamiento\\\/\",\"name\":\"MI Ayuntamiento de Caudete\",\"description\":\"P\u00e1gina Oficial del MI Ayuntamiento de Caudete\",\"publisher\":{\"@id\":\"https:\\\/\\\/www.caudete.org\\\/ayuntamiento\\\/#organization\"},\"potentialAction\":[{\"@type\":\"SearchAction\",\"target\":{\"@type\":\"EntryPoint\",\"urlTemplate\":\"https:\\\/\\\/www.caudete.org\\\/ayuntamiento\\\/?s={search_term_string}\"},\"query-input\":{\"@type\":\"PropertyValueSpecification\",\"valueRequired\":true,\"valueName\":\"search_term_string\"}}],\"inLanguage\":\"es\"},{\"@type\":\"Organization\",\"@id\":\"https:\\\/\\\/www.caudete.org\\\/ayuntamiento\\\/#organization\",\"name\":\"Ayuntamiento de Caudete\",\"url\":\"https:\\\/\\\/www.caudete.org\\\/ayuntamiento\\\/\",\"logo\":{\"@type\":\"ImageObject\",\"inLanguage\":\"es\",\"@id\":\"https:\\\/\\\/www.caudete.org\\\/ayuntamiento\\\/#\\\/schema\\\/logo\\\/image\\\/\",\"url\":\"https:\\\/\\\/www.caudete.org\\\/ayuntamiento\\\/wp-content\\\/uploads\\\/2020\\\/11\\\/logo_ayuntamiento_caudete.jpg\",\"contentUrl\":\"https:\\\/\\\/www.caudete.org\\\/ayuntamiento\\\/wp-content\\\/uploads\\\/2020\\\/11\\\/logo_ayuntamiento_caudete.jpg\",\"width\":600,\"height\":150,\"caption\":\"Ayuntamiento de Caudete\"},\"image\":{\"@id\":\"https:\\\/\\\/www.caudete.org\\\/ayuntamiento\\\/#\\\/schema\\\/logo\\\/image\\\/\"},\"sameAs\":[\"https:\\\/\\\/www.facebook.com\\\/ayuntamientocaudete\\\/\",\"https:\\\/\\\/www.youtube.com\\\/channel\\\/UC6VztHaooNsGpw-tNoBEFnQ\"]},{\"@type\":\"Person\",\"@id\":\"https:\\\/\\\/www.caudete.org\\\/ayuntamiento\\\/#\\\/schema\\\/person\\\/4b9eab41761957db9b1bf9c418d1ef46\",\"name\":\"Dpto Informatica MI Ayuntamiento de Caudete\",\"image\":{\"@type\":\"ImageObject\",\"inLanguage\":\"es\",\"@id\":\"https:\\\/\\\/secure.gravatar.com\\\/avatar\\\/ac0321ee4a0a83e82a253e7b2d348ef539e2c8fe16d06b600bde04de1b364fa7?s=96&d=mm&r=g\",\"url\":\"https:\\\/\\\/secure.gravatar.com\\\/avatar\\\/ac0321ee4a0a83e82a253e7b2d348ef539e2c8fe16d06b600bde04de1b364fa7?s=96&d=mm&r=g\",\"contentUrl\":\"https:\\\/\\\/secure.gravatar.com\\\/avatar\\\/ac0321ee4a0a83e82a253e7b2d348ef539e2c8fe16d06b600bde04de1b364fa7?s=96&d=mm&r=g\",\"caption\":\"Dpto Informatica MI Ayuntamiento de Caudete\"},\"url\":\"https:\\\/\\\/www.caudete.org\\\/ayuntamiento\\\/author\\\/informatica\\\/\"}]}<\/script>\n<!-- \/ Yoast SEO plugin. -->","yoast_head_json":{"title":"Taller participativo a cargo de Joaqu\u00edn Llorens \"Libertad-Imagen figurativa contra la violencia hacia las mujeres\" - MI Ayuntamiento de Caudete","description":"P\u00e1gina Oficial del Ayuntamiento de Caudete (Albacete)","robots":{"index":"index","follow":"follow","max-snippet":"max-snippet:-1","max-image-preview":"max-image-preview:large","max-video-preview":"max-video-preview:-1"},"canonical":"https:\/\/www.caudete.org\/ayuntamiento\/taller-participativo-a-cargo-de-joaquin-llorens-libertad-imagen-figurativa-contra-la-violencia-hacia-las-mujeres\/","og_locale":"es_ES","og_type":"article","og_title":"Taller participativo a cargo de Joaqu\u00edn Llorens \"Libertad-Imagen figurativa contra la violencia hacia las mujeres\" - MI Ayuntamiento de Caudete","og_description":"P\u00e1gina Oficial del Ayuntamiento de Caudete (Albacete)","og_url":"https:\/\/www.caudete.org\/ayuntamiento\/taller-participativo-a-cargo-de-joaquin-llorens-libertad-imagen-figurativa-contra-la-violencia-hacia-las-mujeres\/","og_site_name":"MI Ayuntamiento de Caudete","article_publisher":"https:\/\/www.facebook.com\/ayuntamientocaudete\/","article_published_time":"2024-06-14T09:30:38+00:00","article_modified_time":"2024-06-20T06:38:44+00:00","og_image":[{"width":1600,"height":522,"url":"https:\/\/www.caudete.org\/ayuntamiento\/wp-content\/uploads\/2024\/06\/Cartel-taller-cart.jpg","type":"image\/jpeg"}],"author":"Dpto Informatica MI Ayuntamiento de Caudete","twitter_card":"summary_large_image","twitter_misc":{"Escrito por":"Dpto Informatica MI Ayuntamiento de Caudete","Tiempo de lectura":"2 minutos"},"schema":{"@context":"https:\/\/schema.org","@graph":[{"@type":"Article","@id":"https:\/\/www.caudete.org\/ayuntamiento\/taller-participativo-a-cargo-de-joaquin-llorens-libertad-imagen-figurativa-contra-la-violencia-hacia-las-mujeres\/#article","isPartOf":{"@id":"https:\/\/www.caudete.org\/ayuntamiento\/taller-participativo-a-cargo-de-joaquin-llorens-libertad-imagen-figurativa-contra-la-violencia-hacia-las-mujeres\/"},"author":{"name":"Dpto Informatica MI Ayuntamiento de Caudete","@id":"https:\/\/www.caudete.org\/ayuntamiento\/#\/schema\/person\/4b9eab41761957db9b1bf9c418d1ef46"},"headline":"Taller participativo a cargo de Joaqu\u00edn Llorens &#8220;Libertad-Imagen figurativa contra la violencia hacia las mujeres&#8221;","datePublished":"2024-06-14T09:30:38+00:00","dateModified":"2024-06-20T06:38:44+00:00","mainEntityOfPage":{"@id":"https:\/\/www.caudete.org\/ayuntamiento\/taller-participativo-a-cargo-de-joaquin-llorens-libertad-imagen-figurativa-contra-la-violencia-hacia-las-mujeres\/"},"wordCount":188,"publisher":{"@id":"https:\/\/www.caudete.org\/ayuntamiento\/#organization"},"image":{"@id":"https:\/\/www.caudete.org\/ayuntamiento\/taller-participativo-a-cargo-de-joaquin-llorens-libertad-imagen-figurativa-contra-la-violencia-hacia-las-mujeres\/#primaryimage"},"thumbnailUrl":"https:\/\/www.caudete.org\/ayuntamiento\/wp-content\/uploads\/2024\/06\/Cartel-taller-cart.jpg","articleSection":["Igualdad"],"inLanguage":"es"},{"@type":"WebPage","@id":"https:\/\/www.caudete.org\/ayuntamiento\/taller-participativo-a-cargo-de-joaquin-llorens-libertad-imagen-figurativa-contra-la-violencia-hacia-las-mujeres\/","url":"https:\/\/www.caudete.org\/ayuntamiento\/taller-participativo-a-cargo-de-joaquin-llorens-libertad-imagen-figurativa-contra-la-violencia-hacia-las-mujeres\/","name":"Taller participativo a cargo de Joaqu\u00edn Llorens \"Libertad-Imagen figurativa contra la violencia hacia las mujeres\" - MI Ayuntamiento de Caudete","isPartOf":{"@id":"https:\/\/www.caudete.org\/ayuntamiento\/#website"},"primaryImageOfPage":{"@id":"https:\/\/www.caudete.org\/ayuntamiento\/taller-participativo-a-cargo-de-joaquin-llorens-libertad-imagen-figurativa-contra-la-violencia-hacia-las-mujeres\/#primaryimage"},"image":{"@id":"https:\/\/www.caudete.org\/ayuntamiento\/taller-participativo-a-cargo-de-joaquin-llorens-libertad-imagen-figurativa-contra-la-violencia-hacia-las-mujeres\/#primaryimage"},"thumbnailUrl":"https:\/\/www.caudete.org\/ayuntamiento\/wp-content\/uploads\/2024\/06\/Cartel-taller-cart.jpg","datePublished":"2024-06-14T09:30:38+00:00","dateModified":"2024-06-20T06:38:44+00:00","description":"P\u00e1gina Oficial del Ayuntamiento de Caudete (Albacete)","breadcrumb":{"@id":"https:\/\/www.caudete.org\/ayuntamiento\/taller-participativo-a-cargo-de-joaquin-llorens-libertad-imagen-figurativa-contra-la-violencia-hacia-las-mujeres\/#breadcrumb"},"inLanguage":"es","potentialAction":[{"@type":"ReadAction","target":["https:\/\/www.caudete.org\/ayuntamiento\/taller-participativo-a-cargo-de-joaquin-llorens-libertad-imagen-figurativa-contra-la-violencia-hacia-las-mujeres\/"]}]},{"@type":"ImageObject","inLanguage":"es","@id":"https:\/\/www.caudete.org\/ayuntamiento\/taller-participativo-a-cargo-de-joaquin-llorens-libertad-imagen-figurativa-contra-la-violencia-hacia-las-mujeres\/#primaryimage","url":"https:\/\/www.caudete.org\/ayuntamiento\/wp-content\/uploads\/2024\/06\/Cartel-taller-cart.jpg","contentUrl":"https:\/\/www.caudete.org\/ayuntamiento\/wp-content\/uploads\/2024\/06\/Cartel-taller-cart.jpg","width":1600,"height":522},{"@type":"BreadcrumbList","@id":"https:\/\/www.caudete.org\/ayuntamiento\/taller-participativo-a-cargo-de-joaquin-llorens-libertad-imagen-figurativa-contra-la-violencia-hacia-las-mujeres\/#breadcrumb","itemListElement":[{"@type":"ListItem","position":1,"name":"Inicio","item":"https:\/\/www.caudete.org\/ayuntamiento\/"},{"@type":"ListItem","position":2,"name":"Taller participativo a cargo de Joaqu\u00edn Llorens &#8220;Libertad-Imagen figurativa contra la violencia hacia las mujeres&#8221;"}]},{"@type":"WebSite","@id":"https:\/\/www.caudete.org\/ayuntamiento\/#website","url":"https:\/\/www.caudete.org\/ayuntamiento\/","name":"MI Ayuntamiento de Caudete","description":"P\u00e1gina Oficial del MI Ayuntamiento de Caudete","publisher":{"@id":"https:\/\/www.caudete.org\/ayuntamiento\/#organization"},"potentialAction":[{"@type":"SearchAction","target":{"@type":"EntryPoint","urlTemplate":"https:\/\/www.caudete.org\/ayuntamiento\/?s={search_term_string}"},"query-input":{"@type":"PropertyValueSpecification","valueRequired":true,"valueName":"search_term_string"}}],"inLanguage":"es"},{"@type":"Organization","@id":"https:\/\/www.caudete.org\/ayuntamiento\/#organization","name":"Ayuntamiento de Caudete","url":"https:\/\/www.caudete.org\/ayuntamiento\/","logo":{"@type":"ImageObject","inLanguage":"es","@id":"https:\/\/www.caudete.org\/ayuntamiento\/#\/schema\/logo\/image\/","url":"https:\/\/www.caudete.org\/ayuntamiento\/wp-content\/uploads\/2020\/11\/logo_ayuntamiento_caudete.jpg","contentUrl":"https:\/\/www.caudete.org\/ayuntamiento\/wp-content\/uploads\/2020\/11\/logo_ayuntamiento_caudete.jpg","width":600,"height":150,"caption":"Ayuntamiento de Caudete"},"image":{"@id":"https:\/\/www.caudete.org\/ayuntamiento\/#\/schema\/logo\/image\/"},"sameAs":["https:\/\/www.facebook.com\/ayuntamientocaudete\/","https:\/\/www.youtube.com\/channel\/UC6VztHaooNsGpw-tNoBEFnQ"]},{"@type":"Person","@id":"https:\/\/www.caudete.org\/ayuntamiento\/#\/schema\/person\/4b9eab41761957db9b1bf9c418d1ef46","name":"Dpto Informatica MI Ayuntamiento de Caudete","image":{"@type":"ImageObject","inLanguage":"es","@id":"https:\/\/secure.gravatar.com\/avatar\/ac0321ee4a0a83e82a253e7b2d348ef539e2c8fe16d06b600bde04de1b364fa7?s=96&d=mm&r=g","url":"https:\/\/secure.gravatar.com\/avatar\/ac0321ee4a0a83e82a253e7b2d348ef539e2c8fe16d06b600bde04de1b364fa7?s=96&d=mm&r=g","contentUrl":"https:\/\/secure.gravatar.com\/avatar\/ac0321ee4a0a83e82a253e7b2d348ef539e2c8fe16d06b600bde04de1b364fa7?s=96&d=mm&r=g","caption":"Dpto Informatica MI Ayuntamiento de Caudete"},"url":"https:\/\/www.caudete.org\/ayuntamiento\/author\/informatica\/"}]}},"_links":{"self":[{"href":"https:\/\/www.caudete.org\/ayuntamiento\/wp-json\/wp\/v2\/posts\/25287","targetHints":{"allow":["GET"]}}],"collection":[{"href":"https:\/\/www.caudete.org\/ayuntamiento\/wp-json\/wp\/v2\/posts"}],"about":[{"href":"https:\/\/www.caudete.org\/ayuntamiento\/wp-json\/wp\/v2\/types\/post"}],"author":[{"embeddable":true,"href":"https:\/\/www.caudete.org\/ayuntamiento\/wp-json\/wp\/v2\/users\/5"}],"replies":[{"embeddable":true,"href":"https:\/\/www.caudete.org\/ayuntamiento\/wp-json\/wp\/v2\/comments?post=25287"}],"version-history":[{"count":2,"href":"https:\/\/www.caudete.org\/ayuntamiento\/wp-json\/wp\/v2\/posts\/25287\/revisions"}],"predecessor-version":[{"id":25292,"href":"https:\/\/www.caudete.org\/ayuntamiento\/wp-json\/wp\/v2\/posts\/25287\/revisions\/25292"}],"wp:featuredmedia":[{"embeddable":true,"href":"https:\/\/www.caudete.org\/ayuntamiento\/wp-json\/wp\/v2\/media\/25289"}],"wp:attachment":[{"href":"https:\/\/www.caudete.org\/ayuntamiento\/wp-json\/wp\/v2\/media?parent=25287"}],"wp:term":[{"taxonomy":"category","embeddable":true,"href":"https:\/\/www.caudete.org\/ayuntamiento\/wp-json\/wp\/v2\/categories?post=25287"},{"taxonomy":"post_tag","embeddable":true,"href":"https:\/\/www.caudete.org\/ayuntamiento\/wp-json\/wp\/v2\/tags?post=25287"}],"curies":[{"name":"wp","href":"https:\/\/api.w.org\/{rel}","templated":true}]}}