{"id":25300,"date":"2024-06-17T10:02:01","date_gmt":"2024-06-17T08:02:01","guid":{"rendered":"https:\/\/www.caudete.org\/ayuntamiento\/?p=25300"},"modified":"2024-06-17T10:04:03","modified_gmt":"2024-06-17T08:04:03","slug":"las-maquinas-de-la-mancomunidad-continuaran-arreglando-caminos-tras-las-fuertes-lluvias","status":"publish","type":"post","link":"https:\/\/www.caudete.org\/ayuntamiento\/las-maquinas-de-la-mancomunidad-continuaran-arreglando-caminos-tras-las-fuertes-lluvias\/","title":{"rendered":"Las m\u00e1quinas de la Mancomunidad continuar\u00e1n arreglando caminos tras las fuertes lluvias"},"content":{"rendered":"<p>El concejal de Medio Ambiente acuerda con la mancomunidad de Montearag\u00f3n que se quede en Caudete hasta restablecer todos los caminos rurales afectados por las lluvias, o recibir ayuda por parte de la Diputaci\u00f3n<\/p>\n<p>Caudete, una vez m\u00e1s, ha sufrido las consecuencias de las fuertes lluvias. La peor parte se la han llevado los caminos rurales de, pr\u00e1cticamente, todo el t\u00e9rmino, que han quedado parcial o totalmente destruidos. Varios tramos son intransitables para muchos de nuestros vecinos, que los frecuentan habitualmente para acceder a sus parcelas. Casualmente, hac\u00eda s\u00f3lo dos d\u00edas que las m\u00e1quinas de la mancomunidad hab\u00edan terminado las acciones de mantenimiento y reparaci\u00f3n y se dispon\u00edan a marcharse a la siguiente localidad.<\/p>\n<p>El concejal de Medio Ambiente, Francisco Jos\u00e9 Castell\u00f3, confirma que aunque ya se hayan consumido las horas pertenecientes a Caudete, las m\u00e1quinas no se marchar\u00e1n hasta que todos los caminos sean transitables. Dos equipos trabajan a marchas forzadas para restablecer la normalidad debido a la situaci\u00f3n de emergencia que se ha producido.<\/p>\n<p>La r\u00e1pida actuaci\u00f3n ha hecho que algunos vecinos se acerquen al Ayuntamiento para agradecer la labor desempe\u00f1ada. A los que todav\u00eda siguen afectados y solicitan la reparaci\u00f3n de sus caminos, les pedimos paciencia, atenderemos a todos los afectados.<\/p>\n<p style=\"text-align: center;\"><em>Comunicado de Francisco Castell\u00f3 Castell\u00f3<br \/>\n<\/em><strong><em><u>Concejal de Medio Ambiente<\/u><\/em><\/strong><\/p>\n<p>&nbsp;<\/p>\n","protected":false},"excerpt":{"rendered":"<p>El concejal de Medio Ambiente acuerda con la mancomunidad de Montearag\u00f3n que se quede en Caudete hasta restablecer todos los caminos rurales afectados por las lluvias, o recibir ayuda por parte de la Diputaci\u00f3n Caudete, una vez m\u00e1s, ha sufrido las consecuencias de las fuertes lluvias. La peor parte se la han llevado los caminos &hellip;<\/p>\n","protected":false},"author":5,"featured_media":25302,"comment_status":"closed","ping_status":"open","sticky":false,"template":"","format":"standard","meta":{"ngg_post_thumbnail":0,"footnotes":""},"categories":[29],"tags":[],"class_list":["post-25300","post","type-post","status-publish","format-standard","has-post-thumbnail","hentry","category-medio-ambiente"],"yoast_head":"<!-- This site is optimized with the Yoast SEO plugin v27.5 - https:\/\/yoast.com\/product\/yoast-seo-wordpress\/ -->\n<title>Las m\u00e1quinas de la Mancomunidad continuar\u00e1n arreglando caminos tras las fuertes lluvias - MI Ayuntamiento de Caudete<\/title>\n<meta name=\"description\" content=\"P\u00e1gina Oficial del Ayuntamiento de Caudete (Albacete)\" \/>\n<meta name=\"robots\" content=\"index, follow, max-snippet:-1, max-image-preview:large, max-video-preview:-1\" \/>\n<link rel=\"canonical\" href=\"https:\/\/www.caudete.org\/ayuntamiento\/las-maquinas-de-la-mancomunidad-continuaran-arreglando-caminos-tras-las-fuertes-lluvias\/\" \/>\n<meta property=\"og:locale\" content=\"es_ES\" \/>\n<meta property=\"og:type\" content=\"article\" \/>\n<meta property=\"og:title\" content=\"Las m\u00e1quinas de la Mancomunidad continuar\u00e1n arreglando caminos tras las fuertes lluvias - MI Ayuntamiento de Caudete\" \/>\n<meta property=\"og:description\" content=\"P\u00e1gina Oficial del Ayuntamiento de Caudete (Albacete)\" \/>\n<meta property=\"og:url\" content=\"https:\/\/www.caudete.org\/ayuntamiento\/las-maquinas-de-la-mancomunidad-continuaran-arreglando-caminos-tras-las-fuertes-lluvias\/\" \/>\n<meta property=\"og:site_name\" content=\"MI Ayuntamiento de Caudete\" \/>\n<meta property=\"article:publisher\" content=\"https:\/\/www.facebook.com\/ayuntamientocaudete\/\" \/>\n<meta property=\"article:published_time\" content=\"2024-06-17T08:02:01+00:00\" \/>\n<meta property=\"article:modified_time\" content=\"2024-06-17T08:04:03+00:00\" \/>\n<meta property=\"og:image\" content=\"https:\/\/www.caudete.org\/ayuntamiento\/wp-content\/uploads\/2024\/06\/WhatsApp-Image-2024-06-17-at-10.03.33.jpeg\" \/>\n\t<meta property=\"og:image:width\" content=\"1920\" \/>\n\t<meta property=\"og:image:height\" content=\"1080\" \/>\n\t<meta property=\"og:image:type\" content=\"image\/jpeg\" \/>\n<meta name=\"author\" content=\"Dpto Informatica MI Ayuntamiento de Caudete\" \/>\n<meta name=\"twitter:card\" content=\"summary_large_image\" \/>\n<meta name=\"twitter:label1\" content=\"Escrito por\" \/>\n\t<meta name=\"twitter:data1\" content=\"Dpto Informatica MI Ayuntamiento de Caudete\" \/>\n\t<meta name=\"twitter:label2\" content=\"Tiempo de lectura\" \/>\n\t<meta name=\"twitter:data2\" content=\"1 minuto\" \/>\n<script type=\"application\/ld+json\" class=\"yoast-schema-graph\">{\"@context\":\"https:\\\/\\\/schema.org\",\"@graph\":[{\"@type\":\"Article\",\"@id\":\"https:\\\/\\\/www.caudete.org\\\/ayuntamiento\\\/las-maquinas-de-la-mancomunidad-continuaran-arreglando-caminos-tras-las-fuertes-lluvias\\\/#article\",\"isPartOf\":{\"@id\":\"https:\\\/\\\/www.caudete.org\\\/ayuntamiento\\\/las-maquinas-de-la-mancomunidad-continuaran-arreglando-caminos-tras-las-fuertes-lluvias\\\/\"},\"author\":{\"name\":\"Dpto Informatica MI Ayuntamiento de Caudete\",\"@id\":\"https:\\\/\\\/www.caudete.org\\\/ayuntamiento\\\/#\\\/schema\\\/person\\\/4b9eab41761957db9b1bf9c418d1ef46\"},\"headline\":\"Las m\u00e1quinas de la Mancomunidad continuar\u00e1n arreglando caminos tras las fuertes lluvias\",\"datePublished\":\"2024-06-17T08:02:01+00:00\",\"dateModified\":\"2024-06-17T08:04:03+00:00\",\"mainEntityOfPage\":{\"@id\":\"https:\\\/\\\/www.caudete.org\\\/ayuntamiento\\\/las-maquinas-de-la-mancomunidad-continuaran-arreglando-caminos-tras-las-fuertes-lluvias\\\/\"},\"wordCount\":248,\"image\":{\"@id\":\"https:\\\/\\\/www.caudete.org\\\/ayuntamiento\\\/las-maquinas-de-la-mancomunidad-continuaran-arreglando-caminos-tras-las-fuertes-lluvias\\\/#primaryimage\"},\"thumbnailUrl\":\"https:\\\/\\\/www.caudete.org\\\/ayuntamiento\\\/wp-content\\\/uploads\\\/2024\\\/06\\\/WhatsApp-Image-2024-06-17-at-10.03.33.jpeg\",\"articleSection\":[\"Medio Ambiente\"],\"inLanguage\":\"es\"},{\"@type\":\"WebPage\",\"@id\":\"https:\\\/\\\/www.caudete.org\\\/ayuntamiento\\\/las-maquinas-de-la-mancomunidad-continuaran-arreglando-caminos-tras-las-fuertes-lluvias\\\/\",\"url\":\"https:\\\/\\\/www.caudete.org\\\/ayuntamiento\\\/las-maquinas-de-la-mancomunidad-continuaran-arreglando-caminos-tras-las-fuertes-lluvias\\\/\",\"name\":\"Las m\u00e1quinas de la Mancomunidad continuar\u00e1n arreglando caminos tras las fuertes lluvias - MI Ayuntamiento de Caudete\",\"isPartOf\":{\"@id\":\"https:\\\/\\\/www.caudete.org\\\/ayuntamiento\\\/#website\"},\"primaryImageOfPage\":{\"@id\":\"https:\\\/\\\/www.caudete.org\\\/ayuntamiento\\\/las-maquinas-de-la-mancomunidad-continuaran-arreglando-caminos-tras-las-fuertes-lluvias\\\/#primaryimage\"},\"image\":{\"@id\":\"https:\\\/\\\/www.caudete.org\\\/ayuntamiento\\\/las-maquinas-de-la-mancomunidad-continuaran-arreglando-caminos-tras-las-fuertes-lluvias\\\/#primaryimage\"},\"thumbnailUrl\":\"https:\\\/\\\/www.caudete.org\\\/ayuntamiento\\\/wp-content\\\/uploads\\\/2024\\\/06\\\/WhatsApp-Image-2024-06-17-at-10.03.33.jpeg\",\"datePublished\":\"2024-06-17T08:02:01+00:00\",\"dateModified\":\"2024-06-17T08:04:03+00:00\",\"author\":{\"@id\":\"https:\\\/\\\/www.caudete.org\\\/ayuntamiento\\\/#\\\/schema\\\/person\\\/4b9eab41761957db9b1bf9c418d1ef46\"},\"description\":\"P\u00e1gina Oficial del Ayuntamiento de Caudete (Albacete)\",\"breadcrumb\":{\"@id\":\"https:\\\/\\\/www.caudete.org\\\/ayuntamiento\\\/las-maquinas-de-la-mancomunidad-continuaran-arreglando-caminos-tras-las-fuertes-lluvias\\\/#breadcrumb\"},\"inLanguage\":\"es\",\"potentialAction\":[{\"@type\":\"ReadAction\",\"target\":[\"https:\\\/\\\/www.caudete.org\\\/ayuntamiento\\\/las-maquinas-de-la-mancomunidad-continuaran-arreglando-caminos-tras-las-fuertes-lluvias\\\/\"]}]},{\"@type\":\"ImageObject\",\"inLanguage\":\"es\",\"@id\":\"https:\\\/\\\/www.caudete.org\\\/ayuntamiento\\\/las-maquinas-de-la-mancomunidad-continuaran-arreglando-caminos-tras-las-fuertes-lluvias\\\/#primaryimage\",\"url\":\"https:\\\/\\\/www.caudete.org\\\/ayuntamiento\\\/wp-content\\\/uploads\\\/2024\\\/06\\\/WhatsApp-Image-2024-06-17-at-10.03.33.jpeg\",\"contentUrl\":\"https:\\\/\\\/www.caudete.org\\\/ayuntamiento\\\/wp-content\\\/uploads\\\/2024\\\/06\\\/WhatsApp-Image-2024-06-17-at-10.03.33.jpeg\",\"width\":1920,\"height\":1080},{\"@type\":\"BreadcrumbList\",\"@id\":\"https:\\\/\\\/www.caudete.org\\\/ayuntamiento\\\/las-maquinas-de-la-mancomunidad-continuaran-arreglando-caminos-tras-las-fuertes-lluvias\\\/#breadcrumb\",\"itemListElement\":[{\"@type\":\"ListItem\",\"position\":1,\"name\":\"Inicio\",\"item\":\"https:\\\/\\\/www.caudete.org\\\/ayuntamiento\\\/\"},{\"@type\":\"ListItem\",\"position\":2,\"name\":\"Las m\u00e1quinas de la Mancomunidad continuar\u00e1n arreglando caminos tras las fuertes lluvias\"}]},{\"@type\":\"WebSite\",\"@id\":\"https:\\\/\\\/www.caudete.org\\\/ayuntamiento\\\/#website\",\"url\":\"https:\\\/\\\/www.caudete.org\\\/ayuntamiento\\\/\",\"name\":\"MI Ayuntamiento de Caudete\",\"description\":\"P\u00e1gina Oficial del MI Ayuntamiento de Caudete\",\"potentialAction\":[{\"@type\":\"SearchAction\",\"target\":{\"@type\":\"EntryPoint\",\"urlTemplate\":\"https:\\\/\\\/www.caudete.org\\\/ayuntamiento\\\/?s={search_term_string}\"},\"query-input\":{\"@type\":\"PropertyValueSpecification\",\"valueRequired\":true,\"valueName\":\"search_term_string\"}}],\"inLanguage\":\"es\"},{\"@type\":\"Person\",\"@id\":\"https:\\\/\\\/www.caudete.org\\\/ayuntamiento\\\/#\\\/schema\\\/person\\\/4b9eab41761957db9b1bf9c418d1ef46\",\"name\":\"Dpto Informatica MI Ayuntamiento de Caudete\",\"image\":{\"@type\":\"ImageObject\",\"inLanguage\":\"es\",\"@id\":\"https:\\\/\\\/secure.gravatar.com\\\/avatar\\\/ac0321ee4a0a83e82a253e7b2d348ef539e2c8fe16d06b600bde04de1b364fa7?s=96&d=mm&r=g\",\"url\":\"https:\\\/\\\/secure.gravatar.com\\\/avatar\\\/ac0321ee4a0a83e82a253e7b2d348ef539e2c8fe16d06b600bde04de1b364fa7?s=96&d=mm&r=g\",\"contentUrl\":\"https:\\\/\\\/secure.gravatar.com\\\/avatar\\\/ac0321ee4a0a83e82a253e7b2d348ef539e2c8fe16d06b600bde04de1b364fa7?s=96&d=mm&r=g\",\"caption\":\"Dpto Informatica MI Ayuntamiento de Caudete\"},\"url\":\"https:\\\/\\\/www.caudete.org\\\/ayuntamiento\\\/author\\\/informatica\\\/\"}]}<\/script>\n<!-- \/ Yoast SEO plugin. -->","yoast_head_json":{"title":"Las m\u00e1quinas de la Mancomunidad continuar\u00e1n arreglando caminos tras las fuertes lluvias - MI Ayuntamiento de Caudete","description":"P\u00e1gina Oficial del Ayuntamiento de Caudete (Albacete)","robots":{"index":"index","follow":"follow","max-snippet":"max-snippet:-1","max-image-preview":"max-image-preview:large","max-video-preview":"max-video-preview:-1"},"canonical":"https:\/\/www.caudete.org\/ayuntamiento\/las-maquinas-de-la-mancomunidad-continuaran-arreglando-caminos-tras-las-fuertes-lluvias\/","og_locale":"es_ES","og_type":"article","og_title":"Las m\u00e1quinas de la Mancomunidad continuar\u00e1n arreglando caminos tras las fuertes lluvias - MI Ayuntamiento de Caudete","og_description":"P\u00e1gina Oficial del Ayuntamiento de Caudete (Albacete)","og_url":"https:\/\/www.caudete.org\/ayuntamiento\/las-maquinas-de-la-mancomunidad-continuaran-arreglando-caminos-tras-las-fuertes-lluvias\/","og_site_name":"MI Ayuntamiento de Caudete","article_publisher":"https:\/\/www.facebook.com\/ayuntamientocaudete\/","article_published_time":"2024-06-17T08:02:01+00:00","article_modified_time":"2024-06-17T08:04:03+00:00","og_image":[{"width":1920,"height":1080,"url":"https:\/\/www.caudete.org\/ayuntamiento\/wp-content\/uploads\/2024\/06\/WhatsApp-Image-2024-06-17-at-10.03.33.jpeg","type":"image\/jpeg"}],"author":"Dpto Informatica MI Ayuntamiento de Caudete","twitter_card":"summary_large_image","twitter_misc":{"Escrito por":"Dpto Informatica MI Ayuntamiento de Caudete","Tiempo de lectura":"1 minuto"},"schema":{"@context":"https:\/\/schema.org","@graph":[{"@type":"Article","@id":"https:\/\/www.caudete.org\/ayuntamiento\/las-maquinas-de-la-mancomunidad-continuaran-arreglando-caminos-tras-las-fuertes-lluvias\/#article","isPartOf":{"@id":"https:\/\/www.caudete.org\/ayuntamiento\/las-maquinas-de-la-mancomunidad-continuaran-arreglando-caminos-tras-las-fuertes-lluvias\/"},"author":{"name":"Dpto Informatica MI Ayuntamiento de Caudete","@id":"https:\/\/www.caudete.org\/ayuntamiento\/#\/schema\/person\/4b9eab41761957db9b1bf9c418d1ef46"},"headline":"Las m\u00e1quinas de la Mancomunidad continuar\u00e1n arreglando caminos tras las fuertes lluvias","datePublished":"2024-06-17T08:02:01+00:00","dateModified":"2024-06-17T08:04:03+00:00","mainEntityOfPage":{"@id":"https:\/\/www.caudete.org\/ayuntamiento\/las-maquinas-de-la-mancomunidad-continuaran-arreglando-caminos-tras-las-fuertes-lluvias\/"},"wordCount":248,"image":{"@id":"https:\/\/www.caudete.org\/ayuntamiento\/las-maquinas-de-la-mancomunidad-continuaran-arreglando-caminos-tras-las-fuertes-lluvias\/#primaryimage"},"thumbnailUrl":"https:\/\/www.caudete.org\/ayuntamiento\/wp-content\/uploads\/2024\/06\/WhatsApp-Image-2024-06-17-at-10.03.33.jpeg","articleSection":["Medio Ambiente"],"inLanguage":"es"},{"@type":"WebPage","@id":"https:\/\/www.caudete.org\/ayuntamiento\/las-maquinas-de-la-mancomunidad-continuaran-arreglando-caminos-tras-las-fuertes-lluvias\/","url":"https:\/\/www.caudete.org\/ayuntamiento\/las-maquinas-de-la-mancomunidad-continuaran-arreglando-caminos-tras-las-fuertes-lluvias\/","name":"Las m\u00e1quinas de la Mancomunidad continuar\u00e1n arreglando caminos tras las fuertes lluvias - MI Ayuntamiento de Caudete","isPartOf":{"@id":"https:\/\/www.caudete.org\/ayuntamiento\/#website"},"primaryImageOfPage":{"@id":"https:\/\/www.caudete.org\/ayuntamiento\/las-maquinas-de-la-mancomunidad-continuaran-arreglando-caminos-tras-las-fuertes-lluvias\/#primaryimage"},"image":{"@id":"https:\/\/www.caudete.org\/ayuntamiento\/las-maquinas-de-la-mancomunidad-continuaran-arreglando-caminos-tras-las-fuertes-lluvias\/#primaryimage"},"thumbnailUrl":"https:\/\/www.caudete.org\/ayuntamiento\/wp-content\/uploads\/2024\/06\/WhatsApp-Image-2024-06-17-at-10.03.33.jpeg","datePublished":"2024-06-17T08:02:01+00:00","dateModified":"2024-06-17T08:04:03+00:00","author":{"@id":"https:\/\/www.caudete.org\/ayuntamiento\/#\/schema\/person\/4b9eab41761957db9b1bf9c418d1ef46"},"description":"P\u00e1gina Oficial del Ayuntamiento de Caudete (Albacete)","breadcrumb":{"@id":"https:\/\/www.caudete.org\/ayuntamiento\/las-maquinas-de-la-mancomunidad-continuaran-arreglando-caminos-tras-las-fuertes-lluvias\/#breadcrumb"},"inLanguage":"es","potentialAction":[{"@type":"ReadAction","target":["https:\/\/www.caudete.org\/ayuntamiento\/las-maquinas-de-la-mancomunidad-continuaran-arreglando-caminos-tras-las-fuertes-lluvias\/"]}]},{"@type":"ImageObject","inLanguage":"es","@id":"https:\/\/www.caudete.org\/ayuntamiento\/las-maquinas-de-la-mancomunidad-continuaran-arreglando-caminos-tras-las-fuertes-lluvias\/#primaryimage","url":"https:\/\/www.caudete.org\/ayuntamiento\/wp-content\/uploads\/2024\/06\/WhatsApp-Image-2024-06-17-at-10.03.33.jpeg","contentUrl":"https:\/\/www.caudete.org\/ayuntamiento\/wp-content\/uploads\/2024\/06\/WhatsApp-Image-2024-06-17-at-10.03.33.jpeg","width":1920,"height":1080},{"@type":"BreadcrumbList","@id":"https:\/\/www.caudete.org\/ayuntamiento\/las-maquinas-de-la-mancomunidad-continuaran-arreglando-caminos-tras-las-fuertes-lluvias\/#breadcrumb","itemListElement":[{"@type":"ListItem","position":1,"name":"Inicio","item":"https:\/\/www.caudete.org\/ayuntamiento\/"},{"@type":"ListItem","position":2,"name":"Las m\u00e1quinas de la Mancomunidad continuar\u00e1n arreglando caminos tras las fuertes lluvias"}]},{"@type":"WebSite","@id":"https:\/\/www.caudete.org\/ayuntamiento\/#website","url":"https:\/\/www.caudete.org\/ayuntamiento\/","name":"MI Ayuntamiento de Caudete","description":"P\u00e1gina Oficial del MI Ayuntamiento de Caudete","potentialAction":[{"@type":"SearchAction","target":{"@type":"EntryPoint","urlTemplate":"https:\/\/www.caudete.org\/ayuntamiento\/?s={search_term_string}"},"query-input":{"@type":"PropertyValueSpecification","valueRequired":true,"valueName":"search_term_string"}}],"inLanguage":"es"},{"@type":"Person","@id":"https:\/\/www.caudete.org\/ayuntamiento\/#\/schema\/person\/4b9eab41761957db9b1bf9c418d1ef46","name":"Dpto Informatica MI Ayuntamiento de Caudete","image":{"@type":"ImageObject","inLanguage":"es","@id":"https:\/\/secure.gravatar.com\/avatar\/ac0321ee4a0a83e82a253e7b2d348ef539e2c8fe16d06b600bde04de1b364fa7?s=96&d=mm&r=g","url":"https:\/\/secure.gravatar.com\/avatar\/ac0321ee4a0a83e82a253e7b2d348ef539e2c8fe16d06b600bde04de1b364fa7?s=96&d=mm&r=g","contentUrl":"https:\/\/secure.gravatar.com\/avatar\/ac0321ee4a0a83e82a253e7b2d348ef539e2c8fe16d06b600bde04de1b364fa7?s=96&d=mm&r=g","caption":"Dpto Informatica MI Ayuntamiento de Caudete"},"url":"https:\/\/www.caudete.org\/ayuntamiento\/author\/informatica\/"}]}},"_links":{"self":[{"href":"https:\/\/www.caudete.org\/ayuntamiento\/wp-json\/wp\/v2\/posts\/25300","targetHints":{"allow":["GET"]}}],"collection":[{"href":"https:\/\/www.caudete.org\/ayuntamiento\/wp-json\/wp\/v2\/posts"}],"about":[{"href":"https:\/\/www.caudete.org\/ayuntamiento\/wp-json\/wp\/v2\/types\/post"}],"author":[{"embeddable":true,"href":"https:\/\/www.caudete.org\/ayuntamiento\/wp-json\/wp\/v2\/users\/5"}],"replies":[{"embeddable":true,"href":"https:\/\/www.caudete.org\/ayuntamiento\/wp-json\/wp\/v2\/comments?post=25300"}],"version-history":[{"count":1,"href":"https:\/\/www.caudete.org\/ayuntamiento\/wp-json\/wp\/v2\/posts\/25300\/revisions"}],"predecessor-version":[{"id":25301,"href":"https:\/\/www.caudete.org\/ayuntamiento\/wp-json\/wp\/v2\/posts\/25300\/revisions\/25301"}],"wp:featuredmedia":[{"embeddable":true,"href":"https:\/\/www.caudete.org\/ayuntamiento\/wp-json\/wp\/v2\/media\/25302"}],"wp:attachment":[{"href":"https:\/\/www.caudete.org\/ayuntamiento\/wp-json\/wp\/v2\/media?parent=25300"}],"wp:term":[{"taxonomy":"category","embeddable":true,"href":"https:\/\/www.caudete.org\/ayuntamiento\/wp-json\/wp\/v2\/categories?post=25300"},{"taxonomy":"post_tag","embeddable":true,"href":"https:\/\/www.caudete.org\/ayuntamiento\/wp-json\/wp\/v2\/tags?post=25300"}],"curies":[{"name":"wp","href":"https:\/\/api.w.org\/{rel}","templated":true}]}}