{"id":25305,"date":"2024-06-19T14:05:30","date_gmt":"2024-06-19T12:05:30","guid":{"rendered":"https:\/\/www.caudete.org\/ayuntamiento\/?p=25305"},"modified":"2024-06-19T14:05:30","modified_gmt":"2024-06-19T12:05:30","slug":"arranca-el-programa-crecer-2024-taller-de-prevencion-juvenil-mediante-la-incorporacion-laboral","status":"publish","type":"post","link":"https:\/\/www.caudete.org\/ayuntamiento\/arranca-el-programa-crecer-2024-taller-de-prevencion-juvenil-mediante-la-incorporacion-laboral\/","title":{"rendered":"Arranca el programa crecer 2024: Taller de Prevenci\u00f3n Juvenil mediante la incorporaci\u00f3n laboral"},"content":{"rendered":"<p>La <strong>Direcci\u00f3n General de Salud P\u00fablic<\/strong>a de la Consejer\u00eda de Sanidad, con la cofinanciaci\u00f3n de la<strong> Concejal\u00eda de Sanidad<\/strong> del Ayuntamiento de Caudete, han aprobado el Programa CRECER 2024. Un taller preventivo orientado a la poblaci\u00f3n juvenil, mediante acciones de inserci\u00f3n socio-laboral. Un taller de tres meses, en el que se aprender\u00e1n habilidades b\u00e1sicas de <strong>jardiner\u00eda<\/strong>, as\u00ed como otras habilidades laborales, sociales, de ocio activo y de salud.<\/p>\n<p>Se desarrollar\u00e1 en el <strong>Centro Municipal de Servicios Sociales<\/strong> as\u00ed como en otros espacios ajardinados de la ciudad. El <strong>plazo de inscripci\u00f3n estar\u00e1 abierto desde el 24 junio al 16 de Agosto<\/strong>. Los requisitos son: <strong>ser joven de entre 16 y 28 a\u00f1os y estar en desempleo<\/strong>. Habr\u00e1n 10 plazas, creando una bolsa para suplir bajas.<\/p>\n<p>El taller tendr\u00e1 una duraci\u00f3n aproximada de tres meses, <strong>desde el 23 Septiembre al 23 Diciembre<\/strong> de 2024. El horario ser\u00e1 de <strong>lunes a viernes de 10 a 14h<\/strong>. Se har\u00e1 entrega a todas las personas participantes de material gratuito: vestuario laboral, sudaderas, mochila, botas etc<\/p>\n<p>La metodolog\u00eda del programa ser\u00e1 <strong>te\u00f3rico-pr\u00e1ctica<\/strong>. Una oportunidad para aprender el manejo b\u00e1sico de herramientas de jardiner\u00eda, conocimiento de plantas, \u00e1rboles y arbustos, t\u00e9cnicas de acondicionamiento de espacios ajardinados, poda, riego, limpieza de parques, epis etc. Y una parte te\u00f3rica de otras \u00e1reas laborales, as\u00ed como de educaci\u00f3n para la salud, educaci\u00f3n sexual, prevenci\u00f3n de drogodependencias, recursos de ocio saludables etc. Habr\u00e1 un viaje l\u00fadico-did\u00e1ctico en el \u00faltimo mes.<\/p>\n<p>A la finalizaci\u00f3n del programa se har\u00e1 entrega de <strong>tres diplomas acreditativos: Diploma de Jardiner\u00eda, Diploma de Carretillas Elevadoras y Diploma en Prevenci\u00f3n de Riesgos Laborales. Asimismo, se becar\u00e1 la asistencia con hasta 600 euros<\/strong> por participantes.<\/p>\n<p>Un programa que puede representar una gran oportunidad para j\u00f3venes que, por sus circunstancias personales, no han podido titular o no han podido acceder al mercado laboral normalizado. El Ayuntamiento de Caudete brinda este programa, que puede ser un impulso para la empleabilidad de 10 j\u00f3venes, as\u00ed como para el desarrollo de un proyecto de vida personal saludable. M\u00e1s informaci\u00f3n en el Centro Municipal de Servicios Sociales, tel\u00e9fono <strong>965827933<\/strong><\/p>\n<p><img fetchpriority=\"high\" decoding=\"async\" class=\"alignnone size-full wp-image-25306\" src=\"https:\/\/www.caudete.org\/ayuntamiento\/wp-content\/uploads\/2024\/06\/PROGRAMA-CRECER-2024-1.jpg\" alt=\"\" width=\"1587\" height=\"2245\" srcset=\"https:\/\/www.caudete.org\/ayuntamiento\/wp-content\/uploads\/2024\/06\/PROGRAMA-CRECER-2024-1.jpg 1587w, https:\/\/www.caudete.org\/ayuntamiento\/wp-content\/uploads\/2024\/06\/PROGRAMA-CRECER-2024-1-212x300.jpg 212w, https:\/\/www.caudete.org\/ayuntamiento\/wp-content\/uploads\/2024\/06\/PROGRAMA-CRECER-2024-1-724x1024.jpg 724w, https:\/\/www.caudete.org\/ayuntamiento\/wp-content\/uploads\/2024\/06\/PROGRAMA-CRECER-2024-1-768x1086.jpg 768w, https:\/\/www.caudete.org\/ayuntamiento\/wp-content\/uploads\/2024\/06\/PROGRAMA-CRECER-2024-1-1086x1536.jpg 1086w, https:\/\/www.caudete.org\/ayuntamiento\/wp-content\/uploads\/2024\/06\/PROGRAMA-CRECER-2024-1-1448x2048.jpg 1448w\" sizes=\"(max-width: 1587px) 100vw, 1587px\" \/><\/p>\n","protected":false},"excerpt":{"rendered":"<p>La Direcci\u00f3n General de Salud P\u00fablica de la Consejer\u00eda de Sanidad, con la cofinanciaci\u00f3n de la Concejal\u00eda de Sanidad del Ayuntamiento de Caudete, han aprobado el Programa CRECER 2024. Un taller preventivo orientado a la poblaci\u00f3n juvenil, mediante acciones de inserci\u00f3n socio-laboral. Un taller de tres meses, en el que se aprender\u00e1n habilidades b\u00e1sicas de &hellip;<\/p>\n","protected":false},"author":5,"featured_media":25307,"comment_status":"closed","ping_status":"open","sticky":false,"template":"","format":"standard","meta":{"ngg_post_thumbnail":0,"footnotes":""},"categories":[16],"tags":[],"class_list":["post-25305","post","type-post","status-publish","format-standard","has-post-thumbnail","hentry","category-sanidad"],"yoast_head":"<!-- This site is optimized with the Yoast SEO plugin v27.5 - https:\/\/yoast.com\/product\/yoast-seo-wordpress\/ -->\n<title>Arranca el programa crecer 2024: Taller de Prevenci\u00f3n Juvenil mediante la incorporaci\u00f3n laboral - MI Ayuntamiento de Caudete<\/title>\n<meta name=\"description\" content=\"P\u00e1gina Oficial del Ayuntamiento de Caudete (Albacete)\" \/>\n<meta name=\"robots\" content=\"index, follow, max-snippet:-1, max-image-preview:large, max-video-preview:-1\" \/>\n<link rel=\"canonical\" href=\"https:\/\/www.caudete.org\/ayuntamiento\/arranca-el-programa-crecer-2024-taller-de-prevencion-juvenil-mediante-la-incorporacion-laboral\/\" \/>\n<meta property=\"og:locale\" content=\"es_ES\" \/>\n<meta property=\"og:type\" content=\"article\" \/>\n<meta property=\"og:title\" content=\"Arranca el programa crecer 2024: Taller de Prevenci\u00f3n Juvenil mediante la incorporaci\u00f3n laboral - MI Ayuntamiento de Caudete\" \/>\n<meta property=\"og:description\" content=\"P\u00e1gina Oficial del Ayuntamiento de Caudete (Albacete)\" \/>\n<meta property=\"og:url\" content=\"https:\/\/www.caudete.org\/ayuntamiento\/arranca-el-programa-crecer-2024-taller-de-prevencion-juvenil-mediante-la-incorporacion-laboral\/\" \/>\n<meta property=\"og:site_name\" content=\"MI Ayuntamiento de Caudete\" \/>\n<meta property=\"article:publisher\" content=\"https:\/\/www.facebook.com\/ayuntamientocaudete\/\" \/>\n<meta property=\"article:published_time\" content=\"2024-06-19T12:05:30+00:00\" \/>\n<meta property=\"og:image\" content=\"https:\/\/www.caudete.org\/ayuntamiento\/wp-content\/uploads\/2024\/06\/PROGRAMA-CRECER-2024-1-port.jpg\" \/>\n\t<meta property=\"og:image:width\" content=\"1587\" \/>\n\t<meta property=\"og:image:height\" content=\"562\" \/>\n\t<meta property=\"og:image:type\" content=\"image\/jpeg\" \/>\n<meta name=\"author\" content=\"Dpto Informatica MI Ayuntamiento de Caudete\" \/>\n<meta name=\"twitter:card\" content=\"summary_large_image\" \/>\n<meta name=\"twitter:label1\" content=\"Escrito por\" \/>\n\t<meta name=\"twitter:data1\" content=\"Dpto Informatica MI Ayuntamiento de Caudete\" \/>\n\t<meta name=\"twitter:label2\" content=\"Tiempo de lectura\" \/>\n\t<meta name=\"twitter:data2\" content=\"2 minutos\" \/>\n<script type=\"application\/ld+json\" class=\"yoast-schema-graph\">{\"@context\":\"https:\\\/\\\/schema.org\",\"@graph\":[{\"@type\":\"Article\",\"@id\":\"https:\\\/\\\/www.caudete.org\\\/ayuntamiento\\\/arranca-el-programa-crecer-2024-taller-de-prevencion-juvenil-mediante-la-incorporacion-laboral\\\/#article\",\"isPartOf\":{\"@id\":\"https:\\\/\\\/www.caudete.org\\\/ayuntamiento\\\/arranca-el-programa-crecer-2024-taller-de-prevencion-juvenil-mediante-la-incorporacion-laboral\\\/\"},\"author\":{\"name\":\"Dpto Informatica MI Ayuntamiento de Caudete\",\"@id\":\"https:\\\/\\\/www.caudete.org\\\/ayuntamiento\\\/#\\\/schema\\\/person\\\/4b9eab41761957db9b1bf9c418d1ef46\"},\"headline\":\"Arranca el programa crecer 2024: Taller de Prevenci\u00f3n Juvenil mediante la incorporaci\u00f3n laboral\",\"datePublished\":\"2024-06-19T12:05:30+00:00\",\"mainEntityOfPage\":{\"@id\":\"https:\\\/\\\/www.caudete.org\\\/ayuntamiento\\\/arranca-el-programa-crecer-2024-taller-de-prevencion-juvenil-mediante-la-incorporacion-laboral\\\/\"},\"wordCount\":380,\"image\":{\"@id\":\"https:\\\/\\\/www.caudete.org\\\/ayuntamiento\\\/arranca-el-programa-crecer-2024-taller-de-prevencion-juvenil-mediante-la-incorporacion-laboral\\\/#primaryimage\"},\"thumbnailUrl\":\"https:\\\/\\\/www.caudete.org\\\/ayuntamiento\\\/wp-content\\\/uploads\\\/2024\\\/06\\\/PROGRAMA-CRECER-2024-1-port.jpg\",\"articleSection\":[\"Sanidad\"],\"inLanguage\":\"es\"},{\"@type\":\"WebPage\",\"@id\":\"https:\\\/\\\/www.caudete.org\\\/ayuntamiento\\\/arranca-el-programa-crecer-2024-taller-de-prevencion-juvenil-mediante-la-incorporacion-laboral\\\/\",\"url\":\"https:\\\/\\\/www.caudete.org\\\/ayuntamiento\\\/arranca-el-programa-crecer-2024-taller-de-prevencion-juvenil-mediante-la-incorporacion-laboral\\\/\",\"name\":\"Arranca el programa crecer 2024: Taller de Prevenci\u00f3n Juvenil mediante la incorporaci\u00f3n laboral - MI Ayuntamiento de Caudete\",\"isPartOf\":{\"@id\":\"https:\\\/\\\/www.caudete.org\\\/ayuntamiento\\\/#website\"},\"primaryImageOfPage\":{\"@id\":\"https:\\\/\\\/www.caudete.org\\\/ayuntamiento\\\/arranca-el-programa-crecer-2024-taller-de-prevencion-juvenil-mediante-la-incorporacion-laboral\\\/#primaryimage\"},\"image\":{\"@id\":\"https:\\\/\\\/www.caudete.org\\\/ayuntamiento\\\/arranca-el-programa-crecer-2024-taller-de-prevencion-juvenil-mediante-la-incorporacion-laboral\\\/#primaryimage\"},\"thumbnailUrl\":\"https:\\\/\\\/www.caudete.org\\\/ayuntamiento\\\/wp-content\\\/uploads\\\/2024\\\/06\\\/PROGRAMA-CRECER-2024-1-port.jpg\",\"datePublished\":\"2024-06-19T12:05:30+00:00\",\"author\":{\"@id\":\"https:\\\/\\\/www.caudete.org\\\/ayuntamiento\\\/#\\\/schema\\\/person\\\/4b9eab41761957db9b1bf9c418d1ef46\"},\"description\":\"P\u00e1gina Oficial del Ayuntamiento de Caudete (Albacete)\",\"breadcrumb\":{\"@id\":\"https:\\\/\\\/www.caudete.org\\\/ayuntamiento\\\/arranca-el-programa-crecer-2024-taller-de-prevencion-juvenil-mediante-la-incorporacion-laboral\\\/#breadcrumb\"},\"inLanguage\":\"es\",\"potentialAction\":[{\"@type\":\"ReadAction\",\"target\":[\"https:\\\/\\\/www.caudete.org\\\/ayuntamiento\\\/arranca-el-programa-crecer-2024-taller-de-prevencion-juvenil-mediante-la-incorporacion-laboral\\\/\"]}]},{\"@type\":\"ImageObject\",\"inLanguage\":\"es\",\"@id\":\"https:\\\/\\\/www.caudete.org\\\/ayuntamiento\\\/arranca-el-programa-crecer-2024-taller-de-prevencion-juvenil-mediante-la-incorporacion-laboral\\\/#primaryimage\",\"url\":\"https:\\\/\\\/www.caudete.org\\\/ayuntamiento\\\/wp-content\\\/uploads\\\/2024\\\/06\\\/PROGRAMA-CRECER-2024-1-port.jpg\",\"contentUrl\":\"https:\\\/\\\/www.caudete.org\\\/ayuntamiento\\\/wp-content\\\/uploads\\\/2024\\\/06\\\/PROGRAMA-CRECER-2024-1-port.jpg\",\"width\":1587,\"height\":562},{\"@type\":\"BreadcrumbList\",\"@id\":\"https:\\\/\\\/www.caudete.org\\\/ayuntamiento\\\/arranca-el-programa-crecer-2024-taller-de-prevencion-juvenil-mediante-la-incorporacion-laboral\\\/#breadcrumb\",\"itemListElement\":[{\"@type\":\"ListItem\",\"position\":1,\"name\":\"Inicio\",\"item\":\"https:\\\/\\\/www.caudete.org\\\/ayuntamiento\\\/\"},{\"@type\":\"ListItem\",\"position\":2,\"name\":\"Arranca el programa crecer 2024: Taller de Prevenci\u00f3n Juvenil mediante la incorporaci\u00f3n laboral\"}]},{\"@type\":\"WebSite\",\"@id\":\"https:\\\/\\\/www.caudete.org\\\/ayuntamiento\\\/#website\",\"url\":\"https:\\\/\\\/www.caudete.org\\\/ayuntamiento\\\/\",\"name\":\"MI Ayuntamiento de Caudete\",\"description\":\"P\u00e1gina Oficial del MI Ayuntamiento de Caudete\",\"potentialAction\":[{\"@type\":\"SearchAction\",\"target\":{\"@type\":\"EntryPoint\",\"urlTemplate\":\"https:\\\/\\\/www.caudete.org\\\/ayuntamiento\\\/?s={search_term_string}\"},\"query-input\":{\"@type\":\"PropertyValueSpecification\",\"valueRequired\":true,\"valueName\":\"search_term_string\"}}],\"inLanguage\":\"es\"},{\"@type\":\"Person\",\"@id\":\"https:\\\/\\\/www.caudete.org\\\/ayuntamiento\\\/#\\\/schema\\\/person\\\/4b9eab41761957db9b1bf9c418d1ef46\",\"name\":\"Dpto Informatica MI Ayuntamiento de Caudete\",\"image\":{\"@type\":\"ImageObject\",\"inLanguage\":\"es\",\"@id\":\"https:\\\/\\\/secure.gravatar.com\\\/avatar\\\/ac0321ee4a0a83e82a253e7b2d348ef539e2c8fe16d06b600bde04de1b364fa7?s=96&d=mm&r=g\",\"url\":\"https:\\\/\\\/secure.gravatar.com\\\/avatar\\\/ac0321ee4a0a83e82a253e7b2d348ef539e2c8fe16d06b600bde04de1b364fa7?s=96&d=mm&r=g\",\"contentUrl\":\"https:\\\/\\\/secure.gravatar.com\\\/avatar\\\/ac0321ee4a0a83e82a253e7b2d348ef539e2c8fe16d06b600bde04de1b364fa7?s=96&d=mm&r=g\",\"caption\":\"Dpto Informatica MI Ayuntamiento de Caudete\"},\"url\":\"https:\\\/\\\/www.caudete.org\\\/ayuntamiento\\\/author\\\/informatica\\\/\"}]}<\/script>\n<!-- \/ Yoast SEO plugin. -->","yoast_head_json":{"title":"Arranca el programa crecer 2024: Taller de Prevenci\u00f3n Juvenil mediante la incorporaci\u00f3n laboral - MI Ayuntamiento de Caudete","description":"P\u00e1gina Oficial del Ayuntamiento de Caudete (Albacete)","robots":{"index":"index","follow":"follow","max-snippet":"max-snippet:-1","max-image-preview":"max-image-preview:large","max-video-preview":"max-video-preview:-1"},"canonical":"https:\/\/www.caudete.org\/ayuntamiento\/arranca-el-programa-crecer-2024-taller-de-prevencion-juvenil-mediante-la-incorporacion-laboral\/","og_locale":"es_ES","og_type":"article","og_title":"Arranca el programa crecer 2024: Taller de Prevenci\u00f3n Juvenil mediante la incorporaci\u00f3n laboral - MI Ayuntamiento de Caudete","og_description":"P\u00e1gina Oficial del Ayuntamiento de Caudete (Albacete)","og_url":"https:\/\/www.caudete.org\/ayuntamiento\/arranca-el-programa-crecer-2024-taller-de-prevencion-juvenil-mediante-la-incorporacion-laboral\/","og_site_name":"MI Ayuntamiento de Caudete","article_publisher":"https:\/\/www.facebook.com\/ayuntamientocaudete\/","article_published_time":"2024-06-19T12:05:30+00:00","og_image":[{"width":1587,"height":562,"url":"https:\/\/www.caudete.org\/ayuntamiento\/wp-content\/uploads\/2024\/06\/PROGRAMA-CRECER-2024-1-port.jpg","type":"image\/jpeg"}],"author":"Dpto Informatica MI Ayuntamiento de Caudete","twitter_card":"summary_large_image","twitter_misc":{"Escrito por":"Dpto Informatica MI Ayuntamiento de Caudete","Tiempo de lectura":"2 minutos"},"schema":{"@context":"https:\/\/schema.org","@graph":[{"@type":"Article","@id":"https:\/\/www.caudete.org\/ayuntamiento\/arranca-el-programa-crecer-2024-taller-de-prevencion-juvenil-mediante-la-incorporacion-laboral\/#article","isPartOf":{"@id":"https:\/\/www.caudete.org\/ayuntamiento\/arranca-el-programa-crecer-2024-taller-de-prevencion-juvenil-mediante-la-incorporacion-laboral\/"},"author":{"name":"Dpto Informatica MI Ayuntamiento de Caudete","@id":"https:\/\/www.caudete.org\/ayuntamiento\/#\/schema\/person\/4b9eab41761957db9b1bf9c418d1ef46"},"headline":"Arranca el programa crecer 2024: Taller de Prevenci\u00f3n Juvenil mediante la incorporaci\u00f3n laboral","datePublished":"2024-06-19T12:05:30+00:00","mainEntityOfPage":{"@id":"https:\/\/www.caudete.org\/ayuntamiento\/arranca-el-programa-crecer-2024-taller-de-prevencion-juvenil-mediante-la-incorporacion-laboral\/"},"wordCount":380,"image":{"@id":"https:\/\/www.caudete.org\/ayuntamiento\/arranca-el-programa-crecer-2024-taller-de-prevencion-juvenil-mediante-la-incorporacion-laboral\/#primaryimage"},"thumbnailUrl":"https:\/\/www.caudete.org\/ayuntamiento\/wp-content\/uploads\/2024\/06\/PROGRAMA-CRECER-2024-1-port.jpg","articleSection":["Sanidad"],"inLanguage":"es"},{"@type":"WebPage","@id":"https:\/\/www.caudete.org\/ayuntamiento\/arranca-el-programa-crecer-2024-taller-de-prevencion-juvenil-mediante-la-incorporacion-laboral\/","url":"https:\/\/www.caudete.org\/ayuntamiento\/arranca-el-programa-crecer-2024-taller-de-prevencion-juvenil-mediante-la-incorporacion-laboral\/","name":"Arranca el programa crecer 2024: Taller de Prevenci\u00f3n Juvenil mediante la incorporaci\u00f3n laboral - MI Ayuntamiento de Caudete","isPartOf":{"@id":"https:\/\/www.caudete.org\/ayuntamiento\/#website"},"primaryImageOfPage":{"@id":"https:\/\/www.caudete.org\/ayuntamiento\/arranca-el-programa-crecer-2024-taller-de-prevencion-juvenil-mediante-la-incorporacion-laboral\/#primaryimage"},"image":{"@id":"https:\/\/www.caudete.org\/ayuntamiento\/arranca-el-programa-crecer-2024-taller-de-prevencion-juvenil-mediante-la-incorporacion-laboral\/#primaryimage"},"thumbnailUrl":"https:\/\/www.caudete.org\/ayuntamiento\/wp-content\/uploads\/2024\/06\/PROGRAMA-CRECER-2024-1-port.jpg","datePublished":"2024-06-19T12:05:30+00:00","author":{"@id":"https:\/\/www.caudete.org\/ayuntamiento\/#\/schema\/person\/4b9eab41761957db9b1bf9c418d1ef46"},"description":"P\u00e1gina Oficial del Ayuntamiento de Caudete (Albacete)","breadcrumb":{"@id":"https:\/\/www.caudete.org\/ayuntamiento\/arranca-el-programa-crecer-2024-taller-de-prevencion-juvenil-mediante-la-incorporacion-laboral\/#breadcrumb"},"inLanguage":"es","potentialAction":[{"@type":"ReadAction","target":["https:\/\/www.caudete.org\/ayuntamiento\/arranca-el-programa-crecer-2024-taller-de-prevencion-juvenil-mediante-la-incorporacion-laboral\/"]}]},{"@type":"ImageObject","inLanguage":"es","@id":"https:\/\/www.caudete.org\/ayuntamiento\/arranca-el-programa-crecer-2024-taller-de-prevencion-juvenil-mediante-la-incorporacion-laboral\/#primaryimage","url":"https:\/\/www.caudete.org\/ayuntamiento\/wp-content\/uploads\/2024\/06\/PROGRAMA-CRECER-2024-1-port.jpg","contentUrl":"https:\/\/www.caudete.org\/ayuntamiento\/wp-content\/uploads\/2024\/06\/PROGRAMA-CRECER-2024-1-port.jpg","width":1587,"height":562},{"@type":"BreadcrumbList","@id":"https:\/\/www.caudete.org\/ayuntamiento\/arranca-el-programa-crecer-2024-taller-de-prevencion-juvenil-mediante-la-incorporacion-laboral\/#breadcrumb","itemListElement":[{"@type":"ListItem","position":1,"name":"Inicio","item":"https:\/\/www.caudete.org\/ayuntamiento\/"},{"@type":"ListItem","position":2,"name":"Arranca el programa crecer 2024: Taller de Prevenci\u00f3n Juvenil mediante la incorporaci\u00f3n laboral"}]},{"@type":"WebSite","@id":"https:\/\/www.caudete.org\/ayuntamiento\/#website","url":"https:\/\/www.caudete.org\/ayuntamiento\/","name":"MI Ayuntamiento de Caudete","description":"P\u00e1gina Oficial del MI Ayuntamiento de Caudete","potentialAction":[{"@type":"SearchAction","target":{"@type":"EntryPoint","urlTemplate":"https:\/\/www.caudete.org\/ayuntamiento\/?s={search_term_string}"},"query-input":{"@type":"PropertyValueSpecification","valueRequired":true,"valueName":"search_term_string"}}],"inLanguage":"es"},{"@type":"Person","@id":"https:\/\/www.caudete.org\/ayuntamiento\/#\/schema\/person\/4b9eab41761957db9b1bf9c418d1ef46","name":"Dpto Informatica MI Ayuntamiento de Caudete","image":{"@type":"ImageObject","inLanguage":"es","@id":"https:\/\/secure.gravatar.com\/avatar\/ac0321ee4a0a83e82a253e7b2d348ef539e2c8fe16d06b600bde04de1b364fa7?s=96&d=mm&r=g","url":"https:\/\/secure.gravatar.com\/avatar\/ac0321ee4a0a83e82a253e7b2d348ef539e2c8fe16d06b600bde04de1b364fa7?s=96&d=mm&r=g","contentUrl":"https:\/\/secure.gravatar.com\/avatar\/ac0321ee4a0a83e82a253e7b2d348ef539e2c8fe16d06b600bde04de1b364fa7?s=96&d=mm&r=g","caption":"Dpto Informatica MI Ayuntamiento de Caudete"},"url":"https:\/\/www.caudete.org\/ayuntamiento\/author\/informatica\/"}]}},"_links":{"self":[{"href":"https:\/\/www.caudete.org\/ayuntamiento\/wp-json\/wp\/v2\/posts\/25305","targetHints":{"allow":["GET"]}}],"collection":[{"href":"https:\/\/www.caudete.org\/ayuntamiento\/wp-json\/wp\/v2\/posts"}],"about":[{"href":"https:\/\/www.caudete.org\/ayuntamiento\/wp-json\/wp\/v2\/types\/post"}],"author":[{"embeddable":true,"href":"https:\/\/www.caudete.org\/ayuntamiento\/wp-json\/wp\/v2\/users\/5"}],"replies":[{"embeddable":true,"href":"https:\/\/www.caudete.org\/ayuntamiento\/wp-json\/wp\/v2\/comments?post=25305"}],"version-history":[{"count":1,"href":"https:\/\/www.caudete.org\/ayuntamiento\/wp-json\/wp\/v2\/posts\/25305\/revisions"}],"predecessor-version":[{"id":25308,"href":"https:\/\/www.caudete.org\/ayuntamiento\/wp-json\/wp\/v2\/posts\/25305\/revisions\/25308"}],"wp:featuredmedia":[{"embeddable":true,"href":"https:\/\/www.caudete.org\/ayuntamiento\/wp-json\/wp\/v2\/media\/25307"}],"wp:attachment":[{"href":"https:\/\/www.caudete.org\/ayuntamiento\/wp-json\/wp\/v2\/media?parent=25305"}],"wp:term":[{"taxonomy":"category","embeddable":true,"href":"https:\/\/www.caudete.org\/ayuntamiento\/wp-json\/wp\/v2\/categories?post=25305"},{"taxonomy":"post_tag","embeddable":true,"href":"https:\/\/www.caudete.org\/ayuntamiento\/wp-json\/wp\/v2\/tags?post=25305"}],"curies":[{"name":"wp","href":"https:\/\/api.w.org\/{rel}","templated":true}]}}