{"id":25521,"date":"2024-06-24T10:00:05","date_gmt":"2024-06-24T08:00:05","guid":{"rendered":"https:\/\/www.caudete.org\/ayuntamiento\/?p=25521"},"modified":"2024-06-24T10:00:05","modified_gmt":"2024-06-24T08:00:05","slug":"finalizan-con-exito-las-mobilidades-erasmus-fp-del-ies-pintor-rafael-requena-curso-2023-2024","status":"publish","type":"post","link":"https:\/\/www.caudete.org\/ayuntamiento\/finalizan-con-exito-las-mobilidades-erasmus-fp-del-ies-pintor-rafael-requena-curso-2023-2024\/","title":{"rendered":"Finalizan con \u00e9xito las mobilidades Erasmus+ FP del IES Pintor Rafael Requena Curso 2023-2024"},"content":{"rendered":"<p>M\u00aa Dolores Requena Azor\u00edn, Concejal de Juventud, Promoci\u00f3n y Desarrollo Econ\u00f3mico informa de la excelente valoraci\u00f3n de las movilidades Erasmus+ de pr\u00e1cticas de Formaci\u00f3n Profesional por parte del alumnado de los Ciclos de Gesti\u00f3n Administrativa y Atenci\u00f3n a Personas en Situaci\u00f3n de Dependencia, que ha realizado las pr\u00e1cticas en empresas socias de B\u00e9lgica (Bruselas) e Italia (Bolonia y Perugia), durante 3 meses.<\/p>\n<p>Los 6 alumnos y alumnas participantes han podido poner en pr\u00e1ctica los conocimientos adquiridos en sus estudios en el IES Pintor Rafael Requena de Caudete en el entorno laboral de un pa\u00eds europeo, mejorando sus conocimientos de lenguas extranjeras (ingl\u00e9s e italiano), para lo que han contado con formaci\u00f3n ling\u00fc\u00edstica personalizada on line a trav\u00e9s de cursos financiados por el programa para las movilidades de larga duraci\u00f3n ErasmusPro.<\/p>\n<p>El programa Erasmus+ tiene como objetivo la mejora de las competencias profesionales del alumnado de formaci\u00f3n profesional, y el desarrollo de competencias clave, interculturales y ling\u00fc\u00edsticas, facilitando el contacto con la realidad del mercado laboral europeo.<\/p>\n<p>Estas actividades han sido financiados a trav\u00e9s de la Acreditaci\u00f3n Erasmus FP del consorcio de centros de FP coordinado por el Ayuntamiento de Caudete, que trabaja en la internacionalizaci\u00f3n de la Formaci\u00f3n Profesional que se imparte en el municipio.<\/p>\n<p><img fetchpriority=\"high\" decoding=\"async\" class=\"alignnone size-full wp-image-25522\" src=\"https:\/\/www.caudete.org\/ayuntamiento\/wp-content\/uploads\/2024\/06\/87caa3f3-ce59-41b4-a4b4-5ba04aa9d2a8.jpg\" alt=\"\" width=\"640\" height=\"480\" srcset=\"https:\/\/www.caudete.org\/ayuntamiento\/wp-content\/uploads\/2024\/06\/87caa3f3-ce59-41b4-a4b4-5ba04aa9d2a8.jpg 640w, https:\/\/www.caudete.org\/ayuntamiento\/wp-content\/uploads\/2024\/06\/87caa3f3-ce59-41b4-a4b4-5ba04aa9d2a8-300x225.jpg 300w\" sizes=\"(max-width: 640px) 100vw, 640px\" \/> <img decoding=\"async\" class=\"alignnone size-full wp-image-25523\" src=\"https:\/\/www.caudete.org\/ayuntamiento\/wp-content\/uploads\/2024\/06\/55336c3e-93c9-4e30-affe-2e4a6b7bd8d3.jpg\" alt=\"\" width=\"1303\" height=\"1867\" srcset=\"https:\/\/www.caudete.org\/ayuntamiento\/wp-content\/uploads\/2024\/06\/55336c3e-93c9-4e30-affe-2e4a6b7bd8d3.jpg 1303w, https:\/\/www.caudete.org\/ayuntamiento\/wp-content\/uploads\/2024\/06\/55336c3e-93c9-4e30-affe-2e4a6b7bd8d3-209x300.jpg 209w, https:\/\/www.caudete.org\/ayuntamiento\/wp-content\/uploads\/2024\/06\/55336c3e-93c9-4e30-affe-2e4a6b7bd8d3-715x1024.jpg 715w, https:\/\/www.caudete.org\/ayuntamiento\/wp-content\/uploads\/2024\/06\/55336c3e-93c9-4e30-affe-2e4a6b7bd8d3-768x1100.jpg 768w, https:\/\/www.caudete.org\/ayuntamiento\/wp-content\/uploads\/2024\/06\/55336c3e-93c9-4e30-affe-2e4a6b7bd8d3-1072x1536.jpg 1072w\" sizes=\"(max-width: 1303px) 100vw, 1303px\" \/> <img decoding=\"async\" class=\"alignnone size-full wp-image-25524\" src=\"https:\/\/www.caudete.org\/ayuntamiento\/wp-content\/uploads\/2024\/06\/a3fac4ec-2f00-4114-b198-2fce33fa2457.jpg\" alt=\"\" width=\"1200\" height=\"1600\" srcset=\"https:\/\/www.caudete.org\/ayuntamiento\/wp-content\/uploads\/2024\/06\/a3fac4ec-2f00-4114-b198-2fce33fa2457.jpg 1200w, https:\/\/www.caudete.org\/ayuntamiento\/wp-content\/uploads\/2024\/06\/a3fac4ec-2f00-4114-b198-2fce33fa2457-225x300.jpg 225w, https:\/\/www.caudete.org\/ayuntamiento\/wp-content\/uploads\/2024\/06\/a3fac4ec-2f00-4114-b198-2fce33fa2457-768x1024.jpg 768w, https:\/\/www.caudete.org\/ayuntamiento\/wp-content\/uploads\/2024\/06\/a3fac4ec-2f00-4114-b198-2fce33fa2457-1152x1536.jpg 1152w\" sizes=\"(max-width: 1200px) 100vw, 1200px\" \/> <img loading=\"lazy\" decoding=\"async\" class=\"alignnone size-full wp-image-25525\" src=\"https:\/\/www.caudete.org\/ayuntamiento\/wp-content\/uploads\/2024\/06\/ae57125a-4f9e-47d8-b14e-63a8499cf24f.jpg\" alt=\"\" width=\"1536\" height=\"2048\" srcset=\"https:\/\/www.caudete.org\/ayuntamiento\/wp-content\/uploads\/2024\/06\/ae57125a-4f9e-47d8-b14e-63a8499cf24f.jpg 1536w, https:\/\/www.caudete.org\/ayuntamiento\/wp-content\/uploads\/2024\/06\/ae57125a-4f9e-47d8-b14e-63a8499cf24f-225x300.jpg 225w, https:\/\/www.caudete.org\/ayuntamiento\/wp-content\/uploads\/2024\/06\/ae57125a-4f9e-47d8-b14e-63a8499cf24f-768x1024.jpg 768w, https:\/\/www.caudete.org\/ayuntamiento\/wp-content\/uploads\/2024\/06\/ae57125a-4f9e-47d8-b14e-63a8499cf24f-1152x1536.jpg 1152w\" sizes=\"(max-width: 1536px) 100vw, 1536px\" \/><\/p>\n","protected":false},"excerpt":{"rendered":"<p>M\u00aa Dolores Requena Azor\u00edn, Concejal de Juventud, Promoci\u00f3n y Desarrollo Econ\u00f3mico informa de la excelente valoraci\u00f3n de las movilidades Erasmus+ de pr\u00e1cticas de Formaci\u00f3n Profesional por parte del alumnado de los Ciclos de Gesti\u00f3n Administrativa y Atenci\u00f3n a Personas en Situaci\u00f3n de Dependencia, que ha realizado las pr\u00e1cticas en empresas socias de B\u00e9lgica (Bruselas) e &hellip;<\/p>\n","protected":false},"author":5,"featured_media":25526,"comment_status":"closed","ping_status":"open","sticky":false,"template":"","format":"standard","meta":{"ngg_post_thumbnail":0,"footnotes":""},"categories":[87],"tags":[],"class_list":["post-25521","post","type-post","status-publish","format-standard","has-post-thumbnail","hentry","category-desarrollo-local"],"yoast_head":"<!-- This site is optimized with the Yoast SEO plugin v27.4 - https:\/\/yoast.com\/product\/yoast-seo-wordpress\/ -->\n<title>Finalizan con \u00e9xito las mobilidades Erasmus+ FP del IES Pintor Rafael Requena Curso 2023-2024 - MI Ayuntamiento de Caudete<\/title>\n<meta name=\"description\" content=\"P\u00e1gina Oficial del Ayuntamiento de Caudete (Albacete)\" \/>\n<meta name=\"robots\" content=\"index, follow, max-snippet:-1, max-image-preview:large, max-video-preview:-1\" \/>\n<link rel=\"canonical\" href=\"https:\/\/www.caudete.org\/ayuntamiento\/finalizan-con-exito-las-mobilidades-erasmus-fp-del-ies-pintor-rafael-requena-curso-2023-2024\/\" \/>\n<meta property=\"og:locale\" content=\"es_ES\" \/>\n<meta property=\"og:type\" content=\"article\" \/>\n<meta property=\"og:title\" content=\"Finalizan con \u00e9xito las mobilidades Erasmus+ FP del IES Pintor Rafael Requena Curso 2023-2024 - MI Ayuntamiento de Caudete\" \/>\n<meta property=\"og:description\" content=\"P\u00e1gina Oficial del Ayuntamiento de Caudete (Albacete)\" \/>\n<meta property=\"og:url\" content=\"https:\/\/www.caudete.org\/ayuntamiento\/finalizan-con-exito-las-mobilidades-erasmus-fp-del-ies-pintor-rafael-requena-curso-2023-2024\/\" \/>\n<meta property=\"og:site_name\" content=\"MI Ayuntamiento de Caudete\" \/>\n<meta property=\"article:publisher\" content=\"https:\/\/www.facebook.com\/ayuntamientocaudete\/\" \/>\n<meta property=\"article:published_time\" content=\"2024-06-24T08:00:05+00:00\" \/>\n<meta property=\"og:image\" content=\"https:\/\/www.caudete.org\/ayuntamiento\/wp-content\/uploads\/2024\/06\/124207f5-b107-4447-8058-4ff31e73c459.jpg\" \/>\n\t<meta property=\"og:image:width\" content=\"640\" \/>\n\t<meta property=\"og:image:height\" content=\"480\" \/>\n\t<meta property=\"og:image:type\" content=\"image\/jpeg\" \/>\n<meta name=\"author\" content=\"Dpto Informatica MI Ayuntamiento de Caudete\" \/>\n<meta name=\"twitter:card\" content=\"summary_large_image\" \/>\n<meta name=\"twitter:label1\" content=\"Escrito por\" \/>\n\t<meta name=\"twitter:data1\" content=\"Dpto Informatica MI Ayuntamiento de Caudete\" \/>\n\t<meta name=\"twitter:label2\" content=\"Tiempo de lectura\" \/>\n\t<meta name=\"twitter:data2\" content=\"2 minutos\" \/>\n<script type=\"application\/ld+json\" class=\"yoast-schema-graph\">{\"@context\":\"https:\\\/\\\/schema.org\",\"@graph\":[{\"@type\":\"Article\",\"@id\":\"https:\\\/\\\/www.caudete.org\\\/ayuntamiento\\\/finalizan-con-exito-las-mobilidades-erasmus-fp-del-ies-pintor-rafael-requena-curso-2023-2024\\\/#article\",\"isPartOf\":{\"@id\":\"https:\\\/\\\/www.caudete.org\\\/ayuntamiento\\\/finalizan-con-exito-las-mobilidades-erasmus-fp-del-ies-pintor-rafael-requena-curso-2023-2024\\\/\"},\"author\":{\"name\":\"Dpto Informatica MI Ayuntamiento de Caudete\",\"@id\":\"https:\\\/\\\/www.caudete.org\\\/ayuntamiento\\\/#\\\/schema\\\/person\\\/4b9eab41761957db9b1bf9c418d1ef46\"},\"headline\":\"Finalizan con \u00e9xito las mobilidades Erasmus+ FP del IES Pintor Rafael Requena Curso 2023-2024\",\"datePublished\":\"2024-06-24T08:00:05+00:00\",\"mainEntityOfPage\":{\"@id\":\"https:\\\/\\\/www.caudete.org\\\/ayuntamiento\\\/finalizan-con-exito-las-mobilidades-erasmus-fp-del-ies-pintor-rafael-requena-curso-2023-2024\\\/\"},\"wordCount\":241,\"publisher\":{\"@id\":\"https:\\\/\\\/www.caudete.org\\\/ayuntamiento\\\/#organization\"},\"image\":{\"@id\":\"https:\\\/\\\/www.caudete.org\\\/ayuntamiento\\\/finalizan-con-exito-las-mobilidades-erasmus-fp-del-ies-pintor-rafael-requena-curso-2023-2024\\\/#primaryimage\"},\"thumbnailUrl\":\"https:\\\/\\\/www.caudete.org\\\/ayuntamiento\\\/wp-content\\\/uploads\\\/2024\\\/06\\\/124207f5-b107-4447-8058-4ff31e73c459.jpg\",\"articleSection\":[\"Desarrollo Local\"],\"inLanguage\":\"es\"},{\"@type\":\"WebPage\",\"@id\":\"https:\\\/\\\/www.caudete.org\\\/ayuntamiento\\\/finalizan-con-exito-las-mobilidades-erasmus-fp-del-ies-pintor-rafael-requena-curso-2023-2024\\\/\",\"url\":\"https:\\\/\\\/www.caudete.org\\\/ayuntamiento\\\/finalizan-con-exito-las-mobilidades-erasmus-fp-del-ies-pintor-rafael-requena-curso-2023-2024\\\/\",\"name\":\"Finalizan con \u00e9xito las mobilidades Erasmus+ FP del IES Pintor Rafael Requena Curso 2023-2024 - MI Ayuntamiento de Caudete\",\"isPartOf\":{\"@id\":\"https:\\\/\\\/www.caudete.org\\\/ayuntamiento\\\/#website\"},\"primaryImageOfPage\":{\"@id\":\"https:\\\/\\\/www.caudete.org\\\/ayuntamiento\\\/finalizan-con-exito-las-mobilidades-erasmus-fp-del-ies-pintor-rafael-requena-curso-2023-2024\\\/#primaryimage\"},\"image\":{\"@id\":\"https:\\\/\\\/www.caudete.org\\\/ayuntamiento\\\/finalizan-con-exito-las-mobilidades-erasmus-fp-del-ies-pintor-rafael-requena-curso-2023-2024\\\/#primaryimage\"},\"thumbnailUrl\":\"https:\\\/\\\/www.caudete.org\\\/ayuntamiento\\\/wp-content\\\/uploads\\\/2024\\\/06\\\/124207f5-b107-4447-8058-4ff31e73c459.jpg\",\"datePublished\":\"2024-06-24T08:00:05+00:00\",\"description\":\"P\u00e1gina Oficial del Ayuntamiento de Caudete (Albacete)\",\"breadcrumb\":{\"@id\":\"https:\\\/\\\/www.caudete.org\\\/ayuntamiento\\\/finalizan-con-exito-las-mobilidades-erasmus-fp-del-ies-pintor-rafael-requena-curso-2023-2024\\\/#breadcrumb\"},\"inLanguage\":\"es\",\"potentialAction\":[{\"@type\":\"ReadAction\",\"target\":[\"https:\\\/\\\/www.caudete.org\\\/ayuntamiento\\\/finalizan-con-exito-las-mobilidades-erasmus-fp-del-ies-pintor-rafael-requena-curso-2023-2024\\\/\"]}]},{\"@type\":\"ImageObject\",\"inLanguage\":\"es\",\"@id\":\"https:\\\/\\\/www.caudete.org\\\/ayuntamiento\\\/finalizan-con-exito-las-mobilidades-erasmus-fp-del-ies-pintor-rafael-requena-curso-2023-2024\\\/#primaryimage\",\"url\":\"https:\\\/\\\/www.caudete.org\\\/ayuntamiento\\\/wp-content\\\/uploads\\\/2024\\\/06\\\/124207f5-b107-4447-8058-4ff31e73c459.jpg\",\"contentUrl\":\"https:\\\/\\\/www.caudete.org\\\/ayuntamiento\\\/wp-content\\\/uploads\\\/2024\\\/06\\\/124207f5-b107-4447-8058-4ff31e73c459.jpg\",\"width\":640,\"height\":480},{\"@type\":\"BreadcrumbList\",\"@id\":\"https:\\\/\\\/www.caudete.org\\\/ayuntamiento\\\/finalizan-con-exito-las-mobilidades-erasmus-fp-del-ies-pintor-rafael-requena-curso-2023-2024\\\/#breadcrumb\",\"itemListElement\":[{\"@type\":\"ListItem\",\"position\":1,\"name\":\"Inicio\",\"item\":\"https:\\\/\\\/www.caudete.org\\\/ayuntamiento\\\/\"},{\"@type\":\"ListItem\",\"position\":2,\"name\":\"Finalizan con \u00e9xito las mobilidades Erasmus+ FP del IES Pintor Rafael Requena Curso 2023-2024\"}]},{\"@type\":\"WebSite\",\"@id\":\"https:\\\/\\\/www.caudete.org\\\/ayuntamiento\\\/#website\",\"url\":\"https:\\\/\\\/www.caudete.org\\\/ayuntamiento\\\/\",\"name\":\"MI Ayuntamiento de Caudete\",\"description\":\"P\u00e1gina Oficial del MI Ayuntamiento de Caudete\",\"publisher\":{\"@id\":\"https:\\\/\\\/www.caudete.org\\\/ayuntamiento\\\/#organization\"},\"potentialAction\":[{\"@type\":\"SearchAction\",\"target\":{\"@type\":\"EntryPoint\",\"urlTemplate\":\"https:\\\/\\\/www.caudete.org\\\/ayuntamiento\\\/?s={search_term_string}\"},\"query-input\":{\"@type\":\"PropertyValueSpecification\",\"valueRequired\":true,\"valueName\":\"search_term_string\"}}],\"inLanguage\":\"es\"},{\"@type\":\"Organization\",\"@id\":\"https:\\\/\\\/www.caudete.org\\\/ayuntamiento\\\/#organization\",\"name\":\"Ayuntamiento de Caudete\",\"url\":\"https:\\\/\\\/www.caudete.org\\\/ayuntamiento\\\/\",\"logo\":{\"@type\":\"ImageObject\",\"inLanguage\":\"es\",\"@id\":\"https:\\\/\\\/www.caudete.org\\\/ayuntamiento\\\/#\\\/schema\\\/logo\\\/image\\\/\",\"url\":\"https:\\\/\\\/www.caudete.org\\\/ayuntamiento\\\/wp-content\\\/uploads\\\/2020\\\/11\\\/logo_ayuntamiento_caudete.jpg\",\"contentUrl\":\"https:\\\/\\\/www.caudete.org\\\/ayuntamiento\\\/wp-content\\\/uploads\\\/2020\\\/11\\\/logo_ayuntamiento_caudete.jpg\",\"width\":600,\"height\":150,\"caption\":\"Ayuntamiento de Caudete\"},\"image\":{\"@id\":\"https:\\\/\\\/www.caudete.org\\\/ayuntamiento\\\/#\\\/schema\\\/logo\\\/image\\\/\"},\"sameAs\":[\"https:\\\/\\\/www.facebook.com\\\/ayuntamientocaudete\\\/\",\"https:\\\/\\\/www.youtube.com\\\/channel\\\/UC6VztHaooNsGpw-tNoBEFnQ\"]},{\"@type\":\"Person\",\"@id\":\"https:\\\/\\\/www.caudete.org\\\/ayuntamiento\\\/#\\\/schema\\\/person\\\/4b9eab41761957db9b1bf9c418d1ef46\",\"name\":\"Dpto Informatica MI Ayuntamiento de Caudete\",\"image\":{\"@type\":\"ImageObject\",\"inLanguage\":\"es\",\"@id\":\"https:\\\/\\\/secure.gravatar.com\\\/avatar\\\/ac0321ee4a0a83e82a253e7b2d348ef539e2c8fe16d06b600bde04de1b364fa7?s=96&d=mm&r=g\",\"url\":\"https:\\\/\\\/secure.gravatar.com\\\/avatar\\\/ac0321ee4a0a83e82a253e7b2d348ef539e2c8fe16d06b600bde04de1b364fa7?s=96&d=mm&r=g\",\"contentUrl\":\"https:\\\/\\\/secure.gravatar.com\\\/avatar\\\/ac0321ee4a0a83e82a253e7b2d348ef539e2c8fe16d06b600bde04de1b364fa7?s=96&d=mm&r=g\",\"caption\":\"Dpto Informatica MI Ayuntamiento de Caudete\"},\"url\":\"https:\\\/\\\/www.caudete.org\\\/ayuntamiento\\\/author\\\/informatica\\\/\"}]}<\/script>\n<!-- \/ Yoast SEO plugin. -->","yoast_head_json":{"title":"Finalizan con \u00e9xito las mobilidades Erasmus+ FP del IES Pintor Rafael Requena Curso 2023-2024 - MI Ayuntamiento de Caudete","description":"P\u00e1gina Oficial del Ayuntamiento de Caudete (Albacete)","robots":{"index":"index","follow":"follow","max-snippet":"max-snippet:-1","max-image-preview":"max-image-preview:large","max-video-preview":"max-video-preview:-1"},"canonical":"https:\/\/www.caudete.org\/ayuntamiento\/finalizan-con-exito-las-mobilidades-erasmus-fp-del-ies-pintor-rafael-requena-curso-2023-2024\/","og_locale":"es_ES","og_type":"article","og_title":"Finalizan con \u00e9xito las mobilidades Erasmus+ FP del IES Pintor Rafael Requena Curso 2023-2024 - MI Ayuntamiento de Caudete","og_description":"P\u00e1gina Oficial del Ayuntamiento de Caudete (Albacete)","og_url":"https:\/\/www.caudete.org\/ayuntamiento\/finalizan-con-exito-las-mobilidades-erasmus-fp-del-ies-pintor-rafael-requena-curso-2023-2024\/","og_site_name":"MI Ayuntamiento de Caudete","article_publisher":"https:\/\/www.facebook.com\/ayuntamientocaudete\/","article_published_time":"2024-06-24T08:00:05+00:00","og_image":[{"width":640,"height":480,"url":"https:\/\/www.caudete.org\/ayuntamiento\/wp-content\/uploads\/2024\/06\/124207f5-b107-4447-8058-4ff31e73c459.jpg","type":"image\/jpeg"}],"author":"Dpto Informatica MI Ayuntamiento de Caudete","twitter_card":"summary_large_image","twitter_misc":{"Escrito por":"Dpto Informatica MI Ayuntamiento de Caudete","Tiempo de lectura":"2 minutos"},"schema":{"@context":"https:\/\/schema.org","@graph":[{"@type":"Article","@id":"https:\/\/www.caudete.org\/ayuntamiento\/finalizan-con-exito-las-mobilidades-erasmus-fp-del-ies-pintor-rafael-requena-curso-2023-2024\/#article","isPartOf":{"@id":"https:\/\/www.caudete.org\/ayuntamiento\/finalizan-con-exito-las-mobilidades-erasmus-fp-del-ies-pintor-rafael-requena-curso-2023-2024\/"},"author":{"name":"Dpto Informatica MI Ayuntamiento de Caudete","@id":"https:\/\/www.caudete.org\/ayuntamiento\/#\/schema\/person\/4b9eab41761957db9b1bf9c418d1ef46"},"headline":"Finalizan con \u00e9xito las mobilidades Erasmus+ FP del IES Pintor Rafael Requena Curso 2023-2024","datePublished":"2024-06-24T08:00:05+00:00","mainEntityOfPage":{"@id":"https:\/\/www.caudete.org\/ayuntamiento\/finalizan-con-exito-las-mobilidades-erasmus-fp-del-ies-pintor-rafael-requena-curso-2023-2024\/"},"wordCount":241,"publisher":{"@id":"https:\/\/www.caudete.org\/ayuntamiento\/#organization"},"image":{"@id":"https:\/\/www.caudete.org\/ayuntamiento\/finalizan-con-exito-las-mobilidades-erasmus-fp-del-ies-pintor-rafael-requena-curso-2023-2024\/#primaryimage"},"thumbnailUrl":"https:\/\/www.caudete.org\/ayuntamiento\/wp-content\/uploads\/2024\/06\/124207f5-b107-4447-8058-4ff31e73c459.jpg","articleSection":["Desarrollo Local"],"inLanguage":"es"},{"@type":"WebPage","@id":"https:\/\/www.caudete.org\/ayuntamiento\/finalizan-con-exito-las-mobilidades-erasmus-fp-del-ies-pintor-rafael-requena-curso-2023-2024\/","url":"https:\/\/www.caudete.org\/ayuntamiento\/finalizan-con-exito-las-mobilidades-erasmus-fp-del-ies-pintor-rafael-requena-curso-2023-2024\/","name":"Finalizan con \u00e9xito las mobilidades Erasmus+ FP del IES Pintor Rafael Requena Curso 2023-2024 - MI Ayuntamiento de Caudete","isPartOf":{"@id":"https:\/\/www.caudete.org\/ayuntamiento\/#website"},"primaryImageOfPage":{"@id":"https:\/\/www.caudete.org\/ayuntamiento\/finalizan-con-exito-las-mobilidades-erasmus-fp-del-ies-pintor-rafael-requena-curso-2023-2024\/#primaryimage"},"image":{"@id":"https:\/\/www.caudete.org\/ayuntamiento\/finalizan-con-exito-las-mobilidades-erasmus-fp-del-ies-pintor-rafael-requena-curso-2023-2024\/#primaryimage"},"thumbnailUrl":"https:\/\/www.caudete.org\/ayuntamiento\/wp-content\/uploads\/2024\/06\/124207f5-b107-4447-8058-4ff31e73c459.jpg","datePublished":"2024-06-24T08:00:05+00:00","description":"P\u00e1gina Oficial del Ayuntamiento de Caudete (Albacete)","breadcrumb":{"@id":"https:\/\/www.caudete.org\/ayuntamiento\/finalizan-con-exito-las-mobilidades-erasmus-fp-del-ies-pintor-rafael-requena-curso-2023-2024\/#breadcrumb"},"inLanguage":"es","potentialAction":[{"@type":"ReadAction","target":["https:\/\/www.caudete.org\/ayuntamiento\/finalizan-con-exito-las-mobilidades-erasmus-fp-del-ies-pintor-rafael-requena-curso-2023-2024\/"]}]},{"@type":"ImageObject","inLanguage":"es","@id":"https:\/\/www.caudete.org\/ayuntamiento\/finalizan-con-exito-las-mobilidades-erasmus-fp-del-ies-pintor-rafael-requena-curso-2023-2024\/#primaryimage","url":"https:\/\/www.caudete.org\/ayuntamiento\/wp-content\/uploads\/2024\/06\/124207f5-b107-4447-8058-4ff31e73c459.jpg","contentUrl":"https:\/\/www.caudete.org\/ayuntamiento\/wp-content\/uploads\/2024\/06\/124207f5-b107-4447-8058-4ff31e73c459.jpg","width":640,"height":480},{"@type":"BreadcrumbList","@id":"https:\/\/www.caudete.org\/ayuntamiento\/finalizan-con-exito-las-mobilidades-erasmus-fp-del-ies-pintor-rafael-requena-curso-2023-2024\/#breadcrumb","itemListElement":[{"@type":"ListItem","position":1,"name":"Inicio","item":"https:\/\/www.caudete.org\/ayuntamiento\/"},{"@type":"ListItem","position":2,"name":"Finalizan con \u00e9xito las mobilidades Erasmus+ FP del IES Pintor Rafael Requena Curso 2023-2024"}]},{"@type":"WebSite","@id":"https:\/\/www.caudete.org\/ayuntamiento\/#website","url":"https:\/\/www.caudete.org\/ayuntamiento\/","name":"MI Ayuntamiento de Caudete","description":"P\u00e1gina Oficial del MI Ayuntamiento de Caudete","publisher":{"@id":"https:\/\/www.caudete.org\/ayuntamiento\/#organization"},"potentialAction":[{"@type":"SearchAction","target":{"@type":"EntryPoint","urlTemplate":"https:\/\/www.caudete.org\/ayuntamiento\/?s={search_term_string}"},"query-input":{"@type":"PropertyValueSpecification","valueRequired":true,"valueName":"search_term_string"}}],"inLanguage":"es"},{"@type":"Organization","@id":"https:\/\/www.caudete.org\/ayuntamiento\/#organization","name":"Ayuntamiento de Caudete","url":"https:\/\/www.caudete.org\/ayuntamiento\/","logo":{"@type":"ImageObject","inLanguage":"es","@id":"https:\/\/www.caudete.org\/ayuntamiento\/#\/schema\/logo\/image\/","url":"https:\/\/www.caudete.org\/ayuntamiento\/wp-content\/uploads\/2020\/11\/logo_ayuntamiento_caudete.jpg","contentUrl":"https:\/\/www.caudete.org\/ayuntamiento\/wp-content\/uploads\/2020\/11\/logo_ayuntamiento_caudete.jpg","width":600,"height":150,"caption":"Ayuntamiento de Caudete"},"image":{"@id":"https:\/\/www.caudete.org\/ayuntamiento\/#\/schema\/logo\/image\/"},"sameAs":["https:\/\/www.facebook.com\/ayuntamientocaudete\/","https:\/\/www.youtube.com\/channel\/UC6VztHaooNsGpw-tNoBEFnQ"]},{"@type":"Person","@id":"https:\/\/www.caudete.org\/ayuntamiento\/#\/schema\/person\/4b9eab41761957db9b1bf9c418d1ef46","name":"Dpto Informatica MI Ayuntamiento de Caudete","image":{"@type":"ImageObject","inLanguage":"es","@id":"https:\/\/secure.gravatar.com\/avatar\/ac0321ee4a0a83e82a253e7b2d348ef539e2c8fe16d06b600bde04de1b364fa7?s=96&d=mm&r=g","url":"https:\/\/secure.gravatar.com\/avatar\/ac0321ee4a0a83e82a253e7b2d348ef539e2c8fe16d06b600bde04de1b364fa7?s=96&d=mm&r=g","contentUrl":"https:\/\/secure.gravatar.com\/avatar\/ac0321ee4a0a83e82a253e7b2d348ef539e2c8fe16d06b600bde04de1b364fa7?s=96&d=mm&r=g","caption":"Dpto Informatica MI Ayuntamiento de Caudete"},"url":"https:\/\/www.caudete.org\/ayuntamiento\/author\/informatica\/"}]}},"_links":{"self":[{"href":"https:\/\/www.caudete.org\/ayuntamiento\/wp-json\/wp\/v2\/posts\/25521","targetHints":{"allow":["GET"]}}],"collection":[{"href":"https:\/\/www.caudete.org\/ayuntamiento\/wp-json\/wp\/v2\/posts"}],"about":[{"href":"https:\/\/www.caudete.org\/ayuntamiento\/wp-json\/wp\/v2\/types\/post"}],"author":[{"embeddable":true,"href":"https:\/\/www.caudete.org\/ayuntamiento\/wp-json\/wp\/v2\/users\/5"}],"replies":[{"embeddable":true,"href":"https:\/\/www.caudete.org\/ayuntamiento\/wp-json\/wp\/v2\/comments?post=25521"}],"version-history":[{"count":1,"href":"https:\/\/www.caudete.org\/ayuntamiento\/wp-json\/wp\/v2\/posts\/25521\/revisions"}],"predecessor-version":[{"id":25527,"href":"https:\/\/www.caudete.org\/ayuntamiento\/wp-json\/wp\/v2\/posts\/25521\/revisions\/25527"}],"wp:featuredmedia":[{"embeddable":true,"href":"https:\/\/www.caudete.org\/ayuntamiento\/wp-json\/wp\/v2\/media\/25526"}],"wp:attachment":[{"href":"https:\/\/www.caudete.org\/ayuntamiento\/wp-json\/wp\/v2\/media?parent=25521"}],"wp:term":[{"taxonomy":"category","embeddable":true,"href":"https:\/\/www.caudete.org\/ayuntamiento\/wp-json\/wp\/v2\/categories?post=25521"},{"taxonomy":"post_tag","embeddable":true,"href":"https:\/\/www.caudete.org\/ayuntamiento\/wp-json\/wp\/v2\/tags?post=25521"}],"curies":[{"name":"wp","href":"https:\/\/api.w.org\/{rel}","templated":true}]}}