{"id":25528,"date":"2024-06-24T10:10:31","date_gmt":"2024-06-24T08:10:31","guid":{"rendered":"https:\/\/www.caudete.org\/ayuntamiento\/?p=25528"},"modified":"2024-06-24T14:25:43","modified_gmt":"2024-06-24T12:25:43","slug":"acogida-erasmus-irlanda-personal-entidad-social-castleblayney-community-enterprise","status":"publish","type":"post","link":"https:\/\/www.caudete.org\/ayuntamiento\/acogida-erasmus-irlanda-personal-entidad-social-castleblayney-community-enterprise\/","title":{"rendered":"Acogida Erasmus+ Irlanda personal entidad social Castleblayney Community Enterprise"},"content":{"rendered":"<p>Mar\u00eda Dolores Requena Azor\u00edn, Concejala de Desarrollo Local y Proyectos Europeos informa que durante los d\u00edas 17 y 18 de junio, continuando con la colaboraci\u00f3n con la entidad socia de Irlanda\u00a0 Castleblayney Community Enterprise, el Ayuntamiento de Caudete ha acogido a miembros de su personal directivo y de administraci\u00f3n en una actividad Erasmus+ financiada por su proyecto \u201cWidening Horizons\u201d (Ampliando Horizontes) del sector de Educaci\u00f3n Adultos. Durante su estancia, Aidan Campbell, miembro de la directiva de la entidad, as\u00ed como reci\u00e9n elegido concejal del Distrito Municipal Carrickmacross Castleblayney, y Tommy McGuire, gerente de la entidad socia, han podido reunirse con el personal del departamento de Desarrollo Local, Casa de Cultura, Museo Pintor Rafael Requena y Biblioteca Municipal Ana Mar\u00eda Matute, as\u00ed como con Taller de Arte Villa de Caudete, y profesorado del IES Pintor Rafael Requena.<\/p>\n<p>La experiencia ha permitido al personal de la entidad socia abundar en las relaciones con nuestros municipio y sus estructuras de educaci\u00f3n, as\u00ed como detectar sinergias y \u00e1mbitos de inter\u00e9s com\u00fan, que ser\u00e1n la base de futuras colaboraciones en el marco del programa, que busca favorecer la redes de contacto entre entidades de educaci\u00f3n y formaci\u00f3n en toda Europa y, en \u00faltimo t\u00e9rmino, afianzar el sentimiento de ciudadan\u00eda europea y avanzar hacia un Espacio Europeo de Educaci\u00f3n. En el pr\u00f3ximo curso, el municipio de Castleblayney acoger\u00e1 diversas actividades del proyecto Acreditado Erasmus Adultos del Ayuntamiento de Caudete, y esperamos que tambi\u00e9n se habr\u00e1n nuevas v\u00edas de colaboraci\u00f3n en el sector escolar, que permiten la colaboraci\u00f3n del IES Pintor Rafael Requena de Caudete con centros educativos de Irlanda.<\/p>\n<p><img fetchpriority=\"high\" decoding=\"async\" class=\"alignnone size-full wp-image-25530\" src=\"https:\/\/www.caudete.org\/ayuntamiento\/wp-content\/uploads\/2024\/06\/12cebae3-64de-49e1-b321-e826d4380ba1.jpg\" alt=\"\" width=\"1600\" height=\"1200\" srcset=\"https:\/\/www.caudete.org\/ayuntamiento\/wp-content\/uploads\/2024\/06\/12cebae3-64de-49e1-b321-e826d4380ba1.jpg 1600w, https:\/\/www.caudete.org\/ayuntamiento\/wp-content\/uploads\/2024\/06\/12cebae3-64de-49e1-b321-e826d4380ba1-300x225.jpg 300w, https:\/\/www.caudete.org\/ayuntamiento\/wp-content\/uploads\/2024\/06\/12cebae3-64de-49e1-b321-e826d4380ba1-1024x768.jpg 1024w, https:\/\/www.caudete.org\/ayuntamiento\/wp-content\/uploads\/2024\/06\/12cebae3-64de-49e1-b321-e826d4380ba1-768x576.jpg 768w, https:\/\/www.caudete.org\/ayuntamiento\/wp-content\/uploads\/2024\/06\/12cebae3-64de-49e1-b321-e826d4380ba1-1536x1152.jpg 1536w\" sizes=\"(max-width: 1600px) 100vw, 1600px\" \/> <img decoding=\"async\" class=\"alignnone size-full wp-image-25531\" src=\"https:\/\/www.caudete.org\/ayuntamiento\/wp-content\/uploads\/2024\/06\/40bff177-ecdb-497e-ad13-1108d11e0f1d.jpg\" alt=\"\" width=\"2048\" height=\"923\" srcset=\"https:\/\/www.caudete.org\/ayuntamiento\/wp-content\/uploads\/2024\/06\/40bff177-ecdb-497e-ad13-1108d11e0f1d.jpg 2048w, https:\/\/www.caudete.org\/ayuntamiento\/wp-content\/uploads\/2024\/06\/40bff177-ecdb-497e-ad13-1108d11e0f1d-300x135.jpg 300w, https:\/\/www.caudete.org\/ayuntamiento\/wp-content\/uploads\/2024\/06\/40bff177-ecdb-497e-ad13-1108d11e0f1d-1024x462.jpg 1024w, https:\/\/www.caudete.org\/ayuntamiento\/wp-content\/uploads\/2024\/06\/40bff177-ecdb-497e-ad13-1108d11e0f1d-768x346.jpg 768w, https:\/\/www.caudete.org\/ayuntamiento\/wp-content\/uploads\/2024\/06\/40bff177-ecdb-497e-ad13-1108d11e0f1d-1536x692.jpg 1536w\" sizes=\"(max-width: 2048px) 100vw, 2048px\" \/> <img decoding=\"async\" class=\"alignnone size-full wp-image-25532\" src=\"https:\/\/www.caudete.org\/ayuntamiento\/wp-content\/uploads\/2024\/06\/IMG_7510.jpg\" alt=\"\" width=\"640\" height=\"480\" srcset=\"https:\/\/www.caudete.org\/ayuntamiento\/wp-content\/uploads\/2024\/06\/IMG_7510.jpg 640w, https:\/\/www.caudete.org\/ayuntamiento\/wp-content\/uploads\/2024\/06\/IMG_7510-300x225.jpg 300w\" sizes=\"(max-width: 640px) 100vw, 640px\" \/><\/p>\n<p><img loading=\"lazy\" decoding=\"async\" class=\"alignnone size-full wp-image-25535\" src=\"https:\/\/www.caudete.org\/ayuntamiento\/wp-content\/uploads\/2024\/06\/33c24c81-e074-4f89-8889-568e79f08627-1.jpg\" alt=\"\" width=\"1600\" height=\"1200\" srcset=\"https:\/\/www.caudete.org\/ayuntamiento\/wp-content\/uploads\/2024\/06\/33c24c81-e074-4f89-8889-568e79f08627-1.jpg 1600w, https:\/\/www.caudete.org\/ayuntamiento\/wp-content\/uploads\/2024\/06\/33c24c81-e074-4f89-8889-568e79f08627-1-300x225.jpg 300w, https:\/\/www.caudete.org\/ayuntamiento\/wp-content\/uploads\/2024\/06\/33c24c81-e074-4f89-8889-568e79f08627-1-1024x768.jpg 1024w, https:\/\/www.caudete.org\/ayuntamiento\/wp-content\/uploads\/2024\/06\/33c24c81-e074-4f89-8889-568e79f08627-1-768x576.jpg 768w, https:\/\/www.caudete.org\/ayuntamiento\/wp-content\/uploads\/2024\/06\/33c24c81-e074-4f89-8889-568e79f08627-1-1536x1152.jpg 1536w\" sizes=\"(max-width: 1600px) 100vw, 1600px\" \/><\/p>\n","protected":false},"excerpt":{"rendered":"<p>Mar\u00eda Dolores Requena Azor\u00edn, Concejala de Desarrollo Local y Proyectos Europeos informa que durante los d\u00edas 17 y 18 de junio, continuando con la colaboraci\u00f3n con la entidad socia de Irlanda\u00a0 Castleblayney Community Enterprise, el Ayuntamiento de Caudete ha acogido a miembros de su personal directivo y de administraci\u00f3n en una actividad Erasmus+ financiada por &hellip;<\/p>\n","protected":false},"author":5,"featured_media":25553,"comment_status":"closed","ping_status":"open","sticky":false,"template":"","format":"standard","meta":{"ngg_post_thumbnail":0,"footnotes":""},"categories":[87],"tags":[],"class_list":["post-25528","post","type-post","status-publish","format-standard","has-post-thumbnail","hentry","category-desarrollo-local"],"yoast_head":"<!-- This site is optimized with the Yoast SEO plugin v27.4 - https:\/\/yoast.com\/product\/yoast-seo-wordpress\/ -->\n<title>Acogida Erasmus+ Irlanda personal entidad social Castleblayney Community Enterprise - MI Ayuntamiento de Caudete<\/title>\n<meta name=\"description\" content=\"P\u00e1gina Oficial del Ayuntamiento de Caudete (Albacete)\" \/>\n<meta name=\"robots\" content=\"index, follow, max-snippet:-1, max-image-preview:large, max-video-preview:-1\" \/>\n<link rel=\"canonical\" href=\"https:\/\/www.caudete.org\/ayuntamiento\/acogida-erasmus-irlanda-personal-entidad-social-castleblayney-community-enterprise\/\" \/>\n<meta property=\"og:locale\" content=\"es_ES\" \/>\n<meta property=\"og:type\" content=\"article\" \/>\n<meta property=\"og:title\" content=\"Acogida Erasmus+ Irlanda personal entidad social Castleblayney Community Enterprise - MI Ayuntamiento de Caudete\" \/>\n<meta property=\"og:description\" content=\"P\u00e1gina Oficial del Ayuntamiento de Caudete (Albacete)\" \/>\n<meta property=\"og:url\" content=\"https:\/\/www.caudete.org\/ayuntamiento\/acogida-erasmus-irlanda-personal-entidad-social-castleblayney-community-enterprise\/\" \/>\n<meta property=\"og:site_name\" content=\"MI Ayuntamiento de Caudete\" \/>\n<meta property=\"article:publisher\" content=\"https:\/\/www.facebook.com\/ayuntamientocaudete\/\" \/>\n<meta property=\"article:published_time\" content=\"2024-06-24T08:10:31+00:00\" \/>\n<meta property=\"article:modified_time\" content=\"2024-06-24T12:25:43+00:00\" \/>\n<meta property=\"og:image\" content=\"https:\/\/www.caudete.org\/ayuntamiento\/wp-content\/uploads\/2024\/06\/IMG_7510-1.jpg\" \/>\n\t<meta property=\"og:image:width\" content=\"640\" \/>\n\t<meta property=\"og:image:height\" content=\"480\" \/>\n\t<meta property=\"og:image:type\" content=\"image\/jpeg\" \/>\n<meta name=\"author\" content=\"Dpto Informatica MI Ayuntamiento de Caudete\" \/>\n<meta name=\"twitter:card\" content=\"summary_large_image\" \/>\n<meta name=\"twitter:label1\" content=\"Escrito por\" \/>\n\t<meta name=\"twitter:data1\" content=\"Dpto Informatica MI Ayuntamiento de Caudete\" \/>\n\t<meta name=\"twitter:label2\" content=\"Tiempo de lectura\" \/>\n\t<meta name=\"twitter:data2\" content=\"3 minutos\" \/>\n<script type=\"application\/ld+json\" class=\"yoast-schema-graph\">{\"@context\":\"https:\\\/\\\/schema.org\",\"@graph\":[{\"@type\":\"Article\",\"@id\":\"https:\\\/\\\/www.caudete.org\\\/ayuntamiento\\\/acogida-erasmus-irlanda-personal-entidad-social-castleblayney-community-enterprise\\\/#article\",\"isPartOf\":{\"@id\":\"https:\\\/\\\/www.caudete.org\\\/ayuntamiento\\\/acogida-erasmus-irlanda-personal-entidad-social-castleblayney-community-enterprise\\\/\"},\"author\":{\"name\":\"Dpto Informatica MI Ayuntamiento de Caudete\",\"@id\":\"https:\\\/\\\/www.caudete.org\\\/ayuntamiento\\\/#\\\/schema\\\/person\\\/4b9eab41761957db9b1bf9c418d1ef46\"},\"headline\":\"Acogida Erasmus+ Irlanda personal entidad social Castleblayney Community Enterprise\",\"datePublished\":\"2024-06-24T08:10:31+00:00\",\"dateModified\":\"2024-06-24T12:25:43+00:00\",\"mainEntityOfPage\":{\"@id\":\"https:\\\/\\\/www.caudete.org\\\/ayuntamiento\\\/acogida-erasmus-irlanda-personal-entidad-social-castleblayney-community-enterprise\\\/\"},\"wordCount\":293,\"publisher\":{\"@id\":\"https:\\\/\\\/www.caudete.org\\\/ayuntamiento\\\/#organization\"},\"image\":{\"@id\":\"https:\\\/\\\/www.caudete.org\\\/ayuntamiento\\\/acogida-erasmus-irlanda-personal-entidad-social-castleblayney-community-enterprise\\\/#primaryimage\"},\"thumbnailUrl\":\"https:\\\/\\\/www.caudete.org\\\/ayuntamiento\\\/wp-content\\\/uploads\\\/2024\\\/06\\\/IMG_7510-1.jpg\",\"articleSection\":[\"Desarrollo Local\"],\"inLanguage\":\"es\"},{\"@type\":\"WebPage\",\"@id\":\"https:\\\/\\\/www.caudete.org\\\/ayuntamiento\\\/acogida-erasmus-irlanda-personal-entidad-social-castleblayney-community-enterprise\\\/\",\"url\":\"https:\\\/\\\/www.caudete.org\\\/ayuntamiento\\\/acogida-erasmus-irlanda-personal-entidad-social-castleblayney-community-enterprise\\\/\",\"name\":\"Acogida Erasmus+ Irlanda personal entidad social Castleblayney Community Enterprise - MI Ayuntamiento de Caudete\",\"isPartOf\":{\"@id\":\"https:\\\/\\\/www.caudete.org\\\/ayuntamiento\\\/#website\"},\"primaryImageOfPage\":{\"@id\":\"https:\\\/\\\/www.caudete.org\\\/ayuntamiento\\\/acogida-erasmus-irlanda-personal-entidad-social-castleblayney-community-enterprise\\\/#primaryimage\"},\"image\":{\"@id\":\"https:\\\/\\\/www.caudete.org\\\/ayuntamiento\\\/acogida-erasmus-irlanda-personal-entidad-social-castleblayney-community-enterprise\\\/#primaryimage\"},\"thumbnailUrl\":\"https:\\\/\\\/www.caudete.org\\\/ayuntamiento\\\/wp-content\\\/uploads\\\/2024\\\/06\\\/IMG_7510-1.jpg\",\"datePublished\":\"2024-06-24T08:10:31+00:00\",\"dateModified\":\"2024-06-24T12:25:43+00:00\",\"description\":\"P\u00e1gina Oficial del Ayuntamiento de Caudete (Albacete)\",\"breadcrumb\":{\"@id\":\"https:\\\/\\\/www.caudete.org\\\/ayuntamiento\\\/acogida-erasmus-irlanda-personal-entidad-social-castleblayney-community-enterprise\\\/#breadcrumb\"},\"inLanguage\":\"es\",\"potentialAction\":[{\"@type\":\"ReadAction\",\"target\":[\"https:\\\/\\\/www.caudete.org\\\/ayuntamiento\\\/acogida-erasmus-irlanda-personal-entidad-social-castleblayney-community-enterprise\\\/\"]}]},{\"@type\":\"ImageObject\",\"inLanguage\":\"es\",\"@id\":\"https:\\\/\\\/www.caudete.org\\\/ayuntamiento\\\/acogida-erasmus-irlanda-personal-entidad-social-castleblayney-community-enterprise\\\/#primaryimage\",\"url\":\"https:\\\/\\\/www.caudete.org\\\/ayuntamiento\\\/wp-content\\\/uploads\\\/2024\\\/06\\\/IMG_7510-1.jpg\",\"contentUrl\":\"https:\\\/\\\/www.caudete.org\\\/ayuntamiento\\\/wp-content\\\/uploads\\\/2024\\\/06\\\/IMG_7510-1.jpg\",\"width\":640,\"height\":480},{\"@type\":\"BreadcrumbList\",\"@id\":\"https:\\\/\\\/www.caudete.org\\\/ayuntamiento\\\/acogida-erasmus-irlanda-personal-entidad-social-castleblayney-community-enterprise\\\/#breadcrumb\",\"itemListElement\":[{\"@type\":\"ListItem\",\"position\":1,\"name\":\"Inicio\",\"item\":\"https:\\\/\\\/www.caudete.org\\\/ayuntamiento\\\/\"},{\"@type\":\"ListItem\",\"position\":2,\"name\":\"Acogida Erasmus+ Irlanda personal entidad social Castleblayney Community Enterprise\"}]},{\"@type\":\"WebSite\",\"@id\":\"https:\\\/\\\/www.caudete.org\\\/ayuntamiento\\\/#website\",\"url\":\"https:\\\/\\\/www.caudete.org\\\/ayuntamiento\\\/\",\"name\":\"MI Ayuntamiento de Caudete\",\"description\":\"P\u00e1gina Oficial del MI Ayuntamiento de Caudete\",\"publisher\":{\"@id\":\"https:\\\/\\\/www.caudete.org\\\/ayuntamiento\\\/#organization\"},\"potentialAction\":[{\"@type\":\"SearchAction\",\"target\":{\"@type\":\"EntryPoint\",\"urlTemplate\":\"https:\\\/\\\/www.caudete.org\\\/ayuntamiento\\\/?s={search_term_string}\"},\"query-input\":{\"@type\":\"PropertyValueSpecification\",\"valueRequired\":true,\"valueName\":\"search_term_string\"}}],\"inLanguage\":\"es\"},{\"@type\":\"Organization\",\"@id\":\"https:\\\/\\\/www.caudete.org\\\/ayuntamiento\\\/#organization\",\"name\":\"Ayuntamiento de Caudete\",\"url\":\"https:\\\/\\\/www.caudete.org\\\/ayuntamiento\\\/\",\"logo\":{\"@type\":\"ImageObject\",\"inLanguage\":\"es\",\"@id\":\"https:\\\/\\\/www.caudete.org\\\/ayuntamiento\\\/#\\\/schema\\\/logo\\\/image\\\/\",\"url\":\"https:\\\/\\\/www.caudete.org\\\/ayuntamiento\\\/wp-content\\\/uploads\\\/2020\\\/11\\\/logo_ayuntamiento_caudete.jpg\",\"contentUrl\":\"https:\\\/\\\/www.caudete.org\\\/ayuntamiento\\\/wp-content\\\/uploads\\\/2020\\\/11\\\/logo_ayuntamiento_caudete.jpg\",\"width\":600,\"height\":150,\"caption\":\"Ayuntamiento de Caudete\"},\"image\":{\"@id\":\"https:\\\/\\\/www.caudete.org\\\/ayuntamiento\\\/#\\\/schema\\\/logo\\\/image\\\/\"},\"sameAs\":[\"https:\\\/\\\/www.facebook.com\\\/ayuntamientocaudete\\\/\",\"https:\\\/\\\/www.youtube.com\\\/channel\\\/UC6VztHaooNsGpw-tNoBEFnQ\"]},{\"@type\":\"Person\",\"@id\":\"https:\\\/\\\/www.caudete.org\\\/ayuntamiento\\\/#\\\/schema\\\/person\\\/4b9eab41761957db9b1bf9c418d1ef46\",\"name\":\"Dpto Informatica MI Ayuntamiento de Caudete\",\"image\":{\"@type\":\"ImageObject\",\"inLanguage\":\"es\",\"@id\":\"https:\\\/\\\/secure.gravatar.com\\\/avatar\\\/ac0321ee4a0a83e82a253e7b2d348ef539e2c8fe16d06b600bde04de1b364fa7?s=96&d=mm&r=g\",\"url\":\"https:\\\/\\\/secure.gravatar.com\\\/avatar\\\/ac0321ee4a0a83e82a253e7b2d348ef539e2c8fe16d06b600bde04de1b364fa7?s=96&d=mm&r=g\",\"contentUrl\":\"https:\\\/\\\/secure.gravatar.com\\\/avatar\\\/ac0321ee4a0a83e82a253e7b2d348ef539e2c8fe16d06b600bde04de1b364fa7?s=96&d=mm&r=g\",\"caption\":\"Dpto Informatica MI Ayuntamiento de Caudete\"},\"url\":\"https:\\\/\\\/www.caudete.org\\\/ayuntamiento\\\/author\\\/informatica\\\/\"}]}<\/script>\n<!-- \/ Yoast SEO plugin. -->","yoast_head_json":{"title":"Acogida Erasmus+ Irlanda personal entidad social Castleblayney Community Enterprise - MI Ayuntamiento de Caudete","description":"P\u00e1gina Oficial del Ayuntamiento de Caudete (Albacete)","robots":{"index":"index","follow":"follow","max-snippet":"max-snippet:-1","max-image-preview":"max-image-preview:large","max-video-preview":"max-video-preview:-1"},"canonical":"https:\/\/www.caudete.org\/ayuntamiento\/acogida-erasmus-irlanda-personal-entidad-social-castleblayney-community-enterprise\/","og_locale":"es_ES","og_type":"article","og_title":"Acogida Erasmus+ Irlanda personal entidad social Castleblayney Community Enterprise - MI Ayuntamiento de Caudete","og_description":"P\u00e1gina Oficial del Ayuntamiento de Caudete (Albacete)","og_url":"https:\/\/www.caudete.org\/ayuntamiento\/acogida-erasmus-irlanda-personal-entidad-social-castleblayney-community-enterprise\/","og_site_name":"MI Ayuntamiento de Caudete","article_publisher":"https:\/\/www.facebook.com\/ayuntamientocaudete\/","article_published_time":"2024-06-24T08:10:31+00:00","article_modified_time":"2024-06-24T12:25:43+00:00","og_image":[{"width":640,"height":480,"url":"https:\/\/www.caudete.org\/ayuntamiento\/wp-content\/uploads\/2024\/06\/IMG_7510-1.jpg","type":"image\/jpeg"}],"author":"Dpto Informatica MI Ayuntamiento de Caudete","twitter_card":"summary_large_image","twitter_misc":{"Escrito por":"Dpto Informatica MI Ayuntamiento de Caudete","Tiempo de lectura":"3 minutos"},"schema":{"@context":"https:\/\/schema.org","@graph":[{"@type":"Article","@id":"https:\/\/www.caudete.org\/ayuntamiento\/acogida-erasmus-irlanda-personal-entidad-social-castleblayney-community-enterprise\/#article","isPartOf":{"@id":"https:\/\/www.caudete.org\/ayuntamiento\/acogida-erasmus-irlanda-personal-entidad-social-castleblayney-community-enterprise\/"},"author":{"name":"Dpto Informatica MI Ayuntamiento de Caudete","@id":"https:\/\/www.caudete.org\/ayuntamiento\/#\/schema\/person\/4b9eab41761957db9b1bf9c418d1ef46"},"headline":"Acogida Erasmus+ Irlanda personal entidad social Castleblayney Community Enterprise","datePublished":"2024-06-24T08:10:31+00:00","dateModified":"2024-06-24T12:25:43+00:00","mainEntityOfPage":{"@id":"https:\/\/www.caudete.org\/ayuntamiento\/acogida-erasmus-irlanda-personal-entidad-social-castleblayney-community-enterprise\/"},"wordCount":293,"publisher":{"@id":"https:\/\/www.caudete.org\/ayuntamiento\/#organization"},"image":{"@id":"https:\/\/www.caudete.org\/ayuntamiento\/acogida-erasmus-irlanda-personal-entidad-social-castleblayney-community-enterprise\/#primaryimage"},"thumbnailUrl":"https:\/\/www.caudete.org\/ayuntamiento\/wp-content\/uploads\/2024\/06\/IMG_7510-1.jpg","articleSection":["Desarrollo Local"],"inLanguage":"es"},{"@type":"WebPage","@id":"https:\/\/www.caudete.org\/ayuntamiento\/acogida-erasmus-irlanda-personal-entidad-social-castleblayney-community-enterprise\/","url":"https:\/\/www.caudete.org\/ayuntamiento\/acogida-erasmus-irlanda-personal-entidad-social-castleblayney-community-enterprise\/","name":"Acogida Erasmus+ Irlanda personal entidad social Castleblayney Community Enterprise - MI Ayuntamiento de Caudete","isPartOf":{"@id":"https:\/\/www.caudete.org\/ayuntamiento\/#website"},"primaryImageOfPage":{"@id":"https:\/\/www.caudete.org\/ayuntamiento\/acogida-erasmus-irlanda-personal-entidad-social-castleblayney-community-enterprise\/#primaryimage"},"image":{"@id":"https:\/\/www.caudete.org\/ayuntamiento\/acogida-erasmus-irlanda-personal-entidad-social-castleblayney-community-enterprise\/#primaryimage"},"thumbnailUrl":"https:\/\/www.caudete.org\/ayuntamiento\/wp-content\/uploads\/2024\/06\/IMG_7510-1.jpg","datePublished":"2024-06-24T08:10:31+00:00","dateModified":"2024-06-24T12:25:43+00:00","description":"P\u00e1gina Oficial del Ayuntamiento de Caudete (Albacete)","breadcrumb":{"@id":"https:\/\/www.caudete.org\/ayuntamiento\/acogida-erasmus-irlanda-personal-entidad-social-castleblayney-community-enterprise\/#breadcrumb"},"inLanguage":"es","potentialAction":[{"@type":"ReadAction","target":["https:\/\/www.caudete.org\/ayuntamiento\/acogida-erasmus-irlanda-personal-entidad-social-castleblayney-community-enterprise\/"]}]},{"@type":"ImageObject","inLanguage":"es","@id":"https:\/\/www.caudete.org\/ayuntamiento\/acogida-erasmus-irlanda-personal-entidad-social-castleblayney-community-enterprise\/#primaryimage","url":"https:\/\/www.caudete.org\/ayuntamiento\/wp-content\/uploads\/2024\/06\/IMG_7510-1.jpg","contentUrl":"https:\/\/www.caudete.org\/ayuntamiento\/wp-content\/uploads\/2024\/06\/IMG_7510-1.jpg","width":640,"height":480},{"@type":"BreadcrumbList","@id":"https:\/\/www.caudete.org\/ayuntamiento\/acogida-erasmus-irlanda-personal-entidad-social-castleblayney-community-enterprise\/#breadcrumb","itemListElement":[{"@type":"ListItem","position":1,"name":"Inicio","item":"https:\/\/www.caudete.org\/ayuntamiento\/"},{"@type":"ListItem","position":2,"name":"Acogida Erasmus+ Irlanda personal entidad social Castleblayney Community Enterprise"}]},{"@type":"WebSite","@id":"https:\/\/www.caudete.org\/ayuntamiento\/#website","url":"https:\/\/www.caudete.org\/ayuntamiento\/","name":"MI Ayuntamiento de Caudete","description":"P\u00e1gina Oficial del MI Ayuntamiento de Caudete","publisher":{"@id":"https:\/\/www.caudete.org\/ayuntamiento\/#organization"},"potentialAction":[{"@type":"SearchAction","target":{"@type":"EntryPoint","urlTemplate":"https:\/\/www.caudete.org\/ayuntamiento\/?s={search_term_string}"},"query-input":{"@type":"PropertyValueSpecification","valueRequired":true,"valueName":"search_term_string"}}],"inLanguage":"es"},{"@type":"Organization","@id":"https:\/\/www.caudete.org\/ayuntamiento\/#organization","name":"Ayuntamiento de Caudete","url":"https:\/\/www.caudete.org\/ayuntamiento\/","logo":{"@type":"ImageObject","inLanguage":"es","@id":"https:\/\/www.caudete.org\/ayuntamiento\/#\/schema\/logo\/image\/","url":"https:\/\/www.caudete.org\/ayuntamiento\/wp-content\/uploads\/2020\/11\/logo_ayuntamiento_caudete.jpg","contentUrl":"https:\/\/www.caudete.org\/ayuntamiento\/wp-content\/uploads\/2020\/11\/logo_ayuntamiento_caudete.jpg","width":600,"height":150,"caption":"Ayuntamiento de Caudete"},"image":{"@id":"https:\/\/www.caudete.org\/ayuntamiento\/#\/schema\/logo\/image\/"},"sameAs":["https:\/\/www.facebook.com\/ayuntamientocaudete\/","https:\/\/www.youtube.com\/channel\/UC6VztHaooNsGpw-tNoBEFnQ"]},{"@type":"Person","@id":"https:\/\/www.caudete.org\/ayuntamiento\/#\/schema\/person\/4b9eab41761957db9b1bf9c418d1ef46","name":"Dpto Informatica MI Ayuntamiento de Caudete","image":{"@type":"ImageObject","inLanguage":"es","@id":"https:\/\/secure.gravatar.com\/avatar\/ac0321ee4a0a83e82a253e7b2d348ef539e2c8fe16d06b600bde04de1b364fa7?s=96&d=mm&r=g","url":"https:\/\/secure.gravatar.com\/avatar\/ac0321ee4a0a83e82a253e7b2d348ef539e2c8fe16d06b600bde04de1b364fa7?s=96&d=mm&r=g","contentUrl":"https:\/\/secure.gravatar.com\/avatar\/ac0321ee4a0a83e82a253e7b2d348ef539e2c8fe16d06b600bde04de1b364fa7?s=96&d=mm&r=g","caption":"Dpto Informatica MI Ayuntamiento de Caudete"},"url":"https:\/\/www.caudete.org\/ayuntamiento\/author\/informatica\/"}]}},"_links":{"self":[{"href":"https:\/\/www.caudete.org\/ayuntamiento\/wp-json\/wp\/v2\/posts\/25528","targetHints":{"allow":["GET"]}}],"collection":[{"href":"https:\/\/www.caudete.org\/ayuntamiento\/wp-json\/wp\/v2\/posts"}],"about":[{"href":"https:\/\/www.caudete.org\/ayuntamiento\/wp-json\/wp\/v2\/types\/post"}],"author":[{"embeddable":true,"href":"https:\/\/www.caudete.org\/ayuntamiento\/wp-json\/wp\/v2\/users\/5"}],"replies":[{"embeddable":true,"href":"https:\/\/www.caudete.org\/ayuntamiento\/wp-json\/wp\/v2\/comments?post=25528"}],"version-history":[{"count":2,"href":"https:\/\/www.caudete.org\/ayuntamiento\/wp-json\/wp\/v2\/posts\/25528\/revisions"}],"predecessor-version":[{"id":25536,"href":"https:\/\/www.caudete.org\/ayuntamiento\/wp-json\/wp\/v2\/posts\/25528\/revisions\/25536"}],"wp:featuredmedia":[{"embeddable":true,"href":"https:\/\/www.caudete.org\/ayuntamiento\/wp-json\/wp\/v2\/media\/25553"}],"wp:attachment":[{"href":"https:\/\/www.caudete.org\/ayuntamiento\/wp-json\/wp\/v2\/media?parent=25528"}],"wp:term":[{"taxonomy":"category","embeddable":true,"href":"https:\/\/www.caudete.org\/ayuntamiento\/wp-json\/wp\/v2\/categories?post=25528"},{"taxonomy":"post_tag","embeddable":true,"href":"https:\/\/www.caudete.org\/ayuntamiento\/wp-json\/wp\/v2\/tags?post=25528"}],"curies":[{"name":"wp","href":"https:\/\/api.w.org\/{rel}","templated":true}]}}