{"id":25572,"date":"2024-07-01T10:06:43","date_gmt":"2024-07-01T08:06:43","guid":{"rendered":"https:\/\/www.caudete.org\/ayuntamiento\/?p=25572"},"modified":"2024-07-01T12:58:35","modified_gmt":"2024-07-01T10:58:35","slug":"mas-de-100-familias-se-benefician-del-plan-corresponsables","status":"publish","type":"post","link":"https:\/\/www.caudete.org\/ayuntamiento\/mas-de-100-familias-se-benefician-del-plan-corresponsables\/","title":{"rendered":"Mas de 100 familias se benefician del Plan Corresponsables"},"content":{"rendered":"<p style=\"text-align: justify;\" align=\"justify\">Mar\u00eda Mart\u00ednez Garc\u00eda, Concejal de Igualdad Social, Bienestar y Familia, valora positivamente la implicaci\u00f3n de las familias caudetanas en las actividades que se han desarrollado durante este a\u00f1o, y que se hace coincidir con el calendario escolar de educaci\u00f3n infantil y primaria.<\/p>\n<p style=\"text-align: justify;\" align=\"justify\">Durante el cuso escolar 2023-2024 se han atendido m\u00e1s de 100 solicitudes de familias caudetanas que ten\u00edan necesidades de conciliar. Las acciones de corresponsabilidad han contado con la intervenci\u00f3n de m\u00e1s de 200 ni\u00f1os y ni\u00f1as de nuestra localidad.<\/p>\n<p style=\"text-align: justify;\" align=\"justify\">La Concejala de Igualdad destaca los objetivos conseguidos a trav\u00e9s de esta iniciativa:<\/p>\n<ol>\n<li>Ofrecer un servicio de conciliaci\u00f3n laboral, familiar y personal para madres y padres del alumnado de infantil y primaria de nuestro municipio.<\/li>\n<li>Fomentar la igualdad y la corresponsabilidad en los cuidados de las familiar con menores a cargo.<\/li>\n<li>Garantizar el acceso a las familias participantes que conforman los grupos prioritarios.<\/li>\n<li>Posibilitar un espacio para los\/as menores donde se desarrollen actividades l\u00fadico-educativas.<\/li>\n<li>Crear empleo en el sector de los cuidados.<\/li>\n<\/ol>\n<p style=\"text-align: justify;\" align=\"justify\">Dado el \u00e9xito de participaci\u00f3n y uso de las actividades propuestas a trav\u00e9s del Plan Corresponsables, desde la Concejal\u00eda de Igualdad se informa que el Centro de la Mujer de Caudete est\u00e1 trabajando para poder volver a iniciar el nuevo curso escolar con otra edici\u00f3n del citado Plan en la localidad.<\/p>\n<p style=\"text-align: justify;\" align=\"justify\"><i>Recordar que en el a\u00f1o 2021 se inicio esta pol\u00edtica publica con el objetivo de emprender un sistema de cuidados integrales desde una perspectiva de g\u00e9nero dentro Decreto 58\/2023, de 20 de junio, por el que regula la concesi\u00f3n directa de subvenciones a municipios y a entidades de \u00e1mbito territorial inferior al municipio (Eatim) de Castilla-La Mancha para el desarrollo de actuaciones incluidas en el Plan Corresponsables. Esta actividad pretende favorecer la conciliaci\u00f3n y la corresponsabilidad en nuestro municipio.<\/i><\/p>\n<p style=\"text-align: justify;\" align=\"center\"><b>En breve se comunicar\u00e1n las bases para la convocatoria del curso 2024\/25. <\/b><\/p>\n<p style=\"text-align: justify;\" align=\"justify\">Finalmente destacar la fiesta de fin de curso. Evento que se ha desarrollado de una forma <u><b>\u201csuper divertida\u201d<\/b><\/u>, con una tem\u00e1tica inspirada en M\u00e9xico, donde todos los ni\u00f1os\/as, junto a sus monitoras han acudido con la vestimenta para la ocasi\u00f3n y a\u00ed deleitar a sus familias con bailes y diversos juegos en el CEIP Gloria Fuertes.<\/p>\n<p style=\"text-align: justify;\" align=\"justify\">Feliz verano a todas las personas que han hecho posible este curso desde esta concejalia de Familia, Bienestar e Igualdad Social y desde el Centro de la Mujer de Caudete. \u201c GRACIAS\u201d.<\/p>\n","protected":false},"excerpt":{"rendered":"<p>Mar\u00eda Mart\u00ednez Garc\u00eda, Concejal de Igualdad Social, Bienestar y Familia, valora positivamente la implicaci\u00f3n de las familias caudetanas en las actividades que se han desarrollado durante este a\u00f1o, y que se hace coincidir con el calendario escolar de educaci\u00f3n infantil y primaria. Durante el cuso escolar 2023-2024 se han atendido m\u00e1s de 100 solicitudes de &hellip;<\/p>\n","protected":false},"author":3,"featured_media":25573,"comment_status":"closed","ping_status":"open","sticky":false,"template":"","format":"standard","meta":{"ngg_post_thumbnail":0,"footnotes":""},"categories":[522],"tags":[],"class_list":["post-25572","post","type-post","status-publish","format-standard","has-post-thumbnail","hentry","category-igualdad"],"yoast_head":"<!-- This site is optimized with the Yoast SEO plugin v27.5 - https:\/\/yoast.com\/product\/yoast-seo-wordpress\/ -->\n<title>Mas de 100 familias se benefician del Plan Corresponsables - MI Ayuntamiento de Caudete<\/title>\n<meta name=\"description\" content=\"P\u00e1gina Oficial del Ayuntamiento de Caudete (Albacete)\" \/>\n<meta name=\"robots\" content=\"index, follow, max-snippet:-1, max-image-preview:large, max-video-preview:-1\" \/>\n<link rel=\"canonical\" href=\"https:\/\/www.caudete.org\/ayuntamiento\/mas-de-100-familias-se-benefician-del-plan-corresponsables\/\" \/>\n<meta property=\"og:locale\" content=\"es_ES\" \/>\n<meta property=\"og:type\" content=\"article\" \/>\n<meta property=\"og:title\" content=\"Mas de 100 familias se benefician del Plan Corresponsables - MI Ayuntamiento de Caudete\" \/>\n<meta property=\"og:description\" content=\"P\u00e1gina Oficial del Ayuntamiento de Caudete (Albacete)\" \/>\n<meta property=\"og:url\" content=\"https:\/\/www.caudete.org\/ayuntamiento\/mas-de-100-familias-se-benefician-del-plan-corresponsables\/\" \/>\n<meta property=\"og:site_name\" content=\"MI Ayuntamiento de Caudete\" \/>\n<meta property=\"article:publisher\" content=\"https:\/\/www.facebook.com\/ayuntamientocaudete\/\" \/>\n<meta property=\"article:published_time\" content=\"2024-07-01T08:06:43+00:00\" \/>\n<meta property=\"article:modified_time\" content=\"2024-07-01T10:58:35+00:00\" \/>\n<meta property=\"og:image\" content=\"https:\/\/www.caudete.org\/ayuntamiento\/wp-content\/uploads\/2024\/07\/FIN-DE-CURSO-CORRESPONSALBE-2324.jpg\" \/>\n\t<meta property=\"og:image:width\" content=\"1536\" \/>\n\t<meta property=\"og:image:height\" content=\"1152\" \/>\n\t<meta property=\"og:image:type\" content=\"image\/jpeg\" \/>\n<meta name=\"author\" content=\"alcalde\" \/>\n<meta name=\"twitter:card\" content=\"summary_large_image\" \/>\n<meta name=\"twitter:label1\" content=\"Escrito por\" \/>\n\t<meta name=\"twitter:data1\" content=\"alcalde\" \/>\n\t<meta name=\"twitter:label2\" content=\"Tiempo de lectura\" \/>\n\t<meta name=\"twitter:data2\" content=\"2 minutos\" \/>\n<script type=\"application\/ld+json\" class=\"yoast-schema-graph\">{\"@context\":\"https:\\\/\\\/schema.org\",\"@graph\":[{\"@type\":\"Article\",\"@id\":\"https:\\\/\\\/www.caudete.org\\\/ayuntamiento\\\/mas-de-100-familias-se-benefician-del-plan-corresponsables\\\/#article\",\"isPartOf\":{\"@id\":\"https:\\\/\\\/www.caudete.org\\\/ayuntamiento\\\/mas-de-100-familias-se-benefician-del-plan-corresponsables\\\/\"},\"author\":{\"name\":\"alcalde\",\"@id\":\"https:\\\/\\\/www.caudete.org\\\/ayuntamiento\\\/#\\\/schema\\\/person\\\/cc646da9133078ee4d8dd47457947253\"},\"headline\":\"Mas de 100 familias se benefician del Plan Corresponsables\",\"datePublished\":\"2024-07-01T08:06:43+00:00\",\"dateModified\":\"2024-07-01T10:58:35+00:00\",\"mainEntityOfPage\":{\"@id\":\"https:\\\/\\\/www.caudete.org\\\/ayuntamiento\\\/mas-de-100-familias-se-benefician-del-plan-corresponsables\\\/\"},\"wordCount\":425,\"publisher\":{\"@id\":\"https:\\\/\\\/www.caudete.org\\\/ayuntamiento\\\/#organization\"},\"image\":{\"@id\":\"https:\\\/\\\/www.caudete.org\\\/ayuntamiento\\\/mas-de-100-familias-se-benefician-del-plan-corresponsables\\\/#primaryimage\"},\"thumbnailUrl\":\"https:\\\/\\\/www.caudete.org\\\/ayuntamiento\\\/wp-content\\\/uploads\\\/2024\\\/07\\\/FIN-DE-CURSO-CORRESPONSALBE-2324.jpg\",\"articleSection\":[\"Igualdad\"],\"inLanguage\":\"es\"},{\"@type\":\"WebPage\",\"@id\":\"https:\\\/\\\/www.caudete.org\\\/ayuntamiento\\\/mas-de-100-familias-se-benefician-del-plan-corresponsables\\\/\",\"url\":\"https:\\\/\\\/www.caudete.org\\\/ayuntamiento\\\/mas-de-100-familias-se-benefician-del-plan-corresponsables\\\/\",\"name\":\"Mas de 100 familias se benefician del Plan Corresponsables - MI Ayuntamiento de Caudete\",\"isPartOf\":{\"@id\":\"https:\\\/\\\/www.caudete.org\\\/ayuntamiento\\\/#website\"},\"primaryImageOfPage\":{\"@id\":\"https:\\\/\\\/www.caudete.org\\\/ayuntamiento\\\/mas-de-100-familias-se-benefician-del-plan-corresponsables\\\/#primaryimage\"},\"image\":{\"@id\":\"https:\\\/\\\/www.caudete.org\\\/ayuntamiento\\\/mas-de-100-familias-se-benefician-del-plan-corresponsables\\\/#primaryimage\"},\"thumbnailUrl\":\"https:\\\/\\\/www.caudete.org\\\/ayuntamiento\\\/wp-content\\\/uploads\\\/2024\\\/07\\\/FIN-DE-CURSO-CORRESPONSALBE-2324.jpg\",\"datePublished\":\"2024-07-01T08:06:43+00:00\",\"dateModified\":\"2024-07-01T10:58:35+00:00\",\"description\":\"P\u00e1gina Oficial del Ayuntamiento de Caudete (Albacete)\",\"breadcrumb\":{\"@id\":\"https:\\\/\\\/www.caudete.org\\\/ayuntamiento\\\/mas-de-100-familias-se-benefician-del-plan-corresponsables\\\/#breadcrumb\"},\"inLanguage\":\"es\",\"potentialAction\":[{\"@type\":\"ReadAction\",\"target\":[\"https:\\\/\\\/www.caudete.org\\\/ayuntamiento\\\/mas-de-100-familias-se-benefician-del-plan-corresponsables\\\/\"]}]},{\"@type\":\"ImageObject\",\"inLanguage\":\"es\",\"@id\":\"https:\\\/\\\/www.caudete.org\\\/ayuntamiento\\\/mas-de-100-familias-se-benefician-del-plan-corresponsables\\\/#primaryimage\",\"url\":\"https:\\\/\\\/www.caudete.org\\\/ayuntamiento\\\/wp-content\\\/uploads\\\/2024\\\/07\\\/FIN-DE-CURSO-CORRESPONSALBE-2324.jpg\",\"contentUrl\":\"https:\\\/\\\/www.caudete.org\\\/ayuntamiento\\\/wp-content\\\/uploads\\\/2024\\\/07\\\/FIN-DE-CURSO-CORRESPONSALBE-2324.jpg\",\"width\":1536,\"height\":1152},{\"@type\":\"BreadcrumbList\",\"@id\":\"https:\\\/\\\/www.caudete.org\\\/ayuntamiento\\\/mas-de-100-familias-se-benefician-del-plan-corresponsables\\\/#breadcrumb\",\"itemListElement\":[{\"@type\":\"ListItem\",\"position\":1,\"name\":\"Inicio\",\"item\":\"https:\\\/\\\/www.caudete.org\\\/ayuntamiento\\\/\"},{\"@type\":\"ListItem\",\"position\":2,\"name\":\"Mas de 100 familias se benefician del Plan Corresponsables\"}]},{\"@type\":\"WebSite\",\"@id\":\"https:\\\/\\\/www.caudete.org\\\/ayuntamiento\\\/#website\",\"url\":\"https:\\\/\\\/www.caudete.org\\\/ayuntamiento\\\/\",\"name\":\"MI Ayuntamiento de Caudete\",\"description\":\"P\u00e1gina Oficial del MI Ayuntamiento de Caudete\",\"publisher\":{\"@id\":\"https:\\\/\\\/www.caudete.org\\\/ayuntamiento\\\/#organization\"},\"potentialAction\":[{\"@type\":\"SearchAction\",\"target\":{\"@type\":\"EntryPoint\",\"urlTemplate\":\"https:\\\/\\\/www.caudete.org\\\/ayuntamiento\\\/?s={search_term_string}\"},\"query-input\":{\"@type\":\"PropertyValueSpecification\",\"valueRequired\":true,\"valueName\":\"search_term_string\"}}],\"inLanguage\":\"es\"},{\"@type\":\"Organization\",\"@id\":\"https:\\\/\\\/www.caudete.org\\\/ayuntamiento\\\/#organization\",\"name\":\"Ayuntamiento de Caudete\",\"url\":\"https:\\\/\\\/www.caudete.org\\\/ayuntamiento\\\/\",\"logo\":{\"@type\":\"ImageObject\",\"inLanguage\":\"es\",\"@id\":\"https:\\\/\\\/www.caudete.org\\\/ayuntamiento\\\/#\\\/schema\\\/logo\\\/image\\\/\",\"url\":\"https:\\\/\\\/www.caudete.org\\\/ayuntamiento\\\/wp-content\\\/uploads\\\/2020\\\/11\\\/logo_ayuntamiento_caudete.jpg\",\"contentUrl\":\"https:\\\/\\\/www.caudete.org\\\/ayuntamiento\\\/wp-content\\\/uploads\\\/2020\\\/11\\\/logo_ayuntamiento_caudete.jpg\",\"width\":600,\"height\":150,\"caption\":\"Ayuntamiento de Caudete\"},\"image\":{\"@id\":\"https:\\\/\\\/www.caudete.org\\\/ayuntamiento\\\/#\\\/schema\\\/logo\\\/image\\\/\"},\"sameAs\":[\"https:\\\/\\\/www.facebook.com\\\/ayuntamientocaudete\\\/\",\"https:\\\/\\\/www.youtube.com\\\/channel\\\/UC6VztHaooNsGpw-tNoBEFnQ\"]},{\"@type\":\"Person\",\"@id\":\"https:\\\/\\\/www.caudete.org\\\/ayuntamiento\\\/#\\\/schema\\\/person\\\/cc646da9133078ee4d8dd47457947253\",\"name\":\"alcalde\",\"image\":{\"@type\":\"ImageObject\",\"inLanguage\":\"es\",\"@id\":\"https:\\\/\\\/secure.gravatar.com\\\/avatar\\\/84a817ba065b29ff08d666b215a215f5c79186a645ccb25b14a663d48a130f77?s=96&d=mm&r=g\",\"url\":\"https:\\\/\\\/secure.gravatar.com\\\/avatar\\\/84a817ba065b29ff08d666b215a215f5c79186a645ccb25b14a663d48a130f77?s=96&d=mm&r=g\",\"contentUrl\":\"https:\\\/\\\/secure.gravatar.com\\\/avatar\\\/84a817ba065b29ff08d666b215a215f5c79186a645ccb25b14a663d48a130f77?s=96&d=mm&r=g\",\"caption\":\"alcalde\"},\"url\":\"https:\\\/\\\/www.caudete.org\\\/ayuntamiento\\\/author\\\/alcalde\\\/\"}]}<\/script>\n<!-- \/ Yoast SEO plugin. -->","yoast_head_json":{"title":"Mas de 100 familias se benefician del Plan Corresponsables - MI Ayuntamiento de Caudete","description":"P\u00e1gina Oficial del Ayuntamiento de Caudete (Albacete)","robots":{"index":"index","follow":"follow","max-snippet":"max-snippet:-1","max-image-preview":"max-image-preview:large","max-video-preview":"max-video-preview:-1"},"canonical":"https:\/\/www.caudete.org\/ayuntamiento\/mas-de-100-familias-se-benefician-del-plan-corresponsables\/","og_locale":"es_ES","og_type":"article","og_title":"Mas de 100 familias se benefician del Plan Corresponsables - MI Ayuntamiento de Caudete","og_description":"P\u00e1gina Oficial del Ayuntamiento de Caudete (Albacete)","og_url":"https:\/\/www.caudete.org\/ayuntamiento\/mas-de-100-familias-se-benefician-del-plan-corresponsables\/","og_site_name":"MI Ayuntamiento de Caudete","article_publisher":"https:\/\/www.facebook.com\/ayuntamientocaudete\/","article_published_time":"2024-07-01T08:06:43+00:00","article_modified_time":"2024-07-01T10:58:35+00:00","og_image":[{"width":1536,"height":1152,"url":"https:\/\/www.caudete.org\/ayuntamiento\/wp-content\/uploads\/2024\/07\/FIN-DE-CURSO-CORRESPONSALBE-2324.jpg","type":"image\/jpeg"}],"author":"alcalde","twitter_card":"summary_large_image","twitter_misc":{"Escrito por":"alcalde","Tiempo de lectura":"2 minutos"},"schema":{"@context":"https:\/\/schema.org","@graph":[{"@type":"Article","@id":"https:\/\/www.caudete.org\/ayuntamiento\/mas-de-100-familias-se-benefician-del-plan-corresponsables\/#article","isPartOf":{"@id":"https:\/\/www.caudete.org\/ayuntamiento\/mas-de-100-familias-se-benefician-del-plan-corresponsables\/"},"author":{"name":"alcalde","@id":"https:\/\/www.caudete.org\/ayuntamiento\/#\/schema\/person\/cc646da9133078ee4d8dd47457947253"},"headline":"Mas de 100 familias se benefician del Plan Corresponsables","datePublished":"2024-07-01T08:06:43+00:00","dateModified":"2024-07-01T10:58:35+00:00","mainEntityOfPage":{"@id":"https:\/\/www.caudete.org\/ayuntamiento\/mas-de-100-familias-se-benefician-del-plan-corresponsables\/"},"wordCount":425,"publisher":{"@id":"https:\/\/www.caudete.org\/ayuntamiento\/#organization"},"image":{"@id":"https:\/\/www.caudete.org\/ayuntamiento\/mas-de-100-familias-se-benefician-del-plan-corresponsables\/#primaryimage"},"thumbnailUrl":"https:\/\/www.caudete.org\/ayuntamiento\/wp-content\/uploads\/2024\/07\/FIN-DE-CURSO-CORRESPONSALBE-2324.jpg","articleSection":["Igualdad"],"inLanguage":"es"},{"@type":"WebPage","@id":"https:\/\/www.caudete.org\/ayuntamiento\/mas-de-100-familias-se-benefician-del-plan-corresponsables\/","url":"https:\/\/www.caudete.org\/ayuntamiento\/mas-de-100-familias-se-benefician-del-plan-corresponsables\/","name":"Mas de 100 familias se benefician del Plan Corresponsables - MI Ayuntamiento de Caudete","isPartOf":{"@id":"https:\/\/www.caudete.org\/ayuntamiento\/#website"},"primaryImageOfPage":{"@id":"https:\/\/www.caudete.org\/ayuntamiento\/mas-de-100-familias-se-benefician-del-plan-corresponsables\/#primaryimage"},"image":{"@id":"https:\/\/www.caudete.org\/ayuntamiento\/mas-de-100-familias-se-benefician-del-plan-corresponsables\/#primaryimage"},"thumbnailUrl":"https:\/\/www.caudete.org\/ayuntamiento\/wp-content\/uploads\/2024\/07\/FIN-DE-CURSO-CORRESPONSALBE-2324.jpg","datePublished":"2024-07-01T08:06:43+00:00","dateModified":"2024-07-01T10:58:35+00:00","description":"P\u00e1gina Oficial del Ayuntamiento de Caudete (Albacete)","breadcrumb":{"@id":"https:\/\/www.caudete.org\/ayuntamiento\/mas-de-100-familias-se-benefician-del-plan-corresponsables\/#breadcrumb"},"inLanguage":"es","potentialAction":[{"@type":"ReadAction","target":["https:\/\/www.caudete.org\/ayuntamiento\/mas-de-100-familias-se-benefician-del-plan-corresponsables\/"]}]},{"@type":"ImageObject","inLanguage":"es","@id":"https:\/\/www.caudete.org\/ayuntamiento\/mas-de-100-familias-se-benefician-del-plan-corresponsables\/#primaryimage","url":"https:\/\/www.caudete.org\/ayuntamiento\/wp-content\/uploads\/2024\/07\/FIN-DE-CURSO-CORRESPONSALBE-2324.jpg","contentUrl":"https:\/\/www.caudete.org\/ayuntamiento\/wp-content\/uploads\/2024\/07\/FIN-DE-CURSO-CORRESPONSALBE-2324.jpg","width":1536,"height":1152},{"@type":"BreadcrumbList","@id":"https:\/\/www.caudete.org\/ayuntamiento\/mas-de-100-familias-se-benefician-del-plan-corresponsables\/#breadcrumb","itemListElement":[{"@type":"ListItem","position":1,"name":"Inicio","item":"https:\/\/www.caudete.org\/ayuntamiento\/"},{"@type":"ListItem","position":2,"name":"Mas de 100 familias se benefician del Plan Corresponsables"}]},{"@type":"WebSite","@id":"https:\/\/www.caudete.org\/ayuntamiento\/#website","url":"https:\/\/www.caudete.org\/ayuntamiento\/","name":"MI Ayuntamiento de Caudete","description":"P\u00e1gina Oficial del MI Ayuntamiento de Caudete","publisher":{"@id":"https:\/\/www.caudete.org\/ayuntamiento\/#organization"},"potentialAction":[{"@type":"SearchAction","target":{"@type":"EntryPoint","urlTemplate":"https:\/\/www.caudete.org\/ayuntamiento\/?s={search_term_string}"},"query-input":{"@type":"PropertyValueSpecification","valueRequired":true,"valueName":"search_term_string"}}],"inLanguage":"es"},{"@type":"Organization","@id":"https:\/\/www.caudete.org\/ayuntamiento\/#organization","name":"Ayuntamiento de Caudete","url":"https:\/\/www.caudete.org\/ayuntamiento\/","logo":{"@type":"ImageObject","inLanguage":"es","@id":"https:\/\/www.caudete.org\/ayuntamiento\/#\/schema\/logo\/image\/","url":"https:\/\/www.caudete.org\/ayuntamiento\/wp-content\/uploads\/2020\/11\/logo_ayuntamiento_caudete.jpg","contentUrl":"https:\/\/www.caudete.org\/ayuntamiento\/wp-content\/uploads\/2020\/11\/logo_ayuntamiento_caudete.jpg","width":600,"height":150,"caption":"Ayuntamiento de Caudete"},"image":{"@id":"https:\/\/www.caudete.org\/ayuntamiento\/#\/schema\/logo\/image\/"},"sameAs":["https:\/\/www.facebook.com\/ayuntamientocaudete\/","https:\/\/www.youtube.com\/channel\/UC6VztHaooNsGpw-tNoBEFnQ"]},{"@type":"Person","@id":"https:\/\/www.caudete.org\/ayuntamiento\/#\/schema\/person\/cc646da9133078ee4d8dd47457947253","name":"alcalde","image":{"@type":"ImageObject","inLanguage":"es","@id":"https:\/\/secure.gravatar.com\/avatar\/84a817ba065b29ff08d666b215a215f5c79186a645ccb25b14a663d48a130f77?s=96&d=mm&r=g","url":"https:\/\/secure.gravatar.com\/avatar\/84a817ba065b29ff08d666b215a215f5c79186a645ccb25b14a663d48a130f77?s=96&d=mm&r=g","contentUrl":"https:\/\/secure.gravatar.com\/avatar\/84a817ba065b29ff08d666b215a215f5c79186a645ccb25b14a663d48a130f77?s=96&d=mm&r=g","caption":"alcalde"},"url":"https:\/\/www.caudete.org\/ayuntamiento\/author\/alcalde\/"}]}},"_links":{"self":[{"href":"https:\/\/www.caudete.org\/ayuntamiento\/wp-json\/wp\/v2\/posts\/25572","targetHints":{"allow":["GET"]}}],"collection":[{"href":"https:\/\/www.caudete.org\/ayuntamiento\/wp-json\/wp\/v2\/posts"}],"about":[{"href":"https:\/\/www.caudete.org\/ayuntamiento\/wp-json\/wp\/v2\/types\/post"}],"author":[{"embeddable":true,"href":"https:\/\/www.caudete.org\/ayuntamiento\/wp-json\/wp\/v2\/users\/3"}],"replies":[{"embeddable":true,"href":"https:\/\/www.caudete.org\/ayuntamiento\/wp-json\/wp\/v2\/comments?post=25572"}],"version-history":[{"count":2,"href":"https:\/\/www.caudete.org\/ayuntamiento\/wp-json\/wp\/v2\/posts\/25572\/revisions"}],"predecessor-version":[{"id":25576,"href":"https:\/\/www.caudete.org\/ayuntamiento\/wp-json\/wp\/v2\/posts\/25572\/revisions\/25576"}],"wp:featuredmedia":[{"embeddable":true,"href":"https:\/\/www.caudete.org\/ayuntamiento\/wp-json\/wp\/v2\/media\/25573"}],"wp:attachment":[{"href":"https:\/\/www.caudete.org\/ayuntamiento\/wp-json\/wp\/v2\/media?parent=25572"}],"wp:term":[{"taxonomy":"category","embeddable":true,"href":"https:\/\/www.caudete.org\/ayuntamiento\/wp-json\/wp\/v2\/categories?post=25572"},{"taxonomy":"post_tag","embeddable":true,"href":"https:\/\/www.caudete.org\/ayuntamiento\/wp-json\/wp\/v2\/tags?post=25572"}],"curies":[{"name":"wp","href":"https:\/\/api.w.org\/{rel}","templated":true}]}}