{"id":25640,"date":"2024-07-12T20:38:36","date_gmt":"2024-07-12T18:38:36","guid":{"rendered":"https:\/\/www.caudete.org\/ayuntamiento\/?p=25640"},"modified":"2024-07-12T20:45:25","modified_gmt":"2024-07-12T18:45:25","slug":"el-alcalde-pide-tranquilidad-con-el-proyecto-de-biogas-aclara-dudas-y-rebate-los-bulos-creados","status":"publish","type":"post","link":"https:\/\/www.caudete.org\/ayuntamiento\/el-alcalde-pide-tranquilidad-con-el-proyecto-de-biogas-aclara-dudas-y-rebate-los-bulos-creados\/","title":{"rendered":"El Alcalde pide tranquilidad con el proyecto de Biog\u00e1s, aclara dudas y rebate los bulos creados"},"content":{"rendered":"<p><a href=\"https:\/\/www.caudete.org\/ayuntamiento\/wp-content\/uploads\/2024\/07\/WhatsApp-Image-2024-07-10-at-14.19.10.jpeg\" rel='prettyPhoto'><img fetchpriority=\"high\" decoding=\"async\" class=\"alignnone wp-image-25642 size-full\" src=\"https:\/\/www.caudete.org\/ayuntamiento\/wp-content\/uploads\/2024\/07\/WhatsApp-Image-2024-07-10-at-14.19.10.jpeg\" alt=\"\" width=\"1158\" height=\"729\" srcset=\"https:\/\/www.caudete.org\/ayuntamiento\/wp-content\/uploads\/2024\/07\/WhatsApp-Image-2024-07-10-at-14.19.10.jpeg 1158w, https:\/\/www.caudete.org\/ayuntamiento\/wp-content\/uploads\/2024\/07\/WhatsApp-Image-2024-07-10-at-14.19.10-300x189.jpeg 300w, https:\/\/www.caudete.org\/ayuntamiento\/wp-content\/uploads\/2024\/07\/WhatsApp-Image-2024-07-10-at-14.19.10-1024x645.jpeg 1024w, https:\/\/www.caudete.org\/ayuntamiento\/wp-content\/uploads\/2024\/07\/WhatsApp-Image-2024-07-10-at-14.19.10-768x483.jpeg 768w\" sizes=\"(max-width: 1158px) 100vw, 1158px\" \/><\/a><\/p>\n<p style=\"text-align: justify;\">En la tarde ayer, el Alcalde Mois\u00e9s L\u00f3pez comparec\u00eda en la Sala de Prensa para pedir a los caudetanos tranquilidad acerca del proyecto de Biog\u00e1s que la empresa Ric Energy ha solicitado instalar en el municipio, ante los bulos y miedos que tanto la oposici\u00f3n como determinados grupos sociales est\u00e1n generando.<\/p>\n<p style=\"text-align: justify;\">En primer lugar, destacaba que el Gobierno Municipal que encabeza quiere lo mejor para Caudete y sus gentes, como lo es el bienestar y el progreso del municipio, y para ello, trabajan para hacer realidad la instalaci\u00f3n de empresas. Empresas, que cumplan con la normativa urban\u00edstica y ambiental, y por tanto, empresas\u00a0 que generen empleo, riqueza y sinergias que permitan\u00a0 a su vez el impulso industrial de Caudete.<\/p>\n<p style=\"text-align: justify;\">Respecto a la planta de Biog\u00e1s, recordaba que en estos momentos est\u00e1 en fase de estudio por la JCCM para su autorizaci\u00f3n ambiental, tr\u00e1mite preceptivo y vinculante, por lo que si el Gobierno Regional decide no autorizarla, la planta de Biog\u00e1s no se instalar\u00e1, pero si por el contrario autoriza su instalaci\u00f3n porque cumple con los requisitos normativos, el Ayuntamiento tendr\u00eda que dar continuidad a su tramitaci\u00f3n, y no cabr\u00eda anulaci\u00f3n, al tener las garant\u00edas de cumplir con la normativa vigente medioambiental y urban\u00edstica.<\/p>\n<p style=\"text-align: justify;\">La presentaci\u00f3n llevada a cabo hace 3 semanas en la Sala de Prensa del Ayuntamiento, fue solicitada por el Equipo de Gobierno, para que Caudete conociera de primera mano, mediante la presencia de los representantes pol\u00edticos y empresarios del municipio el proyecto, acto grabado por la tv local y emitido durante al menos una semana para el mayor conocimiento de la poblaci\u00f3n. Un acto de transparencia absoluta, mientras la JCCM estudia el proyecto, a lo que ha dado continuidad al menos una entrevista de m\u00e1s de 20minutos con el director del proyecto, quien explica todos los pormenores.<\/p>\n<p style=\"text-align: justify;\">Explicaba adem\u00e1s, que ante el bulo de la generaci\u00f3n de olores, tal circunstancia en la planta de Caudete no se producir\u00eda, al no tener balsa a cielo abierto para el digestato, siendo este almacenado en tanque estanco dentro de la propia instalaci\u00f3n, tal y como figura en el proyecto que obra en poder en la JCCM. Por tanto, la poblaci\u00f3n ha de que estar tranquila con este extremo, desmintiendo as\u00ed el bulo de la instalaci\u00f3n de una supuesta balsa en paraje de Hoya Hermosa. Sobre olores, a\u00f1ad\u00eda, seg\u00fan le trasladaba la empresa, tampoco se generar\u00edan a la llegada de los residuos a la planta, al producirse la descarga y almacenamiento sobre nave cerrada, y en silos; siendo el transporte por carretera mediante camiones cisterna, los cuales son estancos. No obstante, la promotora les ha hecho llegar la noticia de que van a aportar, de motu propio, un estudio de olores de las instalaciones.<\/p>\n<p style=\"text-align: justify;\">En cuanto a vertidos, informaba que los generados son almacenados y tratados por agente autorizado, por lo que no vierten ni a la red municipal, ni al terreno, y todas las instalaciones cuentan con sistemas de seguridad para evitar accidentes. En el mismo sentido, sobre emisiones, se proyecta la planta conforme a lo establecido en la normativa ambiental vigente.<\/p>\n<p style=\"text-align: justify;\">Sobre el origen de los residuos, trasladaba que la empresa le hab\u00eda comunicado que al menos del 75% de las 60.000 Tm anuales son de origen local, seg\u00fan preacuerdo con diferentes empresas, es decir, que proceden del mismo municipio, de Caudete, cuyo porcentaje aun puede elevarse, de forma que los residuos que no sean de Caudete, a priori, ser\u00edan m\u00ednimos. Insist\u00eda el Primer Edil en la conciencia de la cantidad de residuos que generamos como sociedad, y de la necesidad y responsabilidad de tratarlos, porque se escucha que Caudete no tiene por qu\u00e9 recibir residuos de otras zonas pero estamos aplicando que los residuos de Caudete se los coman otras localidades.<\/p>\n<p style=\"text-align: justify;\">Sobre el empleo del gas generado, el equivalente al consumido por 4.500 familias, la empresa podr\u00e1 bien verterlo a la red de gas que atraviesa la zona industrial, para su uso por los consumidores, o derivarlo directamente para su uso por las industrias del PTEC. Ello supondr\u00eda dar un paso firme en la independencia energ\u00e9tica en nuestro municipio para el PTEC, y contribuir de verdad, a la sostenibilidad del medio ambiente aplicando la econom\u00eda circular de forma directa.<\/p>\n<p style=\"text-align: justify;\">Adem\u00e1s, analizaba la estrategia que los diferentes grupos de la oposici\u00f3n est\u00e1n lanzando entre la ciudadan\u00eda, a lo que entiende que siendo \u00e9stos conscientes de la realidad, est\u00e1n dividiendo y polarizando a los caudetanos, jugando con el raciocinio y aplicando miedo sobre una cuesti\u00f3n como es el Biog\u00e1s, apoyada e impulsada por el Gobierno de Espa\u00f1a, y la regi\u00f3n de Castilla La Mancha.<\/p>\n<p style=\"text-align: justify;\">De hecho, recordaba que el actual Gobierno de Espa\u00f1a tiene aprobada la &#8220;Hoja de Ruta del Biog\u00e1s&#8221; dentro del Plan Nacional integrado de la Energ\u00eda y Clima 2021-2030&#8243;, y el Gobierno Regional pretende que CLM sea por Decreto la primera CCAA en reforzar la generaci\u00f3n de Biog\u00e1s. Todo ello, viendo como plantas que incluso nada tienen que ver en dise\u00f1o y funcionamiento con la de Caudete, reciben no solo las autorizaciones ambientales, sino subvenciones por el Gobierno de CLM como la de Almansa por 2&#8217;5mill\u20ac, o la calificaci\u00f3n de Proyecto Prioritario la de Noez (Toledo).<\/p>\n<p style=\"text-align: justify;\">Ante ello, les propon\u00eda a los portavoces de la oposici\u00f3n, y grupos enfrentados en la causa, rigor y responsabilidad con la causa y con los caudetanos, y para contribuir a un mayor conocimiento del debate, programar un viaje para visitar diferentes plantas de Biog\u00e1s repartidas por el territorio nacional, similares a la proyectada en Caudete, como ya hizo el Alcalde, Concejal de Industria y T\u00e9cnico de Medio Ambiente en su d\u00eda. Es decir, visitar plantas que traten en torno a las 60.000 Tn\/a\u00f1o, instaladas en suelo industrial, a una distancia aproximada de 3km a la poblaci\u00f3n, sin balsas a cielo abierto de digestato, nutridas de residuos locales, y que viertan el gas a la red o a empresas pr\u00f3ximas.<\/p>\n<p>&nbsp;<\/p>\n<p><a href=\"https:\/\/www.caudete.org\/ayuntamiento\/wp-content\/uploads\/2024\/07\/3333.jpg\" rel='prettyPhoto'><img decoding=\"async\" class=\"wp-image-25645 size-full aligncenter\" src=\"https:\/\/www.caudete.org\/ayuntamiento\/wp-content\/uploads\/2024\/07\/3333.jpg\" alt=\"\" width=\"1050\" height=\"297\" srcset=\"https:\/\/www.caudete.org\/ayuntamiento\/wp-content\/uploads\/2024\/07\/3333.jpg 1050w, https:\/\/www.caudete.org\/ayuntamiento\/wp-content\/uploads\/2024\/07\/3333-300x85.jpg 300w, https:\/\/www.caudete.org\/ayuntamiento\/wp-content\/uploads\/2024\/07\/3333-1024x290.jpg 1024w, https:\/\/www.caudete.org\/ayuntamiento\/wp-content\/uploads\/2024\/07\/3333-768x217.jpg 768w\" sizes=\"(max-width: 1050px) 100vw, 1050px\" \/><\/a><\/p>\n<p style=\"text-align: center;\"><span style=\"font-size: 18pt;\"><a href=\"https:\/\/www.eldiario.es\/castilla-la-mancha\/social\/castilla-mancha-fortalecera-decreto-polemico-biogas-gestionar-15-millones-toneladas-residuos_1_11438166.html\" target=\"_blank\" rel=\"nofollow\">Consulta \u00edntegramente la noticia pinchando aqu\u00ed.<\/a><\/span><\/p>\n<p>&nbsp;<\/p>\n<p><a href=\"https:\/\/www.caudete.org\/ayuntamiento\/wp-content\/uploads\/2024\/07\/2222.png\" rel='prettyPhoto'><img decoding=\"async\" class=\"wp-image-25646 size-full aligncenter\" src=\"https:\/\/www.caudete.org\/ayuntamiento\/wp-content\/uploads\/2024\/07\/2222.png\" alt=\"\" width=\"658\" height=\"825\" srcset=\"https:\/\/www.caudete.org\/ayuntamiento\/wp-content\/uploads\/2024\/07\/2222.png 658w, https:\/\/www.caudete.org\/ayuntamiento\/wp-content\/uploads\/2024\/07\/2222-239x300.png 239w\" sizes=\"(max-width: 658px) 100vw, 658px\" \/><\/a><\/p>\n<p>&nbsp;<\/p>\n<p><a href=\"https:\/\/www.caudete.org\/ayuntamiento\/wp-content\/uploads\/2024\/07\/111.jpg\" rel='prettyPhoto'><img loading=\"lazy\" decoding=\"async\" class=\"wp-image-25647 size-full aligncenter\" src=\"https:\/\/www.caudete.org\/ayuntamiento\/wp-content\/uploads\/2024\/07\/111.jpg\" alt=\"\" width=\"515\" height=\"732\" srcset=\"https:\/\/www.caudete.org\/ayuntamiento\/wp-content\/uploads\/2024\/07\/111.jpg 515w, https:\/\/www.caudete.org\/ayuntamiento\/wp-content\/uploads\/2024\/07\/111-211x300.jpg 211w\" sizes=\"(max-width: 515px) 100vw, 515px\" \/><\/a><\/p>\n","protected":false},"excerpt":{"rendered":"<p>En la tarde ayer, el Alcalde Mois\u00e9s L\u00f3pez comparec\u00eda en la Sala de Prensa para pedir a los caudetanos tranquilidad acerca del proyecto de Biog\u00e1s que la empresa Ric Energy ha solicitado instalar en el municipio, ante los bulos y miedos que tanto la oposici\u00f3n como determinados grupos sociales est\u00e1n generando. En primer lugar, destacaba &hellip;<\/p>\n","protected":false},"author":3,"featured_media":25641,"comment_status":"closed","ping_status":"open","sticky":false,"template":"","format":"standard","meta":{"ngg_post_thumbnail":0,"footnotes":""},"categories":[851],"tags":[],"class_list":["post-25640","post","type-post","status-publish","format-standard","has-post-thumbnail","hentry","category-promocion-y-desarrollo-economico"],"yoast_head":"<!-- This site is optimized with the Yoast SEO plugin v27.4 - https:\/\/yoast.com\/product\/yoast-seo-wordpress\/ -->\n<title>El Alcalde pide tranquilidad con el proyecto de Biog\u00e1s, aclara dudas y rebate los bulos creados - MI Ayuntamiento de Caudete<\/title>\n<meta name=\"description\" content=\"P\u00e1gina Oficial del Ayuntamiento de Caudete (Albacete)\" \/>\n<meta name=\"robots\" content=\"index, follow, max-snippet:-1, max-image-preview:large, max-video-preview:-1\" \/>\n<link rel=\"canonical\" href=\"https:\/\/www.caudete.org\/ayuntamiento\/el-alcalde-pide-tranquilidad-con-el-proyecto-de-biogas-aclara-dudas-y-rebate-los-bulos-creados\/\" \/>\n<meta property=\"og:locale\" content=\"es_ES\" \/>\n<meta property=\"og:type\" content=\"article\" \/>\n<meta property=\"og:title\" content=\"El Alcalde pide tranquilidad con el proyecto de Biog\u00e1s, aclara dudas y rebate los bulos creados - MI Ayuntamiento de Caudete\" \/>\n<meta property=\"og:description\" content=\"P\u00e1gina Oficial del Ayuntamiento de Caudete (Albacete)\" \/>\n<meta property=\"og:url\" content=\"https:\/\/www.caudete.org\/ayuntamiento\/el-alcalde-pide-tranquilidad-con-el-proyecto-de-biogas-aclara-dudas-y-rebate-los-bulos-creados\/\" \/>\n<meta property=\"og:site_name\" content=\"MI Ayuntamiento de Caudete\" \/>\n<meta property=\"article:publisher\" content=\"https:\/\/www.facebook.com\/ayuntamientocaudete\/\" \/>\n<meta property=\"article:published_time\" content=\"2024-07-12T18:38:36+00:00\" \/>\n<meta property=\"article:modified_time\" content=\"2024-07-12T18:45:25+00:00\" \/>\n<meta property=\"og:image\" content=\"https:\/\/www.caudete.org\/ayuntamiento\/wp-content\/uploads\/2024\/07\/WhatsApp-Image-2024-07-11-at-12.52.22.jpeg\" \/>\n\t<meta property=\"og:image:width\" content=\"1355\" \/>\n\t<meta property=\"og:image:height\" content=\"951\" \/>\n\t<meta property=\"og:image:type\" content=\"image\/jpeg\" \/>\n<meta name=\"author\" content=\"alcalde\" \/>\n<meta name=\"twitter:card\" content=\"summary_large_image\" \/>\n<meta name=\"twitter:label1\" content=\"Escrito por\" \/>\n\t<meta name=\"twitter:data1\" content=\"alcalde\" \/>\n\t<meta name=\"twitter:label2\" content=\"Tiempo de lectura\" \/>\n\t<meta name=\"twitter:data2\" content=\"6 minutos\" \/>\n<script type=\"application\/ld+json\" class=\"yoast-schema-graph\">{\"@context\":\"https:\\\/\\\/schema.org\",\"@graph\":[{\"@type\":\"Article\",\"@id\":\"https:\\\/\\\/www.caudete.org\\\/ayuntamiento\\\/el-alcalde-pide-tranquilidad-con-el-proyecto-de-biogas-aclara-dudas-y-rebate-los-bulos-creados\\\/#article\",\"isPartOf\":{\"@id\":\"https:\\\/\\\/www.caudete.org\\\/ayuntamiento\\\/el-alcalde-pide-tranquilidad-con-el-proyecto-de-biogas-aclara-dudas-y-rebate-los-bulos-creados\\\/\"},\"author\":{\"name\":\"alcalde\",\"@id\":\"https:\\\/\\\/www.caudete.org\\\/ayuntamiento\\\/#\\\/schema\\\/person\\\/cc646da9133078ee4d8dd47457947253\"},\"headline\":\"El Alcalde pide tranquilidad con el proyecto de Biog\u00e1s, aclara dudas y rebate los bulos creados\",\"datePublished\":\"2024-07-12T18:38:36+00:00\",\"dateModified\":\"2024-07-12T18:45:25+00:00\",\"mainEntityOfPage\":{\"@id\":\"https:\\\/\\\/www.caudete.org\\\/ayuntamiento\\\/el-alcalde-pide-tranquilidad-con-el-proyecto-de-biogas-aclara-dudas-y-rebate-los-bulos-creados\\\/\"},\"wordCount\":1065,\"publisher\":{\"@id\":\"https:\\\/\\\/www.caudete.org\\\/ayuntamiento\\\/#organization\"},\"image\":{\"@id\":\"https:\\\/\\\/www.caudete.org\\\/ayuntamiento\\\/el-alcalde-pide-tranquilidad-con-el-proyecto-de-biogas-aclara-dudas-y-rebate-los-bulos-creados\\\/#primaryimage\"},\"thumbnailUrl\":\"https:\\\/\\\/www.caudete.org\\\/ayuntamiento\\\/wp-content\\\/uploads\\\/2024\\\/07\\\/WhatsApp-Image-2024-07-11-at-12.52.22.jpeg\",\"articleSection\":[\"Promoci\u00f3n y Desarrollo Econ\u00f3mico\"],\"inLanguage\":\"es\"},{\"@type\":\"WebPage\",\"@id\":\"https:\\\/\\\/www.caudete.org\\\/ayuntamiento\\\/el-alcalde-pide-tranquilidad-con-el-proyecto-de-biogas-aclara-dudas-y-rebate-los-bulos-creados\\\/\",\"url\":\"https:\\\/\\\/www.caudete.org\\\/ayuntamiento\\\/el-alcalde-pide-tranquilidad-con-el-proyecto-de-biogas-aclara-dudas-y-rebate-los-bulos-creados\\\/\",\"name\":\"El Alcalde pide tranquilidad con el proyecto de Biog\u00e1s, aclara dudas y rebate los bulos creados - MI Ayuntamiento de Caudete\",\"isPartOf\":{\"@id\":\"https:\\\/\\\/www.caudete.org\\\/ayuntamiento\\\/#website\"},\"primaryImageOfPage\":{\"@id\":\"https:\\\/\\\/www.caudete.org\\\/ayuntamiento\\\/el-alcalde-pide-tranquilidad-con-el-proyecto-de-biogas-aclara-dudas-y-rebate-los-bulos-creados\\\/#primaryimage\"},\"image\":{\"@id\":\"https:\\\/\\\/www.caudete.org\\\/ayuntamiento\\\/el-alcalde-pide-tranquilidad-con-el-proyecto-de-biogas-aclara-dudas-y-rebate-los-bulos-creados\\\/#primaryimage\"},\"thumbnailUrl\":\"https:\\\/\\\/www.caudete.org\\\/ayuntamiento\\\/wp-content\\\/uploads\\\/2024\\\/07\\\/WhatsApp-Image-2024-07-11-at-12.52.22.jpeg\",\"datePublished\":\"2024-07-12T18:38:36+00:00\",\"dateModified\":\"2024-07-12T18:45:25+00:00\",\"description\":\"P\u00e1gina Oficial del Ayuntamiento de Caudete (Albacete)\",\"breadcrumb\":{\"@id\":\"https:\\\/\\\/www.caudete.org\\\/ayuntamiento\\\/el-alcalde-pide-tranquilidad-con-el-proyecto-de-biogas-aclara-dudas-y-rebate-los-bulos-creados\\\/#breadcrumb\"},\"inLanguage\":\"es\",\"potentialAction\":[{\"@type\":\"ReadAction\",\"target\":[\"https:\\\/\\\/www.caudete.org\\\/ayuntamiento\\\/el-alcalde-pide-tranquilidad-con-el-proyecto-de-biogas-aclara-dudas-y-rebate-los-bulos-creados\\\/\"]}]},{\"@type\":\"ImageObject\",\"inLanguage\":\"es\",\"@id\":\"https:\\\/\\\/www.caudete.org\\\/ayuntamiento\\\/el-alcalde-pide-tranquilidad-con-el-proyecto-de-biogas-aclara-dudas-y-rebate-los-bulos-creados\\\/#primaryimage\",\"url\":\"https:\\\/\\\/www.caudete.org\\\/ayuntamiento\\\/wp-content\\\/uploads\\\/2024\\\/07\\\/WhatsApp-Image-2024-07-11-at-12.52.22.jpeg\",\"contentUrl\":\"https:\\\/\\\/www.caudete.org\\\/ayuntamiento\\\/wp-content\\\/uploads\\\/2024\\\/07\\\/WhatsApp-Image-2024-07-11-at-12.52.22.jpeg\",\"width\":1355,\"height\":951},{\"@type\":\"BreadcrumbList\",\"@id\":\"https:\\\/\\\/www.caudete.org\\\/ayuntamiento\\\/el-alcalde-pide-tranquilidad-con-el-proyecto-de-biogas-aclara-dudas-y-rebate-los-bulos-creados\\\/#breadcrumb\",\"itemListElement\":[{\"@type\":\"ListItem\",\"position\":1,\"name\":\"Inicio\",\"item\":\"https:\\\/\\\/www.caudete.org\\\/ayuntamiento\\\/\"},{\"@type\":\"ListItem\",\"position\":2,\"name\":\"El Alcalde pide tranquilidad con el proyecto de Biog\u00e1s, aclara dudas y rebate los bulos creados\"}]},{\"@type\":\"WebSite\",\"@id\":\"https:\\\/\\\/www.caudete.org\\\/ayuntamiento\\\/#website\",\"url\":\"https:\\\/\\\/www.caudete.org\\\/ayuntamiento\\\/\",\"name\":\"MI Ayuntamiento de Caudete\",\"description\":\"P\u00e1gina Oficial del MI Ayuntamiento de Caudete\",\"publisher\":{\"@id\":\"https:\\\/\\\/www.caudete.org\\\/ayuntamiento\\\/#organization\"},\"potentialAction\":[{\"@type\":\"SearchAction\",\"target\":{\"@type\":\"EntryPoint\",\"urlTemplate\":\"https:\\\/\\\/www.caudete.org\\\/ayuntamiento\\\/?s={search_term_string}\"},\"query-input\":{\"@type\":\"PropertyValueSpecification\",\"valueRequired\":true,\"valueName\":\"search_term_string\"}}],\"inLanguage\":\"es\"},{\"@type\":\"Organization\",\"@id\":\"https:\\\/\\\/www.caudete.org\\\/ayuntamiento\\\/#organization\",\"name\":\"Ayuntamiento de Caudete\",\"url\":\"https:\\\/\\\/www.caudete.org\\\/ayuntamiento\\\/\",\"logo\":{\"@type\":\"ImageObject\",\"inLanguage\":\"es\",\"@id\":\"https:\\\/\\\/www.caudete.org\\\/ayuntamiento\\\/#\\\/schema\\\/logo\\\/image\\\/\",\"url\":\"https:\\\/\\\/www.caudete.org\\\/ayuntamiento\\\/wp-content\\\/uploads\\\/2020\\\/11\\\/logo_ayuntamiento_caudete.jpg\",\"contentUrl\":\"https:\\\/\\\/www.caudete.org\\\/ayuntamiento\\\/wp-content\\\/uploads\\\/2020\\\/11\\\/logo_ayuntamiento_caudete.jpg\",\"width\":600,\"height\":150,\"caption\":\"Ayuntamiento de Caudete\"},\"image\":{\"@id\":\"https:\\\/\\\/www.caudete.org\\\/ayuntamiento\\\/#\\\/schema\\\/logo\\\/image\\\/\"},\"sameAs\":[\"https:\\\/\\\/www.facebook.com\\\/ayuntamientocaudete\\\/\",\"https:\\\/\\\/www.youtube.com\\\/channel\\\/UC6VztHaooNsGpw-tNoBEFnQ\"]},{\"@type\":\"Person\",\"@id\":\"https:\\\/\\\/www.caudete.org\\\/ayuntamiento\\\/#\\\/schema\\\/person\\\/cc646da9133078ee4d8dd47457947253\",\"name\":\"alcalde\",\"image\":{\"@type\":\"ImageObject\",\"inLanguage\":\"es\",\"@id\":\"https:\\\/\\\/secure.gravatar.com\\\/avatar\\\/84a817ba065b29ff08d666b215a215f5c79186a645ccb25b14a663d48a130f77?s=96&d=mm&r=g\",\"url\":\"https:\\\/\\\/secure.gravatar.com\\\/avatar\\\/84a817ba065b29ff08d666b215a215f5c79186a645ccb25b14a663d48a130f77?s=96&d=mm&r=g\",\"contentUrl\":\"https:\\\/\\\/secure.gravatar.com\\\/avatar\\\/84a817ba065b29ff08d666b215a215f5c79186a645ccb25b14a663d48a130f77?s=96&d=mm&r=g\",\"caption\":\"alcalde\"},\"url\":\"https:\\\/\\\/www.caudete.org\\\/ayuntamiento\\\/author\\\/alcalde\\\/\"}]}<\/script>\n<!-- \/ Yoast SEO plugin. -->","yoast_head_json":{"title":"El Alcalde pide tranquilidad con el proyecto de Biog\u00e1s, aclara dudas y rebate los bulos creados - MI Ayuntamiento de Caudete","description":"P\u00e1gina Oficial del Ayuntamiento de Caudete (Albacete)","robots":{"index":"index","follow":"follow","max-snippet":"max-snippet:-1","max-image-preview":"max-image-preview:large","max-video-preview":"max-video-preview:-1"},"canonical":"https:\/\/www.caudete.org\/ayuntamiento\/el-alcalde-pide-tranquilidad-con-el-proyecto-de-biogas-aclara-dudas-y-rebate-los-bulos-creados\/","og_locale":"es_ES","og_type":"article","og_title":"El Alcalde pide tranquilidad con el proyecto de Biog\u00e1s, aclara dudas y rebate los bulos creados - MI Ayuntamiento de Caudete","og_description":"P\u00e1gina Oficial del Ayuntamiento de Caudete (Albacete)","og_url":"https:\/\/www.caudete.org\/ayuntamiento\/el-alcalde-pide-tranquilidad-con-el-proyecto-de-biogas-aclara-dudas-y-rebate-los-bulos-creados\/","og_site_name":"MI Ayuntamiento de Caudete","article_publisher":"https:\/\/www.facebook.com\/ayuntamientocaudete\/","article_published_time":"2024-07-12T18:38:36+00:00","article_modified_time":"2024-07-12T18:45:25+00:00","og_image":[{"width":1355,"height":951,"url":"https:\/\/www.caudete.org\/ayuntamiento\/wp-content\/uploads\/2024\/07\/WhatsApp-Image-2024-07-11-at-12.52.22.jpeg","type":"image\/jpeg"}],"author":"alcalde","twitter_card":"summary_large_image","twitter_misc":{"Escrito por":"alcalde","Tiempo de lectura":"6 minutos"},"schema":{"@context":"https:\/\/schema.org","@graph":[{"@type":"Article","@id":"https:\/\/www.caudete.org\/ayuntamiento\/el-alcalde-pide-tranquilidad-con-el-proyecto-de-biogas-aclara-dudas-y-rebate-los-bulos-creados\/#article","isPartOf":{"@id":"https:\/\/www.caudete.org\/ayuntamiento\/el-alcalde-pide-tranquilidad-con-el-proyecto-de-biogas-aclara-dudas-y-rebate-los-bulos-creados\/"},"author":{"name":"alcalde","@id":"https:\/\/www.caudete.org\/ayuntamiento\/#\/schema\/person\/cc646da9133078ee4d8dd47457947253"},"headline":"El Alcalde pide tranquilidad con el proyecto de Biog\u00e1s, aclara dudas y rebate los bulos creados","datePublished":"2024-07-12T18:38:36+00:00","dateModified":"2024-07-12T18:45:25+00:00","mainEntityOfPage":{"@id":"https:\/\/www.caudete.org\/ayuntamiento\/el-alcalde-pide-tranquilidad-con-el-proyecto-de-biogas-aclara-dudas-y-rebate-los-bulos-creados\/"},"wordCount":1065,"publisher":{"@id":"https:\/\/www.caudete.org\/ayuntamiento\/#organization"},"image":{"@id":"https:\/\/www.caudete.org\/ayuntamiento\/el-alcalde-pide-tranquilidad-con-el-proyecto-de-biogas-aclara-dudas-y-rebate-los-bulos-creados\/#primaryimage"},"thumbnailUrl":"https:\/\/www.caudete.org\/ayuntamiento\/wp-content\/uploads\/2024\/07\/WhatsApp-Image-2024-07-11-at-12.52.22.jpeg","articleSection":["Promoci\u00f3n y Desarrollo Econ\u00f3mico"],"inLanguage":"es"},{"@type":"WebPage","@id":"https:\/\/www.caudete.org\/ayuntamiento\/el-alcalde-pide-tranquilidad-con-el-proyecto-de-biogas-aclara-dudas-y-rebate-los-bulos-creados\/","url":"https:\/\/www.caudete.org\/ayuntamiento\/el-alcalde-pide-tranquilidad-con-el-proyecto-de-biogas-aclara-dudas-y-rebate-los-bulos-creados\/","name":"El Alcalde pide tranquilidad con el proyecto de Biog\u00e1s, aclara dudas y rebate los bulos creados - MI Ayuntamiento de Caudete","isPartOf":{"@id":"https:\/\/www.caudete.org\/ayuntamiento\/#website"},"primaryImageOfPage":{"@id":"https:\/\/www.caudete.org\/ayuntamiento\/el-alcalde-pide-tranquilidad-con-el-proyecto-de-biogas-aclara-dudas-y-rebate-los-bulos-creados\/#primaryimage"},"image":{"@id":"https:\/\/www.caudete.org\/ayuntamiento\/el-alcalde-pide-tranquilidad-con-el-proyecto-de-biogas-aclara-dudas-y-rebate-los-bulos-creados\/#primaryimage"},"thumbnailUrl":"https:\/\/www.caudete.org\/ayuntamiento\/wp-content\/uploads\/2024\/07\/WhatsApp-Image-2024-07-11-at-12.52.22.jpeg","datePublished":"2024-07-12T18:38:36+00:00","dateModified":"2024-07-12T18:45:25+00:00","description":"P\u00e1gina Oficial del Ayuntamiento de Caudete (Albacete)","breadcrumb":{"@id":"https:\/\/www.caudete.org\/ayuntamiento\/el-alcalde-pide-tranquilidad-con-el-proyecto-de-biogas-aclara-dudas-y-rebate-los-bulos-creados\/#breadcrumb"},"inLanguage":"es","potentialAction":[{"@type":"ReadAction","target":["https:\/\/www.caudete.org\/ayuntamiento\/el-alcalde-pide-tranquilidad-con-el-proyecto-de-biogas-aclara-dudas-y-rebate-los-bulos-creados\/"]}]},{"@type":"ImageObject","inLanguage":"es","@id":"https:\/\/www.caudete.org\/ayuntamiento\/el-alcalde-pide-tranquilidad-con-el-proyecto-de-biogas-aclara-dudas-y-rebate-los-bulos-creados\/#primaryimage","url":"https:\/\/www.caudete.org\/ayuntamiento\/wp-content\/uploads\/2024\/07\/WhatsApp-Image-2024-07-11-at-12.52.22.jpeg","contentUrl":"https:\/\/www.caudete.org\/ayuntamiento\/wp-content\/uploads\/2024\/07\/WhatsApp-Image-2024-07-11-at-12.52.22.jpeg","width":1355,"height":951},{"@type":"BreadcrumbList","@id":"https:\/\/www.caudete.org\/ayuntamiento\/el-alcalde-pide-tranquilidad-con-el-proyecto-de-biogas-aclara-dudas-y-rebate-los-bulos-creados\/#breadcrumb","itemListElement":[{"@type":"ListItem","position":1,"name":"Inicio","item":"https:\/\/www.caudete.org\/ayuntamiento\/"},{"@type":"ListItem","position":2,"name":"El Alcalde pide tranquilidad con el proyecto de Biog\u00e1s, aclara dudas y rebate los bulos creados"}]},{"@type":"WebSite","@id":"https:\/\/www.caudete.org\/ayuntamiento\/#website","url":"https:\/\/www.caudete.org\/ayuntamiento\/","name":"MI Ayuntamiento de Caudete","description":"P\u00e1gina Oficial del MI Ayuntamiento de Caudete","publisher":{"@id":"https:\/\/www.caudete.org\/ayuntamiento\/#organization"},"potentialAction":[{"@type":"SearchAction","target":{"@type":"EntryPoint","urlTemplate":"https:\/\/www.caudete.org\/ayuntamiento\/?s={search_term_string}"},"query-input":{"@type":"PropertyValueSpecification","valueRequired":true,"valueName":"search_term_string"}}],"inLanguage":"es"},{"@type":"Organization","@id":"https:\/\/www.caudete.org\/ayuntamiento\/#organization","name":"Ayuntamiento de Caudete","url":"https:\/\/www.caudete.org\/ayuntamiento\/","logo":{"@type":"ImageObject","inLanguage":"es","@id":"https:\/\/www.caudete.org\/ayuntamiento\/#\/schema\/logo\/image\/","url":"https:\/\/www.caudete.org\/ayuntamiento\/wp-content\/uploads\/2020\/11\/logo_ayuntamiento_caudete.jpg","contentUrl":"https:\/\/www.caudete.org\/ayuntamiento\/wp-content\/uploads\/2020\/11\/logo_ayuntamiento_caudete.jpg","width":600,"height":150,"caption":"Ayuntamiento de Caudete"},"image":{"@id":"https:\/\/www.caudete.org\/ayuntamiento\/#\/schema\/logo\/image\/"},"sameAs":["https:\/\/www.facebook.com\/ayuntamientocaudete\/","https:\/\/www.youtube.com\/channel\/UC6VztHaooNsGpw-tNoBEFnQ"]},{"@type":"Person","@id":"https:\/\/www.caudete.org\/ayuntamiento\/#\/schema\/person\/cc646da9133078ee4d8dd47457947253","name":"alcalde","image":{"@type":"ImageObject","inLanguage":"es","@id":"https:\/\/secure.gravatar.com\/avatar\/84a817ba065b29ff08d666b215a215f5c79186a645ccb25b14a663d48a130f77?s=96&d=mm&r=g","url":"https:\/\/secure.gravatar.com\/avatar\/84a817ba065b29ff08d666b215a215f5c79186a645ccb25b14a663d48a130f77?s=96&d=mm&r=g","contentUrl":"https:\/\/secure.gravatar.com\/avatar\/84a817ba065b29ff08d666b215a215f5c79186a645ccb25b14a663d48a130f77?s=96&d=mm&r=g","caption":"alcalde"},"url":"https:\/\/www.caudete.org\/ayuntamiento\/author\/alcalde\/"}]}},"_links":{"self":[{"href":"https:\/\/www.caudete.org\/ayuntamiento\/wp-json\/wp\/v2\/posts\/25640","targetHints":{"allow":["GET"]}}],"collection":[{"href":"https:\/\/www.caudete.org\/ayuntamiento\/wp-json\/wp\/v2\/posts"}],"about":[{"href":"https:\/\/www.caudete.org\/ayuntamiento\/wp-json\/wp\/v2\/types\/post"}],"author":[{"embeddable":true,"href":"https:\/\/www.caudete.org\/ayuntamiento\/wp-json\/wp\/v2\/users\/3"}],"replies":[{"embeddable":true,"href":"https:\/\/www.caudete.org\/ayuntamiento\/wp-json\/wp\/v2\/comments?post=25640"}],"version-history":[{"count":3,"href":"https:\/\/www.caudete.org\/ayuntamiento\/wp-json\/wp\/v2\/posts\/25640\/revisions"}],"predecessor-version":[{"id":25648,"href":"https:\/\/www.caudete.org\/ayuntamiento\/wp-json\/wp\/v2\/posts\/25640\/revisions\/25648"}],"wp:featuredmedia":[{"embeddable":true,"href":"https:\/\/www.caudete.org\/ayuntamiento\/wp-json\/wp\/v2\/media\/25641"}],"wp:attachment":[{"href":"https:\/\/www.caudete.org\/ayuntamiento\/wp-json\/wp\/v2\/media?parent=25640"}],"wp:term":[{"taxonomy":"category","embeddable":true,"href":"https:\/\/www.caudete.org\/ayuntamiento\/wp-json\/wp\/v2\/categories?post=25640"},{"taxonomy":"post_tag","embeddable":true,"href":"https:\/\/www.caudete.org\/ayuntamiento\/wp-json\/wp\/v2\/tags?post=25640"}],"curies":[{"name":"wp","href":"https:\/\/api.w.org\/{rel}","templated":true}]}}